{"id":125917,"date":"2022-02-01T12:26:57","date_gmt":"2022-02-01T18:26:57","guid":{"rendered":"https:\/\/centrourbano.com\/?p=125917"},"modified":"2022-02-01T12:26:57","modified_gmt":"2022-02-01T18:26:57","slug":"emplacar-en-cdmx-proporcionara-mayores-ventajas-a-los-capitalinos","status":"publish","type":"post","link":"https:\/\/centrourbano.com\/revista\/urbanismo\/emplacar-en-cdmx-proporcionara-mayores-ventajas-a-los-capitalinos\/","title":{"rendered":"Emplacar en CDMX proporcionar\u00e1 mayores ventajas a los capitalinos"},"content":{"rendered":"<p><em>El 82% de las personas que emplacaron su auto en CDMX \u00fanicamente pagan el refrendo vehicular durante el a\u00f1o<\/em><!--more--><\/p>\n<p>La jefa de gobierno de la Ciudad de M\u00e9xico, <a href=\"https:\/\/twitter.com\/Claudiashein\" target=\"_blank\" rel=\"noopener\">Claudia Sheinbaum Pardo<\/a>, realiz\u00f3 un llamado a emplacar o reemplacar en la CDMX. Esto, debido a que una de sus particulares ventajas ser\u00e1 proporcionar mayor seguridad a los usuarios en caso de sufrir delitos, ya que, con la placa de la capital ser\u00e1 m\u00e1s f\u00e1cil su rastreo.<\/p>\n<p>Bajo esta premisa, se llev\u00f3 a cabo la firma de un convenio de colaboraci\u00f3n con las asociaciones Mexicana de Distribuidores de Automotores A.C. (AMDA). Sumado a ello, el gobierno extendi\u00f3 el trato con Mexicana de Arrendadoras de Veh\u00edculos A.C. (AMAVE) y Mexicana de Sociedades Financieras de Arrendamiento, Cr\u00e9dito y Factoraje (AMSOFAC).<\/p>\n<p>&nbsp;<\/p>\n<p><em><span style=\"font-size: 12pt;\">Te podr\u00eda interesar: <\/span><a href=\"https:\/\/centrourbano.com\/urbanismo\/sheinbaum-movilidad-infraestructura\/\" target=\"_blank\" rel=\"noopener\"><span style=\"font-size: 12pt;\">Anuncia Sheinbaum acciones de movilidad e infraestructura para 2022<\/span><\/a><\/em><\/p>\n<p>&nbsp;<\/p>\n<p>El objetivo principal es lanzar la campa\u00f1a \u201cEmplaca tu veh\u00edculo en la Ciudad de M\u00e9xico, r\u00e1pido y f\u00e1cil\u201d. \u00c9ste proporcionar\u00e1 facilidades a todos los que posean un veh\u00edculo particular o adquieran uno durante el a\u00f1o.<\/p>\n<p>Asimismo, otra de las ventajas ser\u00e1 que la tenencia generar\u00e1 un gasto menor a lo largo de la vida \u00fatil del auto. Mientras que las empresas que adquieran o renten autor para ser utilizados en otros estados, el convenio les exenta de emplacar en la ciudad.<\/p>\n<p>A partir de febrero se podr\u00e1 realizar el tr\u00e1mite en l\u00ednea y solo se deber\u00e1 acudir al m\u00f3dulo que se elija para su recolecci\u00f3n. Debido a que se redujeron en un 50% los requisitos de obtenci\u00f3n.<\/p>\n<p>Del mismo modo, se mantendr\u00e1 el incentivo del pago para tenencia vehicular de personas f\u00edsicas o morales sin fines de lucro. El cual aplica en veh\u00edculos que no excedan un valor de 250,000 pesos con iva incluido.<\/p>\n<h2>82% de los capitalinos solo pagan referendo vehicular<\/h2>\n<p>Por su parte, la secretaria de Administraci\u00f3n y Finanzas, Luz Elena Gonz\u00e1lez Escobar, asegur\u00f3 que el convenio simplificar\u00e1 el emplacamiento de veh\u00edculos. En este marco las agencias automotrices utilizar\u00e1n un sistema de alta vehicular que facilitar\u00e1 el proceso de alta. Sumado a ello, los ciudadanos podr\u00e1n realizar su pago sin dificultad y una vez registrado podr\u00e1n acudir con o sin cita a los m\u00f3dulos de la Secretar\u00eda de Movilidad. Finalmente, en menos de 30 se les entregar\u00e1 la placa.<\/p>\n<p>Asimismo, asegur\u00f3 que es falsa la creencia de que la Tenencia en la Ciudad de M\u00e9xico es m\u00e1s alta. Debido a que el 82% de las personas que poseen un veh\u00edculo particular \u00fanicamente pagan el refrendo vehicular en el a\u00f1o. \u00a0Ya que, el calcul\u00f3 para acceder al beneficio es la depreciaci\u00f3n anual del autom\u00f3vil.<\/p>\n<p>Ejemplo de ello son los autos de 600,000 pesos pagar\u00e1n en los primeros nueve a\u00f1os el 30% menos en CDMX, en comparaci\u00f3n al Estado de M\u00e9xico.<\/p>\n<p>&nbsp;<\/p>\n<p>&nbsp;<\/p>\n","protected":false},"excerpt":{"rendered":"<p>El 82% de las personas que emplacaron su auto en CDMX \u00fanicamente pagan el refrendo vehicular durante el a\u00f1o<\/p>\n","protected":false},"author":80,"featured_media":125980,"comment_status":"open","ping_status":"closed","sticky":false,"template":"","format":"standard","meta":{"om_disable_all_campaigns":false,"inline_featured_image":false,"_monsterinsights_skip_tracking":false,"_monsterinsights_sitenote_active":false,"_monsterinsights_sitenote_note":"","_monsterinsights_sitenote_category":0,"footnotes":""},"categories":[80,82],"tags":[19292,606,7191,18890],"class_list":["post-125917","post","type-post","status-publish","format-standard","has-post-thumbnail","hentry","category-actualidad","category-urbanismo","tag-acciones-de-movilidad","tag-cdmx","tag-movilidad-cdmx","tag-tramites-vehiculares"],"yoast_head":"<!-- This site is optimized with the Yoast SEO plugin v27.5 - https:\/\/yoast.com\/product\/yoast-seo-wordpress\/ -->\n<title>Emplacar en CDMX proporcionar\u00e1 mayores ventajas a los capitalinos<\/title>\n<meta name=\"description\" content=\"El 82% de las personas que emplacaron su auto en CDMX \u00fanicamente pagan el refrendo vehicular durante el a\u00f1o\" \/>\n<meta name=\"robots\" content=\"index, follow, max-snippet:-1, max-image-preview:large, max-video-preview:-1\" \/>\n<link rel=\"canonical\" href=\"https:\/\/centrourbano.com\/revista\/urbanismo\/emplacar-en-cdmx-proporcionara-mayores-ventajas-a-los-capitalinos\/\" \/>\n<meta property=\"og:locale\" content=\"es_ES\" \/>\n<meta property=\"og:type\" content=\"article\" \/>\n<meta property=\"og:title\" content=\"Emplacar en CDMX proporcionar\u00e1 mayores ventajas a los capitalinos\" \/>\n<meta property=\"og:description\" content=\"El 82% de las personas que emplacaron su auto en CDMX \u00fanicamente pagan el refrendo vehicular durante el a\u00f1o\" \/>\n<meta property=\"og:url\" content=\"https:\/\/centrourbano.com\/revista\/urbanismo\/emplacar-en-cdmx-proporcionara-mayores-ventajas-a-los-capitalinos\/\" \/>\n<meta property=\"og:site_name\" content=\"Centro Urbano\" \/>\n<meta property=\"article:publisher\" content=\"https:\/\/www.facebook.com\/portalcentrourbano\" \/>\n<meta property=\"article:published_time\" content=\"2022-02-01T18:26:57+00:00\" \/>\n<meta property=\"og:image\" content=\"https:\/\/centrourbano.com\/revista\/wp-content\/uploads\/Ciudad-de-Me\u0301xico-e1643739977511.jpeg\" \/>\n\t<meta property=\"og:image:width\" content=\"777\" \/>\n\t<meta property=\"og:image:height\" content=\"720\" \/>\n\t<meta property=\"og:image:type\" content=\"image\/jpeg\" \/>\n<meta name=\"author\" content=\"Jackeline Valle\" \/>\n<meta name=\"twitter:card\" content=\"summary_large_image\" \/>\n<meta name=\"twitter:creator\" content=\"@CentroUrbano\" \/>\n<meta name=\"twitter:site\" content=\"@CentroUrbano\" \/>\n<meta name=\"twitter:label1\" content=\"Escrito por\" \/>\n\t<meta name=\"twitter:data1\" content=\"Jackeline Valle\" \/>\n\t<meta name=\"twitter:label2\" content=\"Tiempo de lectura\" \/>\n\t<meta name=\"twitter:data2\" content=\"2 minutos\" \/>\n<script type=\"application\/ld+json\" class=\"yoast-schema-graph\">{\"@context\":\"https:\\\/\\\/schema.org\",\"@graph\":[{\"@type\":\"Article\",\"@id\":\"https:\\\/\\\/centrourbano.com\\\/revista\\\/urbanismo\\\/emplacar-en-cdmx-proporcionara-mayores-ventajas-a-los-capitalinos\\\/#article\",\"isPartOf\":{\"@id\":\"https:\\\/\\\/centrourbano.com\\\/revista\\\/urbanismo\\\/emplacar-en-cdmx-proporcionara-mayores-ventajas-a-los-capitalinos\\\/\"},\"author\":{\"name\":\"Jackeline Valle\",\"@id\":\"https:\\\/\\\/centrourbano.com\\\/revista\\\/#\\\/schema\\\/person\\\/910180bf1a924c1932a01f6032f5991a\"},\"headline\":\"Emplacar en CDMX proporcionar\u00e1 mayores ventajas a los capitalinos\",\"datePublished\":\"2022-02-01T18:26:57+00:00\",\"mainEntityOfPage\":{\"@id\":\"https:\\\/\\\/centrourbano.com\\\/revista\\\/urbanismo\\\/emplacar-en-cdmx-proporcionara-mayores-ventajas-a-los-capitalinos\\\/\"},\"wordCount\":505,\"commentCount\":0,\"publisher\":{\"@id\":\"https:\\\/\\\/centrourbano.com\\\/revista\\\/#organization\"},\"image\":{\"@id\":\"https:\\\/\\\/centrourbano.com\\\/revista\\\/urbanismo\\\/emplacar-en-cdmx-proporcionara-mayores-ventajas-a-los-capitalinos\\\/#primaryimage\"},\"thumbnailUrl\":\"https:\\\/\\\/centrourbano.com\\\/revista\\\/wp-content\\\/uploads\\\/Ciudad-de-Me\u0301xico-e1643739977511.jpeg\",\"keywords\":[\"acciones de movilidad\",\"CDMX\",\"Movilidad CDMX\",\"tr\u00e1mites vehiculares\"],\"articleSection\":[\"Actualidad\",\"Urbanismo\"],\"inLanguage\":\"es\",\"potentialAction\":[{\"@type\":\"CommentAction\",\"name\":\"Comment\",\"target\":[\"https:\\\/\\\/centrourbano.com\\\/revista\\\/urbanismo\\\/emplacar-en-cdmx-proporcionara-mayores-ventajas-a-los-capitalinos\\\/#respond\"]}]},{\"@type\":\"WebPage\",\"@id\":\"https:\\\/\\\/centrourbano.com\\\/revista\\\/urbanismo\\\/emplacar-en-cdmx-proporcionara-mayores-ventajas-a-los-capitalinos\\\/\",\"url\":\"https:\\\/\\\/centrourbano.com\\\/revista\\\/urbanismo\\\/emplacar-en-cdmx-proporcionara-mayores-ventajas-a-los-capitalinos\\\/\",\"name\":\"Emplacar en CDMX proporcionar\u00e1 mayores ventajas a los capitalinos\",\"isPartOf\":{\"@id\":\"https:\\\/\\\/centrourbano.com\\\/revista\\\/#website\"},\"primaryImageOfPage\":{\"@id\":\"https:\\\/\\\/centrourbano.com\\\/revista\\\/urbanismo\\\/emplacar-en-cdmx-proporcionara-mayores-ventajas-a-los-capitalinos\\\/#primaryimage\"},\"image\":{\"@id\":\"https:\\\/\\\/centrourbano.com\\\/revista\\\/urbanismo\\\/emplacar-en-cdmx-proporcionara-mayores-ventajas-a-los-capitalinos\\\/#primaryimage\"},\"thumbnailUrl\":\"https:\\\/\\\/centrourbano.com\\\/revista\\\/wp-content\\\/uploads\\\/Ciudad-de-Me\u0301xico-e1643739977511.jpeg\",\"datePublished\":\"2022-02-01T18:26:57+00:00\",\"description\":\"El 82% de las personas que emplacaron su auto en CDMX \u00fanicamente pagan el refrendo vehicular durante el a\u00f1o\",\"breadcrumb\":{\"@id\":\"https:\\\/\\\/centrourbano.com\\\/revista\\\/urbanismo\\\/emplacar-en-cdmx-proporcionara-mayores-ventajas-a-los-capitalinos\\\/#breadcrumb\"},\"inLanguage\":\"es\",\"potentialAction\":[{\"@type\":\"ReadAction\",\"target\":[\"https:\\\/\\\/centrourbano.com\\\/revista\\\/urbanismo\\\/emplacar-en-cdmx-proporcionara-mayores-ventajas-a-los-capitalinos\\\/\"]}]},{\"@type\":\"ImageObject\",\"inLanguage\":\"es\",\"@id\":\"https:\\\/\\\/centrourbano.com\\\/revista\\\/urbanismo\\\/emplacar-en-cdmx-proporcionara-mayores-ventajas-a-los-capitalinos\\\/#primaryimage\",\"url\":\"https:\\\/\\\/centrourbano.com\\\/revista\\\/wp-content\\\/uploads\\\/Ciudad-de-Me\u0301xico-e1643739977511.jpeg\",\"contentUrl\":\"https:\\\/\\\/centrourbano.com\\\/revista\\\/wp-content\\\/uploads\\\/Ciudad-de-Me\u0301xico-e1643739977511.jpeg\",\"width\":777,\"height\":720,\"caption\":\"El 82% de las personas que emplacaron su auto en CDMX \u00fanicamente pagan el refrendo vehicular durante el a\u00f1o\"},{\"@type\":\"BreadcrumbList\",\"@id\":\"https:\\\/\\\/centrourbano.com\\\/revista\\\/urbanismo\\\/emplacar-en-cdmx-proporcionara-mayores-ventajas-a-los-capitalinos\\\/#breadcrumb\",\"itemListElement\":[{\"@type\":\"ListItem\",\"position\":1,\"name\":\"Portada\",\"item\":\"https:\\\/\\\/centrourbano.com\\\/revista\\\/\"},{\"@type\":\"ListItem\",\"position\":2,\"name\":\"Emplacar en CDMX proporcionar\u00e1 mayores ventajas a los capitalinos\"}]},{\"@type\":\"WebSite\",\"@id\":\"https:\\\/\\\/centrourbano.com\\\/revista\\\/#website\",\"url\":\"https:\\\/\\\/centrourbano.com\\\/revista\\\/\",\"name\":\"Centro Urbano\",\"description\":\"Medio especializado en los sectores vivienda, inmobiliario, construcci\u00f3n, arquitectura y urbanismo.\",\"publisher\":{\"@id\":\"https:\\\/\\\/centrourbano.com\\\/revista\\\/#organization\"},\"potentialAction\":[{\"@type\":\"SearchAction\",\"target\":{\"@type\":\"EntryPoint\",\"urlTemplate\":\"https:\\\/\\\/centrourbano.com\\\/revista\\\/?s={search_term_string}\"},\"query-input\":{\"@type\":\"PropertyValueSpecification\",\"valueRequired\":true,\"valueName\":\"search_term_string\"}}],\"inLanguage\":\"es\"},{\"@type\":\"Organization\",\"@id\":\"https:\\\/\\\/centrourbano.com\\\/revista\\\/#organization\",\"name\":\"Centro Urbano\",\"url\":\"https:\\\/\\\/centrourbano.com\\\/revista\\\/\",\"logo\":{\"@type\":\"ImageObject\",\"inLanguage\":\"es\",\"@id\":\"https:\\\/\\\/centrourbano.com\\\/revista\\\/#\\\/schema\\\/logo\\\/image\\\/\",\"url\":\"https:\\\/\\\/centrourbano.com\\\/revista\\\/wp-content\\\/uploads\\\/web_CU_logo-1.png\",\"contentUrl\":\"https:\\\/\\\/centrourbano.com\\\/revista\\\/wp-content\\\/uploads\\\/web_CU_logo-1.png\",\"width\":350,\"height\":91,\"caption\":\"Centro Urbano\"},\"image\":{\"@id\":\"https:\\\/\\\/centrourbano.com\\\/revista\\\/#\\\/schema\\\/logo\\\/image\\\/\"},\"sameAs\":[\"https:\\\/\\\/www.facebook.com\\\/portalcentrourbano\",\"https:\\\/\\\/x.com\\\/CentroUrbano\",\"https:\\\/\\\/www.instagram.com\\\/centro_urbano\\\/\",\"https:\\\/\\\/www.linkedin.com\\\/company\\\/centro-urbano\\\/\",\"http:\\\/\\\/www.youtube.com\\\/user\\\/portalcentrourbano\"]},{\"@type\":\"Person\",\"@id\":\"https:\\\/\\\/centrourbano.com\\\/revista\\\/#\\\/schema\\\/person\\\/910180bf1a924c1932a01f6032f5991a\",\"name\":\"Jackeline Valle\",\"image\":{\"@type\":\"ImageObject\",\"inLanguage\":\"es\",\"@id\":\"https:\\\/\\\/secure.gravatar.com\\\/avatar\\\/6dfa6899b228d3621bbf2fb01332e7e4b7afc7cd1374760becdb163b7f5436dd?s=96&d=mm&r=g\",\"url\":\"https:\\\/\\\/secure.gravatar.com\\\/avatar\\\/6dfa6899b228d3621bbf2fb01332e7e4b7afc7cd1374760becdb163b7f5436dd?s=96&d=mm&r=g\",\"contentUrl\":\"https:\\\/\\\/secure.gravatar.com\\\/avatar\\\/6dfa6899b228d3621bbf2fb01332e7e4b7afc7cd1374760becdb163b7f5436dd?s=96&d=mm&r=g\",\"caption\":\"Jackeline Valle\"},\"description\":\"Reportera en Centro Urbano. Egresada de la Licenciatura en Comunicaci\u00f3n y Cultura por la Universidad Aut\u00f3noma de la Ciudad de M\u00e9xico (UACM). Interesada en cine y la cultura. Apasionada de los deportes electr\u00f3nicos y el desarrollo de medios audiovisuales.\",\"url\":\"https:\\\/\\\/centrourbano.com\\\/revista\\\/author\\\/jackeline-valle\\\/\"}]}<\/script>\n<!-- \/ Yoast SEO plugin. -->","yoast_head_json":{"title":"Emplacar en CDMX proporcionar\u00e1 mayores ventajas a los capitalinos","description":"El 82% de las personas que emplacaron su auto en CDMX \u00fanicamente pagan el refrendo vehicular durante el a\u00f1o","robots":{"index":"index","follow":"follow","max-snippet":"max-snippet:-1","max-image-preview":"max-image-preview:large","max-video-preview":"max-video-preview:-1"},"canonical":"https:\/\/centrourbano.com\/revista\/urbanismo\/emplacar-en-cdmx-proporcionara-mayores-ventajas-a-los-capitalinos\/","og_locale":"es_ES","og_type":"article","og_title":"Emplacar en CDMX proporcionar\u00e1 mayores ventajas a los capitalinos","og_description":"El 82% de las personas que emplacaron su auto en CDMX \u00fanicamente pagan el refrendo vehicular durante el a\u00f1o","og_url":"https:\/\/centrourbano.com\/revista\/urbanismo\/emplacar-en-cdmx-proporcionara-mayores-ventajas-a-los-capitalinos\/","og_site_name":"Centro Urbano","article_publisher":"https:\/\/www.facebook.com\/portalcentrourbano","article_published_time":"2022-02-01T18:26:57+00:00","og_image":[{"width":777,"height":720,"url":"https:\/\/centrourbano.com\/revista\/wp-content\/uploads\/Ciudad-de-Me\u0301xico-e1643739977511.jpeg","type":"image\/jpeg"}],"author":"Jackeline Valle","twitter_card":"summary_large_image","twitter_creator":"@CentroUrbano","twitter_site":"@CentroUrbano","twitter_misc":{"Escrito por":"Jackeline Valle","Tiempo de lectura":"2 minutos"},"schema":{"@context":"https:\/\/schema.org","@graph":[{"@type":"Article","@id":"https:\/\/centrourbano.com\/revista\/urbanismo\/emplacar-en-cdmx-proporcionara-mayores-ventajas-a-los-capitalinos\/#article","isPartOf":{"@id":"https:\/\/centrourbano.com\/revista\/urbanismo\/emplacar-en-cdmx-proporcionara-mayores-ventajas-a-los-capitalinos\/"},"author":{"name":"Jackeline Valle","@id":"https:\/\/centrourbano.com\/revista\/#\/schema\/person\/910180bf1a924c1932a01f6032f5991a"},"headline":"Emplacar en CDMX proporcionar\u00e1 mayores ventajas a los capitalinos","datePublished":"2022-02-01T18:26:57+00:00","mainEntityOfPage":{"@id":"https:\/\/centrourbano.com\/revista\/urbanismo\/emplacar-en-cdmx-proporcionara-mayores-ventajas-a-los-capitalinos\/"},"wordCount":505,"commentCount":0,"publisher":{"@id":"https:\/\/centrourbano.com\/revista\/#organization"},"image":{"@id":"https:\/\/centrourbano.com\/revista\/urbanismo\/emplacar-en-cdmx-proporcionara-mayores-ventajas-a-los-capitalinos\/#primaryimage"},"thumbnailUrl":"https:\/\/centrourbano.com\/revista\/wp-content\/uploads\/Ciudad-de-Me\u0301xico-e1643739977511.jpeg","keywords":["acciones de movilidad","CDMX","Movilidad CDMX","tr\u00e1mites vehiculares"],"articleSection":["Actualidad","Urbanismo"],"inLanguage":"es","potentialAction":[{"@type":"CommentAction","name":"Comment","target":["https:\/\/centrourbano.com\/revista\/urbanismo\/emplacar-en-cdmx-proporcionara-mayores-ventajas-a-los-capitalinos\/#respond"]}]},{"@type":"WebPage","@id":"https:\/\/centrourbano.com\/revista\/urbanismo\/emplacar-en-cdmx-proporcionara-mayores-ventajas-a-los-capitalinos\/","url":"https:\/\/centrourbano.com\/revista\/urbanismo\/emplacar-en-cdmx-proporcionara-mayores-ventajas-a-los-capitalinos\/","name":"Emplacar en CDMX proporcionar\u00e1 mayores ventajas a los capitalinos","isPartOf":{"@id":"https:\/\/centrourbano.com\/revista\/#website"},"primaryImageOfPage":{"@id":"https:\/\/centrourbano.com\/revista\/urbanismo\/emplacar-en-cdmx-proporcionara-mayores-ventajas-a-los-capitalinos\/#primaryimage"},"image":{"@id":"https:\/\/centrourbano.com\/revista\/urbanismo\/emplacar-en-cdmx-proporcionara-mayores-ventajas-a-los-capitalinos\/#primaryimage"},"thumbnailUrl":"https:\/\/centrourbano.com\/revista\/wp-content\/uploads\/Ciudad-de-Me\u0301xico-e1643739977511.jpeg","datePublished":"2022-02-01T18:26:57+00:00","description":"El 82% de las personas que emplacaron su auto en CDMX \u00fanicamente pagan el refrendo vehicular durante el a\u00f1o","breadcrumb":{"@id":"https:\/\/centrourbano.com\/revista\/urbanismo\/emplacar-en-cdmx-proporcionara-mayores-ventajas-a-los-capitalinos\/#breadcrumb"},"inLanguage":"es","potentialAction":[{"@type":"ReadAction","target":["https:\/\/centrourbano.com\/revista\/urbanismo\/emplacar-en-cdmx-proporcionara-mayores-ventajas-a-los-capitalinos\/"]}]},{"@type":"ImageObject","inLanguage":"es","@id":"https:\/\/centrourbano.com\/revista\/urbanismo\/emplacar-en-cdmx-proporcionara-mayores-ventajas-a-los-capitalinos\/#primaryimage","url":"https:\/\/centrourbano.com\/revista\/wp-content\/uploads\/Ciudad-de-Me\u0301xico-e1643739977511.jpeg","contentUrl":"https:\/\/centrourbano.com\/revista\/wp-content\/uploads\/Ciudad-de-Me\u0301xico-e1643739977511.jpeg","width":777,"height":720,"caption":"El 82% de las personas que emplacaron su auto en CDMX \u00fanicamente pagan el refrendo vehicular durante el a\u00f1o"},{"@type":"BreadcrumbList","@id":"https:\/\/centrourbano.com\/revista\/urbanismo\/emplacar-en-cdmx-proporcionara-mayores-ventajas-a-los-capitalinos\/#breadcrumb","itemListElement":[{"@type":"ListItem","position":1,"name":"Portada","item":"https:\/\/centrourbano.com\/revista\/"},{"@type":"ListItem","position":2,"name":"Emplacar en CDMX proporcionar\u00e1 mayores ventajas a los capitalinos"}]},{"@type":"WebSite","@id":"https:\/\/centrourbano.com\/revista\/#website","url":"https:\/\/centrourbano.com\/revista\/","name":"Centro Urbano","description":"Medio especializado en los sectores vivienda, inmobiliario, construcci\u00f3n, arquitectura y urbanismo.","publisher":{"@id":"https:\/\/centrourbano.com\/revista\/#organization"},"potentialAction":[{"@type":"SearchAction","target":{"@type":"EntryPoint","urlTemplate":"https:\/\/centrourbano.com\/revista\/?s={search_term_string}"},"query-input":{"@type":"PropertyValueSpecification","valueRequired":true,"valueName":"search_term_string"}}],"inLanguage":"es"},{"@type":"Organization","@id":"https:\/\/centrourbano.com\/revista\/#organization","name":"Centro Urbano","url":"https:\/\/centrourbano.com\/revista\/","logo":{"@type":"ImageObject","inLanguage":"es","@id":"https:\/\/centrourbano.com\/revista\/#\/schema\/logo\/image\/","url":"https:\/\/centrourbano.com\/revista\/wp-content\/uploads\/web_CU_logo-1.png","contentUrl":"https:\/\/centrourbano.com\/revista\/wp-content\/uploads\/web_CU_logo-1.png","width":350,"height":91,"caption":"Centro Urbano"},"image":{"@id":"https:\/\/centrourbano.com\/revista\/#\/schema\/logo\/image\/"},"sameAs":["https:\/\/www.facebook.com\/portalcentrourbano","https:\/\/x.com\/CentroUrbano","https:\/\/www.instagram.com\/centro_urbano\/","https:\/\/www.linkedin.com\/company\/centro-urbano\/","http:\/\/www.youtube.com\/user\/portalcentrourbano"]},{"@type":"Person","@id":"https:\/\/centrourbano.com\/revista\/#\/schema\/person\/910180bf1a924c1932a01f6032f5991a","name":"Jackeline Valle","image":{"@type":"ImageObject","inLanguage":"es","@id":"https:\/\/secure.gravatar.com\/avatar\/6dfa6899b228d3621bbf2fb01332e7e4b7afc7cd1374760becdb163b7f5436dd?s=96&d=mm&r=g","url":"https:\/\/secure.gravatar.com\/avatar\/6dfa6899b228d3621bbf2fb01332e7e4b7afc7cd1374760becdb163b7f5436dd?s=96&d=mm&r=g","contentUrl":"https:\/\/secure.gravatar.com\/avatar\/6dfa6899b228d3621bbf2fb01332e7e4b7afc7cd1374760becdb163b7f5436dd?s=96&d=mm&r=g","caption":"Jackeline Valle"},"description":"Reportera en Centro Urbano. Egresada de la Licenciatura en Comunicaci\u00f3n y Cultura por la Universidad Aut\u00f3noma de la Ciudad de M\u00e9xico (UACM). Interesada en cine y la cultura. Apasionada de los deportes electr\u00f3nicos y el desarrollo de medios audiovisuales.","url":"https:\/\/centrourbano.com\/revista\/author\/jackeline-valle\/"}]}},"_links":{"self":[{"href":"https:\/\/centrourbano.com\/revista\/wp-json\/wp\/v2\/posts\/125917","targetHints":{"allow":["GET"]}}],"collection":[{"href":"https:\/\/centrourbano.com\/revista\/wp-json\/wp\/v2\/posts"}],"about":[{"href":"https:\/\/centrourbano.com\/revista\/wp-json\/wp\/v2\/types\/post"}],"author":[{"embeddable":true,"href":"https:\/\/centrourbano.com\/revista\/wp-json\/wp\/v2\/users\/80"}],"replies":[{"embeddable":true,"href":"https:\/\/centrourbano.com\/revista\/wp-json\/wp\/v2\/comments?post=125917"}],"version-history":[{"count":3,"href":"https:\/\/centrourbano.com\/revista\/wp-json\/wp\/v2\/posts\/125917\/revisions"}],"predecessor-version":[{"id":125981,"href":"https:\/\/centrourbano.com\/revista\/wp-json\/wp\/v2\/posts\/125917\/revisions\/125981"}],"wp:featuredmedia":[{"embeddable":true,"href":"https:\/\/centrourbano.com\/revista\/wp-json\/wp\/v2\/media\/125980"}],"wp:attachment":[{"href":"https:\/\/centrourbano.com\/revista\/wp-json\/wp\/v2\/media?parent=125917"}],"wp:term":[{"taxonomy":"category","embeddable":true,"href":"https:\/\/centrourbano.com\/revista\/wp-json\/wp\/v2\/categories?post=125917"},{"taxonomy":"post_tag","embeddable":true,"href":"https:\/\/centrourbano.com\/revista\/wp-json\/wp\/v2\/tags?post=125917"}],"curies":[{"name":"wp","href":"https:\/\/api.w.org\/{rel}","templated":true}]}}