{"id":125777,"date":"2022-01-25T12:10:38","date_gmt":"2022-01-25T18:10:38","guid":{"rendered":"https:\/\/centrourbano.com\/?p=125777"},"modified":"2022-02-18T19:23:27","modified_gmt":"2022-02-19T01:23:27","slug":"con-exposicion-cdmx-rinde-homenaje-al-arquitecto-ricardo-legorreta","status":"publish","type":"post","link":"https:\/\/centrourbano.com\/revista\/actualidad\/con-exposicion-cdmx-rinde-homenaje-al-arquitecto-ricardo-legorreta\/","title":{"rendered":"Con exposici\u00f3n, CDMX rinde homenaje al arquitecto Ricardo Legorreta"},"content":{"rendered":"<p><em>La Secretar\u00eda de Cultura de la CDMX conmemora el d\u00e9cimo aniversario luctuoso del arquitecto mexicano Ricardo Legorreta<\/em><!--more--><\/p>\n<p>La Secretar\u00eda de Cultura de la CDMX invita a la <a href=\"https:\/\/centrourbano.com\/agenda-2\/exposiciones\/festejan-con-exposicion-aniversario-del-museo-nacional-de-la-revolucion\/\" target=\"_blank\" rel=\"noopener\">exposici\u00f3n<\/a> &#8216;Legorreta&#8217;, ubicada en las Galer\u00edas Abiertas Gandhi y Grutas, de las Rejas del Bosque de Chapultepec. Esta muestra rinde un homenaje al arquitecto Ricardo Legorreta a 10 a\u00f1os de su partida.<\/p>\n<p>La expo estar\u00e1 disponible hasta el pr\u00f3ximo 27 de febrero, para que los habitantes y visitantes de la <a href=\"https:\/\/cdmx.gob.mx\/\" target=\"_blank\" rel=\"noopener\">Ciudad de M\u00e9xico<\/a> puedan conocer, a trav\u00e9s de 116 fotograf\u00edas, las construcciones y proyectos m\u00e1s importantes realizados por el despacho Legorreta en M\u00e9xico y diversos pa\u00edses.<\/p>\n<div>\n<blockquote><p>\u201cEsta exposici\u00f3n es una forma de conmemorar el trabajo patrimonial que nos dej\u00f3 el arquitecto Ricardo Legorreta a 10 a\u00f1os de su partida, misma que sigue viva no s\u00f3lo gracias a la vigencia de su imponente obra, sino tambi\u00e9n por la continuidad de su trabajo desarrollado por los profesionales que form\u00f3\u201d, destac\u00f3 Vannesa Boh\u00f3rquez L\u00f3pez, secretaria de Cultura de la CDMX durante la inauguraci\u00f3n de la expo.<\/p><\/blockquote>\n<\/div>\n<h2><strong>Ricardo Legorreta<\/strong><\/h2>\n<p>Ricardo Legorreta naci\u00f3 el \u00a07 de mayo de 1931 en la Ciudad de M\u00e9xico. Fue dibujante y jefe de proyectos en el despacho de Jos\u00e9 Villagr\u00e1n Garc\u00eda. Tuvo una carrera de m\u00e1s de 50 a\u00f1os, tiempo en el que dise\u00f1\u00f3 m\u00e1s de 100 proyectos, entre los que destacan\u00a0 museos, hoteles, edificios de oficinas, f\u00e1bricas, campus universitarios, espacios urbanos, as\u00ed como residencias privadas en M\u00e9xico y en el extranjero.<\/p>\n<p>El arquitecto particip\u00f3 en la remodelaci\u00f3n del zool\u00f3gico de Chapultepec y lider\u00f3 la construcci\u00f3n del Papalote Museo del Ni\u00f1o.<\/p>\n<p>En 1999 recibi\u00f3 la Medalla de Oro de la Uni\u00f3n Internacional de Arquitectos (UIA) y en el a\u00f1o 2000, se convirti\u00f3 en el primer latinoamericano en recibir la prodigiosa Medalla de Oro del Instituto Americano de Arquitectos (AIA).<\/p>\n<blockquote><p>\u201cLo que mi pap\u00e1 siempre crey\u00f3 es que la labor del arquitecto, m\u00e1s all\u00e1 de ganar premios, hacerse millonario, o por ego personal, siempre era hacer feliz a la gente. Su frase favorita de qu\u00e9 era una buena arquitectura era aquella sobre la que dec\u00eda que: <em>Era igual de feliz un mendigo que un rey\u00bb, <\/em>dijo el arquitecto V\u00edctor Legorreta, hijo del arquitecto Ricardo Legorreta durante la inauguraci\u00f3n de esta exposici\u00f3n.<\/p><\/blockquote>\n","protected":false},"excerpt":{"rendered":"<p>La Secretar\u00eda de Cultura de la CDMX conmemora el d\u00e9cimo aniversario luctuoso del arquitecto mexicano Ricardo Legorreta<\/p>\n","protected":false},"author":82,"featured_media":125778,"comment_status":"open","ping_status":"closed","sticky":false,"template":"","format":"standard","meta":{"om_disable_all_campaigns":false,"inline_featured_image":false,"_monsterinsights_skip_tracking":false,"_monsterinsights_sitenote_active":false,"_monsterinsights_sitenote_note":"","_monsterinsights_sitenote_category":0,"footnotes":""},"categories":[80,81,10613],"tags":[20,606,4375,4673],"class_list":["post-125777","post","type-post","status-publish","format-standard","has-post-thumbnail","hentry","category-actualidad","category-arquitectura-2","category-exposiciones","tag-arquitectura","tag-cdmx","tag-exposicion","tag-ricardo-legorreta"],"yoast_head":"<!-- This site is optimized with the Yoast SEO plugin v27.5 - https:\/\/yoast.com\/product\/yoast-seo-wordpress\/ -->\n<title>Con exposici\u00f3n, CDMX rinde homenaje al arquitecto Ricardo Legorreta<\/title>\n<meta name=\"description\" content=\"La Secretaria de Cultura de la CDMX Conmemora el decimo aniversario luctuoso del arquitecto mexicano Ricardo Legorreta\" \/>\n<meta name=\"robots\" content=\"index, follow, max-snippet:-1, max-image-preview:large, max-video-preview:-1\" \/>\n<link rel=\"canonical\" href=\"https:\/\/centrourbano.com\/revista\/actualidad\/con-exposicion-cdmx-rinde-homenaje-al-arquitecto-ricardo-legorreta\/\" \/>\n<meta property=\"og:locale\" content=\"es_ES\" \/>\n<meta property=\"og:type\" content=\"article\" \/>\n<meta property=\"og:title\" content=\"Con exposici\u00f3n, CDMX rinde homenaje al arquitecto Ricardo Legorreta\" \/>\n<meta property=\"og:description\" content=\"La Secretaria de Cultura de la CDMX Conmemora el decimo aniversario luctuoso del arquitecto mexicano Ricardo Legorreta\" \/>\n<meta property=\"og:url\" content=\"https:\/\/centrourbano.com\/revista\/actualidad\/con-exposicion-cdmx-rinde-homenaje-al-arquitecto-ricardo-legorreta\/\" \/>\n<meta property=\"og:site_name\" content=\"Centro Urbano\" \/>\n<meta property=\"article:publisher\" content=\"https:\/\/www.facebook.com\/portalcentrourbano\" \/>\n<meta property=\"article:published_time\" content=\"2022-01-25T18:10:38+00:00\" \/>\n<meta property=\"article:modified_time\" content=\"2022-02-19T01:23:27+00:00\" \/>\n<meta property=\"og:image\" content=\"https:\/\/centrourbano.com\/revista\/wp-content\/uploads\/legorreta.jpg\" \/>\n\t<meta property=\"og:image:width\" content=\"800\" \/>\n\t<meta property=\"og:image:height\" content=\"800\" \/>\n\t<meta property=\"og:image:type\" content=\"image\/jpeg\" \/>\n<meta name=\"author\" content=\"Paola Dur\u00e1n\" \/>\n<meta name=\"twitter:card\" content=\"summary_large_image\" \/>\n<meta name=\"twitter:creator\" content=\"@CentroUrbano\" \/>\n<meta name=\"twitter:site\" content=\"@CentroUrbano\" \/>\n<meta name=\"twitter:label1\" content=\"Escrito por\" \/>\n\t<meta name=\"twitter:data1\" content=\"Paola Dur\u00e1n\" \/>\n\t<meta name=\"twitter:label2\" content=\"Tiempo de lectura\" \/>\n\t<meta name=\"twitter:data2\" content=\"2 minutos\" \/>\n<script type=\"application\/ld+json\" class=\"yoast-schema-graph\">{\"@context\":\"https:\\\/\\\/schema.org\",\"@graph\":[{\"@type\":\"Article\",\"@id\":\"https:\\\/\\\/centrourbano.com\\\/revista\\\/actualidad\\\/con-exposicion-cdmx-rinde-homenaje-al-arquitecto-ricardo-legorreta\\\/#article\",\"isPartOf\":{\"@id\":\"https:\\\/\\\/centrourbano.com\\\/revista\\\/actualidad\\\/con-exposicion-cdmx-rinde-homenaje-al-arquitecto-ricardo-legorreta\\\/\"},\"author\":{\"name\":\"Paola Dur\u00e1n\",\"@id\":\"https:\\\/\\\/centrourbano.com\\\/revista\\\/#\\\/schema\\\/person\\\/1660144fe096119752c1c467ee1cb597\"},\"headline\":\"Con exposici\u00f3n, CDMX rinde homenaje al arquitecto Ricardo Legorreta\",\"datePublished\":\"2022-01-25T18:10:38+00:00\",\"dateModified\":\"2022-02-19T01:23:27+00:00\",\"mainEntityOfPage\":{\"@id\":\"https:\\\/\\\/centrourbano.com\\\/revista\\\/actualidad\\\/con-exposicion-cdmx-rinde-homenaje-al-arquitecto-ricardo-legorreta\\\/\"},\"wordCount\":407,\"commentCount\":0,\"publisher\":{\"@id\":\"https:\\\/\\\/centrourbano.com\\\/revista\\\/#organization\"},\"image\":{\"@id\":\"https:\\\/\\\/centrourbano.com\\\/revista\\\/actualidad\\\/con-exposicion-cdmx-rinde-homenaje-al-arquitecto-ricardo-legorreta\\\/#primaryimage\"},\"thumbnailUrl\":\"https:\\\/\\\/centrourbano.com\\\/revista\\\/wp-content\\\/uploads\\\/legorreta.jpg\",\"keywords\":[\"arquitectura\",\"CDMX\",\"exposici\u00f3n\",\"Ricardo Legorreta\"],\"articleSection\":[\"Actualidad\",\"Arquitectura\",\"Exposiciones\"],\"inLanguage\":\"es\",\"potentialAction\":[{\"@type\":\"CommentAction\",\"name\":\"Comment\",\"target\":[\"https:\\\/\\\/centrourbano.com\\\/revista\\\/actualidad\\\/con-exposicion-cdmx-rinde-homenaje-al-arquitecto-ricardo-legorreta\\\/#respond\"]}]},{\"@type\":\"WebPage\",\"@id\":\"https:\\\/\\\/centrourbano.com\\\/revista\\\/actualidad\\\/con-exposicion-cdmx-rinde-homenaje-al-arquitecto-ricardo-legorreta\\\/\",\"url\":\"https:\\\/\\\/centrourbano.com\\\/revista\\\/actualidad\\\/con-exposicion-cdmx-rinde-homenaje-al-arquitecto-ricardo-legorreta\\\/\",\"name\":\"Con exposici\u00f3n, CDMX rinde homenaje al arquitecto Ricardo Legorreta\",\"isPartOf\":{\"@id\":\"https:\\\/\\\/centrourbano.com\\\/revista\\\/#website\"},\"primaryImageOfPage\":{\"@id\":\"https:\\\/\\\/centrourbano.com\\\/revista\\\/actualidad\\\/con-exposicion-cdmx-rinde-homenaje-al-arquitecto-ricardo-legorreta\\\/#primaryimage\"},\"image\":{\"@id\":\"https:\\\/\\\/centrourbano.com\\\/revista\\\/actualidad\\\/con-exposicion-cdmx-rinde-homenaje-al-arquitecto-ricardo-legorreta\\\/#primaryimage\"},\"thumbnailUrl\":\"https:\\\/\\\/centrourbano.com\\\/revista\\\/wp-content\\\/uploads\\\/legorreta.jpg\",\"datePublished\":\"2022-01-25T18:10:38+00:00\",\"dateModified\":\"2022-02-19T01:23:27+00:00\",\"description\":\"La Secretaria de Cultura de la CDMX Conmemora el decimo aniversario luctuoso del arquitecto mexicano Ricardo Legorreta\",\"breadcrumb\":{\"@id\":\"https:\\\/\\\/centrourbano.com\\\/revista\\\/actualidad\\\/con-exposicion-cdmx-rinde-homenaje-al-arquitecto-ricardo-legorreta\\\/#breadcrumb\"},\"inLanguage\":\"es\",\"potentialAction\":[{\"@type\":\"ReadAction\",\"target\":[\"https:\\\/\\\/centrourbano.com\\\/revista\\\/actualidad\\\/con-exposicion-cdmx-rinde-homenaje-al-arquitecto-ricardo-legorreta\\\/\"]}]},{\"@type\":\"ImageObject\",\"inLanguage\":\"es\",\"@id\":\"https:\\\/\\\/centrourbano.com\\\/revista\\\/actualidad\\\/con-exposicion-cdmx-rinde-homenaje-al-arquitecto-ricardo-legorreta\\\/#primaryimage\",\"url\":\"https:\\\/\\\/centrourbano.com\\\/revista\\\/wp-content\\\/uploads\\\/legorreta.jpg\",\"contentUrl\":\"https:\\\/\\\/centrourbano.com\\\/revista\\\/wp-content\\\/uploads\\\/legorreta.jpg\",\"width\":800,\"height\":800,\"caption\":\"CDMX rinde homenaje al arquitecto Ricardo Legorreta con exposici\u00f3n\"},{\"@type\":\"BreadcrumbList\",\"@id\":\"https:\\\/\\\/centrourbano.com\\\/revista\\\/actualidad\\\/con-exposicion-cdmx-rinde-homenaje-al-arquitecto-ricardo-legorreta\\\/#breadcrumb\",\"itemListElement\":[{\"@type\":\"ListItem\",\"position\":1,\"name\":\"Portada\",\"item\":\"https:\\\/\\\/centrourbano.com\\\/revista\\\/\"},{\"@type\":\"ListItem\",\"position\":2,\"name\":\"Con exposici\u00f3n, CDMX rinde homenaje al arquitecto Ricardo Legorreta\"}]},{\"@type\":\"WebSite\",\"@id\":\"https:\\\/\\\/centrourbano.com\\\/revista\\\/#website\",\"url\":\"https:\\\/\\\/centrourbano.com\\\/revista\\\/\",\"name\":\"Centro Urbano\",\"description\":\"Medio especializado en los sectores vivienda, inmobiliario, construcci\u00f3n, arquitectura y urbanismo.\",\"publisher\":{\"@id\":\"https:\\\/\\\/centrourbano.com\\\/revista\\\/#organization\"},\"potentialAction\":[{\"@type\":\"SearchAction\",\"target\":{\"@type\":\"EntryPoint\",\"urlTemplate\":\"https:\\\/\\\/centrourbano.com\\\/revista\\\/?s={search_term_string}\"},\"query-input\":{\"@type\":\"PropertyValueSpecification\",\"valueRequired\":true,\"valueName\":\"search_term_string\"}}],\"inLanguage\":\"es\"},{\"@type\":\"Organization\",\"@id\":\"https:\\\/\\\/centrourbano.com\\\/revista\\\/#organization\",\"name\":\"Centro Urbano\",\"url\":\"https:\\\/\\\/centrourbano.com\\\/revista\\\/\",\"logo\":{\"@type\":\"ImageObject\",\"inLanguage\":\"es\",\"@id\":\"https:\\\/\\\/centrourbano.com\\\/revista\\\/#\\\/schema\\\/logo\\\/image\\\/\",\"url\":\"https:\\\/\\\/centrourbano.com\\\/revista\\\/wp-content\\\/uploads\\\/web_CU_logo-1.png\",\"contentUrl\":\"https:\\\/\\\/centrourbano.com\\\/revista\\\/wp-content\\\/uploads\\\/web_CU_logo-1.png\",\"width\":350,\"height\":91,\"caption\":\"Centro Urbano\"},\"image\":{\"@id\":\"https:\\\/\\\/centrourbano.com\\\/revista\\\/#\\\/schema\\\/logo\\\/image\\\/\"},\"sameAs\":[\"https:\\\/\\\/www.facebook.com\\\/portalcentrourbano\",\"https:\\\/\\\/x.com\\\/CentroUrbano\",\"https:\\\/\\\/www.instagram.com\\\/centro_urbano\\\/\",\"https:\\\/\\\/www.linkedin.com\\\/company\\\/centro-urbano\\\/\",\"http:\\\/\\\/www.youtube.com\\\/user\\\/portalcentrourbano\"]},{\"@type\":\"Person\",\"@id\":\"https:\\\/\\\/centrourbano.com\\\/revista\\\/#\\\/schema\\\/person\\\/1660144fe096119752c1c467ee1cb597\",\"name\":\"Paola Dur\u00e1n\",\"image\":{\"@type\":\"ImageObject\",\"inLanguage\":\"es\",\"@id\":\"https:\\\/\\\/secure.gravatar.com\\\/avatar\\\/f64c898584681d3dd909c0f1bf135d38610eeb2df48416094c5791b1e7e251fc?s=96&d=mm&r=g\",\"url\":\"https:\\\/\\\/secure.gravatar.com\\\/avatar\\\/f64c898584681d3dd909c0f1bf135d38610eeb2df48416094c5791b1e7e251fc?s=96&d=mm&r=g\",\"contentUrl\":\"https:\\\/\\\/secure.gravatar.com\\\/avatar\\\/f64c898584681d3dd909c0f1bf135d38610eeb2df48416094c5791b1e7e251fc?s=96&d=mm&r=g\",\"caption\":\"Paola Dur\u00e1n\"},\"url\":\"https:\\\/\\\/centrourbano.com\\\/revista\\\/author\\\/paola-duran\\\/\"}]}<\/script>\n<!-- \/ Yoast SEO plugin. -->","yoast_head_json":{"title":"Con exposici\u00f3n, CDMX rinde homenaje al arquitecto Ricardo Legorreta","description":"La Secretaria de Cultura de la CDMX Conmemora el decimo aniversario luctuoso del arquitecto mexicano Ricardo Legorreta","robots":{"index":"index","follow":"follow","max-snippet":"max-snippet:-1","max-image-preview":"max-image-preview:large","max-video-preview":"max-video-preview:-1"},"canonical":"https:\/\/centrourbano.com\/revista\/actualidad\/con-exposicion-cdmx-rinde-homenaje-al-arquitecto-ricardo-legorreta\/","og_locale":"es_ES","og_type":"article","og_title":"Con exposici\u00f3n, CDMX rinde homenaje al arquitecto Ricardo Legorreta","og_description":"La Secretaria de Cultura de la CDMX Conmemora el decimo aniversario luctuoso del arquitecto mexicano Ricardo Legorreta","og_url":"https:\/\/centrourbano.com\/revista\/actualidad\/con-exposicion-cdmx-rinde-homenaje-al-arquitecto-ricardo-legorreta\/","og_site_name":"Centro Urbano","article_publisher":"https:\/\/www.facebook.com\/portalcentrourbano","article_published_time":"2022-01-25T18:10:38+00:00","article_modified_time":"2022-02-19T01:23:27+00:00","og_image":[{"width":800,"height":800,"url":"https:\/\/centrourbano.com\/revista\/wp-content\/uploads\/legorreta.jpg","type":"image\/jpeg"}],"author":"Paola Dur\u00e1n","twitter_card":"summary_large_image","twitter_creator":"@CentroUrbano","twitter_site":"@CentroUrbano","twitter_misc":{"Escrito por":"Paola Dur\u00e1n","Tiempo de lectura":"2 minutos"},"schema":{"@context":"https:\/\/schema.org","@graph":[{"@type":"Article","@id":"https:\/\/centrourbano.com\/revista\/actualidad\/con-exposicion-cdmx-rinde-homenaje-al-arquitecto-ricardo-legorreta\/#article","isPartOf":{"@id":"https:\/\/centrourbano.com\/revista\/actualidad\/con-exposicion-cdmx-rinde-homenaje-al-arquitecto-ricardo-legorreta\/"},"author":{"name":"Paola Dur\u00e1n","@id":"https:\/\/centrourbano.com\/revista\/#\/schema\/person\/1660144fe096119752c1c467ee1cb597"},"headline":"Con exposici\u00f3n, CDMX rinde homenaje al arquitecto Ricardo Legorreta","datePublished":"2022-01-25T18:10:38+00:00","dateModified":"2022-02-19T01:23:27+00:00","mainEntityOfPage":{"@id":"https:\/\/centrourbano.com\/revista\/actualidad\/con-exposicion-cdmx-rinde-homenaje-al-arquitecto-ricardo-legorreta\/"},"wordCount":407,"commentCount":0,"publisher":{"@id":"https:\/\/centrourbano.com\/revista\/#organization"},"image":{"@id":"https:\/\/centrourbano.com\/revista\/actualidad\/con-exposicion-cdmx-rinde-homenaje-al-arquitecto-ricardo-legorreta\/#primaryimage"},"thumbnailUrl":"https:\/\/centrourbano.com\/revista\/wp-content\/uploads\/legorreta.jpg","keywords":["arquitectura","CDMX","exposici\u00f3n","Ricardo Legorreta"],"articleSection":["Actualidad","Arquitectura","Exposiciones"],"inLanguage":"es","potentialAction":[{"@type":"CommentAction","name":"Comment","target":["https:\/\/centrourbano.com\/revista\/actualidad\/con-exposicion-cdmx-rinde-homenaje-al-arquitecto-ricardo-legorreta\/#respond"]}]},{"@type":"WebPage","@id":"https:\/\/centrourbano.com\/revista\/actualidad\/con-exposicion-cdmx-rinde-homenaje-al-arquitecto-ricardo-legorreta\/","url":"https:\/\/centrourbano.com\/revista\/actualidad\/con-exposicion-cdmx-rinde-homenaje-al-arquitecto-ricardo-legorreta\/","name":"Con exposici\u00f3n, CDMX rinde homenaje al arquitecto Ricardo Legorreta","isPartOf":{"@id":"https:\/\/centrourbano.com\/revista\/#website"},"primaryImageOfPage":{"@id":"https:\/\/centrourbano.com\/revista\/actualidad\/con-exposicion-cdmx-rinde-homenaje-al-arquitecto-ricardo-legorreta\/#primaryimage"},"image":{"@id":"https:\/\/centrourbano.com\/revista\/actualidad\/con-exposicion-cdmx-rinde-homenaje-al-arquitecto-ricardo-legorreta\/#primaryimage"},"thumbnailUrl":"https:\/\/centrourbano.com\/revista\/wp-content\/uploads\/legorreta.jpg","datePublished":"2022-01-25T18:10:38+00:00","dateModified":"2022-02-19T01:23:27+00:00","description":"La Secretaria de Cultura de la CDMX Conmemora el decimo aniversario luctuoso del arquitecto mexicano Ricardo Legorreta","breadcrumb":{"@id":"https:\/\/centrourbano.com\/revista\/actualidad\/con-exposicion-cdmx-rinde-homenaje-al-arquitecto-ricardo-legorreta\/#breadcrumb"},"inLanguage":"es","potentialAction":[{"@type":"ReadAction","target":["https:\/\/centrourbano.com\/revista\/actualidad\/con-exposicion-cdmx-rinde-homenaje-al-arquitecto-ricardo-legorreta\/"]}]},{"@type":"ImageObject","inLanguage":"es","@id":"https:\/\/centrourbano.com\/revista\/actualidad\/con-exposicion-cdmx-rinde-homenaje-al-arquitecto-ricardo-legorreta\/#primaryimage","url":"https:\/\/centrourbano.com\/revista\/wp-content\/uploads\/legorreta.jpg","contentUrl":"https:\/\/centrourbano.com\/revista\/wp-content\/uploads\/legorreta.jpg","width":800,"height":800,"caption":"CDMX rinde homenaje al arquitecto Ricardo Legorreta con exposici\u00f3n"},{"@type":"BreadcrumbList","@id":"https:\/\/centrourbano.com\/revista\/actualidad\/con-exposicion-cdmx-rinde-homenaje-al-arquitecto-ricardo-legorreta\/#breadcrumb","itemListElement":[{"@type":"ListItem","position":1,"name":"Portada","item":"https:\/\/centrourbano.com\/revista\/"},{"@type":"ListItem","position":2,"name":"Con exposici\u00f3n, CDMX rinde homenaje al arquitecto Ricardo Legorreta"}]},{"@type":"WebSite","@id":"https:\/\/centrourbano.com\/revista\/#website","url":"https:\/\/centrourbano.com\/revista\/","name":"Centro Urbano","description":"Medio especializado en los sectores vivienda, inmobiliario, construcci\u00f3n, arquitectura y urbanismo.","publisher":{"@id":"https:\/\/centrourbano.com\/revista\/#organization"},"potentialAction":[{"@type":"SearchAction","target":{"@type":"EntryPoint","urlTemplate":"https:\/\/centrourbano.com\/revista\/?s={search_term_string}"},"query-input":{"@type":"PropertyValueSpecification","valueRequired":true,"valueName":"search_term_string"}}],"inLanguage":"es"},{"@type":"Organization","@id":"https:\/\/centrourbano.com\/revista\/#organization","name":"Centro Urbano","url":"https:\/\/centrourbano.com\/revista\/","logo":{"@type":"ImageObject","inLanguage":"es","@id":"https:\/\/centrourbano.com\/revista\/#\/schema\/logo\/image\/","url":"https:\/\/centrourbano.com\/revista\/wp-content\/uploads\/web_CU_logo-1.png","contentUrl":"https:\/\/centrourbano.com\/revista\/wp-content\/uploads\/web_CU_logo-1.png","width":350,"height":91,"caption":"Centro Urbano"},"image":{"@id":"https:\/\/centrourbano.com\/revista\/#\/schema\/logo\/image\/"},"sameAs":["https:\/\/www.facebook.com\/portalcentrourbano","https:\/\/x.com\/CentroUrbano","https:\/\/www.instagram.com\/centro_urbano\/","https:\/\/www.linkedin.com\/company\/centro-urbano\/","http:\/\/www.youtube.com\/user\/portalcentrourbano"]},{"@type":"Person","@id":"https:\/\/centrourbano.com\/revista\/#\/schema\/person\/1660144fe096119752c1c467ee1cb597","name":"Paola Dur\u00e1n","image":{"@type":"ImageObject","inLanguage":"es","@id":"https:\/\/secure.gravatar.com\/avatar\/f64c898584681d3dd909c0f1bf135d38610eeb2df48416094c5791b1e7e251fc?s=96&d=mm&r=g","url":"https:\/\/secure.gravatar.com\/avatar\/f64c898584681d3dd909c0f1bf135d38610eeb2df48416094c5791b1e7e251fc?s=96&d=mm&r=g","contentUrl":"https:\/\/secure.gravatar.com\/avatar\/f64c898584681d3dd909c0f1bf135d38610eeb2df48416094c5791b1e7e251fc?s=96&d=mm&r=g","caption":"Paola Dur\u00e1n"},"url":"https:\/\/centrourbano.com\/revista\/author\/paola-duran\/"}]}},"_links":{"self":[{"href":"https:\/\/centrourbano.com\/revista\/wp-json\/wp\/v2\/posts\/125777","targetHints":{"allow":["GET"]}}],"collection":[{"href":"https:\/\/centrourbano.com\/revista\/wp-json\/wp\/v2\/posts"}],"about":[{"href":"https:\/\/centrourbano.com\/revista\/wp-json\/wp\/v2\/types\/post"}],"author":[{"embeddable":true,"href":"https:\/\/centrourbano.com\/revista\/wp-json\/wp\/v2\/users\/82"}],"replies":[{"embeddable":true,"href":"https:\/\/centrourbano.com\/revista\/wp-json\/wp\/v2\/comments?post=125777"}],"version-history":[{"count":3,"href":"https:\/\/centrourbano.com\/revista\/wp-json\/wp\/v2\/posts\/125777\/revisions"}],"predecessor-version":[{"id":126798,"href":"https:\/\/centrourbano.com\/revista\/wp-json\/wp\/v2\/posts\/125777\/revisions\/126798"}],"wp:featuredmedia":[{"embeddable":true,"href":"https:\/\/centrourbano.com\/revista\/wp-json\/wp\/v2\/media\/125778"}],"wp:attachment":[{"href":"https:\/\/centrourbano.com\/revista\/wp-json\/wp\/v2\/media?parent=125777"}],"wp:term":[{"taxonomy":"category","embeddable":true,"href":"https:\/\/centrourbano.com\/revista\/wp-json\/wp\/v2\/categories?post=125777"},{"taxonomy":"post_tag","embeddable":true,"href":"https:\/\/centrourbano.com\/revista\/wp-json\/wp\/v2\/tags?post=125777"}],"curies":[{"name":"wp","href":"https:\/\/api.w.org\/{rel}","templated":true}]}}