{"id":124620,"date":"2021-12-10T18:51:59","date_gmt":"2021-12-11T00:51:59","guid":{"rendered":"https:\/\/centrourbano.com\/?p=124620"},"modified":"2021-12-10T18:51:59","modified_gmt":"2021-12-11T00:51:59","slug":"lugar-gente-belinda-ramirez","status":"publish","type":"post","link":"https:\/\/centrourbano.com\/revista\/publicaciones\/lugar-gente-belinda-ramirez\/","title":{"rendered":"Ponerse en el lugar de la gente, la filosof\u00eda de Belinda Ram\u00edrez"},"content":{"rendered":"<p><i><span style=\"font-weight: 400;\">La arquitecta Belinda Ram\u00edrez dijo sentirse muy halagada por recibir el reconocimiento m\u00e1s importante del sector, el Premio Hombres y Mujeres de la Casa 2021, en la categor\u00eda Cimientos<\/span><\/i><!--more--><\/p>\n<p><span style=\"font-weight: 400;\">Belinda Ram\u00edrez Reyes ha forjado una trayectoria de m\u00e1s de 40 a\u00f1os en el sector de la vivienda, a lo largo de las cuales ha formado parte de diversas instituciones p\u00fablicas, pero siempre poniendo a las personas en el centro de su actuar.<\/span><\/p>\n<h2><b>\u00bfQui\u00e9n es Belinda Ram\u00edrez?<\/b><\/h2>\n<p><span style=\"font-weight: 400;\">La arquitecta naci\u00f3 y creci\u00f3 en San Miguelito, uno de los barrios m\u00e1s emblem\u00e1ticos de la ciudad de San Luis Potos\u00ed, donde realiz\u00f3 sus estudios b\u00e1sicos en un colegio privado y exclusivo para mujeres. Posteriormente, para sus estudios profesionales ingres\u00f3 a la<\/span> <span style=\"font-weight: 400;\">Facultad de Arquitectura de la Universidad Nacional Aut\u00f3noma de M\u00e9xico (UNAM).<\/span><\/p>\n<p><span style=\"font-weight: 400;\">\u201cSoy parte de la cultura del esfuerzo. Crec\u00ed y estudi\u00e9 en el colegio Vallarta, en el colegio de mujeres, y despu\u00e9s me met\u00ed en la universidad, a la UNAM. Esto cambi\u00f3 totalmente mi grupo, pas\u00e9 de ser \u2018fif\u00ed\u2019 a ser una persona del autogobierno, que era una tendencia socialista. Y eso me ayud\u00f3 mucho para ver las cosas m\u00e1s equilibradas, m\u00e1s neutras, sin apasionarme y ser radical en los puntos\u201d, record\u00f3.<\/span><\/p>\n<p><span style=\"font-weight: 400;\">Ram\u00edrez se\u00f1al\u00f3 que, cuando cursaba el s\u00e9ptimo semestre de la carrera, ya casada y con una hija de dos a\u00f1os, uno de sus amigos la invit\u00f3 a trabajar en<\/span> <span style=\"font-weight: 400;\">la entonces Secretar\u00eda de Asentamientos Humanos y Obras P\u00fablicas (SAHOP), hoy Secretar\u00eda de Bienestar del Gobierno Federal.<\/span><\/p>\n<p><span style=\"font-weight: 400;\">Asimismo, relat\u00f3 que en estos a\u00f1os sus d\u00edas se divid\u00edan entre trabajar la mayor parte del d\u00eda, estudiar por las noches y, a\u00fan as\u00ed, encontrar tiempo para disfrutar de ser madre y esposa, lo cual fue posible gracias al apoyo de su familia.<\/span><\/p>\n<p><span style=\"font-weight: 400;\">\u201cMi familia ha sido toda mi estabilidad emocional, ha sido muy importante. Tengo que agradecerles mucho, porque si uno no tiene ese equilibrio, no puede ver por los dem\u00e1s o trabajar y dar de s\u00ed lo m\u00e1s que se pueda. Tiene uno que estar equilibrado y el apoyo familiar es indispensable\u201d, consider\u00f3.<\/span><\/p>\n<p><span style=\"font-weight: 400;\">De esta manera, su carrera poco a poco fue creciendo y fue ascendiendo dentro de la SAHOP, en el<\/span> <span style=\"font-weight: 400;\">sector de la vivienda, equipamiento y desarrollo urbano.<\/span><\/p>\n<p><span style=\"font-weight: 400;\">\u201cMe siento muy realizada porque mi carrera siempre fue en ascenso. Ya al final como que con altas y bajas, estaba en un lugar impensado, con las cosas que siempre suceden, etc\u00e9tera. Sin embargo, siempre en ascenso, siempre activa. Mis hijas ya desarrolladas, ya las dos se casaron y cada una tiene tres hijos, mis nietos son mi adoraci\u00f3n; y ya como que mi vida se ha estabilizado, se ha equilibrado mi vida personal con mi vida laboral\u201d, asegur\u00f3.<\/span><\/p>\n<h2><b>Su trayectoria en el sector de la vivienda<\/b><\/h2>\n<p><span style=\"font-weight: 400;\">A lo largo de sus m\u00e1s de cuatro d\u00e9cadas de trayectoria, la arquitecta Belinda Ram\u00edrez ha participado en diversas dependencias enfocadas a la industria de la vivienda, como la SAHOP, el entonces<\/span> <span style=\"font-weight: 400;\">Fideicomiso Casa Propia (Ficapro), el Instituto del Fondo Nacional de la Vivienda para los Trabajadores (Infonavit), la Comisi\u00f3n Nacional de Vivienda (Conavi) y el Fondo de la Vivienda del ISSSTE (Fovissste).<\/span><\/p>\n<p><span style=\"font-weight: 400;\">De igual manera, fue consultora<\/span> <span style=\"font-weight: 400;\">y asesora de la Compa\u00f1\u00eda de Luz y Fuerza, representante de M\u00e9xico ante la<\/span> <span style=\"font-weight: 400;\">Uni\u00f3n Interamericana para la Vivienda (Uniapravi), miembro y presidenta del Colegio de Arquitectos de la Ciudad de M\u00e9xico y Sociedad de Arquitectos Mexicanos (CAM-SAM).<\/span><\/p>\n<p><span style=\"font-weight: 400;\">Al respecto, Ram\u00edrez Reyes mencion\u00f3 que no ha sido f\u00e1cil abrirse camino en una industria dominada por hombres, y en la que ha tenido que enfrentarse a la misoginia, discriminaci\u00f3n y desacreditaci\u00f3n.<\/span><\/p>\n<p><span style=\"font-weight: 400;\">\u201cHa sido dif\u00edcil, sin embargo, yo creo que los principios que uno trae son los que nos ayudan mucho. Y una de las cosas que yo siempre he pensado es que el propio enemigo que tiene uno es uno mismo; o sea, si yo me pongo una imagen de que soy v\u00edctima, entonces caigo en eso y no lucho. Entonces, una de las cosas que yo he hecho es ponerme una imagen de ir hacia adelante, soy luchadora, soy aventada, no le he tenido miedo a muchas cosas, muchas veces no mido consecuencias, me he aventado muy fuerte, pero llegu\u00e9 a ser la \u00fanica mujer en el Infonavit\u201d, dijo.<\/span><\/p>\n<h2><b>La filosof\u00eda de Belinda Ram\u00edrez<\/b><\/h2>\n<p><span style=\"font-weight: 400;\">La arquitecta relat\u00f3 que, dentro de toda su vida profesional, el a\u00f1o que m\u00e1s la ha marcado es 1985, despu\u00e9s del sismo del 19 de septiembre de aquel a\u00f1o, cuando trabaj\u00f3 atendiendo a los damnificados y se dio cuenta de que muchas de las cosas que se hac\u00edan eran pensando en la instituci\u00f3n y no en las personas.<\/span><\/p>\n<p><span style=\"font-weight: 400;\">\u201cEl 85 me cambi\u00f3 mucho la visi\u00f3n y la forma de ver las cosas, y, a partir de ah\u00ed, hubo un cambio radical en las pol\u00edticas p\u00fablicas. Para m\u00ed, este a\u00f1o me marc\u00f3 mucho. (\u2026) O sea, nada m\u00e1s de pensar en esa gente, c\u00f3mo estaba, c\u00f3mo estaba sufriendo, fue un parteaguas para m\u00ed. Esta situaci\u00f3n fue la que m\u00e1s me sensibiliz\u00f3 en que uno trabaja para ellos, no trabajas para ti, para m\u00ed o para la industria; la industria y nosotros desde el Gobierno trabajamos para este fin, que son los beneficiarios\u201d, mencion\u00f3.<\/span><\/p>\n<p><span style=\"font-weight: 400;\">Fue as\u00ed como la arquitecta adopt\u00f3 la filosof\u00eda de pensar en los dem\u00e1s y ponerse en el lugar de las personas, para as\u00ed garantizar que se les otorgue una vivienda digna y de acuerdo a sus necesidades; as\u00ed como para darles seguridad sobre su patrimonio.<\/span><\/p>\n<p><span style=\"font-weight: 400;\">Y de igual manera, es importante ponerse en el lugar de los desarrolladores, supervisores y valuadores para asegurar que se construyan viviendas de calidad y que se vendan a la gente a un precio justo.<\/span><\/p>\n<p><span style=\"font-weight: 400;\">\u201cTiene uno que pensar en los dem\u00e1s, o sea, mi filosof\u00eda ha sido ponerme en el zapato de los otros, sean empresarios, sean profesionistas, los arquitectos, ingenieros, los directores responsables de obra, los ingenieros civiles, los fabricantes de materiales, hasta los que distribuyen los materiales; o sea, toda la cadena. Te pones a pensar en ello y en los programas que funcionan, y el chiste es generar empleo, generar una producci\u00f3n habitacional de calidad y en cantidad a las necesidades de la gente\u201d, expuso.<\/span><\/p>\n<h2><b>Premio HyM 2021<\/b><\/h2>\n<p><span style=\"font-weight: 400;\">Por todo lo anterior, la arquitecta Belinda Ram\u00edrez es la ganadora del<\/span> <span style=\"font-weight: 400;\">reconocimiento m\u00e1s importante del sector, el Premio Hombres y Mujeres de la Casa 2021, considerado como el \u2018Oscar de la vivienda\u2019, en la categor\u00eda Cimientos.<\/span><\/p>\n<p><span style=\"font-weight: 400;\">\u201cEstoy muy contenta, es un regocijo, es una emoci\u00f3n indescriptible. Llevo muchos a\u00f1os en esto y he visto muchas entregas de premios, pero el saber que ahora me toca a m\u00ed, me cay\u00f3 de sorpresa, no me lo esperaba. Uno trabaja por hacer las cosas, pero nunca est\u00e1 uno pensando en un reconocimiento, y cuando hay uno como que dices \u2018a caray, no me lo esperaba\u2019. Esta emoci\u00f3n es realmente indescriptible y la verdad que estoy muy agradecida\u201d, expres\u00f3.<\/span><\/p>\n<p><span style=\"font-weight: 400;\">Asimismo, dijo sentirse halagada de recibir el premio junto con<\/span> <span style=\"font-weight: 400;\">Gonzalo M\u00e9ndez, presidente de la C\u00e1mara Nacional de la Industria de Desarrollo y Promoci\u00f3n de Vivienda (Canadevi), galardonado en la categor\u00eda Sector Privado; as\u00ed como Mauricio Vila, gobernador del estado de Yucat\u00e1n, en la categor\u00eda Sector P\u00fablico.<\/span><\/p>\n<p><span style=\"font-weight: 400;\">\u201cTener estos compa\u00f1eros ganadores del premio es inaudito. El gobernador de Yucat\u00e1n ha impulsado y ha puesto una fuerza muy importante para la promoci\u00f3n de la vivienda en el estado, cosa que se necesita en una \u00e9poca de pandemia; cuando se trabaja el sector p\u00fablico, anteponiendo los intereses de la naci\u00f3n antes que los intereses personales, es algo que yo admiro y alab\u00f3 del gobernador. Y Gonzalo M\u00e9ndez, bueno, lo conozco de toda la vida, es una persona que tambi\u00e9n nace de la cultura del esfuerzo y entra en una \u00e9poca muy dif\u00edcil, le toca una situaci\u00f3n muy dif\u00edcil, una situaci\u00f3n del pa\u00eds muy <\/span><i><span style=\"font-weight: 400;\">sui generis;<\/span><\/i><span style=\"font-weight: 400;\"> sin embargo, yo creo que Gonzalo ha mantenido a la industria activa\u201d, concluy\u00f3.<\/span><\/p>\n","protected":false},"excerpt":{"rendered":"<p>La arquitecta Belinda Ram\u00edrez dijo sentirse muy halagada por recibir el reconocimiento m\u00e1s importante del sector, el Premio Hombres y Mujeres de la Casa 2021, en la categor\u00eda Cimientos<\/p>\n","protected":false},"author":73,"featured_media":124621,"comment_status":"open","ping_status":"closed","sticky":false,"template":"","format":"standard","meta":{"om_disable_all_campaigns":false,"inline_featured_image":false,"_monsterinsights_skip_tracking":false,"_monsterinsights_sitenote_active":false,"_monsterinsights_sitenote_note":"","_monsterinsights_sitenote_category":0,"footnotes":""},"categories":[8367,7861,4],"tags":[],"class_list":["post-124620","post","type-post","status-publish","format-standard","has-post-thumbnail","hentry","category-hombresymujeresdelacasa","category-hombres-y-mujeres-magazine","category-publicaciones"],"yoast_head":"<!-- This site is optimized with the Yoast SEO plugin v27.5 - https:\/\/yoast.com\/product\/yoast-seo-wordpress\/ -->\n<title>Ponerse en el lugar de la gente, la filosof\u00eda de Belinda Ram\u00edrez<\/title>\n<meta name=\"description\" content=\"Belinda Ram\u00edrez dijo sentirse muy halagada por recibir el Premio Hombres y Mujeres de la Casa 2021, en la categor\u00eda Cimientos\" \/>\n<meta name=\"robots\" content=\"index, follow, max-snippet:-1, max-image-preview:large, max-video-preview:-1\" \/>\n<link rel=\"canonical\" href=\"https:\/\/centrourbano.com\/revista\/publicaciones\/lugar-gente-belinda-ramirez\/\" \/>\n<meta property=\"og:locale\" content=\"es_ES\" \/>\n<meta property=\"og:type\" content=\"article\" \/>\n<meta property=\"og:title\" content=\"Ponerse en el lugar de la gente, la filosof\u00eda de Belinda Ram\u00edrez\" \/>\n<meta property=\"og:description\" content=\"Belinda Ram\u00edrez dijo sentirse muy halagada por recibir el Premio Hombres y Mujeres de la Casa 2021, en la categor\u00eda Cimientos\" \/>\n<meta property=\"og:url\" content=\"https:\/\/centrourbano.com\/revista\/publicaciones\/lugar-gente-belinda-ramirez\/\" \/>\n<meta property=\"og:site_name\" content=\"Centro Urbano\" \/>\n<meta property=\"article:publisher\" content=\"https:\/\/www.facebook.com\/portalcentrourbano\" \/>\n<meta property=\"article:published_time\" content=\"2021-12-11T00:51:59+00:00\" \/>\n<meta property=\"og:image\" content=\"https:\/\/centrourbano.com\/revista\/wp-content\/uploads\/Ponerse-en-el-lugar-de-la-gente-la-filosofia-de-Belinda-Ramirez.jpg\" \/>\n\t<meta property=\"og:image:width\" content=\"518\" \/>\n\t<meta property=\"og:image:height\" content=\"450\" \/>\n\t<meta property=\"og:image:type\" content=\"image\/jpeg\" \/>\n<meta name=\"author\" content=\"Fernanda Hern\u00e1ndez\" \/>\n<meta name=\"twitter:card\" content=\"summary_large_image\" \/>\n<meta name=\"twitter:creator\" content=\"@https:\/\/twitter.com\/Nannz_Hernandez\" \/>\n<meta name=\"twitter:site\" content=\"@CentroUrbano\" \/>\n<meta name=\"twitter:label1\" content=\"Escrito por\" \/>\n\t<meta name=\"twitter:data1\" content=\"Fernanda Hern\u00e1ndez\" \/>\n\t<meta name=\"twitter:label2\" content=\"Tiempo de lectura\" \/>\n\t<meta name=\"twitter:data2\" content=\"7 minutos\" \/>\n<script type=\"application\/ld+json\" class=\"yoast-schema-graph\">{\"@context\":\"https:\\\/\\\/schema.org\",\"@graph\":[{\"@type\":\"Article\",\"@id\":\"https:\\\/\\\/centrourbano.com\\\/revista\\\/publicaciones\\\/lugar-gente-belinda-ramirez\\\/#article\",\"isPartOf\":{\"@id\":\"https:\\\/\\\/centrourbano.com\\\/revista\\\/publicaciones\\\/lugar-gente-belinda-ramirez\\\/\"},\"author\":{\"name\":\"Fernanda Hern\u00e1ndez\",\"@id\":\"https:\\\/\\\/centrourbano.com\\\/revista\\\/#\\\/schema\\\/person\\\/bc284507d99af21c6df75a3f1924b95c\"},\"headline\":\"Ponerse en el lugar de la gente, la filosof\u00eda de Belinda Ram\u00edrez\",\"datePublished\":\"2021-12-11T00:51:59+00:00\",\"mainEntityOfPage\":{\"@id\":\"https:\\\/\\\/centrourbano.com\\\/revista\\\/publicaciones\\\/lugar-gente-belinda-ramirez\\\/\"},\"wordCount\":1408,\"commentCount\":0,\"publisher\":{\"@id\":\"https:\\\/\\\/centrourbano.com\\\/revista\\\/#organization\"},\"image\":{\"@id\":\"https:\\\/\\\/centrourbano.com\\\/revista\\\/publicaciones\\\/lugar-gente-belinda-ramirez\\\/#primaryimage\"},\"thumbnailUrl\":\"https:\\\/\\\/centrourbano.com\\\/revista\\\/wp-content\\\/uploads\\\/Ponerse-en-el-lugar-de-la-gente-la-filosofia-de-Belinda-Ramirez.jpg\",\"articleSection\":[\"Hombres y Mujeres de la Casa\",\"Hombres y Mujeres Magazine\",\"Publicaciones\"],\"inLanguage\":\"es\",\"potentialAction\":[{\"@type\":\"CommentAction\",\"name\":\"Comment\",\"target\":[\"https:\\\/\\\/centrourbano.com\\\/revista\\\/publicaciones\\\/lugar-gente-belinda-ramirez\\\/#respond\"]}]},{\"@type\":\"WebPage\",\"@id\":\"https:\\\/\\\/centrourbano.com\\\/revista\\\/publicaciones\\\/lugar-gente-belinda-ramirez\\\/\",\"url\":\"https:\\\/\\\/centrourbano.com\\\/revista\\\/publicaciones\\\/lugar-gente-belinda-ramirez\\\/\",\"name\":\"Ponerse en el lugar de la gente, la filosof\u00eda de Belinda Ram\u00edrez\",\"isPartOf\":{\"@id\":\"https:\\\/\\\/centrourbano.com\\\/revista\\\/#website\"},\"primaryImageOfPage\":{\"@id\":\"https:\\\/\\\/centrourbano.com\\\/revista\\\/publicaciones\\\/lugar-gente-belinda-ramirez\\\/#primaryimage\"},\"image\":{\"@id\":\"https:\\\/\\\/centrourbano.com\\\/revista\\\/publicaciones\\\/lugar-gente-belinda-ramirez\\\/#primaryimage\"},\"thumbnailUrl\":\"https:\\\/\\\/centrourbano.com\\\/revista\\\/wp-content\\\/uploads\\\/Ponerse-en-el-lugar-de-la-gente-la-filosofia-de-Belinda-Ramirez.jpg\",\"datePublished\":\"2021-12-11T00:51:59+00:00\",\"description\":\"Belinda Ram\u00edrez dijo sentirse muy halagada por recibir el Premio Hombres y Mujeres de la Casa 2021, en la categor\u00eda Cimientos\",\"breadcrumb\":{\"@id\":\"https:\\\/\\\/centrourbano.com\\\/revista\\\/publicaciones\\\/lugar-gente-belinda-ramirez\\\/#breadcrumb\"},\"inLanguage\":\"es\",\"potentialAction\":[{\"@type\":\"ReadAction\",\"target\":[\"https:\\\/\\\/centrourbano.com\\\/revista\\\/publicaciones\\\/lugar-gente-belinda-ramirez\\\/\"]}]},{\"@type\":\"ImageObject\",\"inLanguage\":\"es\",\"@id\":\"https:\\\/\\\/centrourbano.com\\\/revista\\\/publicaciones\\\/lugar-gente-belinda-ramirez\\\/#primaryimage\",\"url\":\"https:\\\/\\\/centrourbano.com\\\/revista\\\/wp-content\\\/uploads\\\/Ponerse-en-el-lugar-de-la-gente-la-filosofia-de-Belinda-Ramirez.jpg\",\"contentUrl\":\"https:\\\/\\\/centrourbano.com\\\/revista\\\/wp-content\\\/uploads\\\/Ponerse-en-el-lugar-de-la-gente-la-filosofia-de-Belinda-Ramirez.jpg\",\"width\":518,\"height\":450,\"caption\":\"Belinda Ram\u00edrez dijo sentirse muy halagada por recibir el Premio Hombres y Mujeres de la Casa 2021, en la categor\u00eda Cimientos\"},{\"@type\":\"BreadcrumbList\",\"@id\":\"https:\\\/\\\/centrourbano.com\\\/revista\\\/publicaciones\\\/lugar-gente-belinda-ramirez\\\/#breadcrumb\",\"itemListElement\":[{\"@type\":\"ListItem\",\"position\":1,\"name\":\"Portada\",\"item\":\"https:\\\/\\\/centrourbano.com\\\/revista\\\/\"},{\"@type\":\"ListItem\",\"position\":2,\"name\":\"Ponerse en el lugar de la gente, la filosof\u00eda de Belinda Ram\u00edrez\"}]},{\"@type\":\"WebSite\",\"@id\":\"https:\\\/\\\/centrourbano.com\\\/revista\\\/#website\",\"url\":\"https:\\\/\\\/centrourbano.com\\\/revista\\\/\",\"name\":\"Centro Urbano\",\"description\":\"Medio especializado en los sectores vivienda, inmobiliario, construcci\u00f3n, arquitectura y urbanismo.\",\"publisher\":{\"@id\":\"https:\\\/\\\/centrourbano.com\\\/revista\\\/#organization\"},\"potentialAction\":[{\"@type\":\"SearchAction\",\"target\":{\"@type\":\"EntryPoint\",\"urlTemplate\":\"https:\\\/\\\/centrourbano.com\\\/revista\\\/?s={search_term_string}\"},\"query-input\":{\"@type\":\"PropertyValueSpecification\",\"valueRequired\":true,\"valueName\":\"search_term_string\"}}],\"inLanguage\":\"es\"},{\"@type\":\"Organization\",\"@id\":\"https:\\\/\\\/centrourbano.com\\\/revista\\\/#organization\",\"name\":\"Centro Urbano\",\"url\":\"https:\\\/\\\/centrourbano.com\\\/revista\\\/\",\"logo\":{\"@type\":\"ImageObject\",\"inLanguage\":\"es\",\"@id\":\"https:\\\/\\\/centrourbano.com\\\/revista\\\/#\\\/schema\\\/logo\\\/image\\\/\",\"url\":\"https:\\\/\\\/centrourbano.com\\\/revista\\\/wp-content\\\/uploads\\\/web_CU_logo-1.png\",\"contentUrl\":\"https:\\\/\\\/centrourbano.com\\\/revista\\\/wp-content\\\/uploads\\\/web_CU_logo-1.png\",\"width\":350,\"height\":91,\"caption\":\"Centro Urbano\"},\"image\":{\"@id\":\"https:\\\/\\\/centrourbano.com\\\/revista\\\/#\\\/schema\\\/logo\\\/image\\\/\"},\"sameAs\":[\"https:\\\/\\\/www.facebook.com\\\/portalcentrourbano\",\"https:\\\/\\\/x.com\\\/CentroUrbano\",\"https:\\\/\\\/www.instagram.com\\\/centro_urbano\\\/\",\"https:\\\/\\\/www.linkedin.com\\\/company\\\/centro-urbano\\\/\",\"http:\\\/\\\/www.youtube.com\\\/user\\\/portalcentrourbano\"]},{\"@type\":\"Person\",\"@id\":\"https:\\\/\\\/centrourbano.com\\\/revista\\\/#\\\/schema\\\/person\\\/bc284507d99af21c6df75a3f1924b95c\",\"name\":\"Fernanda Hern\u00e1ndez\",\"image\":{\"@type\":\"ImageObject\",\"inLanguage\":\"es\",\"@id\":\"https:\\\/\\\/secure.gravatar.com\\\/avatar\\\/9471831fb0a24eae9d32d826a7cb8ef07c34a41520aca1a0ab1f5c0903ba49b9?s=96&d=mm&r=g\",\"url\":\"https:\\\/\\\/secure.gravatar.com\\\/avatar\\\/9471831fb0a24eae9d32d826a7cb8ef07c34a41520aca1a0ab1f5c0903ba49b9?s=96&d=mm&r=g\",\"contentUrl\":\"https:\\\/\\\/secure.gravatar.com\\\/avatar\\\/9471831fb0a24eae9d32d826a7cb8ef07c34a41520aca1a0ab1f5c0903ba49b9?s=96&d=mm&r=g\",\"caption\":\"Fernanda Hern\u00e1ndez\"},\"description\":\"Reportera y redactora en Centro Urbano. Soy egresada de la licenciatura en Ciencias de la Comunicaci\u00f3n de la Facultad de Ciencias Pol\u00edticas y Sociales (UNAM). Me interesa la cultura, el urbanismo y la arquitectura. Amante del mundo digital, el cine, la m\u00fasica, la lectura y la escritura.\",\"sameAs\":[\"https:\\\/\\\/x.com\\\/https:\\\/\\\/twitter.com\\\/Nannz_Hernandez\"],\"url\":\"https:\\\/\\\/centrourbano.com\\\/revista\\\/author\\\/fernanda-hernandez\\\/\"}]}<\/script>\n<!-- \/ Yoast SEO plugin. -->","yoast_head_json":{"title":"Ponerse en el lugar de la gente, la filosof\u00eda de Belinda Ram\u00edrez","description":"Belinda Ram\u00edrez dijo sentirse muy halagada por recibir el Premio Hombres y Mujeres de la Casa 2021, en la categor\u00eda Cimientos","robots":{"index":"index","follow":"follow","max-snippet":"max-snippet:-1","max-image-preview":"max-image-preview:large","max-video-preview":"max-video-preview:-1"},"canonical":"https:\/\/centrourbano.com\/revista\/publicaciones\/lugar-gente-belinda-ramirez\/","og_locale":"es_ES","og_type":"article","og_title":"Ponerse en el lugar de la gente, la filosof\u00eda de Belinda Ram\u00edrez","og_description":"Belinda Ram\u00edrez dijo sentirse muy halagada por recibir el Premio Hombres y Mujeres de la Casa 2021, en la categor\u00eda Cimientos","og_url":"https:\/\/centrourbano.com\/revista\/publicaciones\/lugar-gente-belinda-ramirez\/","og_site_name":"Centro Urbano","article_publisher":"https:\/\/www.facebook.com\/portalcentrourbano","article_published_time":"2021-12-11T00:51:59+00:00","og_image":[{"width":518,"height":450,"url":"https:\/\/centrourbano.com\/revista\/wp-content\/uploads\/Ponerse-en-el-lugar-de-la-gente-la-filosofia-de-Belinda-Ramirez.jpg","type":"image\/jpeg"}],"author":"Fernanda Hern\u00e1ndez","twitter_card":"summary_large_image","twitter_creator":"@https:\/\/twitter.com\/Nannz_Hernandez","twitter_site":"@CentroUrbano","twitter_misc":{"Escrito por":"Fernanda Hern\u00e1ndez","Tiempo de lectura":"7 minutos"},"schema":{"@context":"https:\/\/schema.org","@graph":[{"@type":"Article","@id":"https:\/\/centrourbano.com\/revista\/publicaciones\/lugar-gente-belinda-ramirez\/#article","isPartOf":{"@id":"https:\/\/centrourbano.com\/revista\/publicaciones\/lugar-gente-belinda-ramirez\/"},"author":{"name":"Fernanda Hern\u00e1ndez","@id":"https:\/\/centrourbano.com\/revista\/#\/schema\/person\/bc284507d99af21c6df75a3f1924b95c"},"headline":"Ponerse en el lugar de la gente, la filosof\u00eda de Belinda Ram\u00edrez","datePublished":"2021-12-11T00:51:59+00:00","mainEntityOfPage":{"@id":"https:\/\/centrourbano.com\/revista\/publicaciones\/lugar-gente-belinda-ramirez\/"},"wordCount":1408,"commentCount":0,"publisher":{"@id":"https:\/\/centrourbano.com\/revista\/#organization"},"image":{"@id":"https:\/\/centrourbano.com\/revista\/publicaciones\/lugar-gente-belinda-ramirez\/#primaryimage"},"thumbnailUrl":"https:\/\/centrourbano.com\/revista\/wp-content\/uploads\/Ponerse-en-el-lugar-de-la-gente-la-filosofia-de-Belinda-Ramirez.jpg","articleSection":["Hombres y Mujeres de la Casa","Hombres y Mujeres Magazine","Publicaciones"],"inLanguage":"es","potentialAction":[{"@type":"CommentAction","name":"Comment","target":["https:\/\/centrourbano.com\/revista\/publicaciones\/lugar-gente-belinda-ramirez\/#respond"]}]},{"@type":"WebPage","@id":"https:\/\/centrourbano.com\/revista\/publicaciones\/lugar-gente-belinda-ramirez\/","url":"https:\/\/centrourbano.com\/revista\/publicaciones\/lugar-gente-belinda-ramirez\/","name":"Ponerse en el lugar de la gente, la filosof\u00eda de Belinda Ram\u00edrez","isPartOf":{"@id":"https:\/\/centrourbano.com\/revista\/#website"},"primaryImageOfPage":{"@id":"https:\/\/centrourbano.com\/revista\/publicaciones\/lugar-gente-belinda-ramirez\/#primaryimage"},"image":{"@id":"https:\/\/centrourbano.com\/revista\/publicaciones\/lugar-gente-belinda-ramirez\/#primaryimage"},"thumbnailUrl":"https:\/\/centrourbano.com\/revista\/wp-content\/uploads\/Ponerse-en-el-lugar-de-la-gente-la-filosofia-de-Belinda-Ramirez.jpg","datePublished":"2021-12-11T00:51:59+00:00","description":"Belinda Ram\u00edrez dijo sentirse muy halagada por recibir el Premio Hombres y Mujeres de la Casa 2021, en la categor\u00eda Cimientos","breadcrumb":{"@id":"https:\/\/centrourbano.com\/revista\/publicaciones\/lugar-gente-belinda-ramirez\/#breadcrumb"},"inLanguage":"es","potentialAction":[{"@type":"ReadAction","target":["https:\/\/centrourbano.com\/revista\/publicaciones\/lugar-gente-belinda-ramirez\/"]}]},{"@type":"ImageObject","inLanguage":"es","@id":"https:\/\/centrourbano.com\/revista\/publicaciones\/lugar-gente-belinda-ramirez\/#primaryimage","url":"https:\/\/centrourbano.com\/revista\/wp-content\/uploads\/Ponerse-en-el-lugar-de-la-gente-la-filosofia-de-Belinda-Ramirez.jpg","contentUrl":"https:\/\/centrourbano.com\/revista\/wp-content\/uploads\/Ponerse-en-el-lugar-de-la-gente-la-filosofia-de-Belinda-Ramirez.jpg","width":518,"height":450,"caption":"Belinda Ram\u00edrez dijo sentirse muy halagada por recibir el Premio Hombres y Mujeres de la Casa 2021, en la categor\u00eda Cimientos"},{"@type":"BreadcrumbList","@id":"https:\/\/centrourbano.com\/revista\/publicaciones\/lugar-gente-belinda-ramirez\/#breadcrumb","itemListElement":[{"@type":"ListItem","position":1,"name":"Portada","item":"https:\/\/centrourbano.com\/revista\/"},{"@type":"ListItem","position":2,"name":"Ponerse en el lugar de la gente, la filosof\u00eda de Belinda Ram\u00edrez"}]},{"@type":"WebSite","@id":"https:\/\/centrourbano.com\/revista\/#website","url":"https:\/\/centrourbano.com\/revista\/","name":"Centro Urbano","description":"Medio especializado en los sectores vivienda, inmobiliario, construcci\u00f3n, arquitectura y urbanismo.","publisher":{"@id":"https:\/\/centrourbano.com\/revista\/#organization"},"potentialAction":[{"@type":"SearchAction","target":{"@type":"EntryPoint","urlTemplate":"https:\/\/centrourbano.com\/revista\/?s={search_term_string}"},"query-input":{"@type":"PropertyValueSpecification","valueRequired":true,"valueName":"search_term_string"}}],"inLanguage":"es"},{"@type":"Organization","@id":"https:\/\/centrourbano.com\/revista\/#organization","name":"Centro Urbano","url":"https:\/\/centrourbano.com\/revista\/","logo":{"@type":"ImageObject","inLanguage":"es","@id":"https:\/\/centrourbano.com\/revista\/#\/schema\/logo\/image\/","url":"https:\/\/centrourbano.com\/revista\/wp-content\/uploads\/web_CU_logo-1.png","contentUrl":"https:\/\/centrourbano.com\/revista\/wp-content\/uploads\/web_CU_logo-1.png","width":350,"height":91,"caption":"Centro Urbano"},"image":{"@id":"https:\/\/centrourbano.com\/revista\/#\/schema\/logo\/image\/"},"sameAs":["https:\/\/www.facebook.com\/portalcentrourbano","https:\/\/x.com\/CentroUrbano","https:\/\/www.instagram.com\/centro_urbano\/","https:\/\/www.linkedin.com\/company\/centro-urbano\/","http:\/\/www.youtube.com\/user\/portalcentrourbano"]},{"@type":"Person","@id":"https:\/\/centrourbano.com\/revista\/#\/schema\/person\/bc284507d99af21c6df75a3f1924b95c","name":"Fernanda Hern\u00e1ndez","image":{"@type":"ImageObject","inLanguage":"es","@id":"https:\/\/secure.gravatar.com\/avatar\/9471831fb0a24eae9d32d826a7cb8ef07c34a41520aca1a0ab1f5c0903ba49b9?s=96&d=mm&r=g","url":"https:\/\/secure.gravatar.com\/avatar\/9471831fb0a24eae9d32d826a7cb8ef07c34a41520aca1a0ab1f5c0903ba49b9?s=96&d=mm&r=g","contentUrl":"https:\/\/secure.gravatar.com\/avatar\/9471831fb0a24eae9d32d826a7cb8ef07c34a41520aca1a0ab1f5c0903ba49b9?s=96&d=mm&r=g","caption":"Fernanda Hern\u00e1ndez"},"description":"Reportera y redactora en Centro Urbano. Soy egresada de la licenciatura en Ciencias de la Comunicaci\u00f3n de la Facultad de Ciencias Pol\u00edticas y Sociales (UNAM). Me interesa la cultura, el urbanismo y la arquitectura. Amante del mundo digital, el cine, la m\u00fasica, la lectura y la escritura.","sameAs":["https:\/\/x.com\/https:\/\/twitter.com\/Nannz_Hernandez"],"url":"https:\/\/centrourbano.com\/revista\/author\/fernanda-hernandez\/"}]}},"_links":{"self":[{"href":"https:\/\/centrourbano.com\/revista\/wp-json\/wp\/v2\/posts\/124620","targetHints":{"allow":["GET"]}}],"collection":[{"href":"https:\/\/centrourbano.com\/revista\/wp-json\/wp\/v2\/posts"}],"about":[{"href":"https:\/\/centrourbano.com\/revista\/wp-json\/wp\/v2\/types\/post"}],"author":[{"embeddable":true,"href":"https:\/\/centrourbano.com\/revista\/wp-json\/wp\/v2\/users\/73"}],"replies":[{"embeddable":true,"href":"https:\/\/centrourbano.com\/revista\/wp-json\/wp\/v2\/comments?post=124620"}],"version-history":[{"count":1,"href":"https:\/\/centrourbano.com\/revista\/wp-json\/wp\/v2\/posts\/124620\/revisions"}],"predecessor-version":[{"id":124622,"href":"https:\/\/centrourbano.com\/revista\/wp-json\/wp\/v2\/posts\/124620\/revisions\/124622"}],"wp:featuredmedia":[{"embeddable":true,"href":"https:\/\/centrourbano.com\/revista\/wp-json\/wp\/v2\/media\/124621"}],"wp:attachment":[{"href":"https:\/\/centrourbano.com\/revista\/wp-json\/wp\/v2\/media?parent=124620"}],"wp:term":[{"taxonomy":"category","embeddable":true,"href":"https:\/\/centrourbano.com\/revista\/wp-json\/wp\/v2\/categories?post=124620"},{"taxonomy":"post_tag","embeddable":true,"href":"https:\/\/centrourbano.com\/revista\/wp-json\/wp\/v2\/tags?post=124620"}],"curies":[{"name":"wp","href":"https:\/\/api.w.org\/{rel}","templated":true}]}}