{"id":12461,"date":"2014-11-10T15:25:27","date_gmt":"2014-11-10T21:25:27","guid":{"rendered":"http:\/\/centrourbano.com\/?p=12461"},"modified":"2014-11-10T15:30:12","modified_gmt":"2014-11-10T21:30:12","slug":"recibe-fernando-gonzalez-gortazar-medalla-bellas-artes","status":"publish","type":"post","link":"https:\/\/centrourbano.com\/revista\/arquitectura-2\/recibe-fernando-gonzalez-gortazar-medalla-bellas-artes\/","title":{"rendered":"Recibe Fernando Gonz\u00e1lez Gort\u00e1zar Medalla Bellas Artes"},"content":{"rendered":"<p><em>Durante el evento el escultor advirti\u00f3\u00a0 que ejercer la arquitectura y el urbanismo es un acto de amor<\/em><br \/>\n<!--more--><\/p>\n<p>El reconocido arquitecto Fernando Gonz\u00e1lez Gort\u00e1zar recibi\u00f3 la Medalla Bellas Artes, m\u00e1ximo galard\u00f3n que otorga el Instituto Nacional de Bellas Artes\u00a0 (INBA), en el Museo de Arte Moderno (MAM).<\/p>\n<p>Al respecto, Mar\u00eda Cristina Garc\u00eda Cepeda, directora general del INBA, declar\u00f3 que este es un reconocimiento a un utopista, artista p\u00fablico y creador responsable, pilar de la arquitectura moderna en M\u00e9xico.<\/p>\n<p>Por su parte, Gonz\u00e1lez Gort\u00e1zar declar\u00f3 que la arquitectura no puede seguir siendo una profesi\u00f3n para ricos. En el momento en que se convierta en patrimonio de todos, podremos decir que la hemos revivido y que est\u00e1 cumpliendo por fin con su funci\u00f3n.<\/p>\n<p>Indic\u00f3 que Fernando Gonz\u00e1lez es una leyenda viva de nuestra tradici\u00f3n arquitect\u00f3nica, un creador con gran talento y sensibilidad que ha ejercido su profesi\u00f3n pensando en el bien com\u00fan y en la revaloraci\u00f3n de la arquitectura como un espacio para vivir, convivir, al cual pertenecer y gozar<\/p>\n<p>Asimismo, el escultor advirti\u00f3\u00a0 que ejercer la arquitectura y el urbanismo es un acto de amor, porque su capacidad en esta disciplina radica en su capacidad de amar al pr\u00f3jimo.<\/p>\n<p>Fernando Gonz\u00e1lez Gort\u00e1zar estuvo acompa\u00f1ado en la mesa por el arquitecto Juan Palomar y las escritoras Adriana Malvido y Cristina Pacheco. Con esta \u00faltima\u00a0 coincidi\u00f3 en que la belleza se ha convertido en un art\u00edculo de primera necesidad, como el pan y las tortillas, sin la cual no se puede vivir de buena manera, pues la arquitectura condiciona para bien o para mal la calidad de vida de millones de personas.<\/p>\n<p>En su turno,\u00a0 Adriana Malvido habl\u00f3 de las aportaciones que Gonz\u00e1lez Gort\u00e1zar ha realizado a trav\u00e9s de su obra y su pensamiento y resalt\u00f3 que \u00e9l ha sido una voz tan cr\u00edtica como l\u00facida contra las pol\u00edticas y los intereses que d\u00eda a d\u00eda evitan que entre el ciudadano y la ciudad exista un v\u00ednculo basado en el placer, el amor y un sentido de pertenencia mutua.<\/p>\n<p>Durante su participaci\u00f3n, Juan Palomar record\u00f3 las diferentes obras arquitect\u00f3nicas del homenajeado, e indic\u00f3 que las ciudades mexicanas y las de otras partes tiene mucho que agradecer al ge\u00f3metra no simplemente por las huellas que ha dejado, sino por la irradiaci\u00f3n art\u00edstica e intelectual que ha ido generando.<\/p>\n<p>En ese sentido, se\u00f1al\u00f3 que Gonz\u00e1lez Gort\u00e1zar se ha convertido en uno de los m\u00e1s altos maestros de la arquitectura contempor\u00e1nea de nuestro pa\u00eds, cuya trayectoria, recia y de una rar\u00edsima lucidez, ha sido ejemplar para tantos.<\/p>\n<p>&nbsp;<\/p>\n","protected":false},"excerpt":{"rendered":"<p>Durante el evento el escultor advirti\u00f3\u00a0 que ejercer la arquitectura y el urbanismo es un acto de amor<\/p>\n","protected":false},"author":9,"featured_media":0,"comment_status":"open","ping_status":"closed","sticky":false,"template":"","format":"standard","meta":{"om_disable_all_campaigns":false,"inline_featured_image":false,"_monsterinsights_skip_tracking":false,"_monsterinsights_sitenote_active":false,"_monsterinsights_sitenote_note":"","_monsterinsights_sitenote_category":0,"footnotes":""},"categories":[81],"tags":[20,180,3573,388,3084,3574,3085],"class_list":["post-12461","post","type-post","status-publish","format-standard","hentry","category-arquitectura-2","tag-arquitectura","tag-bellas-artes","tag-fernando-gonzalez-gortazar","tag-inba","tag-mam","tag-medalla-bellas-artes","tag-museo-de-arte-moderno"],"yoast_head":"<!-- This site is optimized with the Yoast SEO plugin v27.5 - https:\/\/yoast.com\/product\/yoast-seo-wordpress\/ -->\n<title>Recibe Fernando Gonz\u00e1lez Gort\u00e1zar Medalla Bellas Artes -<\/title>\n<meta name=\"description\" content=\"Durante el evento el escultor advirti\u00f3\u00a0 que ejercer la arquitectura y el urbanismo es un acto de amor El reconocido arquitecto Fernando Gonz\u00e1lez Gort\u00e1zar\" \/>\n<meta name=\"robots\" content=\"index, follow, max-snippet:-1, max-image-preview:large, max-video-preview:-1\" \/>\n<link rel=\"canonical\" href=\"https:\/\/centrourbano.com\/revista\/arquitectura-2\/recibe-fernando-gonzalez-gortazar-medalla-bellas-artes\/\" \/>\n<meta property=\"og:locale\" content=\"es_ES\" \/>\n<meta property=\"og:type\" content=\"article\" \/>\n<meta property=\"og:title\" content=\"Recibe Fernando Gonz\u00e1lez Gort\u00e1zar Medalla Bellas Artes -\" \/>\n<meta property=\"og:description\" content=\"Durante el evento el escultor advirti\u00f3\u00a0 que ejercer la arquitectura y el urbanismo es un acto de amor El reconocido arquitecto Fernando Gonz\u00e1lez Gort\u00e1zar\" \/>\n<meta property=\"og:url\" content=\"https:\/\/centrourbano.com\/revista\/arquitectura-2\/recibe-fernando-gonzalez-gortazar-medalla-bellas-artes\/\" \/>\n<meta property=\"og:site_name\" content=\"Centro Urbano\" \/>\n<meta property=\"article:publisher\" content=\"https:\/\/www.facebook.com\/portalcentrourbano\" \/>\n<meta property=\"article:published_time\" content=\"2014-11-10T21:25:27+00:00\" \/>\n<meta property=\"article:modified_time\" content=\"2014-11-10T21:30:12+00:00\" \/>\n<meta property=\"og:image\" content=\"https:\/\/centrourbano.com\/revista\/wp-content\/uploads\/CU-logo.png\" \/>\n\t<meta property=\"og:image:width\" content=\"350\" \/>\n\t<meta property=\"og:image:height\" content=\"91\" \/>\n\t<meta property=\"og:image:type\" content=\"image\/png\" \/>\n<meta name=\"author\" content=\"Dinorah Nava\" \/>\n<meta name=\"twitter:card\" content=\"summary_large_image\" \/>\n<meta name=\"twitter:creator\" content=\"@https:\/\/twitter.com\/Dinorah_Nava28\" \/>\n<meta name=\"twitter:site\" content=\"@CentroUrbano\" \/>\n<meta name=\"twitter:label1\" content=\"Escrito por\" \/>\n\t<meta name=\"twitter:data1\" content=\"Dinorah Nava\" \/>\n\t<meta name=\"twitter:label2\" content=\"Tiempo de lectura\" \/>\n\t<meta name=\"twitter:data2\" content=\"2 minutos\" \/>\n<script type=\"application\/ld+json\" class=\"yoast-schema-graph\">{\"@context\":\"https:\\\/\\\/schema.org\",\"@graph\":[{\"@type\":\"Article\",\"@id\":\"https:\\\/\\\/centrourbano.com\\\/revista\\\/arquitectura-2\\\/recibe-fernando-gonzalez-gortazar-medalla-bellas-artes\\\/#article\",\"isPartOf\":{\"@id\":\"https:\\\/\\\/centrourbano.com\\\/revista\\\/arquitectura-2\\\/recibe-fernando-gonzalez-gortazar-medalla-bellas-artes\\\/\"},\"author\":{\"name\":\"Dinorah Nava\",\"@id\":\"https:\\\/\\\/centrourbano.com\\\/revista\\\/#\\\/schema\\\/person\\\/baa9e569588d5544150642a11ad28b8b\"},\"headline\":\"Recibe Fernando Gonz\u00e1lez Gort\u00e1zar Medalla Bellas Artes\",\"datePublished\":\"2014-11-10T21:25:27+00:00\",\"dateModified\":\"2014-11-10T21:30:12+00:00\",\"mainEntityOfPage\":{\"@id\":\"https:\\\/\\\/centrourbano.com\\\/revista\\\/arquitectura-2\\\/recibe-fernando-gonzalez-gortazar-medalla-bellas-artes\\\/\"},\"wordCount\":475,\"commentCount\":0,\"publisher\":{\"@id\":\"https:\\\/\\\/centrourbano.com\\\/revista\\\/#organization\"},\"keywords\":[\"arquitectura\",\"bellas artes\",\"Fernando Gonz\u00e1lez Gort\u00e1zar\",\"INBA\",\"MAM\",\"Medalla Bellas Artes\",\"Museo de Arte Moderno\"],\"articleSection\":[\"Arquitectura\"],\"inLanguage\":\"es\",\"potentialAction\":[{\"@type\":\"CommentAction\",\"name\":\"Comment\",\"target\":[\"https:\\\/\\\/centrourbano.com\\\/revista\\\/arquitectura-2\\\/recibe-fernando-gonzalez-gortazar-medalla-bellas-artes\\\/#respond\"]}]},{\"@type\":\"WebPage\",\"@id\":\"https:\\\/\\\/centrourbano.com\\\/revista\\\/arquitectura-2\\\/recibe-fernando-gonzalez-gortazar-medalla-bellas-artes\\\/\",\"url\":\"https:\\\/\\\/centrourbano.com\\\/revista\\\/arquitectura-2\\\/recibe-fernando-gonzalez-gortazar-medalla-bellas-artes\\\/\",\"name\":\"Recibe Fernando Gonz\u00e1lez Gort\u00e1zar Medalla Bellas Artes -\",\"isPartOf\":{\"@id\":\"https:\\\/\\\/centrourbano.com\\\/revista\\\/#website\"},\"datePublished\":\"2014-11-10T21:25:27+00:00\",\"dateModified\":\"2014-11-10T21:30:12+00:00\",\"description\":\"Durante el evento el escultor advirti\u00f3\u00a0 que ejercer la arquitectura y el urbanismo es un acto de amor El reconocido arquitecto Fernando Gonz\u00e1lez Gort\u00e1zar\",\"breadcrumb\":{\"@id\":\"https:\\\/\\\/centrourbano.com\\\/revista\\\/arquitectura-2\\\/recibe-fernando-gonzalez-gortazar-medalla-bellas-artes\\\/#breadcrumb\"},\"inLanguage\":\"es\",\"potentialAction\":[{\"@type\":\"ReadAction\",\"target\":[\"https:\\\/\\\/centrourbano.com\\\/revista\\\/arquitectura-2\\\/recibe-fernando-gonzalez-gortazar-medalla-bellas-artes\\\/\"]}]},{\"@type\":\"BreadcrumbList\",\"@id\":\"https:\\\/\\\/centrourbano.com\\\/revista\\\/arquitectura-2\\\/recibe-fernando-gonzalez-gortazar-medalla-bellas-artes\\\/#breadcrumb\",\"itemListElement\":[{\"@type\":\"ListItem\",\"position\":1,\"name\":\"Portada\",\"item\":\"https:\\\/\\\/centrourbano.com\\\/revista\\\/\"},{\"@type\":\"ListItem\",\"position\":2,\"name\":\"Recibe Fernando Gonz\u00e1lez Gort\u00e1zar Medalla Bellas Artes\"}]},{\"@type\":\"WebSite\",\"@id\":\"https:\\\/\\\/centrourbano.com\\\/revista\\\/#website\",\"url\":\"https:\\\/\\\/centrourbano.com\\\/revista\\\/\",\"name\":\"Centro Urbano\",\"description\":\"Medio especializado en los sectores vivienda, inmobiliario, construcci\u00f3n, arquitectura y urbanismo.\",\"publisher\":{\"@id\":\"https:\\\/\\\/centrourbano.com\\\/revista\\\/#organization\"},\"potentialAction\":[{\"@type\":\"SearchAction\",\"target\":{\"@type\":\"EntryPoint\",\"urlTemplate\":\"https:\\\/\\\/centrourbano.com\\\/revista\\\/?s={search_term_string}\"},\"query-input\":{\"@type\":\"PropertyValueSpecification\",\"valueRequired\":true,\"valueName\":\"search_term_string\"}}],\"inLanguage\":\"es\"},{\"@type\":\"Organization\",\"@id\":\"https:\\\/\\\/centrourbano.com\\\/revista\\\/#organization\",\"name\":\"Centro Urbano\",\"url\":\"https:\\\/\\\/centrourbano.com\\\/revista\\\/\",\"logo\":{\"@type\":\"ImageObject\",\"inLanguage\":\"es\",\"@id\":\"https:\\\/\\\/centrourbano.com\\\/revista\\\/#\\\/schema\\\/logo\\\/image\\\/\",\"url\":\"https:\\\/\\\/centrourbano.com\\\/revista\\\/wp-content\\\/uploads\\\/web_CU_logo-1.png\",\"contentUrl\":\"https:\\\/\\\/centrourbano.com\\\/revista\\\/wp-content\\\/uploads\\\/web_CU_logo-1.png\",\"width\":350,\"height\":91,\"caption\":\"Centro Urbano\"},\"image\":{\"@id\":\"https:\\\/\\\/centrourbano.com\\\/revista\\\/#\\\/schema\\\/logo\\\/image\\\/\"},\"sameAs\":[\"https:\\\/\\\/www.facebook.com\\\/portalcentrourbano\",\"https:\\\/\\\/x.com\\\/CentroUrbano\",\"https:\\\/\\\/www.instagram.com\\\/centro_urbano\\\/\",\"https:\\\/\\\/www.linkedin.com\\\/company\\\/centro-urbano\\\/\",\"http:\\\/\\\/www.youtube.com\\\/user\\\/portalcentrourbano\"]},{\"@type\":\"Person\",\"@id\":\"https:\\\/\\\/centrourbano.com\\\/revista\\\/#\\\/schema\\\/person\\\/baa9e569588d5544150642a11ad28b8b\",\"name\":\"Dinorah Nava\",\"image\":{\"@type\":\"ImageObject\",\"inLanguage\":\"es\",\"@id\":\"https:\\\/\\\/secure.gravatar.com\\\/avatar\\\/f6ca6430c51d147f363940f84e1225aa4b8183885c11802cc3b042305a4ecc1a?s=96&d=mm&r=g\",\"url\":\"https:\\\/\\\/secure.gravatar.com\\\/avatar\\\/f6ca6430c51d147f363940f84e1225aa4b8183885c11802cc3b042305a4ecc1a?s=96&d=mm&r=g\",\"contentUrl\":\"https:\\\/\\\/secure.gravatar.com\\\/avatar\\\/f6ca6430c51d147f363940f84e1225aa4b8183885c11802cc3b042305a4ecc1a?s=96&d=mm&r=g\",\"caption\":\"Dinorah Nava\"},\"description\":\"Editora de Contenidos y Estrategias Digitales en Centro Urbano y Coeditora en Peri\u00f3dico Mi Casa. Egresada de la licenciatura en Comunicaci\u00f3n y Periodismo de la Facultad de Estudios Superiores Arag\u00f3n (UNAM). Amante de la edici\u00f3n y correcci\u00f3n de estilo, las redes sociales y el mundo digital. Especialista en temas son arquitectura, inmobiliario y urbanismo.\",\"sameAs\":[\"linkedin.com\\\/in\\\/dinorah-nava\",\"https:\\\/\\\/x.com\\\/https:\\\/\\\/twitter.com\\\/Dinorah_Nava28\"],\"url\":\"https:\\\/\\\/centrourbano.com\\\/revista\\\/author\\\/dinorah-nava\\\/\"}]}<\/script>\n<!-- \/ Yoast SEO plugin. -->","yoast_head_json":{"title":"Recibe Fernando Gonz\u00e1lez Gort\u00e1zar Medalla Bellas Artes -","description":"Durante el evento el escultor advirti\u00f3\u00a0 que ejercer la arquitectura y el urbanismo es un acto de amor El reconocido arquitecto Fernando Gonz\u00e1lez Gort\u00e1zar","robots":{"index":"index","follow":"follow","max-snippet":"max-snippet:-1","max-image-preview":"max-image-preview:large","max-video-preview":"max-video-preview:-1"},"canonical":"https:\/\/centrourbano.com\/revista\/arquitectura-2\/recibe-fernando-gonzalez-gortazar-medalla-bellas-artes\/","og_locale":"es_ES","og_type":"article","og_title":"Recibe Fernando Gonz\u00e1lez Gort\u00e1zar Medalla Bellas Artes -","og_description":"Durante el evento el escultor advirti\u00f3\u00a0 que ejercer la arquitectura y el urbanismo es un acto de amor El reconocido arquitecto Fernando Gonz\u00e1lez Gort\u00e1zar","og_url":"https:\/\/centrourbano.com\/revista\/arquitectura-2\/recibe-fernando-gonzalez-gortazar-medalla-bellas-artes\/","og_site_name":"Centro Urbano","article_publisher":"https:\/\/www.facebook.com\/portalcentrourbano","article_published_time":"2014-11-10T21:25:27+00:00","article_modified_time":"2014-11-10T21:30:12+00:00","og_image":[{"width":350,"height":91,"url":"https:\/\/centrourbano.com\/revista\/wp-content\/uploads\/CU-logo.png","type":"image\/png"}],"author":"Dinorah Nava","twitter_card":"summary_large_image","twitter_creator":"@https:\/\/twitter.com\/Dinorah_Nava28","twitter_site":"@CentroUrbano","twitter_misc":{"Escrito por":"Dinorah Nava","Tiempo de lectura":"2 minutos"},"schema":{"@context":"https:\/\/schema.org","@graph":[{"@type":"Article","@id":"https:\/\/centrourbano.com\/revista\/arquitectura-2\/recibe-fernando-gonzalez-gortazar-medalla-bellas-artes\/#article","isPartOf":{"@id":"https:\/\/centrourbano.com\/revista\/arquitectura-2\/recibe-fernando-gonzalez-gortazar-medalla-bellas-artes\/"},"author":{"name":"Dinorah Nava","@id":"https:\/\/centrourbano.com\/revista\/#\/schema\/person\/baa9e569588d5544150642a11ad28b8b"},"headline":"Recibe Fernando Gonz\u00e1lez Gort\u00e1zar Medalla Bellas Artes","datePublished":"2014-11-10T21:25:27+00:00","dateModified":"2014-11-10T21:30:12+00:00","mainEntityOfPage":{"@id":"https:\/\/centrourbano.com\/revista\/arquitectura-2\/recibe-fernando-gonzalez-gortazar-medalla-bellas-artes\/"},"wordCount":475,"commentCount":0,"publisher":{"@id":"https:\/\/centrourbano.com\/revista\/#organization"},"keywords":["arquitectura","bellas artes","Fernando Gonz\u00e1lez Gort\u00e1zar","INBA","MAM","Medalla Bellas Artes","Museo de Arte Moderno"],"articleSection":["Arquitectura"],"inLanguage":"es","potentialAction":[{"@type":"CommentAction","name":"Comment","target":["https:\/\/centrourbano.com\/revista\/arquitectura-2\/recibe-fernando-gonzalez-gortazar-medalla-bellas-artes\/#respond"]}]},{"@type":"WebPage","@id":"https:\/\/centrourbano.com\/revista\/arquitectura-2\/recibe-fernando-gonzalez-gortazar-medalla-bellas-artes\/","url":"https:\/\/centrourbano.com\/revista\/arquitectura-2\/recibe-fernando-gonzalez-gortazar-medalla-bellas-artes\/","name":"Recibe Fernando Gonz\u00e1lez Gort\u00e1zar Medalla Bellas Artes -","isPartOf":{"@id":"https:\/\/centrourbano.com\/revista\/#website"},"datePublished":"2014-11-10T21:25:27+00:00","dateModified":"2014-11-10T21:30:12+00:00","description":"Durante el evento el escultor advirti\u00f3\u00a0 que ejercer la arquitectura y el urbanismo es un acto de amor El reconocido arquitecto Fernando Gonz\u00e1lez Gort\u00e1zar","breadcrumb":{"@id":"https:\/\/centrourbano.com\/revista\/arquitectura-2\/recibe-fernando-gonzalez-gortazar-medalla-bellas-artes\/#breadcrumb"},"inLanguage":"es","potentialAction":[{"@type":"ReadAction","target":["https:\/\/centrourbano.com\/revista\/arquitectura-2\/recibe-fernando-gonzalez-gortazar-medalla-bellas-artes\/"]}]},{"@type":"BreadcrumbList","@id":"https:\/\/centrourbano.com\/revista\/arquitectura-2\/recibe-fernando-gonzalez-gortazar-medalla-bellas-artes\/#breadcrumb","itemListElement":[{"@type":"ListItem","position":1,"name":"Portada","item":"https:\/\/centrourbano.com\/revista\/"},{"@type":"ListItem","position":2,"name":"Recibe Fernando Gonz\u00e1lez Gort\u00e1zar Medalla Bellas Artes"}]},{"@type":"WebSite","@id":"https:\/\/centrourbano.com\/revista\/#website","url":"https:\/\/centrourbano.com\/revista\/","name":"Centro Urbano","description":"Medio especializado en los sectores vivienda, inmobiliario, construcci\u00f3n, arquitectura y urbanismo.","publisher":{"@id":"https:\/\/centrourbano.com\/revista\/#organization"},"potentialAction":[{"@type":"SearchAction","target":{"@type":"EntryPoint","urlTemplate":"https:\/\/centrourbano.com\/revista\/?s={search_term_string}"},"query-input":{"@type":"PropertyValueSpecification","valueRequired":true,"valueName":"search_term_string"}}],"inLanguage":"es"},{"@type":"Organization","@id":"https:\/\/centrourbano.com\/revista\/#organization","name":"Centro Urbano","url":"https:\/\/centrourbano.com\/revista\/","logo":{"@type":"ImageObject","inLanguage":"es","@id":"https:\/\/centrourbano.com\/revista\/#\/schema\/logo\/image\/","url":"https:\/\/centrourbano.com\/revista\/wp-content\/uploads\/web_CU_logo-1.png","contentUrl":"https:\/\/centrourbano.com\/revista\/wp-content\/uploads\/web_CU_logo-1.png","width":350,"height":91,"caption":"Centro Urbano"},"image":{"@id":"https:\/\/centrourbano.com\/revista\/#\/schema\/logo\/image\/"},"sameAs":["https:\/\/www.facebook.com\/portalcentrourbano","https:\/\/x.com\/CentroUrbano","https:\/\/www.instagram.com\/centro_urbano\/","https:\/\/www.linkedin.com\/company\/centro-urbano\/","http:\/\/www.youtube.com\/user\/portalcentrourbano"]},{"@type":"Person","@id":"https:\/\/centrourbano.com\/revista\/#\/schema\/person\/baa9e569588d5544150642a11ad28b8b","name":"Dinorah Nava","image":{"@type":"ImageObject","inLanguage":"es","@id":"https:\/\/secure.gravatar.com\/avatar\/f6ca6430c51d147f363940f84e1225aa4b8183885c11802cc3b042305a4ecc1a?s=96&d=mm&r=g","url":"https:\/\/secure.gravatar.com\/avatar\/f6ca6430c51d147f363940f84e1225aa4b8183885c11802cc3b042305a4ecc1a?s=96&d=mm&r=g","contentUrl":"https:\/\/secure.gravatar.com\/avatar\/f6ca6430c51d147f363940f84e1225aa4b8183885c11802cc3b042305a4ecc1a?s=96&d=mm&r=g","caption":"Dinorah Nava"},"description":"Editora de Contenidos y Estrategias Digitales en Centro Urbano y Coeditora en Peri\u00f3dico Mi Casa. Egresada de la licenciatura en Comunicaci\u00f3n y Periodismo de la Facultad de Estudios Superiores Arag\u00f3n (UNAM). Amante de la edici\u00f3n y correcci\u00f3n de estilo, las redes sociales y el mundo digital. Especialista en temas son arquitectura, inmobiliario y urbanismo.","sameAs":["linkedin.com\/in\/dinorah-nava","https:\/\/x.com\/https:\/\/twitter.com\/Dinorah_Nava28"],"url":"https:\/\/centrourbano.com\/revista\/author\/dinorah-nava\/"}]}},"_links":{"self":[{"href":"https:\/\/centrourbano.com\/revista\/wp-json\/wp\/v2\/posts\/12461","targetHints":{"allow":["GET"]}}],"collection":[{"href":"https:\/\/centrourbano.com\/revista\/wp-json\/wp\/v2\/posts"}],"about":[{"href":"https:\/\/centrourbano.com\/revista\/wp-json\/wp\/v2\/types\/post"}],"author":[{"embeddable":true,"href":"https:\/\/centrourbano.com\/revista\/wp-json\/wp\/v2\/users\/9"}],"replies":[{"embeddable":true,"href":"https:\/\/centrourbano.com\/revista\/wp-json\/wp\/v2\/comments?post=12461"}],"version-history":[{"count":0,"href":"https:\/\/centrourbano.com\/revista\/wp-json\/wp\/v2\/posts\/12461\/revisions"}],"wp:attachment":[{"href":"https:\/\/centrourbano.com\/revista\/wp-json\/wp\/v2\/media?parent=12461"}],"wp:term":[{"taxonomy":"category","embeddable":true,"href":"https:\/\/centrourbano.com\/revista\/wp-json\/wp\/v2\/categories?post=12461"},{"taxonomy":"post_tag","embeddable":true,"href":"https:\/\/centrourbano.com\/revista\/wp-json\/wp\/v2\/tags?post=12461"}],"curies":[{"name":"wp","href":"https:\/\/api.w.org\/{rel}","templated":true}]}}