{"id":124537,"date":"2021-12-09T18:00:03","date_gmt":"2021-12-10T00:00:03","guid":{"rendered":"https:\/\/centrourbano.com\/?p=124537"},"modified":"2021-12-28T15:26:24","modified_gmt":"2021-12-28T21:26:24","slug":"inician-trabajos-de-rehabilitacion-del-acueducto-xpujil","status":"publish","type":"post","link":"https:\/\/centrourbano.com\/revista\/construccion\/inician-trabajos-de-rehabilitacion-del-acueducto-xpujil\/","title":{"rendered":"Inician trabajos de rehabilitaci\u00f3n del acueducto L\u00f3pez Mateos-Xpujil.\u00a0"},"content":{"rendered":"<p><em>\u00a0Hasta ahora, se ha invertido m\u00e1s de 700 mdp en peticiones y acuerdos del proceso de consulta ind\u00edgena en el \u00e1rea de influencia de Tren Maya<\/em><!--more--><\/p>\n<p>En el marco del proceso de consulta ind\u00edgena del <a href=\"https:\/\/centrourbano.com\/actualidad\/tren-maya-reducira-carencias-sureste\/\" target=\"_blank\" rel=\"noopener\">Tren Maya<\/a>, Gobierno de M\u00e9xico inici\u00f3 los trabajos emergentes para rehabilitar el acueducto L\u00f3pez Mateos-Xpujil.<\/p>\n<p>Este acueducto tiene c\u00f3mo objetivo garantizar el acceso y suministro del agua a m\u00e1s de 30 mil habitantes del municipio de Calakmul, <a href=\"https:\/\/www.campeche.gob.mx\/\" target=\"_blank\" rel=\"noopener\">Campeche.<\/a><\/p>\n<p>De acuerdo con los Funcionarios de Fonatur\u00a0 la rehabilitaci\u00f3n del acueducto es una iniciativa que surge y se detona como resultado del di\u00e1logo permanente que se tiene con las comunidades ind\u00edgenas y rurales del \u00e1rea de influencia del proyecto.<\/p>\n<p>Durante una reuni\u00f3n con\u00a0 la Secretar\u00eda de la Defensa Nacional (Sedena), Fonatur-Tren Maya, el gobierno del estado de Campeche y las autoridades municipales de Calakmul, la Conagua reiter\u00f3 su compromiso de garantizar el derecho humano para toda la poblaci\u00f3n, en especial para los sectores m\u00e1s vulnerables.<\/p>\n<p>As\u00ed mismo,\u00a0 la Comisi\u00f3n Nacional del Agua inform\u00f3 que se la inversi\u00f3n para el acueducto en el 2022 ser\u00e1 de 1,000 millones de pesos.<\/p>\n<p>En cuanto a la realizaci\u00f3n de los trabajos emergentes, se invirti\u00f3 la cantidad de 17.7 MDP en lo que va del a\u00f1o.<\/p>\n<p>Respecto a la inversi\u00f3n destinada a estudios de diagn\u00f3stico, an\u00e1lisis de alternativas, ingenier\u00eda b\u00e1sica y anteproyecto para la rehabilitaci\u00f3n y modernizaci\u00f3n del acueducto, se ha ejercido un presupuesto de 18.7 MDP, mismos que concluir\u00e1 en el mes de diciembre.<\/p>\n<p>Finalmente, los representantes de sectores gubernamentales, reiteraron su compromiso para\u00a0 que las comunidades m\u00e1s vulnerables tengan las condiciones \u00f3ptimas para ser parte de los beneficios que detonar\u00e1 el proyecto del Tren Maya.<\/p>\n<p>&nbsp;<\/p>\n<p>&nbsp;<\/p>\n","protected":false},"excerpt":{"rendered":"<p>\u00a0Hasta ahora, se ha invertido m\u00e1s de 700 mdp en peticiones y acuerdos del proceso de consulta ind\u00edgena en el \u00e1rea de influencia de Tren Maya<\/p>\n","protected":false},"author":82,"featured_media":124552,"comment_status":"open","ping_status":"closed","sticky":false,"template":"","format":"standard","meta":{"om_disable_all_campaigns":false,"inline_featured_image":false,"_monsterinsights_skip_tracking":false,"_monsterinsights_sitenote_active":false,"_monsterinsights_sitenote_note":"","_monsterinsights_sitenote_category":0,"footnotes":""},"categories":[14,82],"tags":[21249,7283,14281],"class_list":["post-124537","post","type-post","status-publish","format-standard","has-post-thumbnail","hentry","category-construccion","category-urbanismo","tag-acueducto-xpujil","tag-avances","tag-tren-maya"],"yoast_head":"<!-- This site is optimized with the Yoast SEO plugin v27.5 - https:\/\/yoast.com\/product\/yoast-seo-wordpress\/ -->\n<title>Inician trabajos de rehabilitaci\u00f3n del acueducto L\u00f3pez Mateos-Xpujil.\u00a0<\/title>\n<meta name=\"description\" content=\"\u00a0Hasta ahora, se ha invertido m\u00e1s de 700 mdp en peticiones y acuerdos del proceso de consulta ind\u00edgena en el \u00e1rea de influencia de Tren Maya\" \/>\n<meta name=\"robots\" content=\"index, follow, max-snippet:-1, max-image-preview:large, max-video-preview:-1\" \/>\n<link rel=\"canonical\" href=\"https:\/\/centrourbano.com\/revista\/construccion\/inician-trabajos-de-rehabilitacion-del-acueducto-xpujil\/\" \/>\n<meta property=\"og:locale\" content=\"es_ES\" \/>\n<meta property=\"og:type\" content=\"article\" \/>\n<meta property=\"og:title\" content=\"Inician trabajos de rehabilitaci\u00f3n del acueducto L\u00f3pez Mateos-Xpujil.\u00a0\" \/>\n<meta property=\"og:description\" content=\"\u00a0Hasta ahora, se ha invertido m\u00e1s de 700 mdp en peticiones y acuerdos del proceso de consulta ind\u00edgena en el \u00e1rea de influencia de Tren Maya\" \/>\n<meta property=\"og:url\" content=\"https:\/\/centrourbano.com\/revista\/construccion\/inician-trabajos-de-rehabilitacion-del-acueducto-xpujil\/\" \/>\n<meta property=\"og:site_name\" content=\"Centro Urbano\" \/>\n<meta property=\"article:publisher\" content=\"https:\/\/www.facebook.com\/portalcentrourbano\" \/>\n<meta property=\"article:published_time\" content=\"2021-12-10T00:00:03+00:00\" \/>\n<meta property=\"article:modified_time\" content=\"2021-12-28T21:26:24+00:00\" \/>\n<meta property=\"og:image\" content=\"https:\/\/centrourbano.com\/revista\/wp-content\/uploads\/sdfcv-1.jpg\" \/>\n\t<meta property=\"og:image:width\" content=\"800\" \/>\n\t<meta property=\"og:image:height\" content=\"800\" \/>\n\t<meta property=\"og:image:type\" content=\"image\/jpeg\" \/>\n<meta name=\"author\" content=\"Paola Dur\u00e1n\" \/>\n<meta name=\"twitter:card\" content=\"summary_large_image\" \/>\n<meta name=\"twitter:creator\" content=\"@CentroUrbano\" \/>\n<meta name=\"twitter:site\" content=\"@CentroUrbano\" \/>\n<meta name=\"twitter:label1\" content=\"Escrito por\" \/>\n\t<meta name=\"twitter:data1\" content=\"Paola Dur\u00e1n\" \/>\n\t<meta name=\"twitter:label2\" content=\"Tiempo de lectura\" \/>\n\t<meta name=\"twitter:data2\" content=\"2 minutos\" \/>\n<script type=\"application\/ld+json\" class=\"yoast-schema-graph\">{\"@context\":\"https:\\\/\\\/schema.org\",\"@graph\":[{\"@type\":\"Article\",\"@id\":\"https:\\\/\\\/centrourbano.com\\\/revista\\\/construccion\\\/inician-trabajos-de-rehabilitacion-del-acueducto-xpujil\\\/#article\",\"isPartOf\":{\"@id\":\"https:\\\/\\\/centrourbano.com\\\/revista\\\/construccion\\\/inician-trabajos-de-rehabilitacion-del-acueducto-xpujil\\\/\"},\"author\":{\"name\":\"Paola Dur\u00e1n\",\"@id\":\"https:\\\/\\\/centrourbano.com\\\/revista\\\/#\\\/schema\\\/person\\\/1660144fe096119752c1c467ee1cb597\"},\"headline\":\"Inician trabajos de rehabilitaci\u00f3n del acueducto L\u00f3pez Mateos-Xpujil.\u00a0\",\"datePublished\":\"2021-12-10T00:00:03+00:00\",\"dateModified\":\"2021-12-28T21:26:24+00:00\",\"mainEntityOfPage\":{\"@id\":\"https:\\\/\\\/centrourbano.com\\\/revista\\\/construccion\\\/inician-trabajos-de-rehabilitacion-del-acueducto-xpujil\\\/\"},\"wordCount\":307,\"commentCount\":0,\"publisher\":{\"@id\":\"https:\\\/\\\/centrourbano.com\\\/revista\\\/#organization\"},\"image\":{\"@id\":\"https:\\\/\\\/centrourbano.com\\\/revista\\\/construccion\\\/inician-trabajos-de-rehabilitacion-del-acueducto-xpujil\\\/#primaryimage\"},\"thumbnailUrl\":\"https:\\\/\\\/centrourbano.com\\\/revista\\\/wp-content\\\/uploads\\\/sdfcv-1.jpg\",\"keywords\":[\"Acueducto Xpujil\",\"avances\",\"Tren Maya\"],\"articleSection\":[\"Construcci\u00f3n\",\"Urbanismo\"],\"inLanguage\":\"es\",\"potentialAction\":[{\"@type\":\"CommentAction\",\"name\":\"Comment\",\"target\":[\"https:\\\/\\\/centrourbano.com\\\/revista\\\/construccion\\\/inician-trabajos-de-rehabilitacion-del-acueducto-xpujil\\\/#respond\"]}]},{\"@type\":\"WebPage\",\"@id\":\"https:\\\/\\\/centrourbano.com\\\/revista\\\/construccion\\\/inician-trabajos-de-rehabilitacion-del-acueducto-xpujil\\\/\",\"url\":\"https:\\\/\\\/centrourbano.com\\\/revista\\\/construccion\\\/inician-trabajos-de-rehabilitacion-del-acueducto-xpujil\\\/\",\"name\":\"Inician trabajos de rehabilitaci\u00f3n del acueducto L\u00f3pez Mateos-Xpujil.\u00a0\",\"isPartOf\":{\"@id\":\"https:\\\/\\\/centrourbano.com\\\/revista\\\/#website\"},\"primaryImageOfPage\":{\"@id\":\"https:\\\/\\\/centrourbano.com\\\/revista\\\/construccion\\\/inician-trabajos-de-rehabilitacion-del-acueducto-xpujil\\\/#primaryimage\"},\"image\":{\"@id\":\"https:\\\/\\\/centrourbano.com\\\/revista\\\/construccion\\\/inician-trabajos-de-rehabilitacion-del-acueducto-xpujil\\\/#primaryimage\"},\"thumbnailUrl\":\"https:\\\/\\\/centrourbano.com\\\/revista\\\/wp-content\\\/uploads\\\/sdfcv-1.jpg\",\"datePublished\":\"2021-12-10T00:00:03+00:00\",\"dateModified\":\"2021-12-28T21:26:24+00:00\",\"description\":\"\u00a0Hasta ahora, se ha invertido m\u00e1s de 700 mdp en peticiones y acuerdos del proceso de consulta ind\u00edgena en el \u00e1rea de influencia de Tren Maya\",\"breadcrumb\":{\"@id\":\"https:\\\/\\\/centrourbano.com\\\/revista\\\/construccion\\\/inician-trabajos-de-rehabilitacion-del-acueducto-xpujil\\\/#breadcrumb\"},\"inLanguage\":\"es\",\"potentialAction\":[{\"@type\":\"ReadAction\",\"target\":[\"https:\\\/\\\/centrourbano.com\\\/revista\\\/construccion\\\/inician-trabajos-de-rehabilitacion-del-acueducto-xpujil\\\/\"]}]},{\"@type\":\"ImageObject\",\"inLanguage\":\"es\",\"@id\":\"https:\\\/\\\/centrourbano.com\\\/revista\\\/construccion\\\/inician-trabajos-de-rehabilitacion-del-acueducto-xpujil\\\/#primaryimage\",\"url\":\"https:\\\/\\\/centrourbano.com\\\/revista\\\/wp-content\\\/uploads\\\/sdfcv-1.jpg\",\"contentUrl\":\"https:\\\/\\\/centrourbano.com\\\/revista\\\/wp-content\\\/uploads\\\/sdfcv-1.jpg\",\"width\":800,\"height\":800,\"caption\":\"Inician trabajos de rehabilitaci\u00f3n del acueducto L\u00f3pez Mateos-Xpujil.\u00a0\"},{\"@type\":\"BreadcrumbList\",\"@id\":\"https:\\\/\\\/centrourbano.com\\\/revista\\\/construccion\\\/inician-trabajos-de-rehabilitacion-del-acueducto-xpujil\\\/#breadcrumb\",\"itemListElement\":[{\"@type\":\"ListItem\",\"position\":1,\"name\":\"Portada\",\"item\":\"https:\\\/\\\/centrourbano.com\\\/revista\\\/\"},{\"@type\":\"ListItem\",\"position\":2,\"name\":\"Inician trabajos de rehabilitaci\u00f3n del acueducto L\u00f3pez Mateos-Xpujil.\u00a0\"}]},{\"@type\":\"WebSite\",\"@id\":\"https:\\\/\\\/centrourbano.com\\\/revista\\\/#website\",\"url\":\"https:\\\/\\\/centrourbano.com\\\/revista\\\/\",\"name\":\"Centro Urbano\",\"description\":\"Medio especializado en los sectores vivienda, inmobiliario, construcci\u00f3n, arquitectura y urbanismo.\",\"publisher\":{\"@id\":\"https:\\\/\\\/centrourbano.com\\\/revista\\\/#organization\"},\"potentialAction\":[{\"@type\":\"SearchAction\",\"target\":{\"@type\":\"EntryPoint\",\"urlTemplate\":\"https:\\\/\\\/centrourbano.com\\\/revista\\\/?s={search_term_string}\"},\"query-input\":{\"@type\":\"PropertyValueSpecification\",\"valueRequired\":true,\"valueName\":\"search_term_string\"}}],\"inLanguage\":\"es\"},{\"@type\":\"Organization\",\"@id\":\"https:\\\/\\\/centrourbano.com\\\/revista\\\/#organization\",\"name\":\"Centro Urbano\",\"url\":\"https:\\\/\\\/centrourbano.com\\\/revista\\\/\",\"logo\":{\"@type\":\"ImageObject\",\"inLanguage\":\"es\",\"@id\":\"https:\\\/\\\/centrourbano.com\\\/revista\\\/#\\\/schema\\\/logo\\\/image\\\/\",\"url\":\"https:\\\/\\\/centrourbano.com\\\/revista\\\/wp-content\\\/uploads\\\/web_CU_logo-1.png\",\"contentUrl\":\"https:\\\/\\\/centrourbano.com\\\/revista\\\/wp-content\\\/uploads\\\/web_CU_logo-1.png\",\"width\":350,\"height\":91,\"caption\":\"Centro Urbano\"},\"image\":{\"@id\":\"https:\\\/\\\/centrourbano.com\\\/revista\\\/#\\\/schema\\\/logo\\\/image\\\/\"},\"sameAs\":[\"https:\\\/\\\/www.facebook.com\\\/portalcentrourbano\",\"https:\\\/\\\/x.com\\\/CentroUrbano\",\"https:\\\/\\\/www.instagram.com\\\/centro_urbano\\\/\",\"https:\\\/\\\/www.linkedin.com\\\/company\\\/centro-urbano\\\/\",\"http:\\\/\\\/www.youtube.com\\\/user\\\/portalcentrourbano\"]},{\"@type\":\"Person\",\"@id\":\"https:\\\/\\\/centrourbano.com\\\/revista\\\/#\\\/schema\\\/person\\\/1660144fe096119752c1c467ee1cb597\",\"name\":\"Paola Dur\u00e1n\",\"image\":{\"@type\":\"ImageObject\",\"inLanguage\":\"es\",\"@id\":\"https:\\\/\\\/secure.gravatar.com\\\/avatar\\\/f64c898584681d3dd909c0f1bf135d38610eeb2df48416094c5791b1e7e251fc?s=96&d=mm&r=g\",\"url\":\"https:\\\/\\\/secure.gravatar.com\\\/avatar\\\/f64c898584681d3dd909c0f1bf135d38610eeb2df48416094c5791b1e7e251fc?s=96&d=mm&r=g\",\"contentUrl\":\"https:\\\/\\\/secure.gravatar.com\\\/avatar\\\/f64c898584681d3dd909c0f1bf135d38610eeb2df48416094c5791b1e7e251fc?s=96&d=mm&r=g\",\"caption\":\"Paola Dur\u00e1n\"},\"url\":\"https:\\\/\\\/centrourbano.com\\\/revista\\\/author\\\/paola-duran\\\/\"}]}<\/script>\n<!-- \/ Yoast SEO plugin. -->","yoast_head_json":{"title":"Inician trabajos de rehabilitaci\u00f3n del acueducto L\u00f3pez Mateos-Xpujil.\u00a0","description":"\u00a0Hasta ahora, se ha invertido m\u00e1s de 700 mdp en peticiones y acuerdos del proceso de consulta ind\u00edgena en el \u00e1rea de influencia de Tren Maya","robots":{"index":"index","follow":"follow","max-snippet":"max-snippet:-1","max-image-preview":"max-image-preview:large","max-video-preview":"max-video-preview:-1"},"canonical":"https:\/\/centrourbano.com\/revista\/construccion\/inician-trabajos-de-rehabilitacion-del-acueducto-xpujil\/","og_locale":"es_ES","og_type":"article","og_title":"Inician trabajos de rehabilitaci\u00f3n del acueducto L\u00f3pez Mateos-Xpujil.\u00a0","og_description":"\u00a0Hasta ahora, se ha invertido m\u00e1s de 700 mdp en peticiones y acuerdos del proceso de consulta ind\u00edgena en el \u00e1rea de influencia de Tren Maya","og_url":"https:\/\/centrourbano.com\/revista\/construccion\/inician-trabajos-de-rehabilitacion-del-acueducto-xpujil\/","og_site_name":"Centro Urbano","article_publisher":"https:\/\/www.facebook.com\/portalcentrourbano","article_published_time":"2021-12-10T00:00:03+00:00","article_modified_time":"2021-12-28T21:26:24+00:00","og_image":[{"width":800,"height":800,"url":"https:\/\/centrourbano.com\/revista\/wp-content\/uploads\/sdfcv-1.jpg","type":"image\/jpeg"}],"author":"Paola Dur\u00e1n","twitter_card":"summary_large_image","twitter_creator":"@CentroUrbano","twitter_site":"@CentroUrbano","twitter_misc":{"Escrito por":"Paola Dur\u00e1n","Tiempo de lectura":"2 minutos"},"schema":{"@context":"https:\/\/schema.org","@graph":[{"@type":"Article","@id":"https:\/\/centrourbano.com\/revista\/construccion\/inician-trabajos-de-rehabilitacion-del-acueducto-xpujil\/#article","isPartOf":{"@id":"https:\/\/centrourbano.com\/revista\/construccion\/inician-trabajos-de-rehabilitacion-del-acueducto-xpujil\/"},"author":{"name":"Paola Dur\u00e1n","@id":"https:\/\/centrourbano.com\/revista\/#\/schema\/person\/1660144fe096119752c1c467ee1cb597"},"headline":"Inician trabajos de rehabilitaci\u00f3n del acueducto L\u00f3pez Mateos-Xpujil.\u00a0","datePublished":"2021-12-10T00:00:03+00:00","dateModified":"2021-12-28T21:26:24+00:00","mainEntityOfPage":{"@id":"https:\/\/centrourbano.com\/revista\/construccion\/inician-trabajos-de-rehabilitacion-del-acueducto-xpujil\/"},"wordCount":307,"commentCount":0,"publisher":{"@id":"https:\/\/centrourbano.com\/revista\/#organization"},"image":{"@id":"https:\/\/centrourbano.com\/revista\/construccion\/inician-trabajos-de-rehabilitacion-del-acueducto-xpujil\/#primaryimage"},"thumbnailUrl":"https:\/\/centrourbano.com\/revista\/wp-content\/uploads\/sdfcv-1.jpg","keywords":["Acueducto Xpujil","avances","Tren Maya"],"articleSection":["Construcci\u00f3n","Urbanismo"],"inLanguage":"es","potentialAction":[{"@type":"CommentAction","name":"Comment","target":["https:\/\/centrourbano.com\/revista\/construccion\/inician-trabajos-de-rehabilitacion-del-acueducto-xpujil\/#respond"]}]},{"@type":"WebPage","@id":"https:\/\/centrourbano.com\/revista\/construccion\/inician-trabajos-de-rehabilitacion-del-acueducto-xpujil\/","url":"https:\/\/centrourbano.com\/revista\/construccion\/inician-trabajos-de-rehabilitacion-del-acueducto-xpujil\/","name":"Inician trabajos de rehabilitaci\u00f3n del acueducto L\u00f3pez Mateos-Xpujil.\u00a0","isPartOf":{"@id":"https:\/\/centrourbano.com\/revista\/#website"},"primaryImageOfPage":{"@id":"https:\/\/centrourbano.com\/revista\/construccion\/inician-trabajos-de-rehabilitacion-del-acueducto-xpujil\/#primaryimage"},"image":{"@id":"https:\/\/centrourbano.com\/revista\/construccion\/inician-trabajos-de-rehabilitacion-del-acueducto-xpujil\/#primaryimage"},"thumbnailUrl":"https:\/\/centrourbano.com\/revista\/wp-content\/uploads\/sdfcv-1.jpg","datePublished":"2021-12-10T00:00:03+00:00","dateModified":"2021-12-28T21:26:24+00:00","description":"\u00a0Hasta ahora, se ha invertido m\u00e1s de 700 mdp en peticiones y acuerdos del proceso de consulta ind\u00edgena en el \u00e1rea de influencia de Tren Maya","breadcrumb":{"@id":"https:\/\/centrourbano.com\/revista\/construccion\/inician-trabajos-de-rehabilitacion-del-acueducto-xpujil\/#breadcrumb"},"inLanguage":"es","potentialAction":[{"@type":"ReadAction","target":["https:\/\/centrourbano.com\/revista\/construccion\/inician-trabajos-de-rehabilitacion-del-acueducto-xpujil\/"]}]},{"@type":"ImageObject","inLanguage":"es","@id":"https:\/\/centrourbano.com\/revista\/construccion\/inician-trabajos-de-rehabilitacion-del-acueducto-xpujil\/#primaryimage","url":"https:\/\/centrourbano.com\/revista\/wp-content\/uploads\/sdfcv-1.jpg","contentUrl":"https:\/\/centrourbano.com\/revista\/wp-content\/uploads\/sdfcv-1.jpg","width":800,"height":800,"caption":"Inician trabajos de rehabilitaci\u00f3n del acueducto L\u00f3pez Mateos-Xpujil.\u00a0"},{"@type":"BreadcrumbList","@id":"https:\/\/centrourbano.com\/revista\/construccion\/inician-trabajos-de-rehabilitacion-del-acueducto-xpujil\/#breadcrumb","itemListElement":[{"@type":"ListItem","position":1,"name":"Portada","item":"https:\/\/centrourbano.com\/revista\/"},{"@type":"ListItem","position":2,"name":"Inician trabajos de rehabilitaci\u00f3n del acueducto L\u00f3pez Mateos-Xpujil.\u00a0"}]},{"@type":"WebSite","@id":"https:\/\/centrourbano.com\/revista\/#website","url":"https:\/\/centrourbano.com\/revista\/","name":"Centro Urbano","description":"Medio especializado en los sectores vivienda, inmobiliario, construcci\u00f3n, arquitectura y urbanismo.","publisher":{"@id":"https:\/\/centrourbano.com\/revista\/#organization"},"potentialAction":[{"@type":"SearchAction","target":{"@type":"EntryPoint","urlTemplate":"https:\/\/centrourbano.com\/revista\/?s={search_term_string}"},"query-input":{"@type":"PropertyValueSpecification","valueRequired":true,"valueName":"search_term_string"}}],"inLanguage":"es"},{"@type":"Organization","@id":"https:\/\/centrourbano.com\/revista\/#organization","name":"Centro Urbano","url":"https:\/\/centrourbano.com\/revista\/","logo":{"@type":"ImageObject","inLanguage":"es","@id":"https:\/\/centrourbano.com\/revista\/#\/schema\/logo\/image\/","url":"https:\/\/centrourbano.com\/revista\/wp-content\/uploads\/web_CU_logo-1.png","contentUrl":"https:\/\/centrourbano.com\/revista\/wp-content\/uploads\/web_CU_logo-1.png","width":350,"height":91,"caption":"Centro Urbano"},"image":{"@id":"https:\/\/centrourbano.com\/revista\/#\/schema\/logo\/image\/"},"sameAs":["https:\/\/www.facebook.com\/portalcentrourbano","https:\/\/x.com\/CentroUrbano","https:\/\/www.instagram.com\/centro_urbano\/","https:\/\/www.linkedin.com\/company\/centro-urbano\/","http:\/\/www.youtube.com\/user\/portalcentrourbano"]},{"@type":"Person","@id":"https:\/\/centrourbano.com\/revista\/#\/schema\/person\/1660144fe096119752c1c467ee1cb597","name":"Paola Dur\u00e1n","image":{"@type":"ImageObject","inLanguage":"es","@id":"https:\/\/secure.gravatar.com\/avatar\/f64c898584681d3dd909c0f1bf135d38610eeb2df48416094c5791b1e7e251fc?s=96&d=mm&r=g","url":"https:\/\/secure.gravatar.com\/avatar\/f64c898584681d3dd909c0f1bf135d38610eeb2df48416094c5791b1e7e251fc?s=96&d=mm&r=g","contentUrl":"https:\/\/secure.gravatar.com\/avatar\/f64c898584681d3dd909c0f1bf135d38610eeb2df48416094c5791b1e7e251fc?s=96&d=mm&r=g","caption":"Paola Dur\u00e1n"},"url":"https:\/\/centrourbano.com\/revista\/author\/paola-duran\/"}]}},"_links":{"self":[{"href":"https:\/\/centrourbano.com\/revista\/wp-json\/wp\/v2\/posts\/124537","targetHints":{"allow":["GET"]}}],"collection":[{"href":"https:\/\/centrourbano.com\/revista\/wp-json\/wp\/v2\/posts"}],"about":[{"href":"https:\/\/centrourbano.com\/revista\/wp-json\/wp\/v2\/types\/post"}],"author":[{"embeddable":true,"href":"https:\/\/centrourbano.com\/revista\/wp-json\/wp\/v2\/users\/82"}],"replies":[{"embeddable":true,"href":"https:\/\/centrourbano.com\/revista\/wp-json\/wp\/v2\/comments?post=124537"}],"version-history":[{"count":2,"href":"https:\/\/centrourbano.com\/revista\/wp-json\/wp\/v2\/posts\/124537\/revisions"}],"predecessor-version":[{"id":124983,"href":"https:\/\/centrourbano.com\/revista\/wp-json\/wp\/v2\/posts\/124537\/revisions\/124983"}],"wp:featuredmedia":[{"embeddable":true,"href":"https:\/\/centrourbano.com\/revista\/wp-json\/wp\/v2\/media\/124552"}],"wp:attachment":[{"href":"https:\/\/centrourbano.com\/revista\/wp-json\/wp\/v2\/media?parent=124537"}],"wp:term":[{"taxonomy":"category","embeddable":true,"href":"https:\/\/centrourbano.com\/revista\/wp-json\/wp\/v2\/categories?post=124537"},{"taxonomy":"post_tag","embeddable":true,"href":"https:\/\/centrourbano.com\/revista\/wp-json\/wp\/v2\/tags?post=124537"}],"curies":[{"name":"wp","href":"https:\/\/api.w.org\/{rel}","templated":true}]}}