{"id":124373,"date":"2021-12-02T17:00:00","date_gmt":"2021-12-02T23:00:00","guid":{"rendered":"https:\/\/centrourbano.com\/?p=124373"},"modified":"2021-12-28T15:18:21","modified_gmt":"2021-12-28T21:18:21","slug":"alcaldia-cuauhtemoc-pone-en-marcha-vivienda-bonita","status":"publish","type":"post","link":"https:\/\/centrourbano.com\/revista\/actualidad\/alcaldia-cuauhtemoc-pone-en-marcha-vivienda-bonita\/","title":{"rendered":"Alcald\u00eda Cuauht\u00e9moc pone en marcha el programa \u00abVivienda Bonita\u00bb"},"content":{"rendered":"<p><em>El programa \u00abVivienda Bonita\u00bb se implementar\u00e1 de forma permanente en en las 8 Territoriales que integran la demarcaci\u00f3n.<\/em><!--more--><\/p>\n<p>Autoridades de la alcald\u00eda<a href=\"https:\/\/alcaldiacuauhtemoc.mx\/\" target=\"_blank\" rel=\"noopener\"> Cuauht\u00e9moc<\/a>, ponen en marcha el Programa \u201cVivienda Bonita\u201d, para apoyar a sus habitantes m\u00e1s necesitados.<\/p>\n<p>Dicho programa tiene como objetivo mejorar las Unidades Habitacionales de la demarcaci\u00f3n \u00a0mediante la solicitud de apoyo de pintura, desazolve de drenajes, poda y siembra de plantas en \u00e1reas comunes.<\/p>\n<p>Durante un recorrido por las \u00e1reas comunes de la Unidad Habitacional ubicada en la lateral de Avenida Viaducto Miguel Alem\u00e1n, la Alcaldesa Sandra Cuevas, indic\u00f3 que este esfuerzo en equipo permitir\u00e1 tener \u201cla casa limpia y bonita\u201d.<\/p>\n<h3>\u201cVivienda Bonita\u00bb.<\/h3>\n<p>Dicha iniciativa estar\u00e1 al alcance de la poblaci\u00f3n vulnerable que as\u00ed lo solicite, para elevar la calidad de vida en la demarcaci\u00f3n.<\/p>\n<p>Se espera que en las 33 colonias de la alcald\u00eda Cuauht\u00e9moc\u00a0 se mantenga\u00a0 el orden y se\u00a0garantice la limpieza en \u00e1reas comunes.<\/p>\n<p>Para ello, se otorgar\u00e1 material, previa solicitud, y pondr\u00e1 el personal necesario en la\u00a0rehabilitaci\u00f3n de inmuebles\u00a0con poblaci\u00f3n en estado de vulnerabilidad.<\/p>\n<p>Con esta iniciativa, se dar\u00e1 un giro social donde los resultados se vean en la sana convivencia y la reducci\u00f3n en los \u00edndices de inseguridad.<\/p>\n<p>Finalmente, la alcaldesa invit\u00f3 a los habitantes de la Alcald\u00eda Cuauht\u00e9moc para acceder al Programa \u201cVivienda Bonita\u201d a fin de tener espacios dignos de desarrollo.<\/p>\n<p>&nbsp;<\/p>\n","protected":false},"excerpt":{"rendered":"<p>El programa \u00abVivienda Bonita\u00bb se implementar\u00e1 de forma permanente en en las 8 Territoriales que integran la demarcaci\u00f3n.<\/p>\n","protected":false},"author":82,"featured_media":124384,"comment_status":"open","ping_status":"closed","sticky":false,"template":"","format":"standard","meta":{"om_disable_all_campaigns":false,"inline_featured_image":false,"_monsterinsights_skip_tracking":false,"_monsterinsights_sitenote_active":false,"_monsterinsights_sitenote_note":"","_monsterinsights_sitenote_category":0,"footnotes":""},"categories":[80,12],"tags":[],"class_list":["post-124373","post","type-post","status-publish","format-standard","has-post-thumbnail","hentry","category-actualidad","category-vivienda"],"yoast_head":"<!-- This site is optimized with the Yoast SEO plugin v27.4 - https:\/\/yoast.com\/product\/yoast-seo-wordpress\/ -->\n<title>La Alcald\u00eda Cuauht\u00e9moc pone en marcha el programa &quot;Vivienda Bonita&quot;<\/title>\n<meta name=\"description\" content=\"El programa &quot;Vivienda Bonita&quot; se implementar\u00e1 de forma permanente en en las 8 Territoriales que integran la demarcaci\u00f3n. \u00a0\" \/>\n<meta name=\"robots\" content=\"index, follow, max-snippet:-1, max-image-preview:large, max-video-preview:-1\" \/>\n<link rel=\"canonical\" href=\"https:\/\/centrourbano.com\/revista\/actualidad\/alcaldia-cuauhtemoc-pone-en-marcha-vivienda-bonita\/\" \/>\n<meta property=\"og:locale\" content=\"es_ES\" \/>\n<meta property=\"og:type\" content=\"article\" \/>\n<meta property=\"og:title\" content=\"La Alcald\u00eda Cuauht\u00e9moc pone en marcha el programa &quot;Vivienda Bonita&quot;\" \/>\n<meta property=\"og:description\" content=\"El programa &quot;Vivienda Bonita&quot; se implementar\u00e1 de forma permanente en en las 8 Territoriales que integran la demarcaci\u00f3n. \u00a0\" \/>\n<meta property=\"og:url\" content=\"https:\/\/centrourbano.com\/revista\/actualidad\/alcaldia-cuauhtemoc-pone-en-marcha-vivienda-bonita\/\" \/>\n<meta property=\"og:site_name\" content=\"Centro Urbano\" \/>\n<meta property=\"article:publisher\" content=\"https:\/\/www.facebook.com\/portalcentrourbano\" \/>\n<meta property=\"article:published_time\" content=\"2021-12-02T23:00:00+00:00\" \/>\n<meta property=\"article:modified_time\" content=\"2021-12-28T21:18:21+00:00\" \/>\n<meta property=\"og:image\" content=\"https:\/\/centrourbano.com\/revista\/wp-content\/uploads\/FOTO-7-SANDRA-CUEVAS-ALCALDESA-EN-CUAUHTEMOC-PONE-EN-MARCHA-PROGRAMA-VIVIENDA-BONITA-EN-UNIDADES-HABITACIONALES-1.jpg\" \/>\n\t<meta property=\"og:image:width\" content=\"800\" \/>\n\t<meta property=\"og:image:height\" content=\"800\" \/>\n\t<meta property=\"og:image:type\" content=\"image\/jpeg\" \/>\n<meta name=\"author\" content=\"Paola Dur\u00e1n\" \/>\n<meta name=\"twitter:card\" content=\"summary_large_image\" \/>\n<meta name=\"twitter:creator\" content=\"@CentroUrbano\" \/>\n<meta name=\"twitter:site\" content=\"@CentroUrbano\" \/>\n<meta name=\"twitter:label1\" content=\"Escrito por\" \/>\n\t<meta name=\"twitter:data1\" content=\"Paola Dur\u00e1n\" \/>\n\t<meta name=\"twitter:label2\" content=\"Tiempo de lectura\" \/>\n\t<meta name=\"twitter:data2\" content=\"1 minuto\" \/>\n<script type=\"application\/ld+json\" class=\"yoast-schema-graph\">{\"@context\":\"https:\\\/\\\/schema.org\",\"@graph\":[{\"@type\":\"Article\",\"@id\":\"https:\\\/\\\/centrourbano.com\\\/revista\\\/actualidad\\\/alcaldia-cuauhtemoc-pone-en-marcha-vivienda-bonita\\\/#article\",\"isPartOf\":{\"@id\":\"https:\\\/\\\/centrourbano.com\\\/revista\\\/actualidad\\\/alcaldia-cuauhtemoc-pone-en-marcha-vivienda-bonita\\\/\"},\"author\":{\"name\":\"Paola Dur\u00e1n\",\"@id\":\"https:\\\/\\\/centrourbano.com\\\/revista\\\/#\\\/schema\\\/person\\\/f3d7ba977507112844ab50743a185187\"},\"headline\":\"Alcald\u00eda Cuauht\u00e9moc pone en marcha el programa \u00abVivienda Bonita\u00bb\",\"datePublished\":\"2021-12-02T23:00:00+00:00\",\"dateModified\":\"2021-12-28T21:18:21+00:00\",\"mainEntityOfPage\":{\"@id\":\"https:\\\/\\\/centrourbano.com\\\/revista\\\/actualidad\\\/alcaldia-cuauhtemoc-pone-en-marcha-vivienda-bonita\\\/\"},\"wordCount\":249,\"commentCount\":0,\"publisher\":{\"@id\":\"https:\\\/\\\/centrourbano.com\\\/revista\\\/#organization\"},\"image\":{\"@id\":\"https:\\\/\\\/centrourbano.com\\\/revista\\\/actualidad\\\/alcaldia-cuauhtemoc-pone-en-marcha-vivienda-bonita\\\/#primaryimage\"},\"thumbnailUrl\":\"https:\\\/\\\/centrourbano.com\\\/revista\\\/wp-content\\\/uploads\\\/FOTO-7-SANDRA-CUEVAS-ALCALDESA-EN-CUAUHTEMOC-PONE-EN-MARCHA-PROGRAMA-VIVIENDA-BONITA-EN-UNIDADES-HABITACIONALES-1.jpg\",\"articleSection\":[\"Actualidad\",\"Vivienda\"],\"inLanguage\":\"es\",\"potentialAction\":[{\"@type\":\"CommentAction\",\"name\":\"Comment\",\"target\":[\"https:\\\/\\\/centrourbano.com\\\/revista\\\/actualidad\\\/alcaldia-cuauhtemoc-pone-en-marcha-vivienda-bonita\\\/#respond\"]}]},{\"@type\":\"WebPage\",\"@id\":\"https:\\\/\\\/centrourbano.com\\\/revista\\\/actualidad\\\/alcaldia-cuauhtemoc-pone-en-marcha-vivienda-bonita\\\/\",\"url\":\"https:\\\/\\\/centrourbano.com\\\/revista\\\/actualidad\\\/alcaldia-cuauhtemoc-pone-en-marcha-vivienda-bonita\\\/\",\"name\":\"La Alcald\u00eda Cuauht\u00e9moc pone en marcha el programa \\\"Vivienda Bonita\\\"\",\"isPartOf\":{\"@id\":\"https:\\\/\\\/centrourbano.com\\\/revista\\\/#website\"},\"primaryImageOfPage\":{\"@id\":\"https:\\\/\\\/centrourbano.com\\\/revista\\\/actualidad\\\/alcaldia-cuauhtemoc-pone-en-marcha-vivienda-bonita\\\/#primaryimage\"},\"image\":{\"@id\":\"https:\\\/\\\/centrourbano.com\\\/revista\\\/actualidad\\\/alcaldia-cuauhtemoc-pone-en-marcha-vivienda-bonita\\\/#primaryimage\"},\"thumbnailUrl\":\"https:\\\/\\\/centrourbano.com\\\/revista\\\/wp-content\\\/uploads\\\/FOTO-7-SANDRA-CUEVAS-ALCALDESA-EN-CUAUHTEMOC-PONE-EN-MARCHA-PROGRAMA-VIVIENDA-BONITA-EN-UNIDADES-HABITACIONALES-1.jpg\",\"datePublished\":\"2021-12-02T23:00:00+00:00\",\"dateModified\":\"2021-12-28T21:18:21+00:00\",\"description\":\"El programa \\\"Vivienda Bonita\\\" se implementar\u00e1 de forma permanente en en las 8 Territoriales que integran la demarcaci\u00f3n. \u00a0\",\"breadcrumb\":{\"@id\":\"https:\\\/\\\/centrourbano.com\\\/revista\\\/actualidad\\\/alcaldia-cuauhtemoc-pone-en-marcha-vivienda-bonita\\\/#breadcrumb\"},\"inLanguage\":\"es\",\"potentialAction\":[{\"@type\":\"ReadAction\",\"target\":[\"https:\\\/\\\/centrourbano.com\\\/revista\\\/actualidad\\\/alcaldia-cuauhtemoc-pone-en-marcha-vivienda-bonita\\\/\"]}]},{\"@type\":\"ImageObject\",\"inLanguage\":\"es\",\"@id\":\"https:\\\/\\\/centrourbano.com\\\/revista\\\/actualidad\\\/alcaldia-cuauhtemoc-pone-en-marcha-vivienda-bonita\\\/#primaryimage\",\"url\":\"https:\\\/\\\/centrourbano.com\\\/revista\\\/wp-content\\\/uploads\\\/FOTO-7-SANDRA-CUEVAS-ALCALDESA-EN-CUAUHTEMOC-PONE-EN-MARCHA-PROGRAMA-VIVIENDA-BONITA-EN-UNIDADES-HABITACIONALES-1.jpg\",\"contentUrl\":\"https:\\\/\\\/centrourbano.com\\\/revista\\\/wp-content\\\/uploads\\\/FOTO-7-SANDRA-CUEVAS-ALCALDESA-EN-CUAUHTEMOC-PONE-EN-MARCHA-PROGRAMA-VIVIENDA-BONITA-EN-UNIDADES-HABITACIONALES-1.jpg\",\"width\":800,\"height\":800,\"caption\":\"La Alcald\u00eda Cuauht\u00e9moc pone en marcha el programa \\\"Vivienda Bonita\\\"\"},{\"@type\":\"BreadcrumbList\",\"@id\":\"https:\\\/\\\/centrourbano.com\\\/revista\\\/actualidad\\\/alcaldia-cuauhtemoc-pone-en-marcha-vivienda-bonita\\\/#breadcrumb\",\"itemListElement\":[{\"@type\":\"ListItem\",\"position\":1,\"name\":\"Portada\",\"item\":\"https:\\\/\\\/centrourbano.com\\\/revista\\\/\"},{\"@type\":\"ListItem\",\"position\":2,\"name\":\"Alcald\u00eda Cuauht\u00e9moc pone en marcha el programa \u00abVivienda Bonita\u00bb\"}]},{\"@type\":\"WebSite\",\"@id\":\"https:\\\/\\\/centrourbano.com\\\/revista\\\/#website\",\"url\":\"https:\\\/\\\/centrourbano.com\\\/revista\\\/\",\"name\":\"Centro Urbano\",\"description\":\"Medio especializado en los sectores vivienda, inmobiliario, construcci\u00f3n, arquitectura y urbanismo.\",\"publisher\":{\"@id\":\"https:\\\/\\\/centrourbano.com\\\/revista\\\/#organization\"},\"potentialAction\":[{\"@type\":\"SearchAction\",\"target\":{\"@type\":\"EntryPoint\",\"urlTemplate\":\"https:\\\/\\\/centrourbano.com\\\/revista\\\/?s={search_term_string}\"},\"query-input\":{\"@type\":\"PropertyValueSpecification\",\"valueRequired\":true,\"valueName\":\"search_term_string\"}}],\"inLanguage\":\"es\"},{\"@type\":\"Organization\",\"@id\":\"https:\\\/\\\/centrourbano.com\\\/revista\\\/#organization\",\"name\":\"Centro Urbano\",\"url\":\"https:\\\/\\\/centrourbano.com\\\/revista\\\/\",\"logo\":{\"@type\":\"ImageObject\",\"inLanguage\":\"es\",\"@id\":\"https:\\\/\\\/centrourbano.com\\\/revista\\\/#\\\/schema\\\/logo\\\/image\\\/\",\"url\":\"https:\\\/\\\/centrourbano.com\\\/revista\\\/wp-content\\\/uploads\\\/web_CU_logo-1.png\",\"contentUrl\":\"https:\\\/\\\/centrourbano.com\\\/revista\\\/wp-content\\\/uploads\\\/web_CU_logo-1.png\",\"width\":350,\"height\":91,\"caption\":\"Centro Urbano\"},\"image\":{\"@id\":\"https:\\\/\\\/centrourbano.com\\\/revista\\\/#\\\/schema\\\/logo\\\/image\\\/\"},\"sameAs\":[\"https:\\\/\\\/www.facebook.com\\\/portalcentrourbano\",\"https:\\\/\\\/x.com\\\/CentroUrbano\",\"https:\\\/\\\/www.instagram.com\\\/centro_urbano\\\/\",\"https:\\\/\\\/www.linkedin.com\\\/company\\\/centro-urbano\\\/\",\"http:\\\/\\\/www.youtube.com\\\/user\\\/portalcentrourbano\"]},{\"@type\":\"Person\",\"@id\":\"https:\\\/\\\/centrourbano.com\\\/revista\\\/#\\\/schema\\\/person\\\/f3d7ba977507112844ab50743a185187\",\"name\":\"Paola Dur\u00e1n\",\"image\":{\"@type\":\"ImageObject\",\"inLanguage\":\"es\",\"@id\":\"https:\\\/\\\/secure.gravatar.com\\\/avatar\\\/f64c898584681d3dd909c0f1bf135d38610eeb2df48416094c5791b1e7e251fc?s=96&d=mm&r=g\",\"url\":\"https:\\\/\\\/secure.gravatar.com\\\/avatar\\\/f64c898584681d3dd909c0f1bf135d38610eeb2df48416094c5791b1e7e251fc?s=96&d=mm&r=g\",\"contentUrl\":\"https:\\\/\\\/secure.gravatar.com\\\/avatar\\\/f64c898584681d3dd909c0f1bf135d38610eeb2df48416094c5791b1e7e251fc?s=96&d=mm&r=g\",\"caption\":\"Paola Dur\u00e1n\"},\"url\":\"https:\\\/\\\/centrourbano.com\\\/revista\\\/author\\\/paola-duran\\\/\"}]}<\/script>\n<!-- \/ Yoast SEO plugin. -->","yoast_head_json":{"title":"La Alcald\u00eda Cuauht\u00e9moc pone en marcha el programa \"Vivienda Bonita\"","description":"El programa \"Vivienda Bonita\" se implementar\u00e1 de forma permanente en en las 8 Territoriales que integran la demarcaci\u00f3n. \u00a0","robots":{"index":"index","follow":"follow","max-snippet":"max-snippet:-1","max-image-preview":"max-image-preview:large","max-video-preview":"max-video-preview:-1"},"canonical":"https:\/\/centrourbano.com\/revista\/actualidad\/alcaldia-cuauhtemoc-pone-en-marcha-vivienda-bonita\/","og_locale":"es_ES","og_type":"article","og_title":"La Alcald\u00eda Cuauht\u00e9moc pone en marcha el programa \"Vivienda Bonita\"","og_description":"El programa \"Vivienda Bonita\" se implementar\u00e1 de forma permanente en en las 8 Territoriales que integran la demarcaci\u00f3n. \u00a0","og_url":"https:\/\/centrourbano.com\/revista\/actualidad\/alcaldia-cuauhtemoc-pone-en-marcha-vivienda-bonita\/","og_site_name":"Centro Urbano","article_publisher":"https:\/\/www.facebook.com\/portalcentrourbano","article_published_time":"2021-12-02T23:00:00+00:00","article_modified_time":"2021-12-28T21:18:21+00:00","og_image":[{"width":800,"height":800,"url":"https:\/\/centrourbano.com\/revista\/wp-content\/uploads\/FOTO-7-SANDRA-CUEVAS-ALCALDESA-EN-CUAUHTEMOC-PONE-EN-MARCHA-PROGRAMA-VIVIENDA-BONITA-EN-UNIDADES-HABITACIONALES-1.jpg","type":"image\/jpeg"}],"author":"Paola Dur\u00e1n","twitter_card":"summary_large_image","twitter_creator":"@CentroUrbano","twitter_site":"@CentroUrbano","twitter_misc":{"Escrito por":"Paola Dur\u00e1n","Tiempo de lectura":"1 minuto"},"schema":{"@context":"https:\/\/schema.org","@graph":[{"@type":"Article","@id":"https:\/\/centrourbano.com\/revista\/actualidad\/alcaldia-cuauhtemoc-pone-en-marcha-vivienda-bonita\/#article","isPartOf":{"@id":"https:\/\/centrourbano.com\/revista\/actualidad\/alcaldia-cuauhtemoc-pone-en-marcha-vivienda-bonita\/"},"author":{"name":"Paola Dur\u00e1n","@id":"https:\/\/centrourbano.com\/revista\/#\/schema\/person\/f3d7ba977507112844ab50743a185187"},"headline":"Alcald\u00eda Cuauht\u00e9moc pone en marcha el programa \u00abVivienda Bonita\u00bb","datePublished":"2021-12-02T23:00:00+00:00","dateModified":"2021-12-28T21:18:21+00:00","mainEntityOfPage":{"@id":"https:\/\/centrourbano.com\/revista\/actualidad\/alcaldia-cuauhtemoc-pone-en-marcha-vivienda-bonita\/"},"wordCount":249,"commentCount":0,"publisher":{"@id":"https:\/\/centrourbano.com\/revista\/#organization"},"image":{"@id":"https:\/\/centrourbano.com\/revista\/actualidad\/alcaldia-cuauhtemoc-pone-en-marcha-vivienda-bonita\/#primaryimage"},"thumbnailUrl":"https:\/\/centrourbano.com\/revista\/wp-content\/uploads\/FOTO-7-SANDRA-CUEVAS-ALCALDESA-EN-CUAUHTEMOC-PONE-EN-MARCHA-PROGRAMA-VIVIENDA-BONITA-EN-UNIDADES-HABITACIONALES-1.jpg","articleSection":["Actualidad","Vivienda"],"inLanguage":"es","potentialAction":[{"@type":"CommentAction","name":"Comment","target":["https:\/\/centrourbano.com\/revista\/actualidad\/alcaldia-cuauhtemoc-pone-en-marcha-vivienda-bonita\/#respond"]}]},{"@type":"WebPage","@id":"https:\/\/centrourbano.com\/revista\/actualidad\/alcaldia-cuauhtemoc-pone-en-marcha-vivienda-bonita\/","url":"https:\/\/centrourbano.com\/revista\/actualidad\/alcaldia-cuauhtemoc-pone-en-marcha-vivienda-bonita\/","name":"La Alcald\u00eda Cuauht\u00e9moc pone en marcha el programa \"Vivienda Bonita\"","isPartOf":{"@id":"https:\/\/centrourbano.com\/revista\/#website"},"primaryImageOfPage":{"@id":"https:\/\/centrourbano.com\/revista\/actualidad\/alcaldia-cuauhtemoc-pone-en-marcha-vivienda-bonita\/#primaryimage"},"image":{"@id":"https:\/\/centrourbano.com\/revista\/actualidad\/alcaldia-cuauhtemoc-pone-en-marcha-vivienda-bonita\/#primaryimage"},"thumbnailUrl":"https:\/\/centrourbano.com\/revista\/wp-content\/uploads\/FOTO-7-SANDRA-CUEVAS-ALCALDESA-EN-CUAUHTEMOC-PONE-EN-MARCHA-PROGRAMA-VIVIENDA-BONITA-EN-UNIDADES-HABITACIONALES-1.jpg","datePublished":"2021-12-02T23:00:00+00:00","dateModified":"2021-12-28T21:18:21+00:00","description":"El programa \"Vivienda Bonita\" se implementar\u00e1 de forma permanente en en las 8 Territoriales que integran la demarcaci\u00f3n. \u00a0","breadcrumb":{"@id":"https:\/\/centrourbano.com\/revista\/actualidad\/alcaldia-cuauhtemoc-pone-en-marcha-vivienda-bonita\/#breadcrumb"},"inLanguage":"es","potentialAction":[{"@type":"ReadAction","target":["https:\/\/centrourbano.com\/revista\/actualidad\/alcaldia-cuauhtemoc-pone-en-marcha-vivienda-bonita\/"]}]},{"@type":"ImageObject","inLanguage":"es","@id":"https:\/\/centrourbano.com\/revista\/actualidad\/alcaldia-cuauhtemoc-pone-en-marcha-vivienda-bonita\/#primaryimage","url":"https:\/\/centrourbano.com\/revista\/wp-content\/uploads\/FOTO-7-SANDRA-CUEVAS-ALCALDESA-EN-CUAUHTEMOC-PONE-EN-MARCHA-PROGRAMA-VIVIENDA-BONITA-EN-UNIDADES-HABITACIONALES-1.jpg","contentUrl":"https:\/\/centrourbano.com\/revista\/wp-content\/uploads\/FOTO-7-SANDRA-CUEVAS-ALCALDESA-EN-CUAUHTEMOC-PONE-EN-MARCHA-PROGRAMA-VIVIENDA-BONITA-EN-UNIDADES-HABITACIONALES-1.jpg","width":800,"height":800,"caption":"La Alcald\u00eda Cuauht\u00e9moc pone en marcha el programa \"Vivienda Bonita\""},{"@type":"BreadcrumbList","@id":"https:\/\/centrourbano.com\/revista\/actualidad\/alcaldia-cuauhtemoc-pone-en-marcha-vivienda-bonita\/#breadcrumb","itemListElement":[{"@type":"ListItem","position":1,"name":"Portada","item":"https:\/\/centrourbano.com\/revista\/"},{"@type":"ListItem","position":2,"name":"Alcald\u00eda Cuauht\u00e9moc pone en marcha el programa \u00abVivienda Bonita\u00bb"}]},{"@type":"WebSite","@id":"https:\/\/centrourbano.com\/revista\/#website","url":"https:\/\/centrourbano.com\/revista\/","name":"Centro Urbano","description":"Medio especializado en los sectores vivienda, inmobiliario, construcci\u00f3n, arquitectura y urbanismo.","publisher":{"@id":"https:\/\/centrourbano.com\/revista\/#organization"},"potentialAction":[{"@type":"SearchAction","target":{"@type":"EntryPoint","urlTemplate":"https:\/\/centrourbano.com\/revista\/?s={search_term_string}"},"query-input":{"@type":"PropertyValueSpecification","valueRequired":true,"valueName":"search_term_string"}}],"inLanguage":"es"},{"@type":"Organization","@id":"https:\/\/centrourbano.com\/revista\/#organization","name":"Centro Urbano","url":"https:\/\/centrourbano.com\/revista\/","logo":{"@type":"ImageObject","inLanguage":"es","@id":"https:\/\/centrourbano.com\/revista\/#\/schema\/logo\/image\/","url":"https:\/\/centrourbano.com\/revista\/wp-content\/uploads\/web_CU_logo-1.png","contentUrl":"https:\/\/centrourbano.com\/revista\/wp-content\/uploads\/web_CU_logo-1.png","width":350,"height":91,"caption":"Centro Urbano"},"image":{"@id":"https:\/\/centrourbano.com\/revista\/#\/schema\/logo\/image\/"},"sameAs":["https:\/\/www.facebook.com\/portalcentrourbano","https:\/\/x.com\/CentroUrbano","https:\/\/www.instagram.com\/centro_urbano\/","https:\/\/www.linkedin.com\/company\/centro-urbano\/","http:\/\/www.youtube.com\/user\/portalcentrourbano"]},{"@type":"Person","@id":"https:\/\/centrourbano.com\/revista\/#\/schema\/person\/f3d7ba977507112844ab50743a185187","name":"Paola Dur\u00e1n","image":{"@type":"ImageObject","inLanguage":"es","@id":"https:\/\/secure.gravatar.com\/avatar\/f64c898584681d3dd909c0f1bf135d38610eeb2df48416094c5791b1e7e251fc?s=96&d=mm&r=g","url":"https:\/\/secure.gravatar.com\/avatar\/f64c898584681d3dd909c0f1bf135d38610eeb2df48416094c5791b1e7e251fc?s=96&d=mm&r=g","contentUrl":"https:\/\/secure.gravatar.com\/avatar\/f64c898584681d3dd909c0f1bf135d38610eeb2df48416094c5791b1e7e251fc?s=96&d=mm&r=g","caption":"Paola Dur\u00e1n"},"url":"https:\/\/centrourbano.com\/revista\/author\/paola-duran\/"}]}},"_links":{"self":[{"href":"https:\/\/centrourbano.com\/revista\/wp-json\/wp\/v2\/posts\/124373","targetHints":{"allow":["GET"]}}],"collection":[{"href":"https:\/\/centrourbano.com\/revista\/wp-json\/wp\/v2\/posts"}],"about":[{"href":"https:\/\/centrourbano.com\/revista\/wp-json\/wp\/v2\/types\/post"}],"author":[{"embeddable":true,"href":"https:\/\/centrourbano.com\/revista\/wp-json\/wp\/v2\/users\/82"}],"replies":[{"embeddable":true,"href":"https:\/\/centrourbano.com\/revista\/wp-json\/wp\/v2\/comments?post=124373"}],"version-history":[{"count":2,"href":"https:\/\/centrourbano.com\/revista\/wp-json\/wp\/v2\/posts\/124373\/revisions"}],"predecessor-version":[{"id":124981,"href":"https:\/\/centrourbano.com\/revista\/wp-json\/wp\/v2\/posts\/124373\/revisions\/124981"}],"wp:featuredmedia":[{"embeddable":true,"href":"https:\/\/centrourbano.com\/revista\/wp-json\/wp\/v2\/media\/124384"}],"wp:attachment":[{"href":"https:\/\/centrourbano.com\/revista\/wp-json\/wp\/v2\/media?parent=124373"}],"wp:term":[{"taxonomy":"category","embeddable":true,"href":"https:\/\/centrourbano.com\/revista\/wp-json\/wp\/v2\/categories?post=124373"},{"taxonomy":"post_tag","embeddable":true,"href":"https:\/\/centrourbano.com\/revista\/wp-json\/wp\/v2\/tags?post=124373"}],"curies":[{"name":"wp","href":"https:\/\/api.w.org\/{rel}","templated":true}]}}