{"id":124296,"date":"2021-11-30T17:24:39","date_gmt":"2021-11-30T23:24:39","guid":{"rendered":"https:\/\/centrourbano.com\/?p=124296"},"modified":"2021-11-30T18:25:10","modified_gmt":"2021-12-01T00:25:10","slug":"guadalajara-programa-resiliencia-urbana","status":"publish","type":"post","link":"https:\/\/centrourbano.com\/revista\/urbanismo\/guadalajara-programa-resiliencia-urbana\/","title":{"rendered":"Guadalajara recibe 2.1 mde para proyecto de resiliencia urbana"},"content":{"rendered":"<p><em>El proyecto tiene como objetivo fortalecer la gobernanza del \u00c1rea Metropolitana de Guadalajara en materia de resiliencia urbana y gesti\u00f3n de residuos<\/em><!--more--><\/p>\n<p>El <a href=\"https:\/\/centrourbano.com\/vivienda\/guadalajara-canadevi-centro-historico\/\" target=\"_blank\" rel=\"noopener\"><strong>\u00c1rea Metropolitana de Guadalajara<\/strong><\/a> recibir\u00e1 2.1 millones de euros (mde) de la <strong>Uni\u00f3n Europea<\/strong> (<strong>UE<\/strong>) para la ejecuci\u00f3n del <strong>programa de resiliencia urbana y gesti\u00f3n de residuos<\/strong>. Esto como parte del programa <strong>Asociaci\u00f3n para ciudades sostenibles 2021<\/strong>; que busca promover el desarrollo urbano integrado mediante v\u00ednculos entre autoridades de la UE y los pa\u00edses socios.<\/p>\n<p>\u201cLa idea de este programa es promover la colaboraci\u00f3n entre ciudades y los procesos de aprendizaje entre urbes de Europa y el resto del mundo. Y el \u00fanico proyecto que se ha validado en M\u00e9xico, es en <strong>Guadalajara<\/strong>\u201d, precis\u00f3 <strong>Gautier Mignot<\/strong>, <strong>Embajador de la UE en M\u00e9xico<\/strong>.<\/p>\n<p>De igual manera, esta colaboraci\u00f3n se da en el marco del proyecto <strong>Metro Resilience Guadalajara<\/strong>; as\u00ed como de la Iniciativa del <strong>Equipo Europa<\/strong> para una transici\u00f3n verde e inclusiva en M\u00e9xico, en l\u00ednea con el <strong>Pacto Verde Europeo<\/strong> y la <strong>Agenda 2030<\/strong>.<\/p>\n<p>El proyecto tiene como objetivo fortalecer la <strong>gobernanza del \u00c1rea Metropolitana de Guadalajara<\/strong> en materia de <strong>resiliencia urbana<\/strong> y <strong>gesti\u00f3n de residuos<\/strong>; teniendo como principal misi\u00f3n abonar a los procesos participativos para que la ciudad ampl\u00ede su capacidad de adaptarse y recuperarse antes diversos impactos.<\/p>\n<p>El trabajo estar\u00e1 liderado por el <strong>Instituto de Planeaci\u00f3n y Gesti\u00f3n del Desarrollo del \u00c1rea Metropolitana de Guadalajara<\/strong> (<strong>Imeplan<\/strong>); de la mano del <strong>Gobierno de Jalisco<\/strong>, a trav\u00e9s de la <strong>Coordinaci\u00f3n General Estrat\u00e9gica de Gesti\u00f3n del Territorio<\/strong>; los nueve municipios que conforman el \u00e1rea y las instancias metropolitanas, como el <strong>Consejo Ciudadano Metropolitano<\/strong> (<strong>CCM<\/strong>).<\/p>\n<p>\u201cEste anuncio de la <strong>Uni\u00f3n Europea<\/strong> viene a fortalecer la decisi\u00f3n que los nueve alcaldes y el <strong>Gobierno de Jalisco<\/strong> han tomado para avanzar en la agenda de gesti\u00f3n de residuos y acci\u00f3n clim\u00e1tica\u201d, apunt\u00f3 <strong>Mario Silva<\/strong>, <strong>director general del Imeplan<\/strong>.<\/p>\n<p>La implementaci\u00f3n de este proyecto contribuir\u00e1 a los objetivos del <strong>Plan de Acci\u00f3n Clim\u00e1tica de Guadalajara<\/strong> (<strong>PACmetro<\/strong>). El cual se enfoca en la meta de disminuci\u00f3n de emisiones a trav\u00e9s de la reducci\u00f3n de residuos; as\u00ed como la mejora de los servicios de recolecci\u00f3n y tratamiento.<\/p>\n<a href=\"https:\/\/centrourbano.com\/revista\/wp-content\/uploads\/guadalajara-3.jpg\" target=\"_blank\" rel=\"noopener\"><img loading=\"lazy\" decoding=\"async\" class=\"aligncenter wp-image-124298 \" src=\"https:\/\/centrourbano.com\/revista\/wp-content\/uploads\/guadalajara-3.jpg\" alt=\"\" width=\"654\" height=\"436\" srcset=\"https:\/\/centrourbano.com\/revista\/wp-content\/uploads\/guadalajara-3.jpg 1600w, https:\/\/centrourbano.com\/revista\/wp-content\/uploads\/guadalajara-3-300x200.jpg 300w, https:\/\/centrourbano.com\/revista\/wp-content\/uploads\/guadalajara-3-1000x667.jpg 1000w, https:\/\/centrourbano.com\/revista\/wp-content\/uploads\/guadalajara-3-768x512.jpg 768w, https:\/\/centrourbano.com\/revista\/wp-content\/uploads\/guadalajara-3-1536x1024.jpg 1536w\" sizes=\"auto, (max-width: 654px) 100vw, 654px\" \/><\/a>\n","protected":false},"excerpt":{"rendered":"<p>El proyecto tiene como objetivo fortalecer la gobernanza del \u00c1rea Metropolitana de Guadalajara en materia de resiliencia urbana y gesti\u00f3n de residuos<\/p>\n","protected":false},"author":73,"featured_media":124297,"comment_status":"open","ping_status":"closed","sticky":false,"template":"","format":"standard","meta":{"om_disable_all_campaigns":false,"inline_featured_image":false,"_monsterinsights_skip_tracking":false,"_monsterinsights_sitenote_active":false,"_monsterinsights_sitenote_note":"","_monsterinsights_sitenote_category":0,"footnotes":""},"categories":[82],"tags":[16399,120,19893,2128],"class_list":["post-124296","post","type-post","status-publish","format-standard","has-post-thumbnail","hentry","category-urbanismo","tag-gestion-de-residuos","tag-guadalajara","tag-resiliencia-urbana","tag-union-europea"],"yoast_head":"<!-- This site is optimized with the Yoast SEO plugin v27.5 - https:\/\/yoast.com\/product\/yoast-seo-wordpress\/ -->\n<title>Guadalajara recibe 2.1 mde para proyecto de resiliencia urbana<\/title>\n<meta name=\"description\" content=\"El proyecto busca fortalecer la gobernanza del \u00c1rea Metropolitana de Guadalajara en materia de resiliencia y gesti\u00f3n de residuos\" \/>\n<meta name=\"robots\" content=\"index, follow, max-snippet:-1, max-image-preview:large, max-video-preview:-1\" \/>\n<link rel=\"canonical\" href=\"https:\/\/centrourbano.com\/revista\/urbanismo\/guadalajara-programa-resiliencia-urbana\/\" \/>\n<meta property=\"og:locale\" content=\"es_ES\" \/>\n<meta property=\"og:type\" content=\"article\" \/>\n<meta property=\"og:title\" content=\"Guadalajara recibe 2.1 mde para proyecto de resiliencia urbana\" \/>\n<meta property=\"og:description\" content=\"El proyecto busca fortalecer la gobernanza del \u00c1rea Metropolitana de Guadalajara en materia de resiliencia y gesti\u00f3n de residuos\" \/>\n<meta property=\"og:url\" content=\"https:\/\/centrourbano.com\/revista\/urbanismo\/guadalajara-programa-resiliencia-urbana\/\" \/>\n<meta property=\"og:site_name\" content=\"Centro Urbano\" \/>\n<meta property=\"article:publisher\" content=\"https:\/\/www.facebook.com\/portalcentrourbano\" \/>\n<meta property=\"article:published_time\" content=\"2021-11-30T23:24:39+00:00\" \/>\n<meta property=\"article:modified_time\" content=\"2021-12-01T00:25:10+00:00\" \/>\n<meta property=\"og:image\" content=\"https:\/\/centrourbano.com\/revista\/wp-content\/uploads\/Guadalajara-recibe-2.1-mde-para-proyecto-de-resiliencia-urbana.jpg\" \/>\n\t<meta property=\"og:image:width\" content=\"540\" \/>\n\t<meta property=\"og:image:height\" content=\"450\" \/>\n\t<meta property=\"og:image:type\" content=\"image\/jpeg\" \/>\n<meta name=\"author\" content=\"Fernanda Hern\u00e1ndez\" \/>\n<meta name=\"twitter:card\" content=\"summary_large_image\" \/>\n<meta name=\"twitter:creator\" content=\"@https:\/\/twitter.com\/Nannz_Hernandez\" \/>\n<meta name=\"twitter:site\" content=\"@CentroUrbano\" \/>\n<meta name=\"twitter:label1\" content=\"Escrito por\" \/>\n\t<meta name=\"twitter:data1\" content=\"Fernanda Hern\u00e1ndez\" \/>\n\t<meta name=\"twitter:label2\" content=\"Tiempo de lectura\" \/>\n\t<meta name=\"twitter:data2\" content=\"2 minutos\" \/>\n<script type=\"application\/ld+json\" class=\"yoast-schema-graph\">{\"@context\":\"https:\\\/\\\/schema.org\",\"@graph\":[{\"@type\":\"Article\",\"@id\":\"https:\\\/\\\/centrourbano.com\\\/revista\\\/urbanismo\\\/guadalajara-programa-resiliencia-urbana\\\/#article\",\"isPartOf\":{\"@id\":\"https:\\\/\\\/centrourbano.com\\\/revista\\\/urbanismo\\\/guadalajara-programa-resiliencia-urbana\\\/\"},\"author\":{\"name\":\"Fernanda Hern\u00e1ndez\",\"@id\":\"https:\\\/\\\/centrourbano.com\\\/revista\\\/#\\\/schema\\\/person\\\/b190b20bbbceb41ec72278c546fa8df3\"},\"headline\":\"Guadalajara recibe 2.1 mde para proyecto de resiliencia urbana\",\"datePublished\":\"2021-11-30T23:24:39+00:00\",\"dateModified\":\"2021-12-01T00:25:10+00:00\",\"mainEntityOfPage\":{\"@id\":\"https:\\\/\\\/centrourbano.com\\\/revista\\\/urbanismo\\\/guadalajara-programa-resiliencia-urbana\\\/\"},\"wordCount\":393,\"commentCount\":0,\"publisher\":{\"@id\":\"https:\\\/\\\/centrourbano.com\\\/revista\\\/#organization\"},\"image\":{\"@id\":\"https:\\\/\\\/centrourbano.com\\\/revista\\\/urbanismo\\\/guadalajara-programa-resiliencia-urbana\\\/#primaryimage\"},\"thumbnailUrl\":\"https:\\\/\\\/centrourbano.com\\\/revista\\\/wp-content\\\/uploads\\\/Guadalajara-recibe-2.1-mde-para-proyecto-de-resiliencia-urbana.jpg\",\"keywords\":[\"Gesti\u00f3n de Residuos\",\"Guadalajara\",\"resiliencia urbana\",\"Uni\u00f3n Europea\"],\"articleSection\":[\"Urbanismo\"],\"inLanguage\":\"es\",\"potentialAction\":[{\"@type\":\"CommentAction\",\"name\":\"Comment\",\"target\":[\"https:\\\/\\\/centrourbano.com\\\/revista\\\/urbanismo\\\/guadalajara-programa-resiliencia-urbana\\\/#respond\"]}]},{\"@type\":\"WebPage\",\"@id\":\"https:\\\/\\\/centrourbano.com\\\/revista\\\/urbanismo\\\/guadalajara-programa-resiliencia-urbana\\\/\",\"url\":\"https:\\\/\\\/centrourbano.com\\\/revista\\\/urbanismo\\\/guadalajara-programa-resiliencia-urbana\\\/\",\"name\":\"Guadalajara recibe 2.1 mde para proyecto de resiliencia urbana\",\"isPartOf\":{\"@id\":\"https:\\\/\\\/centrourbano.com\\\/revista\\\/#website\"},\"primaryImageOfPage\":{\"@id\":\"https:\\\/\\\/centrourbano.com\\\/revista\\\/urbanismo\\\/guadalajara-programa-resiliencia-urbana\\\/#primaryimage\"},\"image\":{\"@id\":\"https:\\\/\\\/centrourbano.com\\\/revista\\\/urbanismo\\\/guadalajara-programa-resiliencia-urbana\\\/#primaryimage\"},\"thumbnailUrl\":\"https:\\\/\\\/centrourbano.com\\\/revista\\\/wp-content\\\/uploads\\\/Guadalajara-recibe-2.1-mde-para-proyecto-de-resiliencia-urbana.jpg\",\"datePublished\":\"2021-11-30T23:24:39+00:00\",\"dateModified\":\"2021-12-01T00:25:10+00:00\",\"description\":\"El proyecto busca fortalecer la gobernanza del \u00c1rea Metropolitana de Guadalajara en materia de resiliencia y gesti\u00f3n de residuos\",\"breadcrumb\":{\"@id\":\"https:\\\/\\\/centrourbano.com\\\/revista\\\/urbanismo\\\/guadalajara-programa-resiliencia-urbana\\\/#breadcrumb\"},\"inLanguage\":\"es\",\"potentialAction\":[{\"@type\":\"ReadAction\",\"target\":[\"https:\\\/\\\/centrourbano.com\\\/revista\\\/urbanismo\\\/guadalajara-programa-resiliencia-urbana\\\/\"]}]},{\"@type\":\"ImageObject\",\"inLanguage\":\"es\",\"@id\":\"https:\\\/\\\/centrourbano.com\\\/revista\\\/urbanismo\\\/guadalajara-programa-resiliencia-urbana\\\/#primaryimage\",\"url\":\"https:\\\/\\\/centrourbano.com\\\/revista\\\/wp-content\\\/uploads\\\/Guadalajara-recibe-2.1-mde-para-proyecto-de-resiliencia-urbana.jpg\",\"contentUrl\":\"https:\\\/\\\/centrourbano.com\\\/revista\\\/wp-content\\\/uploads\\\/Guadalajara-recibe-2.1-mde-para-proyecto-de-resiliencia-urbana.jpg\",\"width\":540,\"height\":450,\"caption\":\"El proyecto busca fortalecer la gobernanza del \u00c1rea Metropolitana de Guadalajara en materia de resiliencia y gesti\u00f3n de residuos\"},{\"@type\":\"BreadcrumbList\",\"@id\":\"https:\\\/\\\/centrourbano.com\\\/revista\\\/urbanismo\\\/guadalajara-programa-resiliencia-urbana\\\/#breadcrumb\",\"itemListElement\":[{\"@type\":\"ListItem\",\"position\":1,\"name\":\"Portada\",\"item\":\"https:\\\/\\\/centrourbano.com\\\/revista\\\/\"},{\"@type\":\"ListItem\",\"position\":2,\"name\":\"Guadalajara recibe 2.1 mde para proyecto de resiliencia urbana\"}]},{\"@type\":\"WebSite\",\"@id\":\"https:\\\/\\\/centrourbano.com\\\/revista\\\/#website\",\"url\":\"https:\\\/\\\/centrourbano.com\\\/revista\\\/\",\"name\":\"Centro Urbano\",\"description\":\"Medio especializado en los sectores vivienda, inmobiliario, construcci\u00f3n, arquitectura y urbanismo.\",\"publisher\":{\"@id\":\"https:\\\/\\\/centrourbano.com\\\/revista\\\/#organization\"},\"potentialAction\":[{\"@type\":\"SearchAction\",\"target\":{\"@type\":\"EntryPoint\",\"urlTemplate\":\"https:\\\/\\\/centrourbano.com\\\/revista\\\/?s={search_term_string}\"},\"query-input\":{\"@type\":\"PropertyValueSpecification\",\"valueRequired\":true,\"valueName\":\"search_term_string\"}}],\"inLanguage\":\"es\"},{\"@type\":\"Organization\",\"@id\":\"https:\\\/\\\/centrourbano.com\\\/revista\\\/#organization\",\"name\":\"Centro Urbano\",\"url\":\"https:\\\/\\\/centrourbano.com\\\/revista\\\/\",\"logo\":{\"@type\":\"ImageObject\",\"inLanguage\":\"es\",\"@id\":\"https:\\\/\\\/centrourbano.com\\\/revista\\\/#\\\/schema\\\/logo\\\/image\\\/\",\"url\":\"https:\\\/\\\/centrourbano.com\\\/revista\\\/wp-content\\\/uploads\\\/web_CU_logo-1.png\",\"contentUrl\":\"https:\\\/\\\/centrourbano.com\\\/revista\\\/wp-content\\\/uploads\\\/web_CU_logo-1.png\",\"width\":350,\"height\":91,\"caption\":\"Centro Urbano\"},\"image\":{\"@id\":\"https:\\\/\\\/centrourbano.com\\\/revista\\\/#\\\/schema\\\/logo\\\/image\\\/\"},\"sameAs\":[\"https:\\\/\\\/www.facebook.com\\\/portalcentrourbano\",\"https:\\\/\\\/x.com\\\/CentroUrbano\",\"https:\\\/\\\/www.instagram.com\\\/centro_urbano\\\/\",\"https:\\\/\\\/www.linkedin.com\\\/company\\\/centro-urbano\\\/\",\"http:\\\/\\\/www.youtube.com\\\/user\\\/portalcentrourbano\"]},{\"@type\":\"Person\",\"@id\":\"https:\\\/\\\/centrourbano.com\\\/revista\\\/#\\\/schema\\\/person\\\/b190b20bbbceb41ec72278c546fa8df3\",\"name\":\"Fernanda Hern\u00e1ndez\",\"image\":{\"@type\":\"ImageObject\",\"inLanguage\":\"es\",\"@id\":\"https:\\\/\\\/secure.gravatar.com\\\/avatar\\\/9471831fb0a24eae9d32d826a7cb8ef07c34a41520aca1a0ab1f5c0903ba49b9?s=96&d=mm&r=g\",\"url\":\"https:\\\/\\\/secure.gravatar.com\\\/avatar\\\/9471831fb0a24eae9d32d826a7cb8ef07c34a41520aca1a0ab1f5c0903ba49b9?s=96&d=mm&r=g\",\"contentUrl\":\"https:\\\/\\\/secure.gravatar.com\\\/avatar\\\/9471831fb0a24eae9d32d826a7cb8ef07c34a41520aca1a0ab1f5c0903ba49b9?s=96&d=mm&r=g\",\"caption\":\"Fernanda Hern\u00e1ndez\"},\"description\":\"Reportera y redactora en Centro Urbano. Soy egresada de la licenciatura en Ciencias de la Comunicaci\u00f3n de la Facultad de Ciencias Pol\u00edticas y Sociales (UNAM). Me interesa la cultura, el urbanismo y la arquitectura. Amante del mundo digital, el cine, la m\u00fasica, la lectura y la escritura.\",\"sameAs\":[\"https:\\\/\\\/x.com\\\/https:\\\/\\\/twitter.com\\\/Nannz_Hernandez\"],\"url\":\"https:\\\/\\\/centrourbano.com\\\/revista\\\/author\\\/fernanda-hernandez\\\/\"}]}<\/script>\n<!-- \/ Yoast SEO plugin. -->","yoast_head_json":{"title":"Guadalajara recibe 2.1 mde para proyecto de resiliencia urbana","description":"El proyecto busca fortalecer la gobernanza del \u00c1rea Metropolitana de Guadalajara en materia de resiliencia y gesti\u00f3n de residuos","robots":{"index":"index","follow":"follow","max-snippet":"max-snippet:-1","max-image-preview":"max-image-preview:large","max-video-preview":"max-video-preview:-1"},"canonical":"https:\/\/centrourbano.com\/revista\/urbanismo\/guadalajara-programa-resiliencia-urbana\/","og_locale":"es_ES","og_type":"article","og_title":"Guadalajara recibe 2.1 mde para proyecto de resiliencia urbana","og_description":"El proyecto busca fortalecer la gobernanza del \u00c1rea Metropolitana de Guadalajara en materia de resiliencia y gesti\u00f3n de residuos","og_url":"https:\/\/centrourbano.com\/revista\/urbanismo\/guadalajara-programa-resiliencia-urbana\/","og_site_name":"Centro Urbano","article_publisher":"https:\/\/www.facebook.com\/portalcentrourbano","article_published_time":"2021-11-30T23:24:39+00:00","article_modified_time":"2021-12-01T00:25:10+00:00","og_image":[{"width":540,"height":450,"url":"https:\/\/centrourbano.com\/revista\/wp-content\/uploads\/Guadalajara-recibe-2.1-mde-para-proyecto-de-resiliencia-urbana.jpg","type":"image\/jpeg"}],"author":"Fernanda Hern\u00e1ndez","twitter_card":"summary_large_image","twitter_creator":"@https:\/\/twitter.com\/Nannz_Hernandez","twitter_site":"@CentroUrbano","twitter_misc":{"Escrito por":"Fernanda Hern\u00e1ndez","Tiempo de lectura":"2 minutos"},"schema":{"@context":"https:\/\/schema.org","@graph":[{"@type":"Article","@id":"https:\/\/centrourbano.com\/revista\/urbanismo\/guadalajara-programa-resiliencia-urbana\/#article","isPartOf":{"@id":"https:\/\/centrourbano.com\/revista\/urbanismo\/guadalajara-programa-resiliencia-urbana\/"},"author":{"name":"Fernanda Hern\u00e1ndez","@id":"https:\/\/centrourbano.com\/revista\/#\/schema\/person\/b190b20bbbceb41ec72278c546fa8df3"},"headline":"Guadalajara recibe 2.1 mde para proyecto de resiliencia urbana","datePublished":"2021-11-30T23:24:39+00:00","dateModified":"2021-12-01T00:25:10+00:00","mainEntityOfPage":{"@id":"https:\/\/centrourbano.com\/revista\/urbanismo\/guadalajara-programa-resiliencia-urbana\/"},"wordCount":393,"commentCount":0,"publisher":{"@id":"https:\/\/centrourbano.com\/revista\/#organization"},"image":{"@id":"https:\/\/centrourbano.com\/revista\/urbanismo\/guadalajara-programa-resiliencia-urbana\/#primaryimage"},"thumbnailUrl":"https:\/\/centrourbano.com\/revista\/wp-content\/uploads\/Guadalajara-recibe-2.1-mde-para-proyecto-de-resiliencia-urbana.jpg","keywords":["Gesti\u00f3n de Residuos","Guadalajara","resiliencia urbana","Uni\u00f3n Europea"],"articleSection":["Urbanismo"],"inLanguage":"es","potentialAction":[{"@type":"CommentAction","name":"Comment","target":["https:\/\/centrourbano.com\/revista\/urbanismo\/guadalajara-programa-resiliencia-urbana\/#respond"]}]},{"@type":"WebPage","@id":"https:\/\/centrourbano.com\/revista\/urbanismo\/guadalajara-programa-resiliencia-urbana\/","url":"https:\/\/centrourbano.com\/revista\/urbanismo\/guadalajara-programa-resiliencia-urbana\/","name":"Guadalajara recibe 2.1 mde para proyecto de resiliencia urbana","isPartOf":{"@id":"https:\/\/centrourbano.com\/revista\/#website"},"primaryImageOfPage":{"@id":"https:\/\/centrourbano.com\/revista\/urbanismo\/guadalajara-programa-resiliencia-urbana\/#primaryimage"},"image":{"@id":"https:\/\/centrourbano.com\/revista\/urbanismo\/guadalajara-programa-resiliencia-urbana\/#primaryimage"},"thumbnailUrl":"https:\/\/centrourbano.com\/revista\/wp-content\/uploads\/Guadalajara-recibe-2.1-mde-para-proyecto-de-resiliencia-urbana.jpg","datePublished":"2021-11-30T23:24:39+00:00","dateModified":"2021-12-01T00:25:10+00:00","description":"El proyecto busca fortalecer la gobernanza del \u00c1rea Metropolitana de Guadalajara en materia de resiliencia y gesti\u00f3n de residuos","breadcrumb":{"@id":"https:\/\/centrourbano.com\/revista\/urbanismo\/guadalajara-programa-resiliencia-urbana\/#breadcrumb"},"inLanguage":"es","potentialAction":[{"@type":"ReadAction","target":["https:\/\/centrourbano.com\/revista\/urbanismo\/guadalajara-programa-resiliencia-urbana\/"]}]},{"@type":"ImageObject","inLanguage":"es","@id":"https:\/\/centrourbano.com\/revista\/urbanismo\/guadalajara-programa-resiliencia-urbana\/#primaryimage","url":"https:\/\/centrourbano.com\/revista\/wp-content\/uploads\/Guadalajara-recibe-2.1-mde-para-proyecto-de-resiliencia-urbana.jpg","contentUrl":"https:\/\/centrourbano.com\/revista\/wp-content\/uploads\/Guadalajara-recibe-2.1-mde-para-proyecto-de-resiliencia-urbana.jpg","width":540,"height":450,"caption":"El proyecto busca fortalecer la gobernanza del \u00c1rea Metropolitana de Guadalajara en materia de resiliencia y gesti\u00f3n de residuos"},{"@type":"BreadcrumbList","@id":"https:\/\/centrourbano.com\/revista\/urbanismo\/guadalajara-programa-resiliencia-urbana\/#breadcrumb","itemListElement":[{"@type":"ListItem","position":1,"name":"Portada","item":"https:\/\/centrourbano.com\/revista\/"},{"@type":"ListItem","position":2,"name":"Guadalajara recibe 2.1 mde para proyecto de resiliencia urbana"}]},{"@type":"WebSite","@id":"https:\/\/centrourbano.com\/revista\/#website","url":"https:\/\/centrourbano.com\/revista\/","name":"Centro Urbano","description":"Medio especializado en los sectores vivienda, inmobiliario, construcci\u00f3n, arquitectura y urbanismo.","publisher":{"@id":"https:\/\/centrourbano.com\/revista\/#organization"},"potentialAction":[{"@type":"SearchAction","target":{"@type":"EntryPoint","urlTemplate":"https:\/\/centrourbano.com\/revista\/?s={search_term_string}"},"query-input":{"@type":"PropertyValueSpecification","valueRequired":true,"valueName":"search_term_string"}}],"inLanguage":"es"},{"@type":"Organization","@id":"https:\/\/centrourbano.com\/revista\/#organization","name":"Centro Urbano","url":"https:\/\/centrourbano.com\/revista\/","logo":{"@type":"ImageObject","inLanguage":"es","@id":"https:\/\/centrourbano.com\/revista\/#\/schema\/logo\/image\/","url":"https:\/\/centrourbano.com\/revista\/wp-content\/uploads\/web_CU_logo-1.png","contentUrl":"https:\/\/centrourbano.com\/revista\/wp-content\/uploads\/web_CU_logo-1.png","width":350,"height":91,"caption":"Centro Urbano"},"image":{"@id":"https:\/\/centrourbano.com\/revista\/#\/schema\/logo\/image\/"},"sameAs":["https:\/\/www.facebook.com\/portalcentrourbano","https:\/\/x.com\/CentroUrbano","https:\/\/www.instagram.com\/centro_urbano\/","https:\/\/www.linkedin.com\/company\/centro-urbano\/","http:\/\/www.youtube.com\/user\/portalcentrourbano"]},{"@type":"Person","@id":"https:\/\/centrourbano.com\/revista\/#\/schema\/person\/b190b20bbbceb41ec72278c546fa8df3","name":"Fernanda Hern\u00e1ndez","image":{"@type":"ImageObject","inLanguage":"es","@id":"https:\/\/secure.gravatar.com\/avatar\/9471831fb0a24eae9d32d826a7cb8ef07c34a41520aca1a0ab1f5c0903ba49b9?s=96&d=mm&r=g","url":"https:\/\/secure.gravatar.com\/avatar\/9471831fb0a24eae9d32d826a7cb8ef07c34a41520aca1a0ab1f5c0903ba49b9?s=96&d=mm&r=g","contentUrl":"https:\/\/secure.gravatar.com\/avatar\/9471831fb0a24eae9d32d826a7cb8ef07c34a41520aca1a0ab1f5c0903ba49b9?s=96&d=mm&r=g","caption":"Fernanda Hern\u00e1ndez"},"description":"Reportera y redactora en Centro Urbano. Soy egresada de la licenciatura en Ciencias de la Comunicaci\u00f3n de la Facultad de Ciencias Pol\u00edticas y Sociales (UNAM). Me interesa la cultura, el urbanismo y la arquitectura. Amante del mundo digital, el cine, la m\u00fasica, la lectura y la escritura.","sameAs":["https:\/\/x.com\/https:\/\/twitter.com\/Nannz_Hernandez"],"url":"https:\/\/centrourbano.com\/revista\/author\/fernanda-hernandez\/"}]}},"_links":{"self":[{"href":"https:\/\/centrourbano.com\/revista\/wp-json\/wp\/v2\/posts\/124296","targetHints":{"allow":["GET"]}}],"collection":[{"href":"https:\/\/centrourbano.com\/revista\/wp-json\/wp\/v2\/posts"}],"about":[{"href":"https:\/\/centrourbano.com\/revista\/wp-json\/wp\/v2\/types\/post"}],"author":[{"embeddable":true,"href":"https:\/\/centrourbano.com\/revista\/wp-json\/wp\/v2\/users\/73"}],"replies":[{"embeddable":true,"href":"https:\/\/centrourbano.com\/revista\/wp-json\/wp\/v2\/comments?post=124296"}],"version-history":[{"count":1,"href":"https:\/\/centrourbano.com\/revista\/wp-json\/wp\/v2\/posts\/124296\/revisions"}],"predecessor-version":[{"id":124299,"href":"https:\/\/centrourbano.com\/revista\/wp-json\/wp\/v2\/posts\/124296\/revisions\/124299"}],"wp:featuredmedia":[{"embeddable":true,"href":"https:\/\/centrourbano.com\/revista\/wp-json\/wp\/v2\/media\/124297"}],"wp:attachment":[{"href":"https:\/\/centrourbano.com\/revista\/wp-json\/wp\/v2\/media?parent=124296"}],"wp:term":[{"taxonomy":"category","embeddable":true,"href":"https:\/\/centrourbano.com\/revista\/wp-json\/wp\/v2\/categories?post=124296"},{"taxonomy":"post_tag","embeddable":true,"href":"https:\/\/centrourbano.com\/revista\/wp-json\/wp\/v2\/tags?post=124296"}],"curies":[{"name":"wp","href":"https:\/\/api.w.org\/{rel}","templated":true}]}}