{"id":12428,"date":"2014-11-09T09:33:18","date_gmt":"2014-11-09T15:33:18","guid":{"rendered":"http:\/\/centrourbano.com\/?p=12428"},"modified":"2014-11-09T21:40:58","modified_gmt":"2014-11-10T03:40:58","slug":"consolidara-seduvi-una-metropoli-dinamica-felipe-de-jesus-gutierrez","status":"publish","type":"post","link":"https:\/\/centrourbano.com\/revista\/saladeprensa\/consolidara-seduvi-una-metropoli-dinamica-felipe-de-jesus-gutierrez\/","title":{"rendered":"Consolidar\u00e1 Seduvi una metr\u00f3poli din\u00e1mica: Felipe de Jes\u00fas Guti\u00e9rrez"},"content":{"rendered":"<p>&nbsp;<\/p>\n<p><em><span lang=\"ES\" style=\"font-size: 11pt; font-family: Arial,sans-serif;\">Vinculaci\u00f3n con otras dependencias es fundamental para el desarrollo urbano<\/span><\/em><!--more--><\/p>\n<p>La Secretar\u00eda de Desarrollo Urbano y Vivienda (Seduvi) actuar\u00e1 con un sentido social y se vincular\u00e1 con otras dependencias del Gobierno de la Ciudad de M\u00e9xico para dar una respuesta integral a las demandas de una metr\u00f3poli din\u00e1mica, afirm\u00f3 su titular Felipe de Jes\u00fas Guti\u00e9rrez Guti\u00e9rrez.<\/p>\n<p>Se\u00f1al\u00f3 que hay grandes retos de desarrollo urbano que requieren soluciones conjuntas, por lo que deben empatarse propuestas con entidades vecinas a la capital como el Estado de M\u00e9xico e Hidalgo, y que respondan al inter\u00e9s del ciudadano, ya que se debe reconocer que la CDMX es una gran urbe metropolitana.<\/p>\n<p>&nbsp;<\/p>\n<p>Al participar en la conmemoraci\u00f3n del D\u00eda Nacional del Urbanista, precis\u00f3 que debe construirse un sistema de normas que se adapten a la din\u00e1mica actual, con la participaci\u00f3n conjunta de ciudadanos, acad\u00e9micos, autoridades y expertos.<\/p>\n<p>&nbsp;<\/p>\n<p>Record\u00f3 que en la capital del pa\u00eds existe una demanda de 40 mil viviendas anuales y otras 45 mil que deben ser mejoradas, adem\u00e1s que miles de personas requieren hacer traslados que pueden durar hasta tres horas desde su vivienda a su fuente de trabajo.<\/p>\n<p>&nbsp;<\/p>\n<p>Consider\u00f3 que la Ciudad de M\u00e9xico se debe redensificar desde las colonias, para dar certidumbre jur\u00eddica a las familias y que sus integrantes sean objeto de cr\u00e9ditos de vivienda, al mismo tiempo que se promueva el reciclamiento de zonas agotadas, en deterioro o de aquellas que deban adaptarse a las nuevas din\u00e1micas.<\/p>\n<p>&nbsp;<\/p>\n<p>En la construcci\u00f3n de una ciudad polic\u00e9ntrica, compacta, din\u00e1mica y sustentable tambi\u00e9n debe transparentarse la gesti\u00f3n p\u00fablica y agilizarse los procedimientos para atender las necesidades barriales e incentivar las inversiones.<\/p>\n<p>&nbsp;<\/p>\n<p>Por su parte, David Baltazar Casta\u00f1\u00f3n, presidente del Colegio de Urbanistas de M\u00e9xico, A.C., agradeci\u00f3 la presencia del titular de la Seduvi y ratific\u00f3 su apoyo solidario y t\u00e9cnico en el ordenamiento urbano de la metr\u00f3poli; \u201cseamos planificadores y estemos de la mano con nuestras autoridades, con propuestas e ideas\u201d.<\/p>\n<p>&nbsp;<\/p>\n<p>Al acto asisti\u00f3 Ver\u00f3nica Montero, vicepresidenta del organismo, y los urbanistas Estefan\u00eda Ch\u00e1vez, Germ\u00e1n Ortega y Pamela Castro.<\/p>\n","protected":false},"excerpt":{"rendered":"<p>&nbsp; Vinculaci\u00f3n con otras dependencias es fundamental para el desarrollo urbano<\/p>\n","protected":false},"author":14,"featured_media":0,"comment_status":"open","ping_status":"closed","sticky":false,"template":"","format":"standard","meta":{"om_disable_all_campaigns":false,"inline_featured_image":false,"_monsterinsights_skip_tracking":false,"_monsterinsights_sitenote_active":false,"_monsterinsights_sitenote_note":"","_monsterinsights_sitenote_category":0,"footnotes":""},"categories":[7],"tags":[],"class_list":["post-12428","post","type-post","status-publish","format-standard","hentry","category-saladeprensa"],"yoast_head":"<!-- This site is optimized with the Yoast SEO plugin v27.4 - https:\/\/yoast.com\/product\/yoast-seo-wordpress\/ -->\n<title>Consolidar\u00e1 Seduvi una metr\u00f3poli din\u00e1mica: Felipe de Jes\u00fas Guti\u00e9rrez -<\/title>\n<meta name=\"description\" content=\"&nbsp; Vinculaci\u00f3n con otras dependencias es fundamental para el desarrollo urbano La Secretar\u00eda de Desarrollo Urbano y Vivienda (Seduvi) actuar\u00e1 con un\" \/>\n<meta name=\"robots\" content=\"index, follow, max-snippet:-1, max-image-preview:large, max-video-preview:-1\" \/>\n<link rel=\"canonical\" href=\"https:\/\/centrourbano.com\/revista\/saladeprensa\/consolidara-seduvi-una-metropoli-dinamica-felipe-de-jesus-gutierrez\/\" \/>\n<meta property=\"og:locale\" content=\"es_ES\" \/>\n<meta property=\"og:type\" content=\"article\" \/>\n<meta property=\"og:title\" content=\"Consolidar\u00e1 Seduvi una metr\u00f3poli din\u00e1mica: Felipe de Jes\u00fas Guti\u00e9rrez -\" \/>\n<meta property=\"og:description\" content=\"&nbsp; Vinculaci\u00f3n con otras dependencias es fundamental para el desarrollo urbano La Secretar\u00eda de Desarrollo Urbano y Vivienda (Seduvi) actuar\u00e1 con un\" \/>\n<meta property=\"og:url\" content=\"https:\/\/centrourbano.com\/revista\/saladeprensa\/consolidara-seduvi-una-metropoli-dinamica-felipe-de-jesus-gutierrez\/\" \/>\n<meta property=\"og:site_name\" content=\"Centro Urbano\" \/>\n<meta property=\"article:publisher\" content=\"https:\/\/www.facebook.com\/portalcentrourbano\" \/>\n<meta property=\"article:published_time\" content=\"2014-11-09T15:33:18+00:00\" \/>\n<meta property=\"article:modified_time\" content=\"2014-11-10T03:40:58+00:00\" \/>\n<meta property=\"og:image\" content=\"https:\/\/centrourbano.com\/revista\/wp-content\/uploads\/CU-logo.png\" \/>\n\t<meta property=\"og:image:width\" content=\"350\" \/>\n\t<meta property=\"og:image:height\" content=\"91\" \/>\n\t<meta property=\"og:image:type\" content=\"image\/png\" \/>\n<meta name=\"author\" content=\"Redacci\u00f3n Centro Urbano\" \/>\n<meta name=\"twitter:card\" content=\"summary_large_image\" \/>\n<meta name=\"twitter:creator\" content=\"@CentroUrbano\" \/>\n<meta name=\"twitter:site\" content=\"@CentroUrbano\" \/>\n<meta name=\"twitter:label1\" content=\"Escrito por\" \/>\n\t<meta name=\"twitter:data1\" content=\"Redacci\u00f3n Centro Urbano\" \/>\n\t<meta name=\"twitter:label2\" content=\"Tiempo de lectura\" \/>\n\t<meta name=\"twitter:data2\" content=\"2 minutos\" \/>\n<script type=\"application\/ld+json\" class=\"yoast-schema-graph\">{\"@context\":\"https:\\\/\\\/schema.org\",\"@graph\":[{\"@type\":\"Article\",\"@id\":\"https:\\\/\\\/centrourbano.com\\\/revista\\\/saladeprensa\\\/consolidara-seduvi-una-metropoli-dinamica-felipe-de-jesus-gutierrez\\\/#article\",\"isPartOf\":{\"@id\":\"https:\\\/\\\/centrourbano.com\\\/revista\\\/saladeprensa\\\/consolidara-seduvi-una-metropoli-dinamica-felipe-de-jesus-gutierrez\\\/\"},\"author\":{\"name\":\"Redacci\u00f3n Centro Urbano\",\"@id\":\"https:\\\/\\\/centrourbano.com\\\/revista\\\/#\\\/schema\\\/person\\\/680e7c50f9d6e917e416c9efdc26f996\"},\"headline\":\"Consolidar\u00e1 Seduvi una metr\u00f3poli din\u00e1mica: Felipe de Jes\u00fas Guti\u00e9rrez\",\"datePublished\":\"2014-11-09T15:33:18+00:00\",\"dateModified\":\"2014-11-10T03:40:58+00:00\",\"mainEntityOfPage\":{\"@id\":\"https:\\\/\\\/centrourbano.com\\\/revista\\\/saladeprensa\\\/consolidara-seduvi-una-metropoli-dinamica-felipe-de-jesus-gutierrez\\\/\"},\"wordCount\":392,\"commentCount\":0,\"publisher\":{\"@id\":\"https:\\\/\\\/centrourbano.com\\\/revista\\\/#organization\"},\"articleSection\":[\"Sala de Prensa\"],\"inLanguage\":\"es\",\"potentialAction\":[{\"@type\":\"CommentAction\",\"name\":\"Comment\",\"target\":[\"https:\\\/\\\/centrourbano.com\\\/revista\\\/saladeprensa\\\/consolidara-seduvi-una-metropoli-dinamica-felipe-de-jesus-gutierrez\\\/#respond\"]}]},{\"@type\":\"WebPage\",\"@id\":\"https:\\\/\\\/centrourbano.com\\\/revista\\\/saladeprensa\\\/consolidara-seduvi-una-metropoli-dinamica-felipe-de-jesus-gutierrez\\\/\",\"url\":\"https:\\\/\\\/centrourbano.com\\\/revista\\\/saladeprensa\\\/consolidara-seduvi-una-metropoli-dinamica-felipe-de-jesus-gutierrez\\\/\",\"name\":\"Consolidar\u00e1 Seduvi una metr\u00f3poli din\u00e1mica: Felipe de Jes\u00fas Guti\u00e9rrez -\",\"isPartOf\":{\"@id\":\"https:\\\/\\\/centrourbano.com\\\/revista\\\/#website\"},\"datePublished\":\"2014-11-09T15:33:18+00:00\",\"dateModified\":\"2014-11-10T03:40:58+00:00\",\"description\":\"&nbsp; Vinculaci\u00f3n con otras dependencias es fundamental para el desarrollo urbano La Secretar\u00eda de Desarrollo Urbano y Vivienda (Seduvi) actuar\u00e1 con un\",\"breadcrumb\":{\"@id\":\"https:\\\/\\\/centrourbano.com\\\/revista\\\/saladeprensa\\\/consolidara-seduvi-una-metropoli-dinamica-felipe-de-jesus-gutierrez\\\/#breadcrumb\"},\"inLanguage\":\"es\",\"potentialAction\":[{\"@type\":\"ReadAction\",\"target\":[\"https:\\\/\\\/centrourbano.com\\\/revista\\\/saladeprensa\\\/consolidara-seduvi-una-metropoli-dinamica-felipe-de-jesus-gutierrez\\\/\"]}]},{\"@type\":\"BreadcrumbList\",\"@id\":\"https:\\\/\\\/centrourbano.com\\\/revista\\\/saladeprensa\\\/consolidara-seduvi-una-metropoli-dinamica-felipe-de-jesus-gutierrez\\\/#breadcrumb\",\"itemListElement\":[{\"@type\":\"ListItem\",\"position\":1,\"name\":\"Portada\",\"item\":\"https:\\\/\\\/centrourbano.com\\\/revista\\\/\"},{\"@type\":\"ListItem\",\"position\":2,\"name\":\"Consolidar\u00e1 Seduvi una metr\u00f3poli din\u00e1mica: Felipe de Jes\u00fas Guti\u00e9rrez\"}]},{\"@type\":\"WebSite\",\"@id\":\"https:\\\/\\\/centrourbano.com\\\/revista\\\/#website\",\"url\":\"https:\\\/\\\/centrourbano.com\\\/revista\\\/\",\"name\":\"Centro Urbano\",\"description\":\"Medio especializado en los sectores vivienda, inmobiliario, construcci\u00f3n, arquitectura y urbanismo.\",\"publisher\":{\"@id\":\"https:\\\/\\\/centrourbano.com\\\/revista\\\/#organization\"},\"potentialAction\":[{\"@type\":\"SearchAction\",\"target\":{\"@type\":\"EntryPoint\",\"urlTemplate\":\"https:\\\/\\\/centrourbano.com\\\/revista\\\/?s={search_term_string}\"},\"query-input\":{\"@type\":\"PropertyValueSpecification\",\"valueRequired\":true,\"valueName\":\"search_term_string\"}}],\"inLanguage\":\"es\"},{\"@type\":\"Organization\",\"@id\":\"https:\\\/\\\/centrourbano.com\\\/revista\\\/#organization\",\"name\":\"Centro Urbano\",\"url\":\"https:\\\/\\\/centrourbano.com\\\/revista\\\/\",\"logo\":{\"@type\":\"ImageObject\",\"inLanguage\":\"es\",\"@id\":\"https:\\\/\\\/centrourbano.com\\\/revista\\\/#\\\/schema\\\/logo\\\/image\\\/\",\"url\":\"https:\\\/\\\/centrourbano.com\\\/revista\\\/wp-content\\\/uploads\\\/web_CU_logo-1.png\",\"contentUrl\":\"https:\\\/\\\/centrourbano.com\\\/revista\\\/wp-content\\\/uploads\\\/web_CU_logo-1.png\",\"width\":350,\"height\":91,\"caption\":\"Centro Urbano\"},\"image\":{\"@id\":\"https:\\\/\\\/centrourbano.com\\\/revista\\\/#\\\/schema\\\/logo\\\/image\\\/\"},\"sameAs\":[\"https:\\\/\\\/www.facebook.com\\\/portalcentrourbano\",\"https:\\\/\\\/x.com\\\/CentroUrbano\",\"https:\\\/\\\/www.instagram.com\\\/centro_urbano\\\/\",\"https:\\\/\\\/www.linkedin.com\\\/company\\\/centro-urbano\\\/\",\"http:\\\/\\\/www.youtube.com\\\/user\\\/portalcentrourbano\"]},{\"@type\":\"Person\",\"@id\":\"https:\\\/\\\/centrourbano.com\\\/revista\\\/#\\\/schema\\\/person\\\/680e7c50f9d6e917e416c9efdc26f996\",\"name\":\"Redacci\u00f3n Centro Urbano\",\"image\":{\"@type\":\"ImageObject\",\"inLanguage\":\"es\",\"@id\":\"https:\\\/\\\/secure.gravatar.com\\\/avatar\\\/15a789f894398c0f311f3a7a2ee28032bbc0483098539da66b6a045aa810bf35?s=96&d=mm&r=g\",\"url\":\"https:\\\/\\\/secure.gravatar.com\\\/avatar\\\/15a789f894398c0f311f3a7a2ee28032bbc0483098539da66b6a045aa810bf35?s=96&d=mm&r=g\",\"contentUrl\":\"https:\\\/\\\/secure.gravatar.com\\\/avatar\\\/15a789f894398c0f311f3a7a2ee28032bbc0483098539da66b6a045aa810bf35?s=96&d=mm&r=g\",\"caption\":\"Redacci\u00f3n Centro Urbano\"},\"url\":\"https:\\\/\\\/centrourbano.com\\\/revista\\\/author\\\/editorial\\\/\"}]}<\/script>\n<!-- \/ Yoast SEO plugin. -->","yoast_head_json":{"title":"Consolidar\u00e1 Seduvi una metr\u00f3poli din\u00e1mica: Felipe de Jes\u00fas Guti\u00e9rrez -","description":"&nbsp; Vinculaci\u00f3n con otras dependencias es fundamental para el desarrollo urbano La Secretar\u00eda de Desarrollo Urbano y Vivienda (Seduvi) actuar\u00e1 con un","robots":{"index":"index","follow":"follow","max-snippet":"max-snippet:-1","max-image-preview":"max-image-preview:large","max-video-preview":"max-video-preview:-1"},"canonical":"https:\/\/centrourbano.com\/revista\/saladeprensa\/consolidara-seduvi-una-metropoli-dinamica-felipe-de-jesus-gutierrez\/","og_locale":"es_ES","og_type":"article","og_title":"Consolidar\u00e1 Seduvi una metr\u00f3poli din\u00e1mica: Felipe de Jes\u00fas Guti\u00e9rrez -","og_description":"&nbsp; Vinculaci\u00f3n con otras dependencias es fundamental para el desarrollo urbano La Secretar\u00eda de Desarrollo Urbano y Vivienda (Seduvi) actuar\u00e1 con un","og_url":"https:\/\/centrourbano.com\/revista\/saladeprensa\/consolidara-seduvi-una-metropoli-dinamica-felipe-de-jesus-gutierrez\/","og_site_name":"Centro Urbano","article_publisher":"https:\/\/www.facebook.com\/portalcentrourbano","article_published_time":"2014-11-09T15:33:18+00:00","article_modified_time":"2014-11-10T03:40:58+00:00","og_image":[{"width":350,"height":91,"url":"https:\/\/centrourbano.com\/revista\/wp-content\/uploads\/CU-logo.png","type":"image\/png"}],"author":"Redacci\u00f3n Centro Urbano","twitter_card":"summary_large_image","twitter_creator":"@CentroUrbano","twitter_site":"@CentroUrbano","twitter_misc":{"Escrito por":"Redacci\u00f3n Centro Urbano","Tiempo de lectura":"2 minutos"},"schema":{"@context":"https:\/\/schema.org","@graph":[{"@type":"Article","@id":"https:\/\/centrourbano.com\/revista\/saladeprensa\/consolidara-seduvi-una-metropoli-dinamica-felipe-de-jesus-gutierrez\/#article","isPartOf":{"@id":"https:\/\/centrourbano.com\/revista\/saladeprensa\/consolidara-seduvi-una-metropoli-dinamica-felipe-de-jesus-gutierrez\/"},"author":{"name":"Redacci\u00f3n Centro Urbano","@id":"https:\/\/centrourbano.com\/revista\/#\/schema\/person\/680e7c50f9d6e917e416c9efdc26f996"},"headline":"Consolidar\u00e1 Seduvi una metr\u00f3poli din\u00e1mica: Felipe de Jes\u00fas Guti\u00e9rrez","datePublished":"2014-11-09T15:33:18+00:00","dateModified":"2014-11-10T03:40:58+00:00","mainEntityOfPage":{"@id":"https:\/\/centrourbano.com\/revista\/saladeprensa\/consolidara-seduvi-una-metropoli-dinamica-felipe-de-jesus-gutierrez\/"},"wordCount":392,"commentCount":0,"publisher":{"@id":"https:\/\/centrourbano.com\/revista\/#organization"},"articleSection":["Sala de Prensa"],"inLanguage":"es","potentialAction":[{"@type":"CommentAction","name":"Comment","target":["https:\/\/centrourbano.com\/revista\/saladeprensa\/consolidara-seduvi-una-metropoli-dinamica-felipe-de-jesus-gutierrez\/#respond"]}]},{"@type":"WebPage","@id":"https:\/\/centrourbano.com\/revista\/saladeprensa\/consolidara-seduvi-una-metropoli-dinamica-felipe-de-jesus-gutierrez\/","url":"https:\/\/centrourbano.com\/revista\/saladeprensa\/consolidara-seduvi-una-metropoli-dinamica-felipe-de-jesus-gutierrez\/","name":"Consolidar\u00e1 Seduvi una metr\u00f3poli din\u00e1mica: Felipe de Jes\u00fas Guti\u00e9rrez -","isPartOf":{"@id":"https:\/\/centrourbano.com\/revista\/#website"},"datePublished":"2014-11-09T15:33:18+00:00","dateModified":"2014-11-10T03:40:58+00:00","description":"&nbsp; Vinculaci\u00f3n con otras dependencias es fundamental para el desarrollo urbano La Secretar\u00eda de Desarrollo Urbano y Vivienda (Seduvi) actuar\u00e1 con un","breadcrumb":{"@id":"https:\/\/centrourbano.com\/revista\/saladeprensa\/consolidara-seduvi-una-metropoli-dinamica-felipe-de-jesus-gutierrez\/#breadcrumb"},"inLanguage":"es","potentialAction":[{"@type":"ReadAction","target":["https:\/\/centrourbano.com\/revista\/saladeprensa\/consolidara-seduvi-una-metropoli-dinamica-felipe-de-jesus-gutierrez\/"]}]},{"@type":"BreadcrumbList","@id":"https:\/\/centrourbano.com\/revista\/saladeprensa\/consolidara-seduvi-una-metropoli-dinamica-felipe-de-jesus-gutierrez\/#breadcrumb","itemListElement":[{"@type":"ListItem","position":1,"name":"Portada","item":"https:\/\/centrourbano.com\/revista\/"},{"@type":"ListItem","position":2,"name":"Consolidar\u00e1 Seduvi una metr\u00f3poli din\u00e1mica: Felipe de Jes\u00fas Guti\u00e9rrez"}]},{"@type":"WebSite","@id":"https:\/\/centrourbano.com\/revista\/#website","url":"https:\/\/centrourbano.com\/revista\/","name":"Centro Urbano","description":"Medio especializado en los sectores vivienda, inmobiliario, construcci\u00f3n, arquitectura y urbanismo.","publisher":{"@id":"https:\/\/centrourbano.com\/revista\/#organization"},"potentialAction":[{"@type":"SearchAction","target":{"@type":"EntryPoint","urlTemplate":"https:\/\/centrourbano.com\/revista\/?s={search_term_string}"},"query-input":{"@type":"PropertyValueSpecification","valueRequired":true,"valueName":"search_term_string"}}],"inLanguage":"es"},{"@type":"Organization","@id":"https:\/\/centrourbano.com\/revista\/#organization","name":"Centro Urbano","url":"https:\/\/centrourbano.com\/revista\/","logo":{"@type":"ImageObject","inLanguage":"es","@id":"https:\/\/centrourbano.com\/revista\/#\/schema\/logo\/image\/","url":"https:\/\/centrourbano.com\/revista\/wp-content\/uploads\/web_CU_logo-1.png","contentUrl":"https:\/\/centrourbano.com\/revista\/wp-content\/uploads\/web_CU_logo-1.png","width":350,"height":91,"caption":"Centro Urbano"},"image":{"@id":"https:\/\/centrourbano.com\/revista\/#\/schema\/logo\/image\/"},"sameAs":["https:\/\/www.facebook.com\/portalcentrourbano","https:\/\/x.com\/CentroUrbano","https:\/\/www.instagram.com\/centro_urbano\/","https:\/\/www.linkedin.com\/company\/centro-urbano\/","http:\/\/www.youtube.com\/user\/portalcentrourbano"]},{"@type":"Person","@id":"https:\/\/centrourbano.com\/revista\/#\/schema\/person\/680e7c50f9d6e917e416c9efdc26f996","name":"Redacci\u00f3n Centro Urbano","image":{"@type":"ImageObject","inLanguage":"es","@id":"https:\/\/secure.gravatar.com\/avatar\/15a789f894398c0f311f3a7a2ee28032bbc0483098539da66b6a045aa810bf35?s=96&d=mm&r=g","url":"https:\/\/secure.gravatar.com\/avatar\/15a789f894398c0f311f3a7a2ee28032bbc0483098539da66b6a045aa810bf35?s=96&d=mm&r=g","contentUrl":"https:\/\/secure.gravatar.com\/avatar\/15a789f894398c0f311f3a7a2ee28032bbc0483098539da66b6a045aa810bf35?s=96&d=mm&r=g","caption":"Redacci\u00f3n Centro Urbano"},"url":"https:\/\/centrourbano.com\/revista\/author\/editorial\/"}]}},"_links":{"self":[{"href":"https:\/\/centrourbano.com\/revista\/wp-json\/wp\/v2\/posts\/12428","targetHints":{"allow":["GET"]}}],"collection":[{"href":"https:\/\/centrourbano.com\/revista\/wp-json\/wp\/v2\/posts"}],"about":[{"href":"https:\/\/centrourbano.com\/revista\/wp-json\/wp\/v2\/types\/post"}],"author":[{"embeddable":true,"href":"https:\/\/centrourbano.com\/revista\/wp-json\/wp\/v2\/users\/14"}],"replies":[{"embeddable":true,"href":"https:\/\/centrourbano.com\/revista\/wp-json\/wp\/v2\/comments?post=12428"}],"version-history":[{"count":0,"href":"https:\/\/centrourbano.com\/revista\/wp-json\/wp\/v2\/posts\/12428\/revisions"}],"wp:attachment":[{"href":"https:\/\/centrourbano.com\/revista\/wp-json\/wp\/v2\/media?parent=12428"}],"wp:term":[{"taxonomy":"category","embeddable":true,"href":"https:\/\/centrourbano.com\/revista\/wp-json\/wp\/v2\/categories?post=12428"},{"taxonomy":"post_tag","embeddable":true,"href":"https:\/\/centrourbano.com\/revista\/wp-json\/wp\/v2\/tags?post=12428"}],"curies":[{"name":"wp","href":"https:\/\/api.w.org\/{rel}","templated":true}]}}