{"id":12424,"date":"2014-11-10T09:15:25","date_gmt":"2014-11-10T15:15:25","guid":{"rendered":"http:\/\/centrourbano.com\/?p=12424"},"modified":"2014-11-09T21:27:34","modified_gmt":"2014-11-10T03:27:34","slug":"sustentabilidad-gobernanza-seguridad-hidriga-y-derechos-humanos-base-de-las-nuevas-politicas-publicas-del-agua","status":"publish","type":"post","link":"https:\/\/centrourbano.com\/revista\/saladeprensa\/sustentabilidad-gobernanza-seguridad-hidriga-y-derechos-humanos-base-de-las-nuevas-politicas-publicas-del-agua\/","title":{"rendered":"Sustentabilidad, gobernanza, seguridad h\u00eddriga y derechos humanos, base de las nuevas pol\u00edticas p\u00fablicas del agua"},"content":{"rendered":"<p><em><strong>\u00a0<\/strong><\/em><\/p>\n<ul>\n<li><em>El titular de la Conagua convoc\u00f3 a los pa\u00edses participantes del World Water Summit para impulsar la propuesta del Presidente, Enrique Pe\u00f1a Nieto, para crear un panel Intergubernamental del Agua.<\/em><\/li>\n<\/ul>\n<p><!--more--><\/p>\n<p>&nbsp;<\/p>\n<p>La reforma estructural de las pol\u00edticas p\u00fablicas del agua en M\u00e9xico, permitir\u00e1 tener m\u00e1s herramientas y elementos para mejorar la gobernanza del agua y que lejos de una amenaza, sea un factor de armon\u00eda, equilibrio y desarrollo, enfatiz\u00f3 David Korenfeld Federman, titular de la Comisi\u00f3n Nacional del Agua.<\/p>\n<p>&nbsp;<\/p>\n<p>Al participar en el panel pol\u00edtico de alto nivel World Water Summit, Time For Action -realizado en Londres, Inglaterra-, se\u00f1al\u00f3 que estas pol\u00edticas p\u00fablicas, est\u00e1n basadas en esquemas de sustentabilidad, gobernanza, seguridad h\u00eddrica y derechos humanos. Las cuales para transformarse en realidad, est\u00e1n siendo acompa\u00f1adas de una inversi\u00f3n en infraestructura cercana a los 30 mil millones de d\u00f3lares para el periodo 2013-2018.<\/p>\n<p>&nbsp;<\/p>\n<p>En este sentido, explic\u00f3 que siguiendo la pol\u00edtica reformadora del Presidente Enrique Pe\u00f1a Nieto, se inici\u00f3 la reforma en materia de agua conformando el Plan Nacional de Desarrollo, y el Programa Nacional H\u00eddrico, como instrumentos de planeaci\u00f3n que consideraran al agua con su car\u00e1cter estrat\u00e9gico, transversal y multisectorial.<\/p>\n<p>&nbsp;<\/p>\n<p>Asimismo, precis\u00f3 que en M\u00e9xico, los temas de agua, ahora se consideran materia de seguridad nacional; y que las nuevas pol\u00edticas p\u00fablicas de esta gesti\u00f3n se basan desde su origen en cuatro ejes fundamentales: servicios de agua adecuados y accesibles, agua suficiente para la seguridad alimentaria, manejo sustentable, y seguridad h\u00eddrica.<\/p>\n<p>&nbsp;<\/p>\n<p>Adem\u00e1s, detall\u00f3 que en los \u00faltimos dos a\u00f1os se ha trabajado de la mano del congreso, y representantes de los diferentes usos, para modernizar el marco normativo, procedimiento que reflejar\u00e1 la nueva visi\u00f3n de pol\u00edticas p\u00fablicas del agua, para garantizar su continuidad m\u00e1s all\u00e1 de los cambios de gobierno.<\/p>\n<p>&nbsp;<\/p>\n<p>La nueva ley, estar\u00e1 alineada a las recomendaciones emitidas por la ONU para el derecho humano al agua, definiendo sus alcances y contraprestaciones, con base en los principios de disponibilidad, calidad y accesibilidad f\u00edsica y financiera, determinando incluso un m\u00ednimo vital por d\u00eda.<\/p>\n<p>&nbsp;<\/p>\n<p>Por otra parte, tambi\u00e9n indic\u00f3 que se delimitan claramente las obligaciones de cada uno de los niveles de gobierno y de la sociedad, por lo que se incluyeron tambi\u00e9n las nuevas obligaciones para que la planeaci\u00f3n urbana considere elementos hidr\u00e1ulicos de disponibilidad y vulnerabilidad, en el desarrollo de las ciudades.<\/p>\n<p>&nbsp;<\/p>\n<p>David Korenfeld, detall\u00f3 que bajo este esquema se est\u00e1 creando un nuevo sistema financiero del agua, que incluye la participaci\u00f3n de asociaciones p\u00fablico-privadas para la construcci\u00f3n, operaci\u00f3n, y mantenimiento de la infraestructura hidr\u00e1ulica, as\u00ed como la posibilidad de conformar organismos operadores metropolitanos, y la incorporaci\u00f3n de organismos reguladores de la prestaci\u00f3n de los servicios de agua y saneamiento.<\/p>\n<p>&nbsp;<\/p>\n<p>Todo esto bajo un esquema de incentivos financieros en el que los municipios que acepten colaborar con estos par\u00e1metros, acceder\u00e1n a un fideicomiso de garant\u00eda, para financiar sus proyectos contra sus ingresos futuros.<\/p>\n<p>&nbsp;<\/p>\n<p>Finalmente, para poder desarrollar nuevas pol\u00edticas de adaptaci\u00f3n y resiliencia, as\u00ed como a convivir sin mayores da\u00f1os con las nuevas condiciones clim\u00e1ticas e hidrol\u00f3gicas del mundo, David Korenfeld convoc\u00f3 a los pa\u00edses participantes del World Water Summit para impulsar la propuesta del Presidente, Enrique Pe\u00f1a Nieto, para crear un panel Intergubernamental del Agua.<\/p>\n","protected":false},"excerpt":{"rendered":"<p>\u00a0 El titular de la Conagua convoc\u00f3 a los pa\u00edses participantes del World Water Summit para impulsar la propuesta del Presidente, Enrique Pe\u00f1a Nieto, para crear un panel Intergubernamental del Agua.<\/p>\n","protected":false},"author":14,"featured_media":0,"comment_status":"open","ping_status":"closed","sticky":false,"template":"","format":"standard","meta":{"om_disable_all_campaigns":false,"inline_featured_image":false,"_monsterinsights_skip_tracking":false,"_monsterinsights_sitenote_active":false,"_monsterinsights_sitenote_note":"","_monsterinsights_sitenote_category":0,"footnotes":""},"categories":[7],"tags":[],"class_list":["post-12424","post","type-post","status-publish","format-standard","hentry","category-saladeprensa"],"yoast_head":"<!-- This site is optimized with the Yoast SEO plugin v27.4 - https:\/\/yoast.com\/product\/yoast-seo-wordpress\/ -->\n<title>Sustentabilidad, gobernanza, seguridad h\u00eddriga y derechos humanos, base de las nuevas pol\u00edticas p\u00fablicas del agua -<\/title>\n<meta name=\"description\" content=\"\u00a0 El titular de la Conagua convoc\u00f3 a los pa\u00edses participantes del World Water Summit para impulsar la propuesta del Presidente, Enrique Pe\u00f1a Nieto, para\" \/>\n<meta name=\"robots\" content=\"index, follow, max-snippet:-1, max-image-preview:large, max-video-preview:-1\" \/>\n<link rel=\"canonical\" href=\"https:\/\/centrourbano.com\/revista\/saladeprensa\/sustentabilidad-gobernanza-seguridad-hidriga-y-derechos-humanos-base-de-las-nuevas-politicas-publicas-del-agua\/\" \/>\n<meta property=\"og:locale\" content=\"es_ES\" \/>\n<meta property=\"og:type\" content=\"article\" \/>\n<meta property=\"og:title\" content=\"Sustentabilidad, gobernanza, seguridad h\u00eddriga y derechos humanos, base de las nuevas pol\u00edticas p\u00fablicas del agua -\" \/>\n<meta property=\"og:description\" content=\"\u00a0 El titular de la Conagua convoc\u00f3 a los pa\u00edses participantes del World Water Summit para impulsar la propuesta del Presidente, Enrique Pe\u00f1a Nieto, para\" \/>\n<meta property=\"og:url\" content=\"https:\/\/centrourbano.com\/revista\/saladeprensa\/sustentabilidad-gobernanza-seguridad-hidriga-y-derechos-humanos-base-de-las-nuevas-politicas-publicas-del-agua\/\" \/>\n<meta property=\"og:site_name\" content=\"Centro Urbano\" \/>\n<meta property=\"article:publisher\" content=\"https:\/\/www.facebook.com\/portalcentrourbano\" \/>\n<meta property=\"article:published_time\" content=\"2014-11-10T15:15:25+00:00\" \/>\n<meta property=\"og:image\" content=\"https:\/\/centrourbano.com\/revista\/wp-content\/uploads\/CU-logo.png\" \/>\n\t<meta property=\"og:image:width\" content=\"350\" \/>\n\t<meta property=\"og:image:height\" content=\"91\" \/>\n\t<meta property=\"og:image:type\" content=\"image\/png\" \/>\n<meta name=\"author\" content=\"Redacci\u00f3n Centro Urbano\" \/>\n<meta name=\"twitter:card\" content=\"summary_large_image\" \/>\n<meta name=\"twitter:creator\" content=\"@CentroUrbano\" \/>\n<meta name=\"twitter:site\" content=\"@CentroUrbano\" \/>\n<meta name=\"twitter:label1\" content=\"Escrito por\" \/>\n\t<meta name=\"twitter:data1\" content=\"Redacci\u00f3n Centro Urbano\" \/>\n\t<meta name=\"twitter:label2\" content=\"Tiempo de lectura\" \/>\n\t<meta name=\"twitter:data2\" content=\"3 minutos\" \/>\n<script type=\"application\/ld+json\" class=\"yoast-schema-graph\">{\"@context\":\"https:\\\/\\\/schema.org\",\"@graph\":[{\"@type\":\"Article\",\"@id\":\"https:\\\/\\\/centrourbano.com\\\/revista\\\/saladeprensa\\\/sustentabilidad-gobernanza-seguridad-hidriga-y-derechos-humanos-base-de-las-nuevas-politicas-publicas-del-agua\\\/#article\",\"isPartOf\":{\"@id\":\"https:\\\/\\\/centrourbano.com\\\/revista\\\/saladeprensa\\\/sustentabilidad-gobernanza-seguridad-hidriga-y-derechos-humanos-base-de-las-nuevas-politicas-publicas-del-agua\\\/\"},\"author\":{\"name\":\"Redacci\u00f3n Centro Urbano\",\"@id\":\"https:\\\/\\\/centrourbano.com\\\/revista\\\/#\\\/schema\\\/person\\\/680e7c50f9d6e917e416c9efdc26f996\"},\"headline\":\"Sustentabilidad, gobernanza, seguridad h\u00eddriga y derechos humanos, base de las nuevas pol\u00edticas p\u00fablicas del agua\",\"datePublished\":\"2014-11-10T15:15:25+00:00\",\"mainEntityOfPage\":{\"@id\":\"https:\\\/\\\/centrourbano.com\\\/revista\\\/saladeprensa\\\/sustentabilidad-gobernanza-seguridad-hidriga-y-derechos-humanos-base-de-las-nuevas-politicas-publicas-del-agua\\\/\"},\"wordCount\":611,\"commentCount\":0,\"publisher\":{\"@id\":\"https:\\\/\\\/centrourbano.com\\\/revista\\\/#organization\"},\"articleSection\":[\"Sala de Prensa\"],\"inLanguage\":\"es\",\"potentialAction\":[{\"@type\":\"CommentAction\",\"name\":\"Comment\",\"target\":[\"https:\\\/\\\/centrourbano.com\\\/revista\\\/saladeprensa\\\/sustentabilidad-gobernanza-seguridad-hidriga-y-derechos-humanos-base-de-las-nuevas-politicas-publicas-del-agua\\\/#respond\"]}]},{\"@type\":\"WebPage\",\"@id\":\"https:\\\/\\\/centrourbano.com\\\/revista\\\/saladeprensa\\\/sustentabilidad-gobernanza-seguridad-hidriga-y-derechos-humanos-base-de-las-nuevas-politicas-publicas-del-agua\\\/\",\"url\":\"https:\\\/\\\/centrourbano.com\\\/revista\\\/saladeprensa\\\/sustentabilidad-gobernanza-seguridad-hidriga-y-derechos-humanos-base-de-las-nuevas-politicas-publicas-del-agua\\\/\",\"name\":\"Sustentabilidad, gobernanza, seguridad h\u00eddriga y derechos humanos, base de las nuevas pol\u00edticas p\u00fablicas del agua -\",\"isPartOf\":{\"@id\":\"https:\\\/\\\/centrourbano.com\\\/revista\\\/#website\"},\"datePublished\":\"2014-11-10T15:15:25+00:00\",\"description\":\"\u00a0 El titular de la Conagua convoc\u00f3 a los pa\u00edses participantes del World Water Summit para impulsar la propuesta del Presidente, Enrique Pe\u00f1a Nieto, para\",\"breadcrumb\":{\"@id\":\"https:\\\/\\\/centrourbano.com\\\/revista\\\/saladeprensa\\\/sustentabilidad-gobernanza-seguridad-hidriga-y-derechos-humanos-base-de-las-nuevas-politicas-publicas-del-agua\\\/#breadcrumb\"},\"inLanguage\":\"es\",\"potentialAction\":[{\"@type\":\"ReadAction\",\"target\":[\"https:\\\/\\\/centrourbano.com\\\/revista\\\/saladeprensa\\\/sustentabilidad-gobernanza-seguridad-hidriga-y-derechos-humanos-base-de-las-nuevas-politicas-publicas-del-agua\\\/\"]}]},{\"@type\":\"BreadcrumbList\",\"@id\":\"https:\\\/\\\/centrourbano.com\\\/revista\\\/saladeprensa\\\/sustentabilidad-gobernanza-seguridad-hidriga-y-derechos-humanos-base-de-las-nuevas-politicas-publicas-del-agua\\\/#breadcrumb\",\"itemListElement\":[{\"@type\":\"ListItem\",\"position\":1,\"name\":\"Portada\",\"item\":\"https:\\\/\\\/centrourbano.com\\\/revista\\\/\"},{\"@type\":\"ListItem\",\"position\":2,\"name\":\"Sustentabilidad, gobernanza, seguridad h\u00eddriga y derechos humanos, base de las nuevas pol\u00edticas p\u00fablicas del agua\"}]},{\"@type\":\"WebSite\",\"@id\":\"https:\\\/\\\/centrourbano.com\\\/revista\\\/#website\",\"url\":\"https:\\\/\\\/centrourbano.com\\\/revista\\\/\",\"name\":\"Centro Urbano\",\"description\":\"Medio especializado en los sectores vivienda, inmobiliario, construcci\u00f3n, arquitectura y urbanismo.\",\"publisher\":{\"@id\":\"https:\\\/\\\/centrourbano.com\\\/revista\\\/#organization\"},\"potentialAction\":[{\"@type\":\"SearchAction\",\"target\":{\"@type\":\"EntryPoint\",\"urlTemplate\":\"https:\\\/\\\/centrourbano.com\\\/revista\\\/?s={search_term_string}\"},\"query-input\":{\"@type\":\"PropertyValueSpecification\",\"valueRequired\":true,\"valueName\":\"search_term_string\"}}],\"inLanguage\":\"es\"},{\"@type\":\"Organization\",\"@id\":\"https:\\\/\\\/centrourbano.com\\\/revista\\\/#organization\",\"name\":\"Centro Urbano\",\"url\":\"https:\\\/\\\/centrourbano.com\\\/revista\\\/\",\"logo\":{\"@type\":\"ImageObject\",\"inLanguage\":\"es\",\"@id\":\"https:\\\/\\\/centrourbano.com\\\/revista\\\/#\\\/schema\\\/logo\\\/image\\\/\",\"url\":\"https:\\\/\\\/centrourbano.com\\\/revista\\\/wp-content\\\/uploads\\\/web_CU_logo-1.png\",\"contentUrl\":\"https:\\\/\\\/centrourbano.com\\\/revista\\\/wp-content\\\/uploads\\\/web_CU_logo-1.png\",\"width\":350,\"height\":91,\"caption\":\"Centro Urbano\"},\"image\":{\"@id\":\"https:\\\/\\\/centrourbano.com\\\/revista\\\/#\\\/schema\\\/logo\\\/image\\\/\"},\"sameAs\":[\"https:\\\/\\\/www.facebook.com\\\/portalcentrourbano\",\"https:\\\/\\\/x.com\\\/CentroUrbano\",\"https:\\\/\\\/www.instagram.com\\\/centro_urbano\\\/\",\"https:\\\/\\\/www.linkedin.com\\\/company\\\/centro-urbano\\\/\",\"http:\\\/\\\/www.youtube.com\\\/user\\\/portalcentrourbano\"]},{\"@type\":\"Person\",\"@id\":\"https:\\\/\\\/centrourbano.com\\\/revista\\\/#\\\/schema\\\/person\\\/680e7c50f9d6e917e416c9efdc26f996\",\"name\":\"Redacci\u00f3n Centro Urbano\",\"image\":{\"@type\":\"ImageObject\",\"inLanguage\":\"es\",\"@id\":\"https:\\\/\\\/secure.gravatar.com\\\/avatar\\\/15a789f894398c0f311f3a7a2ee28032bbc0483098539da66b6a045aa810bf35?s=96&d=mm&r=g\",\"url\":\"https:\\\/\\\/secure.gravatar.com\\\/avatar\\\/15a789f894398c0f311f3a7a2ee28032bbc0483098539da66b6a045aa810bf35?s=96&d=mm&r=g\",\"contentUrl\":\"https:\\\/\\\/secure.gravatar.com\\\/avatar\\\/15a789f894398c0f311f3a7a2ee28032bbc0483098539da66b6a045aa810bf35?s=96&d=mm&r=g\",\"caption\":\"Redacci\u00f3n Centro Urbano\"},\"url\":\"https:\\\/\\\/centrourbano.com\\\/revista\\\/author\\\/editorial\\\/\"}]}<\/script>\n<!-- \/ Yoast SEO plugin. -->","yoast_head_json":{"title":"Sustentabilidad, gobernanza, seguridad h\u00eddriga y derechos humanos, base de las nuevas pol\u00edticas p\u00fablicas del agua -","description":"\u00a0 El titular de la Conagua convoc\u00f3 a los pa\u00edses participantes del World Water Summit para impulsar la propuesta del Presidente, Enrique Pe\u00f1a Nieto, para","robots":{"index":"index","follow":"follow","max-snippet":"max-snippet:-1","max-image-preview":"max-image-preview:large","max-video-preview":"max-video-preview:-1"},"canonical":"https:\/\/centrourbano.com\/revista\/saladeprensa\/sustentabilidad-gobernanza-seguridad-hidriga-y-derechos-humanos-base-de-las-nuevas-politicas-publicas-del-agua\/","og_locale":"es_ES","og_type":"article","og_title":"Sustentabilidad, gobernanza, seguridad h\u00eddriga y derechos humanos, base de las nuevas pol\u00edticas p\u00fablicas del agua -","og_description":"\u00a0 El titular de la Conagua convoc\u00f3 a los pa\u00edses participantes del World Water Summit para impulsar la propuesta del Presidente, Enrique Pe\u00f1a Nieto, para","og_url":"https:\/\/centrourbano.com\/revista\/saladeprensa\/sustentabilidad-gobernanza-seguridad-hidriga-y-derechos-humanos-base-de-las-nuevas-politicas-publicas-del-agua\/","og_site_name":"Centro Urbano","article_publisher":"https:\/\/www.facebook.com\/portalcentrourbano","article_published_time":"2014-11-10T15:15:25+00:00","og_image":[{"width":350,"height":91,"url":"https:\/\/centrourbano.com\/revista\/wp-content\/uploads\/CU-logo.png","type":"image\/png"}],"author":"Redacci\u00f3n Centro Urbano","twitter_card":"summary_large_image","twitter_creator":"@CentroUrbano","twitter_site":"@CentroUrbano","twitter_misc":{"Escrito por":"Redacci\u00f3n Centro Urbano","Tiempo de lectura":"3 minutos"},"schema":{"@context":"https:\/\/schema.org","@graph":[{"@type":"Article","@id":"https:\/\/centrourbano.com\/revista\/saladeprensa\/sustentabilidad-gobernanza-seguridad-hidriga-y-derechos-humanos-base-de-las-nuevas-politicas-publicas-del-agua\/#article","isPartOf":{"@id":"https:\/\/centrourbano.com\/revista\/saladeprensa\/sustentabilidad-gobernanza-seguridad-hidriga-y-derechos-humanos-base-de-las-nuevas-politicas-publicas-del-agua\/"},"author":{"name":"Redacci\u00f3n Centro Urbano","@id":"https:\/\/centrourbano.com\/revista\/#\/schema\/person\/680e7c50f9d6e917e416c9efdc26f996"},"headline":"Sustentabilidad, gobernanza, seguridad h\u00eddriga y derechos humanos, base de las nuevas pol\u00edticas p\u00fablicas del agua","datePublished":"2014-11-10T15:15:25+00:00","mainEntityOfPage":{"@id":"https:\/\/centrourbano.com\/revista\/saladeprensa\/sustentabilidad-gobernanza-seguridad-hidriga-y-derechos-humanos-base-de-las-nuevas-politicas-publicas-del-agua\/"},"wordCount":611,"commentCount":0,"publisher":{"@id":"https:\/\/centrourbano.com\/revista\/#organization"},"articleSection":["Sala de Prensa"],"inLanguage":"es","potentialAction":[{"@type":"CommentAction","name":"Comment","target":["https:\/\/centrourbano.com\/revista\/saladeprensa\/sustentabilidad-gobernanza-seguridad-hidriga-y-derechos-humanos-base-de-las-nuevas-politicas-publicas-del-agua\/#respond"]}]},{"@type":"WebPage","@id":"https:\/\/centrourbano.com\/revista\/saladeprensa\/sustentabilidad-gobernanza-seguridad-hidriga-y-derechos-humanos-base-de-las-nuevas-politicas-publicas-del-agua\/","url":"https:\/\/centrourbano.com\/revista\/saladeprensa\/sustentabilidad-gobernanza-seguridad-hidriga-y-derechos-humanos-base-de-las-nuevas-politicas-publicas-del-agua\/","name":"Sustentabilidad, gobernanza, seguridad h\u00eddriga y derechos humanos, base de las nuevas pol\u00edticas p\u00fablicas del agua -","isPartOf":{"@id":"https:\/\/centrourbano.com\/revista\/#website"},"datePublished":"2014-11-10T15:15:25+00:00","description":"\u00a0 El titular de la Conagua convoc\u00f3 a los pa\u00edses participantes del World Water Summit para impulsar la propuesta del Presidente, Enrique Pe\u00f1a Nieto, para","breadcrumb":{"@id":"https:\/\/centrourbano.com\/revista\/saladeprensa\/sustentabilidad-gobernanza-seguridad-hidriga-y-derechos-humanos-base-de-las-nuevas-politicas-publicas-del-agua\/#breadcrumb"},"inLanguage":"es","potentialAction":[{"@type":"ReadAction","target":["https:\/\/centrourbano.com\/revista\/saladeprensa\/sustentabilidad-gobernanza-seguridad-hidriga-y-derechos-humanos-base-de-las-nuevas-politicas-publicas-del-agua\/"]}]},{"@type":"BreadcrumbList","@id":"https:\/\/centrourbano.com\/revista\/saladeprensa\/sustentabilidad-gobernanza-seguridad-hidriga-y-derechos-humanos-base-de-las-nuevas-politicas-publicas-del-agua\/#breadcrumb","itemListElement":[{"@type":"ListItem","position":1,"name":"Portada","item":"https:\/\/centrourbano.com\/revista\/"},{"@type":"ListItem","position":2,"name":"Sustentabilidad, gobernanza, seguridad h\u00eddriga y derechos humanos, base de las nuevas pol\u00edticas p\u00fablicas del agua"}]},{"@type":"WebSite","@id":"https:\/\/centrourbano.com\/revista\/#website","url":"https:\/\/centrourbano.com\/revista\/","name":"Centro Urbano","description":"Medio especializado en los sectores vivienda, inmobiliario, construcci\u00f3n, arquitectura y urbanismo.","publisher":{"@id":"https:\/\/centrourbano.com\/revista\/#organization"},"potentialAction":[{"@type":"SearchAction","target":{"@type":"EntryPoint","urlTemplate":"https:\/\/centrourbano.com\/revista\/?s={search_term_string}"},"query-input":{"@type":"PropertyValueSpecification","valueRequired":true,"valueName":"search_term_string"}}],"inLanguage":"es"},{"@type":"Organization","@id":"https:\/\/centrourbano.com\/revista\/#organization","name":"Centro Urbano","url":"https:\/\/centrourbano.com\/revista\/","logo":{"@type":"ImageObject","inLanguage":"es","@id":"https:\/\/centrourbano.com\/revista\/#\/schema\/logo\/image\/","url":"https:\/\/centrourbano.com\/revista\/wp-content\/uploads\/web_CU_logo-1.png","contentUrl":"https:\/\/centrourbano.com\/revista\/wp-content\/uploads\/web_CU_logo-1.png","width":350,"height":91,"caption":"Centro Urbano"},"image":{"@id":"https:\/\/centrourbano.com\/revista\/#\/schema\/logo\/image\/"},"sameAs":["https:\/\/www.facebook.com\/portalcentrourbano","https:\/\/x.com\/CentroUrbano","https:\/\/www.instagram.com\/centro_urbano\/","https:\/\/www.linkedin.com\/company\/centro-urbano\/","http:\/\/www.youtube.com\/user\/portalcentrourbano"]},{"@type":"Person","@id":"https:\/\/centrourbano.com\/revista\/#\/schema\/person\/680e7c50f9d6e917e416c9efdc26f996","name":"Redacci\u00f3n Centro Urbano","image":{"@type":"ImageObject","inLanguage":"es","@id":"https:\/\/secure.gravatar.com\/avatar\/15a789f894398c0f311f3a7a2ee28032bbc0483098539da66b6a045aa810bf35?s=96&d=mm&r=g","url":"https:\/\/secure.gravatar.com\/avatar\/15a789f894398c0f311f3a7a2ee28032bbc0483098539da66b6a045aa810bf35?s=96&d=mm&r=g","contentUrl":"https:\/\/secure.gravatar.com\/avatar\/15a789f894398c0f311f3a7a2ee28032bbc0483098539da66b6a045aa810bf35?s=96&d=mm&r=g","caption":"Redacci\u00f3n Centro Urbano"},"url":"https:\/\/centrourbano.com\/revista\/author\/editorial\/"}]}},"_links":{"self":[{"href":"https:\/\/centrourbano.com\/revista\/wp-json\/wp\/v2\/posts\/12424","targetHints":{"allow":["GET"]}}],"collection":[{"href":"https:\/\/centrourbano.com\/revista\/wp-json\/wp\/v2\/posts"}],"about":[{"href":"https:\/\/centrourbano.com\/revista\/wp-json\/wp\/v2\/types\/post"}],"author":[{"embeddable":true,"href":"https:\/\/centrourbano.com\/revista\/wp-json\/wp\/v2\/users\/14"}],"replies":[{"embeddable":true,"href":"https:\/\/centrourbano.com\/revista\/wp-json\/wp\/v2\/comments?post=12424"}],"version-history":[{"count":0,"href":"https:\/\/centrourbano.com\/revista\/wp-json\/wp\/v2\/posts\/12424\/revisions"}],"wp:attachment":[{"href":"https:\/\/centrourbano.com\/revista\/wp-json\/wp\/v2\/media?parent=12424"}],"wp:term":[{"taxonomy":"category","embeddable":true,"href":"https:\/\/centrourbano.com\/revista\/wp-json\/wp\/v2\/categories?post=12424"},{"taxonomy":"post_tag","embeddable":true,"href":"https:\/\/centrourbano.com\/revista\/wp-json\/wp\/v2\/tags?post=12424"}],"curies":[{"name":"wp","href":"https:\/\/api.w.org\/{rel}","templated":true}]}}