{"id":12417,"date":"2014-11-10T09:10:34","date_gmt":"2014-11-10T15:10:34","guid":{"rendered":"http:\/\/centrourbano.com\/?p=12417"},"modified":"2014-11-07T18:02:44","modified_gmt":"2014-11-08T00:02:44","slug":"realiza-gobierno-de-cdmx-primer-simulacro-nocturno-en-unidad-habitacional-con-hipotesis-de-sismo","status":"publish","type":"post","link":"https:\/\/centrourbano.com\/revista\/saladeprensa\/realiza-gobierno-de-cdmx-primer-simulacro-nocturno-en-unidad-habitacional-con-hipotesis-de-sismo\/","title":{"rendered":"Realiza Gobierno de CDMX primer simulacro nocturno en unidad habitacional con hip\u00f3tesis de sismo"},"content":{"rendered":"<p>&nbsp;<\/p>\n<p><em>Con el fin de crear una cultura de la autoprotecci\u00f3n y el fomento a la prevenci\u00f3n y seguridad de la poblaci\u00f3n que habita en unidades y conjuntos habitacionales, la Procuradur\u00eda Social (Prosoc) realiz\u00f3 el Primer Simulacro Nocturno en una Unidad Habitacional en el que participaron cond\u00f3minos guiados por sus respectivos Comit\u00e9s de Protecci\u00f3n Civil.<\/em><!--more--><\/p>\n<p><em>\u00a0<\/em><\/p>\n<p>Con una hip\u00f3tesis de sismo con magnitud de 7.2 grados en la escala Richter, epicentro a 40 kil\u00f3metros al sur de Petatl\u00e1n, Guerrero, latitud 17.18, longitud -101.19, profundidad 10 kil\u00f3metros perceptible en la Ciudad de M\u00e9xico, con una duraci\u00f3n de 60 segundos, los cond\u00f3minos de la Unidad Habitacional \u201cDemet Torres del Toreo I y II\u201d pusieron en pr\u00e1ctica los planes de emergencia para la evacuaci\u00f3n de los edificios.<\/p>\n<p>&nbsp;<\/p>\n<p>El titular de la Prosoc, Alfredo Hern\u00e1ndez Raigosa resalt\u00f3 una vez m\u00e1s la importancia de que los cond\u00f3minos est\u00e9n preparados para saber actuar en casos como \u00e9ste y otras emergencias que ocasionan los fen\u00f3menos naturales y m\u00e1s, para los incidentes que se ocasionan en casa.<\/p>\n<p>Ante autoridades de la delegaci\u00f3n Miguel Hidalgo, mencion\u00f3 que el objetivo es probar la eficiencia de los planes de emergencia para crear y fomentar h\u00e1bitos de respuesta y con ello, la poblaci\u00f3n se convierta en protagonista y consciente de su propia seguridad coadyuvando a minimizar los riesgos.<\/p>\n<p>&nbsp;<\/p>\n<p>Expuso que se busca que los Comit\u00e9s de Protecci\u00f3n Civil de las unidades habitacionales refuercen capacidades, habilidades, conocimientos y al mismo tiempo fortalecer la organizaci\u00f3n condominal para prevenir y atender los efectos destructivos de un desastre provocado por un sismo.<\/p>\n<p>&nbsp;<\/p>\n<p>La Prosoc est\u00e1 encargada del bienestar y seguridad de los cond\u00f3minos residentes en las m\u00e1s de 8 mil unidades habitacionales ubicadas en la ciudad, y de acuerdo a lo establecido en el Art\u00edculo 53, de la Ley de Propiedad en Condominio de Inmuebles del DF, el reglamento interno de cada unidad, deber\u00e1 contener las bases para la integraci\u00f3n del Programa Interno de Protecci\u00f3n Civil as\u00ed como, en su caso, la conformaci\u00f3n de Comit\u00e9s de Protecci\u00f3n Civil y de Seguridad P\u00fablica que por normatividad, debido a su magnitud, requieren algunos condominios.<\/p>\n<p>&nbsp;<\/p>\n<p>Para ello, lleva a cabo cursos-talleres para su capacitaci\u00f3n impartidos por el Cuerpo de Bomberos, mismos que se realizan de manera ininterrumpida todos los mi\u00e9rcoles de 10 a 14 horas; y en la oficina desconcentrada de Iztapalapa, los jueves en el mismo horario.<\/p>\n<p>&nbsp;<\/p>\n<p>A la fecha, a los Comit\u00e9s conformados y capacitados en estos talleres se les han entregado 836 aparatos radioreceptores con alertamiento s\u00edsmico, adem\u00e1s se han efectuado 432 asambleas informativas para su aprovechamiento al interior del mismo n\u00famero de unidades habitacionales.<\/p>\n<p>&nbsp;<\/p>\n<p>Asimismo, se han hecho 10 simulacros con hip\u00f3tesis de sismo, fuga de gas y conato de bomba con una poblaci\u00f3n participante de 6 mil 500 cond\u00f3minos.<\/p>\n","protected":false},"excerpt":{"rendered":"<p>&nbsp; Con el fin de crear una cultura de la autoprotecci\u00f3n y el fomento a la prevenci\u00f3n y seguridad de la poblaci\u00f3n que habita en unidades y conjuntos habitacionales, la Procuradur\u00eda Social (Prosoc) realiz\u00f3 el Primer Simulacro Nocturno en una Unidad Habitacional en el que participaron cond\u00f3minos guiados por sus respectivos Comit\u00e9s de Protecci\u00f3n Civil.<\/p>\n","protected":false},"author":14,"featured_media":0,"comment_status":"open","ping_status":"closed","sticky":false,"template":"","format":"standard","meta":{"om_disable_all_campaigns":false,"inline_featured_image":false,"_monsterinsights_skip_tracking":false,"_monsterinsights_sitenote_active":false,"_monsterinsights_sitenote_note":"","_monsterinsights_sitenote_category":0,"footnotes":""},"categories":[7],"tags":[514,1441,812],"class_list":["post-12417","post","type-post","status-publish","format-standard","hentry","category-saladeprensa","tag-prosoc","tag-sismo","tag-unidades-habitacionales"],"yoast_head":"<!-- This site is optimized with the Yoast SEO plugin v27.4 - https:\/\/yoast.com\/product\/yoast-seo-wordpress\/ -->\n<title>Realiza Gobierno de CDMX primer simulacro nocturno en unidad habitacional con hip\u00f3tesis de sismo -<\/title>\n<meta name=\"description\" content=\"&nbsp; Con el fin de crear una cultura de la autoprotecci\u00f3n y el fomento a la prevenci\u00f3n y seguridad de la poblaci\u00f3n que habita en unidades y conjuntos\" \/>\n<meta name=\"robots\" content=\"index, follow, max-snippet:-1, max-image-preview:large, max-video-preview:-1\" \/>\n<link rel=\"canonical\" href=\"https:\/\/centrourbano.com\/revista\/saladeprensa\/realiza-gobierno-de-cdmx-primer-simulacro-nocturno-en-unidad-habitacional-con-hipotesis-de-sismo\/\" \/>\n<meta property=\"og:locale\" content=\"es_ES\" \/>\n<meta property=\"og:type\" content=\"article\" \/>\n<meta property=\"og:title\" content=\"Realiza Gobierno de CDMX primer simulacro nocturno en unidad habitacional con hip\u00f3tesis de sismo -\" \/>\n<meta property=\"og:description\" content=\"&nbsp; Con el fin de crear una cultura de la autoprotecci\u00f3n y el fomento a la prevenci\u00f3n y seguridad de la poblaci\u00f3n que habita en unidades y conjuntos\" \/>\n<meta property=\"og:url\" content=\"https:\/\/centrourbano.com\/revista\/saladeprensa\/realiza-gobierno-de-cdmx-primer-simulacro-nocturno-en-unidad-habitacional-con-hipotesis-de-sismo\/\" \/>\n<meta property=\"og:site_name\" content=\"Centro Urbano\" \/>\n<meta property=\"article:publisher\" content=\"https:\/\/www.facebook.com\/portalcentrourbano\" \/>\n<meta property=\"article:published_time\" content=\"2014-11-10T15:10:34+00:00\" \/>\n<meta property=\"og:image\" content=\"https:\/\/centrourbano.com\/revista\/wp-content\/uploads\/CU-logo.png\" \/>\n\t<meta property=\"og:image:width\" content=\"350\" \/>\n\t<meta property=\"og:image:height\" content=\"91\" \/>\n\t<meta property=\"og:image:type\" content=\"image\/png\" \/>\n<meta name=\"author\" content=\"Redacci\u00f3n Centro Urbano\" \/>\n<meta name=\"twitter:card\" content=\"summary_large_image\" \/>\n<meta name=\"twitter:creator\" content=\"@CentroUrbano\" \/>\n<meta name=\"twitter:site\" content=\"@CentroUrbano\" \/>\n<meta name=\"twitter:label1\" content=\"Escrito por\" \/>\n\t<meta name=\"twitter:data1\" content=\"Redacci\u00f3n Centro Urbano\" \/>\n\t<meta name=\"twitter:label2\" content=\"Tiempo de lectura\" \/>\n\t<meta name=\"twitter:data2\" content=\"2 minutos\" \/>\n<script type=\"application\/ld+json\" class=\"yoast-schema-graph\">{\"@context\":\"https:\\\/\\\/schema.org\",\"@graph\":[{\"@type\":\"Article\",\"@id\":\"https:\\\/\\\/centrourbano.com\\\/revista\\\/saladeprensa\\\/realiza-gobierno-de-cdmx-primer-simulacro-nocturno-en-unidad-habitacional-con-hipotesis-de-sismo\\\/#article\",\"isPartOf\":{\"@id\":\"https:\\\/\\\/centrourbano.com\\\/revista\\\/saladeprensa\\\/realiza-gobierno-de-cdmx-primer-simulacro-nocturno-en-unidad-habitacional-con-hipotesis-de-sismo\\\/\"},\"author\":{\"name\":\"Redacci\u00f3n Centro Urbano\",\"@id\":\"https:\\\/\\\/centrourbano.com\\\/revista\\\/#\\\/schema\\\/person\\\/680e7c50f9d6e917e416c9efdc26f996\"},\"headline\":\"Realiza Gobierno de CDMX primer simulacro nocturno en unidad habitacional con hip\u00f3tesis de sismo\",\"datePublished\":\"2014-11-10T15:10:34+00:00\",\"mainEntityOfPage\":{\"@id\":\"https:\\\/\\\/centrourbano.com\\\/revista\\\/saladeprensa\\\/realiza-gobierno-de-cdmx-primer-simulacro-nocturno-en-unidad-habitacional-con-hipotesis-de-sismo\\\/\"},\"wordCount\":507,\"commentCount\":0,\"publisher\":{\"@id\":\"https:\\\/\\\/centrourbano.com\\\/revista\\\/#organization\"},\"keywords\":[\"Prosoc\",\"Sismo\",\"Unidades habitacionales\"],\"articleSection\":[\"Sala de Prensa\"],\"inLanguage\":\"es\",\"potentialAction\":[{\"@type\":\"CommentAction\",\"name\":\"Comment\",\"target\":[\"https:\\\/\\\/centrourbano.com\\\/revista\\\/saladeprensa\\\/realiza-gobierno-de-cdmx-primer-simulacro-nocturno-en-unidad-habitacional-con-hipotesis-de-sismo\\\/#respond\"]}]},{\"@type\":\"WebPage\",\"@id\":\"https:\\\/\\\/centrourbano.com\\\/revista\\\/saladeprensa\\\/realiza-gobierno-de-cdmx-primer-simulacro-nocturno-en-unidad-habitacional-con-hipotesis-de-sismo\\\/\",\"url\":\"https:\\\/\\\/centrourbano.com\\\/revista\\\/saladeprensa\\\/realiza-gobierno-de-cdmx-primer-simulacro-nocturno-en-unidad-habitacional-con-hipotesis-de-sismo\\\/\",\"name\":\"Realiza Gobierno de CDMX primer simulacro nocturno en unidad habitacional con hip\u00f3tesis de sismo -\",\"isPartOf\":{\"@id\":\"https:\\\/\\\/centrourbano.com\\\/revista\\\/#website\"},\"datePublished\":\"2014-11-10T15:10:34+00:00\",\"description\":\"&nbsp; Con el fin de crear una cultura de la autoprotecci\u00f3n y el fomento a la prevenci\u00f3n y seguridad de la poblaci\u00f3n que habita en unidades y conjuntos\",\"breadcrumb\":{\"@id\":\"https:\\\/\\\/centrourbano.com\\\/revista\\\/saladeprensa\\\/realiza-gobierno-de-cdmx-primer-simulacro-nocturno-en-unidad-habitacional-con-hipotesis-de-sismo\\\/#breadcrumb\"},\"inLanguage\":\"es\",\"potentialAction\":[{\"@type\":\"ReadAction\",\"target\":[\"https:\\\/\\\/centrourbano.com\\\/revista\\\/saladeprensa\\\/realiza-gobierno-de-cdmx-primer-simulacro-nocturno-en-unidad-habitacional-con-hipotesis-de-sismo\\\/\"]}]},{\"@type\":\"BreadcrumbList\",\"@id\":\"https:\\\/\\\/centrourbano.com\\\/revista\\\/saladeprensa\\\/realiza-gobierno-de-cdmx-primer-simulacro-nocturno-en-unidad-habitacional-con-hipotesis-de-sismo\\\/#breadcrumb\",\"itemListElement\":[{\"@type\":\"ListItem\",\"position\":1,\"name\":\"Portada\",\"item\":\"https:\\\/\\\/centrourbano.com\\\/revista\\\/\"},{\"@type\":\"ListItem\",\"position\":2,\"name\":\"Realiza Gobierno de CDMX primer simulacro nocturno en unidad habitacional con hip\u00f3tesis de sismo\"}]},{\"@type\":\"WebSite\",\"@id\":\"https:\\\/\\\/centrourbano.com\\\/revista\\\/#website\",\"url\":\"https:\\\/\\\/centrourbano.com\\\/revista\\\/\",\"name\":\"Centro Urbano\",\"description\":\"Medio especializado en los sectores vivienda, inmobiliario, construcci\u00f3n, arquitectura y urbanismo.\",\"publisher\":{\"@id\":\"https:\\\/\\\/centrourbano.com\\\/revista\\\/#organization\"},\"potentialAction\":[{\"@type\":\"SearchAction\",\"target\":{\"@type\":\"EntryPoint\",\"urlTemplate\":\"https:\\\/\\\/centrourbano.com\\\/revista\\\/?s={search_term_string}\"},\"query-input\":{\"@type\":\"PropertyValueSpecification\",\"valueRequired\":true,\"valueName\":\"search_term_string\"}}],\"inLanguage\":\"es\"},{\"@type\":\"Organization\",\"@id\":\"https:\\\/\\\/centrourbano.com\\\/revista\\\/#organization\",\"name\":\"Centro Urbano\",\"url\":\"https:\\\/\\\/centrourbano.com\\\/revista\\\/\",\"logo\":{\"@type\":\"ImageObject\",\"inLanguage\":\"es\",\"@id\":\"https:\\\/\\\/centrourbano.com\\\/revista\\\/#\\\/schema\\\/logo\\\/image\\\/\",\"url\":\"https:\\\/\\\/centrourbano.com\\\/revista\\\/wp-content\\\/uploads\\\/web_CU_logo-1.png\",\"contentUrl\":\"https:\\\/\\\/centrourbano.com\\\/revista\\\/wp-content\\\/uploads\\\/web_CU_logo-1.png\",\"width\":350,\"height\":91,\"caption\":\"Centro Urbano\"},\"image\":{\"@id\":\"https:\\\/\\\/centrourbano.com\\\/revista\\\/#\\\/schema\\\/logo\\\/image\\\/\"},\"sameAs\":[\"https:\\\/\\\/www.facebook.com\\\/portalcentrourbano\",\"https:\\\/\\\/x.com\\\/CentroUrbano\",\"https:\\\/\\\/www.instagram.com\\\/centro_urbano\\\/\",\"https:\\\/\\\/www.linkedin.com\\\/company\\\/centro-urbano\\\/\",\"http:\\\/\\\/www.youtube.com\\\/user\\\/portalcentrourbano\"]},{\"@type\":\"Person\",\"@id\":\"https:\\\/\\\/centrourbano.com\\\/revista\\\/#\\\/schema\\\/person\\\/680e7c50f9d6e917e416c9efdc26f996\",\"name\":\"Redacci\u00f3n Centro Urbano\",\"image\":{\"@type\":\"ImageObject\",\"inLanguage\":\"es\",\"@id\":\"https:\\\/\\\/secure.gravatar.com\\\/avatar\\\/15a789f894398c0f311f3a7a2ee28032bbc0483098539da66b6a045aa810bf35?s=96&d=mm&r=g\",\"url\":\"https:\\\/\\\/secure.gravatar.com\\\/avatar\\\/15a789f894398c0f311f3a7a2ee28032bbc0483098539da66b6a045aa810bf35?s=96&d=mm&r=g\",\"contentUrl\":\"https:\\\/\\\/secure.gravatar.com\\\/avatar\\\/15a789f894398c0f311f3a7a2ee28032bbc0483098539da66b6a045aa810bf35?s=96&d=mm&r=g\",\"caption\":\"Redacci\u00f3n Centro Urbano\"},\"url\":\"https:\\\/\\\/centrourbano.com\\\/revista\\\/author\\\/editorial\\\/\"}]}<\/script>\n<!-- \/ Yoast SEO plugin. -->","yoast_head_json":{"title":"Realiza Gobierno de CDMX primer simulacro nocturno en unidad habitacional con hip\u00f3tesis de sismo -","description":"&nbsp; Con el fin de crear una cultura de la autoprotecci\u00f3n y el fomento a la prevenci\u00f3n y seguridad de la poblaci\u00f3n que habita en unidades y conjuntos","robots":{"index":"index","follow":"follow","max-snippet":"max-snippet:-1","max-image-preview":"max-image-preview:large","max-video-preview":"max-video-preview:-1"},"canonical":"https:\/\/centrourbano.com\/revista\/saladeprensa\/realiza-gobierno-de-cdmx-primer-simulacro-nocturno-en-unidad-habitacional-con-hipotesis-de-sismo\/","og_locale":"es_ES","og_type":"article","og_title":"Realiza Gobierno de CDMX primer simulacro nocturno en unidad habitacional con hip\u00f3tesis de sismo -","og_description":"&nbsp; Con el fin de crear una cultura de la autoprotecci\u00f3n y el fomento a la prevenci\u00f3n y seguridad de la poblaci\u00f3n que habita en unidades y conjuntos","og_url":"https:\/\/centrourbano.com\/revista\/saladeprensa\/realiza-gobierno-de-cdmx-primer-simulacro-nocturno-en-unidad-habitacional-con-hipotesis-de-sismo\/","og_site_name":"Centro Urbano","article_publisher":"https:\/\/www.facebook.com\/portalcentrourbano","article_published_time":"2014-11-10T15:10:34+00:00","og_image":[{"width":350,"height":91,"url":"https:\/\/centrourbano.com\/revista\/wp-content\/uploads\/CU-logo.png","type":"image\/png"}],"author":"Redacci\u00f3n Centro Urbano","twitter_card":"summary_large_image","twitter_creator":"@CentroUrbano","twitter_site":"@CentroUrbano","twitter_misc":{"Escrito por":"Redacci\u00f3n Centro Urbano","Tiempo de lectura":"2 minutos"},"schema":{"@context":"https:\/\/schema.org","@graph":[{"@type":"Article","@id":"https:\/\/centrourbano.com\/revista\/saladeprensa\/realiza-gobierno-de-cdmx-primer-simulacro-nocturno-en-unidad-habitacional-con-hipotesis-de-sismo\/#article","isPartOf":{"@id":"https:\/\/centrourbano.com\/revista\/saladeprensa\/realiza-gobierno-de-cdmx-primer-simulacro-nocturno-en-unidad-habitacional-con-hipotesis-de-sismo\/"},"author":{"name":"Redacci\u00f3n Centro Urbano","@id":"https:\/\/centrourbano.com\/revista\/#\/schema\/person\/680e7c50f9d6e917e416c9efdc26f996"},"headline":"Realiza Gobierno de CDMX primer simulacro nocturno en unidad habitacional con hip\u00f3tesis de sismo","datePublished":"2014-11-10T15:10:34+00:00","mainEntityOfPage":{"@id":"https:\/\/centrourbano.com\/revista\/saladeprensa\/realiza-gobierno-de-cdmx-primer-simulacro-nocturno-en-unidad-habitacional-con-hipotesis-de-sismo\/"},"wordCount":507,"commentCount":0,"publisher":{"@id":"https:\/\/centrourbano.com\/revista\/#organization"},"keywords":["Prosoc","Sismo","Unidades habitacionales"],"articleSection":["Sala de Prensa"],"inLanguage":"es","potentialAction":[{"@type":"CommentAction","name":"Comment","target":["https:\/\/centrourbano.com\/revista\/saladeprensa\/realiza-gobierno-de-cdmx-primer-simulacro-nocturno-en-unidad-habitacional-con-hipotesis-de-sismo\/#respond"]}]},{"@type":"WebPage","@id":"https:\/\/centrourbano.com\/revista\/saladeprensa\/realiza-gobierno-de-cdmx-primer-simulacro-nocturno-en-unidad-habitacional-con-hipotesis-de-sismo\/","url":"https:\/\/centrourbano.com\/revista\/saladeprensa\/realiza-gobierno-de-cdmx-primer-simulacro-nocturno-en-unidad-habitacional-con-hipotesis-de-sismo\/","name":"Realiza Gobierno de CDMX primer simulacro nocturno en unidad habitacional con hip\u00f3tesis de sismo -","isPartOf":{"@id":"https:\/\/centrourbano.com\/revista\/#website"},"datePublished":"2014-11-10T15:10:34+00:00","description":"&nbsp; Con el fin de crear una cultura de la autoprotecci\u00f3n y el fomento a la prevenci\u00f3n y seguridad de la poblaci\u00f3n que habita en unidades y conjuntos","breadcrumb":{"@id":"https:\/\/centrourbano.com\/revista\/saladeprensa\/realiza-gobierno-de-cdmx-primer-simulacro-nocturno-en-unidad-habitacional-con-hipotesis-de-sismo\/#breadcrumb"},"inLanguage":"es","potentialAction":[{"@type":"ReadAction","target":["https:\/\/centrourbano.com\/revista\/saladeprensa\/realiza-gobierno-de-cdmx-primer-simulacro-nocturno-en-unidad-habitacional-con-hipotesis-de-sismo\/"]}]},{"@type":"BreadcrumbList","@id":"https:\/\/centrourbano.com\/revista\/saladeprensa\/realiza-gobierno-de-cdmx-primer-simulacro-nocturno-en-unidad-habitacional-con-hipotesis-de-sismo\/#breadcrumb","itemListElement":[{"@type":"ListItem","position":1,"name":"Portada","item":"https:\/\/centrourbano.com\/revista\/"},{"@type":"ListItem","position":2,"name":"Realiza Gobierno de CDMX primer simulacro nocturno en unidad habitacional con hip\u00f3tesis de sismo"}]},{"@type":"WebSite","@id":"https:\/\/centrourbano.com\/revista\/#website","url":"https:\/\/centrourbano.com\/revista\/","name":"Centro Urbano","description":"Medio especializado en los sectores vivienda, inmobiliario, construcci\u00f3n, arquitectura y urbanismo.","publisher":{"@id":"https:\/\/centrourbano.com\/revista\/#organization"},"potentialAction":[{"@type":"SearchAction","target":{"@type":"EntryPoint","urlTemplate":"https:\/\/centrourbano.com\/revista\/?s={search_term_string}"},"query-input":{"@type":"PropertyValueSpecification","valueRequired":true,"valueName":"search_term_string"}}],"inLanguage":"es"},{"@type":"Organization","@id":"https:\/\/centrourbano.com\/revista\/#organization","name":"Centro Urbano","url":"https:\/\/centrourbano.com\/revista\/","logo":{"@type":"ImageObject","inLanguage":"es","@id":"https:\/\/centrourbano.com\/revista\/#\/schema\/logo\/image\/","url":"https:\/\/centrourbano.com\/revista\/wp-content\/uploads\/web_CU_logo-1.png","contentUrl":"https:\/\/centrourbano.com\/revista\/wp-content\/uploads\/web_CU_logo-1.png","width":350,"height":91,"caption":"Centro Urbano"},"image":{"@id":"https:\/\/centrourbano.com\/revista\/#\/schema\/logo\/image\/"},"sameAs":["https:\/\/www.facebook.com\/portalcentrourbano","https:\/\/x.com\/CentroUrbano","https:\/\/www.instagram.com\/centro_urbano\/","https:\/\/www.linkedin.com\/company\/centro-urbano\/","http:\/\/www.youtube.com\/user\/portalcentrourbano"]},{"@type":"Person","@id":"https:\/\/centrourbano.com\/revista\/#\/schema\/person\/680e7c50f9d6e917e416c9efdc26f996","name":"Redacci\u00f3n Centro Urbano","image":{"@type":"ImageObject","inLanguage":"es","@id":"https:\/\/secure.gravatar.com\/avatar\/15a789f894398c0f311f3a7a2ee28032bbc0483098539da66b6a045aa810bf35?s=96&d=mm&r=g","url":"https:\/\/secure.gravatar.com\/avatar\/15a789f894398c0f311f3a7a2ee28032bbc0483098539da66b6a045aa810bf35?s=96&d=mm&r=g","contentUrl":"https:\/\/secure.gravatar.com\/avatar\/15a789f894398c0f311f3a7a2ee28032bbc0483098539da66b6a045aa810bf35?s=96&d=mm&r=g","caption":"Redacci\u00f3n Centro Urbano"},"url":"https:\/\/centrourbano.com\/revista\/author\/editorial\/"}]}},"_links":{"self":[{"href":"https:\/\/centrourbano.com\/revista\/wp-json\/wp\/v2\/posts\/12417","targetHints":{"allow":["GET"]}}],"collection":[{"href":"https:\/\/centrourbano.com\/revista\/wp-json\/wp\/v2\/posts"}],"about":[{"href":"https:\/\/centrourbano.com\/revista\/wp-json\/wp\/v2\/types\/post"}],"author":[{"embeddable":true,"href":"https:\/\/centrourbano.com\/revista\/wp-json\/wp\/v2\/users\/14"}],"replies":[{"embeddable":true,"href":"https:\/\/centrourbano.com\/revista\/wp-json\/wp\/v2\/comments?post=12417"}],"version-history":[{"count":0,"href":"https:\/\/centrourbano.com\/revista\/wp-json\/wp\/v2\/posts\/12417\/revisions"}],"wp:attachment":[{"href":"https:\/\/centrourbano.com\/revista\/wp-json\/wp\/v2\/media?parent=12417"}],"wp:term":[{"taxonomy":"category","embeddable":true,"href":"https:\/\/centrourbano.com\/revista\/wp-json\/wp\/v2\/categories?post=12417"},{"taxonomy":"post_tag","embeddable":true,"href":"https:\/\/centrourbano.com\/revista\/wp-json\/wp\/v2\/tags?post=12417"}],"curies":[{"name":"wp","href":"https:\/\/api.w.org\/{rel}","templated":true}]}}