{"id":123507,"date":"2021-11-04T17:17:58","date_gmt":"2021-11-04T23:17:58","guid":{"rendered":"https:\/\/centrourbano.com\/?p=123507"},"modified":"2021-11-04T18:18:22","modified_gmt":"2021-11-05T00:18:22","slug":"abm-giz-mexico-financiamiento-verde","status":"publish","type":"post","link":"https:\/\/centrourbano.com\/revista\/actualidad\/abm-giz-mexico-financiamiento-verde\/","title":{"rendered":"ABM y GIZ M\u00e9xico impulsan financiamiento verde e incluyente"},"content":{"rendered":"<p><em>Esta colaboraci\u00f3n entre la ABM y GIZ se celebra a la par de la COP 26; que se lleva a cabo del 31 de octubre al 12 de noviembre en Glasgow, Reino Unido<\/em><!--more--><\/p>\n<p>Este jueves, <strong>Daniel Becker<\/strong>, <strong>presidente de la<\/strong> <strong>Asociaci\u00f3n de Bancos de M\u00e9xico<\/strong> (<strong>ABM<\/strong>), y <strong>Marita Br\u00f6mmelmeier<\/strong>, <strong>directora en M\u00e9xico de la Cooperaci\u00f3n Alemana al Desarrollo Sustentable<\/strong> (<strong>GIZ M\u00e9xico<\/strong>), anunciaron la firma de un convenio de colaboraci\u00f3n para impulsar el <strong>desarrollo sostenible en la banca comercial<\/strong> del pa\u00eds.<\/p>\n<p>De esta manera, la <strong>ABM<\/strong> recibir\u00e1 acompa\u00f1amiento t\u00e9cnico de <strong>GIZ M\u00e9xico<\/strong> en el desarrollo de proyectos para potenciar el <strong>financiamiento verde e incluyente<\/strong>. As\u00ed como para la implementaci\u00f3n del <strong>Protocolo de Sustentabilidad de la Banca<\/strong>, promover la <strong>inclusi\u00f3n financiera con perspectiva de g\u00e9nero<\/strong> e identificar mecanismos de <strong>educaci\u00f3n financiera<\/strong>.<\/p>\n<p>\u201cLa <strong>ABM<\/strong> y la <strong>GIZ M\u00e9xico<\/strong> reconocen que el <strong>sector bancario<\/strong> tiene un rol importante para contribuir a las metas nacionales y globales sobre cambio clim\u00e1tico; as\u00ed como a los <strong>Objetivos de Desarrollo Sostenible<\/strong> de la <strong>Agenda 2030<\/strong> de las Naciones Unidas. Por lo que esta colaboraci\u00f3n permitir\u00e1 incrementar el potencial de la banca e impactar de manera positiva en la econom\u00eda, el medio ambiente y en la sociedad del pa\u00eds\u201d, destac\u00f3 la <strong>ABM<\/strong> en un comunicado.<\/p>\n<p>Asimismo, indic\u00f3 que la colaboraci\u00f3n con <strong>GIZ M\u00e9xico<\/strong> se celebra a la par de la <strong>Conferencia de las Partes de la Convenci\u00f3n Marco de las Naciones Unidas sobre el Cambio Clim\u00e1tico<\/strong> (<a href=\"https:\/\/centrourbano.com\/opinion\/blog-desde-la-casa\/comvive-habra-presencia-de-la-vivienda-mexicana-en-la-cop26\/\" target=\"_blank\" rel=\"noopener\"><strong>COP 26<\/strong><\/a>). La cual se lleva a cabo del 31 de octubre al 12 de noviembre en Glasgow, Reino Unido; a fin de para generar acuerdos para asegurar metas cero emisiones hacia 2050.<\/p>\n<p>En este sentido, la <strong>ABM<\/strong> se sum\u00f3, adem\u00e1s, al <strong>Posicionamiento del Sector Privado<\/strong> <strong>de M\u00e9xico hacia la COP 26<\/strong>, emitido por el <strong>Consejo Coordinador Empresarial<\/strong>. En el que el sector se compromete a promover una econom\u00eda sostenible y descarbonizada, en concordancia con los <strong>Objetivos de Desarrollo Sostenible<\/strong>.<\/p>\n<p>Por su parte, <strong>GIZ M\u00e9xico<\/strong> trabaja a nivel mundial para fomentar la econom\u00eda, el empleo, la paz, la seguridad y la protecci\u00f3n del medio ambiente; esto al brindar cooperaci\u00f3n t\u00e9cnica para el fortalecimiento de capacidades a nivel institucional.<\/p>\n","protected":false},"excerpt":{"rendered":"<p>Esta colaboraci\u00f3n entre la ABM y GIZ se celebra a la par de la COP 26; que se lleva a cabo del 31 de octubre al 12 de noviembre en Glasgow, Reino Unido<\/p>\n","protected":false},"author":73,"featured_media":123511,"comment_status":"open","ping_status":"closed","sticky":false,"template":"","format":"standard","meta":{"om_disable_all_campaigns":false,"inline_featured_image":false,"_monsterinsights_skip_tracking":false,"_monsterinsights_sitenote_active":false,"_monsterinsights_sitenote_note":"","_monsterinsights_sitenote_category":0,"footnotes":""},"categories":[80,82],"tags":[1876,949,21161,21162,19891],"class_list":["post-123507","post","type-post","status-publish","format-standard","has-post-thumbnail","hentry","category-actualidad","category-urbanismo","tag-abm","tag-convenio-de-colaboracion","tag-cop-26","tag-financiamiento-sostenible","tag-giz-mexico"],"yoast_head":"<!-- This site is optimized with the Yoast SEO plugin v27.4 - https:\/\/yoast.com\/product\/yoast-seo-wordpress\/ -->\n<title>ABM y GIZ M\u00e9xico impulsan financiamiento verde e incluyente<\/title>\n<meta name=\"description\" content=\"Esta colaboraci\u00f3n entre la ABM y GIZ se celebra a la par de la COP 26, que se lleva a cabo del 31 de octubre al 12 de noviembre en Glasgow\" \/>\n<meta name=\"robots\" content=\"index, follow, max-snippet:-1, max-image-preview:large, max-video-preview:-1\" \/>\n<link rel=\"canonical\" href=\"https:\/\/centrourbano.com\/revista\/actualidad\/abm-giz-mexico-financiamiento-verde\/\" \/>\n<meta property=\"og:locale\" content=\"es_ES\" \/>\n<meta property=\"og:type\" content=\"article\" \/>\n<meta property=\"og:title\" content=\"ABM y GIZ M\u00e9xico impulsan financiamiento verde e incluyente\" \/>\n<meta property=\"og:description\" content=\"Esta colaboraci\u00f3n entre la ABM y GIZ se celebra a la par de la COP 26, que se lleva a cabo del 31 de octubre al 12 de noviembre en Glasgow\" \/>\n<meta property=\"og:url\" content=\"https:\/\/centrourbano.com\/revista\/actualidad\/abm-giz-mexico-financiamiento-verde\/\" \/>\n<meta property=\"og:site_name\" content=\"Centro Urbano\" \/>\n<meta property=\"article:publisher\" content=\"https:\/\/www.facebook.com\/portalcentrourbano\" \/>\n<meta property=\"article:published_time\" content=\"2021-11-04T23:17:58+00:00\" \/>\n<meta property=\"article:modified_time\" content=\"2021-11-05T00:18:22+00:00\" \/>\n<meta property=\"og:image\" content=\"https:\/\/centrourbano.com\/revista\/wp-content\/uploads\/ABM-y-GIZ-Mexico-impulsan-financiamiento-verde-e-incluyente.jpg\" \/>\n\t<meta property=\"og:image:width\" content=\"540\" \/>\n\t<meta property=\"og:image:height\" content=\"420\" \/>\n\t<meta property=\"og:image:type\" content=\"image\/jpeg\" \/>\n<meta name=\"author\" content=\"Fernanda Hern\u00e1ndez\" \/>\n<meta name=\"twitter:card\" content=\"summary_large_image\" \/>\n<meta name=\"twitter:creator\" content=\"@https:\/\/twitter.com\/Nannz_Hernandez\" \/>\n<meta name=\"twitter:site\" content=\"@CentroUrbano\" \/>\n<meta name=\"twitter:label1\" content=\"Escrito por\" \/>\n\t<meta name=\"twitter:data1\" content=\"Fernanda Hern\u00e1ndez\" \/>\n\t<meta name=\"twitter:label2\" content=\"Tiempo de lectura\" \/>\n\t<meta name=\"twitter:data2\" content=\"2 minutos\" \/>\n<script type=\"application\/ld+json\" class=\"yoast-schema-graph\">{\"@context\":\"https:\\\/\\\/schema.org\",\"@graph\":[{\"@type\":\"Article\",\"@id\":\"https:\\\/\\\/centrourbano.com\\\/revista\\\/actualidad\\\/abm-giz-mexico-financiamiento-verde\\\/#article\",\"isPartOf\":{\"@id\":\"https:\\\/\\\/centrourbano.com\\\/revista\\\/actualidad\\\/abm-giz-mexico-financiamiento-verde\\\/\"},\"author\":{\"name\":\"Fernanda Hern\u00e1ndez\",\"@id\":\"https:\\\/\\\/centrourbano.com\\\/revista\\\/#\\\/schema\\\/person\\\/b190b20bbbceb41ec72278c546fa8df3\"},\"headline\":\"ABM y GIZ M\u00e9xico impulsan financiamiento verde e incluyente\",\"datePublished\":\"2021-11-04T23:17:58+00:00\",\"dateModified\":\"2021-11-05T00:18:22+00:00\",\"mainEntityOfPage\":{\"@id\":\"https:\\\/\\\/centrourbano.com\\\/revista\\\/actualidad\\\/abm-giz-mexico-financiamiento-verde\\\/\"},\"wordCount\":389,\"commentCount\":0,\"publisher\":{\"@id\":\"https:\\\/\\\/centrourbano.com\\\/revista\\\/#organization\"},\"image\":{\"@id\":\"https:\\\/\\\/centrourbano.com\\\/revista\\\/actualidad\\\/abm-giz-mexico-financiamiento-verde\\\/#primaryimage\"},\"thumbnailUrl\":\"https:\\\/\\\/centrourbano.com\\\/revista\\\/wp-content\\\/uploads\\\/ABM-y-GIZ-Mexico-impulsan-financiamiento-verde-e-incluyente.jpg\",\"keywords\":[\"ABM\",\"Convenio de colaboraci\u00f3n\",\"COP 26\",\"Financiamiento Sostenible\",\"GIZ M\u00e9xico\"],\"articleSection\":[\"Actualidad\",\"Urbanismo\"],\"inLanguage\":\"es\",\"potentialAction\":[{\"@type\":\"CommentAction\",\"name\":\"Comment\",\"target\":[\"https:\\\/\\\/centrourbano.com\\\/revista\\\/actualidad\\\/abm-giz-mexico-financiamiento-verde\\\/#respond\"]}]},{\"@type\":\"WebPage\",\"@id\":\"https:\\\/\\\/centrourbano.com\\\/revista\\\/actualidad\\\/abm-giz-mexico-financiamiento-verde\\\/\",\"url\":\"https:\\\/\\\/centrourbano.com\\\/revista\\\/actualidad\\\/abm-giz-mexico-financiamiento-verde\\\/\",\"name\":\"ABM y GIZ M\u00e9xico impulsan financiamiento verde e incluyente\",\"isPartOf\":{\"@id\":\"https:\\\/\\\/centrourbano.com\\\/revista\\\/#website\"},\"primaryImageOfPage\":{\"@id\":\"https:\\\/\\\/centrourbano.com\\\/revista\\\/actualidad\\\/abm-giz-mexico-financiamiento-verde\\\/#primaryimage\"},\"image\":{\"@id\":\"https:\\\/\\\/centrourbano.com\\\/revista\\\/actualidad\\\/abm-giz-mexico-financiamiento-verde\\\/#primaryimage\"},\"thumbnailUrl\":\"https:\\\/\\\/centrourbano.com\\\/revista\\\/wp-content\\\/uploads\\\/ABM-y-GIZ-Mexico-impulsan-financiamiento-verde-e-incluyente.jpg\",\"datePublished\":\"2021-11-04T23:17:58+00:00\",\"dateModified\":\"2021-11-05T00:18:22+00:00\",\"description\":\"Esta colaboraci\u00f3n entre la ABM y GIZ se celebra a la par de la COP 26, que se lleva a cabo del 31 de octubre al 12 de noviembre en Glasgow\",\"breadcrumb\":{\"@id\":\"https:\\\/\\\/centrourbano.com\\\/revista\\\/actualidad\\\/abm-giz-mexico-financiamiento-verde\\\/#breadcrumb\"},\"inLanguage\":\"es\",\"potentialAction\":[{\"@type\":\"ReadAction\",\"target\":[\"https:\\\/\\\/centrourbano.com\\\/revista\\\/actualidad\\\/abm-giz-mexico-financiamiento-verde\\\/\"]}]},{\"@type\":\"ImageObject\",\"inLanguage\":\"es\",\"@id\":\"https:\\\/\\\/centrourbano.com\\\/revista\\\/actualidad\\\/abm-giz-mexico-financiamiento-verde\\\/#primaryimage\",\"url\":\"https:\\\/\\\/centrourbano.com\\\/revista\\\/wp-content\\\/uploads\\\/ABM-y-GIZ-Mexico-impulsan-financiamiento-verde-e-incluyente.jpg\",\"contentUrl\":\"https:\\\/\\\/centrourbano.com\\\/revista\\\/wp-content\\\/uploads\\\/ABM-y-GIZ-Mexico-impulsan-financiamiento-verde-e-incluyente.jpg\",\"width\":540,\"height\":420,\"caption\":\"Esta colaboraci\u00f3n entre la ABM y GIZ se celebra a la par de la COP 26, que se lleva a cabo del 31 de octubre al 12 de noviembre en Glasgow\"},{\"@type\":\"BreadcrumbList\",\"@id\":\"https:\\\/\\\/centrourbano.com\\\/revista\\\/actualidad\\\/abm-giz-mexico-financiamiento-verde\\\/#breadcrumb\",\"itemListElement\":[{\"@type\":\"ListItem\",\"position\":1,\"name\":\"Portada\",\"item\":\"https:\\\/\\\/centrourbano.com\\\/revista\\\/\"},{\"@type\":\"ListItem\",\"position\":2,\"name\":\"ABM y GIZ M\u00e9xico impulsan financiamiento verde e incluyente\"}]},{\"@type\":\"WebSite\",\"@id\":\"https:\\\/\\\/centrourbano.com\\\/revista\\\/#website\",\"url\":\"https:\\\/\\\/centrourbano.com\\\/revista\\\/\",\"name\":\"Centro Urbano\",\"description\":\"Medio especializado en los sectores vivienda, inmobiliario, construcci\u00f3n, arquitectura y urbanismo.\",\"publisher\":{\"@id\":\"https:\\\/\\\/centrourbano.com\\\/revista\\\/#organization\"},\"potentialAction\":[{\"@type\":\"SearchAction\",\"target\":{\"@type\":\"EntryPoint\",\"urlTemplate\":\"https:\\\/\\\/centrourbano.com\\\/revista\\\/?s={search_term_string}\"},\"query-input\":{\"@type\":\"PropertyValueSpecification\",\"valueRequired\":true,\"valueName\":\"search_term_string\"}}],\"inLanguage\":\"es\"},{\"@type\":\"Organization\",\"@id\":\"https:\\\/\\\/centrourbano.com\\\/revista\\\/#organization\",\"name\":\"Centro Urbano\",\"url\":\"https:\\\/\\\/centrourbano.com\\\/revista\\\/\",\"logo\":{\"@type\":\"ImageObject\",\"inLanguage\":\"es\",\"@id\":\"https:\\\/\\\/centrourbano.com\\\/revista\\\/#\\\/schema\\\/logo\\\/image\\\/\",\"url\":\"https:\\\/\\\/centrourbano.com\\\/revista\\\/wp-content\\\/uploads\\\/web_CU_logo-1.png\",\"contentUrl\":\"https:\\\/\\\/centrourbano.com\\\/revista\\\/wp-content\\\/uploads\\\/web_CU_logo-1.png\",\"width\":350,\"height\":91,\"caption\":\"Centro Urbano\"},\"image\":{\"@id\":\"https:\\\/\\\/centrourbano.com\\\/revista\\\/#\\\/schema\\\/logo\\\/image\\\/\"},\"sameAs\":[\"https:\\\/\\\/www.facebook.com\\\/portalcentrourbano\",\"https:\\\/\\\/x.com\\\/CentroUrbano\",\"https:\\\/\\\/www.instagram.com\\\/centro_urbano\\\/\",\"https:\\\/\\\/www.linkedin.com\\\/company\\\/centro-urbano\\\/\",\"http:\\\/\\\/www.youtube.com\\\/user\\\/portalcentrourbano\"]},{\"@type\":\"Person\",\"@id\":\"https:\\\/\\\/centrourbano.com\\\/revista\\\/#\\\/schema\\\/person\\\/b190b20bbbceb41ec72278c546fa8df3\",\"name\":\"Fernanda Hern\u00e1ndez\",\"image\":{\"@type\":\"ImageObject\",\"inLanguage\":\"es\",\"@id\":\"https:\\\/\\\/secure.gravatar.com\\\/avatar\\\/9471831fb0a24eae9d32d826a7cb8ef07c34a41520aca1a0ab1f5c0903ba49b9?s=96&d=mm&r=g\",\"url\":\"https:\\\/\\\/secure.gravatar.com\\\/avatar\\\/9471831fb0a24eae9d32d826a7cb8ef07c34a41520aca1a0ab1f5c0903ba49b9?s=96&d=mm&r=g\",\"contentUrl\":\"https:\\\/\\\/secure.gravatar.com\\\/avatar\\\/9471831fb0a24eae9d32d826a7cb8ef07c34a41520aca1a0ab1f5c0903ba49b9?s=96&d=mm&r=g\",\"caption\":\"Fernanda Hern\u00e1ndez\"},\"description\":\"Reportera y redactora en Centro Urbano. Soy egresada de la licenciatura en Ciencias de la Comunicaci\u00f3n de la Facultad de Ciencias Pol\u00edticas y Sociales (UNAM). Me interesa la cultura, el urbanismo y la arquitectura. Amante del mundo digital, el cine, la m\u00fasica, la lectura y la escritura.\",\"sameAs\":[\"https:\\\/\\\/x.com\\\/https:\\\/\\\/twitter.com\\\/Nannz_Hernandez\"],\"url\":\"https:\\\/\\\/centrourbano.com\\\/revista\\\/author\\\/fernanda-hernandez\\\/\"}]}<\/script>\n<!-- \/ Yoast SEO plugin. -->","yoast_head_json":{"title":"ABM y GIZ M\u00e9xico impulsan financiamiento verde e incluyente","description":"Esta colaboraci\u00f3n entre la ABM y GIZ se celebra a la par de la COP 26, que se lleva a cabo del 31 de octubre al 12 de noviembre en Glasgow","robots":{"index":"index","follow":"follow","max-snippet":"max-snippet:-1","max-image-preview":"max-image-preview:large","max-video-preview":"max-video-preview:-1"},"canonical":"https:\/\/centrourbano.com\/revista\/actualidad\/abm-giz-mexico-financiamiento-verde\/","og_locale":"es_ES","og_type":"article","og_title":"ABM y GIZ M\u00e9xico impulsan financiamiento verde e incluyente","og_description":"Esta colaboraci\u00f3n entre la ABM y GIZ se celebra a la par de la COP 26, que se lleva a cabo del 31 de octubre al 12 de noviembre en Glasgow","og_url":"https:\/\/centrourbano.com\/revista\/actualidad\/abm-giz-mexico-financiamiento-verde\/","og_site_name":"Centro Urbano","article_publisher":"https:\/\/www.facebook.com\/portalcentrourbano","article_published_time":"2021-11-04T23:17:58+00:00","article_modified_time":"2021-11-05T00:18:22+00:00","og_image":[{"width":540,"height":420,"url":"https:\/\/centrourbano.com\/revista\/wp-content\/uploads\/ABM-y-GIZ-Mexico-impulsan-financiamiento-verde-e-incluyente.jpg","type":"image\/jpeg"}],"author":"Fernanda Hern\u00e1ndez","twitter_card":"summary_large_image","twitter_creator":"@https:\/\/twitter.com\/Nannz_Hernandez","twitter_site":"@CentroUrbano","twitter_misc":{"Escrito por":"Fernanda Hern\u00e1ndez","Tiempo de lectura":"2 minutos"},"schema":{"@context":"https:\/\/schema.org","@graph":[{"@type":"Article","@id":"https:\/\/centrourbano.com\/revista\/actualidad\/abm-giz-mexico-financiamiento-verde\/#article","isPartOf":{"@id":"https:\/\/centrourbano.com\/revista\/actualidad\/abm-giz-mexico-financiamiento-verde\/"},"author":{"name":"Fernanda Hern\u00e1ndez","@id":"https:\/\/centrourbano.com\/revista\/#\/schema\/person\/b190b20bbbceb41ec72278c546fa8df3"},"headline":"ABM y GIZ M\u00e9xico impulsan financiamiento verde e incluyente","datePublished":"2021-11-04T23:17:58+00:00","dateModified":"2021-11-05T00:18:22+00:00","mainEntityOfPage":{"@id":"https:\/\/centrourbano.com\/revista\/actualidad\/abm-giz-mexico-financiamiento-verde\/"},"wordCount":389,"commentCount":0,"publisher":{"@id":"https:\/\/centrourbano.com\/revista\/#organization"},"image":{"@id":"https:\/\/centrourbano.com\/revista\/actualidad\/abm-giz-mexico-financiamiento-verde\/#primaryimage"},"thumbnailUrl":"https:\/\/centrourbano.com\/revista\/wp-content\/uploads\/ABM-y-GIZ-Mexico-impulsan-financiamiento-verde-e-incluyente.jpg","keywords":["ABM","Convenio de colaboraci\u00f3n","COP 26","Financiamiento Sostenible","GIZ M\u00e9xico"],"articleSection":["Actualidad","Urbanismo"],"inLanguage":"es","potentialAction":[{"@type":"CommentAction","name":"Comment","target":["https:\/\/centrourbano.com\/revista\/actualidad\/abm-giz-mexico-financiamiento-verde\/#respond"]}]},{"@type":"WebPage","@id":"https:\/\/centrourbano.com\/revista\/actualidad\/abm-giz-mexico-financiamiento-verde\/","url":"https:\/\/centrourbano.com\/revista\/actualidad\/abm-giz-mexico-financiamiento-verde\/","name":"ABM y GIZ M\u00e9xico impulsan financiamiento verde e incluyente","isPartOf":{"@id":"https:\/\/centrourbano.com\/revista\/#website"},"primaryImageOfPage":{"@id":"https:\/\/centrourbano.com\/revista\/actualidad\/abm-giz-mexico-financiamiento-verde\/#primaryimage"},"image":{"@id":"https:\/\/centrourbano.com\/revista\/actualidad\/abm-giz-mexico-financiamiento-verde\/#primaryimage"},"thumbnailUrl":"https:\/\/centrourbano.com\/revista\/wp-content\/uploads\/ABM-y-GIZ-Mexico-impulsan-financiamiento-verde-e-incluyente.jpg","datePublished":"2021-11-04T23:17:58+00:00","dateModified":"2021-11-05T00:18:22+00:00","description":"Esta colaboraci\u00f3n entre la ABM y GIZ se celebra a la par de la COP 26, que se lleva a cabo del 31 de octubre al 12 de noviembre en Glasgow","breadcrumb":{"@id":"https:\/\/centrourbano.com\/revista\/actualidad\/abm-giz-mexico-financiamiento-verde\/#breadcrumb"},"inLanguage":"es","potentialAction":[{"@type":"ReadAction","target":["https:\/\/centrourbano.com\/revista\/actualidad\/abm-giz-mexico-financiamiento-verde\/"]}]},{"@type":"ImageObject","inLanguage":"es","@id":"https:\/\/centrourbano.com\/revista\/actualidad\/abm-giz-mexico-financiamiento-verde\/#primaryimage","url":"https:\/\/centrourbano.com\/revista\/wp-content\/uploads\/ABM-y-GIZ-Mexico-impulsan-financiamiento-verde-e-incluyente.jpg","contentUrl":"https:\/\/centrourbano.com\/revista\/wp-content\/uploads\/ABM-y-GIZ-Mexico-impulsan-financiamiento-verde-e-incluyente.jpg","width":540,"height":420,"caption":"Esta colaboraci\u00f3n entre la ABM y GIZ se celebra a la par de la COP 26, que se lleva a cabo del 31 de octubre al 12 de noviembre en Glasgow"},{"@type":"BreadcrumbList","@id":"https:\/\/centrourbano.com\/revista\/actualidad\/abm-giz-mexico-financiamiento-verde\/#breadcrumb","itemListElement":[{"@type":"ListItem","position":1,"name":"Portada","item":"https:\/\/centrourbano.com\/revista\/"},{"@type":"ListItem","position":2,"name":"ABM y GIZ M\u00e9xico impulsan financiamiento verde e incluyente"}]},{"@type":"WebSite","@id":"https:\/\/centrourbano.com\/revista\/#website","url":"https:\/\/centrourbano.com\/revista\/","name":"Centro Urbano","description":"Medio especializado en los sectores vivienda, inmobiliario, construcci\u00f3n, arquitectura y urbanismo.","publisher":{"@id":"https:\/\/centrourbano.com\/revista\/#organization"},"potentialAction":[{"@type":"SearchAction","target":{"@type":"EntryPoint","urlTemplate":"https:\/\/centrourbano.com\/revista\/?s={search_term_string}"},"query-input":{"@type":"PropertyValueSpecification","valueRequired":true,"valueName":"search_term_string"}}],"inLanguage":"es"},{"@type":"Organization","@id":"https:\/\/centrourbano.com\/revista\/#organization","name":"Centro Urbano","url":"https:\/\/centrourbano.com\/revista\/","logo":{"@type":"ImageObject","inLanguage":"es","@id":"https:\/\/centrourbano.com\/revista\/#\/schema\/logo\/image\/","url":"https:\/\/centrourbano.com\/revista\/wp-content\/uploads\/web_CU_logo-1.png","contentUrl":"https:\/\/centrourbano.com\/revista\/wp-content\/uploads\/web_CU_logo-1.png","width":350,"height":91,"caption":"Centro Urbano"},"image":{"@id":"https:\/\/centrourbano.com\/revista\/#\/schema\/logo\/image\/"},"sameAs":["https:\/\/www.facebook.com\/portalcentrourbano","https:\/\/x.com\/CentroUrbano","https:\/\/www.instagram.com\/centro_urbano\/","https:\/\/www.linkedin.com\/company\/centro-urbano\/","http:\/\/www.youtube.com\/user\/portalcentrourbano"]},{"@type":"Person","@id":"https:\/\/centrourbano.com\/revista\/#\/schema\/person\/b190b20bbbceb41ec72278c546fa8df3","name":"Fernanda Hern\u00e1ndez","image":{"@type":"ImageObject","inLanguage":"es","@id":"https:\/\/secure.gravatar.com\/avatar\/9471831fb0a24eae9d32d826a7cb8ef07c34a41520aca1a0ab1f5c0903ba49b9?s=96&d=mm&r=g","url":"https:\/\/secure.gravatar.com\/avatar\/9471831fb0a24eae9d32d826a7cb8ef07c34a41520aca1a0ab1f5c0903ba49b9?s=96&d=mm&r=g","contentUrl":"https:\/\/secure.gravatar.com\/avatar\/9471831fb0a24eae9d32d826a7cb8ef07c34a41520aca1a0ab1f5c0903ba49b9?s=96&d=mm&r=g","caption":"Fernanda Hern\u00e1ndez"},"description":"Reportera y redactora en Centro Urbano. Soy egresada de la licenciatura en Ciencias de la Comunicaci\u00f3n de la Facultad de Ciencias Pol\u00edticas y Sociales (UNAM). Me interesa la cultura, el urbanismo y la arquitectura. Amante del mundo digital, el cine, la m\u00fasica, la lectura y la escritura.","sameAs":["https:\/\/x.com\/https:\/\/twitter.com\/Nannz_Hernandez"],"url":"https:\/\/centrourbano.com\/revista\/author\/fernanda-hernandez\/"}]}},"_links":{"self":[{"href":"https:\/\/centrourbano.com\/revista\/wp-json\/wp\/v2\/posts\/123507","targetHints":{"allow":["GET"]}}],"collection":[{"href":"https:\/\/centrourbano.com\/revista\/wp-json\/wp\/v2\/posts"}],"about":[{"href":"https:\/\/centrourbano.com\/revista\/wp-json\/wp\/v2\/types\/post"}],"author":[{"embeddable":true,"href":"https:\/\/centrourbano.com\/revista\/wp-json\/wp\/v2\/users\/73"}],"replies":[{"embeddable":true,"href":"https:\/\/centrourbano.com\/revista\/wp-json\/wp\/v2\/comments?post=123507"}],"version-history":[{"count":1,"href":"https:\/\/centrourbano.com\/revista\/wp-json\/wp\/v2\/posts\/123507\/revisions"}],"predecessor-version":[{"id":123512,"href":"https:\/\/centrourbano.com\/revista\/wp-json\/wp\/v2\/posts\/123507\/revisions\/123512"}],"wp:featuredmedia":[{"embeddable":true,"href":"https:\/\/centrourbano.com\/revista\/wp-json\/wp\/v2\/media\/123511"}],"wp:attachment":[{"href":"https:\/\/centrourbano.com\/revista\/wp-json\/wp\/v2\/media?parent=123507"}],"wp:term":[{"taxonomy":"category","embeddable":true,"href":"https:\/\/centrourbano.com\/revista\/wp-json\/wp\/v2\/categories?post=123507"},{"taxonomy":"post_tag","embeddable":true,"href":"https:\/\/centrourbano.com\/revista\/wp-json\/wp\/v2\/tags?post=123507"}],"curies":[{"name":"wp","href":"https:\/\/api.w.org\/{rel}","templated":true}]}}