{"id":123349,"date":"2021-11-01T14:49:20","date_gmt":"2021-11-01T20:49:20","guid":{"rendered":"https:\/\/centrourbano.com\/?p=123349"},"modified":"2021-11-01T17:12:46","modified_gmt":"2021-11-01T23:12:46","slug":"expo-mexicraneos-exhibe-25-obras-en-paseo-de-la-reforma","status":"publish","type":"post","link":"https:\/\/centrourbano.com\/revista\/agenda-2\/exposiciones\/expo-mexicraneos-exhibe-25-obras-en-paseo-de-la-reforma\/","title":{"rendered":"Expo Mexicr\u00e1neos exhibe 25 obras en Paseo de la Reforma"},"content":{"rendered":"<p><em>Expo Mexicr\u00e1neos expone el talento mexicano; desde sus inicios, ha logrado la captaci\u00f3n de m\u00e1s de 10 millones de visitantes<\/em><!--more--><\/p>\n<p><a href=\"https:\/\/twitter.com\/culturaciudadmx\">La Secretar\u00eda de Cultura de la Ciudad de M\u00e9xico<\/a>, en honor a la celebraci\u00f3n del D\u00eda de Muertos, llevar\u00e1 a cabo la <strong>Expo Mexicr\u00e1neos<\/strong>. Tras un a\u00f1o de suspensi\u00f3n, esta muestra exhibir\u00e1 <strong>25 obras realizadas por artistas nacionales e internacionales<\/strong>.<\/p>\n<p>La exposici\u00f3n titulada &#8216;<strong>Mexicr\u00e1neos, renace y cambia de piel<\/strong>&#8216; estar\u00e1 disponible <strong>del 28 de octubre al 8 de noviembre<\/strong> en el espacio publico, sobre Paseo de la Reforma. Los visitantes podr\u00e1n disfrutar de las obras al aire libre, en el tramo de la Glorieta del \u00c1ngel hasta la Glorieta de la Palma.<\/p>\n<h2>Expo Mexicr\u00e1neos desde una mirada art\u00edstica<\/h2>\n<p>El proyecto surge como representaci\u00f3n de la visi\u00f3n art\u00edstica de los rituales prehisp\u00e1nicos funerarios, los cuales consist\u00edan en adornar cr\u00e1neos y exhibirlos durante las ceremonias. Con la reuni\u00f3n de m\u00e1s de 1,500 artistas y mediante una curadur\u00eda, se eligi\u00f3 a aquellos trabajos que reflejaron los colores, sabores y olores de la cultura mexicana.<\/p>\n<p>Este a\u00f1o, las 25 piezas seleccionadas para la avenida corresponde a: Ahrboor, Alicia Amador, Argeo Mondrag\u00f3n, Cam de la Fu, entre otros. Con la intenci\u00f3n de evitar aglomeraciones, los cr\u00e1neos se encuentran a 75 metros de distancia unos de otros; adem\u00e1s, \u00e9stos se encuentran recubiertos de antigrafitti.<\/p>\n<p>Siguiendo con el homenaje y como parte de la muestra, se ofrece en Casa Mil\u00e1n la exposici\u00f3n de 25 litocr\u00e1neos que entregan los visitantes parte de su cosmovisi\u00f3n. Por otra parte, en Parque Bicentenario, se exponen nueve trabajos de artistas como Esteban Soto, Hech Uno, Jorge Bonaga, Rafael Mellado, Sharon Estrada, entre otros.<\/p>\n<p>En b\u00fasqueda de incentivar los derechos culturales e impulsar la reactivaci\u00f3n econ\u00f3mica, <a href=\"https:\/\/cultura.cdmx.gob.mx\/\">la Secretar\u00eda de Cultura capitalina<\/a> trabaja en proyectos culturales de inter\u00e9s social. En consecuencia, se invita a todos los participantes a mantener las medidas de sanitarias correspondientes y la sana distancia durante los eventos.<\/p>\n","protected":false},"excerpt":{"rendered":"<p>Expo Mexicr\u00e1neos expone el talento mexicano; desde sus inicios, ha logrado la captaci\u00f3n de m\u00e1s de 10 millones de visitantes<\/p>\n","protected":false},"author":80,"featured_media":123350,"comment_status":"open","ping_status":"closed","sticky":false,"template":"","format":"standard","meta":{"om_disable_all_campaigns":false,"inline_featured_image":false,"_monsterinsights_skip_tracking":false,"_monsterinsights_sitenote_active":false,"_monsterinsights_sitenote_note":"","_monsterinsights_sitenote_category":0,"footnotes":""},"categories":[80,20337,10613,82],"tags":[606,3385,17190,9289],"class_list":["post-123349","post","type-post","status-publish","format-standard","has-post-thumbnail","hentry","category-actualidad","category-agenda-2","category-exposiciones","category-urbanismo","tag-cdmx","tag-dia-de-muertos","tag-exposicion-artistica","tag-secretaria-de-cultura-cdmx"],"yoast_head":"<!-- This site is optimized with the Yoast SEO plugin v27.4 - https:\/\/yoast.com\/product\/yoast-seo-wordpress\/ -->\n<title>Expo Mexicr\u00e1neos exhibe 25 obras en Paseo de la Reforma<\/title>\n<meta name=\"description\" content=\"Expo Mexicr\u00e1neos expone el talento mexicano; desde sus inicios, ha logrado la captaci\u00f3n de m\u00e1s de 10 millones de visitantes\" \/>\n<meta name=\"robots\" content=\"index, follow, max-snippet:-1, max-image-preview:large, max-video-preview:-1\" \/>\n<link rel=\"canonical\" href=\"https:\/\/centrourbano.com\/revista\/agenda-2\/exposiciones\/expo-mexicraneos-exhibe-25-obras-en-paseo-de-la-reforma\/\" \/>\n<meta property=\"og:locale\" content=\"es_ES\" \/>\n<meta property=\"og:type\" content=\"article\" \/>\n<meta property=\"og:title\" content=\"Expo Mexicr\u00e1neos exhibe 25 obras en Paseo de la Reforma\" \/>\n<meta property=\"og:description\" content=\"Expo Mexicr\u00e1neos expone el talento mexicano; desde sus inicios, ha logrado la captaci\u00f3n de m\u00e1s de 10 millones de visitantes\" \/>\n<meta property=\"og:url\" content=\"https:\/\/centrourbano.com\/revista\/agenda-2\/exposiciones\/expo-mexicraneos-exhibe-25-obras-en-paseo-de-la-reforma\/\" \/>\n<meta property=\"og:site_name\" content=\"Centro Urbano\" \/>\n<meta property=\"article:publisher\" content=\"https:\/\/www.facebook.com\/portalcentrourbano\" \/>\n<meta property=\"article:published_time\" content=\"2021-11-01T20:49:20+00:00\" \/>\n<meta property=\"article:modified_time\" content=\"2021-11-01T23:12:46+00:00\" \/>\n<meta property=\"og:image\" content=\"https:\/\/centrourbano.com\/revista\/wp-content\/uploads\/solidaridad.jpg\" \/>\n\t<meta property=\"og:image:width\" content=\"1080\" \/>\n\t<meta property=\"og:image:height\" content=\"1080\" \/>\n\t<meta property=\"og:image:type\" content=\"image\/jpeg\" \/>\n<meta name=\"author\" content=\"Jackeline Valle\" \/>\n<meta name=\"twitter:card\" content=\"summary_large_image\" \/>\n<meta name=\"twitter:creator\" content=\"@CentroUrbano\" \/>\n<meta name=\"twitter:site\" content=\"@CentroUrbano\" \/>\n<meta name=\"twitter:label1\" content=\"Escrito por\" \/>\n\t<meta name=\"twitter:data1\" content=\"Jackeline Valle\" \/>\n\t<meta name=\"twitter:label2\" content=\"Tiempo de lectura\" \/>\n\t<meta name=\"twitter:data2\" content=\"2 minutos\" \/>\n<script type=\"application\/ld+json\" class=\"yoast-schema-graph\">{\"@context\":\"https:\\\/\\\/schema.org\",\"@graph\":[{\"@type\":\"Article\",\"@id\":\"https:\\\/\\\/centrourbano.com\\\/revista\\\/agenda-2\\\/exposiciones\\\/expo-mexicraneos-exhibe-25-obras-en-paseo-de-la-reforma\\\/#article\",\"isPartOf\":{\"@id\":\"https:\\\/\\\/centrourbano.com\\\/revista\\\/agenda-2\\\/exposiciones\\\/expo-mexicraneos-exhibe-25-obras-en-paseo-de-la-reforma\\\/\"},\"author\":{\"name\":\"Jackeline Valle\",\"@id\":\"https:\\\/\\\/centrourbano.com\\\/revista\\\/#\\\/schema\\\/person\\\/910180bf1a924c1932a01f6032f5991a\"},\"headline\":\"Expo Mexicr\u00e1neos exhibe 25 obras en Paseo de la Reforma\",\"datePublished\":\"2021-11-01T20:49:20+00:00\",\"dateModified\":\"2021-11-01T23:12:46+00:00\",\"mainEntityOfPage\":{\"@id\":\"https:\\\/\\\/centrourbano.com\\\/revista\\\/agenda-2\\\/exposiciones\\\/expo-mexicraneos-exhibe-25-obras-en-paseo-de-la-reforma\\\/\"},\"wordCount\":357,\"commentCount\":0,\"publisher\":{\"@id\":\"https:\\\/\\\/centrourbano.com\\\/revista\\\/#organization\"},\"image\":{\"@id\":\"https:\\\/\\\/centrourbano.com\\\/revista\\\/agenda-2\\\/exposiciones\\\/expo-mexicraneos-exhibe-25-obras-en-paseo-de-la-reforma\\\/#primaryimage\"},\"thumbnailUrl\":\"https:\\\/\\\/centrourbano.com\\\/revista\\\/wp-content\\\/uploads\\\/solidaridad.jpg\",\"keywords\":[\"CDMX\",\"Dia de Muertos\",\"exposici\u00f3n art\u00edstica\",\"Secretar\u00eda de Cultura CDMX\"],\"articleSection\":[\"Actualidad\",\"Agenda\",\"Exposiciones\",\"Urbanismo\"],\"inLanguage\":\"es\",\"potentialAction\":[{\"@type\":\"CommentAction\",\"name\":\"Comment\",\"target\":[\"https:\\\/\\\/centrourbano.com\\\/revista\\\/agenda-2\\\/exposiciones\\\/expo-mexicraneos-exhibe-25-obras-en-paseo-de-la-reforma\\\/#respond\"]}]},{\"@type\":\"WebPage\",\"@id\":\"https:\\\/\\\/centrourbano.com\\\/revista\\\/agenda-2\\\/exposiciones\\\/expo-mexicraneos-exhibe-25-obras-en-paseo-de-la-reforma\\\/\",\"url\":\"https:\\\/\\\/centrourbano.com\\\/revista\\\/agenda-2\\\/exposiciones\\\/expo-mexicraneos-exhibe-25-obras-en-paseo-de-la-reforma\\\/\",\"name\":\"Expo Mexicr\u00e1neos exhibe 25 obras en Paseo de la Reforma\",\"isPartOf\":{\"@id\":\"https:\\\/\\\/centrourbano.com\\\/revista\\\/#website\"},\"primaryImageOfPage\":{\"@id\":\"https:\\\/\\\/centrourbano.com\\\/revista\\\/agenda-2\\\/exposiciones\\\/expo-mexicraneos-exhibe-25-obras-en-paseo-de-la-reforma\\\/#primaryimage\"},\"image\":{\"@id\":\"https:\\\/\\\/centrourbano.com\\\/revista\\\/agenda-2\\\/exposiciones\\\/expo-mexicraneos-exhibe-25-obras-en-paseo-de-la-reforma\\\/#primaryimage\"},\"thumbnailUrl\":\"https:\\\/\\\/centrourbano.com\\\/revista\\\/wp-content\\\/uploads\\\/solidaridad.jpg\",\"datePublished\":\"2021-11-01T20:49:20+00:00\",\"dateModified\":\"2021-11-01T23:12:46+00:00\",\"description\":\"Expo Mexicr\u00e1neos expone el talento mexicano; desde sus inicios, ha logrado la captaci\u00f3n de m\u00e1s de 10 millones de visitantes\",\"breadcrumb\":{\"@id\":\"https:\\\/\\\/centrourbano.com\\\/revista\\\/agenda-2\\\/exposiciones\\\/expo-mexicraneos-exhibe-25-obras-en-paseo-de-la-reforma\\\/#breadcrumb\"},\"inLanguage\":\"es\",\"potentialAction\":[{\"@type\":\"ReadAction\",\"target\":[\"https:\\\/\\\/centrourbano.com\\\/revista\\\/agenda-2\\\/exposiciones\\\/expo-mexicraneos-exhibe-25-obras-en-paseo-de-la-reforma\\\/\"]}]},{\"@type\":\"ImageObject\",\"inLanguage\":\"es\",\"@id\":\"https:\\\/\\\/centrourbano.com\\\/revista\\\/agenda-2\\\/exposiciones\\\/expo-mexicraneos-exhibe-25-obras-en-paseo-de-la-reforma\\\/#primaryimage\",\"url\":\"https:\\\/\\\/centrourbano.com\\\/revista\\\/wp-content\\\/uploads\\\/solidaridad.jpg\",\"contentUrl\":\"https:\\\/\\\/centrourbano.com\\\/revista\\\/wp-content\\\/uploads\\\/solidaridad.jpg\",\"width\":1080,\"height\":1080,\"caption\":\"Expo 'Mexicr\u00e1neos' expone el talento mexicano que ha logrado la captaci\u00f3n de m\u00e1s de 10 millones de visitantes.\"},{\"@type\":\"BreadcrumbList\",\"@id\":\"https:\\\/\\\/centrourbano.com\\\/revista\\\/agenda-2\\\/exposiciones\\\/expo-mexicraneos-exhibe-25-obras-en-paseo-de-la-reforma\\\/#breadcrumb\",\"itemListElement\":[{\"@type\":\"ListItem\",\"position\":1,\"name\":\"Portada\",\"item\":\"https:\\\/\\\/centrourbano.com\\\/revista\\\/\"},{\"@type\":\"ListItem\",\"position\":2,\"name\":\"Expo Mexicr\u00e1neos exhibe 25 obras en Paseo de la Reforma\"}]},{\"@type\":\"WebSite\",\"@id\":\"https:\\\/\\\/centrourbano.com\\\/revista\\\/#website\",\"url\":\"https:\\\/\\\/centrourbano.com\\\/revista\\\/\",\"name\":\"Centro Urbano\",\"description\":\"Medio especializado en los sectores vivienda, inmobiliario, construcci\u00f3n, arquitectura y urbanismo.\",\"publisher\":{\"@id\":\"https:\\\/\\\/centrourbano.com\\\/revista\\\/#organization\"},\"potentialAction\":[{\"@type\":\"SearchAction\",\"target\":{\"@type\":\"EntryPoint\",\"urlTemplate\":\"https:\\\/\\\/centrourbano.com\\\/revista\\\/?s={search_term_string}\"},\"query-input\":{\"@type\":\"PropertyValueSpecification\",\"valueRequired\":true,\"valueName\":\"search_term_string\"}}],\"inLanguage\":\"es\"},{\"@type\":\"Organization\",\"@id\":\"https:\\\/\\\/centrourbano.com\\\/revista\\\/#organization\",\"name\":\"Centro Urbano\",\"url\":\"https:\\\/\\\/centrourbano.com\\\/revista\\\/\",\"logo\":{\"@type\":\"ImageObject\",\"inLanguage\":\"es\",\"@id\":\"https:\\\/\\\/centrourbano.com\\\/revista\\\/#\\\/schema\\\/logo\\\/image\\\/\",\"url\":\"https:\\\/\\\/centrourbano.com\\\/revista\\\/wp-content\\\/uploads\\\/web_CU_logo-1.png\",\"contentUrl\":\"https:\\\/\\\/centrourbano.com\\\/revista\\\/wp-content\\\/uploads\\\/web_CU_logo-1.png\",\"width\":350,\"height\":91,\"caption\":\"Centro Urbano\"},\"image\":{\"@id\":\"https:\\\/\\\/centrourbano.com\\\/revista\\\/#\\\/schema\\\/logo\\\/image\\\/\"},\"sameAs\":[\"https:\\\/\\\/www.facebook.com\\\/portalcentrourbano\",\"https:\\\/\\\/x.com\\\/CentroUrbano\",\"https:\\\/\\\/www.instagram.com\\\/centro_urbano\\\/\",\"https:\\\/\\\/www.linkedin.com\\\/company\\\/centro-urbano\\\/\",\"http:\\\/\\\/www.youtube.com\\\/user\\\/portalcentrourbano\"]},{\"@type\":\"Person\",\"@id\":\"https:\\\/\\\/centrourbano.com\\\/revista\\\/#\\\/schema\\\/person\\\/910180bf1a924c1932a01f6032f5991a\",\"name\":\"Jackeline Valle\",\"image\":{\"@type\":\"ImageObject\",\"inLanguage\":\"es\",\"@id\":\"https:\\\/\\\/secure.gravatar.com\\\/avatar\\\/6dfa6899b228d3621bbf2fb01332e7e4b7afc7cd1374760becdb163b7f5436dd?s=96&d=mm&r=g\",\"url\":\"https:\\\/\\\/secure.gravatar.com\\\/avatar\\\/6dfa6899b228d3621bbf2fb01332e7e4b7afc7cd1374760becdb163b7f5436dd?s=96&d=mm&r=g\",\"contentUrl\":\"https:\\\/\\\/secure.gravatar.com\\\/avatar\\\/6dfa6899b228d3621bbf2fb01332e7e4b7afc7cd1374760becdb163b7f5436dd?s=96&d=mm&r=g\",\"caption\":\"Jackeline Valle\"},\"description\":\"Reportera en Centro Urbano. Egresada de la Licenciatura en Comunicaci\u00f3n y Cultura por la Universidad Aut\u00f3noma de la Ciudad de M\u00e9xico (UACM). Interesada en cine y la cultura. Apasionada de los deportes electr\u00f3nicos y el desarrollo de medios audiovisuales.\",\"url\":\"https:\\\/\\\/centrourbano.com\\\/revista\\\/author\\\/jackeline-valle\\\/\"}]}<\/script>\n<!-- \/ Yoast SEO plugin. -->","yoast_head_json":{"title":"Expo Mexicr\u00e1neos exhibe 25 obras en Paseo de la Reforma","description":"Expo Mexicr\u00e1neos expone el talento mexicano; desde sus inicios, ha logrado la captaci\u00f3n de m\u00e1s de 10 millones de visitantes","robots":{"index":"index","follow":"follow","max-snippet":"max-snippet:-1","max-image-preview":"max-image-preview:large","max-video-preview":"max-video-preview:-1"},"canonical":"https:\/\/centrourbano.com\/revista\/agenda-2\/exposiciones\/expo-mexicraneos-exhibe-25-obras-en-paseo-de-la-reforma\/","og_locale":"es_ES","og_type":"article","og_title":"Expo Mexicr\u00e1neos exhibe 25 obras en Paseo de la Reforma","og_description":"Expo Mexicr\u00e1neos expone el talento mexicano; desde sus inicios, ha logrado la captaci\u00f3n de m\u00e1s de 10 millones de visitantes","og_url":"https:\/\/centrourbano.com\/revista\/agenda-2\/exposiciones\/expo-mexicraneos-exhibe-25-obras-en-paseo-de-la-reforma\/","og_site_name":"Centro Urbano","article_publisher":"https:\/\/www.facebook.com\/portalcentrourbano","article_published_time":"2021-11-01T20:49:20+00:00","article_modified_time":"2021-11-01T23:12:46+00:00","og_image":[{"width":1080,"height":1080,"url":"https:\/\/centrourbano.com\/revista\/wp-content\/uploads\/solidaridad.jpg","type":"image\/jpeg"}],"author":"Jackeline Valle","twitter_card":"summary_large_image","twitter_creator":"@CentroUrbano","twitter_site":"@CentroUrbano","twitter_misc":{"Escrito por":"Jackeline Valle","Tiempo de lectura":"2 minutos"},"schema":{"@context":"https:\/\/schema.org","@graph":[{"@type":"Article","@id":"https:\/\/centrourbano.com\/revista\/agenda-2\/exposiciones\/expo-mexicraneos-exhibe-25-obras-en-paseo-de-la-reforma\/#article","isPartOf":{"@id":"https:\/\/centrourbano.com\/revista\/agenda-2\/exposiciones\/expo-mexicraneos-exhibe-25-obras-en-paseo-de-la-reforma\/"},"author":{"name":"Jackeline Valle","@id":"https:\/\/centrourbano.com\/revista\/#\/schema\/person\/910180bf1a924c1932a01f6032f5991a"},"headline":"Expo Mexicr\u00e1neos exhibe 25 obras en Paseo de la Reforma","datePublished":"2021-11-01T20:49:20+00:00","dateModified":"2021-11-01T23:12:46+00:00","mainEntityOfPage":{"@id":"https:\/\/centrourbano.com\/revista\/agenda-2\/exposiciones\/expo-mexicraneos-exhibe-25-obras-en-paseo-de-la-reforma\/"},"wordCount":357,"commentCount":0,"publisher":{"@id":"https:\/\/centrourbano.com\/revista\/#organization"},"image":{"@id":"https:\/\/centrourbano.com\/revista\/agenda-2\/exposiciones\/expo-mexicraneos-exhibe-25-obras-en-paseo-de-la-reforma\/#primaryimage"},"thumbnailUrl":"https:\/\/centrourbano.com\/revista\/wp-content\/uploads\/solidaridad.jpg","keywords":["CDMX","Dia de Muertos","exposici\u00f3n art\u00edstica","Secretar\u00eda de Cultura CDMX"],"articleSection":["Actualidad","Agenda","Exposiciones","Urbanismo"],"inLanguage":"es","potentialAction":[{"@type":"CommentAction","name":"Comment","target":["https:\/\/centrourbano.com\/revista\/agenda-2\/exposiciones\/expo-mexicraneos-exhibe-25-obras-en-paseo-de-la-reforma\/#respond"]}]},{"@type":"WebPage","@id":"https:\/\/centrourbano.com\/revista\/agenda-2\/exposiciones\/expo-mexicraneos-exhibe-25-obras-en-paseo-de-la-reforma\/","url":"https:\/\/centrourbano.com\/revista\/agenda-2\/exposiciones\/expo-mexicraneos-exhibe-25-obras-en-paseo-de-la-reforma\/","name":"Expo Mexicr\u00e1neos exhibe 25 obras en Paseo de la Reforma","isPartOf":{"@id":"https:\/\/centrourbano.com\/revista\/#website"},"primaryImageOfPage":{"@id":"https:\/\/centrourbano.com\/revista\/agenda-2\/exposiciones\/expo-mexicraneos-exhibe-25-obras-en-paseo-de-la-reforma\/#primaryimage"},"image":{"@id":"https:\/\/centrourbano.com\/revista\/agenda-2\/exposiciones\/expo-mexicraneos-exhibe-25-obras-en-paseo-de-la-reforma\/#primaryimage"},"thumbnailUrl":"https:\/\/centrourbano.com\/revista\/wp-content\/uploads\/solidaridad.jpg","datePublished":"2021-11-01T20:49:20+00:00","dateModified":"2021-11-01T23:12:46+00:00","description":"Expo Mexicr\u00e1neos expone el talento mexicano; desde sus inicios, ha logrado la captaci\u00f3n de m\u00e1s de 10 millones de visitantes","breadcrumb":{"@id":"https:\/\/centrourbano.com\/revista\/agenda-2\/exposiciones\/expo-mexicraneos-exhibe-25-obras-en-paseo-de-la-reforma\/#breadcrumb"},"inLanguage":"es","potentialAction":[{"@type":"ReadAction","target":["https:\/\/centrourbano.com\/revista\/agenda-2\/exposiciones\/expo-mexicraneos-exhibe-25-obras-en-paseo-de-la-reforma\/"]}]},{"@type":"ImageObject","inLanguage":"es","@id":"https:\/\/centrourbano.com\/revista\/agenda-2\/exposiciones\/expo-mexicraneos-exhibe-25-obras-en-paseo-de-la-reforma\/#primaryimage","url":"https:\/\/centrourbano.com\/revista\/wp-content\/uploads\/solidaridad.jpg","contentUrl":"https:\/\/centrourbano.com\/revista\/wp-content\/uploads\/solidaridad.jpg","width":1080,"height":1080,"caption":"Expo 'Mexicr\u00e1neos' expone el talento mexicano que ha logrado la captaci\u00f3n de m\u00e1s de 10 millones de visitantes."},{"@type":"BreadcrumbList","@id":"https:\/\/centrourbano.com\/revista\/agenda-2\/exposiciones\/expo-mexicraneos-exhibe-25-obras-en-paseo-de-la-reforma\/#breadcrumb","itemListElement":[{"@type":"ListItem","position":1,"name":"Portada","item":"https:\/\/centrourbano.com\/revista\/"},{"@type":"ListItem","position":2,"name":"Expo Mexicr\u00e1neos exhibe 25 obras en Paseo de la Reforma"}]},{"@type":"WebSite","@id":"https:\/\/centrourbano.com\/revista\/#website","url":"https:\/\/centrourbano.com\/revista\/","name":"Centro Urbano","description":"Medio especializado en los sectores vivienda, inmobiliario, construcci\u00f3n, arquitectura y urbanismo.","publisher":{"@id":"https:\/\/centrourbano.com\/revista\/#organization"},"potentialAction":[{"@type":"SearchAction","target":{"@type":"EntryPoint","urlTemplate":"https:\/\/centrourbano.com\/revista\/?s={search_term_string}"},"query-input":{"@type":"PropertyValueSpecification","valueRequired":true,"valueName":"search_term_string"}}],"inLanguage":"es"},{"@type":"Organization","@id":"https:\/\/centrourbano.com\/revista\/#organization","name":"Centro Urbano","url":"https:\/\/centrourbano.com\/revista\/","logo":{"@type":"ImageObject","inLanguage":"es","@id":"https:\/\/centrourbano.com\/revista\/#\/schema\/logo\/image\/","url":"https:\/\/centrourbano.com\/revista\/wp-content\/uploads\/web_CU_logo-1.png","contentUrl":"https:\/\/centrourbano.com\/revista\/wp-content\/uploads\/web_CU_logo-1.png","width":350,"height":91,"caption":"Centro Urbano"},"image":{"@id":"https:\/\/centrourbano.com\/revista\/#\/schema\/logo\/image\/"},"sameAs":["https:\/\/www.facebook.com\/portalcentrourbano","https:\/\/x.com\/CentroUrbano","https:\/\/www.instagram.com\/centro_urbano\/","https:\/\/www.linkedin.com\/company\/centro-urbano\/","http:\/\/www.youtube.com\/user\/portalcentrourbano"]},{"@type":"Person","@id":"https:\/\/centrourbano.com\/revista\/#\/schema\/person\/910180bf1a924c1932a01f6032f5991a","name":"Jackeline Valle","image":{"@type":"ImageObject","inLanguage":"es","@id":"https:\/\/secure.gravatar.com\/avatar\/6dfa6899b228d3621bbf2fb01332e7e4b7afc7cd1374760becdb163b7f5436dd?s=96&d=mm&r=g","url":"https:\/\/secure.gravatar.com\/avatar\/6dfa6899b228d3621bbf2fb01332e7e4b7afc7cd1374760becdb163b7f5436dd?s=96&d=mm&r=g","contentUrl":"https:\/\/secure.gravatar.com\/avatar\/6dfa6899b228d3621bbf2fb01332e7e4b7afc7cd1374760becdb163b7f5436dd?s=96&d=mm&r=g","caption":"Jackeline Valle"},"description":"Reportera en Centro Urbano. Egresada de la Licenciatura en Comunicaci\u00f3n y Cultura por la Universidad Aut\u00f3noma de la Ciudad de M\u00e9xico (UACM). Interesada en cine y la cultura. Apasionada de los deportes electr\u00f3nicos y el desarrollo de medios audiovisuales.","url":"https:\/\/centrourbano.com\/revista\/author\/jackeline-valle\/"}]}},"_links":{"self":[{"href":"https:\/\/centrourbano.com\/revista\/wp-json\/wp\/v2\/posts\/123349","targetHints":{"allow":["GET"]}}],"collection":[{"href":"https:\/\/centrourbano.com\/revista\/wp-json\/wp\/v2\/posts"}],"about":[{"href":"https:\/\/centrourbano.com\/revista\/wp-json\/wp\/v2\/types\/post"}],"author":[{"embeddable":true,"href":"https:\/\/centrourbano.com\/revista\/wp-json\/wp\/v2\/users\/80"}],"replies":[{"embeddable":true,"href":"https:\/\/centrourbano.com\/revista\/wp-json\/wp\/v2\/comments?post=123349"}],"version-history":[{"count":4,"href":"https:\/\/centrourbano.com\/revista\/wp-json\/wp\/v2\/posts\/123349\/revisions"}],"predecessor-version":[{"id":123384,"href":"https:\/\/centrourbano.com\/revista\/wp-json\/wp\/v2\/posts\/123349\/revisions\/123384"}],"wp:featuredmedia":[{"embeddable":true,"href":"https:\/\/centrourbano.com\/revista\/wp-json\/wp\/v2\/media\/123350"}],"wp:attachment":[{"href":"https:\/\/centrourbano.com\/revista\/wp-json\/wp\/v2\/media?parent=123349"}],"wp:term":[{"taxonomy":"category","embeddable":true,"href":"https:\/\/centrourbano.com\/revista\/wp-json\/wp\/v2\/categories?post=123349"},{"taxonomy":"post_tag","embeddable":true,"href":"https:\/\/centrourbano.com\/revista\/wp-json\/wp\/v2\/tags?post=123349"}],"curies":[{"name":"wp","href":"https:\/\/api.w.org\/{rel}","templated":true}]}}