{"id":1227,"date":"2013-11-26T11:05:01","date_gmt":"2013-11-26T17:05:01","guid":{"rendered":"http:\/\/centrourbano.com\/?p=1227"},"modified":"2013-11-26T11:05:01","modified_gmt":"2013-11-26T17:05:01","slug":"inaugura-infonavit-5o-foro-internacional-de-vivienda-sustentable-vivienda-social-intraurbana","status":"publish","type":"post","link":"https:\/\/centrourbano.com\/revista\/saladeprensa\/inaugura-infonavit-5o-foro-internacional-de-vivienda-sustentable-vivienda-social-intraurbana\/","title":{"rendered":"Inaugura Infonavit 5\u00ba Foro Internacional de Vivienda Sustentable. Vivienda Social Intraurbana."},"content":{"rendered":"<p style=\"text-align: left;\" align=\"center\"><i>\u2022 Alejandro Murat Hinojosa, Director General del Infonavit, inaugur\u00f3 el<\/i><\/p>\n<p><i>\u00a05\u00ba Foro Internacional de Vivienda Sustentable en M\u00e9rida, Yucat\u00e1n.<\/i><i><\/i><\/p>\n<p><i>\u2022 Del 25 al 27 de noviembre expertos Internacionales debatir\u00e1n y<\/i><\/p>\n<p><i>propondr\u00e1n las mejores pr\u00e1cticas para implementar el modelo de vivienda social intraurbana y sustentable en M\u00e9xico.<\/i><i><\/i><\/p>\n<p><i>\u2022 Enriquece las acciones realizadas en coordinaci\u00f3n con la Pol\u00edtica<\/i><\/p>\n<p><i>\u00a0Nacional de Vivienda.<\/i><i><\/i><\/p>\n<p><i>\u00a0<\/i><i><\/i><\/p>\n<p>El Secretario de Desarrollo Agrario, Territorial y Urbano, Jorge Carlos Ram\u00edrez Mar\u00edn, y el Director General del Infonavit, Alejandro Murat Hinojosa, inauguraron el\u00a0<i>5\u00ba Foro de Vivienda Sustentable, Vivienda Intraurbana<\/i>, en presencia del Gobernador del Estado y el Alcalde de M\u00e9rida. El Foro tiene como objetivo fomentar el desarrollo de vivienda en entornos sustentables, debatir sobre los procesos de cambios en las ciudades y evaluar los modelos urbanos hacia un plan integral de sustentabilidad.<\/p>\n<p>&nbsp;<\/p>\n<p>El Foro que cuenta con la participaci\u00f3n de m\u00e1s de mil invitados, tambi\u00e9n enriquece el debate y las acciones que se llevan a cabo para transitar hacia el crecimiento ordenado y sustentable en l\u00ednea con la Pol\u00edtica Nacional de Vivienda.<\/p>\n<p>&nbsp;<\/p>\n<p>El encuentro durar\u00e1 del 25 al 27 de noviembre, estar\u00e1n presentes 15 ponentes de ocho nacionalidades, tendr\u00e1 la participaci\u00f3n de especialistas, investigadores y l\u00edderes de opini\u00f3n a nivel nacional e internacional; quienes abordar\u00e1n diversos temas relacionados con las ciudades como el desarrollo urbano y la vivienda hacia lo sustentable, es decir, respetuoso con el medio ambiente, al tiempo que impacta positivamente en lo financiero, econ\u00f3mico y social.<\/p>\n<p>&nbsp;<\/p>\n<p>Alejandro Murat Hinojosa, Director General del Infonavit, se\u00f1al\u00f3 que \u201chablar de vivienda es entender la tendencia global que marca el paso de una civilizaci\u00f3n rural a una urbana, para el 2030 m\u00e1s del 60% de la poblaci\u00f3n rural vivir\u00e1 en lo metropolitano. As\u00ed, la sustentabilidad no es un atributo adicional, ni tangente, sino central e indispensable para el futuro de la vivienda.\u201d<\/p>\n<p>&nbsp;<\/p>\n<p>Durante su intervenci\u00f3n destac\u00f3 que el Infonavit constantemente impulsa la innovaci\u00f3n de sus productos y comparti\u00f3 los cinco ejes bajo los cuales est\u00e1n trabajando para ofrecer soluciones de vivienda. Primero, \u00a0innovar en el mercado y puso como ejemplo Arrendavit, el programa de renta. Segundo, responder los retos que imponen la movilidad urbana. Tercero, entender el mejoramiento del parque habitacional de la mano del mantenimiento de desarrollos, as\u00ed como del mejor aprovechamiento de las zonas intraurbana. Cuarto, nuevos instrumentos de recaudaci\u00f3n y hacer m\u00e1s eficientes los que existen. Y quinto, la ampliaci\u00f3n de base de derechohabientes para atender el d\u00e9ficit de vivienda que existe en nuestro pa\u00eds.<\/p>\n<p>&nbsp;<\/p>\n<p>El Director General del Infonavit plante\u00f3 a los participantes interrogantes a resolver en el\u00a0<b>5\u00ba Foro Internacional de Vivienda Sustentable<\/b>. Destac\u00f3 que \u201cexisten en el espacio actual de trabajo del Infonavit, 1.8 millones de hogares que requieren soluciones de vivienda a trav\u00e9s de diferentes productos que ofrece el Instituto\u201d.<\/p>\n<p>&nbsp;<\/p>\n<p>Murat Hinojosa destac\u00f3 que de las 28 millones de viviendas que existen en el pa\u00eds, 7 millones han sido financiadas por el Infonavit. Y agreg\u00f3 \u201cactualmente \u00a0tenemos 5 millones de cr\u00e9ditos vigentes.\u00a0 Este a\u00f1o no ha sido la excepci\u00f3n, hemos superado la meta de cr\u00e9ditos con m\u00e1s de 585 mil, seguimos siendo el pa\u00eds con mayor financiamiento de vivienda de todo Latinoam\u00e9rica.\u201d<\/p>\n<p>&nbsp;<\/p>\n<p>El Secretario de Desarrollo Agrario, Territorial y Urbano se\u00f1al\u00f3 que \u201clos desarrolladores deben saber que construir casas sigue siendo un compromiso firme del Gobierno de la Rep\u00fablica. Para el pr\u00f3ximo a\u00f1o se invertir\u00e1n 12 mil 600 millones de pesos en este sector, una cifra record que como pa\u00eds nunca antes hab\u00eda invertido.\u201d Y destac\u00f3 los apoyos que brinda el gobierno para impulsar la innovaci\u00f3n en relaci\u00f3n a la vivienda.<\/p>\n<p>&nbsp;<\/p>\n<p>En funci\u00f3n de los retos actuales relacionadas con vivienda y desarrollo urbano, especialistas, investigadores y expertos a nivel internacional debatir\u00e1n en funci\u00f3n de siete temas: (1) Urbanismo y Paisaje, (2) Arquitectura y Dise\u00f1o, (3) Sustentabilidad, (4) Tecnolog\u00eda e Innovaci\u00f3n, (5) Comunidad, (6) Retrofit, usar lo existente (7) Gesti\u00f3n Pol\u00edtica, Econ\u00f3mica y Financiera.<\/p>\n<p>&nbsp;<\/p>\n<p>El Foro cuenta con la participaci\u00f3n de ponentes de primer nivel como Derrick de Kerckhove, gur\u00fa de la comunicaci\u00f3n, as\u00ed como de acad\u00e9micos de prestigiadas instituciones como la Universidad Harvard y experimentados especialistas en arquitectura, urbanismo y sociolog\u00eda. Detalles podr\u00e1n ser consultados en\u00a0<a href=\"http:\/\/www.fivsinfonavit.com\/\" target=\"_blank\">http:\/\/www.fivsinfonavit.com\/<\/a><\/p>\n","protected":false},"excerpt":{"rendered":"<p>\u2022 Alejandro Murat Hinojosa, Director General del Infonavit, inaugur\u00f3 el \u00a05\u00ba Foro Internacional de Vivienda Sustentable en M\u00e9rida, Yucat\u00e1n. \u2022 Del 25 al 27 de noviembre expertos Internacionales debatir\u00e1n y propondr\u00e1n las mejores pr\u00e1cticas para implementar el modelo de vivienda social intraurbana y sustentable en M\u00e9xico. \u2022 Enriquece las acciones realizadas en coordinaci\u00f3n con la [&hellip;]<\/p>\n","protected":false},"author":14,"featured_media":0,"comment_status":"open","ping_status":"closed","sticky":false,"template":"","format":"standard","meta":{"om_disable_all_campaigns":false,"inline_featured_image":false,"_monsterinsights_skip_tracking":false,"_monsterinsights_sitenote_active":false,"_monsterinsights_sitenote_note":"","_monsterinsights_sitenote_category":0,"footnotes":""},"categories":[7],"tags":[],"class_list":["post-1227","post","type-post","status-publish","format-standard","hentry","category-saladeprensa"],"yoast_head":"<!-- This site is optimized with the Yoast SEO plugin v27.4 - https:\/\/yoast.com\/product\/yoast-seo-wordpress\/ -->\n<title>Inaugura Infonavit 5\u00ba Foro Internacional de Vivienda Sustentable. Vivienda Social Intraurbana. -<\/title>\n<meta name=\"description\" content=\"\u2022 Alejandro Murat Hinojosa, Director General del Infonavit, inaugur\u00f3 el \u00a05\u00ba Foro Internacional de Vivienda Sustentable en M\u00e9rida, Yucat\u00e1n. \u2022 Del 25 al 27\" \/>\n<meta name=\"robots\" content=\"index, follow, max-snippet:-1, max-image-preview:large, max-video-preview:-1\" \/>\n<link rel=\"canonical\" href=\"https:\/\/centrourbano.com\/revista\/saladeprensa\/inaugura-infonavit-5o-foro-internacional-de-vivienda-sustentable-vivienda-social-intraurbana\/\" \/>\n<meta property=\"og:locale\" content=\"es_ES\" \/>\n<meta property=\"og:type\" content=\"article\" \/>\n<meta property=\"og:title\" content=\"Inaugura Infonavit 5\u00ba Foro Internacional de Vivienda Sustentable. Vivienda Social Intraurbana. -\" \/>\n<meta property=\"og:description\" content=\"\u2022 Alejandro Murat Hinojosa, Director General del Infonavit, inaugur\u00f3 el \u00a05\u00ba Foro Internacional de Vivienda Sustentable en M\u00e9rida, Yucat\u00e1n. \u2022 Del 25 al 27\" \/>\n<meta property=\"og:url\" content=\"https:\/\/centrourbano.com\/revista\/saladeprensa\/inaugura-infonavit-5o-foro-internacional-de-vivienda-sustentable-vivienda-social-intraurbana\/\" \/>\n<meta property=\"og:site_name\" content=\"Centro Urbano\" \/>\n<meta property=\"article:publisher\" content=\"https:\/\/www.facebook.com\/portalcentrourbano\" \/>\n<meta property=\"article:published_time\" content=\"2013-11-26T17:05:01+00:00\" \/>\n<meta property=\"og:image\" content=\"https:\/\/centrourbano.com\/revista\/wp-content\/uploads\/CU-logo.png\" \/>\n\t<meta property=\"og:image:width\" content=\"350\" \/>\n\t<meta property=\"og:image:height\" content=\"91\" \/>\n\t<meta property=\"og:image:type\" content=\"image\/png\" \/>\n<meta name=\"author\" content=\"Redacci\u00f3n Centro Urbano\" \/>\n<meta name=\"twitter:card\" content=\"summary_large_image\" \/>\n<meta name=\"twitter:creator\" content=\"@CentroUrbano\" \/>\n<meta name=\"twitter:site\" content=\"@CentroUrbano\" \/>\n<meta name=\"twitter:label1\" content=\"Escrito por\" \/>\n\t<meta name=\"twitter:data1\" content=\"Redacci\u00f3n Centro Urbano\" \/>\n\t<meta name=\"twitter:label2\" content=\"Tiempo de lectura\" \/>\n\t<meta name=\"twitter:data2\" content=\"4 minutos\" \/>\n<script type=\"application\/ld+json\" class=\"yoast-schema-graph\">{\"@context\":\"https:\\\/\\\/schema.org\",\"@graph\":[{\"@type\":\"Article\",\"@id\":\"https:\\\/\\\/centrourbano.com\\\/revista\\\/saladeprensa\\\/inaugura-infonavit-5o-foro-internacional-de-vivienda-sustentable-vivienda-social-intraurbana\\\/#article\",\"isPartOf\":{\"@id\":\"https:\\\/\\\/centrourbano.com\\\/revista\\\/saladeprensa\\\/inaugura-infonavit-5o-foro-internacional-de-vivienda-sustentable-vivienda-social-intraurbana\\\/\"},\"author\":{\"name\":\"Redacci\u00f3n Centro Urbano\",\"@id\":\"https:\\\/\\\/centrourbano.com\\\/revista\\\/#\\\/schema\\\/person\\\/680e7c50f9d6e917e416c9efdc26f996\"},\"headline\":\"Inaugura Infonavit 5\u00ba Foro Internacional de Vivienda Sustentable. Vivienda Social Intraurbana.\",\"datePublished\":\"2013-11-26T17:05:01+00:00\",\"mainEntityOfPage\":{\"@id\":\"https:\\\/\\\/centrourbano.com\\\/revista\\\/saladeprensa\\\/inaugura-infonavit-5o-foro-internacional-de-vivienda-sustentable-vivienda-social-intraurbana\\\/\"},\"wordCount\":745,\"commentCount\":0,\"publisher\":{\"@id\":\"https:\\\/\\\/centrourbano.com\\\/revista\\\/#organization\"},\"articleSection\":[\"Sala de Prensa\"],\"inLanguage\":\"es\",\"potentialAction\":[{\"@type\":\"CommentAction\",\"name\":\"Comment\",\"target\":[\"https:\\\/\\\/centrourbano.com\\\/revista\\\/saladeprensa\\\/inaugura-infonavit-5o-foro-internacional-de-vivienda-sustentable-vivienda-social-intraurbana\\\/#respond\"]}]},{\"@type\":\"WebPage\",\"@id\":\"https:\\\/\\\/centrourbano.com\\\/revista\\\/saladeprensa\\\/inaugura-infonavit-5o-foro-internacional-de-vivienda-sustentable-vivienda-social-intraurbana\\\/\",\"url\":\"https:\\\/\\\/centrourbano.com\\\/revista\\\/saladeprensa\\\/inaugura-infonavit-5o-foro-internacional-de-vivienda-sustentable-vivienda-social-intraurbana\\\/\",\"name\":\"Inaugura Infonavit 5\u00ba Foro Internacional de Vivienda Sustentable. Vivienda Social Intraurbana. -\",\"isPartOf\":{\"@id\":\"https:\\\/\\\/centrourbano.com\\\/revista\\\/#website\"},\"datePublished\":\"2013-11-26T17:05:01+00:00\",\"description\":\"\u2022 Alejandro Murat Hinojosa, Director General del Infonavit, inaugur\u00f3 el \u00a05\u00ba Foro Internacional de Vivienda Sustentable en M\u00e9rida, Yucat\u00e1n. \u2022 Del 25 al 27\",\"breadcrumb\":{\"@id\":\"https:\\\/\\\/centrourbano.com\\\/revista\\\/saladeprensa\\\/inaugura-infonavit-5o-foro-internacional-de-vivienda-sustentable-vivienda-social-intraurbana\\\/#breadcrumb\"},\"inLanguage\":\"es\",\"potentialAction\":[{\"@type\":\"ReadAction\",\"target\":[\"https:\\\/\\\/centrourbano.com\\\/revista\\\/saladeprensa\\\/inaugura-infonavit-5o-foro-internacional-de-vivienda-sustentable-vivienda-social-intraurbana\\\/\"]}]},{\"@type\":\"BreadcrumbList\",\"@id\":\"https:\\\/\\\/centrourbano.com\\\/revista\\\/saladeprensa\\\/inaugura-infonavit-5o-foro-internacional-de-vivienda-sustentable-vivienda-social-intraurbana\\\/#breadcrumb\",\"itemListElement\":[{\"@type\":\"ListItem\",\"position\":1,\"name\":\"Portada\",\"item\":\"https:\\\/\\\/centrourbano.com\\\/revista\\\/\"},{\"@type\":\"ListItem\",\"position\":2,\"name\":\"Inaugura Infonavit 5\u00ba Foro Internacional de Vivienda Sustentable. Vivienda Social Intraurbana.\"}]},{\"@type\":\"WebSite\",\"@id\":\"https:\\\/\\\/centrourbano.com\\\/revista\\\/#website\",\"url\":\"https:\\\/\\\/centrourbano.com\\\/revista\\\/\",\"name\":\"Centro Urbano\",\"description\":\"Medio especializado en los sectores vivienda, inmobiliario, construcci\u00f3n, arquitectura y urbanismo.\",\"publisher\":{\"@id\":\"https:\\\/\\\/centrourbano.com\\\/revista\\\/#organization\"},\"potentialAction\":[{\"@type\":\"SearchAction\",\"target\":{\"@type\":\"EntryPoint\",\"urlTemplate\":\"https:\\\/\\\/centrourbano.com\\\/revista\\\/?s={search_term_string}\"},\"query-input\":{\"@type\":\"PropertyValueSpecification\",\"valueRequired\":true,\"valueName\":\"search_term_string\"}}],\"inLanguage\":\"es\"},{\"@type\":\"Organization\",\"@id\":\"https:\\\/\\\/centrourbano.com\\\/revista\\\/#organization\",\"name\":\"Centro Urbano\",\"url\":\"https:\\\/\\\/centrourbano.com\\\/revista\\\/\",\"logo\":{\"@type\":\"ImageObject\",\"inLanguage\":\"es\",\"@id\":\"https:\\\/\\\/centrourbano.com\\\/revista\\\/#\\\/schema\\\/logo\\\/image\\\/\",\"url\":\"https:\\\/\\\/centrourbano.com\\\/revista\\\/wp-content\\\/uploads\\\/web_CU_logo-1.png\",\"contentUrl\":\"https:\\\/\\\/centrourbano.com\\\/revista\\\/wp-content\\\/uploads\\\/web_CU_logo-1.png\",\"width\":350,\"height\":91,\"caption\":\"Centro Urbano\"},\"image\":{\"@id\":\"https:\\\/\\\/centrourbano.com\\\/revista\\\/#\\\/schema\\\/logo\\\/image\\\/\"},\"sameAs\":[\"https:\\\/\\\/www.facebook.com\\\/portalcentrourbano\",\"https:\\\/\\\/x.com\\\/CentroUrbano\",\"https:\\\/\\\/www.instagram.com\\\/centro_urbano\\\/\",\"https:\\\/\\\/www.linkedin.com\\\/company\\\/centro-urbano\\\/\",\"http:\\\/\\\/www.youtube.com\\\/user\\\/portalcentrourbano\"]},{\"@type\":\"Person\",\"@id\":\"https:\\\/\\\/centrourbano.com\\\/revista\\\/#\\\/schema\\\/person\\\/680e7c50f9d6e917e416c9efdc26f996\",\"name\":\"Redacci\u00f3n Centro Urbano\",\"image\":{\"@type\":\"ImageObject\",\"inLanguage\":\"es\",\"@id\":\"https:\\\/\\\/secure.gravatar.com\\\/avatar\\\/15a789f894398c0f311f3a7a2ee28032bbc0483098539da66b6a045aa810bf35?s=96&d=mm&r=g\",\"url\":\"https:\\\/\\\/secure.gravatar.com\\\/avatar\\\/15a789f894398c0f311f3a7a2ee28032bbc0483098539da66b6a045aa810bf35?s=96&d=mm&r=g\",\"contentUrl\":\"https:\\\/\\\/secure.gravatar.com\\\/avatar\\\/15a789f894398c0f311f3a7a2ee28032bbc0483098539da66b6a045aa810bf35?s=96&d=mm&r=g\",\"caption\":\"Redacci\u00f3n Centro Urbano\"},\"url\":\"https:\\\/\\\/centrourbano.com\\\/revista\\\/author\\\/editorial\\\/\"}]}<\/script>\n<!-- \/ Yoast SEO plugin. -->","yoast_head_json":{"title":"Inaugura Infonavit 5\u00ba Foro Internacional de Vivienda Sustentable. Vivienda Social Intraurbana. -","description":"\u2022 Alejandro Murat Hinojosa, Director General del Infonavit, inaugur\u00f3 el \u00a05\u00ba Foro Internacional de Vivienda Sustentable en M\u00e9rida, Yucat\u00e1n. \u2022 Del 25 al 27","robots":{"index":"index","follow":"follow","max-snippet":"max-snippet:-1","max-image-preview":"max-image-preview:large","max-video-preview":"max-video-preview:-1"},"canonical":"https:\/\/centrourbano.com\/revista\/saladeprensa\/inaugura-infonavit-5o-foro-internacional-de-vivienda-sustentable-vivienda-social-intraurbana\/","og_locale":"es_ES","og_type":"article","og_title":"Inaugura Infonavit 5\u00ba Foro Internacional de Vivienda Sustentable. Vivienda Social Intraurbana. -","og_description":"\u2022 Alejandro Murat Hinojosa, Director General del Infonavit, inaugur\u00f3 el \u00a05\u00ba Foro Internacional de Vivienda Sustentable en M\u00e9rida, Yucat\u00e1n. \u2022 Del 25 al 27","og_url":"https:\/\/centrourbano.com\/revista\/saladeprensa\/inaugura-infonavit-5o-foro-internacional-de-vivienda-sustentable-vivienda-social-intraurbana\/","og_site_name":"Centro Urbano","article_publisher":"https:\/\/www.facebook.com\/portalcentrourbano","article_published_time":"2013-11-26T17:05:01+00:00","og_image":[{"width":350,"height":91,"url":"https:\/\/centrourbano.com\/revista\/wp-content\/uploads\/CU-logo.png","type":"image\/png"}],"author":"Redacci\u00f3n Centro Urbano","twitter_card":"summary_large_image","twitter_creator":"@CentroUrbano","twitter_site":"@CentroUrbano","twitter_misc":{"Escrito por":"Redacci\u00f3n Centro Urbano","Tiempo de lectura":"4 minutos"},"schema":{"@context":"https:\/\/schema.org","@graph":[{"@type":"Article","@id":"https:\/\/centrourbano.com\/revista\/saladeprensa\/inaugura-infonavit-5o-foro-internacional-de-vivienda-sustentable-vivienda-social-intraurbana\/#article","isPartOf":{"@id":"https:\/\/centrourbano.com\/revista\/saladeprensa\/inaugura-infonavit-5o-foro-internacional-de-vivienda-sustentable-vivienda-social-intraurbana\/"},"author":{"name":"Redacci\u00f3n Centro Urbano","@id":"https:\/\/centrourbano.com\/revista\/#\/schema\/person\/680e7c50f9d6e917e416c9efdc26f996"},"headline":"Inaugura Infonavit 5\u00ba Foro Internacional de Vivienda Sustentable. Vivienda Social Intraurbana.","datePublished":"2013-11-26T17:05:01+00:00","mainEntityOfPage":{"@id":"https:\/\/centrourbano.com\/revista\/saladeprensa\/inaugura-infonavit-5o-foro-internacional-de-vivienda-sustentable-vivienda-social-intraurbana\/"},"wordCount":745,"commentCount":0,"publisher":{"@id":"https:\/\/centrourbano.com\/revista\/#organization"},"articleSection":["Sala de Prensa"],"inLanguage":"es","potentialAction":[{"@type":"CommentAction","name":"Comment","target":["https:\/\/centrourbano.com\/revista\/saladeprensa\/inaugura-infonavit-5o-foro-internacional-de-vivienda-sustentable-vivienda-social-intraurbana\/#respond"]}]},{"@type":"WebPage","@id":"https:\/\/centrourbano.com\/revista\/saladeprensa\/inaugura-infonavit-5o-foro-internacional-de-vivienda-sustentable-vivienda-social-intraurbana\/","url":"https:\/\/centrourbano.com\/revista\/saladeprensa\/inaugura-infonavit-5o-foro-internacional-de-vivienda-sustentable-vivienda-social-intraurbana\/","name":"Inaugura Infonavit 5\u00ba Foro Internacional de Vivienda Sustentable. Vivienda Social Intraurbana. -","isPartOf":{"@id":"https:\/\/centrourbano.com\/revista\/#website"},"datePublished":"2013-11-26T17:05:01+00:00","description":"\u2022 Alejandro Murat Hinojosa, Director General del Infonavit, inaugur\u00f3 el \u00a05\u00ba Foro Internacional de Vivienda Sustentable en M\u00e9rida, Yucat\u00e1n. \u2022 Del 25 al 27","breadcrumb":{"@id":"https:\/\/centrourbano.com\/revista\/saladeprensa\/inaugura-infonavit-5o-foro-internacional-de-vivienda-sustentable-vivienda-social-intraurbana\/#breadcrumb"},"inLanguage":"es","potentialAction":[{"@type":"ReadAction","target":["https:\/\/centrourbano.com\/revista\/saladeprensa\/inaugura-infonavit-5o-foro-internacional-de-vivienda-sustentable-vivienda-social-intraurbana\/"]}]},{"@type":"BreadcrumbList","@id":"https:\/\/centrourbano.com\/revista\/saladeprensa\/inaugura-infonavit-5o-foro-internacional-de-vivienda-sustentable-vivienda-social-intraurbana\/#breadcrumb","itemListElement":[{"@type":"ListItem","position":1,"name":"Portada","item":"https:\/\/centrourbano.com\/revista\/"},{"@type":"ListItem","position":2,"name":"Inaugura Infonavit 5\u00ba Foro Internacional de Vivienda Sustentable. Vivienda Social Intraurbana."}]},{"@type":"WebSite","@id":"https:\/\/centrourbano.com\/revista\/#website","url":"https:\/\/centrourbano.com\/revista\/","name":"Centro Urbano","description":"Medio especializado en los sectores vivienda, inmobiliario, construcci\u00f3n, arquitectura y urbanismo.","publisher":{"@id":"https:\/\/centrourbano.com\/revista\/#organization"},"potentialAction":[{"@type":"SearchAction","target":{"@type":"EntryPoint","urlTemplate":"https:\/\/centrourbano.com\/revista\/?s={search_term_string}"},"query-input":{"@type":"PropertyValueSpecification","valueRequired":true,"valueName":"search_term_string"}}],"inLanguage":"es"},{"@type":"Organization","@id":"https:\/\/centrourbano.com\/revista\/#organization","name":"Centro Urbano","url":"https:\/\/centrourbano.com\/revista\/","logo":{"@type":"ImageObject","inLanguage":"es","@id":"https:\/\/centrourbano.com\/revista\/#\/schema\/logo\/image\/","url":"https:\/\/centrourbano.com\/revista\/wp-content\/uploads\/web_CU_logo-1.png","contentUrl":"https:\/\/centrourbano.com\/revista\/wp-content\/uploads\/web_CU_logo-1.png","width":350,"height":91,"caption":"Centro Urbano"},"image":{"@id":"https:\/\/centrourbano.com\/revista\/#\/schema\/logo\/image\/"},"sameAs":["https:\/\/www.facebook.com\/portalcentrourbano","https:\/\/x.com\/CentroUrbano","https:\/\/www.instagram.com\/centro_urbano\/","https:\/\/www.linkedin.com\/company\/centro-urbano\/","http:\/\/www.youtube.com\/user\/portalcentrourbano"]},{"@type":"Person","@id":"https:\/\/centrourbano.com\/revista\/#\/schema\/person\/680e7c50f9d6e917e416c9efdc26f996","name":"Redacci\u00f3n Centro Urbano","image":{"@type":"ImageObject","inLanguage":"es","@id":"https:\/\/secure.gravatar.com\/avatar\/15a789f894398c0f311f3a7a2ee28032bbc0483098539da66b6a045aa810bf35?s=96&d=mm&r=g","url":"https:\/\/secure.gravatar.com\/avatar\/15a789f894398c0f311f3a7a2ee28032bbc0483098539da66b6a045aa810bf35?s=96&d=mm&r=g","contentUrl":"https:\/\/secure.gravatar.com\/avatar\/15a789f894398c0f311f3a7a2ee28032bbc0483098539da66b6a045aa810bf35?s=96&d=mm&r=g","caption":"Redacci\u00f3n Centro Urbano"},"url":"https:\/\/centrourbano.com\/revista\/author\/editorial\/"}]}},"_links":{"self":[{"href":"https:\/\/centrourbano.com\/revista\/wp-json\/wp\/v2\/posts\/1227","targetHints":{"allow":["GET"]}}],"collection":[{"href":"https:\/\/centrourbano.com\/revista\/wp-json\/wp\/v2\/posts"}],"about":[{"href":"https:\/\/centrourbano.com\/revista\/wp-json\/wp\/v2\/types\/post"}],"author":[{"embeddable":true,"href":"https:\/\/centrourbano.com\/revista\/wp-json\/wp\/v2\/users\/14"}],"replies":[{"embeddable":true,"href":"https:\/\/centrourbano.com\/revista\/wp-json\/wp\/v2\/comments?post=1227"}],"version-history":[{"count":0,"href":"https:\/\/centrourbano.com\/revista\/wp-json\/wp\/v2\/posts\/1227\/revisions"}],"wp:attachment":[{"href":"https:\/\/centrourbano.com\/revista\/wp-json\/wp\/v2\/media?parent=1227"}],"wp:term":[{"taxonomy":"category","embeddable":true,"href":"https:\/\/centrourbano.com\/revista\/wp-json\/wp\/v2\/categories?post=1227"},{"taxonomy":"post_tag","embeddable":true,"href":"https:\/\/centrourbano.com\/revista\/wp-json\/wp\/v2\/tags?post=1227"}],"curies":[{"name":"wp","href":"https:\/\/api.w.org\/{rel}","templated":true}]}}