{"id":122461,"date":"2021-10-07T12:00:18","date_gmt":"2021-10-07T17:00:18","guid":{"rendered":"https:\/\/centrourbano.com\/?p=122461"},"modified":"2021-10-07T16:21:02","modified_gmt":"2021-10-07T21:21:02","slug":"fundacion-origen-historias-responsabilidad","status":"publish","type":"post","link":"https:\/\/centrourbano.com\/revista\/centro-urbano-home\/fundacion-origen-historias-responsabilidad\/","title":{"rendered":"\u25b6\ufe0f Video | Fundaci\u00f3n Origen \/ Historias de Responsabilidad Social"},"content":{"rendered":"<p>En esta sesi\u00f3n de #HistoriasDeResponsabilidadSocial nos acompa\u00f1a <a href=\"https:\/\/www.facebook.com\/portalcentrourbano\/videos\/614456159683389\/\" target=\"_blank\" rel=\"noopener\">Ma<strong>riana Ba\u00f1os<\/strong><\/a><strong>, <a href=\"https:\/\/www.facebook.com\/portalcentrourbano\/videos\/614456159683389\/\" target=\"_blank\" rel=\"noopener\">Presidenta<\/a> de Fundaci\u00f3n Origen.<\/strong><\/p>\n<p>Fundaci\u00f3n Origen es la instituci\u00f3n pionera y referente a nivel nacional e internacional en la atenci\u00f3n integral, di\u00e1logo y escucha con las mujeres.\u00a0La organizaci\u00f3n destaca por su metodolog\u00edas innovadoras. A trav\u00e9s de este elemento, generan impactos positivos y cambios de valor social en la atenci\u00f3n integral de mujeres que sufren violencia, pobreza o vulnerabilidad.<\/p>\n<p><strong>Fundaci\u00f3n Origen naci\u00f3 en 1999<\/strong>\u00a0por iniciativa de Mariana Ba\u00f1os Reynaud. El objetivo de la iniciativa se centr\u00f3 en crear una plataforma integral de atenci\u00f3n para la mujer y su familia. En especial, la intenci\u00f3n fue ofrecer programas de Desarrollo Humano y Econ\u00f3mico para romper con el c\u00edrculo de la violencia y disminuir la pobreza en nuestro pa\u00eds.<\/p>\n<p style=\"text-align: center;\"><iframe loading=\"lazy\" style=\"border: none; overflow: hidden;\" src=\"https:\/\/www.facebook.com\/plugins\/video.php?height=314&amp;href=https%3A%2F%2Fwww.facebook.com%2Fportalcentrourbano%2Fvideos%2F614456159683389%2F&amp;show_text=false&amp;width=560&amp;t=0\" width=\"560\" height=\"314\" frameborder=\"0\" scrolling=\"no\" allowfullscreen=\"allowfullscreen\"><\/iframe><\/p>\n<p>&nbsp;<\/p>\n<p><strong>En la actualidad, Fundaci\u00f3n Origen ofrece<\/strong>\u00a0una plataforma s\u00f3lida y amplia de servicios para las mujeres; desde la plataforma se promueve \u00abel respeto a la dignidad y derechos como seres humanos\u00bb; esto, adem\u00e1s fortalecer el autoestima de las mujeres, enaltece su capacidad de amar y educar a su familia, a trav\u00e9s del desarrollo humano y desarrollo econ\u00f3mico\u00bb.<\/p>\n<p><strong>\u00abIncidimos<\/strong> en el fortalecimiento del valor de una cultura de paz y equidad, promoviendo con ello el respeto a la dignidad de la mujer y el respeto a sus derechos como seres humanos, en el \u00e1mbito familiar, educativo, laboral y social\u00bb, se\u00f1ala la organizaci\u00f3n.<\/p>\n<p><a href=\"https:\/\/centrourbano.com\/centro-urbano-home\/\" target=\"_blank\" rel=\"noopener\">#CentroUrbanoHome<\/a><\/p>\n","protected":false},"excerpt":{"rendered":"<p>En esta sesi\u00f3n de #HistoriasDeResponsabilidadSocial nos acompa\u00f1a Mariana Ba\u00f1os, Presidenta de Fundaci\u00f3n Origen. Fundaci\u00f3n Origen es la instituci\u00f3n pionera y referente a nivel nacional e internacional en la atenci\u00f3n integral, di\u00e1logo y escucha con las mujeres.\u00a0La organizaci\u00f3n destaca por su metodolog\u00edas innovadoras. A trav\u00e9s de este elemento, generan impactos positivos y cambios de valor social [&hellip;]<\/p>\n","protected":false},"author":47,"featured_media":122463,"comment_status":"open","ping_status":"closed","sticky":false,"template":"","format":"standard","meta":{"om_disable_all_campaigns":false,"inline_featured_image":false,"_monsterinsights_skip_tracking":false,"_monsterinsights_sitenote_active":false,"_monsterinsights_sitenote_note":"","_monsterinsights_sitenote_category":0,"footnotes":""},"categories":[18124,13,20342],"tags":[8478,21066,20191],"class_list":["post-122461","post","type-post","status-publish","format-standard","has-post-thumbnail","hentry","category-centro-urbano-home","category-entrevistas","category-historias-de-responsabilidad-social","tag-fundacion-construyendo-y-creciendo","tag-fundacion-origen","tag-historias-de-responsabilidad-social"],"yoast_head":"<!-- This site is optimized with the Yoast SEO plugin v27.5 - https:\/\/yoast.com\/product\/yoast-seo-wordpress\/ -->\n<title>Fundaci\u00f3n Origen \/ Historias de Responsabilidad Social<\/title>\n<meta name=\"description\" content=\"En esta sesi\u00f3n de #HistoriasDeResponsabilidadSocial nos acompa\u00f1a Mariana Ba\u00f1os, Presidenta de Fundaci\u00f3n Origen. Fundaci\u00f3n Origen \/ Historias..\" \/>\n<meta name=\"robots\" content=\"index, follow, max-snippet:-1, max-image-preview:large, max-video-preview:-1\" \/>\n<link rel=\"canonical\" href=\"https:\/\/centrourbano.com\/revista\/centro-urbano-home\/fundacion-origen-historias-responsabilidad\/\" \/>\n<meta property=\"og:locale\" content=\"es_ES\" \/>\n<meta property=\"og:type\" content=\"article\" \/>\n<meta property=\"og:title\" content=\"Fundaci\u00f3n Origen \/ Historias de Responsabilidad Social\" \/>\n<meta property=\"og:description\" content=\"En esta sesi\u00f3n de #HistoriasDeResponsabilidadSocial nos acompa\u00f1a Mariana Ba\u00f1os, Presidenta de Fundaci\u00f3n Origen. Fundaci\u00f3n Origen \/ Historias..\" \/>\n<meta property=\"og:url\" content=\"https:\/\/centrourbano.com\/revista\/centro-urbano-home\/fundacion-origen-historias-responsabilidad\/\" \/>\n<meta property=\"og:site_name\" content=\"Centro Urbano\" \/>\n<meta property=\"article:publisher\" content=\"https:\/\/www.facebook.com\/portalcentrourbano\" \/>\n<meta property=\"article:published_time\" content=\"2021-10-07T17:00:18+00:00\" \/>\n<meta property=\"article:modified_time\" content=\"2021-10-07T21:21:02+00:00\" \/>\n<meta property=\"og:image\" content=\"https:\/\/centrourbano.com\/revista\/wp-content\/uploads\/Fundacion-Origen-Historias-ok-2.jpg\" \/>\n\t<meta property=\"og:image:width\" content=\"800\" \/>\n\t<meta property=\"og:image:height\" content=\"800\" \/>\n\t<meta property=\"og:image:type\" content=\"image\/jpeg\" \/>\n<meta name=\"author\" content=\"Edgar Rosas\" \/>\n<meta name=\"twitter:card\" content=\"summary_large_image\" \/>\n<meta name=\"twitter:creator\" content=\"@https:\/\/twitter.com\/ERosasCU?s=09\" \/>\n<meta name=\"twitter:site\" content=\"@CentroUrbano\" \/>\n<meta name=\"twitter:label1\" content=\"Escrito por\" \/>\n\t<meta name=\"twitter:data1\" content=\"Edgar Rosas\" \/>\n\t<meta name=\"twitter:label2\" content=\"Tiempo de lectura\" \/>\n\t<meta name=\"twitter:data2\" content=\"2 minutos\" \/>\n<script type=\"application\/ld+json\" class=\"yoast-schema-graph\">{\"@context\":\"https:\\\/\\\/schema.org\",\"@graph\":[{\"@type\":\"Article\",\"@id\":\"https:\\\/\\\/centrourbano.com\\\/revista\\\/centro-urbano-home\\\/fundacion-origen-historias-responsabilidad\\\/#article\",\"isPartOf\":{\"@id\":\"https:\\\/\\\/centrourbano.com\\\/revista\\\/centro-urbano-home\\\/fundacion-origen-historias-responsabilidad\\\/\"},\"author\":{\"name\":\"Edgar Rosas\",\"@id\":\"https:\\\/\\\/centrourbano.com\\\/revista\\\/#\\\/schema\\\/person\\\/131fd76fa17f4ca2c25c65a74d97c6b6\"},\"headline\":\"\u25b6\ufe0f Video | Fundaci\u00f3n Origen \\\/ Historias de Responsabilidad Social\",\"datePublished\":\"2021-10-07T17:00:18+00:00\",\"dateModified\":\"2021-10-07T21:21:02+00:00\",\"mainEntityOfPage\":{\"@id\":\"https:\\\/\\\/centrourbano.com\\\/revista\\\/centro-urbano-home\\\/fundacion-origen-historias-responsabilidad\\\/\"},\"wordCount\":262,\"commentCount\":0,\"publisher\":{\"@id\":\"https:\\\/\\\/centrourbano.com\\\/revista\\\/#organization\"},\"image\":{\"@id\":\"https:\\\/\\\/centrourbano.com\\\/revista\\\/centro-urbano-home\\\/fundacion-origen-historias-responsabilidad\\\/#primaryimage\"},\"thumbnailUrl\":\"https:\\\/\\\/centrourbano.com\\\/revista\\\/wp-content\\\/uploads\\\/Fundacion-Origen-Historias-ok-2.jpg\",\"keywords\":[\"Fundaci\u00f3n Construyendo y Creciendo\",\"Fundaci\u00f3n Origen\",\"Historias de Responsabilidad Social\"],\"articleSection\":[\"Centro Urbano Home\",\"Entrevistas\",\"Historias de Responsabilidad Social\"],\"inLanguage\":\"es\",\"potentialAction\":[{\"@type\":\"CommentAction\",\"name\":\"Comment\",\"target\":[\"https:\\\/\\\/centrourbano.com\\\/revista\\\/centro-urbano-home\\\/fundacion-origen-historias-responsabilidad\\\/#respond\"]}]},{\"@type\":\"WebPage\",\"@id\":\"https:\\\/\\\/centrourbano.com\\\/revista\\\/centro-urbano-home\\\/fundacion-origen-historias-responsabilidad\\\/\",\"url\":\"https:\\\/\\\/centrourbano.com\\\/revista\\\/centro-urbano-home\\\/fundacion-origen-historias-responsabilidad\\\/\",\"name\":\"Fundaci\u00f3n Origen \\\/ Historias de Responsabilidad Social\",\"isPartOf\":{\"@id\":\"https:\\\/\\\/centrourbano.com\\\/revista\\\/#website\"},\"primaryImageOfPage\":{\"@id\":\"https:\\\/\\\/centrourbano.com\\\/revista\\\/centro-urbano-home\\\/fundacion-origen-historias-responsabilidad\\\/#primaryimage\"},\"image\":{\"@id\":\"https:\\\/\\\/centrourbano.com\\\/revista\\\/centro-urbano-home\\\/fundacion-origen-historias-responsabilidad\\\/#primaryimage\"},\"thumbnailUrl\":\"https:\\\/\\\/centrourbano.com\\\/revista\\\/wp-content\\\/uploads\\\/Fundacion-Origen-Historias-ok-2.jpg\",\"datePublished\":\"2021-10-07T17:00:18+00:00\",\"dateModified\":\"2021-10-07T21:21:02+00:00\",\"description\":\"En esta sesi\u00f3n de #HistoriasDeResponsabilidadSocial nos acompa\u00f1a Mariana Ba\u00f1os, Presidenta de Fundaci\u00f3n Origen. Fundaci\u00f3n Origen \\\/ Historias..\",\"breadcrumb\":{\"@id\":\"https:\\\/\\\/centrourbano.com\\\/revista\\\/centro-urbano-home\\\/fundacion-origen-historias-responsabilidad\\\/#breadcrumb\"},\"inLanguage\":\"es\",\"potentialAction\":[{\"@type\":\"ReadAction\",\"target\":[\"https:\\\/\\\/centrourbano.com\\\/revista\\\/centro-urbano-home\\\/fundacion-origen-historias-responsabilidad\\\/\"]}]},{\"@type\":\"ImageObject\",\"inLanguage\":\"es\",\"@id\":\"https:\\\/\\\/centrourbano.com\\\/revista\\\/centro-urbano-home\\\/fundacion-origen-historias-responsabilidad\\\/#primaryimage\",\"url\":\"https:\\\/\\\/centrourbano.com\\\/revista\\\/wp-content\\\/uploads\\\/Fundacion-Origen-Historias-ok-2.jpg\",\"contentUrl\":\"https:\\\/\\\/centrourbano.com\\\/revista\\\/wp-content\\\/uploads\\\/Fundacion-Origen-Historias-ok-2.jpg\",\"width\":800,\"height\":800,\"caption\":\"Fundaci\u00f3n Origen - Historias - ok-2\"},{\"@type\":\"BreadcrumbList\",\"@id\":\"https:\\\/\\\/centrourbano.com\\\/revista\\\/centro-urbano-home\\\/fundacion-origen-historias-responsabilidad\\\/#breadcrumb\",\"itemListElement\":[{\"@type\":\"ListItem\",\"position\":1,\"name\":\"Portada\",\"item\":\"https:\\\/\\\/centrourbano.com\\\/revista\\\/\"},{\"@type\":\"ListItem\",\"position\":2,\"name\":\"\u25b6\ufe0f Video | Fundaci\u00f3n Origen \\\/ Historias de Responsabilidad Social\"}]},{\"@type\":\"WebSite\",\"@id\":\"https:\\\/\\\/centrourbano.com\\\/revista\\\/#website\",\"url\":\"https:\\\/\\\/centrourbano.com\\\/revista\\\/\",\"name\":\"Centro Urbano\",\"description\":\"Medio especializado en los sectores vivienda, inmobiliario, construcci\u00f3n, arquitectura y urbanismo.\",\"publisher\":{\"@id\":\"https:\\\/\\\/centrourbano.com\\\/revista\\\/#organization\"},\"potentialAction\":[{\"@type\":\"SearchAction\",\"target\":{\"@type\":\"EntryPoint\",\"urlTemplate\":\"https:\\\/\\\/centrourbano.com\\\/revista\\\/?s={search_term_string}\"},\"query-input\":{\"@type\":\"PropertyValueSpecification\",\"valueRequired\":true,\"valueName\":\"search_term_string\"}}],\"inLanguage\":\"es\"},{\"@type\":\"Organization\",\"@id\":\"https:\\\/\\\/centrourbano.com\\\/revista\\\/#organization\",\"name\":\"Centro Urbano\",\"url\":\"https:\\\/\\\/centrourbano.com\\\/revista\\\/\",\"logo\":{\"@type\":\"ImageObject\",\"inLanguage\":\"es\",\"@id\":\"https:\\\/\\\/centrourbano.com\\\/revista\\\/#\\\/schema\\\/logo\\\/image\\\/\",\"url\":\"https:\\\/\\\/centrourbano.com\\\/revista\\\/wp-content\\\/uploads\\\/web_CU_logo-1.png\",\"contentUrl\":\"https:\\\/\\\/centrourbano.com\\\/revista\\\/wp-content\\\/uploads\\\/web_CU_logo-1.png\",\"width\":350,\"height\":91,\"caption\":\"Centro Urbano\"},\"image\":{\"@id\":\"https:\\\/\\\/centrourbano.com\\\/revista\\\/#\\\/schema\\\/logo\\\/image\\\/\"},\"sameAs\":[\"https:\\\/\\\/www.facebook.com\\\/portalcentrourbano\",\"https:\\\/\\\/x.com\\\/CentroUrbano\",\"https:\\\/\\\/www.instagram.com\\\/centro_urbano\\\/\",\"https:\\\/\\\/www.linkedin.com\\\/company\\\/centro-urbano\\\/\",\"http:\\\/\\\/www.youtube.com\\\/user\\\/portalcentrourbano\"]},{\"@type\":\"Person\",\"@id\":\"https:\\\/\\\/centrourbano.com\\\/revista\\\/#\\\/schema\\\/person\\\/131fd76fa17f4ca2c25c65a74d97c6b6\",\"name\":\"Edgar Rosas\",\"image\":{\"@type\":\"ImageObject\",\"inLanguage\":\"es\",\"@id\":\"https:\\\/\\\/secure.gravatar.com\\\/avatar\\\/94440c4283495211faa5300bf85e80061036b83fced868c3783aa1310b350d9c?s=96&d=mm&r=g\",\"url\":\"https:\\\/\\\/secure.gravatar.com\\\/avatar\\\/94440c4283495211faa5300bf85e80061036b83fced868c3783aa1310b350d9c?s=96&d=mm&r=g\",\"contentUrl\":\"https:\\\/\\\/secure.gravatar.com\\\/avatar\\\/94440c4283495211faa5300bf85e80061036b83fced868c3783aa1310b350d9c?s=96&d=mm&r=g\",\"caption\":\"Edgar Rosas\"},\"description\":\"Editor en Jefe de Centro Urbano. Egresado de la maestr\u00eda en Periodismo Pol\u00edtico de la Escuela de Periodismo Carlos Septi\u00e9n Garc\u00eda (EPCSG). Estudi\u00f3 la licenciatura en Comunicaci\u00f3n en la Universidad Mexicana. Amante de la cr\u00f3nica y el reportaje. Admirador de Vicente Le\u00f1ero y Miguel \u00c1ngel Granados Chapa.\",\"sameAs\":[\"https:\\\/\\\/x.com\\\/https:\\\/\\\/twitter.com\\\/ERosasCU?s=09\"],\"url\":\"https:\\\/\\\/centrourbano.com\\\/revista\\\/author\\\/edgar-rosas\\\/\"}]}<\/script>\n<!-- \/ Yoast SEO plugin. -->","yoast_head_json":{"title":"Fundaci\u00f3n Origen \/ Historias de Responsabilidad Social","description":"En esta sesi\u00f3n de #HistoriasDeResponsabilidadSocial nos acompa\u00f1a Mariana Ba\u00f1os, Presidenta de Fundaci\u00f3n Origen. Fundaci\u00f3n Origen \/ Historias..","robots":{"index":"index","follow":"follow","max-snippet":"max-snippet:-1","max-image-preview":"max-image-preview:large","max-video-preview":"max-video-preview:-1"},"canonical":"https:\/\/centrourbano.com\/revista\/centro-urbano-home\/fundacion-origen-historias-responsabilidad\/","og_locale":"es_ES","og_type":"article","og_title":"Fundaci\u00f3n Origen \/ Historias de Responsabilidad Social","og_description":"En esta sesi\u00f3n de #HistoriasDeResponsabilidadSocial nos acompa\u00f1a Mariana Ba\u00f1os, Presidenta de Fundaci\u00f3n Origen. Fundaci\u00f3n Origen \/ Historias..","og_url":"https:\/\/centrourbano.com\/revista\/centro-urbano-home\/fundacion-origen-historias-responsabilidad\/","og_site_name":"Centro Urbano","article_publisher":"https:\/\/www.facebook.com\/portalcentrourbano","article_published_time":"2021-10-07T17:00:18+00:00","article_modified_time":"2021-10-07T21:21:02+00:00","og_image":[{"width":800,"height":800,"url":"https:\/\/centrourbano.com\/revista\/wp-content\/uploads\/Fundacion-Origen-Historias-ok-2.jpg","type":"image\/jpeg"}],"author":"Edgar Rosas","twitter_card":"summary_large_image","twitter_creator":"@https:\/\/twitter.com\/ERosasCU?s=09","twitter_site":"@CentroUrbano","twitter_misc":{"Escrito por":"Edgar Rosas","Tiempo de lectura":"2 minutos"},"schema":{"@context":"https:\/\/schema.org","@graph":[{"@type":"Article","@id":"https:\/\/centrourbano.com\/revista\/centro-urbano-home\/fundacion-origen-historias-responsabilidad\/#article","isPartOf":{"@id":"https:\/\/centrourbano.com\/revista\/centro-urbano-home\/fundacion-origen-historias-responsabilidad\/"},"author":{"name":"Edgar Rosas","@id":"https:\/\/centrourbano.com\/revista\/#\/schema\/person\/131fd76fa17f4ca2c25c65a74d97c6b6"},"headline":"\u25b6\ufe0f Video | Fundaci\u00f3n Origen \/ Historias de Responsabilidad Social","datePublished":"2021-10-07T17:00:18+00:00","dateModified":"2021-10-07T21:21:02+00:00","mainEntityOfPage":{"@id":"https:\/\/centrourbano.com\/revista\/centro-urbano-home\/fundacion-origen-historias-responsabilidad\/"},"wordCount":262,"commentCount":0,"publisher":{"@id":"https:\/\/centrourbano.com\/revista\/#organization"},"image":{"@id":"https:\/\/centrourbano.com\/revista\/centro-urbano-home\/fundacion-origen-historias-responsabilidad\/#primaryimage"},"thumbnailUrl":"https:\/\/centrourbano.com\/revista\/wp-content\/uploads\/Fundacion-Origen-Historias-ok-2.jpg","keywords":["Fundaci\u00f3n Construyendo y Creciendo","Fundaci\u00f3n Origen","Historias de Responsabilidad Social"],"articleSection":["Centro Urbano Home","Entrevistas","Historias de Responsabilidad Social"],"inLanguage":"es","potentialAction":[{"@type":"CommentAction","name":"Comment","target":["https:\/\/centrourbano.com\/revista\/centro-urbano-home\/fundacion-origen-historias-responsabilidad\/#respond"]}]},{"@type":"WebPage","@id":"https:\/\/centrourbano.com\/revista\/centro-urbano-home\/fundacion-origen-historias-responsabilidad\/","url":"https:\/\/centrourbano.com\/revista\/centro-urbano-home\/fundacion-origen-historias-responsabilidad\/","name":"Fundaci\u00f3n Origen \/ Historias de Responsabilidad Social","isPartOf":{"@id":"https:\/\/centrourbano.com\/revista\/#website"},"primaryImageOfPage":{"@id":"https:\/\/centrourbano.com\/revista\/centro-urbano-home\/fundacion-origen-historias-responsabilidad\/#primaryimage"},"image":{"@id":"https:\/\/centrourbano.com\/revista\/centro-urbano-home\/fundacion-origen-historias-responsabilidad\/#primaryimage"},"thumbnailUrl":"https:\/\/centrourbano.com\/revista\/wp-content\/uploads\/Fundacion-Origen-Historias-ok-2.jpg","datePublished":"2021-10-07T17:00:18+00:00","dateModified":"2021-10-07T21:21:02+00:00","description":"En esta sesi\u00f3n de #HistoriasDeResponsabilidadSocial nos acompa\u00f1a Mariana Ba\u00f1os, Presidenta de Fundaci\u00f3n Origen. Fundaci\u00f3n Origen \/ Historias..","breadcrumb":{"@id":"https:\/\/centrourbano.com\/revista\/centro-urbano-home\/fundacion-origen-historias-responsabilidad\/#breadcrumb"},"inLanguage":"es","potentialAction":[{"@type":"ReadAction","target":["https:\/\/centrourbano.com\/revista\/centro-urbano-home\/fundacion-origen-historias-responsabilidad\/"]}]},{"@type":"ImageObject","inLanguage":"es","@id":"https:\/\/centrourbano.com\/revista\/centro-urbano-home\/fundacion-origen-historias-responsabilidad\/#primaryimage","url":"https:\/\/centrourbano.com\/revista\/wp-content\/uploads\/Fundacion-Origen-Historias-ok-2.jpg","contentUrl":"https:\/\/centrourbano.com\/revista\/wp-content\/uploads\/Fundacion-Origen-Historias-ok-2.jpg","width":800,"height":800,"caption":"Fundaci\u00f3n Origen - Historias - ok-2"},{"@type":"BreadcrumbList","@id":"https:\/\/centrourbano.com\/revista\/centro-urbano-home\/fundacion-origen-historias-responsabilidad\/#breadcrumb","itemListElement":[{"@type":"ListItem","position":1,"name":"Portada","item":"https:\/\/centrourbano.com\/revista\/"},{"@type":"ListItem","position":2,"name":"\u25b6\ufe0f Video | Fundaci\u00f3n Origen \/ Historias de Responsabilidad Social"}]},{"@type":"WebSite","@id":"https:\/\/centrourbano.com\/revista\/#website","url":"https:\/\/centrourbano.com\/revista\/","name":"Centro Urbano","description":"Medio especializado en los sectores vivienda, inmobiliario, construcci\u00f3n, arquitectura y urbanismo.","publisher":{"@id":"https:\/\/centrourbano.com\/revista\/#organization"},"potentialAction":[{"@type":"SearchAction","target":{"@type":"EntryPoint","urlTemplate":"https:\/\/centrourbano.com\/revista\/?s={search_term_string}"},"query-input":{"@type":"PropertyValueSpecification","valueRequired":true,"valueName":"search_term_string"}}],"inLanguage":"es"},{"@type":"Organization","@id":"https:\/\/centrourbano.com\/revista\/#organization","name":"Centro Urbano","url":"https:\/\/centrourbano.com\/revista\/","logo":{"@type":"ImageObject","inLanguage":"es","@id":"https:\/\/centrourbano.com\/revista\/#\/schema\/logo\/image\/","url":"https:\/\/centrourbano.com\/revista\/wp-content\/uploads\/web_CU_logo-1.png","contentUrl":"https:\/\/centrourbano.com\/revista\/wp-content\/uploads\/web_CU_logo-1.png","width":350,"height":91,"caption":"Centro Urbano"},"image":{"@id":"https:\/\/centrourbano.com\/revista\/#\/schema\/logo\/image\/"},"sameAs":["https:\/\/www.facebook.com\/portalcentrourbano","https:\/\/x.com\/CentroUrbano","https:\/\/www.instagram.com\/centro_urbano\/","https:\/\/www.linkedin.com\/company\/centro-urbano\/","http:\/\/www.youtube.com\/user\/portalcentrourbano"]},{"@type":"Person","@id":"https:\/\/centrourbano.com\/revista\/#\/schema\/person\/131fd76fa17f4ca2c25c65a74d97c6b6","name":"Edgar Rosas","image":{"@type":"ImageObject","inLanguage":"es","@id":"https:\/\/secure.gravatar.com\/avatar\/94440c4283495211faa5300bf85e80061036b83fced868c3783aa1310b350d9c?s=96&d=mm&r=g","url":"https:\/\/secure.gravatar.com\/avatar\/94440c4283495211faa5300bf85e80061036b83fced868c3783aa1310b350d9c?s=96&d=mm&r=g","contentUrl":"https:\/\/secure.gravatar.com\/avatar\/94440c4283495211faa5300bf85e80061036b83fced868c3783aa1310b350d9c?s=96&d=mm&r=g","caption":"Edgar Rosas"},"description":"Editor en Jefe de Centro Urbano. Egresado de la maestr\u00eda en Periodismo Pol\u00edtico de la Escuela de Periodismo Carlos Septi\u00e9n Garc\u00eda (EPCSG). Estudi\u00f3 la licenciatura en Comunicaci\u00f3n en la Universidad Mexicana. Amante de la cr\u00f3nica y el reportaje. Admirador de Vicente Le\u00f1ero y Miguel \u00c1ngel Granados Chapa.","sameAs":["https:\/\/x.com\/https:\/\/twitter.com\/ERosasCU?s=09"],"url":"https:\/\/centrourbano.com\/revista\/author\/edgar-rosas\/"}]}},"_links":{"self":[{"href":"https:\/\/centrourbano.com\/revista\/wp-json\/wp\/v2\/posts\/122461","targetHints":{"allow":["GET"]}}],"collection":[{"href":"https:\/\/centrourbano.com\/revista\/wp-json\/wp\/v2\/posts"}],"about":[{"href":"https:\/\/centrourbano.com\/revista\/wp-json\/wp\/v2\/types\/post"}],"author":[{"embeddable":true,"href":"https:\/\/centrourbano.com\/revista\/wp-json\/wp\/v2\/users\/47"}],"replies":[{"embeddable":true,"href":"https:\/\/centrourbano.com\/revista\/wp-json\/wp\/v2\/comments?post=122461"}],"version-history":[{"count":1,"href":"https:\/\/centrourbano.com\/revista\/wp-json\/wp\/v2\/posts\/122461\/revisions"}],"predecessor-version":[{"id":122467,"href":"https:\/\/centrourbano.com\/revista\/wp-json\/wp\/v2\/posts\/122461\/revisions\/122467"}],"wp:featuredmedia":[{"embeddable":true,"href":"https:\/\/centrourbano.com\/revista\/wp-json\/wp\/v2\/media\/122463"}],"wp:attachment":[{"href":"https:\/\/centrourbano.com\/revista\/wp-json\/wp\/v2\/media?parent=122461"}],"wp:term":[{"taxonomy":"category","embeddable":true,"href":"https:\/\/centrourbano.com\/revista\/wp-json\/wp\/v2\/categories?post=122461"},{"taxonomy":"post_tag","embeddable":true,"href":"https:\/\/centrourbano.com\/revista\/wp-json\/wp\/v2\/tags?post=122461"}],"curies":[{"name":"wp","href":"https:\/\/api.w.org\/{rel}","templated":true}]}}