{"id":122312,"date":"2021-10-05T08:05:34","date_gmt":"2021-10-05T13:05:34","guid":{"rendered":"https:\/\/centrourbano.com\/?p=122312"},"modified":"2021-10-04T15:58:18","modified_gmt":"2021-10-04T20:58:18","slug":"ciudades-deben-cambiar-esquemas-de-planificacion-y-movilidad-unam","status":"publish","type":"post","link":"https:\/\/centrourbano.com\/revista\/urbanismo\/ciudades-deben-cambiar-esquemas-de-planificacion-y-movilidad-unam\/","title":{"rendered":"Ciudades deben cambiar sus esquemas de planificaci\u00f3n y movilidad: UNAM"},"content":{"rendered":"<p><em>M\u00e1s de 55% de la poblaci\u00f3n mundial vive en ciudades, las cuales emiten m\u00e1s de 70% de los gases de efecto invernadero globales<!--more--><\/em><\/p>\n<p>En el marco del D\u00eda Mundial del H\u00e1bitat, especialistas de la Universidad Nacional Aut\u00f3noma de M\u00e9xico (<a href=\"https:\/\/www.unam.mx\/\">UNAM<\/a>), se\u00f1alaron que todas las ciudades al rededor del mundo deben revolucionar sus estrategias de planificaci\u00f3n y movilidad urbana para reducir las emisiones de CO2 y mejoras la calidad de vida de los ciudadanos.<\/p>\n<p>En este sentido, Alejandra Alvarado Zink, especialista en medio ambiente de la Direcci\u00f3n General de Divulgaci\u00f3n de la Ciencia de la UNAM, destac\u00f3 que m\u00e1s del 55% de la poblaci\u00f3n mundial vive en ciudades, las cuales emiten m\u00e1s de <a href=\"https:\/\/centrourbano.com\/2021\/09\/20\/ciudades-generan-mas-del-70-de-la-contaminacion-global-unam\/\">70% de los gases de efecto invernadero<\/a> globales, por lo que es necesario reflexionar c\u00f3mo se pueden mejorar o perfeccionar estos lugares.<\/p>\n<p>Asimismo, la acad\u00e9mica se\u00f1al\u00f3 que, actualmente, la ONU busca crear conciencia de que las ciudades se deben planear de mejor forma, ya que el crecimiento de la poblaci\u00f3n urbana es constante a consecuencia de la migraci\u00f3n de personas que buscan encontrar una mejor vida en las urbes.<\/p>\n<blockquote><p><em><strong>\u201c<\/strong>Se necesita una revoluci\u00f3n en la planificaci\u00f3n y en la movilidad urbana, mejor eficiencia de combustibles, veh\u00edculos cero emisiones; cambios de h\u00e1bitos como caminar, mayor uso de la bicicleta, transporte p\u00fablico o desplazamientos cortos. Las ciudades se beneficiar\u00e1n m\u00e1s de la eliminaci\u00f3n gradual del carb\u00f3n: aire limpio, espacios verdes abiertos y gente m\u00e1s sana<strong>\u201d<\/strong><\/em>, asegur\u00f3 Alvarado Zink<\/p><\/blockquote>\n<h2>Se debe mejorar el h\u00e1bitat de las personas<\/h2>\n<p>Por otro lado, la maestra en Ciencias por la Universidad de Nuevo M\u00e9xico indic\u00f3 que debe ser prioridad para los gobiernos revalorar el h\u00e1bitat en donde se desarrollan las personas, el cual, dijo, en el caso del ser humano son m\u00faltiples los ecosistemas en los que habita, pero especialmente prospera en bosques templados o cerca de cuerpos de agua, como es el caso de la Ciudad de M\u00e9xico.<\/p>\n<p>En ese tenor, explic\u00f3 que, de acuerdo con diversos estudios impulsados por la Organizaci\u00f3n Mundial de la Salud, un sitio con mayor biodiversidad ofrece mejor calidad de vida a sus habitantes, por lo que es necesario pensar a largo plazo e incorporar tecnolog\u00edas que reduzcan las emisiones de CO2 y fortalecer las \u00e1reas verdes.<\/p>\n<p>Finalmente, Alejandra Alvarado Zink afirm\u00f3 que s\u00ed es posible que los habitantes de las urbes puedan contribuir a tener mayor calidad de vida y reducir los efectos del cambio clim\u00e1tico, al aprovechar mejor los recursos, apoyar el desarrollo de techos verdes, colocar macetas con flores, contribuir a la reforestaci\u00f3n en sitios p\u00fablico y, sobre todo, al no desperdiciar el agua.<\/p>\n","protected":false},"excerpt":{"rendered":"<p>M\u00e1s de 55% de la poblaci\u00f3n mundial vive en ciudades, las cuales emiten m\u00e1s de 70% de los gases de efecto invernadero globales<\/p>\n","protected":false},"author":78,"featured_media":122313,"comment_status":"open","ping_status":"closed","sticky":false,"template":"","format":"standard","meta":{"om_disable_all_campaigns":false,"inline_featured_image":false,"_monsterinsights_skip_tracking":false,"_monsterinsights_sitenote_active":false,"_monsterinsights_sitenote_note":"","_monsterinsights_sitenote_category":0,"footnotes":""},"categories":[82],"tags":[12209,211,8615,2215,244],"class_list":["post-122312","post","type-post","status-publish","format-standard","has-post-thumbnail","hentry","category-urbanismo","tag-calentamiento-global","tag-ciudades","tag-dia-mundial-del-habitat","tag-onu","tag-unam"],"yoast_head":"<!-- This site is optimized with the Yoast SEO plugin v27.5 - https:\/\/yoast.com\/product\/yoast-seo-wordpress\/ -->\n<title>Ciudades deben cambiar esquemas de planificaci\u00f3n y movilidad: UNAM<\/title>\n<meta name=\"description\" content=\"M\u00e1s de 55% de la poblaci\u00f3n mundial vive en ciudades, las cuales emiten m\u00e1s de 70% de los gases de efecto invernadero globales.\" \/>\n<meta name=\"robots\" content=\"index, follow, max-snippet:-1, max-image-preview:large, max-video-preview:-1\" \/>\n<link rel=\"canonical\" href=\"https:\/\/centrourbano.com\/revista\/urbanismo\/ciudades-deben-cambiar-esquemas-de-planificacion-y-movilidad-unam\/\" \/>\n<meta property=\"og:locale\" content=\"es_ES\" \/>\n<meta property=\"og:type\" content=\"article\" \/>\n<meta property=\"og:title\" content=\"Ciudades deben cambiar esquemas de planificaci\u00f3n y movilidad: UNAM\" \/>\n<meta property=\"og:description\" content=\"M\u00e1s de 55% de la poblaci\u00f3n mundial vive en ciudades, las cuales emiten m\u00e1s de 70% de los gases de efecto invernadero globales.\" \/>\n<meta property=\"og:url\" content=\"https:\/\/centrourbano.com\/revista\/urbanismo\/ciudades-deben-cambiar-esquemas-de-planificacion-y-movilidad-unam\/\" \/>\n<meta property=\"og:site_name\" content=\"Centro Urbano\" \/>\n<meta property=\"article:publisher\" content=\"https:\/\/www.facebook.com\/portalcentrourbano\" \/>\n<meta property=\"article:published_time\" content=\"2021-10-05T13:05:34+00:00\" \/>\n<meta property=\"og:image\" content=\"https:\/\/centrourbano.com\/revista\/wp-content\/uploads\/pexels-sergio-souza-9735950-e1633377545168.jpg\" \/>\n\t<meta property=\"og:image:width\" content=\"634\" \/>\n\t<meta property=\"og:image:height\" content=\"642\" \/>\n\t<meta property=\"og:image:type\" content=\"image\/jpeg\" \/>\n<meta name=\"author\" content=\"Aar\u00f3n Ram\u00edrez\" \/>\n<meta name=\"twitter:card\" content=\"summary_large_image\" \/>\n<meta name=\"twitter:creator\" content=\"@CentroUrbano\" \/>\n<meta name=\"twitter:site\" content=\"@CentroUrbano\" \/>\n<meta name=\"twitter:label1\" content=\"Escrito por\" \/>\n\t<meta name=\"twitter:data1\" content=\"Aar\u00f3n Ram\u00edrez\" \/>\n\t<meta name=\"twitter:label2\" content=\"Tiempo de lectura\" \/>\n\t<meta name=\"twitter:data2\" content=\"2 minutos\" \/>\n<script type=\"application\/ld+json\" class=\"yoast-schema-graph\">{\"@context\":\"https:\\\/\\\/schema.org\",\"@graph\":[{\"@type\":\"Article\",\"@id\":\"https:\\\/\\\/centrourbano.com\\\/revista\\\/urbanismo\\\/ciudades-deben-cambiar-esquemas-de-planificacion-y-movilidad-unam\\\/#article\",\"isPartOf\":{\"@id\":\"https:\\\/\\\/centrourbano.com\\\/revista\\\/urbanismo\\\/ciudades-deben-cambiar-esquemas-de-planificacion-y-movilidad-unam\\\/\"},\"author\":{\"name\":\"Aar\u00f3n Ram\u00edrez\",\"@id\":\"https:\\\/\\\/centrourbano.com\\\/revista\\\/#\\\/schema\\\/person\\\/207bdd416403fb71861b6cbfa8216b95\"},\"headline\":\"Ciudades deben cambiar sus esquemas de planificaci\u00f3n y movilidad: UNAM\",\"datePublished\":\"2021-10-05T13:05:34+00:00\",\"mainEntityOfPage\":{\"@id\":\"https:\\\/\\\/centrourbano.com\\\/revista\\\/urbanismo\\\/ciudades-deben-cambiar-esquemas-de-planificacion-y-movilidad-unam\\\/\"},\"wordCount\":474,\"commentCount\":0,\"publisher\":{\"@id\":\"https:\\\/\\\/centrourbano.com\\\/revista\\\/#organization\"},\"image\":{\"@id\":\"https:\\\/\\\/centrourbano.com\\\/revista\\\/urbanismo\\\/ciudades-deben-cambiar-esquemas-de-planificacion-y-movilidad-unam\\\/#primaryimage\"},\"thumbnailUrl\":\"https:\\\/\\\/centrourbano.com\\\/revista\\\/wp-content\\\/uploads\\\/pexels-sergio-souza-9735950-e1633377545168.jpg\",\"keywords\":[\"calentamiento global\",\"ciudades\",\"D\u00eda Mundial del Habitat\",\"ONU\",\"UNAM\"],\"articleSection\":[\"Urbanismo\"],\"inLanguage\":\"es\",\"potentialAction\":[{\"@type\":\"CommentAction\",\"name\":\"Comment\",\"target\":[\"https:\\\/\\\/centrourbano.com\\\/revista\\\/urbanismo\\\/ciudades-deben-cambiar-esquemas-de-planificacion-y-movilidad-unam\\\/#respond\"]}]},{\"@type\":\"WebPage\",\"@id\":\"https:\\\/\\\/centrourbano.com\\\/revista\\\/urbanismo\\\/ciudades-deben-cambiar-esquemas-de-planificacion-y-movilidad-unam\\\/\",\"url\":\"https:\\\/\\\/centrourbano.com\\\/revista\\\/urbanismo\\\/ciudades-deben-cambiar-esquemas-de-planificacion-y-movilidad-unam\\\/\",\"name\":\"Ciudades deben cambiar esquemas de planificaci\u00f3n y movilidad: UNAM\",\"isPartOf\":{\"@id\":\"https:\\\/\\\/centrourbano.com\\\/revista\\\/#website\"},\"primaryImageOfPage\":{\"@id\":\"https:\\\/\\\/centrourbano.com\\\/revista\\\/urbanismo\\\/ciudades-deben-cambiar-esquemas-de-planificacion-y-movilidad-unam\\\/#primaryimage\"},\"image\":{\"@id\":\"https:\\\/\\\/centrourbano.com\\\/revista\\\/urbanismo\\\/ciudades-deben-cambiar-esquemas-de-planificacion-y-movilidad-unam\\\/#primaryimage\"},\"thumbnailUrl\":\"https:\\\/\\\/centrourbano.com\\\/revista\\\/wp-content\\\/uploads\\\/pexels-sergio-souza-9735950-e1633377545168.jpg\",\"datePublished\":\"2021-10-05T13:05:34+00:00\",\"description\":\"M\u00e1s de 55% de la poblaci\u00f3n mundial vive en ciudades, las cuales emiten m\u00e1s de 70% de los gases de efecto invernadero globales.\",\"breadcrumb\":{\"@id\":\"https:\\\/\\\/centrourbano.com\\\/revista\\\/urbanismo\\\/ciudades-deben-cambiar-esquemas-de-planificacion-y-movilidad-unam\\\/#breadcrumb\"},\"inLanguage\":\"es\",\"potentialAction\":[{\"@type\":\"ReadAction\",\"target\":[\"https:\\\/\\\/centrourbano.com\\\/revista\\\/urbanismo\\\/ciudades-deben-cambiar-esquemas-de-planificacion-y-movilidad-unam\\\/\"]}]},{\"@type\":\"ImageObject\",\"inLanguage\":\"es\",\"@id\":\"https:\\\/\\\/centrourbano.com\\\/revista\\\/urbanismo\\\/ciudades-deben-cambiar-esquemas-de-planificacion-y-movilidad-unam\\\/#primaryimage\",\"url\":\"https:\\\/\\\/centrourbano.com\\\/revista\\\/wp-content\\\/uploads\\\/pexels-sergio-souza-9735950-e1633377545168.jpg\",\"contentUrl\":\"https:\\\/\\\/centrourbano.com\\\/revista\\\/wp-content\\\/uploads\\\/pexels-sergio-souza-9735950-e1633377545168.jpg\",\"width\":634,\"height\":642,\"caption\":\"Ciudades deben cambiar sus esquemas planificaci\u00f3n y movilidad: UNAM\"},{\"@type\":\"BreadcrumbList\",\"@id\":\"https:\\\/\\\/centrourbano.com\\\/revista\\\/urbanismo\\\/ciudades-deben-cambiar-esquemas-de-planificacion-y-movilidad-unam\\\/#breadcrumb\",\"itemListElement\":[{\"@type\":\"ListItem\",\"position\":1,\"name\":\"Portada\",\"item\":\"https:\\\/\\\/centrourbano.com\\\/revista\\\/\"},{\"@type\":\"ListItem\",\"position\":2,\"name\":\"Ciudades deben cambiar sus esquemas de planificaci\u00f3n y movilidad: UNAM\"}]},{\"@type\":\"WebSite\",\"@id\":\"https:\\\/\\\/centrourbano.com\\\/revista\\\/#website\",\"url\":\"https:\\\/\\\/centrourbano.com\\\/revista\\\/\",\"name\":\"Centro Urbano\",\"description\":\"Medio especializado en los sectores vivienda, inmobiliario, construcci\u00f3n, arquitectura y urbanismo.\",\"publisher\":{\"@id\":\"https:\\\/\\\/centrourbano.com\\\/revista\\\/#organization\"},\"potentialAction\":[{\"@type\":\"SearchAction\",\"target\":{\"@type\":\"EntryPoint\",\"urlTemplate\":\"https:\\\/\\\/centrourbano.com\\\/revista\\\/?s={search_term_string}\"},\"query-input\":{\"@type\":\"PropertyValueSpecification\",\"valueRequired\":true,\"valueName\":\"search_term_string\"}}],\"inLanguage\":\"es\"},{\"@type\":\"Organization\",\"@id\":\"https:\\\/\\\/centrourbano.com\\\/revista\\\/#organization\",\"name\":\"Centro Urbano\",\"url\":\"https:\\\/\\\/centrourbano.com\\\/revista\\\/\",\"logo\":{\"@type\":\"ImageObject\",\"inLanguage\":\"es\",\"@id\":\"https:\\\/\\\/centrourbano.com\\\/revista\\\/#\\\/schema\\\/logo\\\/image\\\/\",\"url\":\"https:\\\/\\\/centrourbano.com\\\/revista\\\/wp-content\\\/uploads\\\/web_CU_logo-1.png\",\"contentUrl\":\"https:\\\/\\\/centrourbano.com\\\/revista\\\/wp-content\\\/uploads\\\/web_CU_logo-1.png\",\"width\":350,\"height\":91,\"caption\":\"Centro Urbano\"},\"image\":{\"@id\":\"https:\\\/\\\/centrourbano.com\\\/revista\\\/#\\\/schema\\\/logo\\\/image\\\/\"},\"sameAs\":[\"https:\\\/\\\/www.facebook.com\\\/portalcentrourbano\",\"https:\\\/\\\/x.com\\\/CentroUrbano\",\"https:\\\/\\\/www.instagram.com\\\/centro_urbano\\\/\",\"https:\\\/\\\/www.linkedin.com\\\/company\\\/centro-urbano\\\/\",\"http:\\\/\\\/www.youtube.com\\\/user\\\/portalcentrourbano\"]},{\"@type\":\"Person\",\"@id\":\"https:\\\/\\\/centrourbano.com\\\/revista\\\/#\\\/schema\\\/person\\\/207bdd416403fb71861b6cbfa8216b95\",\"name\":\"Aar\u00f3n Ram\u00edrez\",\"image\":{\"@type\":\"ImageObject\",\"inLanguage\":\"es\",\"@id\":\"https:\\\/\\\/secure.gravatar.com\\\/avatar\\\/a3abd3e37314905e5256eb67bf9c35ee2bb846a29a2ac87a048db8c78a89b0b9?s=96&d=mm&r=g\",\"url\":\"https:\\\/\\\/secure.gravatar.com\\\/avatar\\\/a3abd3e37314905e5256eb67bf9c35ee2bb846a29a2ac87a048db8c78a89b0b9?s=96&d=mm&r=g\",\"contentUrl\":\"https:\\\/\\\/secure.gravatar.com\\\/avatar\\\/a3abd3e37314905e5256eb67bf9c35ee2bb846a29a2ac87a048db8c78a89b0b9?s=96&d=mm&r=g\",\"caption\":\"Aar\u00f3n Ram\u00edrez\"},\"description\":\"Becario Editorial en Centro Urbano. Soy estudiante de la Licenciatura en Comunicaci\u00f3n por la Facultad de Estudios Superiores (FES) Acatl\u00e1n. Apasionado de la m\u00fasica, el cine y la cultura. Me interesa la creaci\u00f3n de contenidos period\u00edsticos multimedia para diversas plataformas.\",\"url\":\"https:\\\/\\\/centrourbano.com\\\/revista\\\/author\\\/aaron-ramirez\\\/\"}]}<\/script>\n<!-- \/ Yoast SEO plugin. -->","yoast_head_json":{"title":"Ciudades deben cambiar esquemas de planificaci\u00f3n y movilidad: UNAM","description":"M\u00e1s de 55% de la poblaci\u00f3n mundial vive en ciudades, las cuales emiten m\u00e1s de 70% de los gases de efecto invernadero globales.","robots":{"index":"index","follow":"follow","max-snippet":"max-snippet:-1","max-image-preview":"max-image-preview:large","max-video-preview":"max-video-preview:-1"},"canonical":"https:\/\/centrourbano.com\/revista\/urbanismo\/ciudades-deben-cambiar-esquemas-de-planificacion-y-movilidad-unam\/","og_locale":"es_ES","og_type":"article","og_title":"Ciudades deben cambiar esquemas de planificaci\u00f3n y movilidad: UNAM","og_description":"M\u00e1s de 55% de la poblaci\u00f3n mundial vive en ciudades, las cuales emiten m\u00e1s de 70% de los gases de efecto invernadero globales.","og_url":"https:\/\/centrourbano.com\/revista\/urbanismo\/ciudades-deben-cambiar-esquemas-de-planificacion-y-movilidad-unam\/","og_site_name":"Centro Urbano","article_publisher":"https:\/\/www.facebook.com\/portalcentrourbano","article_published_time":"2021-10-05T13:05:34+00:00","og_image":[{"width":634,"height":642,"url":"https:\/\/centrourbano.com\/revista\/wp-content\/uploads\/pexels-sergio-souza-9735950-e1633377545168.jpg","type":"image\/jpeg"}],"author":"Aar\u00f3n Ram\u00edrez","twitter_card":"summary_large_image","twitter_creator":"@CentroUrbano","twitter_site":"@CentroUrbano","twitter_misc":{"Escrito por":"Aar\u00f3n Ram\u00edrez","Tiempo de lectura":"2 minutos"},"schema":{"@context":"https:\/\/schema.org","@graph":[{"@type":"Article","@id":"https:\/\/centrourbano.com\/revista\/urbanismo\/ciudades-deben-cambiar-esquemas-de-planificacion-y-movilidad-unam\/#article","isPartOf":{"@id":"https:\/\/centrourbano.com\/revista\/urbanismo\/ciudades-deben-cambiar-esquemas-de-planificacion-y-movilidad-unam\/"},"author":{"name":"Aar\u00f3n Ram\u00edrez","@id":"https:\/\/centrourbano.com\/revista\/#\/schema\/person\/207bdd416403fb71861b6cbfa8216b95"},"headline":"Ciudades deben cambiar sus esquemas de planificaci\u00f3n y movilidad: UNAM","datePublished":"2021-10-05T13:05:34+00:00","mainEntityOfPage":{"@id":"https:\/\/centrourbano.com\/revista\/urbanismo\/ciudades-deben-cambiar-esquemas-de-planificacion-y-movilidad-unam\/"},"wordCount":474,"commentCount":0,"publisher":{"@id":"https:\/\/centrourbano.com\/revista\/#organization"},"image":{"@id":"https:\/\/centrourbano.com\/revista\/urbanismo\/ciudades-deben-cambiar-esquemas-de-planificacion-y-movilidad-unam\/#primaryimage"},"thumbnailUrl":"https:\/\/centrourbano.com\/revista\/wp-content\/uploads\/pexels-sergio-souza-9735950-e1633377545168.jpg","keywords":["calentamiento global","ciudades","D\u00eda Mundial del Habitat","ONU","UNAM"],"articleSection":["Urbanismo"],"inLanguage":"es","potentialAction":[{"@type":"CommentAction","name":"Comment","target":["https:\/\/centrourbano.com\/revista\/urbanismo\/ciudades-deben-cambiar-esquemas-de-planificacion-y-movilidad-unam\/#respond"]}]},{"@type":"WebPage","@id":"https:\/\/centrourbano.com\/revista\/urbanismo\/ciudades-deben-cambiar-esquemas-de-planificacion-y-movilidad-unam\/","url":"https:\/\/centrourbano.com\/revista\/urbanismo\/ciudades-deben-cambiar-esquemas-de-planificacion-y-movilidad-unam\/","name":"Ciudades deben cambiar esquemas de planificaci\u00f3n y movilidad: UNAM","isPartOf":{"@id":"https:\/\/centrourbano.com\/revista\/#website"},"primaryImageOfPage":{"@id":"https:\/\/centrourbano.com\/revista\/urbanismo\/ciudades-deben-cambiar-esquemas-de-planificacion-y-movilidad-unam\/#primaryimage"},"image":{"@id":"https:\/\/centrourbano.com\/revista\/urbanismo\/ciudades-deben-cambiar-esquemas-de-planificacion-y-movilidad-unam\/#primaryimage"},"thumbnailUrl":"https:\/\/centrourbano.com\/revista\/wp-content\/uploads\/pexels-sergio-souza-9735950-e1633377545168.jpg","datePublished":"2021-10-05T13:05:34+00:00","description":"M\u00e1s de 55% de la poblaci\u00f3n mundial vive en ciudades, las cuales emiten m\u00e1s de 70% de los gases de efecto invernadero globales.","breadcrumb":{"@id":"https:\/\/centrourbano.com\/revista\/urbanismo\/ciudades-deben-cambiar-esquemas-de-planificacion-y-movilidad-unam\/#breadcrumb"},"inLanguage":"es","potentialAction":[{"@type":"ReadAction","target":["https:\/\/centrourbano.com\/revista\/urbanismo\/ciudades-deben-cambiar-esquemas-de-planificacion-y-movilidad-unam\/"]}]},{"@type":"ImageObject","inLanguage":"es","@id":"https:\/\/centrourbano.com\/revista\/urbanismo\/ciudades-deben-cambiar-esquemas-de-planificacion-y-movilidad-unam\/#primaryimage","url":"https:\/\/centrourbano.com\/revista\/wp-content\/uploads\/pexels-sergio-souza-9735950-e1633377545168.jpg","contentUrl":"https:\/\/centrourbano.com\/revista\/wp-content\/uploads\/pexels-sergio-souza-9735950-e1633377545168.jpg","width":634,"height":642,"caption":"Ciudades deben cambiar sus esquemas planificaci\u00f3n y movilidad: UNAM"},{"@type":"BreadcrumbList","@id":"https:\/\/centrourbano.com\/revista\/urbanismo\/ciudades-deben-cambiar-esquemas-de-planificacion-y-movilidad-unam\/#breadcrumb","itemListElement":[{"@type":"ListItem","position":1,"name":"Portada","item":"https:\/\/centrourbano.com\/revista\/"},{"@type":"ListItem","position":2,"name":"Ciudades deben cambiar sus esquemas de planificaci\u00f3n y movilidad: UNAM"}]},{"@type":"WebSite","@id":"https:\/\/centrourbano.com\/revista\/#website","url":"https:\/\/centrourbano.com\/revista\/","name":"Centro Urbano","description":"Medio especializado en los sectores vivienda, inmobiliario, construcci\u00f3n, arquitectura y urbanismo.","publisher":{"@id":"https:\/\/centrourbano.com\/revista\/#organization"},"potentialAction":[{"@type":"SearchAction","target":{"@type":"EntryPoint","urlTemplate":"https:\/\/centrourbano.com\/revista\/?s={search_term_string}"},"query-input":{"@type":"PropertyValueSpecification","valueRequired":true,"valueName":"search_term_string"}}],"inLanguage":"es"},{"@type":"Organization","@id":"https:\/\/centrourbano.com\/revista\/#organization","name":"Centro Urbano","url":"https:\/\/centrourbano.com\/revista\/","logo":{"@type":"ImageObject","inLanguage":"es","@id":"https:\/\/centrourbano.com\/revista\/#\/schema\/logo\/image\/","url":"https:\/\/centrourbano.com\/revista\/wp-content\/uploads\/web_CU_logo-1.png","contentUrl":"https:\/\/centrourbano.com\/revista\/wp-content\/uploads\/web_CU_logo-1.png","width":350,"height":91,"caption":"Centro Urbano"},"image":{"@id":"https:\/\/centrourbano.com\/revista\/#\/schema\/logo\/image\/"},"sameAs":["https:\/\/www.facebook.com\/portalcentrourbano","https:\/\/x.com\/CentroUrbano","https:\/\/www.instagram.com\/centro_urbano\/","https:\/\/www.linkedin.com\/company\/centro-urbano\/","http:\/\/www.youtube.com\/user\/portalcentrourbano"]},{"@type":"Person","@id":"https:\/\/centrourbano.com\/revista\/#\/schema\/person\/207bdd416403fb71861b6cbfa8216b95","name":"Aar\u00f3n Ram\u00edrez","image":{"@type":"ImageObject","inLanguage":"es","@id":"https:\/\/secure.gravatar.com\/avatar\/a3abd3e37314905e5256eb67bf9c35ee2bb846a29a2ac87a048db8c78a89b0b9?s=96&d=mm&r=g","url":"https:\/\/secure.gravatar.com\/avatar\/a3abd3e37314905e5256eb67bf9c35ee2bb846a29a2ac87a048db8c78a89b0b9?s=96&d=mm&r=g","contentUrl":"https:\/\/secure.gravatar.com\/avatar\/a3abd3e37314905e5256eb67bf9c35ee2bb846a29a2ac87a048db8c78a89b0b9?s=96&d=mm&r=g","caption":"Aar\u00f3n Ram\u00edrez"},"description":"Becario Editorial en Centro Urbano. Soy estudiante de la Licenciatura en Comunicaci\u00f3n por la Facultad de Estudios Superiores (FES) Acatl\u00e1n. Apasionado de la m\u00fasica, el cine y la cultura. Me interesa la creaci\u00f3n de contenidos period\u00edsticos multimedia para diversas plataformas.","url":"https:\/\/centrourbano.com\/revista\/author\/aaron-ramirez\/"}]}},"_links":{"self":[{"href":"https:\/\/centrourbano.com\/revista\/wp-json\/wp\/v2\/posts\/122312","targetHints":{"allow":["GET"]}}],"collection":[{"href":"https:\/\/centrourbano.com\/revista\/wp-json\/wp\/v2\/posts"}],"about":[{"href":"https:\/\/centrourbano.com\/revista\/wp-json\/wp\/v2\/types\/post"}],"author":[{"embeddable":true,"href":"https:\/\/centrourbano.com\/revista\/wp-json\/wp\/v2\/users\/78"}],"replies":[{"embeddable":true,"href":"https:\/\/centrourbano.com\/revista\/wp-json\/wp\/v2\/comments?post=122312"}],"version-history":[{"count":6,"href":"https:\/\/centrourbano.com\/revista\/wp-json\/wp\/v2\/posts\/122312\/revisions"}],"predecessor-version":[{"id":122321,"href":"https:\/\/centrourbano.com\/revista\/wp-json\/wp\/v2\/posts\/122312\/revisions\/122321"}],"wp:featuredmedia":[{"embeddable":true,"href":"https:\/\/centrourbano.com\/revista\/wp-json\/wp\/v2\/media\/122313"}],"wp:attachment":[{"href":"https:\/\/centrourbano.com\/revista\/wp-json\/wp\/v2\/media?parent=122312"}],"wp:term":[{"taxonomy":"category","embeddable":true,"href":"https:\/\/centrourbano.com\/revista\/wp-json\/wp\/v2\/categories?post=122312"},{"taxonomy":"post_tag","embeddable":true,"href":"https:\/\/centrourbano.com\/revista\/wp-json\/wp\/v2\/tags?post=122312"}],"curies":[{"name":"wp","href":"https:\/\/api.w.org\/{rel}","templated":true}]}}