{"id":1217,"date":"2013-11-26T10:57:12","date_gmt":"2013-11-26T16:57:12","guid":{"rendered":"http:\/\/centrourbano.com\/?p=1217"},"modified":"2014-03-21T16:27:42","modified_gmt":"2014-03-21T22:27:42","slug":"celebro-canadevi-feria-de-vivienda-en-el-df","status":"publish","type":"post","link":"https:\/\/centrourbano.com\/revista\/vivienda\/celebro-canadevi-feria-de-vivienda-en-el-df\/","title":{"rendered":"Celebr\u00f3 Canadevi Feria de Vivienda en el DF"},"content":{"rendered":"<p>Con \u00e9xito los derechohabientes tuvieron la oportunidad de analizar opciones de vivienda y recibir asesor\u00eda<\/p>\n<p>&nbsp;<\/p>\n<p><!--more--><\/p>\n<p>&nbsp;<\/p>\n<p>La C\u00e1mara Nacional de la Industria y Desarrollo de la Promoci\u00f3n de la Vivienda (Canadevi) Valle de M\u00e9xico llev\u00f3 a cabo la Feria de Vivienda 2013 en la plancha del Z\u00f3calo capitalino donde desarrolladoras y vivienderas presentaron opciones para los trabajadores afiliados.<\/p>\n<p>&nbsp;<\/p>\n<p>Durante los tres d\u00edas de este evento, los expositores mostraron opciones para adquirir vivienda en el Distrito Federal, Estado de M\u00e9xico, Pachuca, Quer\u00e9taro, Veracruz o Tabasco.<\/p>\n<p>&nbsp;<\/p>\n<p>Asimismo se invit\u00f3 a que los reci\u00e9n sorteados del Fondo de Vivienda del Instituto de Seguridad y Servicios Sociales del Estado (Fovissste) optaran por alguna alternativa de vivienda que se estaban ofreciendo durante esta Feria con la finalidad de que utilizar\u00e1n su cr\u00e9dito antes de que venciera el plazo una vez que salieron elegidos en el sorteo.<\/p>\n<p>&nbsp;<\/p>\n<p>Los stands de la Sociedad Hipotecaria Federal (SHF), Fovissste y del Instituto del Fondo Nacional de Vivienda para los Trabajadores (Infonavit) dieron asesor\u00edas a los interesados en obtener su cr\u00e9dito para hacerlo de forma adecuada y aprovechando al m\u00e1ximo su cr\u00e9dito.<\/p>\n<p>&nbsp;<\/p>\n<p>Esta Feria de la Vivienda 2013 cont\u00f3 con la presencia de desarrolladoras como: Casas Ara, Cadu Inmobiliaria, Grupo Sadasi\u00a0 y Quiero Casa, entre otras; quienes brindaron a los acreditados diversas opciones desde casas hasta departamentos de inter\u00e9s social como alternativas en el nivel medio residencial o residencial en diversos estados de la Rep\u00fablica.<\/p>\n<p>&nbsp;<\/p>\n<p>A pesar de la variedad de inmuebles en varias partes de M\u00e9xico, se observ\u00f3 un inter\u00e9s de los asistentes por obtener informaci\u00f3n de viviendas en la ciudad de M\u00e9xico as\u00ed como de la Zona Metropolitana, Pachuca y Quer\u00e9taro.<\/p>\n","protected":false},"excerpt":{"rendered":"<p>Con \u00e9xito los derechohabientes tuvieron la oportunidad de analizar opciones de vivienda y recibir asesor\u00eda &nbsp;<\/p>\n","protected":false},"author":7,"featured_media":16631,"comment_status":"open","ping_status":"closed","sticky":false,"template":"","format":"standard","meta":{"om_disable_all_campaigns":false,"inline_featured_image":false,"_monsterinsights_skip_tracking":false,"_monsterinsights_sitenote_active":false,"_monsterinsights_sitenote_note":"","_monsterinsights_sitenote_category":0,"footnotes":""},"categories":[12],"tags":[409,155,410,60,124],"class_list":["post-1217","post","type-post","status-publish","format-standard","has-post-thumbnail","hentry","category-vivienda","tag-feria","tag-fovissste","tag-sadasi","tag-vivienda-2","tag-zocalo"],"yoast_head":"<!-- This site is optimized with the Yoast SEO plugin v27.4 - https:\/\/yoast.com\/product\/yoast-seo-wordpress\/ -->\n<title>Celebr\u00f3 Canadevi Feria de Vivienda en el DF -<\/title>\n<meta name=\"description\" content=\"Con \u00e9xito los derechohabientes tuvieron la oportunidad de analizar opciones de vivienda y recibir asesor\u00eda &nbsp; &nbsp; La C\u00e1mara Nacional de la\" \/>\n<meta name=\"robots\" content=\"index, follow, max-snippet:-1, max-image-preview:large, max-video-preview:-1\" \/>\n<link rel=\"canonical\" href=\"https:\/\/centrourbano.com\/revista\/vivienda\/celebro-canadevi-feria-de-vivienda-en-el-df\/\" \/>\n<meta property=\"og:locale\" content=\"es_ES\" \/>\n<meta property=\"og:type\" content=\"article\" \/>\n<meta property=\"og:title\" content=\"Celebr\u00f3 Canadevi Feria de Vivienda en el DF -\" \/>\n<meta property=\"og:description\" content=\"Con \u00e9xito los derechohabientes tuvieron la oportunidad de analizar opciones de vivienda y recibir asesor\u00eda &nbsp; &nbsp; La C\u00e1mara Nacional de la\" \/>\n<meta property=\"og:url\" content=\"https:\/\/centrourbano.com\/revista\/vivienda\/celebro-canadevi-feria-de-vivienda-en-el-df\/\" \/>\n<meta property=\"og:site_name\" content=\"Centro Urbano\" \/>\n<meta property=\"article:publisher\" content=\"https:\/\/www.facebook.com\/portalcentrourbano\" \/>\n<meta property=\"article:published_time\" content=\"2013-11-26T16:57:12+00:00\" \/>\n<meta property=\"article:modified_time\" content=\"2014-03-21T22:27:42+00:00\" \/>\n<meta property=\"og:image\" content=\"https:\/\/centrourbano.com\/revista\/wp-content\/uploads\/canadevizocalo1.jpg\" \/>\n\t<meta property=\"og:image:width\" content=\"240\" \/>\n\t<meta property=\"og:image:height\" content=\"200\" \/>\n\t<meta property=\"og:image:type\" content=\"image\/jpeg\" \/>\n<meta name=\"author\" content=\"Yuriko Barrera\" \/>\n<meta name=\"twitter:card\" content=\"summary_large_image\" \/>\n<meta name=\"twitter:creator\" content=\"@CentroUrbano\" \/>\n<meta name=\"twitter:site\" content=\"@CentroUrbano\" \/>\n<meta name=\"twitter:label1\" content=\"Escrito por\" \/>\n\t<meta name=\"twitter:data1\" content=\"Yuriko Barrera\" \/>\n\t<meta name=\"twitter:label2\" content=\"Tiempo de lectura\" \/>\n\t<meta name=\"twitter:data2\" content=\"1 minuto\" \/>\n<script type=\"application\/ld+json\" class=\"yoast-schema-graph\">{\"@context\":\"https:\\\/\\\/schema.org\",\"@graph\":[{\"@type\":\"Article\",\"@id\":\"https:\\\/\\\/centrourbano.com\\\/revista\\\/vivienda\\\/celebro-canadevi-feria-de-vivienda-en-el-df\\\/#article\",\"isPartOf\":{\"@id\":\"https:\\\/\\\/centrourbano.com\\\/revista\\\/vivienda\\\/celebro-canadevi-feria-de-vivienda-en-el-df\\\/\"},\"author\":{\"name\":\"Yuriko Barrera\",\"@id\":\"https:\\\/\\\/centrourbano.com\\\/revista\\\/#\\\/schema\\\/person\\\/c5bbb779a2487874e965890c32543e7c\"},\"headline\":\"Celebr\u00f3 Canadevi Feria de Vivienda en el DF\",\"datePublished\":\"2013-11-26T16:57:12+00:00\",\"dateModified\":\"2014-03-21T22:27:42+00:00\",\"mainEntityOfPage\":{\"@id\":\"https:\\\/\\\/centrourbano.com\\\/revista\\\/vivienda\\\/celebro-canadevi-feria-de-vivienda-en-el-df\\\/\"},\"wordCount\":307,\"commentCount\":0,\"publisher\":{\"@id\":\"https:\\\/\\\/centrourbano.com\\\/revista\\\/#organization\"},\"image\":{\"@id\":\"https:\\\/\\\/centrourbano.com\\\/revista\\\/vivienda\\\/celebro-canadevi-feria-de-vivienda-en-el-df\\\/#primaryimage\"},\"thumbnailUrl\":\"https:\\\/\\\/centrourbano.com\\\/revista\\\/wp-content\\\/uploads\\\/canadevizocalo1.jpg\",\"keywords\":[\"feria\",\"Fovissste\",\"Sadasi\",\"vivienda\",\"Z\u00f3calo\"],\"articleSection\":[\"Vivienda\"],\"inLanguage\":\"es\",\"potentialAction\":[{\"@type\":\"CommentAction\",\"name\":\"Comment\",\"target\":[\"https:\\\/\\\/centrourbano.com\\\/revista\\\/vivienda\\\/celebro-canadevi-feria-de-vivienda-en-el-df\\\/#respond\"]}]},{\"@type\":\"WebPage\",\"@id\":\"https:\\\/\\\/centrourbano.com\\\/revista\\\/vivienda\\\/celebro-canadevi-feria-de-vivienda-en-el-df\\\/\",\"url\":\"https:\\\/\\\/centrourbano.com\\\/revista\\\/vivienda\\\/celebro-canadevi-feria-de-vivienda-en-el-df\\\/\",\"name\":\"Celebr\u00f3 Canadevi Feria de Vivienda en el DF -\",\"isPartOf\":{\"@id\":\"https:\\\/\\\/centrourbano.com\\\/revista\\\/#website\"},\"primaryImageOfPage\":{\"@id\":\"https:\\\/\\\/centrourbano.com\\\/revista\\\/vivienda\\\/celebro-canadevi-feria-de-vivienda-en-el-df\\\/#primaryimage\"},\"image\":{\"@id\":\"https:\\\/\\\/centrourbano.com\\\/revista\\\/vivienda\\\/celebro-canadevi-feria-de-vivienda-en-el-df\\\/#primaryimage\"},\"thumbnailUrl\":\"https:\\\/\\\/centrourbano.com\\\/revista\\\/wp-content\\\/uploads\\\/canadevizocalo1.jpg\",\"datePublished\":\"2013-11-26T16:57:12+00:00\",\"dateModified\":\"2014-03-21T22:27:42+00:00\",\"description\":\"Con \u00e9xito los derechohabientes tuvieron la oportunidad de analizar opciones de vivienda y recibir asesor\u00eda &nbsp; &nbsp; La C\u00e1mara Nacional de la\",\"breadcrumb\":{\"@id\":\"https:\\\/\\\/centrourbano.com\\\/revista\\\/vivienda\\\/celebro-canadevi-feria-de-vivienda-en-el-df\\\/#breadcrumb\"},\"inLanguage\":\"es\",\"potentialAction\":[{\"@type\":\"ReadAction\",\"target\":[\"https:\\\/\\\/centrourbano.com\\\/revista\\\/vivienda\\\/celebro-canadevi-feria-de-vivienda-en-el-df\\\/\"]}]},{\"@type\":\"ImageObject\",\"inLanguage\":\"es\",\"@id\":\"https:\\\/\\\/centrourbano.com\\\/revista\\\/vivienda\\\/celebro-canadevi-feria-de-vivienda-en-el-df\\\/#primaryimage\",\"url\":\"https:\\\/\\\/centrourbano.com\\\/revista\\\/wp-content\\\/uploads\\\/canadevizocalo1.jpg\",\"contentUrl\":\"https:\\\/\\\/centrourbano.com\\\/revista\\\/wp-content\\\/uploads\\\/canadevizocalo1.jpg\",\"width\":240,\"height\":200},{\"@type\":\"BreadcrumbList\",\"@id\":\"https:\\\/\\\/centrourbano.com\\\/revista\\\/vivienda\\\/celebro-canadevi-feria-de-vivienda-en-el-df\\\/#breadcrumb\",\"itemListElement\":[{\"@type\":\"ListItem\",\"position\":1,\"name\":\"Portada\",\"item\":\"https:\\\/\\\/centrourbano.com\\\/revista\\\/\"},{\"@type\":\"ListItem\",\"position\":2,\"name\":\"Celebr\u00f3 Canadevi Feria de Vivienda en el DF\"}]},{\"@type\":\"WebSite\",\"@id\":\"https:\\\/\\\/centrourbano.com\\\/revista\\\/#website\",\"url\":\"https:\\\/\\\/centrourbano.com\\\/revista\\\/\",\"name\":\"Centro Urbano\",\"description\":\"Medio especializado en los sectores vivienda, inmobiliario, construcci\u00f3n, arquitectura y urbanismo.\",\"publisher\":{\"@id\":\"https:\\\/\\\/centrourbano.com\\\/revista\\\/#organization\"},\"potentialAction\":[{\"@type\":\"SearchAction\",\"target\":{\"@type\":\"EntryPoint\",\"urlTemplate\":\"https:\\\/\\\/centrourbano.com\\\/revista\\\/?s={search_term_string}\"},\"query-input\":{\"@type\":\"PropertyValueSpecification\",\"valueRequired\":true,\"valueName\":\"search_term_string\"}}],\"inLanguage\":\"es\"},{\"@type\":\"Organization\",\"@id\":\"https:\\\/\\\/centrourbano.com\\\/revista\\\/#organization\",\"name\":\"Centro Urbano\",\"url\":\"https:\\\/\\\/centrourbano.com\\\/revista\\\/\",\"logo\":{\"@type\":\"ImageObject\",\"inLanguage\":\"es\",\"@id\":\"https:\\\/\\\/centrourbano.com\\\/revista\\\/#\\\/schema\\\/logo\\\/image\\\/\",\"url\":\"https:\\\/\\\/centrourbano.com\\\/revista\\\/wp-content\\\/uploads\\\/web_CU_logo-1.png\",\"contentUrl\":\"https:\\\/\\\/centrourbano.com\\\/revista\\\/wp-content\\\/uploads\\\/web_CU_logo-1.png\",\"width\":350,\"height\":91,\"caption\":\"Centro Urbano\"},\"image\":{\"@id\":\"https:\\\/\\\/centrourbano.com\\\/revista\\\/#\\\/schema\\\/logo\\\/image\\\/\"},\"sameAs\":[\"https:\\\/\\\/www.facebook.com\\\/portalcentrourbano\",\"https:\\\/\\\/x.com\\\/CentroUrbano\",\"https:\\\/\\\/www.instagram.com\\\/centro_urbano\\\/\",\"https:\\\/\\\/www.linkedin.com\\\/company\\\/centro-urbano\\\/\",\"http:\\\/\\\/www.youtube.com\\\/user\\\/portalcentrourbano\"]},{\"@type\":\"Person\",\"@id\":\"https:\\\/\\\/centrourbano.com\\\/revista\\\/#\\\/schema\\\/person\\\/c5bbb779a2487874e965890c32543e7c\",\"name\":\"Yuriko Barrera\",\"image\":{\"@type\":\"ImageObject\",\"inLanguage\":\"es\",\"@id\":\"https:\\\/\\\/secure.gravatar.com\\\/avatar\\\/134d0d2b59080428f5a714c59baa8306f3f3d3a3083bd6efeff035d884a8bf97?s=96&d=mm&r=g\",\"url\":\"https:\\\/\\\/secure.gravatar.com\\\/avatar\\\/134d0d2b59080428f5a714c59baa8306f3f3d3a3083bd6efeff035d884a8bf97?s=96&d=mm&r=g\",\"contentUrl\":\"https:\\\/\\\/secure.gravatar.com\\\/avatar\\\/134d0d2b59080428f5a714c59baa8306f3f3d3a3083bd6efeff035d884a8bf97?s=96&d=mm&r=g\",\"caption\":\"Yuriko Barrera\"},\"description\":\"Egresada de la Facultad de Ciencias Pol\u00edticas y Sociales de la UNAM. Boxeadora, tragona, cocinera y bailadora. Gusto de las m\u00e1scaras t\u00e9tricas, los cuervos, el cine de terror y la m\u00fasica. Escribo en mi blog, Me divierto con lo que hago. Reportera porque amo y twittera porque quiero.\",\"url\":\"https:\\\/\\\/centrourbano.com\\\/revista\\\/author\\\/yuriko-barrera\\\/\"}]}<\/script>\n<!-- \/ Yoast SEO plugin. -->","yoast_head_json":{"title":"Celebr\u00f3 Canadevi Feria de Vivienda en el DF -","description":"Con \u00e9xito los derechohabientes tuvieron la oportunidad de analizar opciones de vivienda y recibir asesor\u00eda &nbsp; &nbsp; La C\u00e1mara Nacional de la","robots":{"index":"index","follow":"follow","max-snippet":"max-snippet:-1","max-image-preview":"max-image-preview:large","max-video-preview":"max-video-preview:-1"},"canonical":"https:\/\/centrourbano.com\/revista\/vivienda\/celebro-canadevi-feria-de-vivienda-en-el-df\/","og_locale":"es_ES","og_type":"article","og_title":"Celebr\u00f3 Canadevi Feria de Vivienda en el DF -","og_description":"Con \u00e9xito los derechohabientes tuvieron la oportunidad de analizar opciones de vivienda y recibir asesor\u00eda &nbsp; &nbsp; La C\u00e1mara Nacional de la","og_url":"https:\/\/centrourbano.com\/revista\/vivienda\/celebro-canadevi-feria-de-vivienda-en-el-df\/","og_site_name":"Centro Urbano","article_publisher":"https:\/\/www.facebook.com\/portalcentrourbano","article_published_time":"2013-11-26T16:57:12+00:00","article_modified_time":"2014-03-21T22:27:42+00:00","og_image":[{"width":240,"height":200,"url":"https:\/\/centrourbano.com\/revista\/wp-content\/uploads\/canadevizocalo1.jpg","type":"image\/jpeg"}],"author":"Yuriko Barrera","twitter_card":"summary_large_image","twitter_creator":"@CentroUrbano","twitter_site":"@CentroUrbano","twitter_misc":{"Escrito por":"Yuriko Barrera","Tiempo de lectura":"1 minuto"},"schema":{"@context":"https:\/\/schema.org","@graph":[{"@type":"Article","@id":"https:\/\/centrourbano.com\/revista\/vivienda\/celebro-canadevi-feria-de-vivienda-en-el-df\/#article","isPartOf":{"@id":"https:\/\/centrourbano.com\/revista\/vivienda\/celebro-canadevi-feria-de-vivienda-en-el-df\/"},"author":{"name":"Yuriko Barrera","@id":"https:\/\/centrourbano.com\/revista\/#\/schema\/person\/c5bbb779a2487874e965890c32543e7c"},"headline":"Celebr\u00f3 Canadevi Feria de Vivienda en el DF","datePublished":"2013-11-26T16:57:12+00:00","dateModified":"2014-03-21T22:27:42+00:00","mainEntityOfPage":{"@id":"https:\/\/centrourbano.com\/revista\/vivienda\/celebro-canadevi-feria-de-vivienda-en-el-df\/"},"wordCount":307,"commentCount":0,"publisher":{"@id":"https:\/\/centrourbano.com\/revista\/#organization"},"image":{"@id":"https:\/\/centrourbano.com\/revista\/vivienda\/celebro-canadevi-feria-de-vivienda-en-el-df\/#primaryimage"},"thumbnailUrl":"https:\/\/centrourbano.com\/revista\/wp-content\/uploads\/canadevizocalo1.jpg","keywords":["feria","Fovissste","Sadasi","vivienda","Z\u00f3calo"],"articleSection":["Vivienda"],"inLanguage":"es","potentialAction":[{"@type":"CommentAction","name":"Comment","target":["https:\/\/centrourbano.com\/revista\/vivienda\/celebro-canadevi-feria-de-vivienda-en-el-df\/#respond"]}]},{"@type":"WebPage","@id":"https:\/\/centrourbano.com\/revista\/vivienda\/celebro-canadevi-feria-de-vivienda-en-el-df\/","url":"https:\/\/centrourbano.com\/revista\/vivienda\/celebro-canadevi-feria-de-vivienda-en-el-df\/","name":"Celebr\u00f3 Canadevi Feria de Vivienda en el DF -","isPartOf":{"@id":"https:\/\/centrourbano.com\/revista\/#website"},"primaryImageOfPage":{"@id":"https:\/\/centrourbano.com\/revista\/vivienda\/celebro-canadevi-feria-de-vivienda-en-el-df\/#primaryimage"},"image":{"@id":"https:\/\/centrourbano.com\/revista\/vivienda\/celebro-canadevi-feria-de-vivienda-en-el-df\/#primaryimage"},"thumbnailUrl":"https:\/\/centrourbano.com\/revista\/wp-content\/uploads\/canadevizocalo1.jpg","datePublished":"2013-11-26T16:57:12+00:00","dateModified":"2014-03-21T22:27:42+00:00","description":"Con \u00e9xito los derechohabientes tuvieron la oportunidad de analizar opciones de vivienda y recibir asesor\u00eda &nbsp; &nbsp; La C\u00e1mara Nacional de la","breadcrumb":{"@id":"https:\/\/centrourbano.com\/revista\/vivienda\/celebro-canadevi-feria-de-vivienda-en-el-df\/#breadcrumb"},"inLanguage":"es","potentialAction":[{"@type":"ReadAction","target":["https:\/\/centrourbano.com\/revista\/vivienda\/celebro-canadevi-feria-de-vivienda-en-el-df\/"]}]},{"@type":"ImageObject","inLanguage":"es","@id":"https:\/\/centrourbano.com\/revista\/vivienda\/celebro-canadevi-feria-de-vivienda-en-el-df\/#primaryimage","url":"https:\/\/centrourbano.com\/revista\/wp-content\/uploads\/canadevizocalo1.jpg","contentUrl":"https:\/\/centrourbano.com\/revista\/wp-content\/uploads\/canadevizocalo1.jpg","width":240,"height":200},{"@type":"BreadcrumbList","@id":"https:\/\/centrourbano.com\/revista\/vivienda\/celebro-canadevi-feria-de-vivienda-en-el-df\/#breadcrumb","itemListElement":[{"@type":"ListItem","position":1,"name":"Portada","item":"https:\/\/centrourbano.com\/revista\/"},{"@type":"ListItem","position":2,"name":"Celebr\u00f3 Canadevi Feria de Vivienda en el DF"}]},{"@type":"WebSite","@id":"https:\/\/centrourbano.com\/revista\/#website","url":"https:\/\/centrourbano.com\/revista\/","name":"Centro Urbano","description":"Medio especializado en los sectores vivienda, inmobiliario, construcci\u00f3n, arquitectura y urbanismo.","publisher":{"@id":"https:\/\/centrourbano.com\/revista\/#organization"},"potentialAction":[{"@type":"SearchAction","target":{"@type":"EntryPoint","urlTemplate":"https:\/\/centrourbano.com\/revista\/?s={search_term_string}"},"query-input":{"@type":"PropertyValueSpecification","valueRequired":true,"valueName":"search_term_string"}}],"inLanguage":"es"},{"@type":"Organization","@id":"https:\/\/centrourbano.com\/revista\/#organization","name":"Centro Urbano","url":"https:\/\/centrourbano.com\/revista\/","logo":{"@type":"ImageObject","inLanguage":"es","@id":"https:\/\/centrourbano.com\/revista\/#\/schema\/logo\/image\/","url":"https:\/\/centrourbano.com\/revista\/wp-content\/uploads\/web_CU_logo-1.png","contentUrl":"https:\/\/centrourbano.com\/revista\/wp-content\/uploads\/web_CU_logo-1.png","width":350,"height":91,"caption":"Centro Urbano"},"image":{"@id":"https:\/\/centrourbano.com\/revista\/#\/schema\/logo\/image\/"},"sameAs":["https:\/\/www.facebook.com\/portalcentrourbano","https:\/\/x.com\/CentroUrbano","https:\/\/www.instagram.com\/centro_urbano\/","https:\/\/www.linkedin.com\/company\/centro-urbano\/","http:\/\/www.youtube.com\/user\/portalcentrourbano"]},{"@type":"Person","@id":"https:\/\/centrourbano.com\/revista\/#\/schema\/person\/c5bbb779a2487874e965890c32543e7c","name":"Yuriko Barrera","image":{"@type":"ImageObject","inLanguage":"es","@id":"https:\/\/secure.gravatar.com\/avatar\/134d0d2b59080428f5a714c59baa8306f3f3d3a3083bd6efeff035d884a8bf97?s=96&d=mm&r=g","url":"https:\/\/secure.gravatar.com\/avatar\/134d0d2b59080428f5a714c59baa8306f3f3d3a3083bd6efeff035d884a8bf97?s=96&d=mm&r=g","contentUrl":"https:\/\/secure.gravatar.com\/avatar\/134d0d2b59080428f5a714c59baa8306f3f3d3a3083bd6efeff035d884a8bf97?s=96&d=mm&r=g","caption":"Yuriko Barrera"},"description":"Egresada de la Facultad de Ciencias Pol\u00edticas y Sociales de la UNAM. Boxeadora, tragona, cocinera y bailadora. Gusto de las m\u00e1scaras t\u00e9tricas, los cuervos, el cine de terror y la m\u00fasica. Escribo en mi blog, Me divierto con lo que hago. Reportera porque amo y twittera porque quiero.","url":"https:\/\/centrourbano.com\/revista\/author\/yuriko-barrera\/"}]}},"_links":{"self":[{"href":"https:\/\/centrourbano.com\/revista\/wp-json\/wp\/v2\/posts\/1217","targetHints":{"allow":["GET"]}}],"collection":[{"href":"https:\/\/centrourbano.com\/revista\/wp-json\/wp\/v2\/posts"}],"about":[{"href":"https:\/\/centrourbano.com\/revista\/wp-json\/wp\/v2\/types\/post"}],"author":[{"embeddable":true,"href":"https:\/\/centrourbano.com\/revista\/wp-json\/wp\/v2\/users\/7"}],"replies":[{"embeddable":true,"href":"https:\/\/centrourbano.com\/revista\/wp-json\/wp\/v2\/comments?post=1217"}],"version-history":[{"count":0,"href":"https:\/\/centrourbano.com\/revista\/wp-json\/wp\/v2\/posts\/1217\/revisions"}],"wp:featuredmedia":[{"embeddable":true,"href":"https:\/\/centrourbano.com\/revista\/wp-json\/wp\/v2\/media\/16631"}],"wp:attachment":[{"href":"https:\/\/centrourbano.com\/revista\/wp-json\/wp\/v2\/media?parent=1217"}],"wp:term":[{"taxonomy":"category","embeddable":true,"href":"https:\/\/centrourbano.com\/revista\/wp-json\/wp\/v2\/categories?post=1217"},{"taxonomy":"post_tag","embeddable":true,"href":"https:\/\/centrourbano.com\/revista\/wp-json\/wp\/v2\/tags?post=1217"}],"curies":[{"name":"wp","href":"https:\/\/api.w.org\/{rel}","templated":true}]}}