{"id":121680,"date":"2021-09-09T08:00:08","date_gmt":"2021-09-09T13:00:08","guid":{"rendered":"https:\/\/centrourbano.com\/?p=121680"},"modified":"2021-09-08T22:02:41","modified_gmt":"2021-09-09T03:02:41","slug":"convocatoria-jardin-escenico","status":"publish","type":"post","link":"https:\/\/centrourbano.com\/revista\/agenda-2\/convocatorias\/convocatoria-jardin-escenico\/","title":{"rendered":"Contin\u00faa abierta la convocatoria para desarrollar Jard\u00edn Esc\u00e9nico"},"content":{"rendered":"<p><em>Los participantes deber\u00e1n proponer una idea paisaj\u00edstica para el Jard\u00edn, que contemple intervenciones encaminadas a revitalizar el entorno existente<\/em><!--more--><\/p>\n<p>La <strong>Secretar\u00eda de Cultura Federal<\/strong>, a trav\u00e9s del <strong>Instituto Nacional de Bellas Artes y Literatura<\/strong> (<a href=\"https:\/\/inba.gob.mx\/\" target=\"_blank\" rel=\"noopener\"><strong>INBAL<\/strong><\/a>), en coordinaci\u00f3n con el <strong>Gobierno de la Ciudad de M\u00e9xico<\/strong> y sus <strong>Secretar\u00edas de Obras y Servicios<\/strong> (<strong>Sobse<\/strong>) y del <strong>Medio Ambiente<\/strong> (<strong>Sedema<\/strong>), recordaron que la <a href=\"https:\/\/centrourbano.com\/2021\/08\/17\/desarrollo-jardin-escenico-chapultepec\/\" target=\"_blank\" rel=\"noopener\">convocatoria<\/a> para participar en el Proyecto<strong> Jard\u00edn Esc\u00e9nico<\/strong>, <strong>Bosque de Chapultepec<\/strong> contin\u00faa abierta.<\/p>\n<p>El <strong>INBAL<\/strong> destac\u00f3 que el <strong>17 de septiembre<\/strong> es la fecha l\u00edmite para que los <strong>equipos multidisciplinarios<\/strong> env\u00eden su solicitud y obtengan las Bases de participaci\u00f3n.<\/p>\n<p>Dichos equipos deber\u00e1n estar integrados de por lo menos <strong>cuatro miembros<\/strong> especializados en algunas de las siguientes \u00e1reas: medio ambiente, arquitectura, iluminaci\u00f3n, dise\u00f1o, artes esc\u00e9nicas, biolog\u00eda, ecolog\u00eda, ingenier\u00eda, dise\u00f1o industrial, estructuras e instalaciones, entre otras. Quienes tendr\u00e1n que presentar una propuesta conceptual sobre el <strong>Jard\u00edn Esc\u00e9nico<\/strong> a m\u00e1s tardar el <strong>22 de octubre de 2021<\/strong>.<\/p>\n<p>Las propuestas deber\u00e1n contemplar una <strong>idea paisaj\u00edstica para el Jard\u00edn<\/strong>, con intervenciones encaminadas a <strong>revitalizar el entorno existente<\/strong>. Adem\u00e1s de integrar los predios ubicados en la zona oriente; entre el Auditorio Nacional, el Centro Cultural del Bosque, la Calzada Chivatito y el Estacionamiento Ecol\u00f3gico.<\/p>\n<p>Posteriormente, el <strong>2 de noviembre<\/strong>, el jurado dar\u00e1 a conocer a los cinco equipos finalistas que participar\u00e1n en la siguiente etapa del concurso.<\/p>\n<p>La siguiente etapa del concurso consiste en la presentaci\u00f3n de un anteproyecto por parte de los equipos seleccionados. La cual deber\u00e1 cumplir con la normatividad vigente y aplicable al <strong>Bosque de Chapultepec<\/strong>, como \u00e1rea de valor ambiental, y con los requerimientos del programa <strong>Jard\u00edn Esc\u00e9nico<\/strong>. <strong>Bosque de Chapultepec<\/strong>: integraci\u00f3n espacial del contexto urbano, cultural y ambiental; uso de materiales amigables con el ambiente y de elementos t\u00e9cnicos de bajo consumo energ\u00e9tico, entre otras caracter\u00edsticas.<\/p>\n<p>La fecha l\u00edmite para recepci\u00f3n de proyectos es el <strong>viernes 28 de enero<\/strong>, a las 17:00 horas; las sesiones de deliberaci\u00f3n por parte del Jurado se realizar\u00e1n entre el <strong>lunes 31 de enero y<\/strong> <strong>el<\/strong> <strong>viernes 4 de febrero de 2022<\/strong>; y, finalmente, el <strong>martes 8 de febrero<\/strong> se dar\u00e1 a conocer al equipo ganador.<\/p>\n","protected":false},"excerpt":{"rendered":"<p>Los participantes deber\u00e1n proponer una idea paisaj\u00edstica para el Jard\u00edn, que contemple intervenciones encaminadas a revitalizar el entorno existente<\/p>\n","protected":false},"author":73,"featured_media":121682,"comment_status":"open","ping_status":"closed","sticky":false,"template":"","format":"standard","meta":{"om_disable_all_campaigns":false,"inline_featured_image":false,"_monsterinsights_skip_tracking":false,"_monsterinsights_sitenote_active":false,"_monsterinsights_sitenote_note":"","_monsterinsights_sitenote_category":0,"footnotes":""},"categories":[81,10612,82],"tags":[1142,956,11286,14916,20907,3462],"class_list":["post-121680","post","type-post","status-publish","format-standard","has-post-thumbnail","hentry","category-arquitectura-2","category-convocatorias","category-urbanismo","tag-bosque-de-chapultepec","tag-convocatoria","tag-gobierno-cdmx","tag-inbal","tag-jardin-escenico","tag-secretaria-de-cultura"],"yoast_head":"<!-- This site is optimized with the Yoast SEO plugin v27.5 - https:\/\/yoast.com\/product\/yoast-seo-wordpress\/ -->\n<title>Contin\u00faa abierta la convocatoria para desarrollar Jard\u00edn Esc\u00e9nico<\/title>\n<meta name=\"description\" content=\"Los participantes deber\u00e1n proponer una idea paisaj\u00edstica para el Jard\u00edn, que contemple intervenciones encaminadas a revitalizar el entorno existente\" \/>\n<meta name=\"robots\" content=\"index, follow, max-snippet:-1, max-image-preview:large, max-video-preview:-1\" \/>\n<link rel=\"canonical\" href=\"https:\/\/centrourbano.com\/revista\/agenda-2\/convocatorias\/convocatoria-jardin-escenico\/\" \/>\n<meta property=\"og:locale\" content=\"es_ES\" \/>\n<meta property=\"og:type\" content=\"article\" \/>\n<meta property=\"og:title\" content=\"Contin\u00faa abierta la convocatoria para desarrollar Jard\u00edn Esc\u00e9nico\" \/>\n<meta property=\"og:description\" content=\"Los participantes deber\u00e1n proponer una idea paisaj\u00edstica para el Jard\u00edn, que contemple intervenciones encaminadas a revitalizar el entorno existente\" \/>\n<meta property=\"og:url\" content=\"https:\/\/centrourbano.com\/revista\/agenda-2\/convocatorias\/convocatoria-jardin-escenico\/\" \/>\n<meta property=\"og:site_name\" content=\"Centro Urbano\" \/>\n<meta property=\"article:publisher\" content=\"https:\/\/www.facebook.com\/portalcentrourbano\" \/>\n<meta property=\"article:published_time\" content=\"2021-09-09T13:00:08+00:00\" \/>\n<meta property=\"og:image\" content=\"https:\/\/centrourbano.com\/revista\/wp-content\/uploads\/Continua-abierta-la-convocatoria-para-desarrollar-Jardin-Escenico.jpg\" \/>\n\t<meta property=\"og:image:width\" content=\"560\" \/>\n\t<meta property=\"og:image:height\" content=\"450\" \/>\n\t<meta property=\"og:image:type\" content=\"image\/jpeg\" \/>\n<meta name=\"author\" content=\"Fernanda Hern\u00e1ndez\" \/>\n<meta name=\"twitter:card\" content=\"summary_large_image\" \/>\n<meta name=\"twitter:creator\" content=\"@https:\/\/twitter.com\/Nannz_Hernandez\" \/>\n<meta name=\"twitter:site\" content=\"@CentroUrbano\" \/>\n<meta name=\"twitter:label1\" content=\"Escrito por\" \/>\n\t<meta name=\"twitter:data1\" content=\"Fernanda Hern\u00e1ndez\" \/>\n\t<meta name=\"twitter:label2\" content=\"Tiempo de lectura\" \/>\n\t<meta name=\"twitter:data2\" content=\"2 minutos\" \/>\n<script type=\"application\/ld+json\" class=\"yoast-schema-graph\">{\"@context\":\"https:\\\/\\\/schema.org\",\"@graph\":[{\"@type\":\"Article\",\"@id\":\"https:\\\/\\\/centrourbano.com\\\/revista\\\/agenda-2\\\/convocatorias\\\/convocatoria-jardin-escenico\\\/#article\",\"isPartOf\":{\"@id\":\"https:\\\/\\\/centrourbano.com\\\/revista\\\/agenda-2\\\/convocatorias\\\/convocatoria-jardin-escenico\\\/\"},\"author\":{\"name\":\"Fernanda Hern\u00e1ndez\",\"@id\":\"https:\\\/\\\/centrourbano.com\\\/revista\\\/#\\\/schema\\\/person\\\/b190b20bbbceb41ec72278c546fa8df3\"},\"headline\":\"Contin\u00faa abierta la convocatoria para desarrollar Jard\u00edn Esc\u00e9nico\",\"datePublished\":\"2021-09-09T13:00:08+00:00\",\"mainEntityOfPage\":{\"@id\":\"https:\\\/\\\/centrourbano.com\\\/revista\\\/agenda-2\\\/convocatorias\\\/convocatoria-jardin-escenico\\\/\"},\"wordCount\":395,\"commentCount\":0,\"publisher\":{\"@id\":\"https:\\\/\\\/centrourbano.com\\\/revista\\\/#organization\"},\"image\":{\"@id\":\"https:\\\/\\\/centrourbano.com\\\/revista\\\/agenda-2\\\/convocatorias\\\/convocatoria-jardin-escenico\\\/#primaryimage\"},\"thumbnailUrl\":\"https:\\\/\\\/centrourbano.com\\\/revista\\\/wp-content\\\/uploads\\\/Continua-abierta-la-convocatoria-para-desarrollar-Jardin-Escenico.jpg\",\"keywords\":[\"bosque de Chapultepec\",\"Convocatoria\",\"Gobierno CDMX\",\"INBAL\",\"Jard\u00edn Esc\u00e9nico\",\"Secretar\u00eda de Cultura\"],\"articleSection\":[\"Arquitectura\",\"Convocatorias\",\"Urbanismo\"],\"inLanguage\":\"es\",\"potentialAction\":[{\"@type\":\"CommentAction\",\"name\":\"Comment\",\"target\":[\"https:\\\/\\\/centrourbano.com\\\/revista\\\/agenda-2\\\/convocatorias\\\/convocatoria-jardin-escenico\\\/#respond\"]}]},{\"@type\":\"WebPage\",\"@id\":\"https:\\\/\\\/centrourbano.com\\\/revista\\\/agenda-2\\\/convocatorias\\\/convocatoria-jardin-escenico\\\/\",\"url\":\"https:\\\/\\\/centrourbano.com\\\/revista\\\/agenda-2\\\/convocatorias\\\/convocatoria-jardin-escenico\\\/\",\"name\":\"Contin\u00faa abierta la convocatoria para desarrollar Jard\u00edn Esc\u00e9nico\",\"isPartOf\":{\"@id\":\"https:\\\/\\\/centrourbano.com\\\/revista\\\/#website\"},\"primaryImageOfPage\":{\"@id\":\"https:\\\/\\\/centrourbano.com\\\/revista\\\/agenda-2\\\/convocatorias\\\/convocatoria-jardin-escenico\\\/#primaryimage\"},\"image\":{\"@id\":\"https:\\\/\\\/centrourbano.com\\\/revista\\\/agenda-2\\\/convocatorias\\\/convocatoria-jardin-escenico\\\/#primaryimage\"},\"thumbnailUrl\":\"https:\\\/\\\/centrourbano.com\\\/revista\\\/wp-content\\\/uploads\\\/Continua-abierta-la-convocatoria-para-desarrollar-Jardin-Escenico.jpg\",\"datePublished\":\"2021-09-09T13:00:08+00:00\",\"description\":\"Los participantes deber\u00e1n proponer una idea paisaj\u00edstica para el Jard\u00edn, que contemple intervenciones encaminadas a revitalizar el entorno existente\",\"breadcrumb\":{\"@id\":\"https:\\\/\\\/centrourbano.com\\\/revista\\\/agenda-2\\\/convocatorias\\\/convocatoria-jardin-escenico\\\/#breadcrumb\"},\"inLanguage\":\"es\",\"potentialAction\":[{\"@type\":\"ReadAction\",\"target\":[\"https:\\\/\\\/centrourbano.com\\\/revista\\\/agenda-2\\\/convocatorias\\\/convocatoria-jardin-escenico\\\/\"]}]},{\"@type\":\"ImageObject\",\"inLanguage\":\"es\",\"@id\":\"https:\\\/\\\/centrourbano.com\\\/revista\\\/agenda-2\\\/convocatorias\\\/convocatoria-jardin-escenico\\\/#primaryimage\",\"url\":\"https:\\\/\\\/centrourbano.com\\\/revista\\\/wp-content\\\/uploads\\\/Continua-abierta-la-convocatoria-para-desarrollar-Jardin-Escenico.jpg\",\"contentUrl\":\"https:\\\/\\\/centrourbano.com\\\/revista\\\/wp-content\\\/uploads\\\/Continua-abierta-la-convocatoria-para-desarrollar-Jardin-Escenico.jpg\",\"width\":560,\"height\":450,\"caption\":\"Los participantes deber\u00e1n proponer una idea paisaj\u00edstica para el Jard\u00edn, que contemple intervenciones encaminadas a revitalizar el entorno existente\"},{\"@type\":\"BreadcrumbList\",\"@id\":\"https:\\\/\\\/centrourbano.com\\\/revista\\\/agenda-2\\\/convocatorias\\\/convocatoria-jardin-escenico\\\/#breadcrumb\",\"itemListElement\":[{\"@type\":\"ListItem\",\"position\":1,\"name\":\"Portada\",\"item\":\"https:\\\/\\\/centrourbano.com\\\/revista\\\/\"},{\"@type\":\"ListItem\",\"position\":2,\"name\":\"Contin\u00faa abierta la convocatoria para desarrollar Jard\u00edn Esc\u00e9nico\"}]},{\"@type\":\"WebSite\",\"@id\":\"https:\\\/\\\/centrourbano.com\\\/revista\\\/#website\",\"url\":\"https:\\\/\\\/centrourbano.com\\\/revista\\\/\",\"name\":\"Centro Urbano\",\"description\":\"Medio especializado en los sectores vivienda, inmobiliario, construcci\u00f3n, arquitectura y urbanismo.\",\"publisher\":{\"@id\":\"https:\\\/\\\/centrourbano.com\\\/revista\\\/#organization\"},\"potentialAction\":[{\"@type\":\"SearchAction\",\"target\":{\"@type\":\"EntryPoint\",\"urlTemplate\":\"https:\\\/\\\/centrourbano.com\\\/revista\\\/?s={search_term_string}\"},\"query-input\":{\"@type\":\"PropertyValueSpecification\",\"valueRequired\":true,\"valueName\":\"search_term_string\"}}],\"inLanguage\":\"es\"},{\"@type\":\"Organization\",\"@id\":\"https:\\\/\\\/centrourbano.com\\\/revista\\\/#organization\",\"name\":\"Centro Urbano\",\"url\":\"https:\\\/\\\/centrourbano.com\\\/revista\\\/\",\"logo\":{\"@type\":\"ImageObject\",\"inLanguage\":\"es\",\"@id\":\"https:\\\/\\\/centrourbano.com\\\/revista\\\/#\\\/schema\\\/logo\\\/image\\\/\",\"url\":\"https:\\\/\\\/centrourbano.com\\\/revista\\\/wp-content\\\/uploads\\\/web_CU_logo-1.png\",\"contentUrl\":\"https:\\\/\\\/centrourbano.com\\\/revista\\\/wp-content\\\/uploads\\\/web_CU_logo-1.png\",\"width\":350,\"height\":91,\"caption\":\"Centro Urbano\"},\"image\":{\"@id\":\"https:\\\/\\\/centrourbano.com\\\/revista\\\/#\\\/schema\\\/logo\\\/image\\\/\"},\"sameAs\":[\"https:\\\/\\\/www.facebook.com\\\/portalcentrourbano\",\"https:\\\/\\\/x.com\\\/CentroUrbano\",\"https:\\\/\\\/www.instagram.com\\\/centro_urbano\\\/\",\"https:\\\/\\\/www.linkedin.com\\\/company\\\/centro-urbano\\\/\",\"http:\\\/\\\/www.youtube.com\\\/user\\\/portalcentrourbano\"]},{\"@type\":\"Person\",\"@id\":\"https:\\\/\\\/centrourbano.com\\\/revista\\\/#\\\/schema\\\/person\\\/b190b20bbbceb41ec72278c546fa8df3\",\"name\":\"Fernanda Hern\u00e1ndez\",\"image\":{\"@type\":\"ImageObject\",\"inLanguage\":\"es\",\"@id\":\"https:\\\/\\\/secure.gravatar.com\\\/avatar\\\/9471831fb0a24eae9d32d826a7cb8ef07c34a41520aca1a0ab1f5c0903ba49b9?s=96&d=mm&r=g\",\"url\":\"https:\\\/\\\/secure.gravatar.com\\\/avatar\\\/9471831fb0a24eae9d32d826a7cb8ef07c34a41520aca1a0ab1f5c0903ba49b9?s=96&d=mm&r=g\",\"contentUrl\":\"https:\\\/\\\/secure.gravatar.com\\\/avatar\\\/9471831fb0a24eae9d32d826a7cb8ef07c34a41520aca1a0ab1f5c0903ba49b9?s=96&d=mm&r=g\",\"caption\":\"Fernanda Hern\u00e1ndez\"},\"description\":\"Reportera y redactora en Centro Urbano. Soy egresada de la licenciatura en Ciencias de la Comunicaci\u00f3n de la Facultad de Ciencias Pol\u00edticas y Sociales (UNAM). Me interesa la cultura, el urbanismo y la arquitectura. Amante del mundo digital, el cine, la m\u00fasica, la lectura y la escritura.\",\"sameAs\":[\"https:\\\/\\\/x.com\\\/https:\\\/\\\/twitter.com\\\/Nannz_Hernandez\"],\"url\":\"https:\\\/\\\/centrourbano.com\\\/revista\\\/author\\\/fernanda-hernandez\\\/\"}]}<\/script>\n<!-- \/ Yoast SEO plugin. -->","yoast_head_json":{"title":"Contin\u00faa abierta la convocatoria para desarrollar Jard\u00edn Esc\u00e9nico","description":"Los participantes deber\u00e1n proponer una idea paisaj\u00edstica para el Jard\u00edn, que contemple intervenciones encaminadas a revitalizar el entorno existente","robots":{"index":"index","follow":"follow","max-snippet":"max-snippet:-1","max-image-preview":"max-image-preview:large","max-video-preview":"max-video-preview:-1"},"canonical":"https:\/\/centrourbano.com\/revista\/agenda-2\/convocatorias\/convocatoria-jardin-escenico\/","og_locale":"es_ES","og_type":"article","og_title":"Contin\u00faa abierta la convocatoria para desarrollar Jard\u00edn Esc\u00e9nico","og_description":"Los participantes deber\u00e1n proponer una idea paisaj\u00edstica para el Jard\u00edn, que contemple intervenciones encaminadas a revitalizar el entorno existente","og_url":"https:\/\/centrourbano.com\/revista\/agenda-2\/convocatorias\/convocatoria-jardin-escenico\/","og_site_name":"Centro Urbano","article_publisher":"https:\/\/www.facebook.com\/portalcentrourbano","article_published_time":"2021-09-09T13:00:08+00:00","og_image":[{"width":560,"height":450,"url":"https:\/\/centrourbano.com\/revista\/wp-content\/uploads\/Continua-abierta-la-convocatoria-para-desarrollar-Jardin-Escenico.jpg","type":"image\/jpeg"}],"author":"Fernanda Hern\u00e1ndez","twitter_card":"summary_large_image","twitter_creator":"@https:\/\/twitter.com\/Nannz_Hernandez","twitter_site":"@CentroUrbano","twitter_misc":{"Escrito por":"Fernanda Hern\u00e1ndez","Tiempo de lectura":"2 minutos"},"schema":{"@context":"https:\/\/schema.org","@graph":[{"@type":"Article","@id":"https:\/\/centrourbano.com\/revista\/agenda-2\/convocatorias\/convocatoria-jardin-escenico\/#article","isPartOf":{"@id":"https:\/\/centrourbano.com\/revista\/agenda-2\/convocatorias\/convocatoria-jardin-escenico\/"},"author":{"name":"Fernanda Hern\u00e1ndez","@id":"https:\/\/centrourbano.com\/revista\/#\/schema\/person\/b190b20bbbceb41ec72278c546fa8df3"},"headline":"Contin\u00faa abierta la convocatoria para desarrollar Jard\u00edn Esc\u00e9nico","datePublished":"2021-09-09T13:00:08+00:00","mainEntityOfPage":{"@id":"https:\/\/centrourbano.com\/revista\/agenda-2\/convocatorias\/convocatoria-jardin-escenico\/"},"wordCount":395,"commentCount":0,"publisher":{"@id":"https:\/\/centrourbano.com\/revista\/#organization"},"image":{"@id":"https:\/\/centrourbano.com\/revista\/agenda-2\/convocatorias\/convocatoria-jardin-escenico\/#primaryimage"},"thumbnailUrl":"https:\/\/centrourbano.com\/revista\/wp-content\/uploads\/Continua-abierta-la-convocatoria-para-desarrollar-Jardin-Escenico.jpg","keywords":["bosque de Chapultepec","Convocatoria","Gobierno CDMX","INBAL","Jard\u00edn Esc\u00e9nico","Secretar\u00eda de Cultura"],"articleSection":["Arquitectura","Convocatorias","Urbanismo"],"inLanguage":"es","potentialAction":[{"@type":"CommentAction","name":"Comment","target":["https:\/\/centrourbano.com\/revista\/agenda-2\/convocatorias\/convocatoria-jardin-escenico\/#respond"]}]},{"@type":"WebPage","@id":"https:\/\/centrourbano.com\/revista\/agenda-2\/convocatorias\/convocatoria-jardin-escenico\/","url":"https:\/\/centrourbano.com\/revista\/agenda-2\/convocatorias\/convocatoria-jardin-escenico\/","name":"Contin\u00faa abierta la convocatoria para desarrollar Jard\u00edn Esc\u00e9nico","isPartOf":{"@id":"https:\/\/centrourbano.com\/revista\/#website"},"primaryImageOfPage":{"@id":"https:\/\/centrourbano.com\/revista\/agenda-2\/convocatorias\/convocatoria-jardin-escenico\/#primaryimage"},"image":{"@id":"https:\/\/centrourbano.com\/revista\/agenda-2\/convocatorias\/convocatoria-jardin-escenico\/#primaryimage"},"thumbnailUrl":"https:\/\/centrourbano.com\/revista\/wp-content\/uploads\/Continua-abierta-la-convocatoria-para-desarrollar-Jardin-Escenico.jpg","datePublished":"2021-09-09T13:00:08+00:00","description":"Los participantes deber\u00e1n proponer una idea paisaj\u00edstica para el Jard\u00edn, que contemple intervenciones encaminadas a revitalizar el entorno existente","breadcrumb":{"@id":"https:\/\/centrourbano.com\/revista\/agenda-2\/convocatorias\/convocatoria-jardin-escenico\/#breadcrumb"},"inLanguage":"es","potentialAction":[{"@type":"ReadAction","target":["https:\/\/centrourbano.com\/revista\/agenda-2\/convocatorias\/convocatoria-jardin-escenico\/"]}]},{"@type":"ImageObject","inLanguage":"es","@id":"https:\/\/centrourbano.com\/revista\/agenda-2\/convocatorias\/convocatoria-jardin-escenico\/#primaryimage","url":"https:\/\/centrourbano.com\/revista\/wp-content\/uploads\/Continua-abierta-la-convocatoria-para-desarrollar-Jardin-Escenico.jpg","contentUrl":"https:\/\/centrourbano.com\/revista\/wp-content\/uploads\/Continua-abierta-la-convocatoria-para-desarrollar-Jardin-Escenico.jpg","width":560,"height":450,"caption":"Los participantes deber\u00e1n proponer una idea paisaj\u00edstica para el Jard\u00edn, que contemple intervenciones encaminadas a revitalizar el entorno existente"},{"@type":"BreadcrumbList","@id":"https:\/\/centrourbano.com\/revista\/agenda-2\/convocatorias\/convocatoria-jardin-escenico\/#breadcrumb","itemListElement":[{"@type":"ListItem","position":1,"name":"Portada","item":"https:\/\/centrourbano.com\/revista\/"},{"@type":"ListItem","position":2,"name":"Contin\u00faa abierta la convocatoria para desarrollar Jard\u00edn Esc\u00e9nico"}]},{"@type":"WebSite","@id":"https:\/\/centrourbano.com\/revista\/#website","url":"https:\/\/centrourbano.com\/revista\/","name":"Centro Urbano","description":"Medio especializado en los sectores vivienda, inmobiliario, construcci\u00f3n, arquitectura y urbanismo.","publisher":{"@id":"https:\/\/centrourbano.com\/revista\/#organization"},"potentialAction":[{"@type":"SearchAction","target":{"@type":"EntryPoint","urlTemplate":"https:\/\/centrourbano.com\/revista\/?s={search_term_string}"},"query-input":{"@type":"PropertyValueSpecification","valueRequired":true,"valueName":"search_term_string"}}],"inLanguage":"es"},{"@type":"Organization","@id":"https:\/\/centrourbano.com\/revista\/#organization","name":"Centro Urbano","url":"https:\/\/centrourbano.com\/revista\/","logo":{"@type":"ImageObject","inLanguage":"es","@id":"https:\/\/centrourbano.com\/revista\/#\/schema\/logo\/image\/","url":"https:\/\/centrourbano.com\/revista\/wp-content\/uploads\/web_CU_logo-1.png","contentUrl":"https:\/\/centrourbano.com\/revista\/wp-content\/uploads\/web_CU_logo-1.png","width":350,"height":91,"caption":"Centro Urbano"},"image":{"@id":"https:\/\/centrourbano.com\/revista\/#\/schema\/logo\/image\/"},"sameAs":["https:\/\/www.facebook.com\/portalcentrourbano","https:\/\/x.com\/CentroUrbano","https:\/\/www.instagram.com\/centro_urbano\/","https:\/\/www.linkedin.com\/company\/centro-urbano\/","http:\/\/www.youtube.com\/user\/portalcentrourbano"]},{"@type":"Person","@id":"https:\/\/centrourbano.com\/revista\/#\/schema\/person\/b190b20bbbceb41ec72278c546fa8df3","name":"Fernanda Hern\u00e1ndez","image":{"@type":"ImageObject","inLanguage":"es","@id":"https:\/\/secure.gravatar.com\/avatar\/9471831fb0a24eae9d32d826a7cb8ef07c34a41520aca1a0ab1f5c0903ba49b9?s=96&d=mm&r=g","url":"https:\/\/secure.gravatar.com\/avatar\/9471831fb0a24eae9d32d826a7cb8ef07c34a41520aca1a0ab1f5c0903ba49b9?s=96&d=mm&r=g","contentUrl":"https:\/\/secure.gravatar.com\/avatar\/9471831fb0a24eae9d32d826a7cb8ef07c34a41520aca1a0ab1f5c0903ba49b9?s=96&d=mm&r=g","caption":"Fernanda Hern\u00e1ndez"},"description":"Reportera y redactora en Centro Urbano. Soy egresada de la licenciatura en Ciencias de la Comunicaci\u00f3n de la Facultad de Ciencias Pol\u00edticas y Sociales (UNAM). Me interesa la cultura, el urbanismo y la arquitectura. Amante del mundo digital, el cine, la m\u00fasica, la lectura y la escritura.","sameAs":["https:\/\/x.com\/https:\/\/twitter.com\/Nannz_Hernandez"],"url":"https:\/\/centrourbano.com\/revista\/author\/fernanda-hernandez\/"}]}},"_links":{"self":[{"href":"https:\/\/centrourbano.com\/revista\/wp-json\/wp\/v2\/posts\/121680","targetHints":{"allow":["GET"]}}],"collection":[{"href":"https:\/\/centrourbano.com\/revista\/wp-json\/wp\/v2\/posts"}],"about":[{"href":"https:\/\/centrourbano.com\/revista\/wp-json\/wp\/v2\/types\/post"}],"author":[{"embeddable":true,"href":"https:\/\/centrourbano.com\/revista\/wp-json\/wp\/v2\/users\/73"}],"replies":[{"embeddable":true,"href":"https:\/\/centrourbano.com\/revista\/wp-json\/wp\/v2\/comments?post=121680"}],"version-history":[{"count":1,"href":"https:\/\/centrourbano.com\/revista\/wp-json\/wp\/v2\/posts\/121680\/revisions"}],"predecessor-version":[{"id":121683,"href":"https:\/\/centrourbano.com\/revista\/wp-json\/wp\/v2\/posts\/121680\/revisions\/121683"}],"wp:featuredmedia":[{"embeddable":true,"href":"https:\/\/centrourbano.com\/revista\/wp-json\/wp\/v2\/media\/121682"}],"wp:attachment":[{"href":"https:\/\/centrourbano.com\/revista\/wp-json\/wp\/v2\/media?parent=121680"}],"wp:term":[{"taxonomy":"category","embeddable":true,"href":"https:\/\/centrourbano.com\/revista\/wp-json\/wp\/v2\/categories?post=121680"},{"taxonomy":"post_tag","embeddable":true,"href":"https:\/\/centrourbano.com\/revista\/wp-json\/wp\/v2\/tags?post=121680"}],"curies":[{"name":"wp","href":"https:\/\/api.w.org\/{rel}","templated":true}]}}