{"id":121586,"date":"2021-09-08T08:05:49","date_gmt":"2021-09-08T13:05:49","guid":{"rendered":"https:\/\/centrourbano.com\/?p=121586"},"modified":"2021-09-07T15:33:27","modified_gmt":"2021-09-07T20:33:27","slug":"infonavit-presentara-nuevos-creditos-para-atender-necesidades-historicas","status":"publish","type":"post","link":"https:\/\/centrourbano.com\/revista\/vivienda\/infonavit-presentara-nuevos-creditos-para-atender-necesidades-historicas\/","title":{"rendered":"Infonavit presentar\u00e1 nuevos cr\u00e9ditos para atender necesidades hist\u00f3ricas"},"content":{"rendered":"<p><em>Derivado de la Reforma a la Ley del Infonavit, el Instituto se\u00f1al\u00f3 que presentar\u00e1 en los pr\u00f3ximos meses nuevas opciones de cr\u00e9dito\u00a0<!--more--><\/em><\/p>\n<p>Luego de que se dieran a conocer los resultados de la Encuesta Nacional de Vivienda (<a href=\"https:\/\/www.inegi.org.mx\/programas\/envi\/2020\/\">ENVI<\/a>) 2020, el Infonavit inform\u00f3 que, a trav\u00e9s de la diversificaci\u00f3n y mejora de sus opciones de cr\u00e9dito, dar\u00e1 soluci\u00f3n a necesidades hist\u00f3ricas en materia habitacional que se vieron reflejadas en dicha encuesta.<\/p>\n<p>Respecto a estas necesidades, el Instituto detall\u00f3 que, de acuerdo con el diagn\u00f3stico de los datos presentados por la ENVI, en M\u00e9xico existe una demanda de <a href=\"https:\/\/centrourbano.com\/2021\/08\/24\/mexico-requiere-mas-de-8-millones-de-viviendas-envi\/\">8.2 millones de viviendas<\/a>, de las cuales 5.3 est\u00e1n relacionadas con la autoconstrucci\u00f3n en terreno propio.<\/p>\n<p>En este sentido, la instituci\u00f3n se\u00f1al\u00f3 que, derivado de la Reforma a la Ley del Infonavit, presentar\u00e1 en los pr\u00f3ximos meses nuevas opciones de cr\u00e9dito, que se sumar\u00e1n al financiamiento de autoproducci\u00f3n de vivienda que opera desde agosto del a\u00f1o pasado, como es el caso del cr\u00e9dito <a href=\"https:\/\/portalmx.infonavit.org.mx\/wps\/portal\/infonavit.web\/trabajadores\/construYO\/!ut\/p\/z1\/jZBND4IwDIZ_DVfaicHpDQkOP2LUuIC7GDA4SIAZmPL3RT2ZCNJbm-dp8xYEhCDK6JHJSGeqjPK2Pwn7bDNE3x2TLTu4Fu53RzJlfI_ryQSCNzCiiGyOLUB9is7CW3rTjTVinIAY4mNHOTjM7wFE__oAxBvpSkDwD_CK-O_ICoTMVfz5p1PGFpUgquSaVEll3qt2nGp9q2cGGtg0jSmVknliXlRh4C8lVbWG8JuEW8F5iNmuCGj9BCcS0vg!\/dz\/d5\/L2dBISEvZ0FBIS9nQSEh\/\"><em>ConstruYO Infonavit<\/em><\/a>.<\/p>\n<p>Asimismo, indic\u00f3 que buscar\u00e1 fomentar la inclusi\u00f3n financiera y garantizar el derecho de los trabajadores a una vivienda adecuada para disminuir el d\u00e9ficit habitacional y extender la red de seguridad social en el pa\u00eds. Lo anterior, precis\u00f3, por medio de la implementaci\u00f3n de un esquema de financiamiento para organismos sin acceso a la vivienda.<\/p>\n<p>Finalmente, el instituto del fondo nacional de la vivienda para los trabajadores invit\u00f3 a las personas interesadas en solicitar un cr\u00e9dito a ingresar al portal Mi Cuenta Infonavit (<a href=\"http:\/\/micuenta.infonavit.org.mx\">micuenta.infonavit.org.mx<\/a>) para precalificarse y verificar que cumplen con la puntuaci\u00f3n requerida para el otorgamiento del cr\u00e9dito.<\/p>\n","protected":false},"excerpt":{"rendered":"<p>Derivado de la Reforma a la Ley del Infonavit, el Instituto se\u00f1al\u00f3 que presentar\u00e1 en los pr\u00f3ximos meses nuevas opciones de cr\u00e9dito\u00a0<\/p>\n","protected":false},"author":77,"featured_media":121587,"comment_status":"open","ping_status":"closed","sticky":false,"template":"","format":"standard","meta":{"inline_featured_image":false,"footnotes":""},"categories":[12],"tags":[1759,20968,100,20357,553],"class_list":["post-121586","post","type-post","status-publish","format-standard","has-post-thumbnail","hentry","category-vivienda","tag-creditos-infonavit","tag-encuesta-nacional-de-vivienda-envi","tag-infonavit","tag-reforma-a-la-ley-del-infonavit","tag-vivienda-social"],"yoast_head":"<!-- This site is optimized with the Yoast SEO plugin v28.4 - https:\/\/yoast.com\/product\/yoast-seo-wordpress\/ -->\n<title>Infonavit presentar\u00e1 nuevos cr\u00e9ditos para atender necesidades hist\u00f3ricas<\/title>\n<meta name=\"description\" content=\"Derivado de la Reforma a la Ley del Infonavit, el Instituto se\u00f1al\u00f3 que presentar\u00e1 en los pr\u00f3ximos meses nuevas opciones de cr\u00e9dito\u00a0 Luego de que se dieran\" \/>\n<meta name=\"robots\" content=\"index, follow, max-snippet:-1, max-image-preview:large, max-video-preview:-1\" \/>\n<link rel=\"canonical\" href=\"https:\/\/centrourbano.com\/revista\/vivienda\/infonavit-presentara-nuevos-creditos-para-atender-necesidades-historicas\/\" \/>\n<meta property=\"og:locale\" content=\"es_ES\" \/>\n<meta property=\"og:type\" content=\"article\" \/>\n<meta property=\"og:title\" content=\"Infonavit presentar\u00e1 nuevos cr\u00e9ditos para atender necesidades hist\u00f3ricas\" \/>\n<meta property=\"og:description\" content=\"Derivado de la Reforma a la Ley del Infonavit, el Instituto se\u00f1al\u00f3 que presentar\u00e1 en los pr\u00f3ximos meses nuevas opciones de cr\u00e9dito\u00a0 Luego de que se dieran\" \/>\n<meta property=\"og:url\" content=\"https:\/\/centrourbano.com\/revista\/vivienda\/infonavit-presentara-nuevos-creditos-para-atender-necesidades-historicas\/\" \/>\n<meta property=\"og:site_name\" content=\"Centro Urbano\" \/>\n<meta property=\"article:publisher\" content=\"https:\/\/www.facebook.com\/portalcentrourbano\" \/>\n<meta property=\"article:published_time\" content=\"2021-09-08T13:05:49+00:00\" \/>\n<meta property=\"og:image\" content=\"https:\/\/centrourbano.com\/revista\/wp-content\/uploads\/pexels-kindel-media-7768228-e1631044950829.jpg\" \/>\n\t<meta property=\"og:image:width\" content=\"639\" \/>\n\t<meta property=\"og:image:height\" content=\"639\" \/>\n\t<meta property=\"og:image:type\" content=\"image\/jpeg\" \/>\n<meta name=\"author\" content=\"G4A\" \/>\n<meta name=\"twitter:card\" content=\"summary_large_image\" \/>\n<meta name=\"twitter:creator\" content=\"@CentroUrbano\" \/>\n<meta name=\"twitter:site\" content=\"@CentroUrbano\" \/>\n<meta name=\"twitter:label1\" content=\"Escrito por\" \/>\n\t<meta name=\"twitter:data1\" content=\"G4A\" \/>\n\t<meta name=\"twitter:label2\" content=\"Tiempo de lectura\" \/>\n\t<meta name=\"twitter:data2\" content=\"2 minutos\" \/>\n<script type=\"application\/ld+json\" class=\"yoast-schema-graph\">{\"@context\":\"https:\\\/\\\/schema.org\",\"@graph\":[{\"@type\":\"Article\",\"@id\":\"https:\\\/\\\/centrourbano.com\\\/revista\\\/vivienda\\\/infonavit-presentara-nuevos-creditos-para-atender-necesidades-historicas\\\/#article\",\"isPartOf\":{\"@id\":\"https:\\\/\\\/centrourbano.com\\\/revista\\\/vivienda\\\/infonavit-presentara-nuevos-creditos-para-atender-necesidades-historicas\\\/\"},\"author\":{\"name\":\"G4A\",\"@id\":\"https:\\\/\\\/centrourbano.com\\\/revista\\\/#\\\/schema\\\/person\\\/370fa0ba2d8dd5bde3fdb8b62ad360aa\"},\"headline\":\"Infonavit presentar\u00e1 nuevos cr\u00e9ditos para atender necesidades hist\u00f3ricas\",\"datePublished\":\"2021-09-08T13:05:49+00:00\",\"mainEntityOfPage\":{\"@id\":\"https:\\\/\\\/centrourbano.com\\\/revista\\\/vivienda\\\/infonavit-presentara-nuevos-creditos-para-atender-necesidades-historicas\\\/\"},\"wordCount\":296,\"commentCount\":0,\"publisher\":{\"@id\":\"https:\\\/\\\/centrourbano.com\\\/revista\\\/#organization\"},\"image\":{\"@id\":\"https:\\\/\\\/centrourbano.com\\\/revista\\\/vivienda\\\/infonavit-presentara-nuevos-creditos-para-atender-necesidades-historicas\\\/#primaryimage\"},\"thumbnailUrl\":\"https:\\\/\\\/centrourbano.com\\\/revista\\\/wp-content\\\/uploads\\\/pexels-kindel-media-7768228-e1631044950829.jpg\",\"keywords\":[\"cr\u00e9ditos infonavit\",\"Encuesta Nacional de Vivienda (ENVI)\",\"Infonavit\",\"Reforma a la Ley del Infonavit\",\"Vivienda social\"],\"articleSection\":[\"Vivienda\"],\"inLanguage\":\"es\"},{\"@type\":\"WebPage\",\"@id\":\"https:\\\/\\\/centrourbano.com\\\/revista\\\/vivienda\\\/infonavit-presentara-nuevos-creditos-para-atender-necesidades-historicas\\\/\",\"url\":\"https:\\\/\\\/centrourbano.com\\\/revista\\\/vivienda\\\/infonavit-presentara-nuevos-creditos-para-atender-necesidades-historicas\\\/\",\"name\":\"Infonavit presentar\u00e1 nuevos cr\u00e9ditos para atender necesidades hist\u00f3ricas\",\"isPartOf\":{\"@id\":\"https:\\\/\\\/centrourbano.com\\\/revista\\\/#website\"},\"primaryImageOfPage\":{\"@id\":\"https:\\\/\\\/centrourbano.com\\\/revista\\\/vivienda\\\/infonavit-presentara-nuevos-creditos-para-atender-necesidades-historicas\\\/#primaryimage\"},\"image\":{\"@id\":\"https:\\\/\\\/centrourbano.com\\\/revista\\\/vivienda\\\/infonavit-presentara-nuevos-creditos-para-atender-necesidades-historicas\\\/#primaryimage\"},\"thumbnailUrl\":\"https:\\\/\\\/centrourbano.com\\\/revista\\\/wp-content\\\/uploads\\\/pexels-kindel-media-7768228-e1631044950829.jpg\",\"datePublished\":\"2021-09-08T13:05:49+00:00\",\"description\":\"Derivado de la Reforma a la Ley del Infonavit, el Instituto se\u00f1al\u00f3 que presentar\u00e1 en los pr\u00f3ximos meses nuevas opciones de cr\u00e9dito\u00a0 Luego de que se dieran\",\"breadcrumb\":{\"@id\":\"https:\\\/\\\/centrourbano.com\\\/revista\\\/vivienda\\\/infonavit-presentara-nuevos-creditos-para-atender-necesidades-historicas\\\/#breadcrumb\"},\"inLanguage\":\"es\",\"potentialAction\":[{\"@type\":\"ReadAction\",\"target\":[\"https:\\\/\\\/centrourbano.com\\\/revista\\\/vivienda\\\/infonavit-presentara-nuevos-creditos-para-atender-necesidades-historicas\\\/\"]}]},{\"@type\":\"ImageObject\",\"inLanguage\":\"es\",\"@id\":\"https:\\\/\\\/centrourbano.com\\\/revista\\\/vivienda\\\/infonavit-presentara-nuevos-creditos-para-atender-necesidades-historicas\\\/#primaryimage\",\"url\":\"https:\\\/\\\/centrourbano.com\\\/revista\\\/wp-content\\\/uploads\\\/pexels-kindel-media-7768228-e1631044950829.jpg\",\"contentUrl\":\"https:\\\/\\\/centrourbano.com\\\/revista\\\/wp-content\\\/uploads\\\/pexels-kindel-media-7768228-e1631044950829.jpg\",\"width\":639,\"height\":639,\"caption\":\"Infonavit presentar\u00e1 nuevos cr\u00e9ditos para atender necesidades hist\u00f3ricas\"},{\"@type\":\"BreadcrumbList\",\"@id\":\"https:\\\/\\\/centrourbano.com\\\/revista\\\/vivienda\\\/infonavit-presentara-nuevos-creditos-para-atender-necesidades-historicas\\\/#breadcrumb\",\"itemListElement\":[{\"@type\":\"ListItem\",\"position\":1,\"name\":\"Portada\",\"item\":\"https:\\\/\\\/centrourbano.com\\\/revista\\\/\"},{\"@type\":\"ListItem\",\"position\":2,\"name\":\"Infonavit presentar\u00e1 nuevos cr\u00e9ditos para atender necesidades hist\u00f3ricas\"}]},{\"@type\":\"WebSite\",\"@id\":\"https:\\\/\\\/centrourbano.com\\\/revista\\\/#website\",\"url\":\"https:\\\/\\\/centrourbano.com\\\/revista\\\/\",\"name\":\"Centro Urbano\",\"description\":\"Medio especializado en los sectores vivienda, inmobiliario, construcci\u00f3n, arquitectura y urbanismo.\",\"publisher\":{\"@id\":\"https:\\\/\\\/centrourbano.com\\\/revista\\\/#organization\"},\"potentialAction\":[{\"@type\":\"SearchAction\",\"target\":{\"@type\":\"EntryPoint\",\"urlTemplate\":\"https:\\\/\\\/centrourbano.com\\\/revista\\\/?s={search_term_string}\"},\"query-input\":{\"@type\":\"PropertyValueSpecification\",\"valueRequired\":true,\"valueName\":\"search_term_string\"}}],\"inLanguage\":\"es\"},{\"@type\":\"Organization\",\"@id\":\"https:\\\/\\\/centrourbano.com\\\/revista\\\/#organization\",\"name\":\"Centro Urbano\",\"url\":\"https:\\\/\\\/centrourbano.com\\\/revista\\\/\",\"logo\":{\"@type\":\"ImageObject\",\"inLanguage\":\"es\",\"@id\":\"https:\\\/\\\/centrourbano.com\\\/revista\\\/#\\\/schema\\\/logo\\\/image\\\/\",\"url\":\"https:\\\/\\\/centrourbano.com\\\/revista\\\/wp-content\\\/uploads\\\/web_CU_logo-1.png\",\"contentUrl\":\"https:\\\/\\\/centrourbano.com\\\/revista\\\/wp-content\\\/uploads\\\/web_CU_logo-1.png\",\"width\":350,\"height\":91,\"caption\":\"Centro Urbano\"},\"image\":{\"@id\":\"https:\\\/\\\/centrourbano.com\\\/revista\\\/#\\\/schema\\\/logo\\\/image\\\/\"},\"sameAs\":[\"https:\\\/\\\/www.facebook.com\\\/portalcentrourbano\",\"https:\\\/\\\/x.com\\\/CentroUrbano\",\"https:\\\/\\\/www.instagram.com\\\/centro_urbano\\\/\",\"https:\\\/\\\/www.linkedin.com\\\/company\\\/centro-urbano\\\/\",\"http:\\\/\\\/www.youtube.com\\\/user\\\/portalcentrourbano\"]},{\"@type\":\"Person\",\"@id\":\"https:\\\/\\\/centrourbano.com\\\/revista\\\/#\\\/schema\\\/person\\\/370fa0ba2d8dd5bde3fdb8b62ad360aa\",\"name\":\"G4A\",\"image\":{\"@type\":\"ImageObject\",\"inLanguage\":\"es\",\"@id\":\"https:\\\/\\\/secure.gravatar.com\\\/avatar\\\/932a97121b13d5de5bbd8193c6c83d3b92c9eda0f39623607d4280e7a5778d97?s=96&d=mm&r=g\",\"url\":\"https:\\\/\\\/secure.gravatar.com\\\/avatar\\\/932a97121b13d5de5bbd8193c6c83d3b92c9eda0f39623607d4280e7a5778d97?s=96&d=mm&r=g\",\"contentUrl\":\"https:\\\/\\\/secure.gravatar.com\\\/avatar\\\/932a97121b13d5de5bbd8193c6c83d3b92c9eda0f39623607d4280e7a5778d97?s=96&d=mm&r=g\",\"caption\":\"G4A\"},\"url\":\"https:\\\/\\\/centrourbano.com\\\/revista\\\/author\\\/admin-g4a\\\/\"}]}<\/script>\n<!-- \/ Yoast SEO plugin. -->","yoast_head_json":{"title":"Infonavit presentar\u00e1 nuevos cr\u00e9ditos para atender necesidades hist\u00f3ricas","description":"Derivado de la Reforma a la Ley del Infonavit, el Instituto se\u00f1al\u00f3 que presentar\u00e1 en los pr\u00f3ximos meses nuevas opciones de cr\u00e9dito\u00a0 Luego de que se dieran","robots":{"index":"index","follow":"follow","max-snippet":"max-snippet:-1","max-image-preview":"max-image-preview:large","max-video-preview":"max-video-preview:-1"},"canonical":"https:\/\/centrourbano.com\/revista\/vivienda\/infonavit-presentara-nuevos-creditos-para-atender-necesidades-historicas\/","og_locale":"es_ES","og_type":"article","og_title":"Infonavit presentar\u00e1 nuevos cr\u00e9ditos para atender necesidades hist\u00f3ricas","og_description":"Derivado de la Reforma a la Ley del Infonavit, el Instituto se\u00f1al\u00f3 que presentar\u00e1 en los pr\u00f3ximos meses nuevas opciones de cr\u00e9dito\u00a0 Luego de que se dieran","og_url":"https:\/\/centrourbano.com\/revista\/vivienda\/infonavit-presentara-nuevos-creditos-para-atender-necesidades-historicas\/","og_site_name":"Centro Urbano","article_publisher":"https:\/\/www.facebook.com\/portalcentrourbano","article_published_time":"2021-09-08T13:05:49+00:00","og_image":[{"width":639,"height":639,"url":"https:\/\/centrourbano.com\/revista\/wp-content\/uploads\/pexels-kindel-media-7768228-e1631044950829.jpg","type":"image\/jpeg"}],"author":"G4A","twitter_card":"summary_large_image","twitter_creator":"@CentroUrbano","twitter_site":"@CentroUrbano","twitter_misc":{"Escrito por":"G4A","Tiempo de lectura":"2 minutos"},"schema":{"@context":"https:\/\/schema.org","@graph":[{"@type":"Article","@id":"https:\/\/centrourbano.com\/revista\/vivienda\/infonavit-presentara-nuevos-creditos-para-atender-necesidades-historicas\/#article","isPartOf":{"@id":"https:\/\/centrourbano.com\/revista\/vivienda\/infonavit-presentara-nuevos-creditos-para-atender-necesidades-historicas\/"},"author":{"name":"G4A","@id":"https:\/\/centrourbano.com\/revista\/#\/schema\/person\/370fa0ba2d8dd5bde3fdb8b62ad360aa"},"headline":"Infonavit presentar\u00e1 nuevos cr\u00e9ditos para atender necesidades hist\u00f3ricas","datePublished":"2021-09-08T13:05:49+00:00","mainEntityOfPage":{"@id":"https:\/\/centrourbano.com\/revista\/vivienda\/infonavit-presentara-nuevos-creditos-para-atender-necesidades-historicas\/"},"wordCount":296,"commentCount":0,"publisher":{"@id":"https:\/\/centrourbano.com\/revista\/#organization"},"image":{"@id":"https:\/\/centrourbano.com\/revista\/vivienda\/infonavit-presentara-nuevos-creditos-para-atender-necesidades-historicas\/#primaryimage"},"thumbnailUrl":"https:\/\/centrourbano.com\/revista\/wp-content\/uploads\/pexels-kindel-media-7768228-e1631044950829.jpg","keywords":["cr\u00e9ditos infonavit","Encuesta Nacional de Vivienda (ENVI)","Infonavit","Reforma a la Ley del Infonavit","Vivienda social"],"articleSection":["Vivienda"],"inLanguage":"es"},{"@type":"WebPage","@id":"https:\/\/centrourbano.com\/revista\/vivienda\/infonavit-presentara-nuevos-creditos-para-atender-necesidades-historicas\/","url":"https:\/\/centrourbano.com\/revista\/vivienda\/infonavit-presentara-nuevos-creditos-para-atender-necesidades-historicas\/","name":"Infonavit presentar\u00e1 nuevos cr\u00e9ditos para atender necesidades hist\u00f3ricas","isPartOf":{"@id":"https:\/\/centrourbano.com\/revista\/#website"},"primaryImageOfPage":{"@id":"https:\/\/centrourbano.com\/revista\/vivienda\/infonavit-presentara-nuevos-creditos-para-atender-necesidades-historicas\/#primaryimage"},"image":{"@id":"https:\/\/centrourbano.com\/revista\/vivienda\/infonavit-presentara-nuevos-creditos-para-atender-necesidades-historicas\/#primaryimage"},"thumbnailUrl":"https:\/\/centrourbano.com\/revista\/wp-content\/uploads\/pexels-kindel-media-7768228-e1631044950829.jpg","datePublished":"2021-09-08T13:05:49+00:00","description":"Derivado de la Reforma a la Ley del Infonavit, el Instituto se\u00f1al\u00f3 que presentar\u00e1 en los pr\u00f3ximos meses nuevas opciones de cr\u00e9dito\u00a0 Luego de que se dieran","breadcrumb":{"@id":"https:\/\/centrourbano.com\/revista\/vivienda\/infonavit-presentara-nuevos-creditos-para-atender-necesidades-historicas\/#breadcrumb"},"inLanguage":"es","potentialAction":[{"@type":"ReadAction","target":["https:\/\/centrourbano.com\/revista\/vivienda\/infonavit-presentara-nuevos-creditos-para-atender-necesidades-historicas\/"]}]},{"@type":"ImageObject","inLanguage":"es","@id":"https:\/\/centrourbano.com\/revista\/vivienda\/infonavit-presentara-nuevos-creditos-para-atender-necesidades-historicas\/#primaryimage","url":"https:\/\/centrourbano.com\/revista\/wp-content\/uploads\/pexels-kindel-media-7768228-e1631044950829.jpg","contentUrl":"https:\/\/centrourbano.com\/revista\/wp-content\/uploads\/pexels-kindel-media-7768228-e1631044950829.jpg","width":639,"height":639,"caption":"Infonavit presentar\u00e1 nuevos cr\u00e9ditos para atender necesidades hist\u00f3ricas"},{"@type":"BreadcrumbList","@id":"https:\/\/centrourbano.com\/revista\/vivienda\/infonavit-presentara-nuevos-creditos-para-atender-necesidades-historicas\/#breadcrumb","itemListElement":[{"@type":"ListItem","position":1,"name":"Portada","item":"https:\/\/centrourbano.com\/revista\/"},{"@type":"ListItem","position":2,"name":"Infonavit presentar\u00e1 nuevos cr\u00e9ditos para atender necesidades hist\u00f3ricas"}]},{"@type":"WebSite","@id":"https:\/\/centrourbano.com\/revista\/#website","url":"https:\/\/centrourbano.com\/revista\/","name":"Centro Urbano","description":"Medio especializado en los sectores vivienda, inmobiliario, construcci\u00f3n, arquitectura y urbanismo.","publisher":{"@id":"https:\/\/centrourbano.com\/revista\/#organization"},"potentialAction":[{"@type":"SearchAction","target":{"@type":"EntryPoint","urlTemplate":"https:\/\/centrourbano.com\/revista\/?s={search_term_string}"},"query-input":{"@type":"PropertyValueSpecification","valueRequired":true,"valueName":"search_term_string"}}],"inLanguage":"es"},{"@type":"Organization","@id":"https:\/\/centrourbano.com\/revista\/#organization","name":"Centro Urbano","url":"https:\/\/centrourbano.com\/revista\/","logo":{"@type":"ImageObject","inLanguage":"es","@id":"https:\/\/centrourbano.com\/revista\/#\/schema\/logo\/image\/","url":"https:\/\/centrourbano.com\/revista\/wp-content\/uploads\/web_CU_logo-1.png","contentUrl":"https:\/\/centrourbano.com\/revista\/wp-content\/uploads\/web_CU_logo-1.png","width":350,"height":91,"caption":"Centro Urbano"},"image":{"@id":"https:\/\/centrourbano.com\/revista\/#\/schema\/logo\/image\/"},"sameAs":["https:\/\/www.facebook.com\/portalcentrourbano","https:\/\/x.com\/CentroUrbano","https:\/\/www.instagram.com\/centro_urbano\/","https:\/\/www.linkedin.com\/company\/centro-urbano\/","http:\/\/www.youtube.com\/user\/portalcentrourbano"]},{"@type":"Person","@id":"https:\/\/centrourbano.com\/revista\/#\/schema\/person\/370fa0ba2d8dd5bde3fdb8b62ad360aa","name":"G4A","image":{"@type":"ImageObject","inLanguage":"es","@id":"https:\/\/secure.gravatar.com\/avatar\/932a97121b13d5de5bbd8193c6c83d3b92c9eda0f39623607d4280e7a5778d97?s=96&d=mm&r=g","url":"https:\/\/secure.gravatar.com\/avatar\/932a97121b13d5de5bbd8193c6c83d3b92c9eda0f39623607d4280e7a5778d97?s=96&d=mm&r=g","contentUrl":"https:\/\/secure.gravatar.com\/avatar\/932a97121b13d5de5bbd8193c6c83d3b92c9eda0f39623607d4280e7a5778d97?s=96&d=mm&r=g","caption":"G4A"},"url":"https:\/\/centrourbano.com\/revista\/author\/admin-g4a\/"}]}},"_links":{"self":[{"href":"https:\/\/centrourbano.com\/revista\/wp-json\/wp\/v2\/posts\/121586","targetHints":{"allow":["GET"]}}],"collection":[{"href":"https:\/\/centrourbano.com\/revista\/wp-json\/wp\/v2\/posts"}],"about":[{"href":"https:\/\/centrourbano.com\/revista\/wp-json\/wp\/v2\/types\/post"}],"author":[{"embeddable":true,"href":"https:\/\/centrourbano.com\/revista\/wp-json\/wp\/v2\/users\/77"}],"replies":[{"embeddable":true,"href":"https:\/\/centrourbano.com\/revista\/wp-json\/wp\/v2\/comments?post=121586"}],"version-history":[{"count":9,"href":"https:\/\/centrourbano.com\/revista\/wp-json\/wp\/v2\/posts\/121586\/revisions"}],"predecessor-version":[{"id":121596,"href":"https:\/\/centrourbano.com\/revista\/wp-json\/wp\/v2\/posts\/121586\/revisions\/121596"}],"wp:featuredmedia":[{"embeddable":true,"href":"https:\/\/centrourbano.com\/revista\/wp-json\/wp\/v2\/media\/121587"}],"wp:attachment":[{"href":"https:\/\/centrourbano.com\/revista\/wp-json\/wp\/v2\/media?parent=121586"}],"wp:term":[{"taxonomy":"category","embeddable":true,"href":"https:\/\/centrourbano.com\/revista\/wp-json\/wp\/v2\/categories?post=121586"},{"taxonomy":"post_tag","embeddable":true,"href":"https:\/\/centrourbano.com\/revista\/wp-json\/wp\/v2\/tags?post=121586"}],"curies":[{"name":"wp","href":"https:\/\/api.w.org\/{rel}","templated":true}]}}