{"id":120912,"date":"2021-08-23T09:00:46","date_gmt":"2021-08-23T14:00:46","guid":{"rendered":"https:\/\/centrourbano.com\/?p=120912"},"modified":"2021-08-23T01:11:36","modified_gmt":"2021-08-23T06:11:36","slug":"fonatur-onu-habitat-seminario-sureste","status":"publish","type":"post","link":"https:\/\/centrourbano.com\/revista\/urbanismo\/fonatur-onu-habitat-seminario-sureste\/","title":{"rendered":"Realizan Fonatur y ONU-Habitat seminario sobre el Sureste de M\u00e9xico"},"content":{"rendered":"<p><em>Este seminario es parte de un ciclo organizado en el marco del proyecto de Desarrollo Integral, Territorial y Urbano de la Regi\u00f3n- Corredor Regional Tren Maya<\/em><!--more--><\/p>\n<p>El <strong>Fondo Nacional de Fomento al Turismo<\/strong>, <a href=\"https:\/\/onuhabitat.org.mx\/index.php\/seminario-dimensiones-sociodemograficas-territoriales-y-ambientales-del-sureste-de-mexico\" target=\"_blank\" rel=\"noopener\"><strong>ONU-Habitat<\/strong><\/a> y el <strong>Colegio de M\u00e9xico<\/strong> realizaron el seminario \u2018<strong>Dimensiones sociodemogr\u00e1ficas, territoriales y ambientales del Sureste de M\u00e9xico<\/strong>\u2019.<\/p>\n<p>Dicho encuentro tuvo el objetivo de iniciar un espacio de di\u00e1logo que permita caracterizar al <strong>Sureste de M\u00e9xico<\/strong>; sus problem\u00e1ticas, potencialidades y estrategias para avanzar hacia el desarrollo sostenible y el cumplimiento de los <strong>Objetivos de Desarrollo Sostenible<\/strong> (<strong>ODS<\/strong>) en la regi\u00f3n.<\/p>\n<p>Asimismo, este seminario es parte de un ciclo que se organiza en el marco del convenio de colaboraci\u00f3n para el proyecto de <strong>Desarrollo Integral<\/strong>, <strong>Territorial y Urbano de la Regi\u00f3n Sureste de M\u00e9xico-Corredor Regional Tren Maya<\/strong>.<\/p>\n<p>Durante la inauguraci\u00f3n, la <strong>directora de Desarrollo Urbano del Tren Maya<\/strong>, <strong>Carina Arvizu<\/strong>, mencion\u00f3 que los municipios por los que circular\u00e1 el Tren registran altos \u00edndices de rezago. Por ello, a partir de esta infraestructura, \u201cse espera poder lograr un desarrollo integral y sostenible; en el que las personas m\u00e1s pobres del pa\u00eds tengan beneficio\u201d.<\/p>\n<p>En este sentido, se refiri\u00f3 al <strong>Observatorio para el Desarrollo Sostenible del Sureste de M\u00e9xico<\/strong>; que permitir\u00e1 analizar la situaci\u00f3n actual, as\u00ed como medir los impactos del proyecto en la regi\u00f3n.<\/p>\n<p><strong>Elkin Vel\u00e1squez<\/strong>, <strong>representante de ONU-Habitat para Am\u00e9rica Latina y el Caribe<\/strong>, destac\u00f3 la colaboraci\u00f3n con <strong>El Colegio de M\u00e9xico<\/strong> para construir un observatorio \u201cque valore las pol\u00edticas p\u00fablicas y reconozca los impactos del <a href=\"https:\/\/centrourbano.com\/2021\/07\/21\/amlo-destaca-beneficios-que-otorgara-el-tren-maya-al-sureste-del-pais\/\" target=\"_blank\" rel=\"noopener\"><strong>Tren Maya<\/strong><\/a> como detonador de crecimiento para la regi\u00f3n\u201d. Y subray\u00f3 que este ser\u00e1 el primer observatorio para el seguimiento de los <strong>ODS<\/strong> como indicadores del desarrollo sostenible del Sureste.<\/p>\n<p>Por su parte, <strong>Silvia Giorguli<\/strong>, <strong>presidenta de El Colegio de M\u00e9xico<\/strong>, se\u00f1al\u00f3 que el objetivo del seminario fue iniciar un di\u00e1logo para determinar las particularidades del Sureste de M\u00e9xico.<\/p>\n<p>\u201cBuscamos las mejores opciones para caracterizar un espacio tan rico como el Sureste; as\u00ed como analizar qu\u00e9 cambios significan una mejora para los hombres y las mujeres\u201d, dijo.<\/p>\n<p>El seminario se estructur\u00f3 en dos mesas. En la primera, se abordaron tem\u00e1ticas relacionadas con la <strong>poblaci\u00f3n<\/strong> y el <strong>desarrollo<\/strong>; mientras que en la segunda mesa, se presentaron reflexiones en torno a <strong>aspectos ambientales<\/strong> <strong>y territoriales<\/strong>.<\/p>\n","protected":false},"excerpt":{"rendered":"<p>Este seminario es parte de un ciclo organizado en el marco del proyecto de Desarrollo Integral, Territorial y Urbano de la Regi\u00f3n- Corredor Regional Tren Maya<\/p>\n","protected":false},"author":73,"featured_media":120913,"comment_status":"open","ping_status":"closed","sticky":false,"template":"","format":"standard","meta":{"om_disable_all_campaigns":false,"inline_featured_image":false,"_monsterinsights_skip_tracking":false,"_monsterinsights_sitenote_active":false,"_monsterinsights_sitenote_note":"","_monsterinsights_sitenote_category":0,"footnotes":""},"categories":[82],"tags":[8068,994,2653,1440,8078,14281],"class_list":["post-120912","post","type-post","status-publish","format-standard","has-post-thumbnail","hentry","category-urbanismo","tag-el-colegio-de-mexico","tag-fonatur","tag-onu-habitat","tag-seminario","tag-sureste","tag-tren-maya"],"yoast_head":"<!-- This site is optimized with the Yoast SEO plugin v27.4 - https:\/\/yoast.com\/product\/yoast-seo-wordpress\/ -->\n<title>Realizan Fonatur y ONU-Habitat seminario sobre el Sureste de M\u00e9xico<\/title>\n<meta name=\"description\" content=\"Este seminario es parte de un ciclo organizado en el marco del proyecto de Desarrollo Integral, Territorial y Urbano de la Regi\u00f3n- Corredor Tren Maya\" \/>\n<meta name=\"robots\" content=\"index, follow, max-snippet:-1, max-image-preview:large, max-video-preview:-1\" \/>\n<link rel=\"canonical\" href=\"https:\/\/centrourbano.com\/revista\/urbanismo\/fonatur-onu-habitat-seminario-sureste\/\" \/>\n<meta property=\"og:locale\" content=\"es_ES\" \/>\n<meta property=\"og:type\" content=\"article\" \/>\n<meta property=\"og:title\" content=\"Realizan Fonatur y ONU-Habitat seminario sobre el Sureste de M\u00e9xico\" \/>\n<meta property=\"og:description\" content=\"Este seminario es parte de un ciclo organizado en el marco del proyecto de Desarrollo Integral, Territorial y Urbano de la Regi\u00f3n- Corredor Tren Maya\" \/>\n<meta property=\"og:url\" content=\"https:\/\/centrourbano.com\/revista\/urbanismo\/fonatur-onu-habitat-seminario-sureste\/\" \/>\n<meta property=\"og:site_name\" content=\"Centro Urbano\" \/>\n<meta property=\"article:publisher\" content=\"https:\/\/www.facebook.com\/portalcentrourbano\" \/>\n<meta property=\"article:published_time\" content=\"2021-08-23T14:00:46+00:00\" \/>\n<meta property=\"og:image\" content=\"https:\/\/centrourbano.com\/revista\/wp-content\/uploads\/Realizan-Fonatur-y-ONU-Habitat-seminario-sobre-el-Sureste-de-Mexico.jpg\" \/>\n\t<meta property=\"og:image:width\" content=\"600\" \/>\n\t<meta property=\"og:image:height\" content=\"450\" \/>\n\t<meta property=\"og:image:type\" content=\"image\/jpeg\" \/>\n<meta name=\"author\" content=\"Fernanda Hern\u00e1ndez\" \/>\n<meta name=\"twitter:card\" content=\"summary_large_image\" \/>\n<meta name=\"twitter:creator\" content=\"@https:\/\/twitter.com\/Nannz_Hernandez\" \/>\n<meta name=\"twitter:site\" content=\"@CentroUrbano\" \/>\n<meta name=\"twitter:label1\" content=\"Escrito por\" \/>\n\t<meta name=\"twitter:data1\" content=\"Fernanda Hern\u00e1ndez\" \/>\n\t<meta name=\"twitter:label2\" content=\"Tiempo de lectura\" \/>\n\t<meta name=\"twitter:data2\" content=\"2 minutos\" \/>\n<script type=\"application\/ld+json\" class=\"yoast-schema-graph\">{\"@context\":\"https:\\\/\\\/schema.org\",\"@graph\":[{\"@type\":\"Article\",\"@id\":\"https:\\\/\\\/centrourbano.com\\\/revista\\\/urbanismo\\\/fonatur-onu-habitat-seminario-sureste\\\/#article\",\"isPartOf\":{\"@id\":\"https:\\\/\\\/centrourbano.com\\\/revista\\\/urbanismo\\\/fonatur-onu-habitat-seminario-sureste\\\/\"},\"author\":{\"name\":\"Fernanda Hern\u00e1ndez\",\"@id\":\"https:\\\/\\\/centrourbano.com\\\/revista\\\/#\\\/schema\\\/person\\\/b190b20bbbceb41ec72278c546fa8df3\"},\"headline\":\"Realizan Fonatur y ONU-Habitat seminario sobre el Sureste de M\u00e9xico\",\"datePublished\":\"2021-08-23T14:00:46+00:00\",\"mainEntityOfPage\":{\"@id\":\"https:\\\/\\\/centrourbano.com\\\/revista\\\/urbanismo\\\/fonatur-onu-habitat-seminario-sureste\\\/\"},\"wordCount\":412,\"commentCount\":0,\"publisher\":{\"@id\":\"https:\\\/\\\/centrourbano.com\\\/revista\\\/#organization\"},\"image\":{\"@id\":\"https:\\\/\\\/centrourbano.com\\\/revista\\\/urbanismo\\\/fonatur-onu-habitat-seminario-sureste\\\/#primaryimage\"},\"thumbnailUrl\":\"https:\\\/\\\/centrourbano.com\\\/revista\\\/wp-content\\\/uploads\\\/Realizan-Fonatur-y-ONU-Habitat-seminario-sobre-el-Sureste-de-Mexico.jpg\",\"keywords\":[\"El Colegio de M\u00e9xico\",\"Fonatur\",\"ONU-Habitat\",\"Seminario\",\"sureste\",\"Tren Maya\"],\"articleSection\":[\"Urbanismo\"],\"inLanguage\":\"es\",\"potentialAction\":[{\"@type\":\"CommentAction\",\"name\":\"Comment\",\"target\":[\"https:\\\/\\\/centrourbano.com\\\/revista\\\/urbanismo\\\/fonatur-onu-habitat-seminario-sureste\\\/#respond\"]}]},{\"@type\":\"WebPage\",\"@id\":\"https:\\\/\\\/centrourbano.com\\\/revista\\\/urbanismo\\\/fonatur-onu-habitat-seminario-sureste\\\/\",\"url\":\"https:\\\/\\\/centrourbano.com\\\/revista\\\/urbanismo\\\/fonatur-onu-habitat-seminario-sureste\\\/\",\"name\":\"Realizan Fonatur y ONU-Habitat seminario sobre el Sureste de M\u00e9xico\",\"isPartOf\":{\"@id\":\"https:\\\/\\\/centrourbano.com\\\/revista\\\/#website\"},\"primaryImageOfPage\":{\"@id\":\"https:\\\/\\\/centrourbano.com\\\/revista\\\/urbanismo\\\/fonatur-onu-habitat-seminario-sureste\\\/#primaryimage\"},\"image\":{\"@id\":\"https:\\\/\\\/centrourbano.com\\\/revista\\\/urbanismo\\\/fonatur-onu-habitat-seminario-sureste\\\/#primaryimage\"},\"thumbnailUrl\":\"https:\\\/\\\/centrourbano.com\\\/revista\\\/wp-content\\\/uploads\\\/Realizan-Fonatur-y-ONU-Habitat-seminario-sobre-el-Sureste-de-Mexico.jpg\",\"datePublished\":\"2021-08-23T14:00:46+00:00\",\"description\":\"Este seminario es parte de un ciclo organizado en el marco del proyecto de Desarrollo Integral, Territorial y Urbano de la Regi\u00f3n- Corredor Tren Maya\",\"breadcrumb\":{\"@id\":\"https:\\\/\\\/centrourbano.com\\\/revista\\\/urbanismo\\\/fonatur-onu-habitat-seminario-sureste\\\/#breadcrumb\"},\"inLanguage\":\"es\",\"potentialAction\":[{\"@type\":\"ReadAction\",\"target\":[\"https:\\\/\\\/centrourbano.com\\\/revista\\\/urbanismo\\\/fonatur-onu-habitat-seminario-sureste\\\/\"]}]},{\"@type\":\"ImageObject\",\"inLanguage\":\"es\",\"@id\":\"https:\\\/\\\/centrourbano.com\\\/revista\\\/urbanismo\\\/fonatur-onu-habitat-seminario-sureste\\\/#primaryimage\",\"url\":\"https:\\\/\\\/centrourbano.com\\\/revista\\\/wp-content\\\/uploads\\\/Realizan-Fonatur-y-ONU-Habitat-seminario-sobre-el-Sureste-de-Mexico.jpg\",\"contentUrl\":\"https:\\\/\\\/centrourbano.com\\\/revista\\\/wp-content\\\/uploads\\\/Realizan-Fonatur-y-ONU-Habitat-seminario-sobre-el-Sureste-de-Mexico.jpg\",\"width\":600,\"height\":450,\"caption\":\"Este seminario es parte de un ciclo organizado en el marco del proyecto de Desarrollo Integral, Territorial y Urbano de la Regi\u00f3n- Corredor Tren Maya\"},{\"@type\":\"BreadcrumbList\",\"@id\":\"https:\\\/\\\/centrourbano.com\\\/revista\\\/urbanismo\\\/fonatur-onu-habitat-seminario-sureste\\\/#breadcrumb\",\"itemListElement\":[{\"@type\":\"ListItem\",\"position\":1,\"name\":\"Portada\",\"item\":\"https:\\\/\\\/centrourbano.com\\\/revista\\\/\"},{\"@type\":\"ListItem\",\"position\":2,\"name\":\"Realizan Fonatur y ONU-Habitat seminario sobre el Sureste de M\u00e9xico\"}]},{\"@type\":\"WebSite\",\"@id\":\"https:\\\/\\\/centrourbano.com\\\/revista\\\/#website\",\"url\":\"https:\\\/\\\/centrourbano.com\\\/revista\\\/\",\"name\":\"Centro Urbano\",\"description\":\"Medio especializado en los sectores vivienda, inmobiliario, construcci\u00f3n, arquitectura y urbanismo.\",\"publisher\":{\"@id\":\"https:\\\/\\\/centrourbano.com\\\/revista\\\/#organization\"},\"potentialAction\":[{\"@type\":\"SearchAction\",\"target\":{\"@type\":\"EntryPoint\",\"urlTemplate\":\"https:\\\/\\\/centrourbano.com\\\/revista\\\/?s={search_term_string}\"},\"query-input\":{\"@type\":\"PropertyValueSpecification\",\"valueRequired\":true,\"valueName\":\"search_term_string\"}}],\"inLanguage\":\"es\"},{\"@type\":\"Organization\",\"@id\":\"https:\\\/\\\/centrourbano.com\\\/revista\\\/#organization\",\"name\":\"Centro Urbano\",\"url\":\"https:\\\/\\\/centrourbano.com\\\/revista\\\/\",\"logo\":{\"@type\":\"ImageObject\",\"inLanguage\":\"es\",\"@id\":\"https:\\\/\\\/centrourbano.com\\\/revista\\\/#\\\/schema\\\/logo\\\/image\\\/\",\"url\":\"https:\\\/\\\/centrourbano.com\\\/revista\\\/wp-content\\\/uploads\\\/web_CU_logo-1.png\",\"contentUrl\":\"https:\\\/\\\/centrourbano.com\\\/revista\\\/wp-content\\\/uploads\\\/web_CU_logo-1.png\",\"width\":350,\"height\":91,\"caption\":\"Centro Urbano\"},\"image\":{\"@id\":\"https:\\\/\\\/centrourbano.com\\\/revista\\\/#\\\/schema\\\/logo\\\/image\\\/\"},\"sameAs\":[\"https:\\\/\\\/www.facebook.com\\\/portalcentrourbano\",\"https:\\\/\\\/x.com\\\/CentroUrbano\",\"https:\\\/\\\/www.instagram.com\\\/centro_urbano\\\/\",\"https:\\\/\\\/www.linkedin.com\\\/company\\\/centro-urbano\\\/\",\"http:\\\/\\\/www.youtube.com\\\/user\\\/portalcentrourbano\"]},{\"@type\":\"Person\",\"@id\":\"https:\\\/\\\/centrourbano.com\\\/revista\\\/#\\\/schema\\\/person\\\/b190b20bbbceb41ec72278c546fa8df3\",\"name\":\"Fernanda Hern\u00e1ndez\",\"image\":{\"@type\":\"ImageObject\",\"inLanguage\":\"es\",\"@id\":\"https:\\\/\\\/secure.gravatar.com\\\/avatar\\\/9471831fb0a24eae9d32d826a7cb8ef07c34a41520aca1a0ab1f5c0903ba49b9?s=96&d=mm&r=g\",\"url\":\"https:\\\/\\\/secure.gravatar.com\\\/avatar\\\/9471831fb0a24eae9d32d826a7cb8ef07c34a41520aca1a0ab1f5c0903ba49b9?s=96&d=mm&r=g\",\"contentUrl\":\"https:\\\/\\\/secure.gravatar.com\\\/avatar\\\/9471831fb0a24eae9d32d826a7cb8ef07c34a41520aca1a0ab1f5c0903ba49b9?s=96&d=mm&r=g\",\"caption\":\"Fernanda Hern\u00e1ndez\"},\"description\":\"Reportera y redactora en Centro Urbano. Soy egresada de la licenciatura en Ciencias de la Comunicaci\u00f3n de la Facultad de Ciencias Pol\u00edticas y Sociales (UNAM). Me interesa la cultura, el urbanismo y la arquitectura. Amante del mundo digital, el cine, la m\u00fasica, la lectura y la escritura.\",\"sameAs\":[\"https:\\\/\\\/x.com\\\/https:\\\/\\\/twitter.com\\\/Nannz_Hernandez\"],\"url\":\"https:\\\/\\\/centrourbano.com\\\/revista\\\/author\\\/fernanda-hernandez\\\/\"}]}<\/script>\n<!-- \/ Yoast SEO plugin. -->","yoast_head_json":{"title":"Realizan Fonatur y ONU-Habitat seminario sobre el Sureste de M\u00e9xico","description":"Este seminario es parte de un ciclo organizado en el marco del proyecto de Desarrollo Integral, Territorial y Urbano de la Regi\u00f3n- Corredor Tren Maya","robots":{"index":"index","follow":"follow","max-snippet":"max-snippet:-1","max-image-preview":"max-image-preview:large","max-video-preview":"max-video-preview:-1"},"canonical":"https:\/\/centrourbano.com\/revista\/urbanismo\/fonatur-onu-habitat-seminario-sureste\/","og_locale":"es_ES","og_type":"article","og_title":"Realizan Fonatur y ONU-Habitat seminario sobre el Sureste de M\u00e9xico","og_description":"Este seminario es parte de un ciclo organizado en el marco del proyecto de Desarrollo Integral, Territorial y Urbano de la Regi\u00f3n- Corredor Tren Maya","og_url":"https:\/\/centrourbano.com\/revista\/urbanismo\/fonatur-onu-habitat-seminario-sureste\/","og_site_name":"Centro Urbano","article_publisher":"https:\/\/www.facebook.com\/portalcentrourbano","article_published_time":"2021-08-23T14:00:46+00:00","og_image":[{"width":600,"height":450,"url":"https:\/\/centrourbano.com\/revista\/wp-content\/uploads\/Realizan-Fonatur-y-ONU-Habitat-seminario-sobre-el-Sureste-de-Mexico.jpg","type":"image\/jpeg"}],"author":"Fernanda Hern\u00e1ndez","twitter_card":"summary_large_image","twitter_creator":"@https:\/\/twitter.com\/Nannz_Hernandez","twitter_site":"@CentroUrbano","twitter_misc":{"Escrito por":"Fernanda Hern\u00e1ndez","Tiempo de lectura":"2 minutos"},"schema":{"@context":"https:\/\/schema.org","@graph":[{"@type":"Article","@id":"https:\/\/centrourbano.com\/revista\/urbanismo\/fonatur-onu-habitat-seminario-sureste\/#article","isPartOf":{"@id":"https:\/\/centrourbano.com\/revista\/urbanismo\/fonatur-onu-habitat-seminario-sureste\/"},"author":{"name":"Fernanda Hern\u00e1ndez","@id":"https:\/\/centrourbano.com\/revista\/#\/schema\/person\/b190b20bbbceb41ec72278c546fa8df3"},"headline":"Realizan Fonatur y ONU-Habitat seminario sobre el Sureste de M\u00e9xico","datePublished":"2021-08-23T14:00:46+00:00","mainEntityOfPage":{"@id":"https:\/\/centrourbano.com\/revista\/urbanismo\/fonatur-onu-habitat-seminario-sureste\/"},"wordCount":412,"commentCount":0,"publisher":{"@id":"https:\/\/centrourbano.com\/revista\/#organization"},"image":{"@id":"https:\/\/centrourbano.com\/revista\/urbanismo\/fonatur-onu-habitat-seminario-sureste\/#primaryimage"},"thumbnailUrl":"https:\/\/centrourbano.com\/revista\/wp-content\/uploads\/Realizan-Fonatur-y-ONU-Habitat-seminario-sobre-el-Sureste-de-Mexico.jpg","keywords":["El Colegio de M\u00e9xico","Fonatur","ONU-Habitat","Seminario","sureste","Tren Maya"],"articleSection":["Urbanismo"],"inLanguage":"es","potentialAction":[{"@type":"CommentAction","name":"Comment","target":["https:\/\/centrourbano.com\/revista\/urbanismo\/fonatur-onu-habitat-seminario-sureste\/#respond"]}]},{"@type":"WebPage","@id":"https:\/\/centrourbano.com\/revista\/urbanismo\/fonatur-onu-habitat-seminario-sureste\/","url":"https:\/\/centrourbano.com\/revista\/urbanismo\/fonatur-onu-habitat-seminario-sureste\/","name":"Realizan Fonatur y ONU-Habitat seminario sobre el Sureste de M\u00e9xico","isPartOf":{"@id":"https:\/\/centrourbano.com\/revista\/#website"},"primaryImageOfPage":{"@id":"https:\/\/centrourbano.com\/revista\/urbanismo\/fonatur-onu-habitat-seminario-sureste\/#primaryimage"},"image":{"@id":"https:\/\/centrourbano.com\/revista\/urbanismo\/fonatur-onu-habitat-seminario-sureste\/#primaryimage"},"thumbnailUrl":"https:\/\/centrourbano.com\/revista\/wp-content\/uploads\/Realizan-Fonatur-y-ONU-Habitat-seminario-sobre-el-Sureste-de-Mexico.jpg","datePublished":"2021-08-23T14:00:46+00:00","description":"Este seminario es parte de un ciclo organizado en el marco del proyecto de Desarrollo Integral, Territorial y Urbano de la Regi\u00f3n- Corredor Tren Maya","breadcrumb":{"@id":"https:\/\/centrourbano.com\/revista\/urbanismo\/fonatur-onu-habitat-seminario-sureste\/#breadcrumb"},"inLanguage":"es","potentialAction":[{"@type":"ReadAction","target":["https:\/\/centrourbano.com\/revista\/urbanismo\/fonatur-onu-habitat-seminario-sureste\/"]}]},{"@type":"ImageObject","inLanguage":"es","@id":"https:\/\/centrourbano.com\/revista\/urbanismo\/fonatur-onu-habitat-seminario-sureste\/#primaryimage","url":"https:\/\/centrourbano.com\/revista\/wp-content\/uploads\/Realizan-Fonatur-y-ONU-Habitat-seminario-sobre-el-Sureste-de-Mexico.jpg","contentUrl":"https:\/\/centrourbano.com\/revista\/wp-content\/uploads\/Realizan-Fonatur-y-ONU-Habitat-seminario-sobre-el-Sureste-de-Mexico.jpg","width":600,"height":450,"caption":"Este seminario es parte de un ciclo organizado en el marco del proyecto de Desarrollo Integral, Territorial y Urbano de la Regi\u00f3n- Corredor Tren Maya"},{"@type":"BreadcrumbList","@id":"https:\/\/centrourbano.com\/revista\/urbanismo\/fonatur-onu-habitat-seminario-sureste\/#breadcrumb","itemListElement":[{"@type":"ListItem","position":1,"name":"Portada","item":"https:\/\/centrourbano.com\/revista\/"},{"@type":"ListItem","position":2,"name":"Realizan Fonatur y ONU-Habitat seminario sobre el Sureste de M\u00e9xico"}]},{"@type":"WebSite","@id":"https:\/\/centrourbano.com\/revista\/#website","url":"https:\/\/centrourbano.com\/revista\/","name":"Centro Urbano","description":"Medio especializado en los sectores vivienda, inmobiliario, construcci\u00f3n, arquitectura y urbanismo.","publisher":{"@id":"https:\/\/centrourbano.com\/revista\/#organization"},"potentialAction":[{"@type":"SearchAction","target":{"@type":"EntryPoint","urlTemplate":"https:\/\/centrourbano.com\/revista\/?s={search_term_string}"},"query-input":{"@type":"PropertyValueSpecification","valueRequired":true,"valueName":"search_term_string"}}],"inLanguage":"es"},{"@type":"Organization","@id":"https:\/\/centrourbano.com\/revista\/#organization","name":"Centro Urbano","url":"https:\/\/centrourbano.com\/revista\/","logo":{"@type":"ImageObject","inLanguage":"es","@id":"https:\/\/centrourbano.com\/revista\/#\/schema\/logo\/image\/","url":"https:\/\/centrourbano.com\/revista\/wp-content\/uploads\/web_CU_logo-1.png","contentUrl":"https:\/\/centrourbano.com\/revista\/wp-content\/uploads\/web_CU_logo-1.png","width":350,"height":91,"caption":"Centro Urbano"},"image":{"@id":"https:\/\/centrourbano.com\/revista\/#\/schema\/logo\/image\/"},"sameAs":["https:\/\/www.facebook.com\/portalcentrourbano","https:\/\/x.com\/CentroUrbano","https:\/\/www.instagram.com\/centro_urbano\/","https:\/\/www.linkedin.com\/company\/centro-urbano\/","http:\/\/www.youtube.com\/user\/portalcentrourbano"]},{"@type":"Person","@id":"https:\/\/centrourbano.com\/revista\/#\/schema\/person\/b190b20bbbceb41ec72278c546fa8df3","name":"Fernanda Hern\u00e1ndez","image":{"@type":"ImageObject","inLanguage":"es","@id":"https:\/\/secure.gravatar.com\/avatar\/9471831fb0a24eae9d32d826a7cb8ef07c34a41520aca1a0ab1f5c0903ba49b9?s=96&d=mm&r=g","url":"https:\/\/secure.gravatar.com\/avatar\/9471831fb0a24eae9d32d826a7cb8ef07c34a41520aca1a0ab1f5c0903ba49b9?s=96&d=mm&r=g","contentUrl":"https:\/\/secure.gravatar.com\/avatar\/9471831fb0a24eae9d32d826a7cb8ef07c34a41520aca1a0ab1f5c0903ba49b9?s=96&d=mm&r=g","caption":"Fernanda Hern\u00e1ndez"},"description":"Reportera y redactora en Centro Urbano. Soy egresada de la licenciatura en Ciencias de la Comunicaci\u00f3n de la Facultad de Ciencias Pol\u00edticas y Sociales (UNAM). Me interesa la cultura, el urbanismo y la arquitectura. Amante del mundo digital, el cine, la m\u00fasica, la lectura y la escritura.","sameAs":["https:\/\/x.com\/https:\/\/twitter.com\/Nannz_Hernandez"],"url":"https:\/\/centrourbano.com\/revista\/author\/fernanda-hernandez\/"}]}},"_links":{"self":[{"href":"https:\/\/centrourbano.com\/revista\/wp-json\/wp\/v2\/posts\/120912","targetHints":{"allow":["GET"]}}],"collection":[{"href":"https:\/\/centrourbano.com\/revista\/wp-json\/wp\/v2\/posts"}],"about":[{"href":"https:\/\/centrourbano.com\/revista\/wp-json\/wp\/v2\/types\/post"}],"author":[{"embeddable":true,"href":"https:\/\/centrourbano.com\/revista\/wp-json\/wp\/v2\/users\/73"}],"replies":[{"embeddable":true,"href":"https:\/\/centrourbano.com\/revista\/wp-json\/wp\/v2\/comments?post=120912"}],"version-history":[{"count":1,"href":"https:\/\/centrourbano.com\/revista\/wp-json\/wp\/v2\/posts\/120912\/revisions"}],"predecessor-version":[{"id":120914,"href":"https:\/\/centrourbano.com\/revista\/wp-json\/wp\/v2\/posts\/120912\/revisions\/120914"}],"wp:featuredmedia":[{"embeddable":true,"href":"https:\/\/centrourbano.com\/revista\/wp-json\/wp\/v2\/media\/120913"}],"wp:attachment":[{"href":"https:\/\/centrourbano.com\/revista\/wp-json\/wp\/v2\/media?parent=120912"}],"wp:term":[{"taxonomy":"category","embeddable":true,"href":"https:\/\/centrourbano.com\/revista\/wp-json\/wp\/v2\/categories?post=120912"},{"taxonomy":"post_tag","embeddable":true,"href":"https:\/\/centrourbano.com\/revista\/wp-json\/wp\/v2\/tags?post=120912"}],"curies":[{"name":"wp","href":"https:\/\/api.w.org\/{rel}","templated":true}]}}