{"id":1208,"date":"2013-11-26T09:05:01","date_gmt":"2013-11-26T15:05:01","guid":{"rendered":"http:\/\/centrourbano.com\/?p=1208"},"modified":"2014-03-20T10:23:05","modified_gmt":"2014-03-20T16:23:05","slug":"grupo-lala-impulsara-su-crecimiento","status":"publish","type":"post","link":"https:\/\/centrourbano.com\/revista\/construccion\/grupo-lala-impulsara-su-crecimiento\/","title":{"rendered":"Grupo Lala impulsar\u00e1 su crecimiento"},"content":{"rendered":"<p><em>En los pr\u00f3ximos dos a\u00f1os invertir\u00e1 alrededor de\u00a0400 millones de d\u00f3lares\u00a0en infraestructura y log\u00edstica con lo cual reforzar\u00e1n su posici\u00f3n financiera<\/em><\/p>\n<p>&nbsp;<\/p>\n<p><em><!--more--><\/em><\/p>\n<p>Con el prop\u00f3sito de de impulsar su crecimiento y fortalecer su posici\u00f3n en el mercado, Grupo Lala\u00a0invertir\u00e1, en los pr\u00f3ximos dos a\u00f1os, alrededor de\u00a0400 millones de d\u00f3lares\u00a0en infraestructura y log\u00edstica.<\/p>\n<p>&nbsp;<\/p>\n<p>Lo anterior despu\u00e9s de su entrada exitosa a la Bolsa Mexicana de Valores (BMV), lo cual refiri\u00f3 el presidente del consejo de la compa\u00f1\u00eda, Eduardo Tricio, fue un proyecto largamente anhelado, con el cual impulsar\u00e1n su crecimiento, al reforzar su posici\u00f3n financiera y prepararla para enfrentar oportunidades de cara al futuro.<\/p>\n<p>&nbsp;<\/p>\n<p>En tanto, dijo que tratar\u00e1n de fortalecer los negocios en donde ya tienen presencia e incursionar\u00e1n en nuevos productos y categor\u00edas, ya que en Lala ven el futuro con optimismo por lo que esperan que el 2014 sea el a\u00f1o de mayor inversi\u00f3n en M\u00e9xico en su historia.<\/p>\n<p>&nbsp;<\/p>\n<p>Por su parte, el director de finanzas de la empresa, Antonio Zamora, se\u00f1al\u00f3 que para 2014 y 2015 invertir\u00e1 200 millones de d\u00f3lares por a\u00f1o, para la expansi\u00f3n de plantas e incremento de su\u00a0flota de distribuci\u00f3n\u00a0primaria.<\/p>\n<p>&nbsp;<\/p>\n<p>Asimismo, a\u00f1adi\u00f3 que incrementar\u00e1n su programa de capex en los pr\u00f3ximos a\u00f1os de forma intensa ya que dentro de los proyectos est\u00e1 la expansi\u00f3n de complejos industriales de gran volumen, donde alcanzar\u00e1n econom\u00eda de escala para reducir los costos y ser m\u00e1s eficientes.<\/p>\n<p>&nbsp;<\/p>\n<p>Tambi\u00e9n coment\u00f3 que invertir\u00e1n en el incremento de su flota primaria que transporta producto de las f\u00e1bricas a los centros de distribuci\u00f3n, ya que en la actualidad s\u00f3lo 40% es propia y el resto pertenece a terceros.<\/p>\n<p>&nbsp;<\/p>\n<p>El directivo agreg\u00f3 que ven muchas oportunidades en los pa\u00edses donde participan, donde M\u00e9xico y Centroam\u00e9rica son los mercados prioritarios, sin embargo tambi\u00e9n identificar\u00e1n oportunidades en otras latitudes, principalmente en Am\u00e9rica Latina y algunos segmentos en Estados Unidos.<\/p>\n<p>&nbsp;<\/p>\n","protected":false},"excerpt":{"rendered":"<p>En los pr\u00f3ximos dos a\u00f1os invertir\u00e1 alrededor de\u00a0400 millones de d\u00f3lares\u00a0en infraestructura y log\u00edstica con lo cual reforzar\u00e1n su posici\u00f3n financiera &nbsp;<\/p>\n","protected":false},"author":9,"featured_media":16628,"comment_status":"open","ping_status":"closed","sticky":false,"template":"","format":"standard","meta":{"om_disable_all_campaigns":false,"inline_featured_image":false,"_monsterinsights_skip_tracking":false,"_monsterinsights_sitenote_active":false,"_monsterinsights_sitenote_note":"","_monsterinsights_sitenote_category":0,"footnotes":""},"categories":[14],"tags":[407,22,349,406,67],"class_list":["post-1208","post","type-post","status-publish","format-standard","has-post-thumbnail","hentry","category-construccion","tag-bmv","tag-construccion-2","tag-crecimiento","tag-grupo-lala","tag-inversion"],"yoast_head":"<!-- This site is optimized with the Yoast SEO plugin v27.4 - https:\/\/yoast.com\/product\/yoast-seo-wordpress\/ -->\n<title>Grupo Lala impulsar\u00e1 su crecimiento -<\/title>\n<meta name=\"description\" content=\"En los pr\u00f3ximos dos a\u00f1os invertir\u00e1 alrededor de\u00a0400 millones de d\u00f3lares\u00a0en infraestructura y log\u00edstica con lo cual reforzar\u00e1n su posici\u00f3n financiera\" \/>\n<meta name=\"robots\" content=\"index, follow, max-snippet:-1, max-image-preview:large, max-video-preview:-1\" \/>\n<link rel=\"canonical\" href=\"https:\/\/centrourbano.com\/revista\/construccion\/grupo-lala-impulsara-su-crecimiento\/\" \/>\n<meta property=\"og:locale\" content=\"es_ES\" \/>\n<meta property=\"og:type\" content=\"article\" \/>\n<meta property=\"og:title\" content=\"Grupo Lala impulsar\u00e1 su crecimiento -\" \/>\n<meta property=\"og:description\" content=\"En los pr\u00f3ximos dos a\u00f1os invertir\u00e1 alrededor de\u00a0400 millones de d\u00f3lares\u00a0en infraestructura y log\u00edstica con lo cual reforzar\u00e1n su posici\u00f3n financiera\" \/>\n<meta property=\"og:url\" content=\"https:\/\/centrourbano.com\/revista\/construccion\/grupo-lala-impulsara-su-crecimiento\/\" \/>\n<meta property=\"og:site_name\" content=\"Centro Urbano\" \/>\n<meta property=\"article:publisher\" content=\"https:\/\/www.facebook.com\/portalcentrourbano\" \/>\n<meta property=\"article:published_time\" content=\"2013-11-26T15:05:01+00:00\" \/>\n<meta property=\"article:modified_time\" content=\"2014-03-20T16:23:05+00:00\" \/>\n<meta property=\"og:image\" content=\"https:\/\/centrourbano.com\/revista\/wp-content\/uploads\/Lala1.jpg\" \/>\n\t<meta property=\"og:image:width\" content=\"400\" \/>\n\t<meta property=\"og:image:height\" content=\"236\" \/>\n\t<meta property=\"og:image:type\" content=\"image\/jpeg\" \/>\n<meta name=\"author\" content=\"Dinorah Nava\" \/>\n<meta name=\"twitter:card\" content=\"summary_large_image\" \/>\n<meta name=\"twitter:creator\" content=\"@https:\/\/twitter.com\/Dinorah_Nava28\" \/>\n<meta name=\"twitter:site\" content=\"@CentroUrbano\" \/>\n<meta name=\"twitter:label1\" content=\"Escrito por\" \/>\n\t<meta name=\"twitter:data1\" content=\"Dinorah Nava\" \/>\n\t<meta name=\"twitter:label2\" content=\"Tiempo de lectura\" \/>\n\t<meta name=\"twitter:data2\" content=\"2 minutos\" \/>\n<script type=\"application\/ld+json\" class=\"yoast-schema-graph\">{\"@context\":\"https:\\\/\\\/schema.org\",\"@graph\":[{\"@type\":\"Article\",\"@id\":\"https:\\\/\\\/centrourbano.com\\\/revista\\\/construccion\\\/grupo-lala-impulsara-su-crecimiento\\\/#article\",\"isPartOf\":{\"@id\":\"https:\\\/\\\/centrourbano.com\\\/revista\\\/construccion\\\/grupo-lala-impulsara-su-crecimiento\\\/\"},\"author\":{\"name\":\"Dinorah Nava\",\"@id\":\"https:\\\/\\\/centrourbano.com\\\/revista\\\/#\\\/schema\\\/person\\\/b45db815d96831257ba428a3d5a5fbdc\"},\"headline\":\"Grupo Lala impulsar\u00e1 su crecimiento\",\"datePublished\":\"2013-11-26T15:05:01+00:00\",\"dateModified\":\"2014-03-20T16:23:05+00:00\",\"mainEntityOfPage\":{\"@id\":\"https:\\\/\\\/centrourbano.com\\\/revista\\\/construccion\\\/grupo-lala-impulsara-su-crecimiento\\\/\"},\"wordCount\":363,\"commentCount\":0,\"publisher\":{\"@id\":\"https:\\\/\\\/centrourbano.com\\\/revista\\\/#organization\"},\"image\":{\"@id\":\"https:\\\/\\\/centrourbano.com\\\/revista\\\/construccion\\\/grupo-lala-impulsara-su-crecimiento\\\/#primaryimage\"},\"thumbnailUrl\":\"https:\\\/\\\/centrourbano.com\\\/revista\\\/wp-content\\\/uploads\\\/Lala1.jpg\",\"keywords\":[\"BMV\",\"construcci\u00f3n\",\"Crecimiento\",\"Grupo Lala\",\"inversi\u00f3n\"],\"articleSection\":[\"Construcci\u00f3n\"],\"inLanguage\":\"es\",\"potentialAction\":[{\"@type\":\"CommentAction\",\"name\":\"Comment\",\"target\":[\"https:\\\/\\\/centrourbano.com\\\/revista\\\/construccion\\\/grupo-lala-impulsara-su-crecimiento\\\/#respond\"]}]},{\"@type\":\"WebPage\",\"@id\":\"https:\\\/\\\/centrourbano.com\\\/revista\\\/construccion\\\/grupo-lala-impulsara-su-crecimiento\\\/\",\"url\":\"https:\\\/\\\/centrourbano.com\\\/revista\\\/construccion\\\/grupo-lala-impulsara-su-crecimiento\\\/\",\"name\":\"Grupo Lala impulsar\u00e1 su crecimiento -\",\"isPartOf\":{\"@id\":\"https:\\\/\\\/centrourbano.com\\\/revista\\\/#website\"},\"primaryImageOfPage\":{\"@id\":\"https:\\\/\\\/centrourbano.com\\\/revista\\\/construccion\\\/grupo-lala-impulsara-su-crecimiento\\\/#primaryimage\"},\"image\":{\"@id\":\"https:\\\/\\\/centrourbano.com\\\/revista\\\/construccion\\\/grupo-lala-impulsara-su-crecimiento\\\/#primaryimage\"},\"thumbnailUrl\":\"https:\\\/\\\/centrourbano.com\\\/revista\\\/wp-content\\\/uploads\\\/Lala1.jpg\",\"datePublished\":\"2013-11-26T15:05:01+00:00\",\"dateModified\":\"2014-03-20T16:23:05+00:00\",\"description\":\"En los pr\u00f3ximos dos a\u00f1os invertir\u00e1 alrededor de\u00a0400 millones de d\u00f3lares\u00a0en infraestructura y log\u00edstica con lo cual reforzar\u00e1n su posici\u00f3n financiera\",\"breadcrumb\":{\"@id\":\"https:\\\/\\\/centrourbano.com\\\/revista\\\/construccion\\\/grupo-lala-impulsara-su-crecimiento\\\/#breadcrumb\"},\"inLanguage\":\"es\",\"potentialAction\":[{\"@type\":\"ReadAction\",\"target\":[\"https:\\\/\\\/centrourbano.com\\\/revista\\\/construccion\\\/grupo-lala-impulsara-su-crecimiento\\\/\"]}]},{\"@type\":\"ImageObject\",\"inLanguage\":\"es\",\"@id\":\"https:\\\/\\\/centrourbano.com\\\/revista\\\/construccion\\\/grupo-lala-impulsara-su-crecimiento\\\/#primaryimage\",\"url\":\"https:\\\/\\\/centrourbano.com\\\/revista\\\/wp-content\\\/uploads\\\/Lala1.jpg\",\"contentUrl\":\"https:\\\/\\\/centrourbano.com\\\/revista\\\/wp-content\\\/uploads\\\/Lala1.jpg\",\"width\":400,\"height\":236},{\"@type\":\"BreadcrumbList\",\"@id\":\"https:\\\/\\\/centrourbano.com\\\/revista\\\/construccion\\\/grupo-lala-impulsara-su-crecimiento\\\/#breadcrumb\",\"itemListElement\":[{\"@type\":\"ListItem\",\"position\":1,\"name\":\"Portada\",\"item\":\"https:\\\/\\\/centrourbano.com\\\/revista\\\/\"},{\"@type\":\"ListItem\",\"position\":2,\"name\":\"Grupo Lala impulsar\u00e1 su crecimiento\"}]},{\"@type\":\"WebSite\",\"@id\":\"https:\\\/\\\/centrourbano.com\\\/revista\\\/#website\",\"url\":\"https:\\\/\\\/centrourbano.com\\\/revista\\\/\",\"name\":\"Centro Urbano\",\"description\":\"Medio especializado en los sectores vivienda, inmobiliario, construcci\u00f3n, arquitectura y urbanismo.\",\"publisher\":{\"@id\":\"https:\\\/\\\/centrourbano.com\\\/revista\\\/#organization\"},\"potentialAction\":[{\"@type\":\"SearchAction\",\"target\":{\"@type\":\"EntryPoint\",\"urlTemplate\":\"https:\\\/\\\/centrourbano.com\\\/revista\\\/?s={search_term_string}\"},\"query-input\":{\"@type\":\"PropertyValueSpecification\",\"valueRequired\":true,\"valueName\":\"search_term_string\"}}],\"inLanguage\":\"es\"},{\"@type\":\"Organization\",\"@id\":\"https:\\\/\\\/centrourbano.com\\\/revista\\\/#organization\",\"name\":\"Centro Urbano\",\"url\":\"https:\\\/\\\/centrourbano.com\\\/revista\\\/\",\"logo\":{\"@type\":\"ImageObject\",\"inLanguage\":\"es\",\"@id\":\"https:\\\/\\\/centrourbano.com\\\/revista\\\/#\\\/schema\\\/logo\\\/image\\\/\",\"url\":\"https:\\\/\\\/centrourbano.com\\\/revista\\\/wp-content\\\/uploads\\\/web_CU_logo-1.png\",\"contentUrl\":\"https:\\\/\\\/centrourbano.com\\\/revista\\\/wp-content\\\/uploads\\\/web_CU_logo-1.png\",\"width\":350,\"height\":91,\"caption\":\"Centro Urbano\"},\"image\":{\"@id\":\"https:\\\/\\\/centrourbano.com\\\/revista\\\/#\\\/schema\\\/logo\\\/image\\\/\"},\"sameAs\":[\"https:\\\/\\\/www.facebook.com\\\/portalcentrourbano\",\"https:\\\/\\\/x.com\\\/CentroUrbano\",\"https:\\\/\\\/www.instagram.com\\\/centro_urbano\\\/\",\"https:\\\/\\\/www.linkedin.com\\\/company\\\/centro-urbano\\\/\",\"http:\\\/\\\/www.youtube.com\\\/user\\\/portalcentrourbano\"]},{\"@type\":\"Person\",\"@id\":\"https:\\\/\\\/centrourbano.com\\\/revista\\\/#\\\/schema\\\/person\\\/b45db815d96831257ba428a3d5a5fbdc\",\"name\":\"Dinorah Nava\",\"image\":{\"@type\":\"ImageObject\",\"inLanguage\":\"es\",\"@id\":\"https:\\\/\\\/secure.gravatar.com\\\/avatar\\\/f6ca6430c51d147f363940f84e1225aa4b8183885c11802cc3b042305a4ecc1a?s=96&d=mm&r=g\",\"url\":\"https:\\\/\\\/secure.gravatar.com\\\/avatar\\\/f6ca6430c51d147f363940f84e1225aa4b8183885c11802cc3b042305a4ecc1a?s=96&d=mm&r=g\",\"contentUrl\":\"https:\\\/\\\/secure.gravatar.com\\\/avatar\\\/f6ca6430c51d147f363940f84e1225aa4b8183885c11802cc3b042305a4ecc1a?s=96&d=mm&r=g\",\"caption\":\"Dinorah Nava\"},\"description\":\"Editora de Contenidos y Estrategias Digitales en Centro Urbano y Coeditora en Peri\u00f3dico Mi Casa. Egresada de la licenciatura en Comunicaci\u00f3n y Periodismo de la Facultad de Estudios Superiores Arag\u00f3n (UNAM). Amante de la edici\u00f3n y correcci\u00f3n de estilo, las redes sociales y el mundo digital. Especialista en temas son arquitectura, inmobiliario y urbanismo.\",\"sameAs\":[\"linkedin.com\\\/in\\\/dinorah-nava\",\"https:\\\/\\\/x.com\\\/https:\\\/\\\/twitter.com\\\/Dinorah_Nava28\"],\"url\":\"https:\\\/\\\/centrourbano.com\\\/revista\\\/author\\\/dinorah-nava\\\/\"}]}<\/script>\n<!-- \/ Yoast SEO plugin. -->","yoast_head_json":{"title":"Grupo Lala impulsar\u00e1 su crecimiento -","description":"En los pr\u00f3ximos dos a\u00f1os invertir\u00e1 alrededor de\u00a0400 millones de d\u00f3lares\u00a0en infraestructura y log\u00edstica con lo cual reforzar\u00e1n su posici\u00f3n financiera","robots":{"index":"index","follow":"follow","max-snippet":"max-snippet:-1","max-image-preview":"max-image-preview:large","max-video-preview":"max-video-preview:-1"},"canonical":"https:\/\/centrourbano.com\/revista\/construccion\/grupo-lala-impulsara-su-crecimiento\/","og_locale":"es_ES","og_type":"article","og_title":"Grupo Lala impulsar\u00e1 su crecimiento -","og_description":"En los pr\u00f3ximos dos a\u00f1os invertir\u00e1 alrededor de\u00a0400 millones de d\u00f3lares\u00a0en infraestructura y log\u00edstica con lo cual reforzar\u00e1n su posici\u00f3n financiera","og_url":"https:\/\/centrourbano.com\/revista\/construccion\/grupo-lala-impulsara-su-crecimiento\/","og_site_name":"Centro Urbano","article_publisher":"https:\/\/www.facebook.com\/portalcentrourbano","article_published_time":"2013-11-26T15:05:01+00:00","article_modified_time":"2014-03-20T16:23:05+00:00","og_image":[{"width":400,"height":236,"url":"https:\/\/centrourbano.com\/revista\/wp-content\/uploads\/Lala1.jpg","type":"image\/jpeg"}],"author":"Dinorah Nava","twitter_card":"summary_large_image","twitter_creator":"@https:\/\/twitter.com\/Dinorah_Nava28","twitter_site":"@CentroUrbano","twitter_misc":{"Escrito por":"Dinorah Nava","Tiempo de lectura":"2 minutos"},"schema":{"@context":"https:\/\/schema.org","@graph":[{"@type":"Article","@id":"https:\/\/centrourbano.com\/revista\/construccion\/grupo-lala-impulsara-su-crecimiento\/#article","isPartOf":{"@id":"https:\/\/centrourbano.com\/revista\/construccion\/grupo-lala-impulsara-su-crecimiento\/"},"author":{"name":"Dinorah Nava","@id":"https:\/\/centrourbano.com\/revista\/#\/schema\/person\/b45db815d96831257ba428a3d5a5fbdc"},"headline":"Grupo Lala impulsar\u00e1 su crecimiento","datePublished":"2013-11-26T15:05:01+00:00","dateModified":"2014-03-20T16:23:05+00:00","mainEntityOfPage":{"@id":"https:\/\/centrourbano.com\/revista\/construccion\/grupo-lala-impulsara-su-crecimiento\/"},"wordCount":363,"commentCount":0,"publisher":{"@id":"https:\/\/centrourbano.com\/revista\/#organization"},"image":{"@id":"https:\/\/centrourbano.com\/revista\/construccion\/grupo-lala-impulsara-su-crecimiento\/#primaryimage"},"thumbnailUrl":"https:\/\/centrourbano.com\/revista\/wp-content\/uploads\/Lala1.jpg","keywords":["BMV","construcci\u00f3n","Crecimiento","Grupo Lala","inversi\u00f3n"],"articleSection":["Construcci\u00f3n"],"inLanguage":"es","potentialAction":[{"@type":"CommentAction","name":"Comment","target":["https:\/\/centrourbano.com\/revista\/construccion\/grupo-lala-impulsara-su-crecimiento\/#respond"]}]},{"@type":"WebPage","@id":"https:\/\/centrourbano.com\/revista\/construccion\/grupo-lala-impulsara-su-crecimiento\/","url":"https:\/\/centrourbano.com\/revista\/construccion\/grupo-lala-impulsara-su-crecimiento\/","name":"Grupo Lala impulsar\u00e1 su crecimiento -","isPartOf":{"@id":"https:\/\/centrourbano.com\/revista\/#website"},"primaryImageOfPage":{"@id":"https:\/\/centrourbano.com\/revista\/construccion\/grupo-lala-impulsara-su-crecimiento\/#primaryimage"},"image":{"@id":"https:\/\/centrourbano.com\/revista\/construccion\/grupo-lala-impulsara-su-crecimiento\/#primaryimage"},"thumbnailUrl":"https:\/\/centrourbano.com\/revista\/wp-content\/uploads\/Lala1.jpg","datePublished":"2013-11-26T15:05:01+00:00","dateModified":"2014-03-20T16:23:05+00:00","description":"En los pr\u00f3ximos dos a\u00f1os invertir\u00e1 alrededor de\u00a0400 millones de d\u00f3lares\u00a0en infraestructura y log\u00edstica con lo cual reforzar\u00e1n su posici\u00f3n financiera","breadcrumb":{"@id":"https:\/\/centrourbano.com\/revista\/construccion\/grupo-lala-impulsara-su-crecimiento\/#breadcrumb"},"inLanguage":"es","potentialAction":[{"@type":"ReadAction","target":["https:\/\/centrourbano.com\/revista\/construccion\/grupo-lala-impulsara-su-crecimiento\/"]}]},{"@type":"ImageObject","inLanguage":"es","@id":"https:\/\/centrourbano.com\/revista\/construccion\/grupo-lala-impulsara-su-crecimiento\/#primaryimage","url":"https:\/\/centrourbano.com\/revista\/wp-content\/uploads\/Lala1.jpg","contentUrl":"https:\/\/centrourbano.com\/revista\/wp-content\/uploads\/Lala1.jpg","width":400,"height":236},{"@type":"BreadcrumbList","@id":"https:\/\/centrourbano.com\/revista\/construccion\/grupo-lala-impulsara-su-crecimiento\/#breadcrumb","itemListElement":[{"@type":"ListItem","position":1,"name":"Portada","item":"https:\/\/centrourbano.com\/revista\/"},{"@type":"ListItem","position":2,"name":"Grupo Lala impulsar\u00e1 su crecimiento"}]},{"@type":"WebSite","@id":"https:\/\/centrourbano.com\/revista\/#website","url":"https:\/\/centrourbano.com\/revista\/","name":"Centro Urbano","description":"Medio especializado en los sectores vivienda, inmobiliario, construcci\u00f3n, arquitectura y urbanismo.","publisher":{"@id":"https:\/\/centrourbano.com\/revista\/#organization"},"potentialAction":[{"@type":"SearchAction","target":{"@type":"EntryPoint","urlTemplate":"https:\/\/centrourbano.com\/revista\/?s={search_term_string}"},"query-input":{"@type":"PropertyValueSpecification","valueRequired":true,"valueName":"search_term_string"}}],"inLanguage":"es"},{"@type":"Organization","@id":"https:\/\/centrourbano.com\/revista\/#organization","name":"Centro Urbano","url":"https:\/\/centrourbano.com\/revista\/","logo":{"@type":"ImageObject","inLanguage":"es","@id":"https:\/\/centrourbano.com\/revista\/#\/schema\/logo\/image\/","url":"https:\/\/centrourbano.com\/revista\/wp-content\/uploads\/web_CU_logo-1.png","contentUrl":"https:\/\/centrourbano.com\/revista\/wp-content\/uploads\/web_CU_logo-1.png","width":350,"height":91,"caption":"Centro Urbano"},"image":{"@id":"https:\/\/centrourbano.com\/revista\/#\/schema\/logo\/image\/"},"sameAs":["https:\/\/www.facebook.com\/portalcentrourbano","https:\/\/x.com\/CentroUrbano","https:\/\/www.instagram.com\/centro_urbano\/","https:\/\/www.linkedin.com\/company\/centro-urbano\/","http:\/\/www.youtube.com\/user\/portalcentrourbano"]},{"@type":"Person","@id":"https:\/\/centrourbano.com\/revista\/#\/schema\/person\/b45db815d96831257ba428a3d5a5fbdc","name":"Dinorah Nava","image":{"@type":"ImageObject","inLanguage":"es","@id":"https:\/\/secure.gravatar.com\/avatar\/f6ca6430c51d147f363940f84e1225aa4b8183885c11802cc3b042305a4ecc1a?s=96&d=mm&r=g","url":"https:\/\/secure.gravatar.com\/avatar\/f6ca6430c51d147f363940f84e1225aa4b8183885c11802cc3b042305a4ecc1a?s=96&d=mm&r=g","contentUrl":"https:\/\/secure.gravatar.com\/avatar\/f6ca6430c51d147f363940f84e1225aa4b8183885c11802cc3b042305a4ecc1a?s=96&d=mm&r=g","caption":"Dinorah Nava"},"description":"Editora de Contenidos y Estrategias Digitales en Centro Urbano y Coeditora en Peri\u00f3dico Mi Casa. Egresada de la licenciatura en Comunicaci\u00f3n y Periodismo de la Facultad de Estudios Superiores Arag\u00f3n (UNAM). Amante de la edici\u00f3n y correcci\u00f3n de estilo, las redes sociales y el mundo digital. Especialista en temas son arquitectura, inmobiliario y urbanismo.","sameAs":["linkedin.com\/in\/dinorah-nava","https:\/\/x.com\/https:\/\/twitter.com\/Dinorah_Nava28"],"url":"https:\/\/centrourbano.com\/revista\/author\/dinorah-nava\/"}]}},"_links":{"self":[{"href":"https:\/\/centrourbano.com\/revista\/wp-json\/wp\/v2\/posts\/1208","targetHints":{"allow":["GET"]}}],"collection":[{"href":"https:\/\/centrourbano.com\/revista\/wp-json\/wp\/v2\/posts"}],"about":[{"href":"https:\/\/centrourbano.com\/revista\/wp-json\/wp\/v2\/types\/post"}],"author":[{"embeddable":true,"href":"https:\/\/centrourbano.com\/revista\/wp-json\/wp\/v2\/users\/9"}],"replies":[{"embeddable":true,"href":"https:\/\/centrourbano.com\/revista\/wp-json\/wp\/v2\/comments?post=1208"}],"version-history":[{"count":0,"href":"https:\/\/centrourbano.com\/revista\/wp-json\/wp\/v2\/posts\/1208\/revisions"}],"wp:featuredmedia":[{"embeddable":true,"href":"https:\/\/centrourbano.com\/revista\/wp-json\/wp\/v2\/media\/16628"}],"wp:attachment":[{"href":"https:\/\/centrourbano.com\/revista\/wp-json\/wp\/v2\/media?parent=1208"}],"wp:term":[{"taxonomy":"category","embeddable":true,"href":"https:\/\/centrourbano.com\/revista\/wp-json\/wp\/v2\/categories?post=1208"},{"taxonomy":"post_tag","embeddable":true,"href":"https:\/\/centrourbano.com\/revista\/wp-json\/wp\/v2\/tags?post=1208"}],"curies":[{"name":"wp","href":"https:\/\/api.w.org\/{rel}","templated":true}]}}