{"id":120227,"date":"2021-08-02T18:12:33","date_gmt":"2021-08-02T23:12:33","guid":{"rendered":"https:\/\/centrourbano.com\/?p=120227"},"modified":"2021-08-02T18:12:33","modified_gmt":"2021-08-02T23:12:33","slug":"la-evaluacion-de-impacto-social-como-instrumento-de-participacion","status":"publish","type":"post","link":"https:\/\/centrourbano.com\/revista\/opinion\/la-evaluacion-de-impacto-social-como-instrumento-de-participacion\/","title":{"rendered":"La Evaluaci\u00f3n de Impacto Social como instrumento de participaci\u00f3n"},"content":{"rendered":"<p><strong>Por Carmen Contreras*<\/strong><!--more--><\/p>\n<p>Dentro de las diversas dimensiones sobre el \u201cDerecho a la Ciudad\u201d establecido en la Constituci\u00f3n de la Ciudad de M\u00e9xico, hay una que se refiere a las transformaciones urbanas y\u00a0 la participaci\u00f3n de la sociedad en distintos niveles: desde brindar informaci\u00f3n para la planeaci\u00f3n participativa, hasta la formulaci\u00f3n de leyes y pol\u00edticas p\u00fablicas.<\/p>\n<p>Una Evaluaci\u00f3n de Impacto Social de los proyectos y obras de construcci\u00f3n es un instrumento de participaci\u00f3n ya que incluye las opiniones y percepciones de las poblaciones directamente afectadas por la intervenci\u00f3n p\u00fablica o privada.<\/p>\n<p>Con este tipo de evaluaciones se detectan las necesidades del entorno y se dise\u00f1an las medidas de mitigaci\u00f3n con un enfoque social. Estas \u00faltimas se orientan al reconocimiento de los derechos constitucionales en la Ciudad de M\u00e9xico.<\/p>\n<p>Sin embargo, no es sencillo definir qui\u00e9nes son las personas a las que debemos \u00e9ticamente preguntar sus opiniones y\/o percepciones para tener una mejor idea de c\u00f3mo afectaremos sus vidas y entornos f\u00edsicos con una obra.<\/p>\n<p>Algunas poblaciones son afectadas de manera directa y otras est\u00e1n \u201clejos\u201d del territorio, pero involucradas como usuarias del espacio p\u00fablico y el transporte, o en el futuro sustentable de la ciudad, como en el caso del acceso al agua.<\/p>\n<p>En una Evaluaci\u00f3n de Impacto Social, adem\u00e1s de definir un per\u00edmetro territorial que puede ser analizado a trav\u00e9s de estad\u00edsticas socio-demogr\u00e1ficas, mapeos de infraestructura urbana, cobertura de servicios, etc.; tambi\u00e9n hay que utilizar instrumentos cualitativos para conocer opiniones y percepciones de las personas. Se necesita llegar a vislumbrar: la interacci\u00f3n social, el contexto socio-cultural de las poblaciones y, por ende, sus necesidades, ya que estas deben ser el centro de las medidas de mitigaci\u00f3n de nuestros proyectos.<\/p>\n<p>Propongo analizar en todo caso el medio urbano como producto social. En su obra \u201cLa ideolog\u00eda urbana\u201d, Manuel Castells nos da una pista de c\u00f3mo analizar la ciudad en tanto producto social se\u00f1alando que los medios urbanos espec\u00edficos deben ser comprendidos en la relaci\u00f3n espacio-sociedad, la cual debe quedar establecida m\u00e1s como problem\u00e1tica y como objeto de estudio.<\/p>\n<p>Para \u201caterrizar\u201d esta gran idea, el Instituto Internacional para el Desarrollo Sustentable de Winnipeg, Canad\u00e1 (Institute for Sustainable Development), nos da luz sobre los aspectos sociales de las Evaluaciones de Impacto Social de los megaproyectos. Tom\u00e9moslos como referencia para delimitar tanto una poblaci\u00f3n como un \u00e1rea de estudio y para saber a qui\u00e9nes debemos involucrar:<!--more--><\/p>\n<table style=\"width: 96.8333%; height: 499px;\" width=\"624\">\n<tbody>\n<tr>\n<td style=\"text-align: center;\" width=\"184\">Caracter\u00edsticas de la poblaci\u00f3n\u00a0(par\u00e1metros, proyecciones de crecimiento, etc.).<\/p>\n<p>&nbsp;<\/p>\n<p>Caracter\u00edsticas<\/p>\n<p>socioculturales (minor\u00edas \u00e9tnicas, h\u00e1bitos, poblaci\u00f3n de inter\u00e9s especial).<\/td>\n<td style=\"text-align: center;\" width=\"203\">Impactos de la comunidad:<\/p>\n<p>impacto en los pobres, personas de bajos ingresos; impactos en la cultura,\u00a0patrimonio; impactos sociales (acceso a puestos de trabajo, alimentos,\u00a0energ\u00eda), est\u00e9ticas.<\/td>\n<td style=\"text-align: center;\" width=\"236\">Recursos visuales (descripci\u00f3n f\u00edsica de la\u00a0comunidad); \u00e1reas naturales de valor paisaj\u00edstico significativo;<\/p>\n<p>identificaci\u00f3n de estructuras con dise\u00f1o arquitect\u00f3nico significativo; etc.).<\/p>\n<p>&nbsp;<\/p>\n<p>Recursos hist\u00f3ricos y arqueol\u00f3gicos (\u00e1reas o estructuras hist\u00f3ricas que<\/p>\n<p style=\"text-align: center;\">figuran en lista, seg\u00fan designaci\u00f3n nacional o de la comunidad; sitios de\u00a0valor arqueol\u00f3gico posiblemente significativo).<\/p>\n<\/td>\n<\/tr>\n<\/tbody>\n<\/table>\n<p>&nbsp;<\/p>\n<p><!--more--><\/p>\n<p>Lo anterior implica un acercamiento a las personas desde el dise\u00f1o de nuestros proyectos de obras o inmobiliarios. El \u00e1rea de influencia de un proyecto no implica solo lo que las leyes nos indican como una superficie en un plano. Hay poblaciones a las que las medidas de mitigaci\u00f3n persiguen beneficiar y que deben contar con medios para involucrarse en los procesos de detecci\u00f3n de necesidades aportando sus opiniones y percepciones. Estas poblaciones se pueden clasificar como sigue:<\/p>\n<ul>\n<li>La poblaci\u00f3n de referencia como una muestra del universo de poblaci\u00f3n que habita la demarcaci\u00f3n territorial en una alcald\u00eda o varias (para el caso de la Ciudad de M\u00e9xico).<\/li>\n<li>La poblaci\u00f3n potencial que se encuentra dentro de la poblaci\u00f3n de referencia, es decir, aquella que es afectada directamente por un proyecto por residir en el entorno inmediato a este. La poblaci\u00f3n potencial es tambi\u00e9n la que aporta la informaci\u00f3n de primera mano para el conocimiento del entorno. La definici\u00f3n de \u201centorno\u201d de Ver\u00f3nica Z\u00e1rate Toscano del Instituto Mora nos dice que este se compone de \u201cfactores o circunstancias que se relacionan con temas pol\u00edtico-administrativos, modificaciones en la planta urbana, aprovechamiento de espacios p\u00fablicos y privados y la utilizaci\u00f3n del espacio p\u00fablico como escenario.\u201d A quienes debemos involucrar en la definici\u00f3n de un proyecto y sus mitigaciones es, en este caso, a las personas de las colonias, barrios y calles aleda\u00f1as, as\u00ed como a las y los usuarios de espacios de tr\u00e1nsito, peatonales y ocupados para la convivencia.<\/li>\n<\/ul>\n<p>A trav\u00e9s de estas definiciones, es posible que nuestros proyectos logren mejorar los entornos, contribuyan a disminuir las brechas de desigualdad urbana y tengan el fin social que tanto se menciona en la Constituci\u00f3n de la Ciudad de M\u00e9xico. Vale la pena por ello incluir las Evaluaciones de Impacto Social en todos nuestros proyectos, aunque la ley no nos obligue.<!--more--><\/p>\n<img loading=\"lazy\" decoding=\"async\" class=\"wp-image-120228 size-full aligncenter\" src=\"https:\/\/centrourbano.com\/revista\/wp-content\/uploads\/1-23.jpg\" alt=\"\" width=\"351\" height=\"468\" srcset=\"https:\/\/centrourbano.com\/revista\/wp-content\/uploads\/1-23.jpg 351w, https:\/\/centrourbano.com\/revista\/wp-content\/uploads\/1-23-225x300.jpg 225w\" sizes=\"auto, (max-width: 351px) 100vw, 351px\" \/>\n<p>&nbsp;<\/p>\n<p><!--more--><\/p>\n<p style=\"text-align: right;\"><strong>Texto y fotograf\u00eda: Carmen Contreras<\/strong><\/p>\n<p style=\"text-align: right;\"><strong>*Directora de Perspectivas de IG y Consultora en Desarrollo Urbano con Perspectiva de G\u00e9nero<\/strong><\/p>\n<p style=\"text-align: right;\"><a href=\"https:\/\/twitter.com\/Utopia_Urbana\" target=\"_blank\" rel=\"noopener\"><strong>@Utopia_Urbana<\/strong><\/a><\/p>\n","protected":false},"excerpt":{"rendered":"<p>Por Carmen Contreras*<\/p>\n","protected":false},"author":79,"featured_media":120229,"comment_status":"open","ping_status":"closed","sticky":false,"template":"","format":"standard","meta":{"om_disable_all_campaigns":false,"inline_featured_image":false,"_monsterinsights_skip_tracking":false,"_monsterinsights_sitenote_active":false,"_monsterinsights_sitenote_note":"","_monsterinsights_sitenote_category":0,"footnotes":""},"categories":[5817,5,82],"tags":[17738,7888,19266],"class_list":["post-120227","post","type-post","status-publish","format-standard","has-post-thumbnail","hentry","category-blog-de-urbanismo","category-opinion","category-urbanismo","tag-carmen-contreras","tag-derecho-a-la-ciudad","tag-impacto-social"],"yoast_head":"<!-- This site is optimized with the Yoast SEO plugin v27.4 - https:\/\/yoast.com\/product\/yoast-seo-wordpress\/ -->\n<title>La Evaluaci\u00f3n de Impacto Social como instrumento de participaci\u00f3n -<\/title>\n<meta name=\"description\" content=\"Por Carmen Contreras* Dentro de las diversas dimensiones sobre el \u201cDerecho a la Ciudad\u201d establecido en la Constituci\u00f3n de la Ciudad de M\u00e9xico, hay una que\" \/>\n<meta name=\"robots\" content=\"index, follow, max-snippet:-1, max-image-preview:large, max-video-preview:-1\" \/>\n<link rel=\"canonical\" href=\"https:\/\/centrourbano.com\/revista\/opinion\/la-evaluacion-de-impacto-social-como-instrumento-de-participacion\/\" \/>\n<meta property=\"og:locale\" content=\"es_ES\" \/>\n<meta property=\"og:type\" content=\"article\" \/>\n<meta property=\"og:title\" content=\"La Evaluaci\u00f3n de Impacto Social como instrumento de participaci\u00f3n -\" \/>\n<meta property=\"og:description\" content=\"Por Carmen Contreras* Dentro de las diversas dimensiones sobre el \u201cDerecho a la Ciudad\u201d establecido en la Constituci\u00f3n de la Ciudad de M\u00e9xico, hay una que\" \/>\n<meta property=\"og:url\" content=\"https:\/\/centrourbano.com\/revista\/opinion\/la-evaluacion-de-impacto-social-como-instrumento-de-participacion\/\" \/>\n<meta property=\"og:site_name\" content=\"Centro Urbano\" \/>\n<meta property=\"article:publisher\" content=\"https:\/\/www.facebook.com\/portalcentrourbano\" \/>\n<meta property=\"article:published_time\" content=\"2021-08-02T23:12:33+00:00\" \/>\n<meta property=\"og:image\" content=\"https:\/\/centrourbano.com\/revista\/wp-content\/uploads\/Carmen-Contreras-columna-9.jpg\" \/>\n\t<meta property=\"og:image:width\" content=\"800\" \/>\n\t<meta property=\"og:image:height\" content=\"800\" \/>\n\t<meta property=\"og:image:type\" content=\"image\/jpeg\" \/>\n<meta name=\"author\" content=\"Columnista invitado\" \/>\n<meta name=\"twitter:card\" content=\"summary_large_image\" \/>\n<meta name=\"twitter:creator\" content=\"@CentroUrbano\" \/>\n<meta name=\"twitter:site\" content=\"@CentroUrbano\" \/>\n<meta name=\"twitter:label1\" content=\"Escrito por\" \/>\n\t<meta name=\"twitter:data1\" content=\"Columnista invitado\" \/>\n\t<meta name=\"twitter:label2\" content=\"Tiempo de lectura\" \/>\n\t<meta name=\"twitter:data2\" content=\"5 minutos\" \/>\n<script type=\"application\/ld+json\" class=\"yoast-schema-graph\">{\"@context\":\"https:\\\/\\\/schema.org\",\"@graph\":[{\"@type\":\"Article\",\"@id\":\"https:\\\/\\\/centrourbano.com\\\/revista\\\/opinion\\\/la-evaluacion-de-impacto-social-como-instrumento-de-participacion\\\/#article\",\"isPartOf\":{\"@id\":\"https:\\\/\\\/centrourbano.com\\\/revista\\\/opinion\\\/la-evaluacion-de-impacto-social-como-instrumento-de-participacion\\\/\"},\"author\":{\"name\":\"Columnista invitado\",\"@id\":\"https:\\\/\\\/centrourbano.com\\\/revista\\\/#\\\/schema\\\/person\\\/e6418535cf1773eb361a8547aef500f5\"},\"headline\":\"La Evaluaci\u00f3n de Impacto Social como instrumento de participaci\u00f3n\",\"datePublished\":\"2021-08-02T23:12:33+00:00\",\"mainEntityOfPage\":{\"@id\":\"https:\\\/\\\/centrourbano.com\\\/revista\\\/opinion\\\/la-evaluacion-de-impacto-social-como-instrumento-de-participacion\\\/\"},\"wordCount\":916,\"commentCount\":0,\"publisher\":{\"@id\":\"https:\\\/\\\/centrourbano.com\\\/revista\\\/#organization\"},\"image\":{\"@id\":\"https:\\\/\\\/centrourbano.com\\\/revista\\\/opinion\\\/la-evaluacion-de-impacto-social-como-instrumento-de-participacion\\\/#primaryimage\"},\"thumbnailUrl\":\"https:\\\/\\\/centrourbano.com\\\/revista\\\/wp-content\\\/uploads\\\/Carmen-Contreras-columna-9.jpg\",\"keywords\":[\"Carmen Contreras\",\"Derecho a la Ciudad\",\"impacto social\"],\"articleSection\":[\"Hablemos de Urbanismo\",\"Opini\u00f3n\",\"Urbanismo\"],\"inLanguage\":\"es\",\"potentialAction\":[{\"@type\":\"CommentAction\",\"name\":\"Comment\",\"target\":[\"https:\\\/\\\/centrourbano.com\\\/revista\\\/opinion\\\/la-evaluacion-de-impacto-social-como-instrumento-de-participacion\\\/#respond\"]}]},{\"@type\":\"WebPage\",\"@id\":\"https:\\\/\\\/centrourbano.com\\\/revista\\\/opinion\\\/la-evaluacion-de-impacto-social-como-instrumento-de-participacion\\\/\",\"url\":\"https:\\\/\\\/centrourbano.com\\\/revista\\\/opinion\\\/la-evaluacion-de-impacto-social-como-instrumento-de-participacion\\\/\",\"name\":\"La Evaluaci\u00f3n de Impacto Social como instrumento de participaci\u00f3n -\",\"isPartOf\":{\"@id\":\"https:\\\/\\\/centrourbano.com\\\/revista\\\/#website\"},\"primaryImageOfPage\":{\"@id\":\"https:\\\/\\\/centrourbano.com\\\/revista\\\/opinion\\\/la-evaluacion-de-impacto-social-como-instrumento-de-participacion\\\/#primaryimage\"},\"image\":{\"@id\":\"https:\\\/\\\/centrourbano.com\\\/revista\\\/opinion\\\/la-evaluacion-de-impacto-social-como-instrumento-de-participacion\\\/#primaryimage\"},\"thumbnailUrl\":\"https:\\\/\\\/centrourbano.com\\\/revista\\\/wp-content\\\/uploads\\\/Carmen-Contreras-columna-9.jpg\",\"datePublished\":\"2021-08-02T23:12:33+00:00\",\"description\":\"Por Carmen Contreras* Dentro de las diversas dimensiones sobre el \u201cDerecho a la Ciudad\u201d establecido en la Constituci\u00f3n de la Ciudad de M\u00e9xico, hay una que\",\"breadcrumb\":{\"@id\":\"https:\\\/\\\/centrourbano.com\\\/revista\\\/opinion\\\/la-evaluacion-de-impacto-social-como-instrumento-de-participacion\\\/#breadcrumb\"},\"inLanguage\":\"es\",\"potentialAction\":[{\"@type\":\"ReadAction\",\"target\":[\"https:\\\/\\\/centrourbano.com\\\/revista\\\/opinion\\\/la-evaluacion-de-impacto-social-como-instrumento-de-participacion\\\/\"]}]},{\"@type\":\"ImageObject\",\"inLanguage\":\"es\",\"@id\":\"https:\\\/\\\/centrourbano.com\\\/revista\\\/opinion\\\/la-evaluacion-de-impacto-social-como-instrumento-de-participacion\\\/#primaryimage\",\"url\":\"https:\\\/\\\/centrourbano.com\\\/revista\\\/wp-content\\\/uploads\\\/Carmen-Contreras-columna-9.jpg\",\"contentUrl\":\"https:\\\/\\\/centrourbano.com\\\/revista\\\/wp-content\\\/uploads\\\/Carmen-Contreras-columna-9.jpg\",\"width\":800,\"height\":800,\"caption\":\"Una Evaluaci\u00f3n de Impacto Social de los proyectos y obras de construcci\u00f3n es un instrumento de participaci\u00f3n\"},{\"@type\":\"BreadcrumbList\",\"@id\":\"https:\\\/\\\/centrourbano.com\\\/revista\\\/opinion\\\/la-evaluacion-de-impacto-social-como-instrumento-de-participacion\\\/#breadcrumb\",\"itemListElement\":[{\"@type\":\"ListItem\",\"position\":1,\"name\":\"Portada\",\"item\":\"https:\\\/\\\/centrourbano.com\\\/revista\\\/\"},{\"@type\":\"ListItem\",\"position\":2,\"name\":\"La Evaluaci\u00f3n de Impacto Social como instrumento de participaci\u00f3n\"}]},{\"@type\":\"WebSite\",\"@id\":\"https:\\\/\\\/centrourbano.com\\\/revista\\\/#website\",\"url\":\"https:\\\/\\\/centrourbano.com\\\/revista\\\/\",\"name\":\"Centro Urbano\",\"description\":\"Medio especializado en los sectores vivienda, inmobiliario, construcci\u00f3n, arquitectura y urbanismo.\",\"publisher\":{\"@id\":\"https:\\\/\\\/centrourbano.com\\\/revista\\\/#organization\"},\"potentialAction\":[{\"@type\":\"SearchAction\",\"target\":{\"@type\":\"EntryPoint\",\"urlTemplate\":\"https:\\\/\\\/centrourbano.com\\\/revista\\\/?s={search_term_string}\"},\"query-input\":{\"@type\":\"PropertyValueSpecification\",\"valueRequired\":true,\"valueName\":\"search_term_string\"}}],\"inLanguage\":\"es\"},{\"@type\":\"Organization\",\"@id\":\"https:\\\/\\\/centrourbano.com\\\/revista\\\/#organization\",\"name\":\"Centro Urbano\",\"url\":\"https:\\\/\\\/centrourbano.com\\\/revista\\\/\",\"logo\":{\"@type\":\"ImageObject\",\"inLanguage\":\"es\",\"@id\":\"https:\\\/\\\/centrourbano.com\\\/revista\\\/#\\\/schema\\\/logo\\\/image\\\/\",\"url\":\"https:\\\/\\\/centrourbano.com\\\/revista\\\/wp-content\\\/uploads\\\/web_CU_logo-1.png\",\"contentUrl\":\"https:\\\/\\\/centrourbano.com\\\/revista\\\/wp-content\\\/uploads\\\/web_CU_logo-1.png\",\"width\":350,\"height\":91,\"caption\":\"Centro Urbano\"},\"image\":{\"@id\":\"https:\\\/\\\/centrourbano.com\\\/revista\\\/#\\\/schema\\\/logo\\\/image\\\/\"},\"sameAs\":[\"https:\\\/\\\/www.facebook.com\\\/portalcentrourbano\",\"https:\\\/\\\/x.com\\\/CentroUrbano\",\"https:\\\/\\\/www.instagram.com\\\/centro_urbano\\\/\",\"https:\\\/\\\/www.linkedin.com\\\/company\\\/centro-urbano\\\/\",\"http:\\\/\\\/www.youtube.com\\\/user\\\/portalcentrourbano\"]},{\"@type\":\"Person\",\"@id\":\"https:\\\/\\\/centrourbano.com\\\/revista\\\/#\\\/schema\\\/person\\\/e6418535cf1773eb361a8547aef500f5\",\"name\":\"Columnista invitado\",\"image\":{\"@type\":\"ImageObject\",\"inLanguage\":\"es\",\"@id\":\"https:\\\/\\\/secure.gravatar.com\\\/avatar\\\/28ad1e0627b854b5cf28ba6c846a14c308bb67d33df98f6677cc46fe92222ece?s=96&d=mm&r=g\",\"url\":\"https:\\\/\\\/secure.gravatar.com\\\/avatar\\\/28ad1e0627b854b5cf28ba6c846a14c308bb67d33df98f6677cc46fe92222ece?s=96&d=mm&r=g\",\"contentUrl\":\"https:\\\/\\\/secure.gravatar.com\\\/avatar\\\/28ad1e0627b854b5cf28ba6c846a14c308bb67d33df98f6677cc46fe92222ece?s=96&d=mm&r=g\",\"caption\":\"Columnista invitado\"},\"url\":\"https:\\\/\\\/centrourbano.com\\\/revista\\\/author\\\/columnista-invitado\\\/\"}]}<\/script>\n<!-- \/ Yoast SEO plugin. -->","yoast_head_json":{"title":"La Evaluaci\u00f3n de Impacto Social como instrumento de participaci\u00f3n -","description":"Por Carmen Contreras* Dentro de las diversas dimensiones sobre el \u201cDerecho a la Ciudad\u201d establecido en la Constituci\u00f3n de la Ciudad de M\u00e9xico, hay una que","robots":{"index":"index","follow":"follow","max-snippet":"max-snippet:-1","max-image-preview":"max-image-preview:large","max-video-preview":"max-video-preview:-1"},"canonical":"https:\/\/centrourbano.com\/revista\/opinion\/la-evaluacion-de-impacto-social-como-instrumento-de-participacion\/","og_locale":"es_ES","og_type":"article","og_title":"La Evaluaci\u00f3n de Impacto Social como instrumento de participaci\u00f3n -","og_description":"Por Carmen Contreras* Dentro de las diversas dimensiones sobre el \u201cDerecho a la Ciudad\u201d establecido en la Constituci\u00f3n de la Ciudad de M\u00e9xico, hay una que","og_url":"https:\/\/centrourbano.com\/revista\/opinion\/la-evaluacion-de-impacto-social-como-instrumento-de-participacion\/","og_site_name":"Centro Urbano","article_publisher":"https:\/\/www.facebook.com\/portalcentrourbano","article_published_time":"2021-08-02T23:12:33+00:00","og_image":[{"width":800,"height":800,"url":"https:\/\/centrourbano.com\/revista\/wp-content\/uploads\/Carmen-Contreras-columna-9.jpg","type":"image\/jpeg"}],"author":"Columnista invitado","twitter_card":"summary_large_image","twitter_creator":"@CentroUrbano","twitter_site":"@CentroUrbano","twitter_misc":{"Escrito por":"Columnista invitado","Tiempo de lectura":"5 minutos"},"schema":{"@context":"https:\/\/schema.org","@graph":[{"@type":"Article","@id":"https:\/\/centrourbano.com\/revista\/opinion\/la-evaluacion-de-impacto-social-como-instrumento-de-participacion\/#article","isPartOf":{"@id":"https:\/\/centrourbano.com\/revista\/opinion\/la-evaluacion-de-impacto-social-como-instrumento-de-participacion\/"},"author":{"name":"Columnista invitado","@id":"https:\/\/centrourbano.com\/revista\/#\/schema\/person\/e6418535cf1773eb361a8547aef500f5"},"headline":"La Evaluaci\u00f3n de Impacto Social como instrumento de participaci\u00f3n","datePublished":"2021-08-02T23:12:33+00:00","mainEntityOfPage":{"@id":"https:\/\/centrourbano.com\/revista\/opinion\/la-evaluacion-de-impacto-social-como-instrumento-de-participacion\/"},"wordCount":916,"commentCount":0,"publisher":{"@id":"https:\/\/centrourbano.com\/revista\/#organization"},"image":{"@id":"https:\/\/centrourbano.com\/revista\/opinion\/la-evaluacion-de-impacto-social-como-instrumento-de-participacion\/#primaryimage"},"thumbnailUrl":"https:\/\/centrourbano.com\/revista\/wp-content\/uploads\/Carmen-Contreras-columna-9.jpg","keywords":["Carmen Contreras","Derecho a la Ciudad","impacto social"],"articleSection":["Hablemos de Urbanismo","Opini\u00f3n","Urbanismo"],"inLanguage":"es","potentialAction":[{"@type":"CommentAction","name":"Comment","target":["https:\/\/centrourbano.com\/revista\/opinion\/la-evaluacion-de-impacto-social-como-instrumento-de-participacion\/#respond"]}]},{"@type":"WebPage","@id":"https:\/\/centrourbano.com\/revista\/opinion\/la-evaluacion-de-impacto-social-como-instrumento-de-participacion\/","url":"https:\/\/centrourbano.com\/revista\/opinion\/la-evaluacion-de-impacto-social-como-instrumento-de-participacion\/","name":"La Evaluaci\u00f3n de Impacto Social como instrumento de participaci\u00f3n -","isPartOf":{"@id":"https:\/\/centrourbano.com\/revista\/#website"},"primaryImageOfPage":{"@id":"https:\/\/centrourbano.com\/revista\/opinion\/la-evaluacion-de-impacto-social-como-instrumento-de-participacion\/#primaryimage"},"image":{"@id":"https:\/\/centrourbano.com\/revista\/opinion\/la-evaluacion-de-impacto-social-como-instrumento-de-participacion\/#primaryimage"},"thumbnailUrl":"https:\/\/centrourbano.com\/revista\/wp-content\/uploads\/Carmen-Contreras-columna-9.jpg","datePublished":"2021-08-02T23:12:33+00:00","description":"Por Carmen Contreras* Dentro de las diversas dimensiones sobre el \u201cDerecho a la Ciudad\u201d establecido en la Constituci\u00f3n de la Ciudad de M\u00e9xico, hay una que","breadcrumb":{"@id":"https:\/\/centrourbano.com\/revista\/opinion\/la-evaluacion-de-impacto-social-como-instrumento-de-participacion\/#breadcrumb"},"inLanguage":"es","potentialAction":[{"@type":"ReadAction","target":["https:\/\/centrourbano.com\/revista\/opinion\/la-evaluacion-de-impacto-social-como-instrumento-de-participacion\/"]}]},{"@type":"ImageObject","inLanguage":"es","@id":"https:\/\/centrourbano.com\/revista\/opinion\/la-evaluacion-de-impacto-social-como-instrumento-de-participacion\/#primaryimage","url":"https:\/\/centrourbano.com\/revista\/wp-content\/uploads\/Carmen-Contreras-columna-9.jpg","contentUrl":"https:\/\/centrourbano.com\/revista\/wp-content\/uploads\/Carmen-Contreras-columna-9.jpg","width":800,"height":800,"caption":"Una Evaluaci\u00f3n de Impacto Social de los proyectos y obras de construcci\u00f3n es un instrumento de participaci\u00f3n"},{"@type":"BreadcrumbList","@id":"https:\/\/centrourbano.com\/revista\/opinion\/la-evaluacion-de-impacto-social-como-instrumento-de-participacion\/#breadcrumb","itemListElement":[{"@type":"ListItem","position":1,"name":"Portada","item":"https:\/\/centrourbano.com\/revista\/"},{"@type":"ListItem","position":2,"name":"La Evaluaci\u00f3n de Impacto Social como instrumento de participaci\u00f3n"}]},{"@type":"WebSite","@id":"https:\/\/centrourbano.com\/revista\/#website","url":"https:\/\/centrourbano.com\/revista\/","name":"Centro Urbano","description":"Medio especializado en los sectores vivienda, inmobiliario, construcci\u00f3n, arquitectura y urbanismo.","publisher":{"@id":"https:\/\/centrourbano.com\/revista\/#organization"},"potentialAction":[{"@type":"SearchAction","target":{"@type":"EntryPoint","urlTemplate":"https:\/\/centrourbano.com\/revista\/?s={search_term_string}"},"query-input":{"@type":"PropertyValueSpecification","valueRequired":true,"valueName":"search_term_string"}}],"inLanguage":"es"},{"@type":"Organization","@id":"https:\/\/centrourbano.com\/revista\/#organization","name":"Centro Urbano","url":"https:\/\/centrourbano.com\/revista\/","logo":{"@type":"ImageObject","inLanguage":"es","@id":"https:\/\/centrourbano.com\/revista\/#\/schema\/logo\/image\/","url":"https:\/\/centrourbano.com\/revista\/wp-content\/uploads\/web_CU_logo-1.png","contentUrl":"https:\/\/centrourbano.com\/revista\/wp-content\/uploads\/web_CU_logo-1.png","width":350,"height":91,"caption":"Centro Urbano"},"image":{"@id":"https:\/\/centrourbano.com\/revista\/#\/schema\/logo\/image\/"},"sameAs":["https:\/\/www.facebook.com\/portalcentrourbano","https:\/\/x.com\/CentroUrbano","https:\/\/www.instagram.com\/centro_urbano\/","https:\/\/www.linkedin.com\/company\/centro-urbano\/","http:\/\/www.youtube.com\/user\/portalcentrourbano"]},{"@type":"Person","@id":"https:\/\/centrourbano.com\/revista\/#\/schema\/person\/e6418535cf1773eb361a8547aef500f5","name":"Columnista invitado","image":{"@type":"ImageObject","inLanguage":"es","@id":"https:\/\/secure.gravatar.com\/avatar\/28ad1e0627b854b5cf28ba6c846a14c308bb67d33df98f6677cc46fe92222ece?s=96&d=mm&r=g","url":"https:\/\/secure.gravatar.com\/avatar\/28ad1e0627b854b5cf28ba6c846a14c308bb67d33df98f6677cc46fe92222ece?s=96&d=mm&r=g","contentUrl":"https:\/\/secure.gravatar.com\/avatar\/28ad1e0627b854b5cf28ba6c846a14c308bb67d33df98f6677cc46fe92222ece?s=96&d=mm&r=g","caption":"Columnista invitado"},"url":"https:\/\/centrourbano.com\/revista\/author\/columnista-invitado\/"}]}},"_links":{"self":[{"href":"https:\/\/centrourbano.com\/revista\/wp-json\/wp\/v2\/posts\/120227","targetHints":{"allow":["GET"]}}],"collection":[{"href":"https:\/\/centrourbano.com\/revista\/wp-json\/wp\/v2\/posts"}],"about":[{"href":"https:\/\/centrourbano.com\/revista\/wp-json\/wp\/v2\/types\/post"}],"author":[{"embeddable":true,"href":"https:\/\/centrourbano.com\/revista\/wp-json\/wp\/v2\/users\/79"}],"replies":[{"embeddable":true,"href":"https:\/\/centrourbano.com\/revista\/wp-json\/wp\/v2\/comments?post=120227"}],"version-history":[{"count":1,"href":"https:\/\/centrourbano.com\/revista\/wp-json\/wp\/v2\/posts\/120227\/revisions"}],"predecessor-version":[{"id":120234,"href":"https:\/\/centrourbano.com\/revista\/wp-json\/wp\/v2\/posts\/120227\/revisions\/120234"}],"wp:featuredmedia":[{"embeddable":true,"href":"https:\/\/centrourbano.com\/revista\/wp-json\/wp\/v2\/media\/120229"}],"wp:attachment":[{"href":"https:\/\/centrourbano.com\/revista\/wp-json\/wp\/v2\/media?parent=120227"}],"wp:term":[{"taxonomy":"category","embeddable":true,"href":"https:\/\/centrourbano.com\/revista\/wp-json\/wp\/v2\/categories?post=120227"},{"taxonomy":"post_tag","embeddable":true,"href":"https:\/\/centrourbano.com\/revista\/wp-json\/wp\/v2\/tags?post=120227"}],"curies":[{"name":"wp","href":"https:\/\/api.w.org\/{rel}","templated":true}]}}