{"id":120186,"date":"2021-08-02T09:11:10","date_gmt":"2021-08-02T14:11:10","guid":{"rendered":"https:\/\/centrourbano.com\/?p=120186"},"modified":"2021-08-02T09:11:10","modified_gmt":"2021-08-02T14:11:10","slug":"espectaculares-gcdmx-ley-publicidad","status":"publish","type":"post","link":"https:\/\/centrourbano.com\/revista\/urbanismo\/espectaculares-gcdmx-ley-publicidad\/","title":{"rendered":"No m\u00e1s espectaculares: GCDMX propone Ley de Publicidad Exterior"},"content":{"rendered":"<p><em>El titular de la Seduvi destac\u00f3 que con la<\/em> <em>iniciativa de Ley se busca generar un ambiente regulado y ordenado para todos los sectores econ\u00f3micos<\/em><!--more--><\/p>\n<p>El <a href=\"https:\/\/www.jefaturadegobierno.cdmx.gob.mx\/\" target=\"_blank\" rel=\"noopener\"><strong>Gobierno de la Ciudad de M\u00e9xico<\/strong><\/a> envi\u00f3 al Congreso local una iniciativa de <strong>Ley<\/strong> <strong>de Publicidad Exterior<\/strong>; con la que se busca <strong>mejorar el entorno urbano<\/strong> y <strong>disminuir la contaminaci\u00f3n visual<\/strong> en la metr\u00f3poli.<\/p>\n<p>La <strong>Jefa de Gobierno<\/strong>, <strong>Claudia Sheinbaum Pardo<\/strong>, explic\u00f3 que la iniciativa de Ley contempla <strong>tres elementos sustantivos<\/strong>:<\/p>\n<ol>\n<li>No se permitir\u00e1n m\u00e1s <strong>espectaculares unipolares<\/strong> y se ordenar\u00e1n los existentes.<\/li>\n<li>Se obligar\u00e1 a las empresas a retirar los <strong>espectaculares en azoteas<\/strong> a m\u00e1s tardar en un a\u00f1o.<\/li>\n<li>Se establecer\u00e1 una serie de <strong>ordenamientos espec\u00edficos<\/strong> para regular de manera clara la publicidad exterior y as\u00ed disminuir la contaminaci\u00f3n visual en la urbe.<\/li>\n<\/ol>\n<p>La mandataria precis\u00f3 que mediante esta Ley se pretende retirar los <strong>350 espectaculares<\/strong> que hay en toda la urbe; adem\u00e1s, habr\u00e1 menos de <strong>8,000 anuncios<\/strong> en toda la capital.<\/p>\n<p>Por su parte, el <strong>titular de la Secretar\u00eda de Desarrollo Urbano y Vivienda<\/strong> (<strong>Seduvi<\/strong>), <strong>Carlos Alberto Ulloa P\u00e9rez<\/strong>, indic\u00f3 que la iniciativa de Ley generar\u00e1 un <strong>ambiente regulado y ordenado<\/strong> para todos los sectores econ\u00f3micos; reducir\u00e1 dr\u00e1sticamente la <strong>informalidad<\/strong> y la <strong>ocupaci\u00f3n desordenada<\/strong> del espacio urbano; y permitir\u00e1 tener un <strong>paisaje urbano arm\u00f3nico<\/strong> y ordenado.<\/p>\n<p>Asimismo, mencion\u00f3 que el proyecto se integra por <strong>seis ejes principales<\/strong>:<\/p>\n<ol>\n<li>Mejoramiento del paisaje urbano y natural.<\/li>\n<li>Determinaci\u00f3n clara y precisa de los medios publicitarios permitidos y prohibidos.<\/li>\n<li>Prevenci\u00f3n de riesgo, derivados de la instalaci\u00f3n y permanencia de medios publicitarios.<\/li>\n<li>Cambios en la integraci\u00f3n y funcionamiento del Consejo de Publicidad Exterior actual.<\/li>\n<li>Digitalizaci\u00f3n de tr\u00e1mites y procedimientos.<\/li>\n<li>Transici\u00f3n a una nueva pol\u00edtica de publicidad exterior en beneficio de la ciudad.<\/li>\n<\/ol>\n<p>Adem\u00e1s, el funcionario detall\u00f3 que entre los <strong>objetivos<\/strong> de la iniciativa de Ley tambi\u00e9n destaca el concluir en el corto plazo el <strong>Programa para el Reordenamiento de Publicidad Exterior<\/strong>; definir el <strong>tipo de tr\u00e1mite requerido<\/strong> para la instalaci\u00f3n legal de publicidad exterior (ya sea autorizaci\u00f3n, permiso o licencia); dar <strong>certeza jur\u00eddica<\/strong> a publicistas, anunciantes y dem\u00e1s responsables solidarios; as\u00ed como la revisi\u00f3n sobre los <strong>medios que se encuentran prohibidos y permitidos<\/strong>, as\u00ed como sus caracter\u00edsticas.<\/p>\n<p>Adem\u00e1s, se propone <strong>delimitar las competencias<\/strong> entre las instancias del gobierno central y las alcald\u00edas en funci\u00f3n de vialidades primarias, secundarias y \u00e1reas de conservaci\u00f3n patrimonial. Y que las <strong>licencias<\/strong> solamente las emita el gobierno central; mientras que las alcald\u00edas autoricen los <strong>anuncios de bajo impacto<\/strong> en v\u00edas secundarias.<\/p>\n<p>Finalmente, <strong>Ulloa P\u00e9rez<\/strong> destac\u00f3 que para la elaboraci\u00f3n de la iniciativa de Ley se consideraron las <a href=\"https:\/\/centrourbano.com\/2021\/06\/28\/seduvi-publicidad-exterior-cdmx\/\" target=\"_blank\" rel=\"noopener\"><strong>Mesas Consultivas para el Ordenamiento de la Publicidad Exterior y la Imagen Urbana<\/strong><\/a>; que se realizaron entre el Gobierno Capitalino y representantes de las empresas de publicidad exterior.<\/p>\n","protected":false},"excerpt":{"rendered":"<p>El titular de la Seduvi destac\u00f3 que con la iniciativa de Ley se busca generar un ambiente regulado y ordenado para todos los sectores econ\u00f3micos<\/p>\n","protected":false},"author":73,"featured_media":120187,"comment_status":"open","ping_status":"closed","sticky":false,"template":"","format":"standard","meta":{"om_disable_all_campaigns":false,"inline_featured_image":false,"_monsterinsights_skip_tracking":false,"_monsterinsights_sitenote_active":false,"_monsterinsights_sitenote_note":"","_monsterinsights_sitenote_category":0,"footnotes":""},"categories":[82],"tags":[10566,1612,11286,8397,4965,126],"class_list":["post-120186","post","type-post","status-publish","format-standard","has-post-thumbnail","hentry","category-urbanismo","tag-contaminacion","tag-entorno-urbano","tag-gobierno-cdmx","tag-iniciativa","tag-ley-de-publicidad-exterior","tag-seduvi"],"yoast_head":"<!-- This site is optimized with the Yoast SEO plugin v27.4 - https:\/\/yoast.com\/product\/yoast-seo-wordpress\/ -->\n<title>No m\u00e1s espectaculares: GCDMX propone Ley de Publicidad Exterior<\/title>\n<meta name=\"description\" content=\"El titular de la Seduvi destac\u00f3 que con la iniciativa de Ley se busca generar un ambiente regulado y ordenado para todos los sectores econ\u00f3micos\" \/>\n<meta name=\"robots\" content=\"index, follow, max-snippet:-1, max-image-preview:large, max-video-preview:-1\" \/>\n<link rel=\"canonical\" href=\"https:\/\/centrourbano.com\/revista\/urbanismo\/espectaculares-gcdmx-ley-publicidad\/\" \/>\n<meta property=\"og:locale\" content=\"es_ES\" \/>\n<meta property=\"og:type\" content=\"article\" \/>\n<meta property=\"og:title\" content=\"No m\u00e1s espectaculares: GCDMX propone Ley de Publicidad Exterior\" \/>\n<meta property=\"og:description\" content=\"El titular de la Seduvi destac\u00f3 que con la iniciativa de Ley se busca generar un ambiente regulado y ordenado para todos los sectores econ\u00f3micos\" \/>\n<meta property=\"og:url\" content=\"https:\/\/centrourbano.com\/revista\/urbanismo\/espectaculares-gcdmx-ley-publicidad\/\" \/>\n<meta property=\"og:site_name\" content=\"Centro Urbano\" \/>\n<meta property=\"article:publisher\" content=\"https:\/\/www.facebook.com\/portalcentrourbano\" \/>\n<meta property=\"article:published_time\" content=\"2021-08-02T14:11:10+00:00\" \/>\n<meta property=\"og:image\" content=\"https:\/\/centrourbano.com\/revista\/wp-content\/uploads\/No-mas-espectaculares-GCDMX-propone-Ley-de-Publicidad-Exterior.jpg\" \/>\n\t<meta property=\"og:image:width\" content=\"600\" \/>\n\t<meta property=\"og:image:height\" content=\"450\" \/>\n\t<meta property=\"og:image:type\" content=\"image\/jpeg\" \/>\n<meta name=\"author\" content=\"Fernanda Hern\u00e1ndez\" \/>\n<meta name=\"twitter:card\" content=\"summary_large_image\" \/>\n<meta name=\"twitter:creator\" content=\"@https:\/\/twitter.com\/Nannz_Hernandez\" \/>\n<meta name=\"twitter:site\" content=\"@CentroUrbano\" \/>\n<meta name=\"twitter:label1\" content=\"Escrito por\" \/>\n\t<meta name=\"twitter:data1\" content=\"Fernanda Hern\u00e1ndez\" \/>\n\t<meta name=\"twitter:label2\" content=\"Tiempo de lectura\" \/>\n\t<meta name=\"twitter:data2\" content=\"2 minutos\" \/>\n<script type=\"application\/ld+json\" class=\"yoast-schema-graph\">{\"@context\":\"https:\\\/\\\/schema.org\",\"@graph\":[{\"@type\":\"Article\",\"@id\":\"https:\\\/\\\/centrourbano.com\\\/revista\\\/urbanismo\\\/espectaculares-gcdmx-ley-publicidad\\\/#article\",\"isPartOf\":{\"@id\":\"https:\\\/\\\/centrourbano.com\\\/revista\\\/urbanismo\\\/espectaculares-gcdmx-ley-publicidad\\\/\"},\"author\":{\"name\":\"Fernanda Hern\u00e1ndez\",\"@id\":\"https:\\\/\\\/centrourbano.com\\\/revista\\\/#\\\/schema\\\/person\\\/b190b20bbbceb41ec72278c546fa8df3\"},\"headline\":\"No m\u00e1s espectaculares: GCDMX propone Ley de Publicidad Exterior\",\"datePublished\":\"2021-08-02T14:11:10+00:00\",\"mainEntityOfPage\":{\"@id\":\"https:\\\/\\\/centrourbano.com\\\/revista\\\/urbanismo\\\/espectaculares-gcdmx-ley-publicidad\\\/\"},\"wordCount\":502,\"commentCount\":0,\"publisher\":{\"@id\":\"https:\\\/\\\/centrourbano.com\\\/revista\\\/#organization\"},\"image\":{\"@id\":\"https:\\\/\\\/centrourbano.com\\\/revista\\\/urbanismo\\\/espectaculares-gcdmx-ley-publicidad\\\/#primaryimage\"},\"thumbnailUrl\":\"https:\\\/\\\/centrourbano.com\\\/revista\\\/wp-content\\\/uploads\\\/No-mas-espectaculares-GCDMX-propone-Ley-de-Publicidad-Exterior.jpg\",\"keywords\":[\"contaminaci\u00f3n\",\"entorno urbano\",\"Gobierno CDMX\",\"iniciativa\",\"Ley de Publicidad Exterior\",\"Seduvi\"],\"articleSection\":[\"Urbanismo\"],\"inLanguage\":\"es\",\"potentialAction\":[{\"@type\":\"CommentAction\",\"name\":\"Comment\",\"target\":[\"https:\\\/\\\/centrourbano.com\\\/revista\\\/urbanismo\\\/espectaculares-gcdmx-ley-publicidad\\\/#respond\"]}]},{\"@type\":\"WebPage\",\"@id\":\"https:\\\/\\\/centrourbano.com\\\/revista\\\/urbanismo\\\/espectaculares-gcdmx-ley-publicidad\\\/\",\"url\":\"https:\\\/\\\/centrourbano.com\\\/revista\\\/urbanismo\\\/espectaculares-gcdmx-ley-publicidad\\\/\",\"name\":\"No m\u00e1s espectaculares: GCDMX propone Ley de Publicidad Exterior\",\"isPartOf\":{\"@id\":\"https:\\\/\\\/centrourbano.com\\\/revista\\\/#website\"},\"primaryImageOfPage\":{\"@id\":\"https:\\\/\\\/centrourbano.com\\\/revista\\\/urbanismo\\\/espectaculares-gcdmx-ley-publicidad\\\/#primaryimage\"},\"image\":{\"@id\":\"https:\\\/\\\/centrourbano.com\\\/revista\\\/urbanismo\\\/espectaculares-gcdmx-ley-publicidad\\\/#primaryimage\"},\"thumbnailUrl\":\"https:\\\/\\\/centrourbano.com\\\/revista\\\/wp-content\\\/uploads\\\/No-mas-espectaculares-GCDMX-propone-Ley-de-Publicidad-Exterior.jpg\",\"datePublished\":\"2021-08-02T14:11:10+00:00\",\"description\":\"El titular de la Seduvi destac\u00f3 que con la iniciativa de Ley se busca generar un ambiente regulado y ordenado para todos los sectores econ\u00f3micos\",\"breadcrumb\":{\"@id\":\"https:\\\/\\\/centrourbano.com\\\/revista\\\/urbanismo\\\/espectaculares-gcdmx-ley-publicidad\\\/#breadcrumb\"},\"inLanguage\":\"es\",\"potentialAction\":[{\"@type\":\"ReadAction\",\"target\":[\"https:\\\/\\\/centrourbano.com\\\/revista\\\/urbanismo\\\/espectaculares-gcdmx-ley-publicidad\\\/\"]}]},{\"@type\":\"ImageObject\",\"inLanguage\":\"es\",\"@id\":\"https:\\\/\\\/centrourbano.com\\\/revista\\\/urbanismo\\\/espectaculares-gcdmx-ley-publicidad\\\/#primaryimage\",\"url\":\"https:\\\/\\\/centrourbano.com\\\/revista\\\/wp-content\\\/uploads\\\/No-mas-espectaculares-GCDMX-propone-Ley-de-Publicidad-Exterior.jpg\",\"contentUrl\":\"https:\\\/\\\/centrourbano.com\\\/revista\\\/wp-content\\\/uploads\\\/No-mas-espectaculares-GCDMX-propone-Ley-de-Publicidad-Exterior.jpg\",\"width\":600,\"height\":450,\"caption\":\"El titular de la Seduvi destac\u00f3 que con la iniciativa de Ley se busca generar un ambiente regulado y ordenado para todos los sectores econ\u00f3micos\"},{\"@type\":\"BreadcrumbList\",\"@id\":\"https:\\\/\\\/centrourbano.com\\\/revista\\\/urbanismo\\\/espectaculares-gcdmx-ley-publicidad\\\/#breadcrumb\",\"itemListElement\":[{\"@type\":\"ListItem\",\"position\":1,\"name\":\"Portada\",\"item\":\"https:\\\/\\\/centrourbano.com\\\/revista\\\/\"},{\"@type\":\"ListItem\",\"position\":2,\"name\":\"No m\u00e1s espectaculares: GCDMX propone Ley de Publicidad Exterior\"}]},{\"@type\":\"WebSite\",\"@id\":\"https:\\\/\\\/centrourbano.com\\\/revista\\\/#website\",\"url\":\"https:\\\/\\\/centrourbano.com\\\/revista\\\/\",\"name\":\"Centro Urbano\",\"description\":\"Medio especializado en los sectores vivienda, inmobiliario, construcci\u00f3n, arquitectura y urbanismo.\",\"publisher\":{\"@id\":\"https:\\\/\\\/centrourbano.com\\\/revista\\\/#organization\"},\"potentialAction\":[{\"@type\":\"SearchAction\",\"target\":{\"@type\":\"EntryPoint\",\"urlTemplate\":\"https:\\\/\\\/centrourbano.com\\\/revista\\\/?s={search_term_string}\"},\"query-input\":{\"@type\":\"PropertyValueSpecification\",\"valueRequired\":true,\"valueName\":\"search_term_string\"}}],\"inLanguage\":\"es\"},{\"@type\":\"Organization\",\"@id\":\"https:\\\/\\\/centrourbano.com\\\/revista\\\/#organization\",\"name\":\"Centro Urbano\",\"url\":\"https:\\\/\\\/centrourbano.com\\\/revista\\\/\",\"logo\":{\"@type\":\"ImageObject\",\"inLanguage\":\"es\",\"@id\":\"https:\\\/\\\/centrourbano.com\\\/revista\\\/#\\\/schema\\\/logo\\\/image\\\/\",\"url\":\"https:\\\/\\\/centrourbano.com\\\/revista\\\/wp-content\\\/uploads\\\/web_CU_logo-1.png\",\"contentUrl\":\"https:\\\/\\\/centrourbano.com\\\/revista\\\/wp-content\\\/uploads\\\/web_CU_logo-1.png\",\"width\":350,\"height\":91,\"caption\":\"Centro Urbano\"},\"image\":{\"@id\":\"https:\\\/\\\/centrourbano.com\\\/revista\\\/#\\\/schema\\\/logo\\\/image\\\/\"},\"sameAs\":[\"https:\\\/\\\/www.facebook.com\\\/portalcentrourbano\",\"https:\\\/\\\/x.com\\\/CentroUrbano\",\"https:\\\/\\\/www.instagram.com\\\/centro_urbano\\\/\",\"https:\\\/\\\/www.linkedin.com\\\/company\\\/centro-urbano\\\/\",\"http:\\\/\\\/www.youtube.com\\\/user\\\/portalcentrourbano\"]},{\"@type\":\"Person\",\"@id\":\"https:\\\/\\\/centrourbano.com\\\/revista\\\/#\\\/schema\\\/person\\\/b190b20bbbceb41ec72278c546fa8df3\",\"name\":\"Fernanda Hern\u00e1ndez\",\"image\":{\"@type\":\"ImageObject\",\"inLanguage\":\"es\",\"@id\":\"https:\\\/\\\/secure.gravatar.com\\\/avatar\\\/9471831fb0a24eae9d32d826a7cb8ef07c34a41520aca1a0ab1f5c0903ba49b9?s=96&d=mm&r=g\",\"url\":\"https:\\\/\\\/secure.gravatar.com\\\/avatar\\\/9471831fb0a24eae9d32d826a7cb8ef07c34a41520aca1a0ab1f5c0903ba49b9?s=96&d=mm&r=g\",\"contentUrl\":\"https:\\\/\\\/secure.gravatar.com\\\/avatar\\\/9471831fb0a24eae9d32d826a7cb8ef07c34a41520aca1a0ab1f5c0903ba49b9?s=96&d=mm&r=g\",\"caption\":\"Fernanda Hern\u00e1ndez\"},\"description\":\"Reportera y redactora en Centro Urbano. Soy egresada de la licenciatura en Ciencias de la Comunicaci\u00f3n de la Facultad de Ciencias Pol\u00edticas y Sociales (UNAM). Me interesa la cultura, el urbanismo y la arquitectura. Amante del mundo digital, el cine, la m\u00fasica, la lectura y la escritura.\",\"sameAs\":[\"https:\\\/\\\/x.com\\\/https:\\\/\\\/twitter.com\\\/Nannz_Hernandez\"],\"url\":\"https:\\\/\\\/centrourbano.com\\\/revista\\\/author\\\/fernanda-hernandez\\\/\"}]}<\/script>\n<!-- \/ Yoast SEO plugin. -->","yoast_head_json":{"title":"No m\u00e1s espectaculares: GCDMX propone Ley de Publicidad Exterior","description":"El titular de la Seduvi destac\u00f3 que con la iniciativa de Ley se busca generar un ambiente regulado y ordenado para todos los sectores econ\u00f3micos","robots":{"index":"index","follow":"follow","max-snippet":"max-snippet:-1","max-image-preview":"max-image-preview:large","max-video-preview":"max-video-preview:-1"},"canonical":"https:\/\/centrourbano.com\/revista\/urbanismo\/espectaculares-gcdmx-ley-publicidad\/","og_locale":"es_ES","og_type":"article","og_title":"No m\u00e1s espectaculares: GCDMX propone Ley de Publicidad Exterior","og_description":"El titular de la Seduvi destac\u00f3 que con la iniciativa de Ley se busca generar un ambiente regulado y ordenado para todos los sectores econ\u00f3micos","og_url":"https:\/\/centrourbano.com\/revista\/urbanismo\/espectaculares-gcdmx-ley-publicidad\/","og_site_name":"Centro Urbano","article_publisher":"https:\/\/www.facebook.com\/portalcentrourbano","article_published_time":"2021-08-02T14:11:10+00:00","og_image":[{"width":600,"height":450,"url":"https:\/\/centrourbano.com\/revista\/wp-content\/uploads\/No-mas-espectaculares-GCDMX-propone-Ley-de-Publicidad-Exterior.jpg","type":"image\/jpeg"}],"author":"Fernanda Hern\u00e1ndez","twitter_card":"summary_large_image","twitter_creator":"@https:\/\/twitter.com\/Nannz_Hernandez","twitter_site":"@CentroUrbano","twitter_misc":{"Escrito por":"Fernanda Hern\u00e1ndez","Tiempo de lectura":"2 minutos"},"schema":{"@context":"https:\/\/schema.org","@graph":[{"@type":"Article","@id":"https:\/\/centrourbano.com\/revista\/urbanismo\/espectaculares-gcdmx-ley-publicidad\/#article","isPartOf":{"@id":"https:\/\/centrourbano.com\/revista\/urbanismo\/espectaculares-gcdmx-ley-publicidad\/"},"author":{"name":"Fernanda Hern\u00e1ndez","@id":"https:\/\/centrourbano.com\/revista\/#\/schema\/person\/b190b20bbbceb41ec72278c546fa8df3"},"headline":"No m\u00e1s espectaculares: GCDMX propone Ley de Publicidad Exterior","datePublished":"2021-08-02T14:11:10+00:00","mainEntityOfPage":{"@id":"https:\/\/centrourbano.com\/revista\/urbanismo\/espectaculares-gcdmx-ley-publicidad\/"},"wordCount":502,"commentCount":0,"publisher":{"@id":"https:\/\/centrourbano.com\/revista\/#organization"},"image":{"@id":"https:\/\/centrourbano.com\/revista\/urbanismo\/espectaculares-gcdmx-ley-publicidad\/#primaryimage"},"thumbnailUrl":"https:\/\/centrourbano.com\/revista\/wp-content\/uploads\/No-mas-espectaculares-GCDMX-propone-Ley-de-Publicidad-Exterior.jpg","keywords":["contaminaci\u00f3n","entorno urbano","Gobierno CDMX","iniciativa","Ley de Publicidad Exterior","Seduvi"],"articleSection":["Urbanismo"],"inLanguage":"es","potentialAction":[{"@type":"CommentAction","name":"Comment","target":["https:\/\/centrourbano.com\/revista\/urbanismo\/espectaculares-gcdmx-ley-publicidad\/#respond"]}]},{"@type":"WebPage","@id":"https:\/\/centrourbano.com\/revista\/urbanismo\/espectaculares-gcdmx-ley-publicidad\/","url":"https:\/\/centrourbano.com\/revista\/urbanismo\/espectaculares-gcdmx-ley-publicidad\/","name":"No m\u00e1s espectaculares: GCDMX propone Ley de Publicidad Exterior","isPartOf":{"@id":"https:\/\/centrourbano.com\/revista\/#website"},"primaryImageOfPage":{"@id":"https:\/\/centrourbano.com\/revista\/urbanismo\/espectaculares-gcdmx-ley-publicidad\/#primaryimage"},"image":{"@id":"https:\/\/centrourbano.com\/revista\/urbanismo\/espectaculares-gcdmx-ley-publicidad\/#primaryimage"},"thumbnailUrl":"https:\/\/centrourbano.com\/revista\/wp-content\/uploads\/No-mas-espectaculares-GCDMX-propone-Ley-de-Publicidad-Exterior.jpg","datePublished":"2021-08-02T14:11:10+00:00","description":"El titular de la Seduvi destac\u00f3 que con la iniciativa de Ley se busca generar un ambiente regulado y ordenado para todos los sectores econ\u00f3micos","breadcrumb":{"@id":"https:\/\/centrourbano.com\/revista\/urbanismo\/espectaculares-gcdmx-ley-publicidad\/#breadcrumb"},"inLanguage":"es","potentialAction":[{"@type":"ReadAction","target":["https:\/\/centrourbano.com\/revista\/urbanismo\/espectaculares-gcdmx-ley-publicidad\/"]}]},{"@type":"ImageObject","inLanguage":"es","@id":"https:\/\/centrourbano.com\/revista\/urbanismo\/espectaculares-gcdmx-ley-publicidad\/#primaryimage","url":"https:\/\/centrourbano.com\/revista\/wp-content\/uploads\/No-mas-espectaculares-GCDMX-propone-Ley-de-Publicidad-Exterior.jpg","contentUrl":"https:\/\/centrourbano.com\/revista\/wp-content\/uploads\/No-mas-espectaculares-GCDMX-propone-Ley-de-Publicidad-Exterior.jpg","width":600,"height":450,"caption":"El titular de la Seduvi destac\u00f3 que con la iniciativa de Ley se busca generar un ambiente regulado y ordenado para todos los sectores econ\u00f3micos"},{"@type":"BreadcrumbList","@id":"https:\/\/centrourbano.com\/revista\/urbanismo\/espectaculares-gcdmx-ley-publicidad\/#breadcrumb","itemListElement":[{"@type":"ListItem","position":1,"name":"Portada","item":"https:\/\/centrourbano.com\/revista\/"},{"@type":"ListItem","position":2,"name":"No m\u00e1s espectaculares: GCDMX propone Ley de Publicidad Exterior"}]},{"@type":"WebSite","@id":"https:\/\/centrourbano.com\/revista\/#website","url":"https:\/\/centrourbano.com\/revista\/","name":"Centro Urbano","description":"Medio especializado en los sectores vivienda, inmobiliario, construcci\u00f3n, arquitectura y urbanismo.","publisher":{"@id":"https:\/\/centrourbano.com\/revista\/#organization"},"potentialAction":[{"@type":"SearchAction","target":{"@type":"EntryPoint","urlTemplate":"https:\/\/centrourbano.com\/revista\/?s={search_term_string}"},"query-input":{"@type":"PropertyValueSpecification","valueRequired":true,"valueName":"search_term_string"}}],"inLanguage":"es"},{"@type":"Organization","@id":"https:\/\/centrourbano.com\/revista\/#organization","name":"Centro Urbano","url":"https:\/\/centrourbano.com\/revista\/","logo":{"@type":"ImageObject","inLanguage":"es","@id":"https:\/\/centrourbano.com\/revista\/#\/schema\/logo\/image\/","url":"https:\/\/centrourbano.com\/revista\/wp-content\/uploads\/web_CU_logo-1.png","contentUrl":"https:\/\/centrourbano.com\/revista\/wp-content\/uploads\/web_CU_logo-1.png","width":350,"height":91,"caption":"Centro Urbano"},"image":{"@id":"https:\/\/centrourbano.com\/revista\/#\/schema\/logo\/image\/"},"sameAs":["https:\/\/www.facebook.com\/portalcentrourbano","https:\/\/x.com\/CentroUrbano","https:\/\/www.instagram.com\/centro_urbano\/","https:\/\/www.linkedin.com\/company\/centro-urbano\/","http:\/\/www.youtube.com\/user\/portalcentrourbano"]},{"@type":"Person","@id":"https:\/\/centrourbano.com\/revista\/#\/schema\/person\/b190b20bbbceb41ec72278c546fa8df3","name":"Fernanda Hern\u00e1ndez","image":{"@type":"ImageObject","inLanguage":"es","@id":"https:\/\/secure.gravatar.com\/avatar\/9471831fb0a24eae9d32d826a7cb8ef07c34a41520aca1a0ab1f5c0903ba49b9?s=96&d=mm&r=g","url":"https:\/\/secure.gravatar.com\/avatar\/9471831fb0a24eae9d32d826a7cb8ef07c34a41520aca1a0ab1f5c0903ba49b9?s=96&d=mm&r=g","contentUrl":"https:\/\/secure.gravatar.com\/avatar\/9471831fb0a24eae9d32d826a7cb8ef07c34a41520aca1a0ab1f5c0903ba49b9?s=96&d=mm&r=g","caption":"Fernanda Hern\u00e1ndez"},"description":"Reportera y redactora en Centro Urbano. Soy egresada de la licenciatura en Ciencias de la Comunicaci\u00f3n de la Facultad de Ciencias Pol\u00edticas y Sociales (UNAM). Me interesa la cultura, el urbanismo y la arquitectura. Amante del mundo digital, el cine, la m\u00fasica, la lectura y la escritura.","sameAs":["https:\/\/x.com\/https:\/\/twitter.com\/Nannz_Hernandez"],"url":"https:\/\/centrourbano.com\/revista\/author\/fernanda-hernandez\/"}]}},"_links":{"self":[{"href":"https:\/\/centrourbano.com\/revista\/wp-json\/wp\/v2\/posts\/120186","targetHints":{"allow":["GET"]}}],"collection":[{"href":"https:\/\/centrourbano.com\/revista\/wp-json\/wp\/v2\/posts"}],"about":[{"href":"https:\/\/centrourbano.com\/revista\/wp-json\/wp\/v2\/types\/post"}],"author":[{"embeddable":true,"href":"https:\/\/centrourbano.com\/revista\/wp-json\/wp\/v2\/users\/73"}],"replies":[{"embeddable":true,"href":"https:\/\/centrourbano.com\/revista\/wp-json\/wp\/v2\/comments?post=120186"}],"version-history":[{"count":2,"href":"https:\/\/centrourbano.com\/revista\/wp-json\/wp\/v2\/posts\/120186\/revisions"}],"predecessor-version":[{"id":120189,"href":"https:\/\/centrourbano.com\/revista\/wp-json\/wp\/v2\/posts\/120186\/revisions\/120189"}],"wp:featuredmedia":[{"embeddable":true,"href":"https:\/\/centrourbano.com\/revista\/wp-json\/wp\/v2\/media\/120187"}],"wp:attachment":[{"href":"https:\/\/centrourbano.com\/revista\/wp-json\/wp\/v2\/media?parent=120186"}],"wp:term":[{"taxonomy":"category","embeddable":true,"href":"https:\/\/centrourbano.com\/revista\/wp-json\/wp\/v2\/categories?post=120186"},{"taxonomy":"post_tag","embeddable":true,"href":"https:\/\/centrourbano.com\/revista\/wp-json\/wp\/v2\/tags?post=120186"}],"curies":[{"name":"wp","href":"https:\/\/api.w.org\/{rel}","templated":true}]}}