{"id":119451,"date":"2021-07-07T16:00:08","date_gmt":"2021-07-07T21:00:08","guid":{"rendered":"https:\/\/centrourbano.com\/?p=119451"},"modified":"2021-07-07T16:33:11","modified_gmt":"2021-07-07T21:33:11","slug":"canadevi-vm-proyecta-construccion-de-20-mil","status":"publish","type":"post","link":"https:\/\/centrourbano.com\/revista\/vivienda\/canadevi-vm-proyecta-construccion-de-20-mil\/","title":{"rendered":"Canadevi VM proyecta construcci\u00f3n de 20 mil viviendas en Edomex"},"content":{"rendered":"<p><em>Canadevi VM se\u00f1al\u00f3 que contempla una inversi\u00f3n de 15,000 millones de pesos para los pr\u00f3ximos tres a\u00f1os en la entidad<\/em><!--more--><\/p>\n<p>La <strong>simplificaci\u00f3n administrativa que se concret\u00f3 en el Estado de M\u00e9xico<\/strong> alienta la perspectiva para desarrollar vivienda en la entidad. En ese marco, la estimaci\u00f3n de la <strong>C\u00e1mara Nacional de la Industria de Desarrollo y Promoci\u00f3n de Vivienda Delegaci\u00f3n Valle de M\u00e9xico<\/strong> (Canadevi VM) apuntan a que en los pr\u00f3ximos tres a\u00f1os se construir\u00e1n 20,000 viviendas.<\/p>\n<p>As\u00ed lo dio a conocer <a href=\"https:\/\/centrourbano.com\/?s=Yuri+zagorin\" target=\"_blank\" rel=\"noopener\">Yuri Zagorin<\/a>, presidente de Canadevi VM. Al participar en la ceremonia en la que se anunci\u00f3 la puesta en marcha del nuevo sistema simplificado para la obtenci\u00f3n de licencias, aplaudi\u00f3 las modificaciones al <strong>Libro V que se concretaron para facilitar la llegada de inversi\u00f3n del sector inmobiliario<\/strong>.<\/p>\n<p style=\"text-align: center;\"><strong><em><a href=\"https:\/\/centrourbano.com\/2021\/07\/07\/edomex-reducira-90-el-tiempo-de-obtencion-de-permisos-inmobiliarios\/\" target=\"_blank\" rel=\"noopener\">Te podr\u00eda interesas: Edomex reducir\u00e1 90% el tiempo de obtenci\u00f3n de permisos inmobiliarios<\/a><\/em><\/strong><\/p>\n<p>&nbsp;<\/p>\n<p>\u201cQuiero felicitar al gobierno por la publicaci\u00f3n de las modificaciones al reglamento del libro V. No s\u00f3lo se nos escuchado, puedo decir que se nos <strong>han tomado en cuenta<\/strong>, que hemos trabajado de la mano. Resultado de esto, hay 20.000 viviendas en proceso y por iniciar, para terminar en los pr\u00f3ximos tres a\u00f1os\u201d, indic\u00f3.<\/p>\n<p>El representante de los empresarios de la vivienda en el Valle de M\u00e9xico explic\u00f3 que este n\u00famero de viviendas, representa una inversi\u00f3n por<strong> 15,000 millones de pesos en la entidad<\/strong>; adem\u00e1s de la generaci\u00f3n de 40,000 empleos directos y 60,000 empleos indirectos.<\/p>\n<h2>Futuro Sustentable<\/h2>\n<p><a href=\"https:\/\/www.facebook.com\/ViviendaRevista\/posts\/1690039231134368\" target=\"_blank\" rel=\"noopener\">Yuri Zagorin<\/a> destac\u00f3 que el de desarrollo de vivienda de los agremiados a Canadevi VM parte de una visi\u00f3n <strong>sustentable<\/strong>. Explic\u00f3 que hoy en d\u00eda, en el Estado de M\u00e9xico existen 1,500 viviendas de inter\u00e9s social certificadas por el Programa EDGE.<\/p>\n<p>\u201cLo m\u00e1s importante es que vamos hacia 10,000 viviendas a terminar en el 2024, todas <strong>certificadas con el sello de calidad de la Canadevi<\/strong>\u201d.<\/p>\n","protected":false},"excerpt":{"rendered":"<p>Canadevi VM se\u00f1al\u00f3 que contempla una inversi\u00f3n de 15,000 millones de pesos para los pr\u00f3ximos tres a\u00f1os en la entidad<\/p>\n","protected":false},"author":47,"featured_media":119452,"comment_status":"open","ping_status":"closed","sticky":false,"template":"","format":"standard","meta":{"om_disable_all_campaigns":false,"inline_featured_image":false,"_monsterinsights_skip_tracking":false,"_monsterinsights_sitenote_active":false,"_monsterinsights_sitenote_note":"","_monsterinsights_sitenote_category":0,"footnotes":""},"categories":[12],"tags":[600,303,60,18595],"class_list":["post-119451","post","type-post","status-publish","format-standard","has-post-thumbnail","hentry","category-vivienda","tag-canadevi-valle-de-mexico","tag-estado-de-mexico","tag-vivienda-2","tag-yuri-zagorin"],"yoast_head":"<!-- This site is optimized with the Yoast SEO plugin v27.4 - https:\/\/yoast.com\/product\/yoast-seo-wordpress\/ -->\n<title>Canadevi VM proyecta construcci\u00f3n de 20 mil viviendas en Edomex<\/title>\n<meta name=\"description\" content=\"Canadevi VM se\u00f1al\u00f3 que contempla una inversi\u00f3n de 15,000 millones de pesos para los pr\u00f3ximos...Canadevi VM proyecta construcci\u00f3n de 20 mil\" \/>\n<meta name=\"robots\" content=\"index, follow, max-snippet:-1, max-image-preview:large, max-video-preview:-1\" \/>\n<link rel=\"canonical\" href=\"https:\/\/centrourbano.com\/revista\/vivienda\/canadevi-vm-proyecta-construccion-de-20-mil\/\" \/>\n<meta property=\"og:locale\" content=\"es_ES\" \/>\n<meta property=\"og:type\" content=\"article\" \/>\n<meta property=\"og:title\" content=\"Canadevi VM proyecta construcci\u00f3n de 20 mil viviendas en Edomex\" \/>\n<meta property=\"og:description\" content=\"Canadevi VM se\u00f1al\u00f3 que contempla una inversi\u00f3n de 15,000 millones de pesos para los pr\u00f3ximos...Canadevi VM proyecta construcci\u00f3n de 20 mil\" \/>\n<meta property=\"og:url\" content=\"https:\/\/centrourbano.com\/revista\/vivienda\/canadevi-vm-proyecta-construccion-de-20-mil\/\" \/>\n<meta property=\"og:site_name\" content=\"Centro Urbano\" \/>\n<meta property=\"article:publisher\" content=\"https:\/\/www.facebook.com\/portalcentrourbano\" \/>\n<meta property=\"article:published_time\" content=\"2021-07-07T21:00:08+00:00\" \/>\n<meta property=\"article:modified_time\" content=\"2021-07-07T21:33:11+00:00\" \/>\n<meta property=\"og:image\" content=\"https:\/\/centrourbano.com\/revista\/wp-content\/uploads\/Canadevi-VM-construira-20-mil-viviendas-en-Edomex-Yuri-Zagorin.jpg\" \/>\n\t<meta property=\"og:image:width\" content=\"800\" \/>\n\t<meta property=\"og:image:height\" content=\"800\" \/>\n\t<meta property=\"og:image:type\" content=\"image\/jpeg\" \/>\n<meta name=\"author\" content=\"Edgar Rosas\" \/>\n<meta name=\"twitter:card\" content=\"summary_large_image\" \/>\n<meta name=\"twitter:creator\" content=\"@https:\/\/twitter.com\/ERosasCU?s=09\" \/>\n<meta name=\"twitter:site\" content=\"@CentroUrbano\" \/>\n<meta name=\"twitter:label1\" content=\"Escrito por\" \/>\n\t<meta name=\"twitter:data1\" content=\"Edgar Rosas\" \/>\n\t<meta name=\"twitter:label2\" content=\"Tiempo de lectura\" \/>\n\t<meta name=\"twitter:data2\" content=\"2 minutos\" \/>\n<script type=\"application\/ld+json\" class=\"yoast-schema-graph\">{\"@context\":\"https:\\\/\\\/schema.org\",\"@graph\":[{\"@type\":\"Article\",\"@id\":\"https:\\\/\\\/centrourbano.com\\\/revista\\\/vivienda\\\/canadevi-vm-proyecta-construccion-de-20-mil\\\/#article\",\"isPartOf\":{\"@id\":\"https:\\\/\\\/centrourbano.com\\\/revista\\\/vivienda\\\/canadevi-vm-proyecta-construccion-de-20-mil\\\/\"},\"author\":{\"name\":\"Edgar Rosas\",\"@id\":\"https:\\\/\\\/centrourbano.com\\\/revista\\\/#\\\/schema\\\/person\\\/ff3c00651ce5b1630479d2cd0c2e3ac0\"},\"headline\":\"Canadevi VM proyecta construcci\u00f3n de 20 mil viviendas en Edomex\",\"datePublished\":\"2021-07-07T21:00:08+00:00\",\"dateModified\":\"2021-07-07T21:33:11+00:00\",\"mainEntityOfPage\":{\"@id\":\"https:\\\/\\\/centrourbano.com\\\/revista\\\/vivienda\\\/canadevi-vm-proyecta-construccion-de-20-mil\\\/\"},\"wordCount\":337,\"commentCount\":0,\"publisher\":{\"@id\":\"https:\\\/\\\/centrourbano.com\\\/revista\\\/#organization\"},\"image\":{\"@id\":\"https:\\\/\\\/centrourbano.com\\\/revista\\\/vivienda\\\/canadevi-vm-proyecta-construccion-de-20-mil\\\/#primaryimage\"},\"thumbnailUrl\":\"https:\\\/\\\/centrourbano.com\\\/revista\\\/wp-content\\\/uploads\\\/Canadevi-VM-construira-20-mil-viviendas-en-Edomex-Yuri-Zagorin.jpg\",\"keywords\":[\"Canadevi Valle de M\u00e9xico\",\"Estado de M\u00e9xico\",\"vivienda\",\"Yuri Zagorin\"],\"articleSection\":[\"Vivienda\"],\"inLanguage\":\"es\",\"potentialAction\":[{\"@type\":\"CommentAction\",\"name\":\"Comment\",\"target\":[\"https:\\\/\\\/centrourbano.com\\\/revista\\\/vivienda\\\/canadevi-vm-proyecta-construccion-de-20-mil\\\/#respond\"]}]},{\"@type\":\"WebPage\",\"@id\":\"https:\\\/\\\/centrourbano.com\\\/revista\\\/vivienda\\\/canadevi-vm-proyecta-construccion-de-20-mil\\\/\",\"url\":\"https:\\\/\\\/centrourbano.com\\\/revista\\\/vivienda\\\/canadevi-vm-proyecta-construccion-de-20-mil\\\/\",\"name\":\"Canadevi VM proyecta construcci\u00f3n de 20 mil viviendas en Edomex\",\"isPartOf\":{\"@id\":\"https:\\\/\\\/centrourbano.com\\\/revista\\\/#website\"},\"primaryImageOfPage\":{\"@id\":\"https:\\\/\\\/centrourbano.com\\\/revista\\\/vivienda\\\/canadevi-vm-proyecta-construccion-de-20-mil\\\/#primaryimage\"},\"image\":{\"@id\":\"https:\\\/\\\/centrourbano.com\\\/revista\\\/vivienda\\\/canadevi-vm-proyecta-construccion-de-20-mil\\\/#primaryimage\"},\"thumbnailUrl\":\"https:\\\/\\\/centrourbano.com\\\/revista\\\/wp-content\\\/uploads\\\/Canadevi-VM-construira-20-mil-viviendas-en-Edomex-Yuri-Zagorin.jpg\",\"datePublished\":\"2021-07-07T21:00:08+00:00\",\"dateModified\":\"2021-07-07T21:33:11+00:00\",\"description\":\"Canadevi VM se\u00f1al\u00f3 que contempla una inversi\u00f3n de 15,000 millones de pesos para los pr\u00f3ximos...Canadevi VM proyecta construcci\u00f3n de 20 mil\",\"breadcrumb\":{\"@id\":\"https:\\\/\\\/centrourbano.com\\\/revista\\\/vivienda\\\/canadevi-vm-proyecta-construccion-de-20-mil\\\/#breadcrumb\"},\"inLanguage\":\"es\",\"potentialAction\":[{\"@type\":\"ReadAction\",\"target\":[\"https:\\\/\\\/centrourbano.com\\\/revista\\\/vivienda\\\/canadevi-vm-proyecta-construccion-de-20-mil\\\/\"]}]},{\"@type\":\"ImageObject\",\"inLanguage\":\"es\",\"@id\":\"https:\\\/\\\/centrourbano.com\\\/revista\\\/vivienda\\\/canadevi-vm-proyecta-construccion-de-20-mil\\\/#primaryimage\",\"url\":\"https:\\\/\\\/centrourbano.com\\\/revista\\\/wp-content\\\/uploads\\\/Canadevi-VM-construira-20-mil-viviendas-en-Edomex-Yuri-Zagorin.jpg\",\"contentUrl\":\"https:\\\/\\\/centrourbano.com\\\/revista\\\/wp-content\\\/uploads\\\/Canadevi-VM-construira-20-mil-viviendas-en-Edomex-Yuri-Zagorin.jpg\",\"width\":800,\"height\":800,\"caption\":\"Canadevi VM proyecta construcci\u00f3n de 20 mil-Yuri Zagorin\"},{\"@type\":\"BreadcrumbList\",\"@id\":\"https:\\\/\\\/centrourbano.com\\\/revista\\\/vivienda\\\/canadevi-vm-proyecta-construccion-de-20-mil\\\/#breadcrumb\",\"itemListElement\":[{\"@type\":\"ListItem\",\"position\":1,\"name\":\"Portada\",\"item\":\"https:\\\/\\\/centrourbano.com\\\/revista\\\/\"},{\"@type\":\"ListItem\",\"position\":2,\"name\":\"Canadevi VM proyecta construcci\u00f3n de 20 mil viviendas en Edomex\"}]},{\"@type\":\"WebSite\",\"@id\":\"https:\\\/\\\/centrourbano.com\\\/revista\\\/#website\",\"url\":\"https:\\\/\\\/centrourbano.com\\\/revista\\\/\",\"name\":\"Centro Urbano\",\"description\":\"Medio especializado en los sectores vivienda, inmobiliario, construcci\u00f3n, arquitectura y urbanismo.\",\"publisher\":{\"@id\":\"https:\\\/\\\/centrourbano.com\\\/revista\\\/#organization\"},\"potentialAction\":[{\"@type\":\"SearchAction\",\"target\":{\"@type\":\"EntryPoint\",\"urlTemplate\":\"https:\\\/\\\/centrourbano.com\\\/revista\\\/?s={search_term_string}\"},\"query-input\":{\"@type\":\"PropertyValueSpecification\",\"valueRequired\":true,\"valueName\":\"search_term_string\"}}],\"inLanguage\":\"es\"},{\"@type\":\"Organization\",\"@id\":\"https:\\\/\\\/centrourbano.com\\\/revista\\\/#organization\",\"name\":\"Centro Urbano\",\"url\":\"https:\\\/\\\/centrourbano.com\\\/revista\\\/\",\"logo\":{\"@type\":\"ImageObject\",\"inLanguage\":\"es\",\"@id\":\"https:\\\/\\\/centrourbano.com\\\/revista\\\/#\\\/schema\\\/logo\\\/image\\\/\",\"url\":\"https:\\\/\\\/centrourbano.com\\\/revista\\\/wp-content\\\/uploads\\\/web_CU_logo-1.png\",\"contentUrl\":\"https:\\\/\\\/centrourbano.com\\\/revista\\\/wp-content\\\/uploads\\\/web_CU_logo-1.png\",\"width\":350,\"height\":91,\"caption\":\"Centro Urbano\"},\"image\":{\"@id\":\"https:\\\/\\\/centrourbano.com\\\/revista\\\/#\\\/schema\\\/logo\\\/image\\\/\"},\"sameAs\":[\"https:\\\/\\\/www.facebook.com\\\/portalcentrourbano\",\"https:\\\/\\\/x.com\\\/CentroUrbano\",\"https:\\\/\\\/www.instagram.com\\\/centro_urbano\\\/\",\"https:\\\/\\\/www.linkedin.com\\\/company\\\/centro-urbano\\\/\",\"http:\\\/\\\/www.youtube.com\\\/user\\\/portalcentrourbano\"]},{\"@type\":\"Person\",\"@id\":\"https:\\\/\\\/centrourbano.com\\\/revista\\\/#\\\/schema\\\/person\\\/ff3c00651ce5b1630479d2cd0c2e3ac0\",\"name\":\"Edgar Rosas\",\"image\":{\"@type\":\"ImageObject\",\"inLanguage\":\"es\",\"@id\":\"https:\\\/\\\/secure.gravatar.com\\\/avatar\\\/94440c4283495211faa5300bf85e80061036b83fced868c3783aa1310b350d9c?s=96&d=mm&r=g\",\"url\":\"https:\\\/\\\/secure.gravatar.com\\\/avatar\\\/94440c4283495211faa5300bf85e80061036b83fced868c3783aa1310b350d9c?s=96&d=mm&r=g\",\"contentUrl\":\"https:\\\/\\\/secure.gravatar.com\\\/avatar\\\/94440c4283495211faa5300bf85e80061036b83fced868c3783aa1310b350d9c?s=96&d=mm&r=g\",\"caption\":\"Edgar Rosas\"},\"description\":\"Editor en Jefe de Centro Urbano. Egresado de la maestr\u00eda en Periodismo Pol\u00edtico de la Escuela de Periodismo Carlos Septi\u00e9n Garc\u00eda (EPCSG). Estudi\u00f3 la licenciatura en Comunicaci\u00f3n en la Universidad Mexicana. Amante de la cr\u00f3nica y el reportaje. Admirador de Vicente Le\u00f1ero y Miguel \u00c1ngel Granados Chapa.\",\"sameAs\":[\"https:\\\/\\\/x.com\\\/https:\\\/\\\/twitter.com\\\/ERosasCU?s=09\"],\"url\":\"https:\\\/\\\/centrourbano.com\\\/revista\\\/author\\\/edgar-rosas\\\/\"}]}<\/script>\n<!-- \/ Yoast SEO plugin. -->","yoast_head_json":{"title":"Canadevi VM proyecta construcci\u00f3n de 20 mil viviendas en Edomex","description":"Canadevi VM se\u00f1al\u00f3 que contempla una inversi\u00f3n de 15,000 millones de pesos para los pr\u00f3ximos...Canadevi VM proyecta construcci\u00f3n de 20 mil","robots":{"index":"index","follow":"follow","max-snippet":"max-snippet:-1","max-image-preview":"max-image-preview:large","max-video-preview":"max-video-preview:-1"},"canonical":"https:\/\/centrourbano.com\/revista\/vivienda\/canadevi-vm-proyecta-construccion-de-20-mil\/","og_locale":"es_ES","og_type":"article","og_title":"Canadevi VM proyecta construcci\u00f3n de 20 mil viviendas en Edomex","og_description":"Canadevi VM se\u00f1al\u00f3 que contempla una inversi\u00f3n de 15,000 millones de pesos para los pr\u00f3ximos...Canadevi VM proyecta construcci\u00f3n de 20 mil","og_url":"https:\/\/centrourbano.com\/revista\/vivienda\/canadevi-vm-proyecta-construccion-de-20-mil\/","og_site_name":"Centro Urbano","article_publisher":"https:\/\/www.facebook.com\/portalcentrourbano","article_published_time":"2021-07-07T21:00:08+00:00","article_modified_time":"2021-07-07T21:33:11+00:00","og_image":[{"width":800,"height":800,"url":"https:\/\/centrourbano.com\/revista\/wp-content\/uploads\/Canadevi-VM-construira-20-mil-viviendas-en-Edomex-Yuri-Zagorin.jpg","type":"image\/jpeg"}],"author":"Edgar Rosas","twitter_card":"summary_large_image","twitter_creator":"@https:\/\/twitter.com\/ERosasCU?s=09","twitter_site":"@CentroUrbano","twitter_misc":{"Escrito por":"Edgar Rosas","Tiempo de lectura":"2 minutos"},"schema":{"@context":"https:\/\/schema.org","@graph":[{"@type":"Article","@id":"https:\/\/centrourbano.com\/revista\/vivienda\/canadevi-vm-proyecta-construccion-de-20-mil\/#article","isPartOf":{"@id":"https:\/\/centrourbano.com\/revista\/vivienda\/canadevi-vm-proyecta-construccion-de-20-mil\/"},"author":{"name":"Edgar Rosas","@id":"https:\/\/centrourbano.com\/revista\/#\/schema\/person\/ff3c00651ce5b1630479d2cd0c2e3ac0"},"headline":"Canadevi VM proyecta construcci\u00f3n de 20 mil viviendas en Edomex","datePublished":"2021-07-07T21:00:08+00:00","dateModified":"2021-07-07T21:33:11+00:00","mainEntityOfPage":{"@id":"https:\/\/centrourbano.com\/revista\/vivienda\/canadevi-vm-proyecta-construccion-de-20-mil\/"},"wordCount":337,"commentCount":0,"publisher":{"@id":"https:\/\/centrourbano.com\/revista\/#organization"},"image":{"@id":"https:\/\/centrourbano.com\/revista\/vivienda\/canadevi-vm-proyecta-construccion-de-20-mil\/#primaryimage"},"thumbnailUrl":"https:\/\/centrourbano.com\/revista\/wp-content\/uploads\/Canadevi-VM-construira-20-mil-viviendas-en-Edomex-Yuri-Zagorin.jpg","keywords":["Canadevi Valle de M\u00e9xico","Estado de M\u00e9xico","vivienda","Yuri Zagorin"],"articleSection":["Vivienda"],"inLanguage":"es","potentialAction":[{"@type":"CommentAction","name":"Comment","target":["https:\/\/centrourbano.com\/revista\/vivienda\/canadevi-vm-proyecta-construccion-de-20-mil\/#respond"]}]},{"@type":"WebPage","@id":"https:\/\/centrourbano.com\/revista\/vivienda\/canadevi-vm-proyecta-construccion-de-20-mil\/","url":"https:\/\/centrourbano.com\/revista\/vivienda\/canadevi-vm-proyecta-construccion-de-20-mil\/","name":"Canadevi VM proyecta construcci\u00f3n de 20 mil viviendas en Edomex","isPartOf":{"@id":"https:\/\/centrourbano.com\/revista\/#website"},"primaryImageOfPage":{"@id":"https:\/\/centrourbano.com\/revista\/vivienda\/canadevi-vm-proyecta-construccion-de-20-mil\/#primaryimage"},"image":{"@id":"https:\/\/centrourbano.com\/revista\/vivienda\/canadevi-vm-proyecta-construccion-de-20-mil\/#primaryimage"},"thumbnailUrl":"https:\/\/centrourbano.com\/revista\/wp-content\/uploads\/Canadevi-VM-construira-20-mil-viviendas-en-Edomex-Yuri-Zagorin.jpg","datePublished":"2021-07-07T21:00:08+00:00","dateModified":"2021-07-07T21:33:11+00:00","description":"Canadevi VM se\u00f1al\u00f3 que contempla una inversi\u00f3n de 15,000 millones de pesos para los pr\u00f3ximos...Canadevi VM proyecta construcci\u00f3n de 20 mil","breadcrumb":{"@id":"https:\/\/centrourbano.com\/revista\/vivienda\/canadevi-vm-proyecta-construccion-de-20-mil\/#breadcrumb"},"inLanguage":"es","potentialAction":[{"@type":"ReadAction","target":["https:\/\/centrourbano.com\/revista\/vivienda\/canadevi-vm-proyecta-construccion-de-20-mil\/"]}]},{"@type":"ImageObject","inLanguage":"es","@id":"https:\/\/centrourbano.com\/revista\/vivienda\/canadevi-vm-proyecta-construccion-de-20-mil\/#primaryimage","url":"https:\/\/centrourbano.com\/revista\/wp-content\/uploads\/Canadevi-VM-construira-20-mil-viviendas-en-Edomex-Yuri-Zagorin.jpg","contentUrl":"https:\/\/centrourbano.com\/revista\/wp-content\/uploads\/Canadevi-VM-construira-20-mil-viviendas-en-Edomex-Yuri-Zagorin.jpg","width":800,"height":800,"caption":"Canadevi VM proyecta construcci\u00f3n de 20 mil-Yuri Zagorin"},{"@type":"BreadcrumbList","@id":"https:\/\/centrourbano.com\/revista\/vivienda\/canadevi-vm-proyecta-construccion-de-20-mil\/#breadcrumb","itemListElement":[{"@type":"ListItem","position":1,"name":"Portada","item":"https:\/\/centrourbano.com\/revista\/"},{"@type":"ListItem","position":2,"name":"Canadevi VM proyecta construcci\u00f3n de 20 mil viviendas en Edomex"}]},{"@type":"WebSite","@id":"https:\/\/centrourbano.com\/revista\/#website","url":"https:\/\/centrourbano.com\/revista\/","name":"Centro Urbano","description":"Medio especializado en los sectores vivienda, inmobiliario, construcci\u00f3n, arquitectura y urbanismo.","publisher":{"@id":"https:\/\/centrourbano.com\/revista\/#organization"},"potentialAction":[{"@type":"SearchAction","target":{"@type":"EntryPoint","urlTemplate":"https:\/\/centrourbano.com\/revista\/?s={search_term_string}"},"query-input":{"@type":"PropertyValueSpecification","valueRequired":true,"valueName":"search_term_string"}}],"inLanguage":"es"},{"@type":"Organization","@id":"https:\/\/centrourbano.com\/revista\/#organization","name":"Centro Urbano","url":"https:\/\/centrourbano.com\/revista\/","logo":{"@type":"ImageObject","inLanguage":"es","@id":"https:\/\/centrourbano.com\/revista\/#\/schema\/logo\/image\/","url":"https:\/\/centrourbano.com\/revista\/wp-content\/uploads\/web_CU_logo-1.png","contentUrl":"https:\/\/centrourbano.com\/revista\/wp-content\/uploads\/web_CU_logo-1.png","width":350,"height":91,"caption":"Centro Urbano"},"image":{"@id":"https:\/\/centrourbano.com\/revista\/#\/schema\/logo\/image\/"},"sameAs":["https:\/\/www.facebook.com\/portalcentrourbano","https:\/\/x.com\/CentroUrbano","https:\/\/www.instagram.com\/centro_urbano\/","https:\/\/www.linkedin.com\/company\/centro-urbano\/","http:\/\/www.youtube.com\/user\/portalcentrourbano"]},{"@type":"Person","@id":"https:\/\/centrourbano.com\/revista\/#\/schema\/person\/ff3c00651ce5b1630479d2cd0c2e3ac0","name":"Edgar Rosas","image":{"@type":"ImageObject","inLanguage":"es","@id":"https:\/\/secure.gravatar.com\/avatar\/94440c4283495211faa5300bf85e80061036b83fced868c3783aa1310b350d9c?s=96&d=mm&r=g","url":"https:\/\/secure.gravatar.com\/avatar\/94440c4283495211faa5300bf85e80061036b83fced868c3783aa1310b350d9c?s=96&d=mm&r=g","contentUrl":"https:\/\/secure.gravatar.com\/avatar\/94440c4283495211faa5300bf85e80061036b83fced868c3783aa1310b350d9c?s=96&d=mm&r=g","caption":"Edgar Rosas"},"description":"Editor en Jefe de Centro Urbano. Egresado de la maestr\u00eda en Periodismo Pol\u00edtico de la Escuela de Periodismo Carlos Septi\u00e9n Garc\u00eda (EPCSG). Estudi\u00f3 la licenciatura en Comunicaci\u00f3n en la Universidad Mexicana. Amante de la cr\u00f3nica y el reportaje. Admirador de Vicente Le\u00f1ero y Miguel \u00c1ngel Granados Chapa.","sameAs":["https:\/\/x.com\/https:\/\/twitter.com\/ERosasCU?s=09"],"url":"https:\/\/centrourbano.com\/revista\/author\/edgar-rosas\/"}]}},"_links":{"self":[{"href":"https:\/\/centrourbano.com\/revista\/wp-json\/wp\/v2\/posts\/119451","targetHints":{"allow":["GET"]}}],"collection":[{"href":"https:\/\/centrourbano.com\/revista\/wp-json\/wp\/v2\/posts"}],"about":[{"href":"https:\/\/centrourbano.com\/revista\/wp-json\/wp\/v2\/types\/post"}],"author":[{"embeddable":true,"href":"https:\/\/centrourbano.com\/revista\/wp-json\/wp\/v2\/users\/47"}],"replies":[{"embeddable":true,"href":"https:\/\/centrourbano.com\/revista\/wp-json\/wp\/v2\/comments?post=119451"}],"version-history":[{"count":4,"href":"https:\/\/centrourbano.com\/revista\/wp-json\/wp\/v2\/posts\/119451\/revisions"}],"predecessor-version":[{"id":119456,"href":"https:\/\/centrourbano.com\/revista\/wp-json\/wp\/v2\/posts\/119451\/revisions\/119456"}],"wp:featuredmedia":[{"embeddable":true,"href":"https:\/\/centrourbano.com\/revista\/wp-json\/wp\/v2\/media\/119452"}],"wp:attachment":[{"href":"https:\/\/centrourbano.com\/revista\/wp-json\/wp\/v2\/media?parent=119451"}],"wp:term":[{"taxonomy":"category","embeddable":true,"href":"https:\/\/centrourbano.com\/revista\/wp-json\/wp\/v2\/categories?post=119451"},{"taxonomy":"post_tag","embeddable":true,"href":"https:\/\/centrourbano.com\/revista\/wp-json\/wp\/v2\/tags?post=119451"}],"curies":[{"name":"wp","href":"https:\/\/api.w.org\/{rel}","templated":true}]}}