{"id":11898,"date":"2014-10-23T18:27:51","date_gmt":"2014-10-23T23:27:51","guid":{"rendered":"http:\/\/centrourbano.com\/?p=11898"},"modified":"2014-10-23T18:28:54","modified_gmt":"2014-10-23T23:28:54","slug":"necesaria-la-participacion-de-los-congresos-locales-para-concretar-el-desarrollo-urbano-en-el-pais-ramirez-marin","status":"publish","type":"post","link":"https:\/\/centrourbano.com\/revista\/saladeprensa\/necesaria-la-participacion-de-los-congresos-locales-para-concretar-el-desarrollo-urbano-en-el-pais-ramirez-marin\/","title":{"rendered":"Necesaria la participaci\u00f3n de los congresos locales para concretar el desarrollo urbano en el pa\u00eds: Ram\u00edrez Mar\u00edn"},"content":{"rendered":"<p>&nbsp;<\/p>\n<ul>\n<li><em>Al participar en la V Asamblea de la COPECOL<\/em><\/li>\n<\/ul>\n<p><!--more--><\/p>\n<p>No se puede hacer legislaci\u00f3n para la planeaci\u00f3n urbana de corto plazo, tiene que haber una discusi\u00f3n seria en los Congresos luego de una discusi\u00f3n seria en las ciudades, para determinar el tiempo en que se alcanzar\u00e1n resultados esperados para las ciudades del futuro, asegur\u00f3 el secretario de Desarrollo Agrario, Territorial y Urbano, Jorge Carlos Ram\u00edrez Mar\u00edn, durante la participaci\u00f3n en la V Asamblea Plenaria de la Conferencia Permanente de Congresos Locales (COPECOL).<\/p>\n<p>Ante diputados locales de todas las entidades del pa\u00eds, el titular de la SEDATU se\u00f1al\u00f3 que las necesidades ser\u00e1n distintas en cada estado, raz\u00f3n por la cual el foro m\u00e1s importante donde se debe resolver la planeaci\u00f3n de las ciudades son los congresos locales, ya que no se trata de reducir las facultades de los municipios, sino de conducir las facultades para su posible realizaci\u00f3n.<\/p>\n<p>El responsable del desarrollo agrario, territorial y urbano del pa\u00eds, agreg\u00f3 que actualmente se le otorgan a los municipios las facultades de planeaci\u00f3n, pero no se refuerzan, no cuentan con los elementos para que esa facultad pueda ser exigible por parte de los ciudadanos, de ah\u00ed la importancia de facultar a los congresos locales.<\/p>\n<p>En sesi\u00f3n plenaria de trabajo, donde desarroll\u00f3 el tema Ciudades del Futuro, destac\u00f3 que las reglas tienen que ser claras, transparentes, inamovibles, entendibles y que se apliquen a todos por igual, a fin de que el derecho a la ciudad sea la posibilidad m\u00e1s inmediata a la igualdad que se da a trav\u00e9s del Estado de derecho.<\/p>\n<p>Reiter\u00f3 que la ciudad es el espacio donde verdaderamente se puede alcanzar la igualdad que no se refiere a tener la misma casa, sino a tener el mismo derecho que los dem\u00e1s a disfrutarla.<\/p>\n<p>Debemos alcanzar acuerdos, dijo, para definir el tipo de ciudad que los ciudadanos quieren, para lo cual se debe considerar la innovaci\u00f3n de los espacios urbanos, ya que a diferencia de otros pa\u00edses del mundo en M\u00e9xico las casas pierden valor, no por el inmueble, sino porque el entorno se deteriora.<\/p>\n<p>Agreg\u00f3 que el cambio, la renovaci\u00f3n y la recuperaci\u00f3n de espacios p\u00fablicos aumentan valor a las viviendas, por eso es fundamental promover soluciones a problemas antiguos, adaptarlos a los tiempos y las circunstancias actuales, para lo cual es fundamental contar con la participaci\u00f3n social en trabajo conjunto con la legislaci\u00f3n de los expertos en la materia.<\/p>\n<p>Por tal motivo, manifest\u00f3 que el Gobierno de la Rep\u00fablica a trav\u00e9s de la SEDATU opera programas como el de Rescate de Espacios P\u00fablicos (PREP) que lleva construidos en lo que va de la actual administraci\u00f3n federal m\u00e1s de mil parques.<\/p>\n<p>Ram\u00edrez Mar\u00edn, indic\u00f3 que para el cuidado de estos espacios p\u00fablicos se prev\u00e9n alternativas de conservaci\u00f3n en las que se incluye la participaci\u00f3n social, a fin de que sigan en buenas condiciones en forma permanente.<\/p>\n<p>Detall\u00f3 que otro programa es H\u00e1bitat, el cual est\u00e1 designado a reforzar la infraestructura en los pol\u00edgonos que tienen necesidad de mayor intervenci\u00f3n para construir, por ejemplo centros de desarrollo comunitario, entre otras construcciones urbanas para generar bienestar social.<\/p>\n<p>As\u00ed mismo, mencion\u00f3 que a trav\u00e9s de la Comisi\u00f3n Nacional de Vivienda (CONAVI), la dependencia a su cargo redistribuye el espacio urbano mediante un mecanismo conocido como Desarrollos Certificados en los cuales se abren nuevas posibilidades para vivienda o bien, abre nuevos espacios para industrias que puedan estar dentro de la ciudad.<\/p>\n<p>Agreg\u00f3 que la principal funci\u00f3n de la Comisi\u00f3n, es se\u00f1alar el refuerzo del desarrollo urbano, puntualizando los per\u00edmetros en los cuales se puede construir vivienda para lo cual cuenta con las siguientes identificaciones: U-1 muy cerca del centro, U-2 m\u00e1s lejos, U-3 en los l\u00edmites exteriores y R\u00a0fuera del \u00e1rea permitida.<\/p>\n<p>En cuanto al Fideicomiso Fondo Nacional de Habitaciones Populares (FONHAPO), indic\u00f3 que ofrece apoyo para la habitaci\u00f3n popular, ejemplo de ello es que en 2013 se construyeron casi 40 mil casas y realiz\u00f3 m\u00e1s de 148 mil acciones de vivienda para mejorarlas, labores concentradas en los pol\u00edgonos y los municipios marcados por la Cruzada contra el Hambre.<\/p>\n<p>As\u00ed mismo, FONHAPO cuenta con el programa de Mujeres Jefas de Familia quienes pueden acceder a cr\u00e9ditos de vivienda con 300 pesos semanales para comprar casa de 292 mil pesos en un cr\u00e9dito de 10 a\u00f1os, s\u00f3lo con la garant\u00eda de su trabajo.<\/p>\n<p>Durante la V Asamblea de la COPECOL, el funcionario dijo que la SEDATU tiene la encomienda de ordenar el territorio para precisar d\u00f3nde se puede construir vivienda, d\u00f3nde deben dejan de haber campos de cultivo o centros de empleo, es decir, decidir sobre el suelo ejidal, privado, los registros, catastros, resolver conflictos ejidales, para hacer efectivo el desarrollo urbano.<\/p>\n","protected":false},"excerpt":{"rendered":"<p>&nbsp; Al participar en la V Asamblea de la COPECOL<\/p>\n","protected":false},"author":14,"featured_media":0,"comment_status":"open","ping_status":"closed","sticky":false,"template":"","format":"standard","meta":{"om_disable_all_campaigns":false,"inline_featured_image":false,"_monsterinsights_skip_tracking":false,"_monsterinsights_sitenote_active":false,"_monsterinsights_sitenote_note":"","_monsterinsights_sitenote_category":0,"footnotes":""},"categories":[7],"tags":[3442,105],"class_list":["post-11898","post","type-post","status-publish","format-standard","hentry","category-saladeprensa","tag-copecol","tag-sedatu"],"yoast_head":"<!-- This site is optimized with the Yoast SEO plugin v27.4 - https:\/\/yoast.com\/product\/yoast-seo-wordpress\/ -->\n<title>Necesaria la participaci\u00f3n de los congresos locales para concretar el desarrollo urbano en el pa\u00eds: Ram\u00edrez Mar\u00edn  -<\/title>\n<meta name=\"description\" content=\"&nbsp; Al participar en la V Asamblea de la COPECOL No se puede hacer legislaci\u00f3n para la planeaci\u00f3n urbana de corto plazo, tiene que haber una discusi\u00f3n\" \/>\n<meta name=\"robots\" content=\"index, follow, max-snippet:-1, max-image-preview:large, max-video-preview:-1\" \/>\n<link rel=\"canonical\" href=\"https:\/\/centrourbano.com\/revista\/saladeprensa\/necesaria-la-participacion-de-los-congresos-locales-para-concretar-el-desarrollo-urbano-en-el-pais-ramirez-marin\/\" \/>\n<meta property=\"og:locale\" content=\"es_ES\" \/>\n<meta property=\"og:type\" content=\"article\" \/>\n<meta property=\"og:title\" content=\"Necesaria la participaci\u00f3n de los congresos locales para concretar el desarrollo urbano en el pa\u00eds: Ram\u00edrez Mar\u00edn  -\" \/>\n<meta property=\"og:description\" content=\"&nbsp; Al participar en la V Asamblea de la COPECOL No se puede hacer legislaci\u00f3n para la planeaci\u00f3n urbana de corto plazo, tiene que haber una discusi\u00f3n\" \/>\n<meta property=\"og:url\" content=\"https:\/\/centrourbano.com\/revista\/saladeprensa\/necesaria-la-participacion-de-los-congresos-locales-para-concretar-el-desarrollo-urbano-en-el-pais-ramirez-marin\/\" \/>\n<meta property=\"og:site_name\" content=\"Centro Urbano\" \/>\n<meta property=\"article:publisher\" content=\"https:\/\/www.facebook.com\/portalcentrourbano\" \/>\n<meta property=\"article:published_time\" content=\"2014-10-23T23:27:51+00:00\" \/>\n<meta property=\"article:modified_time\" content=\"2014-10-23T23:28:54+00:00\" \/>\n<meta property=\"og:image\" content=\"https:\/\/centrourbano.com\/revista\/wp-content\/uploads\/CU-logo.png\" \/>\n\t<meta property=\"og:image:width\" content=\"350\" \/>\n\t<meta property=\"og:image:height\" content=\"91\" \/>\n\t<meta property=\"og:image:type\" content=\"image\/png\" \/>\n<meta name=\"author\" content=\"Redacci\u00f3n Centro Urbano\" \/>\n<meta name=\"twitter:card\" content=\"summary_large_image\" \/>\n<meta name=\"twitter:creator\" content=\"@CentroUrbano\" \/>\n<meta name=\"twitter:site\" content=\"@CentroUrbano\" \/>\n<meta name=\"twitter:label1\" content=\"Escrito por\" \/>\n\t<meta name=\"twitter:data1\" content=\"Redacci\u00f3n Centro Urbano\" \/>\n\t<meta name=\"twitter:label2\" content=\"Tiempo de lectura\" \/>\n\t<meta name=\"twitter:data2\" content=\"4 minutos\" \/>\n<script type=\"application\/ld+json\" class=\"yoast-schema-graph\">{\"@context\":\"https:\\\/\\\/schema.org\",\"@graph\":[{\"@type\":\"Article\",\"@id\":\"https:\\\/\\\/centrourbano.com\\\/revista\\\/saladeprensa\\\/necesaria-la-participacion-de-los-congresos-locales-para-concretar-el-desarrollo-urbano-en-el-pais-ramirez-marin\\\/#article\",\"isPartOf\":{\"@id\":\"https:\\\/\\\/centrourbano.com\\\/revista\\\/saladeprensa\\\/necesaria-la-participacion-de-los-congresos-locales-para-concretar-el-desarrollo-urbano-en-el-pais-ramirez-marin\\\/\"},\"author\":{\"name\":\"Redacci\u00f3n Centro Urbano\",\"@id\":\"https:\\\/\\\/centrourbano.com\\\/revista\\\/#\\\/schema\\\/person\\\/680e7c50f9d6e917e416c9efdc26f996\"},\"headline\":\"Necesaria la participaci\u00f3n de los congresos locales para concretar el desarrollo urbano en el pa\u00eds: Ram\u00edrez Mar\u00edn\",\"datePublished\":\"2014-10-23T23:27:51+00:00\",\"dateModified\":\"2014-10-23T23:28:54+00:00\",\"mainEntityOfPage\":{\"@id\":\"https:\\\/\\\/centrourbano.com\\\/revista\\\/saladeprensa\\\/necesaria-la-participacion-de-los-congresos-locales-para-concretar-el-desarrollo-urbano-en-el-pais-ramirez-marin\\\/\"},\"wordCount\":854,\"commentCount\":0,\"publisher\":{\"@id\":\"https:\\\/\\\/centrourbano.com\\\/revista\\\/#organization\"},\"keywords\":[\"Copecol\",\"Sedatu\"],\"articleSection\":[\"Sala de Prensa\"],\"inLanguage\":\"es\",\"potentialAction\":[{\"@type\":\"CommentAction\",\"name\":\"Comment\",\"target\":[\"https:\\\/\\\/centrourbano.com\\\/revista\\\/saladeprensa\\\/necesaria-la-participacion-de-los-congresos-locales-para-concretar-el-desarrollo-urbano-en-el-pais-ramirez-marin\\\/#respond\"]}]},{\"@type\":\"WebPage\",\"@id\":\"https:\\\/\\\/centrourbano.com\\\/revista\\\/saladeprensa\\\/necesaria-la-participacion-de-los-congresos-locales-para-concretar-el-desarrollo-urbano-en-el-pais-ramirez-marin\\\/\",\"url\":\"https:\\\/\\\/centrourbano.com\\\/revista\\\/saladeprensa\\\/necesaria-la-participacion-de-los-congresos-locales-para-concretar-el-desarrollo-urbano-en-el-pais-ramirez-marin\\\/\",\"name\":\"Necesaria la participaci\u00f3n de los congresos locales para concretar el desarrollo urbano en el pa\u00eds: Ram\u00edrez Mar\u00edn -\",\"isPartOf\":{\"@id\":\"https:\\\/\\\/centrourbano.com\\\/revista\\\/#website\"},\"datePublished\":\"2014-10-23T23:27:51+00:00\",\"dateModified\":\"2014-10-23T23:28:54+00:00\",\"description\":\"&nbsp; Al participar en la V Asamblea de la COPECOL No se puede hacer legislaci\u00f3n para la planeaci\u00f3n urbana de corto plazo, tiene que haber una discusi\u00f3n\",\"breadcrumb\":{\"@id\":\"https:\\\/\\\/centrourbano.com\\\/revista\\\/saladeprensa\\\/necesaria-la-participacion-de-los-congresos-locales-para-concretar-el-desarrollo-urbano-en-el-pais-ramirez-marin\\\/#breadcrumb\"},\"inLanguage\":\"es\",\"potentialAction\":[{\"@type\":\"ReadAction\",\"target\":[\"https:\\\/\\\/centrourbano.com\\\/revista\\\/saladeprensa\\\/necesaria-la-participacion-de-los-congresos-locales-para-concretar-el-desarrollo-urbano-en-el-pais-ramirez-marin\\\/\"]}]},{\"@type\":\"BreadcrumbList\",\"@id\":\"https:\\\/\\\/centrourbano.com\\\/revista\\\/saladeprensa\\\/necesaria-la-participacion-de-los-congresos-locales-para-concretar-el-desarrollo-urbano-en-el-pais-ramirez-marin\\\/#breadcrumb\",\"itemListElement\":[{\"@type\":\"ListItem\",\"position\":1,\"name\":\"Portada\",\"item\":\"https:\\\/\\\/centrourbano.com\\\/revista\\\/\"},{\"@type\":\"ListItem\",\"position\":2,\"name\":\"Necesaria la participaci\u00f3n de los congresos locales para concretar el desarrollo urbano en el pa\u00eds: Ram\u00edrez Mar\u00edn\"}]},{\"@type\":\"WebSite\",\"@id\":\"https:\\\/\\\/centrourbano.com\\\/revista\\\/#website\",\"url\":\"https:\\\/\\\/centrourbano.com\\\/revista\\\/\",\"name\":\"Centro Urbano\",\"description\":\"Medio especializado en los sectores vivienda, inmobiliario, construcci\u00f3n, arquitectura y urbanismo.\",\"publisher\":{\"@id\":\"https:\\\/\\\/centrourbano.com\\\/revista\\\/#organization\"},\"potentialAction\":[{\"@type\":\"SearchAction\",\"target\":{\"@type\":\"EntryPoint\",\"urlTemplate\":\"https:\\\/\\\/centrourbano.com\\\/revista\\\/?s={search_term_string}\"},\"query-input\":{\"@type\":\"PropertyValueSpecification\",\"valueRequired\":true,\"valueName\":\"search_term_string\"}}],\"inLanguage\":\"es\"},{\"@type\":\"Organization\",\"@id\":\"https:\\\/\\\/centrourbano.com\\\/revista\\\/#organization\",\"name\":\"Centro Urbano\",\"url\":\"https:\\\/\\\/centrourbano.com\\\/revista\\\/\",\"logo\":{\"@type\":\"ImageObject\",\"inLanguage\":\"es\",\"@id\":\"https:\\\/\\\/centrourbano.com\\\/revista\\\/#\\\/schema\\\/logo\\\/image\\\/\",\"url\":\"https:\\\/\\\/centrourbano.com\\\/revista\\\/wp-content\\\/uploads\\\/web_CU_logo-1.png\",\"contentUrl\":\"https:\\\/\\\/centrourbano.com\\\/revista\\\/wp-content\\\/uploads\\\/web_CU_logo-1.png\",\"width\":350,\"height\":91,\"caption\":\"Centro Urbano\"},\"image\":{\"@id\":\"https:\\\/\\\/centrourbano.com\\\/revista\\\/#\\\/schema\\\/logo\\\/image\\\/\"},\"sameAs\":[\"https:\\\/\\\/www.facebook.com\\\/portalcentrourbano\",\"https:\\\/\\\/x.com\\\/CentroUrbano\",\"https:\\\/\\\/www.instagram.com\\\/centro_urbano\\\/\",\"https:\\\/\\\/www.linkedin.com\\\/company\\\/centro-urbano\\\/\",\"http:\\\/\\\/www.youtube.com\\\/user\\\/portalcentrourbano\"]},{\"@type\":\"Person\",\"@id\":\"https:\\\/\\\/centrourbano.com\\\/revista\\\/#\\\/schema\\\/person\\\/680e7c50f9d6e917e416c9efdc26f996\",\"name\":\"Redacci\u00f3n Centro Urbano\",\"image\":{\"@type\":\"ImageObject\",\"inLanguage\":\"es\",\"@id\":\"https:\\\/\\\/secure.gravatar.com\\\/avatar\\\/15a789f894398c0f311f3a7a2ee28032bbc0483098539da66b6a045aa810bf35?s=96&d=mm&r=g\",\"url\":\"https:\\\/\\\/secure.gravatar.com\\\/avatar\\\/15a789f894398c0f311f3a7a2ee28032bbc0483098539da66b6a045aa810bf35?s=96&d=mm&r=g\",\"contentUrl\":\"https:\\\/\\\/secure.gravatar.com\\\/avatar\\\/15a789f894398c0f311f3a7a2ee28032bbc0483098539da66b6a045aa810bf35?s=96&d=mm&r=g\",\"caption\":\"Redacci\u00f3n Centro Urbano\"},\"url\":\"https:\\\/\\\/centrourbano.com\\\/revista\\\/author\\\/editorial\\\/\"}]}<\/script>\n<!-- \/ Yoast SEO plugin. -->","yoast_head_json":{"title":"Necesaria la participaci\u00f3n de los congresos locales para concretar el desarrollo urbano en el pa\u00eds: Ram\u00edrez Mar\u00edn  -","description":"&nbsp; Al participar en la V Asamblea de la COPECOL No se puede hacer legislaci\u00f3n para la planeaci\u00f3n urbana de corto plazo, tiene que haber una discusi\u00f3n","robots":{"index":"index","follow":"follow","max-snippet":"max-snippet:-1","max-image-preview":"max-image-preview:large","max-video-preview":"max-video-preview:-1"},"canonical":"https:\/\/centrourbano.com\/revista\/saladeprensa\/necesaria-la-participacion-de-los-congresos-locales-para-concretar-el-desarrollo-urbano-en-el-pais-ramirez-marin\/","og_locale":"es_ES","og_type":"article","og_title":"Necesaria la participaci\u00f3n de los congresos locales para concretar el desarrollo urbano en el pa\u00eds: Ram\u00edrez Mar\u00edn  -","og_description":"&nbsp; Al participar en la V Asamblea de la COPECOL No se puede hacer legislaci\u00f3n para la planeaci\u00f3n urbana de corto plazo, tiene que haber una discusi\u00f3n","og_url":"https:\/\/centrourbano.com\/revista\/saladeprensa\/necesaria-la-participacion-de-los-congresos-locales-para-concretar-el-desarrollo-urbano-en-el-pais-ramirez-marin\/","og_site_name":"Centro Urbano","article_publisher":"https:\/\/www.facebook.com\/portalcentrourbano","article_published_time":"2014-10-23T23:27:51+00:00","article_modified_time":"2014-10-23T23:28:54+00:00","og_image":[{"width":350,"height":91,"url":"https:\/\/centrourbano.com\/revista\/wp-content\/uploads\/CU-logo.png","type":"image\/png"}],"author":"Redacci\u00f3n Centro Urbano","twitter_card":"summary_large_image","twitter_creator":"@CentroUrbano","twitter_site":"@CentroUrbano","twitter_misc":{"Escrito por":"Redacci\u00f3n Centro Urbano","Tiempo de lectura":"4 minutos"},"schema":{"@context":"https:\/\/schema.org","@graph":[{"@type":"Article","@id":"https:\/\/centrourbano.com\/revista\/saladeprensa\/necesaria-la-participacion-de-los-congresos-locales-para-concretar-el-desarrollo-urbano-en-el-pais-ramirez-marin\/#article","isPartOf":{"@id":"https:\/\/centrourbano.com\/revista\/saladeprensa\/necesaria-la-participacion-de-los-congresos-locales-para-concretar-el-desarrollo-urbano-en-el-pais-ramirez-marin\/"},"author":{"name":"Redacci\u00f3n Centro Urbano","@id":"https:\/\/centrourbano.com\/revista\/#\/schema\/person\/680e7c50f9d6e917e416c9efdc26f996"},"headline":"Necesaria la participaci\u00f3n de los congresos locales para concretar el desarrollo urbano en el pa\u00eds: Ram\u00edrez Mar\u00edn","datePublished":"2014-10-23T23:27:51+00:00","dateModified":"2014-10-23T23:28:54+00:00","mainEntityOfPage":{"@id":"https:\/\/centrourbano.com\/revista\/saladeprensa\/necesaria-la-participacion-de-los-congresos-locales-para-concretar-el-desarrollo-urbano-en-el-pais-ramirez-marin\/"},"wordCount":854,"commentCount":0,"publisher":{"@id":"https:\/\/centrourbano.com\/revista\/#organization"},"keywords":["Copecol","Sedatu"],"articleSection":["Sala de Prensa"],"inLanguage":"es","potentialAction":[{"@type":"CommentAction","name":"Comment","target":["https:\/\/centrourbano.com\/revista\/saladeprensa\/necesaria-la-participacion-de-los-congresos-locales-para-concretar-el-desarrollo-urbano-en-el-pais-ramirez-marin\/#respond"]}]},{"@type":"WebPage","@id":"https:\/\/centrourbano.com\/revista\/saladeprensa\/necesaria-la-participacion-de-los-congresos-locales-para-concretar-el-desarrollo-urbano-en-el-pais-ramirez-marin\/","url":"https:\/\/centrourbano.com\/revista\/saladeprensa\/necesaria-la-participacion-de-los-congresos-locales-para-concretar-el-desarrollo-urbano-en-el-pais-ramirez-marin\/","name":"Necesaria la participaci\u00f3n de los congresos locales para concretar el desarrollo urbano en el pa\u00eds: Ram\u00edrez Mar\u00edn -","isPartOf":{"@id":"https:\/\/centrourbano.com\/revista\/#website"},"datePublished":"2014-10-23T23:27:51+00:00","dateModified":"2014-10-23T23:28:54+00:00","description":"&nbsp; Al participar en la V Asamblea de la COPECOL No se puede hacer legislaci\u00f3n para la planeaci\u00f3n urbana de corto plazo, tiene que haber una discusi\u00f3n","breadcrumb":{"@id":"https:\/\/centrourbano.com\/revista\/saladeprensa\/necesaria-la-participacion-de-los-congresos-locales-para-concretar-el-desarrollo-urbano-en-el-pais-ramirez-marin\/#breadcrumb"},"inLanguage":"es","potentialAction":[{"@type":"ReadAction","target":["https:\/\/centrourbano.com\/revista\/saladeprensa\/necesaria-la-participacion-de-los-congresos-locales-para-concretar-el-desarrollo-urbano-en-el-pais-ramirez-marin\/"]}]},{"@type":"BreadcrumbList","@id":"https:\/\/centrourbano.com\/revista\/saladeprensa\/necesaria-la-participacion-de-los-congresos-locales-para-concretar-el-desarrollo-urbano-en-el-pais-ramirez-marin\/#breadcrumb","itemListElement":[{"@type":"ListItem","position":1,"name":"Portada","item":"https:\/\/centrourbano.com\/revista\/"},{"@type":"ListItem","position":2,"name":"Necesaria la participaci\u00f3n de los congresos locales para concretar el desarrollo urbano en el pa\u00eds: Ram\u00edrez Mar\u00edn"}]},{"@type":"WebSite","@id":"https:\/\/centrourbano.com\/revista\/#website","url":"https:\/\/centrourbano.com\/revista\/","name":"Centro Urbano","description":"Medio especializado en los sectores vivienda, inmobiliario, construcci\u00f3n, arquitectura y urbanismo.","publisher":{"@id":"https:\/\/centrourbano.com\/revista\/#organization"},"potentialAction":[{"@type":"SearchAction","target":{"@type":"EntryPoint","urlTemplate":"https:\/\/centrourbano.com\/revista\/?s={search_term_string}"},"query-input":{"@type":"PropertyValueSpecification","valueRequired":true,"valueName":"search_term_string"}}],"inLanguage":"es"},{"@type":"Organization","@id":"https:\/\/centrourbano.com\/revista\/#organization","name":"Centro Urbano","url":"https:\/\/centrourbano.com\/revista\/","logo":{"@type":"ImageObject","inLanguage":"es","@id":"https:\/\/centrourbano.com\/revista\/#\/schema\/logo\/image\/","url":"https:\/\/centrourbano.com\/revista\/wp-content\/uploads\/web_CU_logo-1.png","contentUrl":"https:\/\/centrourbano.com\/revista\/wp-content\/uploads\/web_CU_logo-1.png","width":350,"height":91,"caption":"Centro Urbano"},"image":{"@id":"https:\/\/centrourbano.com\/revista\/#\/schema\/logo\/image\/"},"sameAs":["https:\/\/www.facebook.com\/portalcentrourbano","https:\/\/x.com\/CentroUrbano","https:\/\/www.instagram.com\/centro_urbano\/","https:\/\/www.linkedin.com\/company\/centro-urbano\/","http:\/\/www.youtube.com\/user\/portalcentrourbano"]},{"@type":"Person","@id":"https:\/\/centrourbano.com\/revista\/#\/schema\/person\/680e7c50f9d6e917e416c9efdc26f996","name":"Redacci\u00f3n Centro Urbano","image":{"@type":"ImageObject","inLanguage":"es","@id":"https:\/\/secure.gravatar.com\/avatar\/15a789f894398c0f311f3a7a2ee28032bbc0483098539da66b6a045aa810bf35?s=96&d=mm&r=g","url":"https:\/\/secure.gravatar.com\/avatar\/15a789f894398c0f311f3a7a2ee28032bbc0483098539da66b6a045aa810bf35?s=96&d=mm&r=g","contentUrl":"https:\/\/secure.gravatar.com\/avatar\/15a789f894398c0f311f3a7a2ee28032bbc0483098539da66b6a045aa810bf35?s=96&d=mm&r=g","caption":"Redacci\u00f3n Centro Urbano"},"url":"https:\/\/centrourbano.com\/revista\/author\/editorial\/"}]}},"_links":{"self":[{"href":"https:\/\/centrourbano.com\/revista\/wp-json\/wp\/v2\/posts\/11898","targetHints":{"allow":["GET"]}}],"collection":[{"href":"https:\/\/centrourbano.com\/revista\/wp-json\/wp\/v2\/posts"}],"about":[{"href":"https:\/\/centrourbano.com\/revista\/wp-json\/wp\/v2\/types\/post"}],"author":[{"embeddable":true,"href":"https:\/\/centrourbano.com\/revista\/wp-json\/wp\/v2\/users\/14"}],"replies":[{"embeddable":true,"href":"https:\/\/centrourbano.com\/revista\/wp-json\/wp\/v2\/comments?post=11898"}],"version-history":[{"count":0,"href":"https:\/\/centrourbano.com\/revista\/wp-json\/wp\/v2\/posts\/11898\/revisions"}],"wp:attachment":[{"href":"https:\/\/centrourbano.com\/revista\/wp-json\/wp\/v2\/media?parent=11898"}],"wp:term":[{"taxonomy":"category","embeddable":true,"href":"https:\/\/centrourbano.com\/revista\/wp-json\/wp\/v2\/categories?post=11898"},{"taxonomy":"post_tag","embeddable":true,"href":"https:\/\/centrourbano.com\/revista\/wp-json\/wp\/v2\/tags?post=11898"}],"curies":[{"name":"wp","href":"https:\/\/api.w.org\/{rel}","templated":true}]}}