{"id":11887,"date":"2014-10-23T15:21:20","date_gmt":"2014-10-23T20:21:20","guid":{"rendered":"http:\/\/centrourbano.com\/?p=11887"},"modified":"2014-10-23T15:24:51","modified_gmt":"2014-10-23T20:24:51","slug":"destaca-la-arquitectura-en-el-ficmaya","status":"publish","type":"post","link":"https:\/\/centrourbano.com\/revista\/arquitectura-2\/destaca-la-arquitectura-en-el-ficmaya\/","title":{"rendered":"Destaca la arquitectura en el FICMAYA 2014"},"content":{"rendered":"<p><em>En este festival interdisciplinario concurren la m\u00fasica, el teatro, la danza, las artes visuales, el cine y mesas acad\u00e9micas sobre arquitectura, antropolog\u00eda, arqueolog\u00eda, literatura en lenguas mayas y ciencia maya<\/em><!--more--><\/p>\n<p>El Gobierno del Estado de Yucat\u00e1n a trav\u00e9s del Festival Internacional de la Cultura Maya presenta\u00a0con el apoyo de Conaculta, eventos art\u00edsticos que se llevan a cabo\u00a0en el Festival Internacional Cervantino, con quien\u00a0han hermanado para ofrecer al gran p\u00fablico del sureste de M\u00e9xico lo mejor del talento de otros pa\u00edses, de M\u00e9xico y en especial de la pen\u00ednsula de Yucat\u00e1n.<\/p>\n<p>El festival Internacional de la Cultura Maya 2014 dedica esta edici\u00f3n al tema de la Arquitectura el Tiempo y el Paisaje del Mayab, para que a trav\u00e9s de especialistas de todo el mundo se dialogue, se compartan descubrimientos y conocimientos.<\/p>\n<p>Este evento, que comenz\u00f3 el pasado 17 de octubre y concluir\u00e1 el pr\u00f3ximo 26 del mismo mes, se dio cita en la ciudad de M\u00e9rida, Yucat\u00e1n en donde se han de presentar m\u00e1s de 300 actividades art\u00edsticas, acad\u00e9micas y culturales, con invitados de 25 pa\u00edses.<\/p>\n<p>Durante esta \u00e9poca de la cultura maya, los centros del poder religioso, comercial y burocr\u00e1tico crecieron para convertirse en incre\u00edbles ciudades como la precl\u00e1sica El Mirador, la mayor del cl\u00e1sico Tikal y las poscl\u00e1sicas Chich\u00e9n Itz\u00e1 y Uxmal. Debido a sus muchas semejanzas, as\u00ed como a sus diferencias estil\u00edsticas, los restos de la arquitectura maya son una clave importante para entender la evoluci\u00f3n de su antigua civilizaci\u00f3n.<\/p>\n<p>La arquitectura maya, como la del resto de Mesoam\u00e9rica, tend\u00eda a integrar un alto grado de caracter\u00edsticas naturales. Por ejemplo, algunas ciudades existentes en las planicies de piedra caliza en el norte de Yucat\u00e1n se convirtieron en poblaciones muy extensas, mientras que otras construidas en las colinas del r\u00edo Usumacinta utilizaron los altillos naturales de la topograf\u00eda para elevar sus torres y templos a grandes.<\/p>\n<p>Un aspecto sorprendente de las grandes estructuras mayas es su carencia de muchas tecnolog\u00edas avanzadas que podr\u00edan parecer necesarias para tales construcciones. Careciendo de herramientas de metal, poleas, y quiz\u00e1 incluso la rueda, la arquitectura maya requer\u00eda una cosa en abundancia: fuerza humana.<\/p>\n<p>La arquitectura en el mundo maya es una de las ra\u00edces y uno de los elementos de continuidad m\u00e1s grandes de la cultura mexicana, en donde no se recuerdan a grandes arquitectos del siglo XX, como Luis Barrag\u00e1n o Ricardo Legorreta, sin hacer referencia a los grandes monumentos que se encuentran en el mundo maya, concretamente en Yucat\u00e1n.<\/p>\n<p>As\u00ed lo indic\u00f3 Rafael Tovar y de Teresa, presidente del Consejo Nacional para la Cultura y las Artes, en meses pasados y se\u00f1al\u00f3 que se hizo un esfuerzo log\u00edstico y de coordinaci\u00f3n de fechas para que est\u00e9n presentes en M\u00e9rida algunos de los grupos invitados al Festival Internacional Cervantino, de Guanajuato, que se organiza los primeros d\u00edas de octubre.<\/p>\n<p>En este festival interdisciplinario concurren la m\u00fasica, el teatro, la danza, las artes visuales, el cine y mesas acad\u00e9micas sobre arquitectura, antropolog\u00eda, arqueolog\u00eda, literatura en lenguas mayas y ciencia maya.<\/p>\n<p>El tema central de este a\u00f1o, que es la arquitectura, podremos ver las enormes bondades de la cultura maya, adem\u00e1s de la continuidad que es un signo inequ\u00edvoco de la cultura mexicana y, por otro lado, la diversidad.<\/p>\n<p>El presidente de Conaculta, dijo que M\u00e9xico se encamina de un concepto de cultura nacional hacia un concepto de cultura de culturas, lo que lo coloca como el sexto pa\u00eds en la lista de pa\u00edses con bienes culturales de la UNESCO; cuarto en patrimonio documental, quinto en diversidad ling\u00fc\u00edstica y primer pa\u00eds latinoamericano en tener una Declaraci\u00f3n de Patrimonio Mixto, en Calakmul, que es un reconocimiento al mundo maya.<\/p>\n<p>&nbsp;<\/p>\n","protected":false},"excerpt":{"rendered":"<p>En este festival interdisciplinario concurren la m\u00fasica, el teatro, la danza, las artes visuales, el cine y mesas acad\u00e9micas sobre arquitectura, antropolog\u00eda, arqueolog\u00eda, literatura en lenguas mayas y ciencia maya<\/p>\n","protected":false},"author":9,"featured_media":0,"comment_status":"open","ping_status":"closed","sticky":false,"template":"","format":"standard","meta":{"om_disable_all_campaigns":false,"inline_featured_image":false,"_monsterinsights_skip_tracking":false,"_monsterinsights_sitenote_active":false,"_monsterinsights_sitenote_note":"","_monsterinsights_sitenote_category":0,"footnotes":""},"categories":[81],"tags":[20,3439,59,68],"class_list":["post-11887","post","type-post","status-publish","format-standard","hentry","category-arquitectura-2","tag-arquitectura","tag-ficmaya","tag-merida","tag-yucatan"],"yoast_head":"<!-- This site is optimized with the Yoast SEO plugin v27.4 - https:\/\/yoast.com\/product\/yoast-seo-wordpress\/ -->\n<title>Destaca la arquitectura en el FICMAYA 2014 -<\/title>\n<meta name=\"description\" content=\"En este festival interdisciplinario concurren la m\u00fasica, el teatro, la danza, las artes visuales, el cine y mesas acad\u00e9micas sobre arquitectura,\" \/>\n<meta name=\"robots\" content=\"index, follow, max-snippet:-1, max-image-preview:large, max-video-preview:-1\" \/>\n<link rel=\"canonical\" href=\"https:\/\/centrourbano.com\/revista\/arquitectura-2\/destaca-la-arquitectura-en-el-ficmaya\/\" \/>\n<meta property=\"og:locale\" content=\"es_ES\" \/>\n<meta property=\"og:type\" content=\"article\" \/>\n<meta property=\"og:title\" content=\"Destaca la arquitectura en el FICMAYA 2014 -\" \/>\n<meta property=\"og:description\" content=\"En este festival interdisciplinario concurren la m\u00fasica, el teatro, la danza, las artes visuales, el cine y mesas acad\u00e9micas sobre arquitectura,\" \/>\n<meta property=\"og:url\" content=\"https:\/\/centrourbano.com\/revista\/arquitectura-2\/destaca-la-arquitectura-en-el-ficmaya\/\" \/>\n<meta property=\"og:site_name\" content=\"Centro Urbano\" \/>\n<meta property=\"article:publisher\" content=\"https:\/\/www.facebook.com\/portalcentrourbano\" \/>\n<meta property=\"article:published_time\" content=\"2014-10-23T20:21:20+00:00\" \/>\n<meta property=\"article:modified_time\" content=\"2014-10-23T20:24:51+00:00\" \/>\n<meta property=\"og:image\" content=\"https:\/\/centrourbano.com\/revista\/wp-content\/uploads\/CU-logo.png\" \/>\n\t<meta property=\"og:image:width\" content=\"350\" \/>\n\t<meta property=\"og:image:height\" content=\"91\" \/>\n\t<meta property=\"og:image:type\" content=\"image\/png\" \/>\n<meta name=\"author\" content=\"Dinorah Nava\" \/>\n<meta name=\"twitter:card\" content=\"summary_large_image\" \/>\n<meta name=\"twitter:creator\" content=\"@https:\/\/twitter.com\/Dinorah_Nava28\" \/>\n<meta name=\"twitter:site\" content=\"@CentroUrbano\" \/>\n<meta name=\"twitter:label1\" content=\"Escrito por\" \/>\n\t<meta name=\"twitter:data1\" content=\"Dinorah Nava\" \/>\n\t<meta name=\"twitter:label2\" content=\"Tiempo de lectura\" \/>\n\t<meta name=\"twitter:data2\" content=\"3 minutos\" \/>\n<script type=\"application\/ld+json\" class=\"yoast-schema-graph\">{\"@context\":\"https:\\\/\\\/schema.org\",\"@graph\":[{\"@type\":\"Article\",\"@id\":\"https:\\\/\\\/centrourbano.com\\\/revista\\\/arquitectura-2\\\/destaca-la-arquitectura-en-el-ficmaya\\\/#article\",\"isPartOf\":{\"@id\":\"https:\\\/\\\/centrourbano.com\\\/revista\\\/arquitectura-2\\\/destaca-la-arquitectura-en-el-ficmaya\\\/\"},\"author\":{\"name\":\"Dinorah Nava\",\"@id\":\"https:\\\/\\\/centrourbano.com\\\/revista\\\/#\\\/schema\\\/person\\\/b45db815d96831257ba428a3d5a5fbdc\"},\"headline\":\"Destaca la arquitectura en el FICMAYA 2014\",\"datePublished\":\"2014-10-23T20:21:20+00:00\",\"dateModified\":\"2014-10-23T20:24:51+00:00\",\"mainEntityOfPage\":{\"@id\":\"https:\\\/\\\/centrourbano.com\\\/revista\\\/arquitectura-2\\\/destaca-la-arquitectura-en-el-ficmaya\\\/\"},\"wordCount\":672,\"commentCount\":0,\"publisher\":{\"@id\":\"https:\\\/\\\/centrourbano.com\\\/revista\\\/#organization\"},\"keywords\":[\"arquitectura\",\"Ficmaya\",\"M\u00e9rida\",\"Yucat\u00e1n\"],\"articleSection\":[\"Arquitectura\"],\"inLanguage\":\"es\",\"potentialAction\":[{\"@type\":\"CommentAction\",\"name\":\"Comment\",\"target\":[\"https:\\\/\\\/centrourbano.com\\\/revista\\\/arquitectura-2\\\/destaca-la-arquitectura-en-el-ficmaya\\\/#respond\"]}]},{\"@type\":\"WebPage\",\"@id\":\"https:\\\/\\\/centrourbano.com\\\/revista\\\/arquitectura-2\\\/destaca-la-arquitectura-en-el-ficmaya\\\/\",\"url\":\"https:\\\/\\\/centrourbano.com\\\/revista\\\/arquitectura-2\\\/destaca-la-arquitectura-en-el-ficmaya\\\/\",\"name\":\"Destaca la arquitectura en el FICMAYA 2014 -\",\"isPartOf\":{\"@id\":\"https:\\\/\\\/centrourbano.com\\\/revista\\\/#website\"},\"datePublished\":\"2014-10-23T20:21:20+00:00\",\"dateModified\":\"2014-10-23T20:24:51+00:00\",\"description\":\"En este festival interdisciplinario concurren la m\u00fasica, el teatro, la danza, las artes visuales, el cine y mesas acad\u00e9micas sobre arquitectura,\",\"breadcrumb\":{\"@id\":\"https:\\\/\\\/centrourbano.com\\\/revista\\\/arquitectura-2\\\/destaca-la-arquitectura-en-el-ficmaya\\\/#breadcrumb\"},\"inLanguage\":\"es\",\"potentialAction\":[{\"@type\":\"ReadAction\",\"target\":[\"https:\\\/\\\/centrourbano.com\\\/revista\\\/arquitectura-2\\\/destaca-la-arquitectura-en-el-ficmaya\\\/\"]}]},{\"@type\":\"BreadcrumbList\",\"@id\":\"https:\\\/\\\/centrourbano.com\\\/revista\\\/arquitectura-2\\\/destaca-la-arquitectura-en-el-ficmaya\\\/#breadcrumb\",\"itemListElement\":[{\"@type\":\"ListItem\",\"position\":1,\"name\":\"Portada\",\"item\":\"https:\\\/\\\/centrourbano.com\\\/revista\\\/\"},{\"@type\":\"ListItem\",\"position\":2,\"name\":\"Destaca la arquitectura en el FICMAYA 2014\"}]},{\"@type\":\"WebSite\",\"@id\":\"https:\\\/\\\/centrourbano.com\\\/revista\\\/#website\",\"url\":\"https:\\\/\\\/centrourbano.com\\\/revista\\\/\",\"name\":\"Centro Urbano\",\"description\":\"Medio especializado en los sectores vivienda, inmobiliario, construcci\u00f3n, arquitectura y urbanismo.\",\"publisher\":{\"@id\":\"https:\\\/\\\/centrourbano.com\\\/revista\\\/#organization\"},\"potentialAction\":[{\"@type\":\"SearchAction\",\"target\":{\"@type\":\"EntryPoint\",\"urlTemplate\":\"https:\\\/\\\/centrourbano.com\\\/revista\\\/?s={search_term_string}\"},\"query-input\":{\"@type\":\"PropertyValueSpecification\",\"valueRequired\":true,\"valueName\":\"search_term_string\"}}],\"inLanguage\":\"es\"},{\"@type\":\"Organization\",\"@id\":\"https:\\\/\\\/centrourbano.com\\\/revista\\\/#organization\",\"name\":\"Centro Urbano\",\"url\":\"https:\\\/\\\/centrourbano.com\\\/revista\\\/\",\"logo\":{\"@type\":\"ImageObject\",\"inLanguage\":\"es\",\"@id\":\"https:\\\/\\\/centrourbano.com\\\/revista\\\/#\\\/schema\\\/logo\\\/image\\\/\",\"url\":\"https:\\\/\\\/centrourbano.com\\\/revista\\\/wp-content\\\/uploads\\\/web_CU_logo-1.png\",\"contentUrl\":\"https:\\\/\\\/centrourbano.com\\\/revista\\\/wp-content\\\/uploads\\\/web_CU_logo-1.png\",\"width\":350,\"height\":91,\"caption\":\"Centro Urbano\"},\"image\":{\"@id\":\"https:\\\/\\\/centrourbano.com\\\/revista\\\/#\\\/schema\\\/logo\\\/image\\\/\"},\"sameAs\":[\"https:\\\/\\\/www.facebook.com\\\/portalcentrourbano\",\"https:\\\/\\\/x.com\\\/CentroUrbano\",\"https:\\\/\\\/www.instagram.com\\\/centro_urbano\\\/\",\"https:\\\/\\\/www.linkedin.com\\\/company\\\/centro-urbano\\\/\",\"http:\\\/\\\/www.youtube.com\\\/user\\\/portalcentrourbano\"]},{\"@type\":\"Person\",\"@id\":\"https:\\\/\\\/centrourbano.com\\\/revista\\\/#\\\/schema\\\/person\\\/b45db815d96831257ba428a3d5a5fbdc\",\"name\":\"Dinorah Nava\",\"image\":{\"@type\":\"ImageObject\",\"inLanguage\":\"es\",\"@id\":\"https:\\\/\\\/secure.gravatar.com\\\/avatar\\\/f6ca6430c51d147f363940f84e1225aa4b8183885c11802cc3b042305a4ecc1a?s=96&d=mm&r=g\",\"url\":\"https:\\\/\\\/secure.gravatar.com\\\/avatar\\\/f6ca6430c51d147f363940f84e1225aa4b8183885c11802cc3b042305a4ecc1a?s=96&d=mm&r=g\",\"contentUrl\":\"https:\\\/\\\/secure.gravatar.com\\\/avatar\\\/f6ca6430c51d147f363940f84e1225aa4b8183885c11802cc3b042305a4ecc1a?s=96&d=mm&r=g\",\"caption\":\"Dinorah Nava\"},\"description\":\"Editora de Contenidos y Estrategias Digitales en Centro Urbano y Coeditora en Peri\u00f3dico Mi Casa. Egresada de la licenciatura en Comunicaci\u00f3n y Periodismo de la Facultad de Estudios Superiores Arag\u00f3n (UNAM). Amante de la edici\u00f3n y correcci\u00f3n de estilo, las redes sociales y el mundo digital. Especialista en temas son arquitectura, inmobiliario y urbanismo.\",\"sameAs\":[\"linkedin.com\\\/in\\\/dinorah-nava\",\"https:\\\/\\\/x.com\\\/https:\\\/\\\/twitter.com\\\/Dinorah_Nava28\"],\"url\":\"https:\\\/\\\/centrourbano.com\\\/revista\\\/author\\\/dinorah-nava\\\/\"}]}<\/script>\n<!-- \/ Yoast SEO plugin. -->","yoast_head_json":{"title":"Destaca la arquitectura en el FICMAYA 2014 -","description":"En este festival interdisciplinario concurren la m\u00fasica, el teatro, la danza, las artes visuales, el cine y mesas acad\u00e9micas sobre arquitectura,","robots":{"index":"index","follow":"follow","max-snippet":"max-snippet:-1","max-image-preview":"max-image-preview:large","max-video-preview":"max-video-preview:-1"},"canonical":"https:\/\/centrourbano.com\/revista\/arquitectura-2\/destaca-la-arquitectura-en-el-ficmaya\/","og_locale":"es_ES","og_type":"article","og_title":"Destaca la arquitectura en el FICMAYA 2014 -","og_description":"En este festival interdisciplinario concurren la m\u00fasica, el teatro, la danza, las artes visuales, el cine y mesas acad\u00e9micas sobre arquitectura,","og_url":"https:\/\/centrourbano.com\/revista\/arquitectura-2\/destaca-la-arquitectura-en-el-ficmaya\/","og_site_name":"Centro Urbano","article_publisher":"https:\/\/www.facebook.com\/portalcentrourbano","article_published_time":"2014-10-23T20:21:20+00:00","article_modified_time":"2014-10-23T20:24:51+00:00","og_image":[{"width":350,"height":91,"url":"https:\/\/centrourbano.com\/revista\/wp-content\/uploads\/CU-logo.png","type":"image\/png"}],"author":"Dinorah Nava","twitter_card":"summary_large_image","twitter_creator":"@https:\/\/twitter.com\/Dinorah_Nava28","twitter_site":"@CentroUrbano","twitter_misc":{"Escrito por":"Dinorah Nava","Tiempo de lectura":"3 minutos"},"schema":{"@context":"https:\/\/schema.org","@graph":[{"@type":"Article","@id":"https:\/\/centrourbano.com\/revista\/arquitectura-2\/destaca-la-arquitectura-en-el-ficmaya\/#article","isPartOf":{"@id":"https:\/\/centrourbano.com\/revista\/arquitectura-2\/destaca-la-arquitectura-en-el-ficmaya\/"},"author":{"name":"Dinorah Nava","@id":"https:\/\/centrourbano.com\/revista\/#\/schema\/person\/b45db815d96831257ba428a3d5a5fbdc"},"headline":"Destaca la arquitectura en el FICMAYA 2014","datePublished":"2014-10-23T20:21:20+00:00","dateModified":"2014-10-23T20:24:51+00:00","mainEntityOfPage":{"@id":"https:\/\/centrourbano.com\/revista\/arquitectura-2\/destaca-la-arquitectura-en-el-ficmaya\/"},"wordCount":672,"commentCount":0,"publisher":{"@id":"https:\/\/centrourbano.com\/revista\/#organization"},"keywords":["arquitectura","Ficmaya","M\u00e9rida","Yucat\u00e1n"],"articleSection":["Arquitectura"],"inLanguage":"es","potentialAction":[{"@type":"CommentAction","name":"Comment","target":["https:\/\/centrourbano.com\/revista\/arquitectura-2\/destaca-la-arquitectura-en-el-ficmaya\/#respond"]}]},{"@type":"WebPage","@id":"https:\/\/centrourbano.com\/revista\/arquitectura-2\/destaca-la-arquitectura-en-el-ficmaya\/","url":"https:\/\/centrourbano.com\/revista\/arquitectura-2\/destaca-la-arquitectura-en-el-ficmaya\/","name":"Destaca la arquitectura en el FICMAYA 2014 -","isPartOf":{"@id":"https:\/\/centrourbano.com\/revista\/#website"},"datePublished":"2014-10-23T20:21:20+00:00","dateModified":"2014-10-23T20:24:51+00:00","description":"En este festival interdisciplinario concurren la m\u00fasica, el teatro, la danza, las artes visuales, el cine y mesas acad\u00e9micas sobre arquitectura,","breadcrumb":{"@id":"https:\/\/centrourbano.com\/revista\/arquitectura-2\/destaca-la-arquitectura-en-el-ficmaya\/#breadcrumb"},"inLanguage":"es","potentialAction":[{"@type":"ReadAction","target":["https:\/\/centrourbano.com\/revista\/arquitectura-2\/destaca-la-arquitectura-en-el-ficmaya\/"]}]},{"@type":"BreadcrumbList","@id":"https:\/\/centrourbano.com\/revista\/arquitectura-2\/destaca-la-arquitectura-en-el-ficmaya\/#breadcrumb","itemListElement":[{"@type":"ListItem","position":1,"name":"Portada","item":"https:\/\/centrourbano.com\/revista\/"},{"@type":"ListItem","position":2,"name":"Destaca la arquitectura en el FICMAYA 2014"}]},{"@type":"WebSite","@id":"https:\/\/centrourbano.com\/revista\/#website","url":"https:\/\/centrourbano.com\/revista\/","name":"Centro Urbano","description":"Medio especializado en los sectores vivienda, inmobiliario, construcci\u00f3n, arquitectura y urbanismo.","publisher":{"@id":"https:\/\/centrourbano.com\/revista\/#organization"},"potentialAction":[{"@type":"SearchAction","target":{"@type":"EntryPoint","urlTemplate":"https:\/\/centrourbano.com\/revista\/?s={search_term_string}"},"query-input":{"@type":"PropertyValueSpecification","valueRequired":true,"valueName":"search_term_string"}}],"inLanguage":"es"},{"@type":"Organization","@id":"https:\/\/centrourbano.com\/revista\/#organization","name":"Centro Urbano","url":"https:\/\/centrourbano.com\/revista\/","logo":{"@type":"ImageObject","inLanguage":"es","@id":"https:\/\/centrourbano.com\/revista\/#\/schema\/logo\/image\/","url":"https:\/\/centrourbano.com\/revista\/wp-content\/uploads\/web_CU_logo-1.png","contentUrl":"https:\/\/centrourbano.com\/revista\/wp-content\/uploads\/web_CU_logo-1.png","width":350,"height":91,"caption":"Centro Urbano"},"image":{"@id":"https:\/\/centrourbano.com\/revista\/#\/schema\/logo\/image\/"},"sameAs":["https:\/\/www.facebook.com\/portalcentrourbano","https:\/\/x.com\/CentroUrbano","https:\/\/www.instagram.com\/centro_urbano\/","https:\/\/www.linkedin.com\/company\/centro-urbano\/","http:\/\/www.youtube.com\/user\/portalcentrourbano"]},{"@type":"Person","@id":"https:\/\/centrourbano.com\/revista\/#\/schema\/person\/b45db815d96831257ba428a3d5a5fbdc","name":"Dinorah Nava","image":{"@type":"ImageObject","inLanguage":"es","@id":"https:\/\/secure.gravatar.com\/avatar\/f6ca6430c51d147f363940f84e1225aa4b8183885c11802cc3b042305a4ecc1a?s=96&d=mm&r=g","url":"https:\/\/secure.gravatar.com\/avatar\/f6ca6430c51d147f363940f84e1225aa4b8183885c11802cc3b042305a4ecc1a?s=96&d=mm&r=g","contentUrl":"https:\/\/secure.gravatar.com\/avatar\/f6ca6430c51d147f363940f84e1225aa4b8183885c11802cc3b042305a4ecc1a?s=96&d=mm&r=g","caption":"Dinorah Nava"},"description":"Editora de Contenidos y Estrategias Digitales en Centro Urbano y Coeditora en Peri\u00f3dico Mi Casa. Egresada de la licenciatura en Comunicaci\u00f3n y Periodismo de la Facultad de Estudios Superiores Arag\u00f3n (UNAM). Amante de la edici\u00f3n y correcci\u00f3n de estilo, las redes sociales y el mundo digital. Especialista en temas son arquitectura, inmobiliario y urbanismo.","sameAs":["linkedin.com\/in\/dinorah-nava","https:\/\/x.com\/https:\/\/twitter.com\/Dinorah_Nava28"],"url":"https:\/\/centrourbano.com\/revista\/author\/dinorah-nava\/"}]}},"_links":{"self":[{"href":"https:\/\/centrourbano.com\/revista\/wp-json\/wp\/v2\/posts\/11887","targetHints":{"allow":["GET"]}}],"collection":[{"href":"https:\/\/centrourbano.com\/revista\/wp-json\/wp\/v2\/posts"}],"about":[{"href":"https:\/\/centrourbano.com\/revista\/wp-json\/wp\/v2\/types\/post"}],"author":[{"embeddable":true,"href":"https:\/\/centrourbano.com\/revista\/wp-json\/wp\/v2\/users\/9"}],"replies":[{"embeddable":true,"href":"https:\/\/centrourbano.com\/revista\/wp-json\/wp\/v2\/comments?post=11887"}],"version-history":[{"count":0,"href":"https:\/\/centrourbano.com\/revista\/wp-json\/wp\/v2\/posts\/11887\/revisions"}],"wp:attachment":[{"href":"https:\/\/centrourbano.com\/revista\/wp-json\/wp\/v2\/media?parent=11887"}],"wp:term":[{"taxonomy":"category","embeddable":true,"href":"https:\/\/centrourbano.com\/revista\/wp-json\/wp\/v2\/categories?post=11887"},{"taxonomy":"post_tag","embeddable":true,"href":"https:\/\/centrourbano.com\/revista\/wp-json\/wp\/v2\/tags?post=11887"}],"curies":[{"name":"wp","href":"https:\/\/api.w.org\/{rel}","templated":true}]}}