{"id":118583,"date":"2021-06-16T14:00:12","date_gmt":"2021-06-16T19:00:12","guid":{"rendered":"https:\/\/centrourbano.com\/?p=118583"},"modified":"2021-06-16T14:57:59","modified_gmt":"2021-06-16T19:57:59","slug":"bancos-respaldan-la-baja-en-tasas-de-interes-de-infonavit","status":"publish","type":"post","link":"https:\/\/centrourbano.com\/revista\/vivienda\/bancos-respaldan-la-baja-en-tasas-de-interes-de-infonavit\/","title":{"rendered":"Bancos respaldan la baja en tasas de inter\u00e9s de Infonavit"},"content":{"rendered":"<p><em>Las instituciones financieras destacaron que no hay competencia entre Infonavit y los bancos, sino una visi\u00f3n para complementarse <\/em><!--more--><\/p>\n<p>Para la <strong>Asociaci\u00f3n de Bancos de M\u00e9xico<\/strong> (ABM), la baja en tasas de inter\u00e9s en los cr\u00e9ditos del <strong>Infonavit<\/strong> no representa una nueva competencia para la actividad del <strong>cr\u00e9dito hipotecario<\/strong> de las instituciones financieras privadas. Por el contrario, consider\u00f3, es una buena estrategia que inyectar\u00e1 <strong>dinamismo al sector vivienda<\/strong> y en la que la banca complementar\u00e1 la actuaci\u00f3n del Instituto.<\/p>\n<p>A decir de <strong>Daniel Becker<\/strong>, presidente de la <strong>ABM<\/strong>, esta apuesta del Infonavit se centra en atender a trabajadores de bajos ingresos. Se\u00f1al\u00f3 que si bien con los cambios, el <strong>Infonavit lanz\u00f3 tasas muy competitivas<\/strong>, la banca no se encuentra lejos de esos niveles.<\/p>\n<p style=\"text-align: center;\"><strong><em>Te podr\u00eda interesar:\u00a0<\/em><\/strong><a href=\"https:\/\/centrourbano.com\/2021\/06\/14\/infonavit-baja-su-tasa-de-interes-y-la-ubica-desde-1-9\/\" target=\"_blank\" rel=\"noopener\"><em>Infonavit baja su tasa de inter\u00e9s y la ubica desde 1.9%<\/em><\/a><\/p>\n<p>\u201cVale la pena aclarar que las tasas m\u00e1s bajas que est\u00e1 incorporando el Infonavit se encuentran hasta siete salarios m\u00ednimos. Ah\u00ed s\u00ed pudieran estar y no muy por debajo de lo que tiene la banca, hay que decirlo. En algunos casos entre 2 y 7 salarios m\u00ednimos, la relaci\u00f3n y la interacci\u00f3n que tenemos con el Infonavit es inmejorable\u201d, indic\u00f3 en conferencia de prensa.<\/p>\n<h4>Cr\u00e9ditos para los que menos ganan<\/h4>\n<p>El representan de los banqueros enfatiz\u00f3 que la intenci\u00f3n del Infonavit con este ajuste <strong>no es competir con la banca<\/strong>. Insisti\u00f3 que la visi\u00f3n que impera se centra en que<strong> bancos e Infonavit sean un complemento<\/strong> en el otorgamiento de financiamiento a la vivienda.<\/p>\n<p>\u201cEntendemos que la <strong>suma de las instituciones de vivienda con la banca comercial<\/strong> puede generar una utilidad muy importante; la construcci\u00f3n es un elemento fundamental.<\/p>\n<p>\u201cEn realidad, <strong>la intenci\u00f3n del Infonavit es no tener una competencia con la banca,\u00a0<\/strong>sino que seamos un complemento. Estas <strong>tasas que est\u00e1n excesivamente bajas<\/strong> tienen como objetivo atender a los trabajadores de 2 a 7 salarios m\u00ednimos. A partir de eso, las tasas son de mercado y ah\u00ed no solamente no vamos a competir, sino que <strong>nos vamos a complementar<\/strong>\u201d, apunt\u00f3<\/p>\n<h2>Buena estrategia<\/h2>\n<p>Al respecto, <strong>Eduardo Osuna<\/strong>, Vicepresidente del Consejo de la ABM, consider\u00f3 que <strong>la baja en tasas del Infonavit fue una decisi\u00f3n acertada<\/strong>. Se\u00f1al\u00f3 que la medida forma parte de una estrategia robusta para dinamizar al sector de la vivienda.<\/p>\n<blockquote><p>\u201cInfonavit es un gran complemento para la banca y la estrategia que est\u00e1 siguiendo me parece correcta para reactivar una industria que tiene much\u00edsimo impacto en la econom\u00eda, especialmente la construcci\u00f3n de vivienda nueva. Y esta baja de tasas que est\u00e1 haciendo en los segmentos m\u00e1s bajos refleja la condici\u00f3n social del Infonavit, que es tripartita y que es una mutualidad\u201d, indic\u00f3.<\/p><\/blockquote>\n<p>A\u00f1adi\u00f3 que ante entornos complejos, como el que atraviesa M\u00e9xico por el impacto del Covid-19, este tipo de estrategias son las que se necesitan para <strong>impulsar la recuperaci\u00f3n<\/strong>.<\/p>\n<p>\u201cEs claramente lo que hay que hacer en un momento como este y me parece que es un plan robusto; adem\u00e1s <strong>la banca viene a complementar con ellos en ciertos segmentos<\/strong> y con ciertos <strong>productos<\/strong> que hemos estado trabajando con <a href=\"https:\/\/www.facebook.com\/watch\/live\/?v=431776441545418&amp;ref=watch_permalink\" target=\"_blank\" rel=\"noopener\">Carlos Mart\u00ednez<\/a> desde hace varios meses\u201d.<\/p>\n<h4>Impulsar el <strong>cr\u00e9dito<\/strong><\/h4>\n<p>Anteriormente, Carlos Mart\u00ednez, director general del Infonavit, se\u00f1al\u00f3 que la visi\u00f3n del Instituto con este nuevo cr\u00e9dito que incluye bajas tasas es impulsar la <strong>colocaci\u00f3n de financiamiento entre trabajadores de menores ingresos<\/strong>. En esa l\u00ednea, sostuvo, la visi\u00f3n con la banca es trabajar para <strong>complementar entre ambos jugadores la estrategia de acceso a financiamiento<\/strong>.<\/p>\n<p>Al presentar el nuevo cr\u00e9dito en pesos, el Director General indic\u00f3 que esta apuesta del organismo traer\u00e1 efectos positivos para la econom\u00eda. En primer lugar, dijo, traer\u00e1 certeza para que <strong>desarrolladores puedan impulsar la construcci\u00f3n de casas<\/strong>; adem\u00e1s que, en t\u00e9rminos de financiamiento, impulsar\u00e1 que<strong> las bajas tasas en la banca se puedan mantener<\/strong>.<\/p>\n<p>\u201cCreemos que (este Nuevo Cr\u00e9dito en Pesos) va a generar una reacci\u00f3n importante, donde probablemente podamos ver que <strong>se mantengan las tasas bajas en el mercado<\/strong>; que incluso puedan bajar m\u00e1s y que se pueda ver un financiamiento mucho m\u00e1s barato en la vivienda.<\/p>\n<p>\u201cAlgo que insisto mucho en mis di\u00e1logos con la <strong>Asociaci\u00f3n de Bancos de M\u00e9xico<\/strong> es que hay que buscar ser complementarios; buscar que <strong>entre todos tomemos y mitiguemos mejor los riesgos de mercado<\/strong> y podamos dar cr\u00e9ditos de la mejor manera posible para todos. Eso es algo en lo que tenemos que trabajar todos y de lo que hemos ofrecido a la banca: trabajar juntos, hacernos complementarios y que <strong>atendamos a los segmentos de mejor manera<\/strong>\u201d.<\/p>\n<p>&nbsp;<\/p>\n","protected":false},"excerpt":{"rendered":"<p>Las instituciones financieras destacaron que no hay competencia entre Infonavit y los bancos, sino una visi\u00f3n para complementarse<\/p>\n","protected":false},"author":77,"featured_media":118584,"comment_status":"open","ping_status":"closed","sticky":false,"template":"","format":"standard","meta":{"inline_featured_image":false,"footnotes":""},"categories":[12],"tags":[1876,6569,20653,100,7219],"class_list":["post-118583","post","type-post","status-publish","format-standard","has-post-thumbnail","hentry","category-vivienda","tag-abm","tag-asociacion-de-bancos-de-mexico","tag-daniel-becker","tag-infonavit","tag-tasa-de-interes"],"yoast_head":"<!-- This site is optimized with the Yoast SEO plugin v28.4 - https:\/\/yoast.com\/product\/yoast-seo-wordpress\/ -->\n<title>Bancos respaldan la baja en tasas de inter\u00e9s de Infonavit<\/title>\n<meta name=\"description\" content=\"Las instituciones financieras destacaron que no hay competencia entre Infonavit y los banco...Bancos respaldan la baja en tasas de inter\u00e9s\" \/>\n<meta name=\"robots\" content=\"index, follow, max-snippet:-1, max-image-preview:large, max-video-preview:-1\" \/>\n<link rel=\"canonical\" href=\"https:\/\/centrourbano.com\/revista\/vivienda\/bancos-respaldan-la-baja-en-tasas-de-interes-de-infonavit\/\" \/>\n<meta property=\"og:locale\" content=\"es_ES\" \/>\n<meta property=\"og:type\" content=\"article\" \/>\n<meta property=\"og:title\" content=\"Bancos respaldan la baja en tasas de inter\u00e9s de Infonavit\" \/>\n<meta property=\"og:description\" content=\"Las instituciones financieras destacaron que no hay competencia entre Infonavit y los banco...Bancos respaldan la baja en tasas de inter\u00e9s\" \/>\n<meta property=\"og:url\" content=\"https:\/\/centrourbano.com\/revista\/vivienda\/bancos-respaldan-la-baja-en-tasas-de-interes-de-infonavit\/\" \/>\n<meta property=\"og:site_name\" content=\"Centro Urbano\" \/>\n<meta property=\"article:publisher\" content=\"https:\/\/www.facebook.com\/portalcentrourbano\" \/>\n<meta property=\"article:published_time\" content=\"2021-06-16T19:00:12+00:00\" \/>\n<meta property=\"article:modified_time\" content=\"2021-06-16T19:57:59+00:00\" \/>\n<meta property=\"og:image\" content=\"https:\/\/centrourbano.com\/revista\/wp-content\/uploads\/Bancos-respaldan-baja-en-tasas-de-interes.jpg\" \/>\n\t<meta property=\"og:image:width\" content=\"800\" \/>\n\t<meta property=\"og:image:height\" content=\"800\" \/>\n\t<meta property=\"og:image:type\" content=\"image\/jpeg\" \/>\n<meta name=\"author\" content=\"G4A\" \/>\n<meta name=\"twitter:card\" content=\"summary_large_image\" \/>\n<meta name=\"twitter:creator\" content=\"@CentroUrbano\" \/>\n<meta name=\"twitter:site\" content=\"@CentroUrbano\" \/>\n<meta name=\"twitter:label1\" content=\"Escrito por\" \/>\n\t<meta name=\"twitter:data1\" content=\"G4A\" \/>\n\t<meta name=\"twitter:label2\" content=\"Tiempo de lectura\" \/>\n\t<meta name=\"twitter:data2\" content=\"4 minutos\" \/>\n<script type=\"application\/ld+json\" class=\"yoast-schema-graph\">{\"@context\":\"https:\\\/\\\/schema.org\",\"@graph\":[{\"@type\":\"Article\",\"@id\":\"https:\\\/\\\/centrourbano.com\\\/revista\\\/vivienda\\\/bancos-respaldan-la-baja-en-tasas-de-interes-de-infonavit\\\/#article\",\"isPartOf\":{\"@id\":\"https:\\\/\\\/centrourbano.com\\\/revista\\\/vivienda\\\/bancos-respaldan-la-baja-en-tasas-de-interes-de-infonavit\\\/\"},\"author\":{\"name\":\"G4A\",\"@id\":\"https:\\\/\\\/centrourbano.com\\\/revista\\\/#\\\/schema\\\/person\\\/370fa0ba2d8dd5bde3fdb8b62ad360aa\"},\"headline\":\"Bancos respaldan la baja en tasas de inter\u00e9s de Infonavit\",\"datePublished\":\"2021-06-16T19:00:12+00:00\",\"dateModified\":\"2021-06-16T19:57:59+00:00\",\"mainEntityOfPage\":{\"@id\":\"https:\\\/\\\/centrourbano.com\\\/revista\\\/vivienda\\\/bancos-respaldan-la-baja-en-tasas-de-interes-de-infonavit\\\/\"},\"wordCount\":807,\"commentCount\":0,\"publisher\":{\"@id\":\"https:\\\/\\\/centrourbano.com\\\/revista\\\/#organization\"},\"image\":{\"@id\":\"https:\\\/\\\/centrourbano.com\\\/revista\\\/vivienda\\\/bancos-respaldan-la-baja-en-tasas-de-interes-de-infonavit\\\/#primaryimage\"},\"thumbnailUrl\":\"https:\\\/\\\/centrourbano.com\\\/revista\\\/wp-content\\\/uploads\\\/Bancos-respaldan-baja-en-tasas-de-interes.jpg\",\"keywords\":[\"ABM\",\"Asociaci\u00f3n de Bancos de M\u00e9xico\",\"Daniel Becker\",\"Infonavit\",\"Tasa de Inter\u00e9s\"],\"articleSection\":[\"Vivienda\"],\"inLanguage\":\"es\"},{\"@type\":\"WebPage\",\"@id\":\"https:\\\/\\\/centrourbano.com\\\/revista\\\/vivienda\\\/bancos-respaldan-la-baja-en-tasas-de-interes-de-infonavit\\\/\",\"url\":\"https:\\\/\\\/centrourbano.com\\\/revista\\\/vivienda\\\/bancos-respaldan-la-baja-en-tasas-de-interes-de-infonavit\\\/\",\"name\":\"Bancos respaldan la baja en tasas de inter\u00e9s de Infonavit\",\"isPartOf\":{\"@id\":\"https:\\\/\\\/centrourbano.com\\\/revista\\\/#website\"},\"primaryImageOfPage\":{\"@id\":\"https:\\\/\\\/centrourbano.com\\\/revista\\\/vivienda\\\/bancos-respaldan-la-baja-en-tasas-de-interes-de-infonavit\\\/#primaryimage\"},\"image\":{\"@id\":\"https:\\\/\\\/centrourbano.com\\\/revista\\\/vivienda\\\/bancos-respaldan-la-baja-en-tasas-de-interes-de-infonavit\\\/#primaryimage\"},\"thumbnailUrl\":\"https:\\\/\\\/centrourbano.com\\\/revista\\\/wp-content\\\/uploads\\\/Bancos-respaldan-baja-en-tasas-de-interes.jpg\",\"datePublished\":\"2021-06-16T19:00:12+00:00\",\"dateModified\":\"2021-06-16T19:57:59+00:00\",\"description\":\"Las instituciones financieras destacaron que no hay competencia entre Infonavit y los banco...Bancos respaldan la baja en tasas de inter\u00e9s\",\"breadcrumb\":{\"@id\":\"https:\\\/\\\/centrourbano.com\\\/revista\\\/vivienda\\\/bancos-respaldan-la-baja-en-tasas-de-interes-de-infonavit\\\/#breadcrumb\"},\"inLanguage\":\"es\",\"potentialAction\":[{\"@type\":\"ReadAction\",\"target\":[\"https:\\\/\\\/centrourbano.com\\\/revista\\\/vivienda\\\/bancos-respaldan-la-baja-en-tasas-de-interes-de-infonavit\\\/\"]}]},{\"@type\":\"ImageObject\",\"inLanguage\":\"es\",\"@id\":\"https:\\\/\\\/centrourbano.com\\\/revista\\\/vivienda\\\/bancos-respaldan-la-baja-en-tasas-de-interes-de-infonavit\\\/#primaryimage\",\"url\":\"https:\\\/\\\/centrourbano.com\\\/revista\\\/wp-content\\\/uploads\\\/Bancos-respaldan-baja-en-tasas-de-interes.jpg\",\"contentUrl\":\"https:\\\/\\\/centrourbano.com\\\/revista\\\/wp-content\\\/uploads\\\/Bancos-respaldan-baja-en-tasas-de-interes.jpg\",\"width\":800,\"height\":800,\"caption\":\"Bancos respaldan baja en tasas de inter\u00e9s\"},{\"@type\":\"BreadcrumbList\",\"@id\":\"https:\\\/\\\/centrourbano.com\\\/revista\\\/vivienda\\\/bancos-respaldan-la-baja-en-tasas-de-interes-de-infonavit\\\/#breadcrumb\",\"itemListElement\":[{\"@type\":\"ListItem\",\"position\":1,\"name\":\"Portada\",\"item\":\"https:\\\/\\\/centrourbano.com\\\/revista\\\/\"},{\"@type\":\"ListItem\",\"position\":2,\"name\":\"Bancos respaldan la baja en tasas de inter\u00e9s de Infonavit\"}]},{\"@type\":\"WebSite\",\"@id\":\"https:\\\/\\\/centrourbano.com\\\/revista\\\/#website\",\"url\":\"https:\\\/\\\/centrourbano.com\\\/revista\\\/\",\"name\":\"Centro Urbano\",\"description\":\"Medio especializado en los sectores vivienda, inmobiliario, construcci\u00f3n, arquitectura y urbanismo.\",\"publisher\":{\"@id\":\"https:\\\/\\\/centrourbano.com\\\/revista\\\/#organization\"},\"potentialAction\":[{\"@type\":\"SearchAction\",\"target\":{\"@type\":\"EntryPoint\",\"urlTemplate\":\"https:\\\/\\\/centrourbano.com\\\/revista\\\/?s={search_term_string}\"},\"query-input\":{\"@type\":\"PropertyValueSpecification\",\"valueRequired\":true,\"valueName\":\"search_term_string\"}}],\"inLanguage\":\"es\"},{\"@type\":\"Organization\",\"@id\":\"https:\\\/\\\/centrourbano.com\\\/revista\\\/#organization\",\"name\":\"Centro Urbano\",\"url\":\"https:\\\/\\\/centrourbano.com\\\/revista\\\/\",\"logo\":{\"@type\":\"ImageObject\",\"inLanguage\":\"es\",\"@id\":\"https:\\\/\\\/centrourbano.com\\\/revista\\\/#\\\/schema\\\/logo\\\/image\\\/\",\"url\":\"https:\\\/\\\/centrourbano.com\\\/revista\\\/wp-content\\\/uploads\\\/web_CU_logo-1.png\",\"contentUrl\":\"https:\\\/\\\/centrourbano.com\\\/revista\\\/wp-content\\\/uploads\\\/web_CU_logo-1.png\",\"width\":350,\"height\":91,\"caption\":\"Centro Urbano\"},\"image\":{\"@id\":\"https:\\\/\\\/centrourbano.com\\\/revista\\\/#\\\/schema\\\/logo\\\/image\\\/\"},\"sameAs\":[\"https:\\\/\\\/www.facebook.com\\\/portalcentrourbano\",\"https:\\\/\\\/x.com\\\/CentroUrbano\",\"https:\\\/\\\/www.instagram.com\\\/centro_urbano\\\/\",\"https:\\\/\\\/www.linkedin.com\\\/company\\\/centro-urbano\\\/\",\"http:\\\/\\\/www.youtube.com\\\/user\\\/portalcentrourbano\"]},{\"@type\":\"Person\",\"@id\":\"https:\\\/\\\/centrourbano.com\\\/revista\\\/#\\\/schema\\\/person\\\/370fa0ba2d8dd5bde3fdb8b62ad360aa\",\"name\":\"G4A\",\"image\":{\"@type\":\"ImageObject\",\"inLanguage\":\"es\",\"@id\":\"https:\\\/\\\/secure.gravatar.com\\\/avatar\\\/932a97121b13d5de5bbd8193c6c83d3b92c9eda0f39623607d4280e7a5778d97?s=96&d=mm&r=g\",\"url\":\"https:\\\/\\\/secure.gravatar.com\\\/avatar\\\/932a97121b13d5de5bbd8193c6c83d3b92c9eda0f39623607d4280e7a5778d97?s=96&d=mm&r=g\",\"contentUrl\":\"https:\\\/\\\/secure.gravatar.com\\\/avatar\\\/932a97121b13d5de5bbd8193c6c83d3b92c9eda0f39623607d4280e7a5778d97?s=96&d=mm&r=g\",\"caption\":\"G4A\"},\"url\":\"https:\\\/\\\/centrourbano.com\\\/revista\\\/author\\\/admin-g4a\\\/\"}]}<\/script>\n<!-- \/ Yoast SEO plugin. -->","yoast_head_json":{"title":"Bancos respaldan la baja en tasas de inter\u00e9s de Infonavit","description":"Las instituciones financieras destacaron que no hay competencia entre Infonavit y los banco...Bancos respaldan la baja en tasas de inter\u00e9s","robots":{"index":"index","follow":"follow","max-snippet":"max-snippet:-1","max-image-preview":"max-image-preview:large","max-video-preview":"max-video-preview:-1"},"canonical":"https:\/\/centrourbano.com\/revista\/vivienda\/bancos-respaldan-la-baja-en-tasas-de-interes-de-infonavit\/","og_locale":"es_ES","og_type":"article","og_title":"Bancos respaldan la baja en tasas de inter\u00e9s de Infonavit","og_description":"Las instituciones financieras destacaron que no hay competencia entre Infonavit y los banco...Bancos respaldan la baja en tasas de inter\u00e9s","og_url":"https:\/\/centrourbano.com\/revista\/vivienda\/bancos-respaldan-la-baja-en-tasas-de-interes-de-infonavit\/","og_site_name":"Centro Urbano","article_publisher":"https:\/\/www.facebook.com\/portalcentrourbano","article_published_time":"2021-06-16T19:00:12+00:00","article_modified_time":"2021-06-16T19:57:59+00:00","og_image":[{"width":800,"height":800,"url":"https:\/\/centrourbano.com\/revista\/wp-content\/uploads\/Bancos-respaldan-baja-en-tasas-de-interes.jpg","type":"image\/jpeg"}],"author":"G4A","twitter_card":"summary_large_image","twitter_creator":"@CentroUrbano","twitter_site":"@CentroUrbano","twitter_misc":{"Escrito por":"G4A","Tiempo de lectura":"4 minutos"},"schema":{"@context":"https:\/\/schema.org","@graph":[{"@type":"Article","@id":"https:\/\/centrourbano.com\/revista\/vivienda\/bancos-respaldan-la-baja-en-tasas-de-interes-de-infonavit\/#article","isPartOf":{"@id":"https:\/\/centrourbano.com\/revista\/vivienda\/bancos-respaldan-la-baja-en-tasas-de-interes-de-infonavit\/"},"author":{"name":"G4A","@id":"https:\/\/centrourbano.com\/revista\/#\/schema\/person\/370fa0ba2d8dd5bde3fdb8b62ad360aa"},"headline":"Bancos respaldan la baja en tasas de inter\u00e9s de Infonavit","datePublished":"2021-06-16T19:00:12+00:00","dateModified":"2021-06-16T19:57:59+00:00","mainEntityOfPage":{"@id":"https:\/\/centrourbano.com\/revista\/vivienda\/bancos-respaldan-la-baja-en-tasas-de-interes-de-infonavit\/"},"wordCount":807,"commentCount":0,"publisher":{"@id":"https:\/\/centrourbano.com\/revista\/#organization"},"image":{"@id":"https:\/\/centrourbano.com\/revista\/vivienda\/bancos-respaldan-la-baja-en-tasas-de-interes-de-infonavit\/#primaryimage"},"thumbnailUrl":"https:\/\/centrourbano.com\/revista\/wp-content\/uploads\/Bancos-respaldan-baja-en-tasas-de-interes.jpg","keywords":["ABM","Asociaci\u00f3n de Bancos de M\u00e9xico","Daniel Becker","Infonavit","Tasa de Inter\u00e9s"],"articleSection":["Vivienda"],"inLanguage":"es"},{"@type":"WebPage","@id":"https:\/\/centrourbano.com\/revista\/vivienda\/bancos-respaldan-la-baja-en-tasas-de-interes-de-infonavit\/","url":"https:\/\/centrourbano.com\/revista\/vivienda\/bancos-respaldan-la-baja-en-tasas-de-interes-de-infonavit\/","name":"Bancos respaldan la baja en tasas de inter\u00e9s de Infonavit","isPartOf":{"@id":"https:\/\/centrourbano.com\/revista\/#website"},"primaryImageOfPage":{"@id":"https:\/\/centrourbano.com\/revista\/vivienda\/bancos-respaldan-la-baja-en-tasas-de-interes-de-infonavit\/#primaryimage"},"image":{"@id":"https:\/\/centrourbano.com\/revista\/vivienda\/bancos-respaldan-la-baja-en-tasas-de-interes-de-infonavit\/#primaryimage"},"thumbnailUrl":"https:\/\/centrourbano.com\/revista\/wp-content\/uploads\/Bancos-respaldan-baja-en-tasas-de-interes.jpg","datePublished":"2021-06-16T19:00:12+00:00","dateModified":"2021-06-16T19:57:59+00:00","description":"Las instituciones financieras destacaron que no hay competencia entre Infonavit y los banco...Bancos respaldan la baja en tasas de inter\u00e9s","breadcrumb":{"@id":"https:\/\/centrourbano.com\/revista\/vivienda\/bancos-respaldan-la-baja-en-tasas-de-interes-de-infonavit\/#breadcrumb"},"inLanguage":"es","potentialAction":[{"@type":"ReadAction","target":["https:\/\/centrourbano.com\/revista\/vivienda\/bancos-respaldan-la-baja-en-tasas-de-interes-de-infonavit\/"]}]},{"@type":"ImageObject","inLanguage":"es","@id":"https:\/\/centrourbano.com\/revista\/vivienda\/bancos-respaldan-la-baja-en-tasas-de-interes-de-infonavit\/#primaryimage","url":"https:\/\/centrourbano.com\/revista\/wp-content\/uploads\/Bancos-respaldan-baja-en-tasas-de-interes.jpg","contentUrl":"https:\/\/centrourbano.com\/revista\/wp-content\/uploads\/Bancos-respaldan-baja-en-tasas-de-interes.jpg","width":800,"height":800,"caption":"Bancos respaldan baja en tasas de inter\u00e9s"},{"@type":"BreadcrumbList","@id":"https:\/\/centrourbano.com\/revista\/vivienda\/bancos-respaldan-la-baja-en-tasas-de-interes-de-infonavit\/#breadcrumb","itemListElement":[{"@type":"ListItem","position":1,"name":"Portada","item":"https:\/\/centrourbano.com\/revista\/"},{"@type":"ListItem","position":2,"name":"Bancos respaldan la baja en tasas de inter\u00e9s de Infonavit"}]},{"@type":"WebSite","@id":"https:\/\/centrourbano.com\/revista\/#website","url":"https:\/\/centrourbano.com\/revista\/","name":"Centro Urbano","description":"Medio especializado en los sectores vivienda, inmobiliario, construcci\u00f3n, arquitectura y urbanismo.","publisher":{"@id":"https:\/\/centrourbano.com\/revista\/#organization"},"potentialAction":[{"@type":"SearchAction","target":{"@type":"EntryPoint","urlTemplate":"https:\/\/centrourbano.com\/revista\/?s={search_term_string}"},"query-input":{"@type":"PropertyValueSpecification","valueRequired":true,"valueName":"search_term_string"}}],"inLanguage":"es"},{"@type":"Organization","@id":"https:\/\/centrourbano.com\/revista\/#organization","name":"Centro Urbano","url":"https:\/\/centrourbano.com\/revista\/","logo":{"@type":"ImageObject","inLanguage":"es","@id":"https:\/\/centrourbano.com\/revista\/#\/schema\/logo\/image\/","url":"https:\/\/centrourbano.com\/revista\/wp-content\/uploads\/web_CU_logo-1.png","contentUrl":"https:\/\/centrourbano.com\/revista\/wp-content\/uploads\/web_CU_logo-1.png","width":350,"height":91,"caption":"Centro Urbano"},"image":{"@id":"https:\/\/centrourbano.com\/revista\/#\/schema\/logo\/image\/"},"sameAs":["https:\/\/www.facebook.com\/portalcentrourbano","https:\/\/x.com\/CentroUrbano","https:\/\/www.instagram.com\/centro_urbano\/","https:\/\/www.linkedin.com\/company\/centro-urbano\/","http:\/\/www.youtube.com\/user\/portalcentrourbano"]},{"@type":"Person","@id":"https:\/\/centrourbano.com\/revista\/#\/schema\/person\/370fa0ba2d8dd5bde3fdb8b62ad360aa","name":"G4A","image":{"@type":"ImageObject","inLanguage":"es","@id":"https:\/\/secure.gravatar.com\/avatar\/932a97121b13d5de5bbd8193c6c83d3b92c9eda0f39623607d4280e7a5778d97?s=96&d=mm&r=g","url":"https:\/\/secure.gravatar.com\/avatar\/932a97121b13d5de5bbd8193c6c83d3b92c9eda0f39623607d4280e7a5778d97?s=96&d=mm&r=g","contentUrl":"https:\/\/secure.gravatar.com\/avatar\/932a97121b13d5de5bbd8193c6c83d3b92c9eda0f39623607d4280e7a5778d97?s=96&d=mm&r=g","caption":"G4A"},"url":"https:\/\/centrourbano.com\/revista\/author\/admin-g4a\/"}]}},"_links":{"self":[{"href":"https:\/\/centrourbano.com\/revista\/wp-json\/wp\/v2\/posts\/118583","targetHints":{"allow":["GET"]}}],"collection":[{"href":"https:\/\/centrourbano.com\/revista\/wp-json\/wp\/v2\/posts"}],"about":[{"href":"https:\/\/centrourbano.com\/revista\/wp-json\/wp\/v2\/types\/post"}],"author":[{"embeddable":true,"href":"https:\/\/centrourbano.com\/revista\/wp-json\/wp\/v2\/users\/77"}],"replies":[{"embeddable":true,"href":"https:\/\/centrourbano.com\/revista\/wp-json\/wp\/v2\/comments?post=118583"}],"version-history":[{"count":7,"href":"https:\/\/centrourbano.com\/revista\/wp-json\/wp\/v2\/posts\/118583\/revisions"}],"predecessor-version":[{"id":118596,"href":"https:\/\/centrourbano.com\/revista\/wp-json\/wp\/v2\/posts\/118583\/revisions\/118596"}],"wp:featuredmedia":[{"embeddable":true,"href":"https:\/\/centrourbano.com\/revista\/wp-json\/wp\/v2\/media\/118584"}],"wp:attachment":[{"href":"https:\/\/centrourbano.com\/revista\/wp-json\/wp\/v2\/media?parent=118583"}],"wp:term":[{"taxonomy":"category","embeddable":true,"href":"https:\/\/centrourbano.com\/revista\/wp-json\/wp\/v2\/categories?post=118583"},{"taxonomy":"post_tag","embeddable":true,"href":"https:\/\/centrourbano.com\/revista\/wp-json\/wp\/v2\/tags?post=118583"}],"curies":[{"name":"wp","href":"https:\/\/api.w.org\/{rel}","templated":true}]}}