{"id":118424,"date":"2021-06-15T10:43:45","date_gmt":"2021-06-15T15:43:45","guid":{"rendered":"https:\/\/centrourbano.com\/?p=118424"},"modified":"2021-06-15T10:43:45","modified_gmt":"2021-06-15T15:43:45","slug":"presenta-unam-plan-de-movilidad-sustentable-para-ciudad-universitaria","status":"publish","type":"post","link":"https:\/\/centrourbano.com\/revista\/urbanismo\/presenta-unam-plan-de-movilidad-sustentable-para-ciudad-universitaria\/","title":{"rendered":"Presenta UNAM Plan de Movilidad Sustentable para Ciudad Universitaria"},"content":{"rendered":"<p><em>Este plan de sustentabilidad tiene como objetivo generar un mayor aprovechamiento de los recursos y coadyuvar a la movilidad sustentable en el campus de Ciudad Universitaria (C.U)<br \/>\n<!--more--><\/em><\/p>\n<p>En el marco del <strong><a href=\"https:\/\/youtu.be\/PtH-9mVqCwU\">\u201cPrimer Foro Virtual Rumbo a una movilidad sustentable en Ciudad Universitaria\u201d<\/a>, Alberto Ken Oyama Nakagawa, <\/strong>secretario de<strong> Desarrollo Institucional <\/strong>de la <a href=\"https:\/\/centrourbano.com\/2021\/06\/10\/crecimiento-de-la-mancha-urbana-exige-mas-agua-alimentos-y-energia-unam\/\"><strong>UNAM<\/strong><\/a>, anunci\u00f3 que esta en marcha la <strong>elaboraci\u00f3n<\/strong> de un <strong>plan de sustentabilidad<\/strong> con el prop\u00f3sito de lograr un <strong>mayor aprovechamiento de los recursos<\/strong> y coadyuvar a la <strong>movilidad sustentable<\/strong> en el campus de<strong>\u00a0Ciudad Universitaria (C.U).\u00a0<\/strong><\/p>\n<p>Al respecto<strong>, Alexandra Aguilar Bellamy<\/strong>,<a href=\"https:\/\/cous.sdi.unam.mx\/cous\/#:~:text=La%20Coordinaci%C3%B3n%20Universitaria%20para%20la,a%20escala%20local%2C%20nacional%20y\"><strong> coordinadora Universitaria para la Sustentabilidad (COUS)<\/strong><\/a> de la UNAM, quien inaugur\u00f3 el evento, expres\u00f3 que en <strong>periodos de actividades<\/strong> normales,<strong> previos a la pandemia<\/strong>, m\u00e1s de<strong> 165 mil personas<\/strong> se<strong> desplazaban diariamente<\/strong> hacia el campus de<strong> Ciudad Universitaria<\/strong>; a lo cual se le suman los<strong> viajes internos<\/strong>, por lo que apunt\u00f3 que para lograr la <strong>movilidad sustentable<\/strong> se requiere construir una <strong>visi\u00f3n compartida<\/strong> e integral.<\/p>\n<blockquote><p><em>\u201cHay que dar soluciones que no solo logren disminuir las emisiones que se generan por los desplazamientos, sino tambi\u00e9n generar infraestructuras que privilegien el uso p\u00fablico de los espacios, la protecci\u00f3n de los ecosistemas y la biodiversidad, as\u00ed como reducir los tiempos de traslado, mejorar la experiencia de uso, y la calidad de vida de las personas\u201d, enfatiz\u00f3.<\/em><\/p><\/blockquote>\n<p>En este sentido, <strong>Ra\u00fal Arcenio Aguilar Tamayo<\/strong>, secretario de <strong>Prevenci\u00f3n, Atenci\u00f3n y Seguridad Universitaria (SPASU)<\/strong>, expres\u00f3 que el tema adquiere relevancia debido al <strong>alto n\u00famero de usuarios<\/strong> que <strong>conviven<\/strong> en el campus.<\/p>\n<blockquote><p><em>\u201c(&#8230;) trabajadores, acad\u00e9micos, estudiantes y visitantes implican un reto; en una Ciudad donde el campus es abierto y se transita con pocas restricciones, se agregan los veh\u00edculos de la zona sur de la metr\u00f3poli, por lo que se requiere que la movilidad sea no solo funcional, sino sustentable\u201d.<\/em><\/p><\/blockquote>\n<h4>UNAM abierta a propuestas de la comunidad interna y sociedad civil<\/h4>\n<p><strong>A su vez, Luis \u00c1lvarez Icaza Longoria<\/strong>, <strong>secretario administrativo<\/strong> de la <strong>UNAM<\/strong>, consider\u00f3 que se deben<strong> armonizar las visiones<\/strong> sobre <strong>sostenibilidad<\/strong> que son concertables; las cuales pueden <strong>propiciar<\/strong> que tanto la<strong> comunidad universitaria<\/strong>, como\u00a0la <strong>comunidad externa<\/strong>, realicen <strong>propuestas<\/strong> que se puedan adoptar, ya que estas <strong>preocupaciones<\/strong> no ata\u00f1en solo a los <strong>universitarios<\/strong>, sino a toda la <strong>sociedad civil<\/strong>.<\/p>\n<p>De igual forma, <strong>Ricardo Ram\u00edrez Ortiz<\/strong>, <strong>director general de Servicios Generales y Movilidad (DGSGM)<\/strong>, resalt\u00f3 que la <strong>M\u00e1xima Casa de Estudios<\/strong> cuenta con <strong>conocimientos<\/strong> para<strong> aportar<\/strong>, pero tambi\u00e9n <strong>requiere aprender<\/strong> al respecto; \u201csobre todo despu\u00e9s de 15 meses con h\u00e1bitos que deben modificarse y deben ser funcionales\u201d.<\/p>\n<p>Por ultimo el funcionario universitario dijo que es la<strong> primera ocasi\u00f3n<\/strong> que existe un <strong>\u00e1rea dedicada a la movilidad<\/strong> y destac\u00f3 la <strong>renovaci\u00f3n de la flotilla del Sistema Pumab\u00fas<\/strong> con <strong>65 unidades<\/strong> que circulan dentro de los<strong> 87 kil\u00f3metros <\/strong>con los que cuenta<strong> CU<\/strong>, as\u00ed como m\u00e1s de mil bicicletas para el Sistema <strong>Bicipuma.<\/strong><\/p>\n","protected":false},"excerpt":{"rendered":"<p>Este plan de sustentabilidad tiene como objetivo generar un mayor aprovechamiento de los recursos y coadyuvar a la movilidad sustentable en el campus de Ciudad Universitaria (C.U)<\/p>\n","protected":false},"author":78,"featured_media":118426,"comment_status":"open","ping_status":"closed","sticky":false,"template":"","format":"standard","meta":{"om_disable_all_campaigns":false,"inline_featured_image":false,"_monsterinsights_skip_tracking":false,"_monsterinsights_sitenote_active":false,"_monsterinsights_sitenote_note":"","_monsterinsights_sitenote_category":0,"footnotes":""},"categories":[80,82],"tags":[20642,7233,3368,165,244],"class_list":["post-118424","post","type-post","status-publish","format-standard","has-post-thumbnail","hentry","category-actualidad","category-urbanismo","tag-c-u","tag-ciudad-universitaria","tag-movilidad-sustentable","tag-sustentabilidad","tag-unam"],"yoast_head":"<!-- This site is optimized with the Yoast SEO plugin v27.4 - https:\/\/yoast.com\/product\/yoast-seo-wordpress\/ -->\n<title>Presenta UNAM Plan de Movilidad Sustentable para Ciudad Universitaria<\/title>\n<meta name=\"description\" content=\"Este plan de sustentabilidad tiene como objetivo generar un mayor aprovechamiento de los recursos y coadyuvar a la movilidad sustentable en el campus de\u00a0Ciudad Universitaria (C.U).\u00a0\" \/>\n<meta name=\"robots\" content=\"index, follow, max-snippet:-1, max-image-preview:large, max-video-preview:-1\" \/>\n<link rel=\"canonical\" href=\"https:\/\/centrourbano.com\/revista\/urbanismo\/presenta-unam-plan-de-movilidad-sustentable-para-ciudad-universitaria\/\" \/>\n<meta property=\"og:locale\" content=\"es_ES\" \/>\n<meta property=\"og:type\" content=\"article\" \/>\n<meta property=\"og:title\" content=\"Presenta UNAM Plan de Movilidad Sustentable para Ciudad Universitaria\" \/>\n<meta property=\"og:description\" content=\"Este plan de sustentabilidad tiene como objetivo generar un mayor aprovechamiento de los recursos y coadyuvar a la movilidad sustentable en el campus de\u00a0Ciudad Universitaria (C.U).\u00a0\" \/>\n<meta property=\"og:url\" content=\"https:\/\/centrourbano.com\/revista\/urbanismo\/presenta-unam-plan-de-movilidad-sustentable-para-ciudad-universitaria\/\" \/>\n<meta property=\"og:site_name\" content=\"Centro Urbano\" \/>\n<meta property=\"article:publisher\" content=\"https:\/\/www.facebook.com\/portalcentrourbano\" \/>\n<meta property=\"article:published_time\" content=\"2021-06-15T15:43:45+00:00\" \/>\n<meta property=\"og:image\" content=\"https:\/\/centrourbano.com\/revista\/wp-content\/uploads\/pexels-miguel-a-padrinan-127566-e1623694194958.jpg\" \/>\n\t<meta property=\"og:image:width\" content=\"934\" \/>\n\t<meta property=\"og:image:height\" content=\"844\" \/>\n\t<meta property=\"og:image:type\" content=\"image\/jpeg\" \/>\n<meta name=\"author\" content=\"Aar\u00f3n Ram\u00edrez\" \/>\n<meta name=\"twitter:card\" content=\"summary_large_image\" \/>\n<meta name=\"twitter:creator\" content=\"@CentroUrbano\" \/>\n<meta name=\"twitter:site\" content=\"@CentroUrbano\" \/>\n<meta name=\"twitter:label1\" content=\"Escrito por\" \/>\n\t<meta name=\"twitter:data1\" content=\"Aar\u00f3n Ram\u00edrez\" \/>\n\t<meta name=\"twitter:label2\" content=\"Tiempo de lectura\" \/>\n\t<meta name=\"twitter:data2\" content=\"3 minutos\" \/>\n<script type=\"application\/ld+json\" class=\"yoast-schema-graph\">{\"@context\":\"https:\\\/\\\/schema.org\",\"@graph\":[{\"@type\":\"Article\",\"@id\":\"https:\\\/\\\/centrourbano.com\\\/revista\\\/urbanismo\\\/presenta-unam-plan-de-movilidad-sustentable-para-ciudad-universitaria\\\/#article\",\"isPartOf\":{\"@id\":\"https:\\\/\\\/centrourbano.com\\\/revista\\\/urbanismo\\\/presenta-unam-plan-de-movilidad-sustentable-para-ciudad-universitaria\\\/\"},\"author\":{\"name\":\"Aar\u00f3n Ram\u00edrez\",\"@id\":\"https:\\\/\\\/centrourbano.com\\\/revista\\\/#\\\/schema\\\/person\\\/207bdd416403fb71861b6cbfa8216b95\"},\"headline\":\"Presenta UNAM Plan de Movilidad Sustentable para Ciudad Universitaria\",\"datePublished\":\"2021-06-15T15:43:45+00:00\",\"mainEntityOfPage\":{\"@id\":\"https:\\\/\\\/centrourbano.com\\\/revista\\\/urbanismo\\\/presenta-unam-plan-de-movilidad-sustentable-para-ciudad-universitaria\\\/\"},\"wordCount\":499,\"commentCount\":0,\"publisher\":{\"@id\":\"https:\\\/\\\/centrourbano.com\\\/revista\\\/#organization\"},\"image\":{\"@id\":\"https:\\\/\\\/centrourbano.com\\\/revista\\\/urbanismo\\\/presenta-unam-plan-de-movilidad-sustentable-para-ciudad-universitaria\\\/#primaryimage\"},\"thumbnailUrl\":\"https:\\\/\\\/centrourbano.com\\\/revista\\\/wp-content\\\/uploads\\\/pexels-miguel-a-padrinan-127566-e1623694194958.jpg\",\"keywords\":[\"C.U\",\"Ciudad Universitaria\",\"movilidad sustentable\",\"sustentabilidad\",\"UNAM\"],\"articleSection\":[\"Actualidad\",\"Urbanismo\"],\"inLanguage\":\"es\",\"potentialAction\":[{\"@type\":\"CommentAction\",\"name\":\"Comment\",\"target\":[\"https:\\\/\\\/centrourbano.com\\\/revista\\\/urbanismo\\\/presenta-unam-plan-de-movilidad-sustentable-para-ciudad-universitaria\\\/#respond\"]}]},{\"@type\":\"WebPage\",\"@id\":\"https:\\\/\\\/centrourbano.com\\\/revista\\\/urbanismo\\\/presenta-unam-plan-de-movilidad-sustentable-para-ciudad-universitaria\\\/\",\"url\":\"https:\\\/\\\/centrourbano.com\\\/revista\\\/urbanismo\\\/presenta-unam-plan-de-movilidad-sustentable-para-ciudad-universitaria\\\/\",\"name\":\"Presenta UNAM Plan de Movilidad Sustentable para Ciudad Universitaria\",\"isPartOf\":{\"@id\":\"https:\\\/\\\/centrourbano.com\\\/revista\\\/#website\"},\"primaryImageOfPage\":{\"@id\":\"https:\\\/\\\/centrourbano.com\\\/revista\\\/urbanismo\\\/presenta-unam-plan-de-movilidad-sustentable-para-ciudad-universitaria\\\/#primaryimage\"},\"image\":{\"@id\":\"https:\\\/\\\/centrourbano.com\\\/revista\\\/urbanismo\\\/presenta-unam-plan-de-movilidad-sustentable-para-ciudad-universitaria\\\/#primaryimage\"},\"thumbnailUrl\":\"https:\\\/\\\/centrourbano.com\\\/revista\\\/wp-content\\\/uploads\\\/pexels-miguel-a-padrinan-127566-e1623694194958.jpg\",\"datePublished\":\"2021-06-15T15:43:45+00:00\",\"description\":\"Este plan de sustentabilidad tiene como objetivo generar un mayor aprovechamiento de los recursos y coadyuvar a la movilidad sustentable en el campus de\u00a0Ciudad Universitaria (C.U).\u00a0\",\"breadcrumb\":{\"@id\":\"https:\\\/\\\/centrourbano.com\\\/revista\\\/urbanismo\\\/presenta-unam-plan-de-movilidad-sustentable-para-ciudad-universitaria\\\/#breadcrumb\"},\"inLanguage\":\"es\",\"potentialAction\":[{\"@type\":\"ReadAction\",\"target\":[\"https:\\\/\\\/centrourbano.com\\\/revista\\\/urbanismo\\\/presenta-unam-plan-de-movilidad-sustentable-para-ciudad-universitaria\\\/\"]}]},{\"@type\":\"ImageObject\",\"inLanguage\":\"es\",\"@id\":\"https:\\\/\\\/centrourbano.com\\\/revista\\\/urbanismo\\\/presenta-unam-plan-de-movilidad-sustentable-para-ciudad-universitaria\\\/#primaryimage\",\"url\":\"https:\\\/\\\/centrourbano.com\\\/revista\\\/wp-content\\\/uploads\\\/pexels-miguel-a-padrinan-127566-e1623694194958.jpg\",\"contentUrl\":\"https:\\\/\\\/centrourbano.com\\\/revista\\\/wp-content\\\/uploads\\\/pexels-miguel-a-padrinan-127566-e1623694194958.jpg\",\"width\":934,\"height\":844,\"caption\":\"Presenta UNAM Plan de Movilidad Sustentable para Ciudad Universitaria\"},{\"@type\":\"BreadcrumbList\",\"@id\":\"https:\\\/\\\/centrourbano.com\\\/revista\\\/urbanismo\\\/presenta-unam-plan-de-movilidad-sustentable-para-ciudad-universitaria\\\/#breadcrumb\",\"itemListElement\":[{\"@type\":\"ListItem\",\"position\":1,\"name\":\"Portada\",\"item\":\"https:\\\/\\\/centrourbano.com\\\/revista\\\/\"},{\"@type\":\"ListItem\",\"position\":2,\"name\":\"Presenta UNAM Plan de Movilidad Sustentable para Ciudad Universitaria\"}]},{\"@type\":\"WebSite\",\"@id\":\"https:\\\/\\\/centrourbano.com\\\/revista\\\/#website\",\"url\":\"https:\\\/\\\/centrourbano.com\\\/revista\\\/\",\"name\":\"Centro Urbano\",\"description\":\"Medio especializado en los sectores vivienda, inmobiliario, construcci\u00f3n, arquitectura y urbanismo.\",\"publisher\":{\"@id\":\"https:\\\/\\\/centrourbano.com\\\/revista\\\/#organization\"},\"potentialAction\":[{\"@type\":\"SearchAction\",\"target\":{\"@type\":\"EntryPoint\",\"urlTemplate\":\"https:\\\/\\\/centrourbano.com\\\/revista\\\/?s={search_term_string}\"},\"query-input\":{\"@type\":\"PropertyValueSpecification\",\"valueRequired\":true,\"valueName\":\"search_term_string\"}}],\"inLanguage\":\"es\"},{\"@type\":\"Organization\",\"@id\":\"https:\\\/\\\/centrourbano.com\\\/revista\\\/#organization\",\"name\":\"Centro Urbano\",\"url\":\"https:\\\/\\\/centrourbano.com\\\/revista\\\/\",\"logo\":{\"@type\":\"ImageObject\",\"inLanguage\":\"es\",\"@id\":\"https:\\\/\\\/centrourbano.com\\\/revista\\\/#\\\/schema\\\/logo\\\/image\\\/\",\"url\":\"https:\\\/\\\/centrourbano.com\\\/revista\\\/wp-content\\\/uploads\\\/web_CU_logo-1.png\",\"contentUrl\":\"https:\\\/\\\/centrourbano.com\\\/revista\\\/wp-content\\\/uploads\\\/web_CU_logo-1.png\",\"width\":350,\"height\":91,\"caption\":\"Centro Urbano\"},\"image\":{\"@id\":\"https:\\\/\\\/centrourbano.com\\\/revista\\\/#\\\/schema\\\/logo\\\/image\\\/\"},\"sameAs\":[\"https:\\\/\\\/www.facebook.com\\\/portalcentrourbano\",\"https:\\\/\\\/x.com\\\/CentroUrbano\",\"https:\\\/\\\/www.instagram.com\\\/centro_urbano\\\/\",\"https:\\\/\\\/www.linkedin.com\\\/company\\\/centro-urbano\\\/\",\"http:\\\/\\\/www.youtube.com\\\/user\\\/portalcentrourbano\"]},{\"@type\":\"Person\",\"@id\":\"https:\\\/\\\/centrourbano.com\\\/revista\\\/#\\\/schema\\\/person\\\/207bdd416403fb71861b6cbfa8216b95\",\"name\":\"Aar\u00f3n Ram\u00edrez\",\"image\":{\"@type\":\"ImageObject\",\"inLanguage\":\"es\",\"@id\":\"https:\\\/\\\/secure.gravatar.com\\\/avatar\\\/a3abd3e37314905e5256eb67bf9c35ee2bb846a29a2ac87a048db8c78a89b0b9?s=96&d=mm&r=g\",\"url\":\"https:\\\/\\\/secure.gravatar.com\\\/avatar\\\/a3abd3e37314905e5256eb67bf9c35ee2bb846a29a2ac87a048db8c78a89b0b9?s=96&d=mm&r=g\",\"contentUrl\":\"https:\\\/\\\/secure.gravatar.com\\\/avatar\\\/a3abd3e37314905e5256eb67bf9c35ee2bb846a29a2ac87a048db8c78a89b0b9?s=96&d=mm&r=g\",\"caption\":\"Aar\u00f3n Ram\u00edrez\"},\"description\":\"Becario Editorial en Centro Urbano. Soy estudiante de la Licenciatura en Comunicaci\u00f3n por la Facultad de Estudios Superiores (FES) Acatl\u00e1n. Apasionado de la m\u00fasica, el cine y la cultura. Me interesa la creaci\u00f3n de contenidos period\u00edsticos multimedia para diversas plataformas.\",\"url\":\"https:\\\/\\\/centrourbano.com\\\/revista\\\/author\\\/aaron-ramirez\\\/\"}]}<\/script>\n<!-- \/ Yoast SEO plugin. -->","yoast_head_json":{"title":"Presenta UNAM Plan de Movilidad Sustentable para Ciudad Universitaria","description":"Este plan de sustentabilidad tiene como objetivo generar un mayor aprovechamiento de los recursos y coadyuvar a la movilidad sustentable en el campus de\u00a0Ciudad Universitaria (C.U).\u00a0","robots":{"index":"index","follow":"follow","max-snippet":"max-snippet:-1","max-image-preview":"max-image-preview:large","max-video-preview":"max-video-preview:-1"},"canonical":"https:\/\/centrourbano.com\/revista\/urbanismo\/presenta-unam-plan-de-movilidad-sustentable-para-ciudad-universitaria\/","og_locale":"es_ES","og_type":"article","og_title":"Presenta UNAM Plan de Movilidad Sustentable para Ciudad Universitaria","og_description":"Este plan de sustentabilidad tiene como objetivo generar un mayor aprovechamiento de los recursos y coadyuvar a la movilidad sustentable en el campus de\u00a0Ciudad Universitaria (C.U).\u00a0","og_url":"https:\/\/centrourbano.com\/revista\/urbanismo\/presenta-unam-plan-de-movilidad-sustentable-para-ciudad-universitaria\/","og_site_name":"Centro Urbano","article_publisher":"https:\/\/www.facebook.com\/portalcentrourbano","article_published_time":"2021-06-15T15:43:45+00:00","og_image":[{"width":934,"height":844,"url":"https:\/\/centrourbano.com\/revista\/wp-content\/uploads\/pexels-miguel-a-padrinan-127566-e1623694194958.jpg","type":"image\/jpeg"}],"author":"Aar\u00f3n Ram\u00edrez","twitter_card":"summary_large_image","twitter_creator":"@CentroUrbano","twitter_site":"@CentroUrbano","twitter_misc":{"Escrito por":"Aar\u00f3n Ram\u00edrez","Tiempo de lectura":"3 minutos"},"schema":{"@context":"https:\/\/schema.org","@graph":[{"@type":"Article","@id":"https:\/\/centrourbano.com\/revista\/urbanismo\/presenta-unam-plan-de-movilidad-sustentable-para-ciudad-universitaria\/#article","isPartOf":{"@id":"https:\/\/centrourbano.com\/revista\/urbanismo\/presenta-unam-plan-de-movilidad-sustentable-para-ciudad-universitaria\/"},"author":{"name":"Aar\u00f3n Ram\u00edrez","@id":"https:\/\/centrourbano.com\/revista\/#\/schema\/person\/207bdd416403fb71861b6cbfa8216b95"},"headline":"Presenta UNAM Plan de Movilidad Sustentable para Ciudad Universitaria","datePublished":"2021-06-15T15:43:45+00:00","mainEntityOfPage":{"@id":"https:\/\/centrourbano.com\/revista\/urbanismo\/presenta-unam-plan-de-movilidad-sustentable-para-ciudad-universitaria\/"},"wordCount":499,"commentCount":0,"publisher":{"@id":"https:\/\/centrourbano.com\/revista\/#organization"},"image":{"@id":"https:\/\/centrourbano.com\/revista\/urbanismo\/presenta-unam-plan-de-movilidad-sustentable-para-ciudad-universitaria\/#primaryimage"},"thumbnailUrl":"https:\/\/centrourbano.com\/revista\/wp-content\/uploads\/pexels-miguel-a-padrinan-127566-e1623694194958.jpg","keywords":["C.U","Ciudad Universitaria","movilidad sustentable","sustentabilidad","UNAM"],"articleSection":["Actualidad","Urbanismo"],"inLanguage":"es","potentialAction":[{"@type":"CommentAction","name":"Comment","target":["https:\/\/centrourbano.com\/revista\/urbanismo\/presenta-unam-plan-de-movilidad-sustentable-para-ciudad-universitaria\/#respond"]}]},{"@type":"WebPage","@id":"https:\/\/centrourbano.com\/revista\/urbanismo\/presenta-unam-plan-de-movilidad-sustentable-para-ciudad-universitaria\/","url":"https:\/\/centrourbano.com\/revista\/urbanismo\/presenta-unam-plan-de-movilidad-sustentable-para-ciudad-universitaria\/","name":"Presenta UNAM Plan de Movilidad Sustentable para Ciudad Universitaria","isPartOf":{"@id":"https:\/\/centrourbano.com\/revista\/#website"},"primaryImageOfPage":{"@id":"https:\/\/centrourbano.com\/revista\/urbanismo\/presenta-unam-plan-de-movilidad-sustentable-para-ciudad-universitaria\/#primaryimage"},"image":{"@id":"https:\/\/centrourbano.com\/revista\/urbanismo\/presenta-unam-plan-de-movilidad-sustentable-para-ciudad-universitaria\/#primaryimage"},"thumbnailUrl":"https:\/\/centrourbano.com\/revista\/wp-content\/uploads\/pexels-miguel-a-padrinan-127566-e1623694194958.jpg","datePublished":"2021-06-15T15:43:45+00:00","description":"Este plan de sustentabilidad tiene como objetivo generar un mayor aprovechamiento de los recursos y coadyuvar a la movilidad sustentable en el campus de\u00a0Ciudad Universitaria (C.U).\u00a0","breadcrumb":{"@id":"https:\/\/centrourbano.com\/revista\/urbanismo\/presenta-unam-plan-de-movilidad-sustentable-para-ciudad-universitaria\/#breadcrumb"},"inLanguage":"es","potentialAction":[{"@type":"ReadAction","target":["https:\/\/centrourbano.com\/revista\/urbanismo\/presenta-unam-plan-de-movilidad-sustentable-para-ciudad-universitaria\/"]}]},{"@type":"ImageObject","inLanguage":"es","@id":"https:\/\/centrourbano.com\/revista\/urbanismo\/presenta-unam-plan-de-movilidad-sustentable-para-ciudad-universitaria\/#primaryimage","url":"https:\/\/centrourbano.com\/revista\/wp-content\/uploads\/pexels-miguel-a-padrinan-127566-e1623694194958.jpg","contentUrl":"https:\/\/centrourbano.com\/revista\/wp-content\/uploads\/pexels-miguel-a-padrinan-127566-e1623694194958.jpg","width":934,"height":844,"caption":"Presenta UNAM Plan de Movilidad Sustentable para Ciudad Universitaria"},{"@type":"BreadcrumbList","@id":"https:\/\/centrourbano.com\/revista\/urbanismo\/presenta-unam-plan-de-movilidad-sustentable-para-ciudad-universitaria\/#breadcrumb","itemListElement":[{"@type":"ListItem","position":1,"name":"Portada","item":"https:\/\/centrourbano.com\/revista\/"},{"@type":"ListItem","position":2,"name":"Presenta UNAM Plan de Movilidad Sustentable para Ciudad Universitaria"}]},{"@type":"WebSite","@id":"https:\/\/centrourbano.com\/revista\/#website","url":"https:\/\/centrourbano.com\/revista\/","name":"Centro Urbano","description":"Medio especializado en los sectores vivienda, inmobiliario, construcci\u00f3n, arquitectura y urbanismo.","publisher":{"@id":"https:\/\/centrourbano.com\/revista\/#organization"},"potentialAction":[{"@type":"SearchAction","target":{"@type":"EntryPoint","urlTemplate":"https:\/\/centrourbano.com\/revista\/?s={search_term_string}"},"query-input":{"@type":"PropertyValueSpecification","valueRequired":true,"valueName":"search_term_string"}}],"inLanguage":"es"},{"@type":"Organization","@id":"https:\/\/centrourbano.com\/revista\/#organization","name":"Centro Urbano","url":"https:\/\/centrourbano.com\/revista\/","logo":{"@type":"ImageObject","inLanguage":"es","@id":"https:\/\/centrourbano.com\/revista\/#\/schema\/logo\/image\/","url":"https:\/\/centrourbano.com\/revista\/wp-content\/uploads\/web_CU_logo-1.png","contentUrl":"https:\/\/centrourbano.com\/revista\/wp-content\/uploads\/web_CU_logo-1.png","width":350,"height":91,"caption":"Centro Urbano"},"image":{"@id":"https:\/\/centrourbano.com\/revista\/#\/schema\/logo\/image\/"},"sameAs":["https:\/\/www.facebook.com\/portalcentrourbano","https:\/\/x.com\/CentroUrbano","https:\/\/www.instagram.com\/centro_urbano\/","https:\/\/www.linkedin.com\/company\/centro-urbano\/","http:\/\/www.youtube.com\/user\/portalcentrourbano"]},{"@type":"Person","@id":"https:\/\/centrourbano.com\/revista\/#\/schema\/person\/207bdd416403fb71861b6cbfa8216b95","name":"Aar\u00f3n Ram\u00edrez","image":{"@type":"ImageObject","inLanguage":"es","@id":"https:\/\/secure.gravatar.com\/avatar\/a3abd3e37314905e5256eb67bf9c35ee2bb846a29a2ac87a048db8c78a89b0b9?s=96&d=mm&r=g","url":"https:\/\/secure.gravatar.com\/avatar\/a3abd3e37314905e5256eb67bf9c35ee2bb846a29a2ac87a048db8c78a89b0b9?s=96&d=mm&r=g","contentUrl":"https:\/\/secure.gravatar.com\/avatar\/a3abd3e37314905e5256eb67bf9c35ee2bb846a29a2ac87a048db8c78a89b0b9?s=96&d=mm&r=g","caption":"Aar\u00f3n Ram\u00edrez"},"description":"Becario Editorial en Centro Urbano. Soy estudiante de la Licenciatura en Comunicaci\u00f3n por la Facultad de Estudios Superiores (FES) Acatl\u00e1n. Apasionado de la m\u00fasica, el cine y la cultura. Me interesa la creaci\u00f3n de contenidos period\u00edsticos multimedia para diversas plataformas.","url":"https:\/\/centrourbano.com\/revista\/author\/aaron-ramirez\/"}]}},"_links":{"self":[{"href":"https:\/\/centrourbano.com\/revista\/wp-json\/wp\/v2\/posts\/118424","targetHints":{"allow":["GET"]}}],"collection":[{"href":"https:\/\/centrourbano.com\/revista\/wp-json\/wp\/v2\/posts"}],"about":[{"href":"https:\/\/centrourbano.com\/revista\/wp-json\/wp\/v2\/types\/post"}],"author":[{"embeddable":true,"href":"https:\/\/centrourbano.com\/revista\/wp-json\/wp\/v2\/users\/78"}],"replies":[{"embeddable":true,"href":"https:\/\/centrourbano.com\/revista\/wp-json\/wp\/v2\/comments?post=118424"}],"version-history":[{"count":9,"href":"https:\/\/centrourbano.com\/revista\/wp-json\/wp\/v2\/posts\/118424\/revisions"}],"predecessor-version":[{"id":118468,"href":"https:\/\/centrourbano.com\/revista\/wp-json\/wp\/v2\/posts\/118424\/revisions\/118468"}],"wp:featuredmedia":[{"embeddable":true,"href":"https:\/\/centrourbano.com\/revista\/wp-json\/wp\/v2\/media\/118426"}],"wp:attachment":[{"href":"https:\/\/centrourbano.com\/revista\/wp-json\/wp\/v2\/media?parent=118424"}],"wp:term":[{"taxonomy":"category","embeddable":true,"href":"https:\/\/centrourbano.com\/revista\/wp-json\/wp\/v2\/categories?post=118424"},{"taxonomy":"post_tag","embeddable":true,"href":"https:\/\/centrourbano.com\/revista\/wp-json\/wp\/v2\/tags?post=118424"}],"curies":[{"name":"wp","href":"https:\/\/api.w.org\/{rel}","templated":true}]}}