{"id":118387,"date":"2021-06-14T09:53:02","date_gmt":"2021-06-14T14:53:02","guid":{"rendered":"https:\/\/centrourbano.com\/?p=118387"},"modified":"2021-06-14T15:58:20","modified_gmt":"2021-06-14T20:58:20","slug":"una-vision-integral-para-la-urbanizacion-de-mexico","status":"publish","type":"post","link":"https:\/\/centrourbano.com\/revista\/opinion\/blog-de-urbanismo\/una-vision-integral-para-la-urbanizacion-de-mexico\/","title":{"rendered":"Una visi\u00f3n integral para la urbanizaci\u00f3n de M\u00e9xico"},"content":{"rendered":"<p><strong>Por Rom\u00e1n Meyer Falc\u00f3n<\/strong><!--more--><\/p>\n<p>M\u00e9xico avanza hacia un futuro de numerosas ciudades densamente pobladas. Nuestras tendencias de urbanizaci\u00f3n son sumamente din\u00e1micas y se pronostica que, en menos de una d\u00e9cada, m\u00e1s de 8 de cada 10 mexicanos vivir\u00e1n en una de casi 1,000 ciudades o centros urbanos a lo largo del territorio nacional.<\/p>\n<p>Este rumbo necesita modelos de desarrollo que dirijan nuestro crecimiento hacia asentamientos humanos m\u00e1s sostenibles, igualitarios, econ\u00f3micamente viables y productivos, que vean por el bienestar de toda la poblaci\u00f3n a la que acogen.<\/p>\n<p>Hace unos d\u00edas fue publicado en el <a href=\"https:\/\/www.dof.gob.mx\/nota_detalle.php?codigo=5620126&amp;fecha=02\/06\/2021\" target=\"_blank\" rel=\"noopener\">Diario Oficial de la Federaci\u00f3n<\/a> el Programa Nacional de Ordenamiento Territorial y Desarrollo Urbano 2021-2024, un instrumento que busca orientar la urbanizaci\u00f3n de nuestro pa\u00eds hacia una visi\u00f3n integral de futuro.<\/p>\n<p>En concordancia con el Plan Nacional de Desarrollo 2019-2024 y con la Estrategia Nacional de Ordenamiento Territorial 2020-2040, la meta es disminuir las brechas de desigualdad econ\u00f3mica y social a trav\u00e9s del trabajo conjunto de los tres \u00f3rdenes de gobierno, el sector privado y la sociedad civil organizada.<\/p>\n<p>Producto de un esfuerzo colectivo y exclusivamente interno de las dependencias del Ramo 15, el PNOTDU 2021-2024 plantea una visi\u00f3n de los sistemas urbano rurales y las zonas metropolitanas que potencializa las capacidades organizativas, productivas y de sustentabilidad en el sector agrario, integrando las experiencias de poblaciones campesinas, ind\u00edgenas y afromexicanas en el territorio.<\/p>\n<p>De casi 200 millones de hect\u00e1reas de territorio nacional, cerca del 97% corresponde a terrenos rurales, lo cual hace inminente un ordenamiento fundamentado en acciones que involucren de manera inteligente las perspectivas de desarrollo urbano y rural.<\/p>\n<p>Los objetivos del Programa se rigen por los principios de disminuir las desigualdades socioespaciales que existen en el territorio y fortalecer las capacidades adaptativas de las comunidades que lo integran, sin dejar a nadie atr\u00e1s y a nadie fuera. Se busca que estos principios se apliquen a todos los \u00e1mbitos del desarrollo, desde la movilidad hasta las pol\u00edticas de vivienda, del nivel municipal al metropolitano, promoviendo adem\u00e1s un cuidado al medio ambiente que reconcilie a las personas con su entorno natural.<\/p>\n<p>El PNOTDU 2021-2024 es parte de un proyecto de grandes dimensiones y amplio alcance. Su elaboraci\u00f3n es fruto de la ambici\u00f3n y el trabajo de las unidades responsables de la SEDATU, y las entidades que integran el sector: Instituto Nacional del Suelo Sustentable (INSUS), Procuradur\u00eda Agraria (PA), Registro Agrario Nacional (RAN), Fideicomiso Fondo Nacional de Fomento Ejidal (FIFONAFE), Comisi\u00f3n Nacional de Vivienda (CONAVI), Fondo Nacional de Habitaciones Populares (FONHAPO), Fondo de la Vivienda del Instituto de Seguridad y Servicios Sociales para los Trabajadores del Estado (FOVISSSTE), Instituto del Fondo Nacional de la Vivienda para los Trabajadores (INFONAVIT) y Sociedad Hipotecaria Federal (SHF).<\/p>\n<p>La exitosa colaboraci\u00f3n que nos permiti\u00f3 llegar a este importante documento deber\u00e1 continuar para su implementaci\u00f3n, que corresponder\u00e1 a estos mismos organismos, a su capacidad conjunta de cumplir metas y l\u00edneas de acci\u00f3n.<\/p>\n<p>Agradezco profundamente el apoyo para que esta importante herramienta de trabajo vea la luz, y les invito a dar seguimiento a las labores que en ella est\u00e1n inscritas. El compromiso de cambiar para bien y de manera permanente la vida de las y los mexicanos comienza con nuestra visi\u00f3n unida, y nuestra vocaci\u00f3n para llevarla a cabo.<\/p>\n<p>El programa puede consultarse en la p\u00e1gina de la Sedatu: <a href=\"https:\/\/www.gob.mx\/sedatu\" target=\"_blank\" rel=\"noopener\">https:\/\/www.gob.mx\/sedatu<\/a><\/p>\n<p><!--more--><\/p>\n<p>&nbsp;<\/p>\n<p style=\"text-align: right;\"><strong>*Rom\u00e1n Meyer Falc\u00f3n<\/strong><\/p>\n<p style=\"text-align: right;\">Secretario de Desarrollo Agrario, Territorial y Urbano<\/p>\n<p style=\"text-align: right;\">Gobierno de M\u00e9xico<\/p>\n<p>&nbsp;<\/p>\n","protected":false},"excerpt":{"rendered":"<p>Por Rom\u00e1n Meyer Falc\u00f3n<\/p>\n","protected":false},"author":79,"featured_media":118392,"comment_status":"open","ping_status":"closed","sticky":false,"template":"","format":"standard","meta":{"om_disable_all_campaigns":false,"inline_featured_image":false,"_monsterinsights_skip_tracking":false,"_monsterinsights_sitenote_active":false,"_monsterinsights_sitenote_note":"","_monsterinsights_sitenote_category":0,"footnotes":""},"categories":[5817,5,82,12],"tags":[376,5995,322,155,100,3499,20585,20584,1460,13493,105,235,149,60],"class_list":["post-118387","post","type-post","status-publish","format-standard","has-post-thumbnail","hentry","category-blog-de-urbanismo","category-opinion","category-urbanismo","category-vivienda","tag-conavi","tag-fifonafe","tag-fonhapo","tag-fovissste","tag-infonavit","tag-insus","tag-pnotdu","tag-programa-nacional-de-ordenamiento-territorial-y-desarrollo-urbano","tag-ran","tag-roman-meyer-falcon","tag-sedatu","tag-shf","tag-urbanizacion","tag-vivienda-2"],"yoast_head":"<!-- This site is optimized with the Yoast SEO plugin v27.4 - https:\/\/yoast.com\/product\/yoast-seo-wordpress\/ -->\n<title>Una visi\u00f3n integral para la urbanizaci\u00f3n de M\u00e9xico<\/title>\n<meta name=\"description\" content=\"M\u00e9xico avanza hacia un futuro de numerosas ciudades densamente pobladas. Nuestras tendencias de urbanizaci\u00f3n son sumamente din\u00e1micas\" \/>\n<meta name=\"robots\" content=\"index, follow, max-snippet:-1, max-image-preview:large, max-video-preview:-1\" \/>\n<link rel=\"canonical\" href=\"https:\/\/centrourbano.com\/revista\/opinion\/blog-de-urbanismo\/una-vision-integral-para-la-urbanizacion-de-mexico\/\" \/>\n<meta property=\"og:locale\" content=\"es_ES\" \/>\n<meta property=\"og:type\" content=\"article\" \/>\n<meta property=\"og:title\" content=\"Una visi\u00f3n integral para la urbanizaci\u00f3n de M\u00e9xico\" \/>\n<meta property=\"og:description\" content=\"M\u00e9xico avanza hacia un futuro de numerosas ciudades densamente pobladas. Nuestras tendencias de urbanizaci\u00f3n son sumamente din\u00e1micas\" \/>\n<meta property=\"og:url\" content=\"https:\/\/centrourbano.com\/revista\/opinion\/blog-de-urbanismo\/una-vision-integral-para-la-urbanizacion-de-mexico\/\" \/>\n<meta property=\"og:site_name\" content=\"Centro Urbano\" \/>\n<meta property=\"article:publisher\" content=\"https:\/\/www.facebook.com\/portalcentrourbano\" \/>\n<meta property=\"article:published_time\" content=\"2021-06-14T14:53:02+00:00\" \/>\n<meta property=\"article:modified_time\" content=\"2021-06-14T20:58:20+00:00\" \/>\n<meta property=\"og:image\" content=\"https:\/\/centrourbano.com\/revista\/wp-content\/uploads\/Columna-invitado.jpg\" \/>\n\t<meta property=\"og:image:width\" content=\"1111\" \/>\n\t<meta property=\"og:image:height\" content=\"1111\" \/>\n\t<meta property=\"og:image:type\" content=\"image\/jpeg\" \/>\n<meta name=\"author\" content=\"Columnista invitado\" \/>\n<meta name=\"twitter:card\" content=\"summary_large_image\" \/>\n<meta name=\"twitter:creator\" content=\"@CentroUrbano\" \/>\n<meta name=\"twitter:site\" content=\"@CentroUrbano\" \/>\n<meta name=\"twitter:label1\" content=\"Escrito por\" \/>\n\t<meta name=\"twitter:data1\" content=\"Columnista invitado\" \/>\n\t<meta name=\"twitter:label2\" content=\"Tiempo de lectura\" \/>\n\t<meta name=\"twitter:data2\" content=\"3 minutos\" \/>\n<script type=\"application\/ld+json\" class=\"yoast-schema-graph\">{\"@context\":\"https:\\\/\\\/schema.org\",\"@graph\":[{\"@type\":\"Article\",\"@id\":\"https:\\\/\\\/centrourbano.com\\\/revista\\\/opinion\\\/blog-de-urbanismo\\\/una-vision-integral-para-la-urbanizacion-de-mexico\\\/#article\",\"isPartOf\":{\"@id\":\"https:\\\/\\\/centrourbano.com\\\/revista\\\/opinion\\\/blog-de-urbanismo\\\/una-vision-integral-para-la-urbanizacion-de-mexico\\\/\"},\"author\":{\"name\":\"Columnista invitado\",\"@id\":\"https:\\\/\\\/centrourbano.com\\\/revista\\\/#\\\/schema\\\/person\\\/e6418535cf1773eb361a8547aef500f5\"},\"headline\":\"Una visi\u00f3n integral para la urbanizaci\u00f3n de M\u00e9xico\",\"datePublished\":\"2021-06-14T14:53:02+00:00\",\"dateModified\":\"2021-06-14T20:58:20+00:00\",\"mainEntityOfPage\":{\"@id\":\"https:\\\/\\\/centrourbano.com\\\/revista\\\/opinion\\\/blog-de-urbanismo\\\/una-vision-integral-para-la-urbanizacion-de-mexico\\\/\"},\"wordCount\":610,\"commentCount\":0,\"publisher\":{\"@id\":\"https:\\\/\\\/centrourbano.com\\\/revista\\\/#organization\"},\"image\":{\"@id\":\"https:\\\/\\\/centrourbano.com\\\/revista\\\/opinion\\\/blog-de-urbanismo\\\/una-vision-integral-para-la-urbanizacion-de-mexico\\\/#primaryimage\"},\"thumbnailUrl\":\"https:\\\/\\\/centrourbano.com\\\/revista\\\/wp-content\\\/uploads\\\/Columna-invitado.jpg\",\"keywords\":[\"Conavi\",\"Fifonafe\",\"Fonhapo\",\"Fovissste\",\"Infonavit\",\"INSUS\",\"PNOTDU\",\"Programa Nacional de Ordenamiento Territorial y Desarrollo Urbano\",\"RAN\",\"Rom\u00e1n Meyer Falc\u00f3n\",\"Sedatu\",\"SHF\",\"Urbanizaci\u00f3n\",\"vivienda\"],\"articleSection\":[\"Hablemos de Urbanismo\",\"Opini\u00f3n\",\"Urbanismo\",\"Vivienda\"],\"inLanguage\":\"es\",\"potentialAction\":[{\"@type\":\"CommentAction\",\"name\":\"Comment\",\"target\":[\"https:\\\/\\\/centrourbano.com\\\/revista\\\/opinion\\\/blog-de-urbanismo\\\/una-vision-integral-para-la-urbanizacion-de-mexico\\\/#respond\"]}]},{\"@type\":\"WebPage\",\"@id\":\"https:\\\/\\\/centrourbano.com\\\/revista\\\/opinion\\\/blog-de-urbanismo\\\/una-vision-integral-para-la-urbanizacion-de-mexico\\\/\",\"url\":\"https:\\\/\\\/centrourbano.com\\\/revista\\\/opinion\\\/blog-de-urbanismo\\\/una-vision-integral-para-la-urbanizacion-de-mexico\\\/\",\"name\":\"Una visi\u00f3n integral para la urbanizaci\u00f3n de M\u00e9xico\",\"isPartOf\":{\"@id\":\"https:\\\/\\\/centrourbano.com\\\/revista\\\/#website\"},\"primaryImageOfPage\":{\"@id\":\"https:\\\/\\\/centrourbano.com\\\/revista\\\/opinion\\\/blog-de-urbanismo\\\/una-vision-integral-para-la-urbanizacion-de-mexico\\\/#primaryimage\"},\"image\":{\"@id\":\"https:\\\/\\\/centrourbano.com\\\/revista\\\/opinion\\\/blog-de-urbanismo\\\/una-vision-integral-para-la-urbanizacion-de-mexico\\\/#primaryimage\"},\"thumbnailUrl\":\"https:\\\/\\\/centrourbano.com\\\/revista\\\/wp-content\\\/uploads\\\/Columna-invitado.jpg\",\"datePublished\":\"2021-06-14T14:53:02+00:00\",\"dateModified\":\"2021-06-14T20:58:20+00:00\",\"description\":\"M\u00e9xico avanza hacia un futuro de numerosas ciudades densamente pobladas. Nuestras tendencias de urbanizaci\u00f3n son sumamente din\u00e1micas\",\"breadcrumb\":{\"@id\":\"https:\\\/\\\/centrourbano.com\\\/revista\\\/opinion\\\/blog-de-urbanismo\\\/una-vision-integral-para-la-urbanizacion-de-mexico\\\/#breadcrumb\"},\"inLanguage\":\"es\",\"potentialAction\":[{\"@type\":\"ReadAction\",\"target\":[\"https:\\\/\\\/centrourbano.com\\\/revista\\\/opinion\\\/blog-de-urbanismo\\\/una-vision-integral-para-la-urbanizacion-de-mexico\\\/\"]}]},{\"@type\":\"ImageObject\",\"inLanguage\":\"es\",\"@id\":\"https:\\\/\\\/centrourbano.com\\\/revista\\\/opinion\\\/blog-de-urbanismo\\\/una-vision-integral-para-la-urbanizacion-de-mexico\\\/#primaryimage\",\"url\":\"https:\\\/\\\/centrourbano.com\\\/revista\\\/wp-content\\\/uploads\\\/Columna-invitado.jpg\",\"contentUrl\":\"https:\\\/\\\/centrourbano.com\\\/revista\\\/wp-content\\\/uploads\\\/Columna-invitado.jpg\",\"width\":1111,\"height\":1111,\"caption\":\"M\u00e9xico avanza hacia un futuro de numerosas ciudades densamente pobladas. Nuestras tendencias de urbanizaci\u00f3n son sumamente din\u00e1micas\"},{\"@type\":\"BreadcrumbList\",\"@id\":\"https:\\\/\\\/centrourbano.com\\\/revista\\\/opinion\\\/blog-de-urbanismo\\\/una-vision-integral-para-la-urbanizacion-de-mexico\\\/#breadcrumb\",\"itemListElement\":[{\"@type\":\"ListItem\",\"position\":1,\"name\":\"Portada\",\"item\":\"https:\\\/\\\/centrourbano.com\\\/revista\\\/\"},{\"@type\":\"ListItem\",\"position\":2,\"name\":\"Una visi\u00f3n integral para la urbanizaci\u00f3n de M\u00e9xico\"}]},{\"@type\":\"WebSite\",\"@id\":\"https:\\\/\\\/centrourbano.com\\\/revista\\\/#website\",\"url\":\"https:\\\/\\\/centrourbano.com\\\/revista\\\/\",\"name\":\"Centro Urbano\",\"description\":\"Medio especializado en los sectores vivienda, inmobiliario, construcci\u00f3n, arquitectura y urbanismo.\",\"publisher\":{\"@id\":\"https:\\\/\\\/centrourbano.com\\\/revista\\\/#organization\"},\"potentialAction\":[{\"@type\":\"SearchAction\",\"target\":{\"@type\":\"EntryPoint\",\"urlTemplate\":\"https:\\\/\\\/centrourbano.com\\\/revista\\\/?s={search_term_string}\"},\"query-input\":{\"@type\":\"PropertyValueSpecification\",\"valueRequired\":true,\"valueName\":\"search_term_string\"}}],\"inLanguage\":\"es\"},{\"@type\":\"Organization\",\"@id\":\"https:\\\/\\\/centrourbano.com\\\/revista\\\/#organization\",\"name\":\"Centro Urbano\",\"url\":\"https:\\\/\\\/centrourbano.com\\\/revista\\\/\",\"logo\":{\"@type\":\"ImageObject\",\"inLanguage\":\"es\",\"@id\":\"https:\\\/\\\/centrourbano.com\\\/revista\\\/#\\\/schema\\\/logo\\\/image\\\/\",\"url\":\"https:\\\/\\\/centrourbano.com\\\/revista\\\/wp-content\\\/uploads\\\/web_CU_logo-1.png\",\"contentUrl\":\"https:\\\/\\\/centrourbano.com\\\/revista\\\/wp-content\\\/uploads\\\/web_CU_logo-1.png\",\"width\":350,\"height\":91,\"caption\":\"Centro Urbano\"},\"image\":{\"@id\":\"https:\\\/\\\/centrourbano.com\\\/revista\\\/#\\\/schema\\\/logo\\\/image\\\/\"},\"sameAs\":[\"https:\\\/\\\/www.facebook.com\\\/portalcentrourbano\",\"https:\\\/\\\/x.com\\\/CentroUrbano\",\"https:\\\/\\\/www.instagram.com\\\/centro_urbano\\\/\",\"https:\\\/\\\/www.linkedin.com\\\/company\\\/centro-urbano\\\/\",\"http:\\\/\\\/www.youtube.com\\\/user\\\/portalcentrourbano\"]},{\"@type\":\"Person\",\"@id\":\"https:\\\/\\\/centrourbano.com\\\/revista\\\/#\\\/schema\\\/person\\\/e6418535cf1773eb361a8547aef500f5\",\"name\":\"Columnista invitado\",\"image\":{\"@type\":\"ImageObject\",\"inLanguage\":\"es\",\"@id\":\"https:\\\/\\\/secure.gravatar.com\\\/avatar\\\/28ad1e0627b854b5cf28ba6c846a14c308bb67d33df98f6677cc46fe92222ece?s=96&d=mm&r=g\",\"url\":\"https:\\\/\\\/secure.gravatar.com\\\/avatar\\\/28ad1e0627b854b5cf28ba6c846a14c308bb67d33df98f6677cc46fe92222ece?s=96&d=mm&r=g\",\"contentUrl\":\"https:\\\/\\\/secure.gravatar.com\\\/avatar\\\/28ad1e0627b854b5cf28ba6c846a14c308bb67d33df98f6677cc46fe92222ece?s=96&d=mm&r=g\",\"caption\":\"Columnista invitado\"},\"url\":\"https:\\\/\\\/centrourbano.com\\\/revista\\\/author\\\/columnista-invitado\\\/\"}]}<\/script>\n<!-- \/ Yoast SEO plugin. -->","yoast_head_json":{"title":"Una visi\u00f3n integral para la urbanizaci\u00f3n de M\u00e9xico","description":"M\u00e9xico avanza hacia un futuro de numerosas ciudades densamente pobladas. Nuestras tendencias de urbanizaci\u00f3n son sumamente din\u00e1micas","robots":{"index":"index","follow":"follow","max-snippet":"max-snippet:-1","max-image-preview":"max-image-preview:large","max-video-preview":"max-video-preview:-1"},"canonical":"https:\/\/centrourbano.com\/revista\/opinion\/blog-de-urbanismo\/una-vision-integral-para-la-urbanizacion-de-mexico\/","og_locale":"es_ES","og_type":"article","og_title":"Una visi\u00f3n integral para la urbanizaci\u00f3n de M\u00e9xico","og_description":"M\u00e9xico avanza hacia un futuro de numerosas ciudades densamente pobladas. Nuestras tendencias de urbanizaci\u00f3n son sumamente din\u00e1micas","og_url":"https:\/\/centrourbano.com\/revista\/opinion\/blog-de-urbanismo\/una-vision-integral-para-la-urbanizacion-de-mexico\/","og_site_name":"Centro Urbano","article_publisher":"https:\/\/www.facebook.com\/portalcentrourbano","article_published_time":"2021-06-14T14:53:02+00:00","article_modified_time":"2021-06-14T20:58:20+00:00","og_image":[{"width":1111,"height":1111,"url":"https:\/\/centrourbano.com\/revista\/wp-content\/uploads\/Columna-invitado.jpg","type":"image\/jpeg"}],"author":"Columnista invitado","twitter_card":"summary_large_image","twitter_creator":"@CentroUrbano","twitter_site":"@CentroUrbano","twitter_misc":{"Escrito por":"Columnista invitado","Tiempo de lectura":"3 minutos"},"schema":{"@context":"https:\/\/schema.org","@graph":[{"@type":"Article","@id":"https:\/\/centrourbano.com\/revista\/opinion\/blog-de-urbanismo\/una-vision-integral-para-la-urbanizacion-de-mexico\/#article","isPartOf":{"@id":"https:\/\/centrourbano.com\/revista\/opinion\/blog-de-urbanismo\/una-vision-integral-para-la-urbanizacion-de-mexico\/"},"author":{"name":"Columnista invitado","@id":"https:\/\/centrourbano.com\/revista\/#\/schema\/person\/e6418535cf1773eb361a8547aef500f5"},"headline":"Una visi\u00f3n integral para la urbanizaci\u00f3n de M\u00e9xico","datePublished":"2021-06-14T14:53:02+00:00","dateModified":"2021-06-14T20:58:20+00:00","mainEntityOfPage":{"@id":"https:\/\/centrourbano.com\/revista\/opinion\/blog-de-urbanismo\/una-vision-integral-para-la-urbanizacion-de-mexico\/"},"wordCount":610,"commentCount":0,"publisher":{"@id":"https:\/\/centrourbano.com\/revista\/#organization"},"image":{"@id":"https:\/\/centrourbano.com\/revista\/opinion\/blog-de-urbanismo\/una-vision-integral-para-la-urbanizacion-de-mexico\/#primaryimage"},"thumbnailUrl":"https:\/\/centrourbano.com\/revista\/wp-content\/uploads\/Columna-invitado.jpg","keywords":["Conavi","Fifonafe","Fonhapo","Fovissste","Infonavit","INSUS","PNOTDU","Programa Nacional de Ordenamiento Territorial y Desarrollo Urbano","RAN","Rom\u00e1n Meyer Falc\u00f3n","Sedatu","SHF","Urbanizaci\u00f3n","vivienda"],"articleSection":["Hablemos de Urbanismo","Opini\u00f3n","Urbanismo","Vivienda"],"inLanguage":"es","potentialAction":[{"@type":"CommentAction","name":"Comment","target":["https:\/\/centrourbano.com\/revista\/opinion\/blog-de-urbanismo\/una-vision-integral-para-la-urbanizacion-de-mexico\/#respond"]}]},{"@type":"WebPage","@id":"https:\/\/centrourbano.com\/revista\/opinion\/blog-de-urbanismo\/una-vision-integral-para-la-urbanizacion-de-mexico\/","url":"https:\/\/centrourbano.com\/revista\/opinion\/blog-de-urbanismo\/una-vision-integral-para-la-urbanizacion-de-mexico\/","name":"Una visi\u00f3n integral para la urbanizaci\u00f3n de M\u00e9xico","isPartOf":{"@id":"https:\/\/centrourbano.com\/revista\/#website"},"primaryImageOfPage":{"@id":"https:\/\/centrourbano.com\/revista\/opinion\/blog-de-urbanismo\/una-vision-integral-para-la-urbanizacion-de-mexico\/#primaryimage"},"image":{"@id":"https:\/\/centrourbano.com\/revista\/opinion\/blog-de-urbanismo\/una-vision-integral-para-la-urbanizacion-de-mexico\/#primaryimage"},"thumbnailUrl":"https:\/\/centrourbano.com\/revista\/wp-content\/uploads\/Columna-invitado.jpg","datePublished":"2021-06-14T14:53:02+00:00","dateModified":"2021-06-14T20:58:20+00:00","description":"M\u00e9xico avanza hacia un futuro de numerosas ciudades densamente pobladas. Nuestras tendencias de urbanizaci\u00f3n son sumamente din\u00e1micas","breadcrumb":{"@id":"https:\/\/centrourbano.com\/revista\/opinion\/blog-de-urbanismo\/una-vision-integral-para-la-urbanizacion-de-mexico\/#breadcrumb"},"inLanguage":"es","potentialAction":[{"@type":"ReadAction","target":["https:\/\/centrourbano.com\/revista\/opinion\/blog-de-urbanismo\/una-vision-integral-para-la-urbanizacion-de-mexico\/"]}]},{"@type":"ImageObject","inLanguage":"es","@id":"https:\/\/centrourbano.com\/revista\/opinion\/blog-de-urbanismo\/una-vision-integral-para-la-urbanizacion-de-mexico\/#primaryimage","url":"https:\/\/centrourbano.com\/revista\/wp-content\/uploads\/Columna-invitado.jpg","contentUrl":"https:\/\/centrourbano.com\/revista\/wp-content\/uploads\/Columna-invitado.jpg","width":1111,"height":1111,"caption":"M\u00e9xico avanza hacia un futuro de numerosas ciudades densamente pobladas. Nuestras tendencias de urbanizaci\u00f3n son sumamente din\u00e1micas"},{"@type":"BreadcrumbList","@id":"https:\/\/centrourbano.com\/revista\/opinion\/blog-de-urbanismo\/una-vision-integral-para-la-urbanizacion-de-mexico\/#breadcrumb","itemListElement":[{"@type":"ListItem","position":1,"name":"Portada","item":"https:\/\/centrourbano.com\/revista\/"},{"@type":"ListItem","position":2,"name":"Una visi\u00f3n integral para la urbanizaci\u00f3n de M\u00e9xico"}]},{"@type":"WebSite","@id":"https:\/\/centrourbano.com\/revista\/#website","url":"https:\/\/centrourbano.com\/revista\/","name":"Centro Urbano","description":"Medio especializado en los sectores vivienda, inmobiliario, construcci\u00f3n, arquitectura y urbanismo.","publisher":{"@id":"https:\/\/centrourbano.com\/revista\/#organization"},"potentialAction":[{"@type":"SearchAction","target":{"@type":"EntryPoint","urlTemplate":"https:\/\/centrourbano.com\/revista\/?s={search_term_string}"},"query-input":{"@type":"PropertyValueSpecification","valueRequired":true,"valueName":"search_term_string"}}],"inLanguage":"es"},{"@type":"Organization","@id":"https:\/\/centrourbano.com\/revista\/#organization","name":"Centro Urbano","url":"https:\/\/centrourbano.com\/revista\/","logo":{"@type":"ImageObject","inLanguage":"es","@id":"https:\/\/centrourbano.com\/revista\/#\/schema\/logo\/image\/","url":"https:\/\/centrourbano.com\/revista\/wp-content\/uploads\/web_CU_logo-1.png","contentUrl":"https:\/\/centrourbano.com\/revista\/wp-content\/uploads\/web_CU_logo-1.png","width":350,"height":91,"caption":"Centro Urbano"},"image":{"@id":"https:\/\/centrourbano.com\/revista\/#\/schema\/logo\/image\/"},"sameAs":["https:\/\/www.facebook.com\/portalcentrourbano","https:\/\/x.com\/CentroUrbano","https:\/\/www.instagram.com\/centro_urbano\/","https:\/\/www.linkedin.com\/company\/centro-urbano\/","http:\/\/www.youtube.com\/user\/portalcentrourbano"]},{"@type":"Person","@id":"https:\/\/centrourbano.com\/revista\/#\/schema\/person\/e6418535cf1773eb361a8547aef500f5","name":"Columnista invitado","image":{"@type":"ImageObject","inLanguage":"es","@id":"https:\/\/secure.gravatar.com\/avatar\/28ad1e0627b854b5cf28ba6c846a14c308bb67d33df98f6677cc46fe92222ece?s=96&d=mm&r=g","url":"https:\/\/secure.gravatar.com\/avatar\/28ad1e0627b854b5cf28ba6c846a14c308bb67d33df98f6677cc46fe92222ece?s=96&d=mm&r=g","contentUrl":"https:\/\/secure.gravatar.com\/avatar\/28ad1e0627b854b5cf28ba6c846a14c308bb67d33df98f6677cc46fe92222ece?s=96&d=mm&r=g","caption":"Columnista invitado"},"url":"https:\/\/centrourbano.com\/revista\/author\/columnista-invitado\/"}]}},"_links":{"self":[{"href":"https:\/\/centrourbano.com\/revista\/wp-json\/wp\/v2\/posts\/118387","targetHints":{"allow":["GET"]}}],"collection":[{"href":"https:\/\/centrourbano.com\/revista\/wp-json\/wp\/v2\/posts"}],"about":[{"href":"https:\/\/centrourbano.com\/revista\/wp-json\/wp\/v2\/types\/post"}],"author":[{"embeddable":true,"href":"https:\/\/centrourbano.com\/revista\/wp-json\/wp\/v2\/users\/79"}],"replies":[{"embeddable":true,"href":"https:\/\/centrourbano.com\/revista\/wp-json\/wp\/v2\/comments?post=118387"}],"version-history":[{"count":2,"href":"https:\/\/centrourbano.com\/revista\/wp-json\/wp\/v2\/posts\/118387\/revisions"}],"predecessor-version":[{"id":118443,"href":"https:\/\/centrourbano.com\/revista\/wp-json\/wp\/v2\/posts\/118387\/revisions\/118443"}],"wp:featuredmedia":[{"embeddable":true,"href":"https:\/\/centrourbano.com\/revista\/wp-json\/wp\/v2\/media\/118392"}],"wp:attachment":[{"href":"https:\/\/centrourbano.com\/revista\/wp-json\/wp\/v2\/media?parent=118387"}],"wp:term":[{"taxonomy":"category","embeddable":true,"href":"https:\/\/centrourbano.com\/revista\/wp-json\/wp\/v2\/categories?post=118387"},{"taxonomy":"post_tag","embeddable":true,"href":"https:\/\/centrourbano.com\/revista\/wp-json\/wp\/v2\/tags?post=118387"}],"curies":[{"name":"wp","href":"https:\/\/api.w.org\/{rel}","templated":true}]}}