{"id":118222,"date":"2021-06-09T14:00:14","date_gmt":"2021-06-09T19:00:14","guid":{"rendered":"https:\/\/centrourbano.com\/?p=118222"},"modified":"2021-06-09T14:52:02","modified_gmt":"2021-06-09T19:52:02","slug":"arturo-herrera-dejara-hacienda-y-sera-propuesto-para-banxico","status":"publish","type":"post","link":"https:\/\/centrourbano.com\/revista\/actualidad\/arturo-herrera-dejara-hacienda-y-sera-propuesto-para-banxico\/","title":{"rendered":"Arturo Herrera dejar\u00e1 Hacienda y ser\u00e1 propuesto para Banxico"},"content":{"rendered":"<p><em>El Presidente L\u00f3pez Obrador notific\u00f3 que Rogelio Ram\u00edrez de la O llegar\u00e1 a la Secretar\u00eda de Hacienda al relevo de Arturo Herrera<\/em><!--more--><\/p>\n<p>De cara a la segunda mitad del sexenio, el Presidente de M\u00e9xico, <strong><a href=\"https:\/\/twitter.com\/lopezobrador_\/status\/1402692845811781643\" target=\"_blank\" rel=\"noopener\">Andr\u00e9s Manuel L\u00f3pez Obrador<\/a><\/strong>, impulsar\u00e1 la llegada de un cercano al <strong>Banco de M\u00e9xico<\/strong> (<a href=\"https:\/\/centrourbano.com\/?s=Banxico\" target=\"_blank\" rel=\"noopener\">Banxico<\/a>). Y es que, este mi\u00e9rcoles, el Jefe del Ejecutivo anunci\u00f3 que propondr\u00e1 a <strong>Arturo Herrera, <\/strong>titular de la Secretar\u00eda de\u00a0Hacienda<b>,<\/b>\u00a0como gobernador del banco central, quien ser\u00e1 sustituido en la dependencia por <strong>Rogelio Ram\u00edrez de la O<\/strong>.<\/p>\n<p>A trav\u00e9s de un video difundido en redes, el Presidente L\u00f3pez Obrador se\u00f1al\u00f3 que esta decisi\u00f3n va en l\u00ednea con las intenciones del gobierno por <strong>mantener la estabilidad macroecon\u00f3mica<\/strong> \u201cy la pol\u00edtica que ha dado buenos resultados\u201d.<\/p>\n<p>\u201c\u00bfPor qu\u00e9 estos cambios? Porque queremos\u00a0<strong>en este segundo tramo del gobierno<\/strong>, despu\u00e9s de las elecciones federales, <strong>mantener la estabilidad macroecon\u00f3mica<\/strong>; queremos mantener la pol\u00edtica econ\u00f3mica que nos ha dado muy buenos resultados, porque a pesar de la pandemia, la crisis econ\u00f3mica se ha ido superando; vamos saliendo, lo hemos hecho mejor, con todo respeto, que otros pa\u00edses. Y no nos hemos endeudado que eso es important\u00edsimo. Casi todos los pa\u00edses con la pandemia recurrieron a contratar deuda\u201d, dijo.<\/p>\n<h2>Agradece trabajo de Arturo Herrera en Hacienda<\/h2>\n<p>El mandatario destac\u00f3 que el gobierno ha cumplido con el compromiso de <strong>no aumentar impuestos ni los precios de energ\u00e9ticos<\/strong>. Se\u00f1al\u00f3 que la administraci\u00f3n ha cumplido con promover un <strong>gobierno honesto y austero<\/strong>, que ha permitido generar recursos para el desarrollo.<\/p>\n<blockquote><p>\u201cHemos cumplido haciendo un gobierno austero y honesto, y esto nos ha permitido liberar muchos fondos para el desarrollo, para el bienestar. Y vamos a seguir apoyando a la gente humilde, a la gente pobre. Va aumentar la pensi\u00f3n a los adultos mayores. Van a crecer todos los programas de apoyo a la educaci\u00f3n, a la salud. Y por eso este cambio\u201d.<\/p><\/blockquote>\n<p>Por otro lado, el Presidente llam\u00f3 a que no exista <strong>nerviosismo ni incertidumbre por el cambio<\/strong>. En ese sentido, asever\u00f3, el relevo se dar\u00e1 de manera ordenada.<\/p>\n<p>Sobre el cambio en Hacienda, el Presidente agradeci\u00f3 la labor que ha desempe\u00f1ado el Secretario Arturo Herrera, y a\u00f1adi\u00f3 que <strong>Rogelio Ram\u00edrezde la O cuenta con las credenciales para el cargo<\/strong>.<\/p>\n<p>\u201cArturo Herrera ha hecho un muy buen trabajo y la agradezco su colaboraci\u00f3n. Y en la Secretar\u00eda de Hacienda llega un maestro, doctor en econom\u00eda; un hombre experimentado, serio, que me va a ayudar mucho. <strong>\u00c9l me ha apoyado desde hace muchos a\u00f1os en todo lo que tiene que ver con el manejo de la econom\u00eda<\/strong>, el c\u00f3mo hacer un gobierno eficiente, austero, sobrio y que el presupuesto le llegue de manera directa a la gente, sin intermediarios. Es un cambio para bien de nuestro pa\u00eds\u201d.<\/p>\n<h2>Presupuesto 2022<\/h2>\n<p>El Presidente L\u00f3pez Obrador hizo referencia al camino que ya comenzar\u00e1 para la elaboraci\u00f3n del <strong>Presupuesto 2021<\/strong>. Al respecto, celebr\u00f3 que en las pasadas elecciones, el <strong>Movimiento de Regeneraci\u00f3n Nacional<\/strong> (Morena) obtuvo la mayor\u00eda requerida en la C\u00e1mara de Diputados para aprobar el paquete.<\/p>\n<blockquote><p>\u201cSe necesita la mitad m\u00e1s uno, una mayor\u00eda simple,; y eso ya se logr\u00f3 el domingo pasado. Esto nos permite tener la seguridad de que vamos a contar con el presupuesto suficiente para financiar los programas de desarrollo y de bienestar; adem\u00e1s que tambi\u00e9n podremos hacer una proyecci\u00f3n de presupuesto multianual hasta el 2024. Porque en el caso de las pensiones a adultos mayores ir\u00e1n aumentando poco a poco hasta que en enero de 2024\u201d.<\/p><\/blockquote>\n<p>En ese sentido, Arturo Herrera subray\u00f3 que el Paquete Economico para el ejercicio 2021 ser\u00e1 un elemento fundamental como parte de la estrategia para <strong>dinamizar la econom\u00eda tras el impacto del Covid-19<\/strong>. En ese sentido, reconoci\u00f3 que la mejor decisi\u00f3n es que lo prepare quien lo va a ejecutar.<\/p>\n<p>\u00abEl proceso de discusiones ocaso aprobaci\u00f3n del Senado coincidir\u00e1n con la parte m\u00e1s \u00e1lgida de la preparaci\u00f3n del presupuesto y del paquete econ\u00f3mico. Me parece que siendo el paquete econ\u00f3mico que viene lo que permitir\u00e1 <strong>la salida de la econom\u00eda pospandemia<\/strong>, lo m\u00e1s correcto es que lo preparar\u00e1 quien lo va a ejecutar. Tiene sentido estoy muy contento de la llegada de Rogelio Ram\u00edrez de la O\u201d, indic\u00f3 el funcionario.<\/p>\n<h2>Momento clave<\/h2>\n<p>Sobre el tema<strong> Rogelio Ram\u00edrez reconoci\u00f3 que llega al cargo de Secretario de Hacienda<\/strong> en un momento importante, luego del impacto de la pandemia. Dijo que atender\u00e1 los encargos del presidente, entre las que destac\u00f3:<\/p>\n<ul>\n<li>Lograr un sano balance fiscal a\u00f1o con a\u00f1o hacia 2024.<\/li>\n<li>Impulsar el uso eficiente del recurso p\u00fablico.<\/li>\n<li>Caminar hacia el sano financiamiento y actualizaci\u00f3n de cuentas en el sector energ\u00e9tico.<\/li>\n<li>Concretar las oportunidades en la banca desarrollo.<\/li>\n<\/ul>\n<p>\u201c<strong>Me anima poder usar mi experiencia para apoyar el Presidente L\u00f3pez Obrador<\/strong> en el proyecto de transformaci\u00f3n que est\u00e1 avanzando; y, en este caso encaminado al fortalecimiento de la econom\u00eda, la cohesi\u00f3n social, reforzando las oportunidades para todos, pero especialmente para quienes menos tienen\u201d.<\/p>\n","protected":false},"excerpt":{"rendered":"<p>El Presidente L\u00f3pez Obrador notific\u00f3 que Rogelio Ram\u00edrez de la O llegar\u00e1 a la Secretar\u00eda de Hacienda al relevo de Arturo Herrera<\/p>\n","protected":false},"author":77,"featured_media":118223,"comment_status":"open","ping_status":"closed","sticky":false,"template":"","format":"standard","meta":{"inline_featured_image":false,"footnotes":""},"categories":[80],"tags":[10245,15948,20613,4446,483],"class_list":["post-118222","post","type-post","status-publish","format-standard","has-post-thumbnail","hentry","category-actualidad","tag-andres-manuel-lopez-obrador","tag-arturo-herrera","tag-rogelio-ramirez-de-la-o","tag-secretaria-de-hacienda-y-credito-publico","tag-shcp"],"yoast_head":"<!-- This site is optimized with the Yoast SEO plugin v28.4 - https:\/\/yoast.com\/product\/yoast-seo-wordpress\/ -->\n<title>Arturo Herrera dejar\u00e1 Hacienda y ser\u00e1 propuesto para Banxico<\/title>\n<meta name=\"description\" content=\"El Presidente L\u00f3pez Obrador se\u00f1al\u00f3 que Rogelio Ram\u00edrez de la O llegar\u00e1 a la Secretar\u00eda...Arturo Herrera dejar\u00e1 Hacienda y ser\u00e1 propuesto para\" \/>\n<meta name=\"robots\" content=\"index, follow, max-snippet:-1, max-image-preview:large, max-video-preview:-1\" \/>\n<link rel=\"canonical\" href=\"https:\/\/centrourbano.com\/revista\/actualidad\/arturo-herrera-dejara-hacienda-y-sera-propuesto-para-banxico\/\" \/>\n<meta property=\"og:locale\" content=\"es_ES\" \/>\n<meta property=\"og:type\" content=\"article\" \/>\n<meta property=\"og:title\" content=\"Arturo Herrera dejar\u00e1 Hacienda y ser\u00e1 propuesto para Banxico\" \/>\n<meta property=\"og:description\" content=\"El Presidente L\u00f3pez Obrador se\u00f1al\u00f3 que Rogelio Ram\u00edrez de la O llegar\u00e1 a la Secretar\u00eda...Arturo Herrera dejar\u00e1 Hacienda y ser\u00e1 propuesto para\" \/>\n<meta property=\"og:url\" content=\"https:\/\/centrourbano.com\/revista\/actualidad\/arturo-herrera-dejara-hacienda-y-sera-propuesto-para-banxico\/\" \/>\n<meta property=\"og:site_name\" content=\"Centro Urbano\" \/>\n<meta property=\"article:publisher\" content=\"https:\/\/www.facebook.com\/portalcentrourbano\" \/>\n<meta property=\"article:published_time\" content=\"2021-06-09T19:00:14+00:00\" \/>\n<meta property=\"article:modified_time\" content=\"2021-06-09T19:52:02+00:00\" \/>\n<meta property=\"og:image\" content=\"https:\/\/centrourbano.com\/revista\/wp-content\/uploads\/Arturo-Herrera-dejara-Hacienda-y-sera-propuesto-para-Banxico-AMLO.jpg\" \/>\n\t<meta property=\"og:image:width\" content=\"800\" \/>\n\t<meta property=\"og:image:height\" content=\"800\" \/>\n\t<meta property=\"og:image:type\" content=\"image\/jpeg\" \/>\n<meta name=\"author\" content=\"G4A\" \/>\n<meta name=\"twitter:card\" content=\"summary_large_image\" \/>\n<meta name=\"twitter:creator\" content=\"@CentroUrbano\" \/>\n<meta name=\"twitter:site\" content=\"@CentroUrbano\" \/>\n<meta name=\"twitter:label1\" content=\"Escrito por\" \/>\n\t<meta name=\"twitter:data1\" content=\"G4A\" \/>\n\t<meta name=\"twitter:label2\" content=\"Tiempo de lectura\" \/>\n\t<meta name=\"twitter:data2\" content=\"4 minutos\" \/>\n<script type=\"application\/ld+json\" class=\"yoast-schema-graph\">{\"@context\":\"https:\\\/\\\/schema.org\",\"@graph\":[{\"@type\":\"Article\",\"@id\":\"https:\\\/\\\/centrourbano.com\\\/revista\\\/actualidad\\\/arturo-herrera-dejara-hacienda-y-sera-propuesto-para-banxico\\\/#article\",\"isPartOf\":{\"@id\":\"https:\\\/\\\/centrourbano.com\\\/revista\\\/actualidad\\\/arturo-herrera-dejara-hacienda-y-sera-propuesto-para-banxico\\\/\"},\"author\":{\"name\":\"G4A\",\"@id\":\"https:\\\/\\\/centrourbano.com\\\/revista\\\/#\\\/schema\\\/person\\\/370fa0ba2d8dd5bde3fdb8b62ad360aa\"},\"headline\":\"Arturo Herrera dejar\u00e1 Hacienda y ser\u00e1 propuesto para Banxico\",\"datePublished\":\"2021-06-09T19:00:14+00:00\",\"dateModified\":\"2021-06-09T19:52:02+00:00\",\"mainEntityOfPage\":{\"@id\":\"https:\\\/\\\/centrourbano.com\\\/revista\\\/actualidad\\\/arturo-herrera-dejara-hacienda-y-sera-propuesto-para-banxico\\\/\"},\"wordCount\":890,\"commentCount\":0,\"publisher\":{\"@id\":\"https:\\\/\\\/centrourbano.com\\\/revista\\\/#organization\"},\"image\":{\"@id\":\"https:\\\/\\\/centrourbano.com\\\/revista\\\/actualidad\\\/arturo-herrera-dejara-hacienda-y-sera-propuesto-para-banxico\\\/#primaryimage\"},\"thumbnailUrl\":\"https:\\\/\\\/centrourbano.com\\\/revista\\\/wp-content\\\/uploads\\\/Arturo-Herrera-dejara-Hacienda-y-sera-propuesto-para-Banxico-AMLO.jpg\",\"keywords\":[\"Andres Manuel L\u00f3pez Obrador\",\"Arturo Herrera\",\"Rogelio Ram\u00edrez de la O\",\"Secretar\u00eda de Hacienda y Cr\u00e9dito P\u00fablico\",\"SHCP\"],\"articleSection\":[\"Actualidad\"],\"inLanguage\":\"es\"},{\"@type\":\"WebPage\",\"@id\":\"https:\\\/\\\/centrourbano.com\\\/revista\\\/actualidad\\\/arturo-herrera-dejara-hacienda-y-sera-propuesto-para-banxico\\\/\",\"url\":\"https:\\\/\\\/centrourbano.com\\\/revista\\\/actualidad\\\/arturo-herrera-dejara-hacienda-y-sera-propuesto-para-banxico\\\/\",\"name\":\"Arturo Herrera dejar\u00e1 Hacienda y ser\u00e1 propuesto para Banxico\",\"isPartOf\":{\"@id\":\"https:\\\/\\\/centrourbano.com\\\/revista\\\/#website\"},\"primaryImageOfPage\":{\"@id\":\"https:\\\/\\\/centrourbano.com\\\/revista\\\/actualidad\\\/arturo-herrera-dejara-hacienda-y-sera-propuesto-para-banxico\\\/#primaryimage\"},\"image\":{\"@id\":\"https:\\\/\\\/centrourbano.com\\\/revista\\\/actualidad\\\/arturo-herrera-dejara-hacienda-y-sera-propuesto-para-banxico\\\/#primaryimage\"},\"thumbnailUrl\":\"https:\\\/\\\/centrourbano.com\\\/revista\\\/wp-content\\\/uploads\\\/Arturo-Herrera-dejara-Hacienda-y-sera-propuesto-para-Banxico-AMLO.jpg\",\"datePublished\":\"2021-06-09T19:00:14+00:00\",\"dateModified\":\"2021-06-09T19:52:02+00:00\",\"description\":\"El Presidente L\u00f3pez Obrador se\u00f1al\u00f3 que Rogelio Ram\u00edrez de la O llegar\u00e1 a la Secretar\u00eda...Arturo Herrera dejar\u00e1 Hacienda y ser\u00e1 propuesto para\",\"breadcrumb\":{\"@id\":\"https:\\\/\\\/centrourbano.com\\\/revista\\\/actualidad\\\/arturo-herrera-dejara-hacienda-y-sera-propuesto-para-banxico\\\/#breadcrumb\"},\"inLanguage\":\"es\",\"potentialAction\":[{\"@type\":\"ReadAction\",\"target\":[\"https:\\\/\\\/centrourbano.com\\\/revista\\\/actualidad\\\/arturo-herrera-dejara-hacienda-y-sera-propuesto-para-banxico\\\/\"]}]},{\"@type\":\"ImageObject\",\"inLanguage\":\"es\",\"@id\":\"https:\\\/\\\/centrourbano.com\\\/revista\\\/actualidad\\\/arturo-herrera-dejara-hacienda-y-sera-propuesto-para-banxico\\\/#primaryimage\",\"url\":\"https:\\\/\\\/centrourbano.com\\\/revista\\\/wp-content\\\/uploads\\\/Arturo-Herrera-dejara-Hacienda-y-sera-propuesto-para-Banxico-AMLO.jpg\",\"contentUrl\":\"https:\\\/\\\/centrourbano.com\\\/revista\\\/wp-content\\\/uploads\\\/Arturo-Herrera-dejara-Hacienda-y-sera-propuesto-para-Banxico-AMLO.jpg\",\"width\":800,\"height\":800,\"caption\":\"Arturo Herrera dejar\u00e1 Hacienda y ser\u00e1 propuesto para Banxico-AMLO\"},{\"@type\":\"BreadcrumbList\",\"@id\":\"https:\\\/\\\/centrourbano.com\\\/revista\\\/actualidad\\\/arturo-herrera-dejara-hacienda-y-sera-propuesto-para-banxico\\\/#breadcrumb\",\"itemListElement\":[{\"@type\":\"ListItem\",\"position\":1,\"name\":\"Portada\",\"item\":\"https:\\\/\\\/centrourbano.com\\\/revista\\\/\"},{\"@type\":\"ListItem\",\"position\":2,\"name\":\"Arturo Herrera dejar\u00e1 Hacienda y ser\u00e1 propuesto para Banxico\"}]},{\"@type\":\"WebSite\",\"@id\":\"https:\\\/\\\/centrourbano.com\\\/revista\\\/#website\",\"url\":\"https:\\\/\\\/centrourbano.com\\\/revista\\\/\",\"name\":\"Centro Urbano\",\"description\":\"Medio especializado en los sectores vivienda, inmobiliario, construcci\u00f3n, arquitectura y urbanismo.\",\"publisher\":{\"@id\":\"https:\\\/\\\/centrourbano.com\\\/revista\\\/#organization\"},\"potentialAction\":[{\"@type\":\"SearchAction\",\"target\":{\"@type\":\"EntryPoint\",\"urlTemplate\":\"https:\\\/\\\/centrourbano.com\\\/revista\\\/?s={search_term_string}\"},\"query-input\":{\"@type\":\"PropertyValueSpecification\",\"valueRequired\":true,\"valueName\":\"search_term_string\"}}],\"inLanguage\":\"es\"},{\"@type\":\"Organization\",\"@id\":\"https:\\\/\\\/centrourbano.com\\\/revista\\\/#organization\",\"name\":\"Centro Urbano\",\"url\":\"https:\\\/\\\/centrourbano.com\\\/revista\\\/\",\"logo\":{\"@type\":\"ImageObject\",\"inLanguage\":\"es\",\"@id\":\"https:\\\/\\\/centrourbano.com\\\/revista\\\/#\\\/schema\\\/logo\\\/image\\\/\",\"url\":\"https:\\\/\\\/centrourbano.com\\\/revista\\\/wp-content\\\/uploads\\\/web_CU_logo-1.png\",\"contentUrl\":\"https:\\\/\\\/centrourbano.com\\\/revista\\\/wp-content\\\/uploads\\\/web_CU_logo-1.png\",\"width\":350,\"height\":91,\"caption\":\"Centro Urbano\"},\"image\":{\"@id\":\"https:\\\/\\\/centrourbano.com\\\/revista\\\/#\\\/schema\\\/logo\\\/image\\\/\"},\"sameAs\":[\"https:\\\/\\\/www.facebook.com\\\/portalcentrourbano\",\"https:\\\/\\\/x.com\\\/CentroUrbano\",\"https:\\\/\\\/www.instagram.com\\\/centro_urbano\\\/\",\"https:\\\/\\\/www.linkedin.com\\\/company\\\/centro-urbano\\\/\",\"http:\\\/\\\/www.youtube.com\\\/user\\\/portalcentrourbano\"]},{\"@type\":\"Person\",\"@id\":\"https:\\\/\\\/centrourbano.com\\\/revista\\\/#\\\/schema\\\/person\\\/370fa0ba2d8dd5bde3fdb8b62ad360aa\",\"name\":\"G4A\",\"image\":{\"@type\":\"ImageObject\",\"inLanguage\":\"es\",\"@id\":\"https:\\\/\\\/secure.gravatar.com\\\/avatar\\\/932a97121b13d5de5bbd8193c6c83d3b92c9eda0f39623607d4280e7a5778d97?s=96&d=mm&r=g\",\"url\":\"https:\\\/\\\/secure.gravatar.com\\\/avatar\\\/932a97121b13d5de5bbd8193c6c83d3b92c9eda0f39623607d4280e7a5778d97?s=96&d=mm&r=g\",\"contentUrl\":\"https:\\\/\\\/secure.gravatar.com\\\/avatar\\\/932a97121b13d5de5bbd8193c6c83d3b92c9eda0f39623607d4280e7a5778d97?s=96&d=mm&r=g\",\"caption\":\"G4A\"},\"url\":\"https:\\\/\\\/centrourbano.com\\\/revista\\\/author\\\/admin-g4a\\\/\"}]}<\/script>\n<!-- \/ Yoast SEO plugin. -->","yoast_head_json":{"title":"Arturo Herrera dejar\u00e1 Hacienda y ser\u00e1 propuesto para Banxico","description":"El Presidente L\u00f3pez Obrador se\u00f1al\u00f3 que Rogelio Ram\u00edrez de la O llegar\u00e1 a la Secretar\u00eda...Arturo Herrera dejar\u00e1 Hacienda y ser\u00e1 propuesto para","robots":{"index":"index","follow":"follow","max-snippet":"max-snippet:-1","max-image-preview":"max-image-preview:large","max-video-preview":"max-video-preview:-1"},"canonical":"https:\/\/centrourbano.com\/revista\/actualidad\/arturo-herrera-dejara-hacienda-y-sera-propuesto-para-banxico\/","og_locale":"es_ES","og_type":"article","og_title":"Arturo Herrera dejar\u00e1 Hacienda y ser\u00e1 propuesto para Banxico","og_description":"El Presidente L\u00f3pez Obrador se\u00f1al\u00f3 que Rogelio Ram\u00edrez de la O llegar\u00e1 a la Secretar\u00eda...Arturo Herrera dejar\u00e1 Hacienda y ser\u00e1 propuesto para","og_url":"https:\/\/centrourbano.com\/revista\/actualidad\/arturo-herrera-dejara-hacienda-y-sera-propuesto-para-banxico\/","og_site_name":"Centro Urbano","article_publisher":"https:\/\/www.facebook.com\/portalcentrourbano","article_published_time":"2021-06-09T19:00:14+00:00","article_modified_time":"2021-06-09T19:52:02+00:00","og_image":[{"width":800,"height":800,"url":"https:\/\/centrourbano.com\/revista\/wp-content\/uploads\/Arturo-Herrera-dejara-Hacienda-y-sera-propuesto-para-Banxico-AMLO.jpg","type":"image\/jpeg"}],"author":"G4A","twitter_card":"summary_large_image","twitter_creator":"@CentroUrbano","twitter_site":"@CentroUrbano","twitter_misc":{"Escrito por":"G4A","Tiempo de lectura":"4 minutos"},"schema":{"@context":"https:\/\/schema.org","@graph":[{"@type":"Article","@id":"https:\/\/centrourbano.com\/revista\/actualidad\/arturo-herrera-dejara-hacienda-y-sera-propuesto-para-banxico\/#article","isPartOf":{"@id":"https:\/\/centrourbano.com\/revista\/actualidad\/arturo-herrera-dejara-hacienda-y-sera-propuesto-para-banxico\/"},"author":{"name":"G4A","@id":"https:\/\/centrourbano.com\/revista\/#\/schema\/person\/370fa0ba2d8dd5bde3fdb8b62ad360aa"},"headline":"Arturo Herrera dejar\u00e1 Hacienda y ser\u00e1 propuesto para Banxico","datePublished":"2021-06-09T19:00:14+00:00","dateModified":"2021-06-09T19:52:02+00:00","mainEntityOfPage":{"@id":"https:\/\/centrourbano.com\/revista\/actualidad\/arturo-herrera-dejara-hacienda-y-sera-propuesto-para-banxico\/"},"wordCount":890,"commentCount":0,"publisher":{"@id":"https:\/\/centrourbano.com\/revista\/#organization"},"image":{"@id":"https:\/\/centrourbano.com\/revista\/actualidad\/arturo-herrera-dejara-hacienda-y-sera-propuesto-para-banxico\/#primaryimage"},"thumbnailUrl":"https:\/\/centrourbano.com\/revista\/wp-content\/uploads\/Arturo-Herrera-dejara-Hacienda-y-sera-propuesto-para-Banxico-AMLO.jpg","keywords":["Andres Manuel L\u00f3pez Obrador","Arturo Herrera","Rogelio Ram\u00edrez de la O","Secretar\u00eda de Hacienda y Cr\u00e9dito P\u00fablico","SHCP"],"articleSection":["Actualidad"],"inLanguage":"es"},{"@type":"WebPage","@id":"https:\/\/centrourbano.com\/revista\/actualidad\/arturo-herrera-dejara-hacienda-y-sera-propuesto-para-banxico\/","url":"https:\/\/centrourbano.com\/revista\/actualidad\/arturo-herrera-dejara-hacienda-y-sera-propuesto-para-banxico\/","name":"Arturo Herrera dejar\u00e1 Hacienda y ser\u00e1 propuesto para Banxico","isPartOf":{"@id":"https:\/\/centrourbano.com\/revista\/#website"},"primaryImageOfPage":{"@id":"https:\/\/centrourbano.com\/revista\/actualidad\/arturo-herrera-dejara-hacienda-y-sera-propuesto-para-banxico\/#primaryimage"},"image":{"@id":"https:\/\/centrourbano.com\/revista\/actualidad\/arturo-herrera-dejara-hacienda-y-sera-propuesto-para-banxico\/#primaryimage"},"thumbnailUrl":"https:\/\/centrourbano.com\/revista\/wp-content\/uploads\/Arturo-Herrera-dejara-Hacienda-y-sera-propuesto-para-Banxico-AMLO.jpg","datePublished":"2021-06-09T19:00:14+00:00","dateModified":"2021-06-09T19:52:02+00:00","description":"El Presidente L\u00f3pez Obrador se\u00f1al\u00f3 que Rogelio Ram\u00edrez de la O llegar\u00e1 a la Secretar\u00eda...Arturo Herrera dejar\u00e1 Hacienda y ser\u00e1 propuesto para","breadcrumb":{"@id":"https:\/\/centrourbano.com\/revista\/actualidad\/arturo-herrera-dejara-hacienda-y-sera-propuesto-para-banxico\/#breadcrumb"},"inLanguage":"es","potentialAction":[{"@type":"ReadAction","target":["https:\/\/centrourbano.com\/revista\/actualidad\/arturo-herrera-dejara-hacienda-y-sera-propuesto-para-banxico\/"]}]},{"@type":"ImageObject","inLanguage":"es","@id":"https:\/\/centrourbano.com\/revista\/actualidad\/arturo-herrera-dejara-hacienda-y-sera-propuesto-para-banxico\/#primaryimage","url":"https:\/\/centrourbano.com\/revista\/wp-content\/uploads\/Arturo-Herrera-dejara-Hacienda-y-sera-propuesto-para-Banxico-AMLO.jpg","contentUrl":"https:\/\/centrourbano.com\/revista\/wp-content\/uploads\/Arturo-Herrera-dejara-Hacienda-y-sera-propuesto-para-Banxico-AMLO.jpg","width":800,"height":800,"caption":"Arturo Herrera dejar\u00e1 Hacienda y ser\u00e1 propuesto para Banxico-AMLO"},{"@type":"BreadcrumbList","@id":"https:\/\/centrourbano.com\/revista\/actualidad\/arturo-herrera-dejara-hacienda-y-sera-propuesto-para-banxico\/#breadcrumb","itemListElement":[{"@type":"ListItem","position":1,"name":"Portada","item":"https:\/\/centrourbano.com\/revista\/"},{"@type":"ListItem","position":2,"name":"Arturo Herrera dejar\u00e1 Hacienda y ser\u00e1 propuesto para Banxico"}]},{"@type":"WebSite","@id":"https:\/\/centrourbano.com\/revista\/#website","url":"https:\/\/centrourbano.com\/revista\/","name":"Centro Urbano","description":"Medio especializado en los sectores vivienda, inmobiliario, construcci\u00f3n, arquitectura y urbanismo.","publisher":{"@id":"https:\/\/centrourbano.com\/revista\/#organization"},"potentialAction":[{"@type":"SearchAction","target":{"@type":"EntryPoint","urlTemplate":"https:\/\/centrourbano.com\/revista\/?s={search_term_string}"},"query-input":{"@type":"PropertyValueSpecification","valueRequired":true,"valueName":"search_term_string"}}],"inLanguage":"es"},{"@type":"Organization","@id":"https:\/\/centrourbano.com\/revista\/#organization","name":"Centro Urbano","url":"https:\/\/centrourbano.com\/revista\/","logo":{"@type":"ImageObject","inLanguage":"es","@id":"https:\/\/centrourbano.com\/revista\/#\/schema\/logo\/image\/","url":"https:\/\/centrourbano.com\/revista\/wp-content\/uploads\/web_CU_logo-1.png","contentUrl":"https:\/\/centrourbano.com\/revista\/wp-content\/uploads\/web_CU_logo-1.png","width":350,"height":91,"caption":"Centro Urbano"},"image":{"@id":"https:\/\/centrourbano.com\/revista\/#\/schema\/logo\/image\/"},"sameAs":["https:\/\/www.facebook.com\/portalcentrourbano","https:\/\/x.com\/CentroUrbano","https:\/\/www.instagram.com\/centro_urbano\/","https:\/\/www.linkedin.com\/company\/centro-urbano\/","http:\/\/www.youtube.com\/user\/portalcentrourbano"]},{"@type":"Person","@id":"https:\/\/centrourbano.com\/revista\/#\/schema\/person\/370fa0ba2d8dd5bde3fdb8b62ad360aa","name":"G4A","image":{"@type":"ImageObject","inLanguage":"es","@id":"https:\/\/secure.gravatar.com\/avatar\/932a97121b13d5de5bbd8193c6c83d3b92c9eda0f39623607d4280e7a5778d97?s=96&d=mm&r=g","url":"https:\/\/secure.gravatar.com\/avatar\/932a97121b13d5de5bbd8193c6c83d3b92c9eda0f39623607d4280e7a5778d97?s=96&d=mm&r=g","contentUrl":"https:\/\/secure.gravatar.com\/avatar\/932a97121b13d5de5bbd8193c6c83d3b92c9eda0f39623607d4280e7a5778d97?s=96&d=mm&r=g","caption":"G4A"},"url":"https:\/\/centrourbano.com\/revista\/author\/admin-g4a\/"}]}},"_links":{"self":[{"href":"https:\/\/centrourbano.com\/revista\/wp-json\/wp\/v2\/posts\/118222","targetHints":{"allow":["GET"]}}],"collection":[{"href":"https:\/\/centrourbano.com\/revista\/wp-json\/wp\/v2\/posts"}],"about":[{"href":"https:\/\/centrourbano.com\/revista\/wp-json\/wp\/v2\/types\/post"}],"author":[{"embeddable":true,"href":"https:\/\/centrourbano.com\/revista\/wp-json\/wp\/v2\/users\/77"}],"replies":[{"embeddable":true,"href":"https:\/\/centrourbano.com\/revista\/wp-json\/wp\/v2\/comments?post=118222"}],"version-history":[{"count":8,"href":"https:\/\/centrourbano.com\/revista\/wp-json\/wp\/v2\/posts\/118222\/revisions"}],"predecessor-version":[{"id":118233,"href":"https:\/\/centrourbano.com\/revista\/wp-json\/wp\/v2\/posts\/118222\/revisions\/118233"}],"wp:featuredmedia":[{"embeddable":true,"href":"https:\/\/centrourbano.com\/revista\/wp-json\/wp\/v2\/media\/118223"}],"wp:attachment":[{"href":"https:\/\/centrourbano.com\/revista\/wp-json\/wp\/v2\/media?parent=118222"}],"wp:term":[{"taxonomy":"category","embeddable":true,"href":"https:\/\/centrourbano.com\/revista\/wp-json\/wp\/v2\/categories?post=118222"},{"taxonomy":"post_tag","embeddable":true,"href":"https:\/\/centrourbano.com\/revista\/wp-json\/wp\/v2\/tags?post=118222"}],"curies":[{"name":"wp","href":"https:\/\/api.w.org\/{rel}","templated":true}]}}