{"id":1177,"date":"2013-11-26T09:04:37","date_gmt":"2013-11-26T15:04:37","guid":{"rendered":"http:\/\/centrourbano.com\/?p=1177"},"modified":"2014-03-21T12:48:19","modified_gmt":"2014-03-21T18:48:19","slug":"cerraran-parcialmente-por-obras-en-16-de-septiembre","status":"publish","type":"post","link":"https:\/\/centrourbano.com\/revista\/urbanismo\/cerraran-parcialmente-por-obras-en-16-de-septiembre\/","title":{"rendered":"Cerrar\u00e1n parcialmente por obras en 16 de septiembre"},"content":{"rendered":"<p><i>El cierre es con la finalidad de colocar reductores de velocidad en Bol\u00edvar e Isabel la Cat\u00f3lica del 24 al 30 de noviembre para terminar el proyecto de calle compartida en el Centro de la ciudad<\/i><\/p>\n<p><i><!--more--><br \/>\n<\/i><\/p>\n<p>&nbsp;<\/p>\n<p>La Autoridad del Espacio P\u00fablico (AEP) inform\u00f3 que, como parte de los trabajos de rehabilitaci\u00f3n de la calle 16 de Septiembre, habr\u00e1n dos cierres vehiculares parciales en los cruces con Bol\u00edvar, a partir del 24 al 27 de este mes, e Isabel la Cat\u00f3lica, del 27 al d\u00eda 30.<\/p>\n<p>&nbsp;<\/p>\n<p>En el caso de Bol\u00edvar, el corte al tr\u00e1nsito ser\u00e1 de las 22:00 horas del domingo 24 de noviembre hasta las 06:00 horas del mi\u00e9rcoles 27 de noviembre; mientras que en Isabel la Cat\u00f3lica ser\u00e1 del mi\u00e9rcoles 27 de noviembre de las 22:00 horas a las 06:00 horas al s\u00e1bado 30 de noviembre.<\/p>\n<p>&nbsp;<\/p>\n<p>Durante ese periodo se colocar\u00e1n reductores de velocidad en ambas intersecciones de la vialidad, que se convertir\u00e1 en la primera calle de la ciudad de M\u00e9xico de modelo compartido, donde el peat\u00f3n tendr\u00e1 la preferencia sobre el autom\u00f3vil.<\/p>\n<p>&nbsp;<\/p>\n<p>Como alternativa vial, se recomienda a los automovilistas que circulan por Bol\u00edvar, tomar 5 de Mayo hasta Palma, posteriormente seguir por Venustiano Carranza y luego dar vuelta a la derecha en 5 de Febrero con destino al sur.<\/p>\n<p>&nbsp;<\/p>\n<p>Para quienes se dirigen hacia el norte por Isabel la Cat\u00f3lica, podr\u00e1n dar vuelta a la izquierda por la calle de Uruguay hasta el Eje Central L\u00e1zaro C\u00e1rdenas para continuar a su destino.<\/p>\n<p>&nbsp;<\/p>\n<p>Para mayor informaci\u00f3n, los interesados podr\u00e1n comunicarse al n\u00famero telef\u00f3nico de la AEP 56 61 26 45 o al correo electr\u00f3nico <a href=\"mailto:proyecto16desep.aep@gmail.com\">proyecto16desep.aep@gmail.com<\/a><\/p>\n","protected":false},"excerpt":{"rendered":"<p>El cierre es con la finalidad de colocar reductores de velocidad en Bol\u00edvar e Isabel la Cat\u00f3lica del 24 al 30 de noviembre para terminar el proyecto de calle compartida en el Centro de la ciudad<\/p>\n","protected":false},"author":7,"featured_media":0,"comment_status":"open","ping_status":"closed","sticky":false,"template":"","format":"standard","meta":{"om_disable_all_campaigns":false,"inline_featured_image":false,"_monsterinsights_skip_tracking":false,"_monsterinsights_sitenote_active":false,"_monsterinsights_sitenote_note":"","_monsterinsights_sitenote_category":0,"footnotes":""},"categories":[82],"tags":[319,354,290,401],"class_list":["post-1177","post","type-post","status-publish","format-standard","hentry","category-urbanismo","tag-agu","tag-calle-16-de-septiembre","tag-ciudad-de-mexico","tag-semipeatonalizacion"],"yoast_head":"<!-- This site is optimized with the Yoast SEO plugin v27.4 - https:\/\/yoast.com\/product\/yoast-seo-wordpress\/ -->\n<title>Cerrar\u00e1n parcialmente por obras en 16 de septiembre -<\/title>\n<meta name=\"description\" content=\"El cierre es con la finalidad de colocar reductores de velocidad en Bol\u00edvar e Isabel la Cat\u00f3lica del 24 al 30 de noviembre para terminar el proyecto de\" \/>\n<meta name=\"robots\" content=\"index, follow, max-snippet:-1, max-image-preview:large, max-video-preview:-1\" \/>\n<link rel=\"canonical\" href=\"https:\/\/centrourbano.com\/revista\/urbanismo\/cerraran-parcialmente-por-obras-en-16-de-septiembre\/\" \/>\n<meta property=\"og:locale\" content=\"es_ES\" \/>\n<meta property=\"og:type\" content=\"article\" \/>\n<meta property=\"og:title\" content=\"Cerrar\u00e1n parcialmente por obras en 16 de septiembre -\" \/>\n<meta property=\"og:description\" content=\"El cierre es con la finalidad de colocar reductores de velocidad en Bol\u00edvar e Isabel la Cat\u00f3lica del 24 al 30 de noviembre para terminar el proyecto de\" \/>\n<meta property=\"og:url\" content=\"https:\/\/centrourbano.com\/revista\/urbanismo\/cerraran-parcialmente-por-obras-en-16-de-septiembre\/\" \/>\n<meta property=\"og:site_name\" content=\"Centro Urbano\" \/>\n<meta property=\"article:publisher\" content=\"https:\/\/www.facebook.com\/portalcentrourbano\" \/>\n<meta property=\"article:published_time\" content=\"2013-11-26T15:04:37+00:00\" \/>\n<meta property=\"article:modified_time\" content=\"2014-03-21T18:48:19+00:00\" \/>\n<meta property=\"og:image\" content=\"https:\/\/centrourbano.com\/revista\/wp-content\/uploads\/CU-logo.png\" \/>\n\t<meta property=\"og:image:width\" content=\"350\" \/>\n\t<meta property=\"og:image:height\" content=\"91\" \/>\n\t<meta property=\"og:image:type\" content=\"image\/png\" \/>\n<meta name=\"author\" content=\"Yuriko Barrera\" \/>\n<meta name=\"twitter:card\" content=\"summary_large_image\" \/>\n<meta name=\"twitter:creator\" content=\"@CentroUrbano\" \/>\n<meta name=\"twitter:site\" content=\"@CentroUrbano\" \/>\n<meta name=\"twitter:label1\" content=\"Escrito por\" \/>\n\t<meta name=\"twitter:data1\" content=\"Yuriko Barrera\" \/>\n\t<meta name=\"twitter:label2\" content=\"Tiempo de lectura\" \/>\n\t<meta name=\"twitter:data2\" content=\"1 minuto\" \/>\n<script type=\"application\/ld+json\" class=\"yoast-schema-graph\">{\"@context\":\"https:\\\/\\\/schema.org\",\"@graph\":[{\"@type\":\"Article\",\"@id\":\"https:\\\/\\\/centrourbano.com\\\/revista\\\/urbanismo\\\/cerraran-parcialmente-por-obras-en-16-de-septiembre\\\/#article\",\"isPartOf\":{\"@id\":\"https:\\\/\\\/centrourbano.com\\\/revista\\\/urbanismo\\\/cerraran-parcialmente-por-obras-en-16-de-septiembre\\\/\"},\"author\":{\"name\":\"Yuriko Barrera\",\"@id\":\"https:\\\/\\\/centrourbano.com\\\/revista\\\/#\\\/schema\\\/person\\\/c5bbb779a2487874e965890c32543e7c\"},\"headline\":\"Cerrar\u00e1n parcialmente por obras en 16 de septiembre\",\"datePublished\":\"2013-11-26T15:04:37+00:00\",\"dateModified\":\"2014-03-21T18:48:19+00:00\",\"mainEntityOfPage\":{\"@id\":\"https:\\\/\\\/centrourbano.com\\\/revista\\\/urbanismo\\\/cerraran-parcialmente-por-obras-en-16-de-septiembre\\\/\"},\"wordCount\":294,\"commentCount\":0,\"publisher\":{\"@id\":\"https:\\\/\\\/centrourbano.com\\\/revista\\\/#organization\"},\"keywords\":[\"AGU\",\"Calle 16 de septiembre\",\"ciudad de M\u00e9xico\",\"semipeatonalizaci\u00f3n\"],\"articleSection\":[\"Urbanismo\"],\"inLanguage\":\"es\",\"potentialAction\":[{\"@type\":\"CommentAction\",\"name\":\"Comment\",\"target\":[\"https:\\\/\\\/centrourbano.com\\\/revista\\\/urbanismo\\\/cerraran-parcialmente-por-obras-en-16-de-septiembre\\\/#respond\"]}]},{\"@type\":\"WebPage\",\"@id\":\"https:\\\/\\\/centrourbano.com\\\/revista\\\/urbanismo\\\/cerraran-parcialmente-por-obras-en-16-de-septiembre\\\/\",\"url\":\"https:\\\/\\\/centrourbano.com\\\/revista\\\/urbanismo\\\/cerraran-parcialmente-por-obras-en-16-de-septiembre\\\/\",\"name\":\"Cerrar\u00e1n parcialmente por obras en 16 de septiembre -\",\"isPartOf\":{\"@id\":\"https:\\\/\\\/centrourbano.com\\\/revista\\\/#website\"},\"datePublished\":\"2013-11-26T15:04:37+00:00\",\"dateModified\":\"2014-03-21T18:48:19+00:00\",\"description\":\"El cierre es con la finalidad de colocar reductores de velocidad en Bol\u00edvar e Isabel la Cat\u00f3lica del 24 al 30 de noviembre para terminar el proyecto de\",\"breadcrumb\":{\"@id\":\"https:\\\/\\\/centrourbano.com\\\/revista\\\/urbanismo\\\/cerraran-parcialmente-por-obras-en-16-de-septiembre\\\/#breadcrumb\"},\"inLanguage\":\"es\",\"potentialAction\":[{\"@type\":\"ReadAction\",\"target\":[\"https:\\\/\\\/centrourbano.com\\\/revista\\\/urbanismo\\\/cerraran-parcialmente-por-obras-en-16-de-septiembre\\\/\"]}]},{\"@type\":\"BreadcrumbList\",\"@id\":\"https:\\\/\\\/centrourbano.com\\\/revista\\\/urbanismo\\\/cerraran-parcialmente-por-obras-en-16-de-septiembre\\\/#breadcrumb\",\"itemListElement\":[{\"@type\":\"ListItem\",\"position\":1,\"name\":\"Portada\",\"item\":\"https:\\\/\\\/centrourbano.com\\\/revista\\\/\"},{\"@type\":\"ListItem\",\"position\":2,\"name\":\"Cerrar\u00e1n parcialmente por obras en 16 de septiembre\"}]},{\"@type\":\"WebSite\",\"@id\":\"https:\\\/\\\/centrourbano.com\\\/revista\\\/#website\",\"url\":\"https:\\\/\\\/centrourbano.com\\\/revista\\\/\",\"name\":\"Centro Urbano\",\"description\":\"Medio especializado en los sectores vivienda, inmobiliario, construcci\u00f3n, arquitectura y urbanismo.\",\"publisher\":{\"@id\":\"https:\\\/\\\/centrourbano.com\\\/revista\\\/#organization\"},\"potentialAction\":[{\"@type\":\"SearchAction\",\"target\":{\"@type\":\"EntryPoint\",\"urlTemplate\":\"https:\\\/\\\/centrourbano.com\\\/revista\\\/?s={search_term_string}\"},\"query-input\":{\"@type\":\"PropertyValueSpecification\",\"valueRequired\":true,\"valueName\":\"search_term_string\"}}],\"inLanguage\":\"es\"},{\"@type\":\"Organization\",\"@id\":\"https:\\\/\\\/centrourbano.com\\\/revista\\\/#organization\",\"name\":\"Centro Urbano\",\"url\":\"https:\\\/\\\/centrourbano.com\\\/revista\\\/\",\"logo\":{\"@type\":\"ImageObject\",\"inLanguage\":\"es\",\"@id\":\"https:\\\/\\\/centrourbano.com\\\/revista\\\/#\\\/schema\\\/logo\\\/image\\\/\",\"url\":\"https:\\\/\\\/centrourbano.com\\\/revista\\\/wp-content\\\/uploads\\\/web_CU_logo-1.png\",\"contentUrl\":\"https:\\\/\\\/centrourbano.com\\\/revista\\\/wp-content\\\/uploads\\\/web_CU_logo-1.png\",\"width\":350,\"height\":91,\"caption\":\"Centro Urbano\"},\"image\":{\"@id\":\"https:\\\/\\\/centrourbano.com\\\/revista\\\/#\\\/schema\\\/logo\\\/image\\\/\"},\"sameAs\":[\"https:\\\/\\\/www.facebook.com\\\/portalcentrourbano\",\"https:\\\/\\\/x.com\\\/CentroUrbano\",\"https:\\\/\\\/www.instagram.com\\\/centro_urbano\\\/\",\"https:\\\/\\\/www.linkedin.com\\\/company\\\/centro-urbano\\\/\",\"http:\\\/\\\/www.youtube.com\\\/user\\\/portalcentrourbano\"]},{\"@type\":\"Person\",\"@id\":\"https:\\\/\\\/centrourbano.com\\\/revista\\\/#\\\/schema\\\/person\\\/c5bbb779a2487874e965890c32543e7c\",\"name\":\"Yuriko Barrera\",\"image\":{\"@type\":\"ImageObject\",\"inLanguage\":\"es\",\"@id\":\"https:\\\/\\\/secure.gravatar.com\\\/avatar\\\/134d0d2b59080428f5a714c59baa8306f3f3d3a3083bd6efeff035d884a8bf97?s=96&d=mm&r=g\",\"url\":\"https:\\\/\\\/secure.gravatar.com\\\/avatar\\\/134d0d2b59080428f5a714c59baa8306f3f3d3a3083bd6efeff035d884a8bf97?s=96&d=mm&r=g\",\"contentUrl\":\"https:\\\/\\\/secure.gravatar.com\\\/avatar\\\/134d0d2b59080428f5a714c59baa8306f3f3d3a3083bd6efeff035d884a8bf97?s=96&d=mm&r=g\",\"caption\":\"Yuriko Barrera\"},\"description\":\"Egresada de la Facultad de Ciencias Pol\u00edticas y Sociales de la UNAM. Boxeadora, tragona, cocinera y bailadora. Gusto de las m\u00e1scaras t\u00e9tricas, los cuervos, el cine de terror y la m\u00fasica. Escribo en mi blog, Me divierto con lo que hago. Reportera porque amo y twittera porque quiero.\",\"url\":\"https:\\\/\\\/centrourbano.com\\\/revista\\\/author\\\/yuriko-barrera\\\/\"}]}<\/script>\n<!-- \/ Yoast SEO plugin. -->","yoast_head_json":{"title":"Cerrar\u00e1n parcialmente por obras en 16 de septiembre -","description":"El cierre es con la finalidad de colocar reductores de velocidad en Bol\u00edvar e Isabel la Cat\u00f3lica del 24 al 30 de noviembre para terminar el proyecto de","robots":{"index":"index","follow":"follow","max-snippet":"max-snippet:-1","max-image-preview":"max-image-preview:large","max-video-preview":"max-video-preview:-1"},"canonical":"https:\/\/centrourbano.com\/revista\/urbanismo\/cerraran-parcialmente-por-obras-en-16-de-septiembre\/","og_locale":"es_ES","og_type":"article","og_title":"Cerrar\u00e1n parcialmente por obras en 16 de septiembre -","og_description":"El cierre es con la finalidad de colocar reductores de velocidad en Bol\u00edvar e Isabel la Cat\u00f3lica del 24 al 30 de noviembre para terminar el proyecto de","og_url":"https:\/\/centrourbano.com\/revista\/urbanismo\/cerraran-parcialmente-por-obras-en-16-de-septiembre\/","og_site_name":"Centro Urbano","article_publisher":"https:\/\/www.facebook.com\/portalcentrourbano","article_published_time":"2013-11-26T15:04:37+00:00","article_modified_time":"2014-03-21T18:48:19+00:00","og_image":[{"width":350,"height":91,"url":"https:\/\/centrourbano.com\/revista\/wp-content\/uploads\/CU-logo.png","type":"image\/png"}],"author":"Yuriko Barrera","twitter_card":"summary_large_image","twitter_creator":"@CentroUrbano","twitter_site":"@CentroUrbano","twitter_misc":{"Escrito por":"Yuriko Barrera","Tiempo de lectura":"1 minuto"},"schema":{"@context":"https:\/\/schema.org","@graph":[{"@type":"Article","@id":"https:\/\/centrourbano.com\/revista\/urbanismo\/cerraran-parcialmente-por-obras-en-16-de-septiembre\/#article","isPartOf":{"@id":"https:\/\/centrourbano.com\/revista\/urbanismo\/cerraran-parcialmente-por-obras-en-16-de-septiembre\/"},"author":{"name":"Yuriko Barrera","@id":"https:\/\/centrourbano.com\/revista\/#\/schema\/person\/c5bbb779a2487874e965890c32543e7c"},"headline":"Cerrar\u00e1n parcialmente por obras en 16 de septiembre","datePublished":"2013-11-26T15:04:37+00:00","dateModified":"2014-03-21T18:48:19+00:00","mainEntityOfPage":{"@id":"https:\/\/centrourbano.com\/revista\/urbanismo\/cerraran-parcialmente-por-obras-en-16-de-septiembre\/"},"wordCount":294,"commentCount":0,"publisher":{"@id":"https:\/\/centrourbano.com\/revista\/#organization"},"keywords":["AGU","Calle 16 de septiembre","ciudad de M\u00e9xico","semipeatonalizaci\u00f3n"],"articleSection":["Urbanismo"],"inLanguage":"es","potentialAction":[{"@type":"CommentAction","name":"Comment","target":["https:\/\/centrourbano.com\/revista\/urbanismo\/cerraran-parcialmente-por-obras-en-16-de-septiembre\/#respond"]}]},{"@type":"WebPage","@id":"https:\/\/centrourbano.com\/revista\/urbanismo\/cerraran-parcialmente-por-obras-en-16-de-septiembre\/","url":"https:\/\/centrourbano.com\/revista\/urbanismo\/cerraran-parcialmente-por-obras-en-16-de-septiembre\/","name":"Cerrar\u00e1n parcialmente por obras en 16 de septiembre -","isPartOf":{"@id":"https:\/\/centrourbano.com\/revista\/#website"},"datePublished":"2013-11-26T15:04:37+00:00","dateModified":"2014-03-21T18:48:19+00:00","description":"El cierre es con la finalidad de colocar reductores de velocidad en Bol\u00edvar e Isabel la Cat\u00f3lica del 24 al 30 de noviembre para terminar el proyecto de","breadcrumb":{"@id":"https:\/\/centrourbano.com\/revista\/urbanismo\/cerraran-parcialmente-por-obras-en-16-de-septiembre\/#breadcrumb"},"inLanguage":"es","potentialAction":[{"@type":"ReadAction","target":["https:\/\/centrourbano.com\/revista\/urbanismo\/cerraran-parcialmente-por-obras-en-16-de-septiembre\/"]}]},{"@type":"BreadcrumbList","@id":"https:\/\/centrourbano.com\/revista\/urbanismo\/cerraran-parcialmente-por-obras-en-16-de-septiembre\/#breadcrumb","itemListElement":[{"@type":"ListItem","position":1,"name":"Portada","item":"https:\/\/centrourbano.com\/revista\/"},{"@type":"ListItem","position":2,"name":"Cerrar\u00e1n parcialmente por obras en 16 de septiembre"}]},{"@type":"WebSite","@id":"https:\/\/centrourbano.com\/revista\/#website","url":"https:\/\/centrourbano.com\/revista\/","name":"Centro Urbano","description":"Medio especializado en los sectores vivienda, inmobiliario, construcci\u00f3n, arquitectura y urbanismo.","publisher":{"@id":"https:\/\/centrourbano.com\/revista\/#organization"},"potentialAction":[{"@type":"SearchAction","target":{"@type":"EntryPoint","urlTemplate":"https:\/\/centrourbano.com\/revista\/?s={search_term_string}"},"query-input":{"@type":"PropertyValueSpecification","valueRequired":true,"valueName":"search_term_string"}}],"inLanguage":"es"},{"@type":"Organization","@id":"https:\/\/centrourbano.com\/revista\/#organization","name":"Centro Urbano","url":"https:\/\/centrourbano.com\/revista\/","logo":{"@type":"ImageObject","inLanguage":"es","@id":"https:\/\/centrourbano.com\/revista\/#\/schema\/logo\/image\/","url":"https:\/\/centrourbano.com\/revista\/wp-content\/uploads\/web_CU_logo-1.png","contentUrl":"https:\/\/centrourbano.com\/revista\/wp-content\/uploads\/web_CU_logo-1.png","width":350,"height":91,"caption":"Centro Urbano"},"image":{"@id":"https:\/\/centrourbano.com\/revista\/#\/schema\/logo\/image\/"},"sameAs":["https:\/\/www.facebook.com\/portalcentrourbano","https:\/\/x.com\/CentroUrbano","https:\/\/www.instagram.com\/centro_urbano\/","https:\/\/www.linkedin.com\/company\/centro-urbano\/","http:\/\/www.youtube.com\/user\/portalcentrourbano"]},{"@type":"Person","@id":"https:\/\/centrourbano.com\/revista\/#\/schema\/person\/c5bbb779a2487874e965890c32543e7c","name":"Yuriko Barrera","image":{"@type":"ImageObject","inLanguage":"es","@id":"https:\/\/secure.gravatar.com\/avatar\/134d0d2b59080428f5a714c59baa8306f3f3d3a3083bd6efeff035d884a8bf97?s=96&d=mm&r=g","url":"https:\/\/secure.gravatar.com\/avatar\/134d0d2b59080428f5a714c59baa8306f3f3d3a3083bd6efeff035d884a8bf97?s=96&d=mm&r=g","contentUrl":"https:\/\/secure.gravatar.com\/avatar\/134d0d2b59080428f5a714c59baa8306f3f3d3a3083bd6efeff035d884a8bf97?s=96&d=mm&r=g","caption":"Yuriko Barrera"},"description":"Egresada de la Facultad de Ciencias Pol\u00edticas y Sociales de la UNAM. Boxeadora, tragona, cocinera y bailadora. Gusto de las m\u00e1scaras t\u00e9tricas, los cuervos, el cine de terror y la m\u00fasica. Escribo en mi blog, Me divierto con lo que hago. Reportera porque amo y twittera porque quiero.","url":"https:\/\/centrourbano.com\/revista\/author\/yuriko-barrera\/"}]}},"_links":{"self":[{"href":"https:\/\/centrourbano.com\/revista\/wp-json\/wp\/v2\/posts\/1177","targetHints":{"allow":["GET"]}}],"collection":[{"href":"https:\/\/centrourbano.com\/revista\/wp-json\/wp\/v2\/posts"}],"about":[{"href":"https:\/\/centrourbano.com\/revista\/wp-json\/wp\/v2\/types\/post"}],"author":[{"embeddable":true,"href":"https:\/\/centrourbano.com\/revista\/wp-json\/wp\/v2\/users\/7"}],"replies":[{"embeddable":true,"href":"https:\/\/centrourbano.com\/revista\/wp-json\/wp\/v2\/comments?post=1177"}],"version-history":[{"count":0,"href":"https:\/\/centrourbano.com\/revista\/wp-json\/wp\/v2\/posts\/1177\/revisions"}],"wp:attachment":[{"href":"https:\/\/centrourbano.com\/revista\/wp-json\/wp\/v2\/media?parent=1177"}],"wp:term":[{"taxonomy":"category","embeddable":true,"href":"https:\/\/centrourbano.com\/revista\/wp-json\/wp\/v2\/categories?post=1177"},{"taxonomy":"post_tag","embeddable":true,"href":"https:\/\/centrourbano.com\/revista\/wp-json\/wp\/v2\/tags?post=1177"}],"curies":[{"name":"wp","href":"https:\/\/api.w.org\/{rel}","templated":true}]}}