{"id":117188,"date":"2021-05-19T20:20:03","date_gmt":"2021-05-20T01:20:03","guid":{"rendered":"https:\/\/centrourbano.com\/?p=117188"},"modified":"2021-05-19T20:20:03","modified_gmt":"2021-05-20T01:20:03","slug":"vivienda-y-planeacion","status":"publish","type":"post","link":"https:\/\/centrourbano.com\/revista\/opinion\/blog-de-invitado\/vivienda-y-planeacion\/","title":{"rendered":"Vivienda y Planeaci\u00f3n"},"content":{"rendered":"<p><strong>Por Rom\u00e1n Meyer Falc\u00f3n*<\/strong><!--more--><\/p>\n<p>El diagn\u00f3stico de la situaci\u00f3n de vivienda a nivel nacional en M\u00e9xico se\u00f1ala que alrededor de 9 millones de viviendas presentan alg\u00fan d\u00e9ficit como hacinamiento, falta de servicios b\u00e1sicos y carencias de los materiales de construcci\u00f3n, especialmente en el centro y sur del pa\u00eds.<\/p>\n<p>Lo anterior, se deriva de pol\u00edticas de vivienda que incentivaban la construcci\u00f3n masiva sin concentrarse en la demanda de vivienda social a tal punto que hoy en d\u00eda existen 650 mil viviendas abandonadas a nivel nacional.<\/p>\n<p>La anterior pol\u00edtica ha llevado a grandes problemas en materia de desarrollo econ\u00f3mico y seguridad. Tambi\u00e9n hemos visto que en las \u00faltimas d\u00e9cadas nos hemos expandido 2.5 veces m\u00e1s r\u00e1pido en comparaci\u00f3n al crecimiento poblacional que hemos tenido. La gran mayor\u00eda de la poblaci\u00f3n mexicana dedica mucho tiempo en trasladarse de su casa a sus centros de trabajo, por encima de 60 minutos es el est\u00e1ndar nacional.<\/p>\n<p>Para combatir estos grandes problemas, hemos desarrollado pol\u00edticas p\u00fablicas que atiendan las necesidades puntuales en materia de vivienda con \u00e9nfasis en la autoproducci\u00f3n asistida. Hemos hecho modificaciones a diferentes leyes para que la gran mayor\u00eda de las mexicanas y los mexicanos, puedan tener cr\u00e9ditos accesibles, econ\u00f3micos y seguros para que puedan llevar a cabo\u00a0 modificaciones o ampliaciones en las viviendas que actualmente habitan y con ello incrementar la calidad de vida de la mayor\u00eda de los mexicanos.<\/p>\n<p>Otro de los puntos fundamentales que llevamos a cabo es el tema de la planeaci\u00f3n y del ordenamiento territorial a nivel nacional, para nosotros es un tema de seguridad nacional, el poder contar con los instrumentos desde el gobierno federal, gobiernos municipales y estatales.<\/p>\n<p>M\u00e9xico est\u00e1 conformado por m\u00e1s de 2 mil 500 municipios, de los cuales el 90 por ciento no tienen o no han actualizado sus instrumentos de planeaci\u00f3n, debido a ello, hemos implementado diferentes acciones, por ejemplo, estamos elaborando el Sistema \u00danico Territorial Urbano, una plataforma que dar\u00e1 los instrumentos b\u00e1sicos en materia de cartograf\u00eda y planeaci\u00f3n a los gobiernos municipales, para que de forma propia y con un apoyo t\u00e9cnico y de colaboraci\u00f3n, puedan actualizar y poner en marcha sus instrumentos de planeaci\u00f3n.\u00a0 Le apostamos a fomentar los cuerpos t\u00e9cnicos a nivel local, porque sabemos que las soluciones no se encuentran a nivel federal, sino a nivel local, son los gobiernos locales con quienes tenemos que colaborar de forma conjunta.<\/p>\n<p>Estos dos temas, una pol\u00edtica de vivienda m\u00e1s accesible, m\u00e1s segura, m\u00e1s puntual para atender las necesidades de las y los mexicanos y el tema de planeaci\u00f3n, son los dos ejes fundamentales con los cuales estamos trabajando a nivel federal.<\/p>\n<p>&nbsp;<\/p>\n<p><em>Mensaje pronunciado durante el Foro de Vivienda y Habitat 2021, organizado por ONU-Habitat, UHPH, H\u00e1bitat para la Humanidad, y colaboraron ONU H y Cities Alliance<\/em><\/p>\n<p><!--more--><\/p>\n<p style=\"text-align: right;\"><strong>Rom\u00e1n Meyer Falc\u00f3n<\/strong><\/p>\n<p style=\"text-align: right;\"><strong>Secretario de Desarrollo Agrario, Territorial y Urbano<\/strong><\/p>\n<p style=\"text-align: right;\"><strong>Gobierno de M\u00e9xico<\/strong><\/p>\n","protected":false},"excerpt":{"rendered":"<p>Por Rom\u00e1n Meyer Falc\u00f3n*<\/p>\n","protected":false},"author":79,"featured_media":117190,"comment_status":"open","ping_status":"closed","sticky":false,"template":"","format":"standard","meta":{"om_disable_all_campaigns":false,"inline_featured_image":false,"_monsterinsights_skip_tracking":false,"_monsterinsights_sitenote_active":false,"_monsterinsights_sitenote_note":"","_monsterinsights_sitenote_category":0,"footnotes":""},"categories":[242,5,82,12],"tags":[901,13493,20513,60,553],"class_list":["post-117188","post","type-post","status-publish","format-standard","has-post-thumbnail","hentry","category-blog-de-invitado","category-opinion","category-urbanismo","category-vivienda","tag-planeacion","tag-roman-meyer-falcon","tag-sistema-unico-territorial-urbano","tag-vivienda-2","tag-vivienda-social"],"yoast_head":"<!-- This site is optimized with the Yoast SEO plugin v27.4 - https:\/\/yoast.com\/product\/yoast-seo-wordpress\/ -->\n<title>Vivienda y Planeaci\u00f3n<\/title>\n<meta name=\"description\" content=\"Por Rom\u00e1n Meyer Falc\u00f3n* El diagn\u00f3stico de la situaci\u00f3n de vivienda a nivel nacional en M\u00e9xico se\u00f1ala que alrededor de 9 millones de viviendas presentan\" \/>\n<meta name=\"robots\" content=\"index, follow, max-snippet:-1, max-image-preview:large, max-video-preview:-1\" \/>\n<link rel=\"canonical\" href=\"https:\/\/centrourbano.com\/revista\/opinion\/blog-de-invitado\/vivienda-y-planeacion\/\" \/>\n<meta property=\"og:locale\" content=\"es_ES\" \/>\n<meta property=\"og:type\" content=\"article\" \/>\n<meta property=\"og:title\" content=\"Vivienda y Planeaci\u00f3n\" \/>\n<meta property=\"og:description\" content=\"Por Rom\u00e1n Meyer Falc\u00f3n* El diagn\u00f3stico de la situaci\u00f3n de vivienda a nivel nacional en M\u00e9xico se\u00f1ala que alrededor de 9 millones de viviendas presentan\" \/>\n<meta property=\"og:url\" content=\"https:\/\/centrourbano.com\/revista\/opinion\/blog-de-invitado\/vivienda-y-planeacion\/\" \/>\n<meta property=\"og:site_name\" content=\"Centro Urbano\" \/>\n<meta property=\"article:publisher\" content=\"https:\/\/www.facebook.com\/portalcentrourbano\" \/>\n<meta property=\"article:published_time\" content=\"2021-05-20T01:20:03+00:00\" \/>\n<meta property=\"og:image\" content=\"https:\/\/centrourbano.com\/revista\/wp-content\/uploads\/Vivienda-y-Planeacio\u0301n-e1621473493879.jpeg\" \/>\n\t<meta property=\"og:image:width\" content=\"972\" \/>\n\t<meta property=\"og:image:height\" content=\"848\" \/>\n\t<meta property=\"og:image:type\" content=\"image\/jpeg\" \/>\n<meta name=\"author\" content=\"Columnista invitado\" \/>\n<meta name=\"twitter:card\" content=\"summary_large_image\" \/>\n<meta name=\"twitter:creator\" content=\"@CentroUrbano\" \/>\n<meta name=\"twitter:site\" content=\"@CentroUrbano\" \/>\n<meta name=\"twitter:label1\" content=\"Escrito por\" \/>\n\t<meta name=\"twitter:data1\" content=\"Columnista invitado\" \/>\n\t<meta name=\"twitter:label2\" content=\"Tiempo de lectura\" \/>\n\t<meta name=\"twitter:data2\" content=\"3 minutos\" \/>\n<script type=\"application\/ld+json\" class=\"yoast-schema-graph\">{\"@context\":\"https:\\\/\\\/schema.org\",\"@graph\":[{\"@type\":\"Article\",\"@id\":\"https:\\\/\\\/centrourbano.com\\\/revista\\\/opinion\\\/blog-de-invitado\\\/vivienda-y-planeacion\\\/#article\",\"isPartOf\":{\"@id\":\"https:\\\/\\\/centrourbano.com\\\/revista\\\/opinion\\\/blog-de-invitado\\\/vivienda-y-planeacion\\\/\"},\"author\":{\"name\":\"Columnista invitado\",\"@id\":\"https:\\\/\\\/centrourbano.com\\\/revista\\\/#\\\/schema\\\/person\\\/e6418535cf1773eb361a8547aef500f5\"},\"headline\":\"Vivienda y Planeaci\u00f3n\",\"datePublished\":\"2021-05-20T01:20:03+00:00\",\"mainEntityOfPage\":{\"@id\":\"https:\\\/\\\/centrourbano.com\\\/revista\\\/opinion\\\/blog-de-invitado\\\/vivienda-y-planeacion\\\/\"},\"wordCount\":518,\"commentCount\":0,\"publisher\":{\"@id\":\"https:\\\/\\\/centrourbano.com\\\/revista\\\/#organization\"},\"image\":{\"@id\":\"https:\\\/\\\/centrourbano.com\\\/revista\\\/opinion\\\/blog-de-invitado\\\/vivienda-y-planeacion\\\/#primaryimage\"},\"thumbnailUrl\":\"https:\\\/\\\/centrourbano.com\\\/revista\\\/wp-content\\\/uploads\\\/Vivienda-y-Planeacio\u0301n-e1621473493879.jpeg\",\"keywords\":[\"Planeaci\u00f3n\",\"Rom\u00e1n Meyer Falc\u00f3n\",\"Sistema \u00danico Territorial Urbano\",\"vivienda\",\"Vivienda social\"],\"articleSection\":[\"En la opini\u00f3n de\",\"Opini\u00f3n\",\"Urbanismo\",\"Vivienda\"],\"inLanguage\":\"es\",\"potentialAction\":[{\"@type\":\"CommentAction\",\"name\":\"Comment\",\"target\":[\"https:\\\/\\\/centrourbano.com\\\/revista\\\/opinion\\\/blog-de-invitado\\\/vivienda-y-planeacion\\\/#respond\"]}]},{\"@type\":\"WebPage\",\"@id\":\"https:\\\/\\\/centrourbano.com\\\/revista\\\/opinion\\\/blog-de-invitado\\\/vivienda-y-planeacion\\\/\",\"url\":\"https:\\\/\\\/centrourbano.com\\\/revista\\\/opinion\\\/blog-de-invitado\\\/vivienda-y-planeacion\\\/\",\"name\":\"Vivienda y Planeaci\u00f3n\",\"isPartOf\":{\"@id\":\"https:\\\/\\\/centrourbano.com\\\/revista\\\/#website\"},\"primaryImageOfPage\":{\"@id\":\"https:\\\/\\\/centrourbano.com\\\/revista\\\/opinion\\\/blog-de-invitado\\\/vivienda-y-planeacion\\\/#primaryimage\"},\"image\":{\"@id\":\"https:\\\/\\\/centrourbano.com\\\/revista\\\/opinion\\\/blog-de-invitado\\\/vivienda-y-planeacion\\\/#primaryimage\"},\"thumbnailUrl\":\"https:\\\/\\\/centrourbano.com\\\/revista\\\/wp-content\\\/uploads\\\/Vivienda-y-Planeacio\u0301n-e1621473493879.jpeg\",\"datePublished\":\"2021-05-20T01:20:03+00:00\",\"description\":\"Por Rom\u00e1n Meyer Falc\u00f3n* El diagn\u00f3stico de la situaci\u00f3n de vivienda a nivel nacional en M\u00e9xico se\u00f1ala que alrededor de 9 millones de viviendas presentan\",\"breadcrumb\":{\"@id\":\"https:\\\/\\\/centrourbano.com\\\/revista\\\/opinion\\\/blog-de-invitado\\\/vivienda-y-planeacion\\\/#breadcrumb\"},\"inLanguage\":\"es\",\"potentialAction\":[{\"@type\":\"ReadAction\",\"target\":[\"https:\\\/\\\/centrourbano.com\\\/revista\\\/opinion\\\/blog-de-invitado\\\/vivienda-y-planeacion\\\/\"]}]},{\"@type\":\"ImageObject\",\"inLanguage\":\"es\",\"@id\":\"https:\\\/\\\/centrourbano.com\\\/revista\\\/opinion\\\/blog-de-invitado\\\/vivienda-y-planeacion\\\/#primaryimage\",\"url\":\"https:\\\/\\\/centrourbano.com\\\/revista\\\/wp-content\\\/uploads\\\/Vivienda-y-Planeacio\u0301n-e1621473493879.jpeg\",\"contentUrl\":\"https:\\\/\\\/centrourbano.com\\\/revista\\\/wp-content\\\/uploads\\\/Vivienda-y-Planeacio\u0301n-e1621473493879.jpeg\",\"width\":972,\"height\":848},{\"@type\":\"BreadcrumbList\",\"@id\":\"https:\\\/\\\/centrourbano.com\\\/revista\\\/opinion\\\/blog-de-invitado\\\/vivienda-y-planeacion\\\/#breadcrumb\",\"itemListElement\":[{\"@type\":\"ListItem\",\"position\":1,\"name\":\"Portada\",\"item\":\"https:\\\/\\\/centrourbano.com\\\/revista\\\/\"},{\"@type\":\"ListItem\",\"position\":2,\"name\":\"Vivienda y Planeaci\u00f3n\"}]},{\"@type\":\"WebSite\",\"@id\":\"https:\\\/\\\/centrourbano.com\\\/revista\\\/#website\",\"url\":\"https:\\\/\\\/centrourbano.com\\\/revista\\\/\",\"name\":\"Centro Urbano\",\"description\":\"Medio especializado en los sectores vivienda, inmobiliario, construcci\u00f3n, arquitectura y urbanismo.\",\"publisher\":{\"@id\":\"https:\\\/\\\/centrourbano.com\\\/revista\\\/#organization\"},\"potentialAction\":[{\"@type\":\"SearchAction\",\"target\":{\"@type\":\"EntryPoint\",\"urlTemplate\":\"https:\\\/\\\/centrourbano.com\\\/revista\\\/?s={search_term_string}\"},\"query-input\":{\"@type\":\"PropertyValueSpecification\",\"valueRequired\":true,\"valueName\":\"search_term_string\"}}],\"inLanguage\":\"es\"},{\"@type\":\"Organization\",\"@id\":\"https:\\\/\\\/centrourbano.com\\\/revista\\\/#organization\",\"name\":\"Centro Urbano\",\"url\":\"https:\\\/\\\/centrourbano.com\\\/revista\\\/\",\"logo\":{\"@type\":\"ImageObject\",\"inLanguage\":\"es\",\"@id\":\"https:\\\/\\\/centrourbano.com\\\/revista\\\/#\\\/schema\\\/logo\\\/image\\\/\",\"url\":\"https:\\\/\\\/centrourbano.com\\\/revista\\\/wp-content\\\/uploads\\\/web_CU_logo-1.png\",\"contentUrl\":\"https:\\\/\\\/centrourbano.com\\\/revista\\\/wp-content\\\/uploads\\\/web_CU_logo-1.png\",\"width\":350,\"height\":91,\"caption\":\"Centro Urbano\"},\"image\":{\"@id\":\"https:\\\/\\\/centrourbano.com\\\/revista\\\/#\\\/schema\\\/logo\\\/image\\\/\"},\"sameAs\":[\"https:\\\/\\\/www.facebook.com\\\/portalcentrourbano\",\"https:\\\/\\\/x.com\\\/CentroUrbano\",\"https:\\\/\\\/www.instagram.com\\\/centro_urbano\\\/\",\"https:\\\/\\\/www.linkedin.com\\\/company\\\/centro-urbano\\\/\",\"http:\\\/\\\/www.youtube.com\\\/user\\\/portalcentrourbano\"]},{\"@type\":\"Person\",\"@id\":\"https:\\\/\\\/centrourbano.com\\\/revista\\\/#\\\/schema\\\/person\\\/e6418535cf1773eb361a8547aef500f5\",\"name\":\"Columnista invitado\",\"image\":{\"@type\":\"ImageObject\",\"inLanguage\":\"es\",\"@id\":\"https:\\\/\\\/secure.gravatar.com\\\/avatar\\\/28ad1e0627b854b5cf28ba6c846a14c308bb67d33df98f6677cc46fe92222ece?s=96&d=mm&r=g\",\"url\":\"https:\\\/\\\/secure.gravatar.com\\\/avatar\\\/28ad1e0627b854b5cf28ba6c846a14c308bb67d33df98f6677cc46fe92222ece?s=96&d=mm&r=g\",\"contentUrl\":\"https:\\\/\\\/secure.gravatar.com\\\/avatar\\\/28ad1e0627b854b5cf28ba6c846a14c308bb67d33df98f6677cc46fe92222ece?s=96&d=mm&r=g\",\"caption\":\"Columnista invitado\"},\"url\":\"https:\\\/\\\/centrourbano.com\\\/revista\\\/author\\\/columnista-invitado\\\/\"}]}<\/script>\n<!-- \/ Yoast SEO plugin. -->","yoast_head_json":{"title":"Vivienda y Planeaci\u00f3n","description":"Por Rom\u00e1n Meyer Falc\u00f3n* El diagn\u00f3stico de la situaci\u00f3n de vivienda a nivel nacional en M\u00e9xico se\u00f1ala que alrededor de 9 millones de viviendas presentan","robots":{"index":"index","follow":"follow","max-snippet":"max-snippet:-1","max-image-preview":"max-image-preview:large","max-video-preview":"max-video-preview:-1"},"canonical":"https:\/\/centrourbano.com\/revista\/opinion\/blog-de-invitado\/vivienda-y-planeacion\/","og_locale":"es_ES","og_type":"article","og_title":"Vivienda y Planeaci\u00f3n","og_description":"Por Rom\u00e1n Meyer Falc\u00f3n* El diagn\u00f3stico de la situaci\u00f3n de vivienda a nivel nacional en M\u00e9xico se\u00f1ala que alrededor de 9 millones de viviendas presentan","og_url":"https:\/\/centrourbano.com\/revista\/opinion\/blog-de-invitado\/vivienda-y-planeacion\/","og_site_name":"Centro Urbano","article_publisher":"https:\/\/www.facebook.com\/portalcentrourbano","article_published_time":"2021-05-20T01:20:03+00:00","og_image":[{"width":972,"height":848,"url":"https:\/\/centrourbano.com\/revista\/wp-content\/uploads\/Vivienda-y-Planeacio\u0301n-e1621473493879.jpeg","type":"image\/jpeg"}],"author":"Columnista invitado","twitter_card":"summary_large_image","twitter_creator":"@CentroUrbano","twitter_site":"@CentroUrbano","twitter_misc":{"Escrito por":"Columnista invitado","Tiempo de lectura":"3 minutos"},"schema":{"@context":"https:\/\/schema.org","@graph":[{"@type":"Article","@id":"https:\/\/centrourbano.com\/revista\/opinion\/blog-de-invitado\/vivienda-y-planeacion\/#article","isPartOf":{"@id":"https:\/\/centrourbano.com\/revista\/opinion\/blog-de-invitado\/vivienda-y-planeacion\/"},"author":{"name":"Columnista invitado","@id":"https:\/\/centrourbano.com\/revista\/#\/schema\/person\/e6418535cf1773eb361a8547aef500f5"},"headline":"Vivienda y Planeaci\u00f3n","datePublished":"2021-05-20T01:20:03+00:00","mainEntityOfPage":{"@id":"https:\/\/centrourbano.com\/revista\/opinion\/blog-de-invitado\/vivienda-y-planeacion\/"},"wordCount":518,"commentCount":0,"publisher":{"@id":"https:\/\/centrourbano.com\/revista\/#organization"},"image":{"@id":"https:\/\/centrourbano.com\/revista\/opinion\/blog-de-invitado\/vivienda-y-planeacion\/#primaryimage"},"thumbnailUrl":"https:\/\/centrourbano.com\/revista\/wp-content\/uploads\/Vivienda-y-Planeacio\u0301n-e1621473493879.jpeg","keywords":["Planeaci\u00f3n","Rom\u00e1n Meyer Falc\u00f3n","Sistema \u00danico Territorial Urbano","vivienda","Vivienda social"],"articleSection":["En la opini\u00f3n de","Opini\u00f3n","Urbanismo","Vivienda"],"inLanguage":"es","potentialAction":[{"@type":"CommentAction","name":"Comment","target":["https:\/\/centrourbano.com\/revista\/opinion\/blog-de-invitado\/vivienda-y-planeacion\/#respond"]}]},{"@type":"WebPage","@id":"https:\/\/centrourbano.com\/revista\/opinion\/blog-de-invitado\/vivienda-y-planeacion\/","url":"https:\/\/centrourbano.com\/revista\/opinion\/blog-de-invitado\/vivienda-y-planeacion\/","name":"Vivienda y Planeaci\u00f3n","isPartOf":{"@id":"https:\/\/centrourbano.com\/revista\/#website"},"primaryImageOfPage":{"@id":"https:\/\/centrourbano.com\/revista\/opinion\/blog-de-invitado\/vivienda-y-planeacion\/#primaryimage"},"image":{"@id":"https:\/\/centrourbano.com\/revista\/opinion\/blog-de-invitado\/vivienda-y-planeacion\/#primaryimage"},"thumbnailUrl":"https:\/\/centrourbano.com\/revista\/wp-content\/uploads\/Vivienda-y-Planeacio\u0301n-e1621473493879.jpeg","datePublished":"2021-05-20T01:20:03+00:00","description":"Por Rom\u00e1n Meyer Falc\u00f3n* El diagn\u00f3stico de la situaci\u00f3n de vivienda a nivel nacional en M\u00e9xico se\u00f1ala que alrededor de 9 millones de viviendas presentan","breadcrumb":{"@id":"https:\/\/centrourbano.com\/revista\/opinion\/blog-de-invitado\/vivienda-y-planeacion\/#breadcrumb"},"inLanguage":"es","potentialAction":[{"@type":"ReadAction","target":["https:\/\/centrourbano.com\/revista\/opinion\/blog-de-invitado\/vivienda-y-planeacion\/"]}]},{"@type":"ImageObject","inLanguage":"es","@id":"https:\/\/centrourbano.com\/revista\/opinion\/blog-de-invitado\/vivienda-y-planeacion\/#primaryimage","url":"https:\/\/centrourbano.com\/revista\/wp-content\/uploads\/Vivienda-y-Planeacio\u0301n-e1621473493879.jpeg","contentUrl":"https:\/\/centrourbano.com\/revista\/wp-content\/uploads\/Vivienda-y-Planeacio\u0301n-e1621473493879.jpeg","width":972,"height":848},{"@type":"BreadcrumbList","@id":"https:\/\/centrourbano.com\/revista\/opinion\/blog-de-invitado\/vivienda-y-planeacion\/#breadcrumb","itemListElement":[{"@type":"ListItem","position":1,"name":"Portada","item":"https:\/\/centrourbano.com\/revista\/"},{"@type":"ListItem","position":2,"name":"Vivienda y Planeaci\u00f3n"}]},{"@type":"WebSite","@id":"https:\/\/centrourbano.com\/revista\/#website","url":"https:\/\/centrourbano.com\/revista\/","name":"Centro Urbano","description":"Medio especializado en los sectores vivienda, inmobiliario, construcci\u00f3n, arquitectura y urbanismo.","publisher":{"@id":"https:\/\/centrourbano.com\/revista\/#organization"},"potentialAction":[{"@type":"SearchAction","target":{"@type":"EntryPoint","urlTemplate":"https:\/\/centrourbano.com\/revista\/?s={search_term_string}"},"query-input":{"@type":"PropertyValueSpecification","valueRequired":true,"valueName":"search_term_string"}}],"inLanguage":"es"},{"@type":"Organization","@id":"https:\/\/centrourbano.com\/revista\/#organization","name":"Centro Urbano","url":"https:\/\/centrourbano.com\/revista\/","logo":{"@type":"ImageObject","inLanguage":"es","@id":"https:\/\/centrourbano.com\/revista\/#\/schema\/logo\/image\/","url":"https:\/\/centrourbano.com\/revista\/wp-content\/uploads\/web_CU_logo-1.png","contentUrl":"https:\/\/centrourbano.com\/revista\/wp-content\/uploads\/web_CU_logo-1.png","width":350,"height":91,"caption":"Centro Urbano"},"image":{"@id":"https:\/\/centrourbano.com\/revista\/#\/schema\/logo\/image\/"},"sameAs":["https:\/\/www.facebook.com\/portalcentrourbano","https:\/\/x.com\/CentroUrbano","https:\/\/www.instagram.com\/centro_urbano\/","https:\/\/www.linkedin.com\/company\/centro-urbano\/","http:\/\/www.youtube.com\/user\/portalcentrourbano"]},{"@type":"Person","@id":"https:\/\/centrourbano.com\/revista\/#\/schema\/person\/e6418535cf1773eb361a8547aef500f5","name":"Columnista invitado","image":{"@type":"ImageObject","inLanguage":"es","@id":"https:\/\/secure.gravatar.com\/avatar\/28ad1e0627b854b5cf28ba6c846a14c308bb67d33df98f6677cc46fe92222ece?s=96&d=mm&r=g","url":"https:\/\/secure.gravatar.com\/avatar\/28ad1e0627b854b5cf28ba6c846a14c308bb67d33df98f6677cc46fe92222ece?s=96&d=mm&r=g","contentUrl":"https:\/\/secure.gravatar.com\/avatar\/28ad1e0627b854b5cf28ba6c846a14c308bb67d33df98f6677cc46fe92222ece?s=96&d=mm&r=g","caption":"Columnista invitado"},"url":"https:\/\/centrourbano.com\/revista\/author\/columnista-invitado\/"}]}},"_links":{"self":[{"href":"https:\/\/centrourbano.com\/revista\/wp-json\/wp\/v2\/posts\/117188","targetHints":{"allow":["GET"]}}],"collection":[{"href":"https:\/\/centrourbano.com\/revista\/wp-json\/wp\/v2\/posts"}],"about":[{"href":"https:\/\/centrourbano.com\/revista\/wp-json\/wp\/v2\/types\/post"}],"author":[{"embeddable":true,"href":"https:\/\/centrourbano.com\/revista\/wp-json\/wp\/v2\/users\/79"}],"replies":[{"embeddable":true,"href":"https:\/\/centrourbano.com\/revista\/wp-json\/wp\/v2\/comments?post=117188"}],"version-history":[{"count":1,"href":"https:\/\/centrourbano.com\/revista\/wp-json\/wp\/v2\/posts\/117188\/revisions"}],"predecessor-version":[{"id":117191,"href":"https:\/\/centrourbano.com\/revista\/wp-json\/wp\/v2\/posts\/117188\/revisions\/117191"}],"wp:featuredmedia":[{"embeddable":true,"href":"https:\/\/centrourbano.com\/revista\/wp-json\/wp\/v2\/media\/117190"}],"wp:attachment":[{"href":"https:\/\/centrourbano.com\/revista\/wp-json\/wp\/v2\/media?parent=117188"}],"wp:term":[{"taxonomy":"category","embeddable":true,"href":"https:\/\/centrourbano.com\/revista\/wp-json\/wp\/v2\/categories?post=117188"},{"taxonomy":"post_tag","embeddable":true,"href":"https:\/\/centrourbano.com\/revista\/wp-json\/wp\/v2\/tags?post=117188"}],"curies":[{"name":"wp","href":"https:\/\/api.w.org\/{rel}","templated":true}]}}