{"id":11708,"date":"2014-10-20T15:00:54","date_gmt":"2014-10-20T20:00:54","guid":{"rendered":"http:\/\/centrourbano.com\/?p=11708"},"modified":"2014-10-20T15:00:54","modified_gmt":"2014-10-20T20:00:54","slug":"invierte-cemex-en-proyecto-electrico-en-nuevo-leon","status":"publish","type":"post","link":"https:\/\/centrourbano.com\/revista\/construccion\/invierte-cemex-en-proyecto-electrico-en-nuevo-leon\/","title":{"rendered":"Invierte Cemex en proyecto el\u00e9ctrico en Nuevo L\u00e9on \u00a0"},"content":{"rendered":"<p><em>La inversi\u00f3n debe ser del orden de entre 300 y 330 millones de d\u00f3lares, lo cual a\u00fan es preliminar ya que el proyecto est\u00e1 en estructuraci\u00f3n<\/em><br \/>\n<!--more--><\/p>\n<p>Grupo Cemex ha dado a conocer que tiene un nuevo proyecto de gas en puerta en el estado de Nuevo Le\u00f3n para el cual invierte 330 millones de d\u00f3lares y el cual pretende entrar en operaciones en el a\u00f1o 2018.<\/p>\n<p>Se trata de un proyecto de ciclo combinado de gas natural de 330 megawatts para generar electricidad en el municipio de Colombia, en el norte de Nuevo Le\u00f3n, seg\u00fan inform\u00f3 el vicepresidente de energ\u00eda y sustentabilidad del holding cementero, Luis Far\u00edas durante el XXI Foro Fronterizo de Energ\u00eda.<\/p>\n<p>En ese sentido, Far\u00edas a\u00f1adi\u00f3 que la electricidad producida en sus proyectos es para venderla a otras empresas e inform\u00f3 que actualmente Cemex tiene varios proyectos, entre ellos el antes mencionado que est\u00e1 registrado ante la Comisi\u00f3n Reguladora de Energ\u00eda y para el cual est\u00e1n en proceso de obtener el contrato de interconexi\u00f3n.<\/p>\n<p>Explic\u00f3 que la inversi\u00f3n para \u00e9ste debe ser del orden de entre 300 y 330 millones de d\u00f3lares, lo cual a\u00fan es preliminar ya que el proyecto est\u00e1 en proceso de estructuraci\u00f3n.<\/p>\n<p>Asimismo, agreg\u00f3 que tambi\u00e9n tienen otro proyecto de peque\u00f1a generaci\u00f3n, en la Planta Monterrey, de 30 megawatts, el cual est\u00e1n pensando en expandirlo un poco m\u00e1s.<\/p>\n<p>&nbsp;<\/p>\n","protected":false},"excerpt":{"rendered":"<p>La inversi\u00f3n debe ser del orden de entre 300 y 330 millones de d\u00f3lares, lo cual a\u00fan es preliminar ya que el proyecto est\u00e1 en estructuraci\u00f3n<\/p>\n","protected":false},"author":77,"featured_media":0,"comment_status":"open","ping_status":"closed","sticky":false,"template":"","format":"standard","meta":{"inline_featured_image":false,"footnotes":""},"categories":[14],"tags":[26,358,787,188],"class_list":["post-11708","post","type-post","status-publish","format-standard","hentry","category-construccion","tag-cemex","tag-colombia","tag-gas","tag-nuevo-leon"],"yoast_head":"<!-- This site is optimized with the Yoast SEO plugin v28.4 - https:\/\/yoast.com\/product\/yoast-seo-wordpress\/ -->\n<title>Invierte Cemex en proyecto el\u00e9ctrico en Nuevo L\u00e9on \u00a0 -<\/title>\n<meta name=\"description\" content=\"La inversi\u00f3n debe ser del orden de entre 300 y 330 millones de d\u00f3lares, lo cual a\u00fan es preliminar ya que el proyecto est\u00e1 en estructuraci\u00f3n Grupo Cemex ha\" \/>\n<meta name=\"robots\" content=\"index, follow, max-snippet:-1, max-image-preview:large, max-video-preview:-1\" \/>\n<link rel=\"canonical\" href=\"https:\/\/centrourbano.com\/revista\/construccion\/invierte-cemex-en-proyecto-electrico-en-nuevo-leon\/\" \/>\n<meta property=\"og:locale\" content=\"es_ES\" \/>\n<meta property=\"og:type\" content=\"article\" \/>\n<meta property=\"og:title\" content=\"Invierte Cemex en proyecto el\u00e9ctrico en Nuevo L\u00e9on \u00a0 -\" \/>\n<meta property=\"og:description\" content=\"La inversi\u00f3n debe ser del orden de entre 300 y 330 millones de d\u00f3lares, lo cual a\u00fan es preliminar ya que el proyecto est\u00e1 en estructuraci\u00f3n Grupo Cemex ha\" \/>\n<meta property=\"og:url\" content=\"https:\/\/centrourbano.com\/revista\/construccion\/invierte-cemex-en-proyecto-electrico-en-nuevo-leon\/\" \/>\n<meta property=\"og:site_name\" content=\"Centro Urbano\" \/>\n<meta property=\"article:publisher\" content=\"https:\/\/www.facebook.com\/portalcentrourbano\" \/>\n<meta property=\"article:published_time\" content=\"2014-10-20T20:00:54+00:00\" \/>\n<meta property=\"og:image\" content=\"https:\/\/centrourbano.com\/revista\/wp-content\/uploads\/CU-logo.png\" \/>\n\t<meta property=\"og:image:width\" content=\"350\" \/>\n\t<meta property=\"og:image:height\" content=\"91\" \/>\n\t<meta property=\"og:image:type\" content=\"image\/png\" \/>\n<meta name=\"author\" content=\"G4A\" \/>\n<meta name=\"twitter:card\" content=\"summary_large_image\" \/>\n<meta name=\"twitter:creator\" content=\"@CentroUrbano\" \/>\n<meta name=\"twitter:site\" content=\"@CentroUrbano\" \/>\n<meta name=\"twitter:label1\" content=\"Escrito por\" \/>\n\t<meta name=\"twitter:data1\" content=\"G4A\" \/>\n\t<meta name=\"twitter:label2\" content=\"Tiempo de lectura\" \/>\n\t<meta name=\"twitter:data2\" content=\"1 minuto\" \/>\n<script type=\"application\/ld+json\" class=\"yoast-schema-graph\">{\"@context\":\"https:\\\/\\\/schema.org\",\"@graph\":[{\"@type\":\"Article\",\"@id\":\"https:\\\/\\\/centrourbano.com\\\/revista\\\/construccion\\\/invierte-cemex-en-proyecto-electrico-en-nuevo-leon\\\/#article\",\"isPartOf\":{\"@id\":\"https:\\\/\\\/centrourbano.com\\\/revista\\\/construccion\\\/invierte-cemex-en-proyecto-electrico-en-nuevo-leon\\\/\"},\"author\":{\"name\":\"G4A\",\"@id\":\"https:\\\/\\\/centrourbano.com\\\/revista\\\/#\\\/schema\\\/person\\\/370fa0ba2d8dd5bde3fdb8b62ad360aa\"},\"headline\":\"Invierte Cemex en proyecto el\u00e9ctrico en Nuevo L\u00e9on \u00a0\",\"datePublished\":\"2014-10-20T20:00:54+00:00\",\"mainEntityOfPage\":{\"@id\":\"https:\\\/\\\/centrourbano.com\\\/revista\\\/construccion\\\/invierte-cemex-en-proyecto-electrico-en-nuevo-leon\\\/\"},\"wordCount\":255,\"commentCount\":0,\"publisher\":{\"@id\":\"https:\\\/\\\/centrourbano.com\\\/revista\\\/#organization\"},\"keywords\":[\"CEMEX\",\"Colombia\",\"gas\",\"Nuevo Le\u00f3n\"],\"articleSection\":[\"Construcci\u00f3n\"],\"inLanguage\":\"es\"},{\"@type\":\"WebPage\",\"@id\":\"https:\\\/\\\/centrourbano.com\\\/revista\\\/construccion\\\/invierte-cemex-en-proyecto-electrico-en-nuevo-leon\\\/\",\"url\":\"https:\\\/\\\/centrourbano.com\\\/revista\\\/construccion\\\/invierte-cemex-en-proyecto-electrico-en-nuevo-leon\\\/\",\"name\":\"Invierte Cemex en proyecto el\u00e9ctrico en Nuevo L\u00e9on \u00a0 -\",\"isPartOf\":{\"@id\":\"https:\\\/\\\/centrourbano.com\\\/revista\\\/#website\"},\"datePublished\":\"2014-10-20T20:00:54+00:00\",\"description\":\"La inversi\u00f3n debe ser del orden de entre 300 y 330 millones de d\u00f3lares, lo cual a\u00fan es preliminar ya que el proyecto est\u00e1 en estructuraci\u00f3n Grupo Cemex ha\",\"breadcrumb\":{\"@id\":\"https:\\\/\\\/centrourbano.com\\\/revista\\\/construccion\\\/invierte-cemex-en-proyecto-electrico-en-nuevo-leon\\\/#breadcrumb\"},\"inLanguage\":\"es\",\"potentialAction\":[{\"@type\":\"ReadAction\",\"target\":[\"https:\\\/\\\/centrourbano.com\\\/revista\\\/construccion\\\/invierte-cemex-en-proyecto-electrico-en-nuevo-leon\\\/\"]}]},{\"@type\":\"BreadcrumbList\",\"@id\":\"https:\\\/\\\/centrourbano.com\\\/revista\\\/construccion\\\/invierte-cemex-en-proyecto-electrico-en-nuevo-leon\\\/#breadcrumb\",\"itemListElement\":[{\"@type\":\"ListItem\",\"position\":1,\"name\":\"Portada\",\"item\":\"https:\\\/\\\/centrourbano.com\\\/revista\\\/\"},{\"@type\":\"ListItem\",\"position\":2,\"name\":\"Invierte Cemex en proyecto el\u00e9ctrico en Nuevo L\u00e9on \u00a0\"}]},{\"@type\":\"WebSite\",\"@id\":\"https:\\\/\\\/centrourbano.com\\\/revista\\\/#website\",\"url\":\"https:\\\/\\\/centrourbano.com\\\/revista\\\/\",\"name\":\"Centro Urbano\",\"description\":\"Medio especializado en los sectores vivienda, inmobiliario, construcci\u00f3n, arquitectura y urbanismo.\",\"publisher\":{\"@id\":\"https:\\\/\\\/centrourbano.com\\\/revista\\\/#organization\"},\"potentialAction\":[{\"@type\":\"SearchAction\",\"target\":{\"@type\":\"EntryPoint\",\"urlTemplate\":\"https:\\\/\\\/centrourbano.com\\\/revista\\\/?s={search_term_string}\"},\"query-input\":{\"@type\":\"PropertyValueSpecification\",\"valueRequired\":true,\"valueName\":\"search_term_string\"}}],\"inLanguage\":\"es\"},{\"@type\":\"Organization\",\"@id\":\"https:\\\/\\\/centrourbano.com\\\/revista\\\/#organization\",\"name\":\"Centro Urbano\",\"url\":\"https:\\\/\\\/centrourbano.com\\\/revista\\\/\",\"logo\":{\"@type\":\"ImageObject\",\"inLanguage\":\"es\",\"@id\":\"https:\\\/\\\/centrourbano.com\\\/revista\\\/#\\\/schema\\\/logo\\\/image\\\/\",\"url\":\"https:\\\/\\\/centrourbano.com\\\/revista\\\/wp-content\\\/uploads\\\/web_CU_logo-1.png\",\"contentUrl\":\"https:\\\/\\\/centrourbano.com\\\/revista\\\/wp-content\\\/uploads\\\/web_CU_logo-1.png\",\"width\":350,\"height\":91,\"caption\":\"Centro Urbano\"},\"image\":{\"@id\":\"https:\\\/\\\/centrourbano.com\\\/revista\\\/#\\\/schema\\\/logo\\\/image\\\/\"},\"sameAs\":[\"https:\\\/\\\/www.facebook.com\\\/portalcentrourbano\",\"https:\\\/\\\/x.com\\\/CentroUrbano\",\"https:\\\/\\\/www.instagram.com\\\/centro_urbano\\\/\",\"https:\\\/\\\/www.linkedin.com\\\/company\\\/centro-urbano\\\/\",\"http:\\\/\\\/www.youtube.com\\\/user\\\/portalcentrourbano\"]},{\"@type\":\"Person\",\"@id\":\"https:\\\/\\\/centrourbano.com\\\/revista\\\/#\\\/schema\\\/person\\\/370fa0ba2d8dd5bde3fdb8b62ad360aa\",\"name\":\"G4A\",\"image\":{\"@type\":\"ImageObject\",\"inLanguage\":\"es\",\"@id\":\"https:\\\/\\\/secure.gravatar.com\\\/avatar\\\/932a97121b13d5de5bbd8193c6c83d3b92c9eda0f39623607d4280e7a5778d97?s=96&d=mm&r=g\",\"url\":\"https:\\\/\\\/secure.gravatar.com\\\/avatar\\\/932a97121b13d5de5bbd8193c6c83d3b92c9eda0f39623607d4280e7a5778d97?s=96&d=mm&r=g\",\"contentUrl\":\"https:\\\/\\\/secure.gravatar.com\\\/avatar\\\/932a97121b13d5de5bbd8193c6c83d3b92c9eda0f39623607d4280e7a5778d97?s=96&d=mm&r=g\",\"caption\":\"G4A\"},\"url\":\"https:\\\/\\\/centrourbano.com\\\/revista\\\/author\\\/admin-g4a\\\/\"}]}<\/script>\n<!-- \/ Yoast SEO plugin. -->","yoast_head_json":{"title":"Invierte Cemex en proyecto el\u00e9ctrico en Nuevo L\u00e9on \u00a0 -","description":"La inversi\u00f3n debe ser del orden de entre 300 y 330 millones de d\u00f3lares, lo cual a\u00fan es preliminar ya que el proyecto est\u00e1 en estructuraci\u00f3n Grupo Cemex ha","robots":{"index":"index","follow":"follow","max-snippet":"max-snippet:-1","max-image-preview":"max-image-preview:large","max-video-preview":"max-video-preview:-1"},"canonical":"https:\/\/centrourbano.com\/revista\/construccion\/invierte-cemex-en-proyecto-electrico-en-nuevo-leon\/","og_locale":"es_ES","og_type":"article","og_title":"Invierte Cemex en proyecto el\u00e9ctrico en Nuevo L\u00e9on \u00a0 -","og_description":"La inversi\u00f3n debe ser del orden de entre 300 y 330 millones de d\u00f3lares, lo cual a\u00fan es preliminar ya que el proyecto est\u00e1 en estructuraci\u00f3n Grupo Cemex ha","og_url":"https:\/\/centrourbano.com\/revista\/construccion\/invierte-cemex-en-proyecto-electrico-en-nuevo-leon\/","og_site_name":"Centro Urbano","article_publisher":"https:\/\/www.facebook.com\/portalcentrourbano","article_published_time":"2014-10-20T20:00:54+00:00","og_image":[{"width":350,"height":91,"url":"https:\/\/centrourbano.com\/revista\/wp-content\/uploads\/CU-logo.png","type":"image\/png"}],"author":"G4A","twitter_card":"summary_large_image","twitter_creator":"@CentroUrbano","twitter_site":"@CentroUrbano","twitter_misc":{"Escrito por":"G4A","Tiempo de lectura":"1 minuto"},"schema":{"@context":"https:\/\/schema.org","@graph":[{"@type":"Article","@id":"https:\/\/centrourbano.com\/revista\/construccion\/invierte-cemex-en-proyecto-electrico-en-nuevo-leon\/#article","isPartOf":{"@id":"https:\/\/centrourbano.com\/revista\/construccion\/invierte-cemex-en-proyecto-electrico-en-nuevo-leon\/"},"author":{"name":"G4A","@id":"https:\/\/centrourbano.com\/revista\/#\/schema\/person\/370fa0ba2d8dd5bde3fdb8b62ad360aa"},"headline":"Invierte Cemex en proyecto el\u00e9ctrico en Nuevo L\u00e9on \u00a0","datePublished":"2014-10-20T20:00:54+00:00","mainEntityOfPage":{"@id":"https:\/\/centrourbano.com\/revista\/construccion\/invierte-cemex-en-proyecto-electrico-en-nuevo-leon\/"},"wordCount":255,"commentCount":0,"publisher":{"@id":"https:\/\/centrourbano.com\/revista\/#organization"},"keywords":["CEMEX","Colombia","gas","Nuevo Le\u00f3n"],"articleSection":["Construcci\u00f3n"],"inLanguage":"es"},{"@type":"WebPage","@id":"https:\/\/centrourbano.com\/revista\/construccion\/invierte-cemex-en-proyecto-electrico-en-nuevo-leon\/","url":"https:\/\/centrourbano.com\/revista\/construccion\/invierte-cemex-en-proyecto-electrico-en-nuevo-leon\/","name":"Invierte Cemex en proyecto el\u00e9ctrico en Nuevo L\u00e9on \u00a0 -","isPartOf":{"@id":"https:\/\/centrourbano.com\/revista\/#website"},"datePublished":"2014-10-20T20:00:54+00:00","description":"La inversi\u00f3n debe ser del orden de entre 300 y 330 millones de d\u00f3lares, lo cual a\u00fan es preliminar ya que el proyecto est\u00e1 en estructuraci\u00f3n Grupo Cemex ha","breadcrumb":{"@id":"https:\/\/centrourbano.com\/revista\/construccion\/invierte-cemex-en-proyecto-electrico-en-nuevo-leon\/#breadcrumb"},"inLanguage":"es","potentialAction":[{"@type":"ReadAction","target":["https:\/\/centrourbano.com\/revista\/construccion\/invierte-cemex-en-proyecto-electrico-en-nuevo-leon\/"]}]},{"@type":"BreadcrumbList","@id":"https:\/\/centrourbano.com\/revista\/construccion\/invierte-cemex-en-proyecto-electrico-en-nuevo-leon\/#breadcrumb","itemListElement":[{"@type":"ListItem","position":1,"name":"Portada","item":"https:\/\/centrourbano.com\/revista\/"},{"@type":"ListItem","position":2,"name":"Invierte Cemex en proyecto el\u00e9ctrico en Nuevo L\u00e9on \u00a0"}]},{"@type":"WebSite","@id":"https:\/\/centrourbano.com\/revista\/#website","url":"https:\/\/centrourbano.com\/revista\/","name":"Centro Urbano","description":"Medio especializado en los sectores vivienda, inmobiliario, construcci\u00f3n, arquitectura y urbanismo.","publisher":{"@id":"https:\/\/centrourbano.com\/revista\/#organization"},"potentialAction":[{"@type":"SearchAction","target":{"@type":"EntryPoint","urlTemplate":"https:\/\/centrourbano.com\/revista\/?s={search_term_string}"},"query-input":{"@type":"PropertyValueSpecification","valueRequired":true,"valueName":"search_term_string"}}],"inLanguage":"es"},{"@type":"Organization","@id":"https:\/\/centrourbano.com\/revista\/#organization","name":"Centro Urbano","url":"https:\/\/centrourbano.com\/revista\/","logo":{"@type":"ImageObject","inLanguage":"es","@id":"https:\/\/centrourbano.com\/revista\/#\/schema\/logo\/image\/","url":"https:\/\/centrourbano.com\/revista\/wp-content\/uploads\/web_CU_logo-1.png","contentUrl":"https:\/\/centrourbano.com\/revista\/wp-content\/uploads\/web_CU_logo-1.png","width":350,"height":91,"caption":"Centro Urbano"},"image":{"@id":"https:\/\/centrourbano.com\/revista\/#\/schema\/logo\/image\/"},"sameAs":["https:\/\/www.facebook.com\/portalcentrourbano","https:\/\/x.com\/CentroUrbano","https:\/\/www.instagram.com\/centro_urbano\/","https:\/\/www.linkedin.com\/company\/centro-urbano\/","http:\/\/www.youtube.com\/user\/portalcentrourbano"]},{"@type":"Person","@id":"https:\/\/centrourbano.com\/revista\/#\/schema\/person\/370fa0ba2d8dd5bde3fdb8b62ad360aa","name":"G4A","image":{"@type":"ImageObject","inLanguage":"es","@id":"https:\/\/secure.gravatar.com\/avatar\/932a97121b13d5de5bbd8193c6c83d3b92c9eda0f39623607d4280e7a5778d97?s=96&d=mm&r=g","url":"https:\/\/secure.gravatar.com\/avatar\/932a97121b13d5de5bbd8193c6c83d3b92c9eda0f39623607d4280e7a5778d97?s=96&d=mm&r=g","contentUrl":"https:\/\/secure.gravatar.com\/avatar\/932a97121b13d5de5bbd8193c6c83d3b92c9eda0f39623607d4280e7a5778d97?s=96&d=mm&r=g","caption":"G4A"},"url":"https:\/\/centrourbano.com\/revista\/author\/admin-g4a\/"}]}},"_links":{"self":[{"href":"https:\/\/centrourbano.com\/revista\/wp-json\/wp\/v2\/posts\/11708","targetHints":{"allow":["GET"]}}],"collection":[{"href":"https:\/\/centrourbano.com\/revista\/wp-json\/wp\/v2\/posts"}],"about":[{"href":"https:\/\/centrourbano.com\/revista\/wp-json\/wp\/v2\/types\/post"}],"author":[{"embeddable":true,"href":"https:\/\/centrourbano.com\/revista\/wp-json\/wp\/v2\/users\/77"}],"replies":[{"embeddable":true,"href":"https:\/\/centrourbano.com\/revista\/wp-json\/wp\/v2\/comments?post=11708"}],"version-history":[{"count":0,"href":"https:\/\/centrourbano.com\/revista\/wp-json\/wp\/v2\/posts\/11708\/revisions"}],"wp:attachment":[{"href":"https:\/\/centrourbano.com\/revista\/wp-json\/wp\/v2\/media?parent=11708"}],"wp:term":[{"taxonomy":"category","embeddable":true,"href":"https:\/\/centrourbano.com\/revista\/wp-json\/wp\/v2\/categories?post=11708"},{"taxonomy":"post_tag","embeddable":true,"href":"https:\/\/centrourbano.com\/revista\/wp-json\/wp\/v2\/tags?post=11708"}],"curies":[{"name":"wp","href":"https:\/\/api.w.org\/{rel}","templated":true}]}}