{"id":11685,"date":"2014-10-20T10:35:17","date_gmt":"2014-10-20T15:35:17","guid":{"rendered":"http:\/\/centrourbano.com\/?p=11685"},"modified":"2014-10-22T11:26:48","modified_gmt":"2014-10-22T16:26:48","slug":"inaugura-cinemex-dos-nuevos-complejos","status":"publish","type":"post","link":"https:\/\/centrourbano.com\/revista\/inmobiliario\/inaugura-cinemex-dos-nuevos-complejos\/","title":{"rendered":"Apertura Cinemex dos nuevos complejos"},"content":{"rendered":"<p>&nbsp;<\/p>\n<p><em>Cada uno cuenta con siete salas y forma parte de la expansi\u00f3n de la cadena dentro del mercado mexicano<\/em><!--more--><\/p>\n<p>La ciudad de Puebla estrena dos complejos de Cinemex, la sexta cadena de cines a nivel mundial, uno en la reci\u00e9n inaugurada plaza Galer\u00edas Serd\u00e1n con siete salas tradicionales, y Cinemex Sonata en Lomas Angel\u00f3polis, con siete salas Platino.<\/p>\n<p>Las salas del complejo Sonata, que entrar\u00e1 en operaciones en noviembre, atender\u00e1 la demanda del mercado de lujo en la zona de Lomas Angel\u00f3polis, ofreciendo 348 butacas reposets de piel reclinables en sus siete salas Platino, de las cuales tres son 3D. Cuenta con servicios exclusivos como el servicio a la sala, el men\u00fa gourmet, la dulcer\u00eda La Locura, el Caf\u00e9 Central y Bar Platino, la mejor antesala para el cine.<\/p>\n<p>Por su parte, Cinemex Hermanos Serd\u00e1n, tiene una capacidad de 1,020 butacas distribuidas en siete salas, de las cuales tres cuentan con proyecci\u00f3n 3D y cuenta con servicios como Caf\u00e9 Central Gouermet, Alavista y dulcer\u00eda La Locura.<\/p>\n<p>Con estos dos complejos, la cadena llega a 273 y 2,375 salas en el pa\u00eds, y contin\u00faa con los planes de expansi\u00f3n en el mercado mexicano, pues se tiene contemplado abrir 18 complejos m\u00e1s dentros de la Rep\u00fablica Mexicana antes del 2016.<\/p>\n<p>&nbsp;<\/p>\n","protected":false},"excerpt":{"rendered":"<p>&nbsp; Cada uno cuenta con siete salas y forma parte de la expansi\u00f3n de la cadena dentro del mercado mexicano<\/p>\n","protected":false},"author":77,"featured_media":0,"comment_status":"open","ping_status":"closed","sticky":false,"template":"","format":"standard","meta":{"inline_featured_image":false,"footnotes":""},"categories":[15],"tags":[69,3400,3355,3399,602],"class_list":["post-11685","post","type-post","status-publish","format-standard","hentry","category-inmobiliario","tag-cinemex","tag-cinemex-platino","tag-galerias-serdan","tag-lomas-angelopolis","tag-puebla"],"yoast_head":"<!-- This site is optimized with the Yoast SEO plugin v28.4 - https:\/\/yoast.com\/product\/yoast-seo-wordpress\/ -->\n<title>Apertura Cinemex dos nuevos complejos -<\/title>\n<meta name=\"description\" content=\"&nbsp; Cada uno cuenta con siete salas y forma parte de la expansi\u00f3n de la cadena dentro del mercado mexicano La ciudad de Puebla estrena dos complejos de\" \/>\n<meta name=\"robots\" content=\"index, follow, max-snippet:-1, max-image-preview:large, max-video-preview:-1\" \/>\n<link rel=\"canonical\" href=\"https:\/\/centrourbano.com\/revista\/inmobiliario\/inaugura-cinemex-dos-nuevos-complejos\/\" \/>\n<meta property=\"og:locale\" content=\"es_ES\" \/>\n<meta property=\"og:type\" content=\"article\" \/>\n<meta property=\"og:title\" content=\"Apertura Cinemex dos nuevos complejos -\" \/>\n<meta property=\"og:description\" content=\"&nbsp; Cada uno cuenta con siete salas y forma parte de la expansi\u00f3n de la cadena dentro del mercado mexicano La ciudad de Puebla estrena dos complejos de\" \/>\n<meta property=\"og:url\" content=\"https:\/\/centrourbano.com\/revista\/inmobiliario\/inaugura-cinemex-dos-nuevos-complejos\/\" \/>\n<meta property=\"og:site_name\" content=\"Centro Urbano\" \/>\n<meta property=\"article:publisher\" content=\"https:\/\/www.facebook.com\/portalcentrourbano\" \/>\n<meta property=\"article:published_time\" content=\"2014-10-20T15:35:17+00:00\" \/>\n<meta property=\"article:modified_time\" content=\"2014-10-22T16:26:48+00:00\" \/>\n<meta property=\"og:image\" content=\"https:\/\/centrourbano.com\/revista\/wp-content\/uploads\/CU-logo.png\" \/>\n\t<meta property=\"og:image:width\" content=\"350\" \/>\n\t<meta property=\"og:image:height\" content=\"91\" \/>\n\t<meta property=\"og:image:type\" content=\"image\/png\" \/>\n<meta name=\"author\" content=\"G4A\" \/>\n<meta name=\"twitter:card\" content=\"summary_large_image\" \/>\n<meta name=\"twitter:creator\" content=\"@CentroUrbano\" \/>\n<meta name=\"twitter:site\" content=\"@CentroUrbano\" \/>\n<meta name=\"twitter:label1\" content=\"Escrito por\" \/>\n\t<meta name=\"twitter:data1\" content=\"G4A\" \/>\n\t<meta name=\"twitter:label2\" content=\"Tiempo de lectura\" \/>\n\t<meta name=\"twitter:data2\" content=\"1 minuto\" \/>\n<script type=\"application\/ld+json\" class=\"yoast-schema-graph\">{\"@context\":\"https:\\\/\\\/schema.org\",\"@graph\":[{\"@type\":\"Article\",\"@id\":\"https:\\\/\\\/centrourbano.com\\\/revista\\\/inmobiliario\\\/inaugura-cinemex-dos-nuevos-complejos\\\/#article\",\"isPartOf\":{\"@id\":\"https:\\\/\\\/centrourbano.com\\\/revista\\\/inmobiliario\\\/inaugura-cinemex-dos-nuevos-complejos\\\/\"},\"author\":{\"name\":\"G4A\",\"@id\":\"https:\\\/\\\/centrourbano.com\\\/revista\\\/#\\\/schema\\\/person\\\/370fa0ba2d8dd5bde3fdb8b62ad360aa\"},\"headline\":\"Apertura Cinemex dos nuevos complejos\",\"datePublished\":\"2014-10-20T15:35:17+00:00\",\"dateModified\":\"2014-10-22T16:26:48+00:00\",\"mainEntityOfPage\":{\"@id\":\"https:\\\/\\\/centrourbano.com\\\/revista\\\/inmobiliario\\\/inaugura-cinemex-dos-nuevos-complejos\\\/\"},\"wordCount\":224,\"commentCount\":0,\"publisher\":{\"@id\":\"https:\\\/\\\/centrourbano.com\\\/revista\\\/#organization\"},\"keywords\":[\"Cinemex\",\"Cinemex Platino\",\"Galer\u00edas Serd\u00e1n\",\"Lomas Angel\u00f3polis\",\"Puebla\"],\"articleSection\":[\"Inmobiliario\"],\"inLanguage\":\"es\"},{\"@type\":\"WebPage\",\"@id\":\"https:\\\/\\\/centrourbano.com\\\/revista\\\/inmobiliario\\\/inaugura-cinemex-dos-nuevos-complejos\\\/\",\"url\":\"https:\\\/\\\/centrourbano.com\\\/revista\\\/inmobiliario\\\/inaugura-cinemex-dos-nuevos-complejos\\\/\",\"name\":\"Apertura Cinemex dos nuevos complejos -\",\"isPartOf\":{\"@id\":\"https:\\\/\\\/centrourbano.com\\\/revista\\\/#website\"},\"datePublished\":\"2014-10-20T15:35:17+00:00\",\"dateModified\":\"2014-10-22T16:26:48+00:00\",\"description\":\"&nbsp; Cada uno cuenta con siete salas y forma parte de la expansi\u00f3n de la cadena dentro del mercado mexicano La ciudad de Puebla estrena dos complejos de\",\"breadcrumb\":{\"@id\":\"https:\\\/\\\/centrourbano.com\\\/revista\\\/inmobiliario\\\/inaugura-cinemex-dos-nuevos-complejos\\\/#breadcrumb\"},\"inLanguage\":\"es\",\"potentialAction\":[{\"@type\":\"ReadAction\",\"target\":[\"https:\\\/\\\/centrourbano.com\\\/revista\\\/inmobiliario\\\/inaugura-cinemex-dos-nuevos-complejos\\\/\"]}]},{\"@type\":\"BreadcrumbList\",\"@id\":\"https:\\\/\\\/centrourbano.com\\\/revista\\\/inmobiliario\\\/inaugura-cinemex-dos-nuevos-complejos\\\/#breadcrumb\",\"itemListElement\":[{\"@type\":\"ListItem\",\"position\":1,\"name\":\"Portada\",\"item\":\"https:\\\/\\\/centrourbano.com\\\/revista\\\/\"},{\"@type\":\"ListItem\",\"position\":2,\"name\":\"Apertura Cinemex dos nuevos complejos\"}]},{\"@type\":\"WebSite\",\"@id\":\"https:\\\/\\\/centrourbano.com\\\/revista\\\/#website\",\"url\":\"https:\\\/\\\/centrourbano.com\\\/revista\\\/\",\"name\":\"Centro Urbano\",\"description\":\"Medio especializado en los sectores vivienda, inmobiliario, construcci\u00f3n, arquitectura y urbanismo.\",\"publisher\":{\"@id\":\"https:\\\/\\\/centrourbano.com\\\/revista\\\/#organization\"},\"potentialAction\":[{\"@type\":\"SearchAction\",\"target\":{\"@type\":\"EntryPoint\",\"urlTemplate\":\"https:\\\/\\\/centrourbano.com\\\/revista\\\/?s={search_term_string}\"},\"query-input\":{\"@type\":\"PropertyValueSpecification\",\"valueRequired\":true,\"valueName\":\"search_term_string\"}}],\"inLanguage\":\"es\"},{\"@type\":\"Organization\",\"@id\":\"https:\\\/\\\/centrourbano.com\\\/revista\\\/#organization\",\"name\":\"Centro Urbano\",\"url\":\"https:\\\/\\\/centrourbano.com\\\/revista\\\/\",\"logo\":{\"@type\":\"ImageObject\",\"inLanguage\":\"es\",\"@id\":\"https:\\\/\\\/centrourbano.com\\\/revista\\\/#\\\/schema\\\/logo\\\/image\\\/\",\"url\":\"https:\\\/\\\/centrourbano.com\\\/revista\\\/wp-content\\\/uploads\\\/web_CU_logo-1.png\",\"contentUrl\":\"https:\\\/\\\/centrourbano.com\\\/revista\\\/wp-content\\\/uploads\\\/web_CU_logo-1.png\",\"width\":350,\"height\":91,\"caption\":\"Centro Urbano\"},\"image\":{\"@id\":\"https:\\\/\\\/centrourbano.com\\\/revista\\\/#\\\/schema\\\/logo\\\/image\\\/\"},\"sameAs\":[\"https:\\\/\\\/www.facebook.com\\\/portalcentrourbano\",\"https:\\\/\\\/x.com\\\/CentroUrbano\",\"https:\\\/\\\/www.instagram.com\\\/centro_urbano\\\/\",\"https:\\\/\\\/www.linkedin.com\\\/company\\\/centro-urbano\\\/\",\"http:\\\/\\\/www.youtube.com\\\/user\\\/portalcentrourbano\"]},{\"@type\":\"Person\",\"@id\":\"https:\\\/\\\/centrourbano.com\\\/revista\\\/#\\\/schema\\\/person\\\/370fa0ba2d8dd5bde3fdb8b62ad360aa\",\"name\":\"G4A\",\"image\":{\"@type\":\"ImageObject\",\"inLanguage\":\"es\",\"@id\":\"https:\\\/\\\/secure.gravatar.com\\\/avatar\\\/932a97121b13d5de5bbd8193c6c83d3b92c9eda0f39623607d4280e7a5778d97?s=96&d=mm&r=g\",\"url\":\"https:\\\/\\\/secure.gravatar.com\\\/avatar\\\/932a97121b13d5de5bbd8193c6c83d3b92c9eda0f39623607d4280e7a5778d97?s=96&d=mm&r=g\",\"contentUrl\":\"https:\\\/\\\/secure.gravatar.com\\\/avatar\\\/932a97121b13d5de5bbd8193c6c83d3b92c9eda0f39623607d4280e7a5778d97?s=96&d=mm&r=g\",\"caption\":\"G4A\"},\"url\":\"https:\\\/\\\/centrourbano.com\\\/revista\\\/author\\\/admin-g4a\\\/\"}]}<\/script>\n<!-- \/ Yoast SEO plugin. -->","yoast_head_json":{"title":"Apertura Cinemex dos nuevos complejos -","description":"&nbsp; Cada uno cuenta con siete salas y forma parte de la expansi\u00f3n de la cadena dentro del mercado mexicano La ciudad de Puebla estrena dos complejos de","robots":{"index":"index","follow":"follow","max-snippet":"max-snippet:-1","max-image-preview":"max-image-preview:large","max-video-preview":"max-video-preview:-1"},"canonical":"https:\/\/centrourbano.com\/revista\/inmobiliario\/inaugura-cinemex-dos-nuevos-complejos\/","og_locale":"es_ES","og_type":"article","og_title":"Apertura Cinemex dos nuevos complejos -","og_description":"&nbsp; Cada uno cuenta con siete salas y forma parte de la expansi\u00f3n de la cadena dentro del mercado mexicano La ciudad de Puebla estrena dos complejos de","og_url":"https:\/\/centrourbano.com\/revista\/inmobiliario\/inaugura-cinemex-dos-nuevos-complejos\/","og_site_name":"Centro Urbano","article_publisher":"https:\/\/www.facebook.com\/portalcentrourbano","article_published_time":"2014-10-20T15:35:17+00:00","article_modified_time":"2014-10-22T16:26:48+00:00","og_image":[{"width":350,"height":91,"url":"https:\/\/centrourbano.com\/revista\/wp-content\/uploads\/CU-logo.png","type":"image\/png"}],"author":"G4A","twitter_card":"summary_large_image","twitter_creator":"@CentroUrbano","twitter_site":"@CentroUrbano","twitter_misc":{"Escrito por":"G4A","Tiempo de lectura":"1 minuto"},"schema":{"@context":"https:\/\/schema.org","@graph":[{"@type":"Article","@id":"https:\/\/centrourbano.com\/revista\/inmobiliario\/inaugura-cinemex-dos-nuevos-complejos\/#article","isPartOf":{"@id":"https:\/\/centrourbano.com\/revista\/inmobiliario\/inaugura-cinemex-dos-nuevos-complejos\/"},"author":{"name":"G4A","@id":"https:\/\/centrourbano.com\/revista\/#\/schema\/person\/370fa0ba2d8dd5bde3fdb8b62ad360aa"},"headline":"Apertura Cinemex dos nuevos complejos","datePublished":"2014-10-20T15:35:17+00:00","dateModified":"2014-10-22T16:26:48+00:00","mainEntityOfPage":{"@id":"https:\/\/centrourbano.com\/revista\/inmobiliario\/inaugura-cinemex-dos-nuevos-complejos\/"},"wordCount":224,"commentCount":0,"publisher":{"@id":"https:\/\/centrourbano.com\/revista\/#organization"},"keywords":["Cinemex","Cinemex Platino","Galer\u00edas Serd\u00e1n","Lomas Angel\u00f3polis","Puebla"],"articleSection":["Inmobiliario"],"inLanguage":"es"},{"@type":"WebPage","@id":"https:\/\/centrourbano.com\/revista\/inmobiliario\/inaugura-cinemex-dos-nuevos-complejos\/","url":"https:\/\/centrourbano.com\/revista\/inmobiliario\/inaugura-cinemex-dos-nuevos-complejos\/","name":"Apertura Cinemex dos nuevos complejos -","isPartOf":{"@id":"https:\/\/centrourbano.com\/revista\/#website"},"datePublished":"2014-10-20T15:35:17+00:00","dateModified":"2014-10-22T16:26:48+00:00","description":"&nbsp; Cada uno cuenta con siete salas y forma parte de la expansi\u00f3n de la cadena dentro del mercado mexicano La ciudad de Puebla estrena dos complejos de","breadcrumb":{"@id":"https:\/\/centrourbano.com\/revista\/inmobiliario\/inaugura-cinemex-dos-nuevos-complejos\/#breadcrumb"},"inLanguage":"es","potentialAction":[{"@type":"ReadAction","target":["https:\/\/centrourbano.com\/revista\/inmobiliario\/inaugura-cinemex-dos-nuevos-complejos\/"]}]},{"@type":"BreadcrumbList","@id":"https:\/\/centrourbano.com\/revista\/inmobiliario\/inaugura-cinemex-dos-nuevos-complejos\/#breadcrumb","itemListElement":[{"@type":"ListItem","position":1,"name":"Portada","item":"https:\/\/centrourbano.com\/revista\/"},{"@type":"ListItem","position":2,"name":"Apertura Cinemex dos nuevos complejos"}]},{"@type":"WebSite","@id":"https:\/\/centrourbano.com\/revista\/#website","url":"https:\/\/centrourbano.com\/revista\/","name":"Centro Urbano","description":"Medio especializado en los sectores vivienda, inmobiliario, construcci\u00f3n, arquitectura y urbanismo.","publisher":{"@id":"https:\/\/centrourbano.com\/revista\/#organization"},"potentialAction":[{"@type":"SearchAction","target":{"@type":"EntryPoint","urlTemplate":"https:\/\/centrourbano.com\/revista\/?s={search_term_string}"},"query-input":{"@type":"PropertyValueSpecification","valueRequired":true,"valueName":"search_term_string"}}],"inLanguage":"es"},{"@type":"Organization","@id":"https:\/\/centrourbano.com\/revista\/#organization","name":"Centro Urbano","url":"https:\/\/centrourbano.com\/revista\/","logo":{"@type":"ImageObject","inLanguage":"es","@id":"https:\/\/centrourbano.com\/revista\/#\/schema\/logo\/image\/","url":"https:\/\/centrourbano.com\/revista\/wp-content\/uploads\/web_CU_logo-1.png","contentUrl":"https:\/\/centrourbano.com\/revista\/wp-content\/uploads\/web_CU_logo-1.png","width":350,"height":91,"caption":"Centro Urbano"},"image":{"@id":"https:\/\/centrourbano.com\/revista\/#\/schema\/logo\/image\/"},"sameAs":["https:\/\/www.facebook.com\/portalcentrourbano","https:\/\/x.com\/CentroUrbano","https:\/\/www.instagram.com\/centro_urbano\/","https:\/\/www.linkedin.com\/company\/centro-urbano\/","http:\/\/www.youtube.com\/user\/portalcentrourbano"]},{"@type":"Person","@id":"https:\/\/centrourbano.com\/revista\/#\/schema\/person\/370fa0ba2d8dd5bde3fdb8b62ad360aa","name":"G4A","image":{"@type":"ImageObject","inLanguage":"es","@id":"https:\/\/secure.gravatar.com\/avatar\/932a97121b13d5de5bbd8193c6c83d3b92c9eda0f39623607d4280e7a5778d97?s=96&d=mm&r=g","url":"https:\/\/secure.gravatar.com\/avatar\/932a97121b13d5de5bbd8193c6c83d3b92c9eda0f39623607d4280e7a5778d97?s=96&d=mm&r=g","contentUrl":"https:\/\/secure.gravatar.com\/avatar\/932a97121b13d5de5bbd8193c6c83d3b92c9eda0f39623607d4280e7a5778d97?s=96&d=mm&r=g","caption":"G4A"},"url":"https:\/\/centrourbano.com\/revista\/author\/admin-g4a\/"}]}},"_links":{"self":[{"href":"https:\/\/centrourbano.com\/revista\/wp-json\/wp\/v2\/posts\/11685","targetHints":{"allow":["GET"]}}],"collection":[{"href":"https:\/\/centrourbano.com\/revista\/wp-json\/wp\/v2\/posts"}],"about":[{"href":"https:\/\/centrourbano.com\/revista\/wp-json\/wp\/v2\/types\/post"}],"author":[{"embeddable":true,"href":"https:\/\/centrourbano.com\/revista\/wp-json\/wp\/v2\/users\/77"}],"replies":[{"embeddable":true,"href":"https:\/\/centrourbano.com\/revista\/wp-json\/wp\/v2\/comments?post=11685"}],"version-history":[{"count":0,"href":"https:\/\/centrourbano.com\/revista\/wp-json\/wp\/v2\/posts\/11685\/revisions"}],"wp:attachment":[{"href":"https:\/\/centrourbano.com\/revista\/wp-json\/wp\/v2\/media?parent=11685"}],"wp:term":[{"taxonomy":"category","embeddable":true,"href":"https:\/\/centrourbano.com\/revista\/wp-json\/wp\/v2\/categories?post=11685"},{"taxonomy":"post_tag","embeddable":true,"href":"https:\/\/centrourbano.com\/revista\/wp-json\/wp\/v2\/tags?post=11685"}],"curies":[{"name":"wp","href":"https:\/\/api.w.org\/{rel}","templated":true}]}}