{"id":116779,"date":"2021-05-17T06:45:28","date_gmt":"2021-05-17T11:45:28","guid":{"rendered":"https:\/\/centrourbano.com\/?p=116779"},"modified":"2021-05-17T01:54:59","modified_gmt":"2021-05-17T06:54:59","slug":"inauguran-exposicion-virtual-mexico-en-el-patrimonio-mundial","status":"publish","type":"post","link":"https:\/\/centrourbano.com\/revista\/arquitectura-2\/inauguran-exposicion-virtual-mexico-en-el-patrimonio-mundial\/","title":{"rendered":"Inauguran exposici\u00f3n virtual &#8216;M\u00e9xico en el Patrimonio Mundial&#8217;"},"content":{"rendered":"<p><em>&#8216;M\u00e9xico en el Patrimonio Mundial&#8217; es una exhibici\u00f3n que alberga diferentes contenidos multimedia sobre el lugar preponderante que M\u00e9xico ocupa en la Lista del Patrimonio Mundial de la UNESCO<br \/>\n<!--more--><\/em><\/p>\n<p>La<a href=\"https:\/\/centrourbano.com\/2021\/05\/14\/preparan-actividades-para-celebrar-el-dia-internacional-de-los-museos\/\"><strong> Secretar\u00eda de Cultura<\/strong><\/a>, a trav\u00e9s del Instituto Nacional de Antropolog\u00eda e Historia (<strong>INAH<\/strong>) y el <strong>Colegio de San Luis<\/strong> (Colsan), inauguraron la exposici\u00f3n virtual &#8216;<strong>M\u00e9xico en el Patrimonio Mundial&#8217;<\/strong>. La muestra alberga diferentes contenidos multimedia sobre el lugar preponderante que M\u00e9xico ocupa en la Lista del Patrimonio Mundial de la <a href=\"https:\/\/es.unesco.org\/themes\/patrimonio-mundial\"><strong>UNESCO<\/strong><\/a>.<\/p>\n<p>Dicha exposici\u00f3n se podr\u00e1 disfrutar por medio de una <strong>p\u00e1gina electr\u00f3nica<\/strong> creada con apoyo de la <strong>Coordinaci\u00f3n Nacional de Museos y Exposiciones<\/strong> y el<strong> Museo Regional Potosino<\/strong> del INAH. El sitio, retomar\u00e1 la exhibici\u00f3n itinerante hom\u00f3nima, la cual contiene m\u00e1s de 70 im\u00e1genes fotogr\u00e1ficas; paisajes sonoros; mapas interactivos; fotograf\u00edas detalladas por investigadores; v\u00ednculos a videos; im\u00e1genes satelitales y un libro de visitas.<\/p>\n<p>Los encargados de <strong>presentar<\/strong> la exposici\u00f3n fueron autoridades de ambos organismos y del <strong>Instituto Regional del Patrimonio Mundial<\/strong> en Zacatecas; adem\u00e1s del fot\u00f3grafo <strong>Eduardo Meade del Valle<\/strong> y el documentalista <strong>Adalberto R\u00edos Szalay<\/strong>, quien estuvo acompa\u00f1ado por sus hijos Adalberto R\u00edos y Ernesto R\u00edos.<\/p>\n<h4>Conversatorio Inaugural<\/h4>\n<p>Como parte de las actividades inaugurales, se realiz\u00f3 la primera edici\u00f3n del <strong>conversatorio<\/strong> organizado por el <strong>Museo Regional Potosino<\/strong> (MRP) y el Colsan; un evento que tendr\u00e1 lugar <strong>mensualmente<\/strong> durante un a\u00f1o y en donde se seleccionar\u00e1n\u00a0un conjunto de los <strong>bienes<\/strong> pertenecientes al <strong>Patrimonio Mundia<\/strong>l.<\/p>\n<p>De los bienes seleccionados, se realizar\u00e1 un acercamiento a cada uno mediante el <strong>an\u00e1lisis<\/strong> de gestores culturales, investigadores y de los mismos detentores de su legado; reflexiones que, a su vez, ser\u00e1n<strong> enriquecidas<\/strong> por la muestra virtual.<\/p>\n<p>Representantes del <strong>INAH<\/strong> hicieron hincapi\u00e9 en la labor que desde su creaci\u00f3n, hace 82 a\u00f1os, lleva a cabo el Instituto para la <strong>protecci\u00f3n<\/strong> legal y t\u00e9cnica; la <strong>investigaci\u00f3n<\/strong>, conservaci\u00f3n y difusi\u00f3n de este legado diseminado por la geograf\u00eda nacional. A\u00f1adieron que a trav\u00e9s de su <strong>Direcci\u00f3n de Patrimonio Mundial<\/strong>, se ha logrado sustentar muchos de los expedientes de las<strong> candidatura<\/strong>s que se presentan ante el <strong>Comit\u00e9 del Patrimonio Mundial<\/strong> de la UNESCO.<\/p>\n<p>Asimismo, autoridades del<strong> Instituto Regional del Patrimonio Mundial en Zacatecas<\/strong> expresaron que la <strong>nueva plataforma<\/strong> es una respuesta pertinente a las condiciones derivadas de la<strong> contingencia sanitaria<\/strong>, brindando al p\u00fablico nacional y extranjero un<strong> viaje<\/strong> a lo largo y ancho de M\u00e9xico, con escala en las <strong>ciudades prehisp\u00e1nicas<\/strong> y <strong>centros hist\u00f3ricos<\/strong> con reconocimiento internacional.<\/p>\n<h4>Visita la exposici\u00f3n<\/h4>\n<p>El proyecto incluye la participaci\u00f3n de San Luis Potos\u00ed y su patrimonio, como el primero de varios estados invitados que se sumar\u00e1n para enriquecer la plataforma.\u00a0Al respecto, Eduardo Meade hizo un viaje desde finales de septiembre hasta los primeros d\u00edas de noviembre del 2020. por algunas de las expresiones m\u00e1s hondas del alma potosina, como la tradicional fiesta de Xantolo, la cual convertido en un atractivo que dinamiza las relaciones sociales y la econom\u00eda de la Huasteca Potosina.<\/p>\n<p>La exposici\u00f3n se puede visitar a trav\u00e9s del sitio <a href=\"https:\/\/patrimoniomundial.colsan.edu.mx.\">https:\/\/patrimoniomundial.colsan.edu.mx.<\/a><\/p>\n","protected":false},"excerpt":{"rendered":"<p>&#8216;M\u00e9xico en el Patrimonio Mundial&#8217; es una exhibici\u00f3n que alberga diferentes contenidos multimedia sobre el lugar preponderante que M\u00e9xico ocupa en la Lista del Patrimonio Mundial de la UNESCO<\/p>\n","protected":false},"author":78,"featured_media":116780,"comment_status":"open","ping_status":"closed","sticky":false,"template":"","format":"standard","meta":{"om_disable_all_campaigns":false,"inline_featured_image":false,"_monsterinsights_skip_tracking":false,"_monsterinsights_sitenote_active":false,"_monsterinsights_sitenote_note":"","_monsterinsights_sitenote_category":0,"footnotes":""},"categories":[20337,81,17827,10613],"tags":[],"class_list":["post-116779","post","type-post","status-publish","format-standard","has-post-thumbnail","hentry","category-agenda-2","category-arquitectura-2","category-cobertura-covid-19","category-exposiciones"],"yoast_head":"<!-- This site is optimized with the Yoast SEO plugin v27.5 - https:\/\/yoast.com\/product\/yoast-seo-wordpress\/ -->\n<title>Inauguran exposici\u00f3n virtual \u201cM\u00e9xico en el Patrimonio Mundial\u201d<\/title>\n<meta name=\"description\" content=\"M\u00e9xico en el Patrimonio Mundial es una exhibici\u00f3n\u00a0que alberga diferentes contenidos multimedia a trav\u00e9s de un sitio electr\u00f3nico\" \/>\n<meta name=\"robots\" content=\"index, follow, max-snippet:-1, max-image-preview:large, max-video-preview:-1\" \/>\n<link rel=\"canonical\" href=\"https:\/\/centrourbano.com\/revista\/arquitectura-2\/inauguran-exposicion-virtual-mexico-en-el-patrimonio-mundial\/\" \/>\n<meta property=\"og:locale\" content=\"es_ES\" \/>\n<meta property=\"og:type\" content=\"article\" \/>\n<meta property=\"og:title\" content=\"Inauguran exposici\u00f3n virtual \u201cM\u00e9xico en el Patrimonio Mundial\u201d\" \/>\n<meta property=\"og:description\" content=\"M\u00e9xico en el Patrimonio Mundial es una exhibici\u00f3n\u00a0que alberga diferentes contenidos multimedia a trav\u00e9s de un sitio electr\u00f3nico\" \/>\n<meta property=\"og:url\" content=\"https:\/\/centrourbano.com\/revista\/arquitectura-2\/inauguran-exposicion-virtual-mexico-en-el-patrimonio-mundial\/\" \/>\n<meta property=\"og:site_name\" content=\"Centro Urbano\" \/>\n<meta property=\"article:publisher\" content=\"https:\/\/www.facebook.com\/portalcentrourbano\" \/>\n<meta property=\"article:published_time\" content=\"2021-05-17T11:45:28+00:00\" \/>\n<meta property=\"og:image\" content=\"https:\/\/centrourbano.com\/revista\/wp-content\/uploads\/foto_home-31-e1621020888242.jpg\" \/>\n\t<meta property=\"og:image:width\" content=\"800\" \/>\n\t<meta property=\"og:image:height\" content=\"450\" \/>\n\t<meta property=\"og:image:type\" content=\"image\/jpeg\" \/>\n<meta name=\"author\" content=\"Aar\u00f3n Ram\u00edrez\" \/>\n<meta name=\"twitter:card\" content=\"summary_large_image\" \/>\n<meta name=\"twitter:creator\" content=\"@CentroUrbano\" \/>\n<meta name=\"twitter:site\" content=\"@CentroUrbano\" \/>\n<meta name=\"twitter:label1\" content=\"Escrito por\" \/>\n\t<meta name=\"twitter:data1\" content=\"Aar\u00f3n Ram\u00edrez\" \/>\n\t<meta name=\"twitter:label2\" content=\"Tiempo de lectura\" \/>\n\t<meta name=\"twitter:data2\" content=\"3 minutos\" \/>\n<script type=\"application\/ld+json\" class=\"yoast-schema-graph\">{\"@context\":\"https:\\\/\\\/schema.org\",\"@graph\":[{\"@type\":\"Article\",\"@id\":\"https:\\\/\\\/centrourbano.com\\\/revista\\\/arquitectura-2\\\/inauguran-exposicion-virtual-mexico-en-el-patrimonio-mundial\\\/#article\",\"isPartOf\":{\"@id\":\"https:\\\/\\\/centrourbano.com\\\/revista\\\/arquitectura-2\\\/inauguran-exposicion-virtual-mexico-en-el-patrimonio-mundial\\\/\"},\"author\":{\"name\":\"Aar\u00f3n Ram\u00edrez\",\"@id\":\"https:\\\/\\\/centrourbano.com\\\/revista\\\/#\\\/schema\\\/person\\\/f469062570f6cca2b4a3fbf8dfb7d79b\"},\"headline\":\"Inauguran exposici\u00f3n virtual &#8216;M\u00e9xico en el Patrimonio Mundial&#8217;\",\"datePublished\":\"2021-05-17T11:45:28+00:00\",\"mainEntityOfPage\":{\"@id\":\"https:\\\/\\\/centrourbano.com\\\/revista\\\/arquitectura-2\\\/inauguran-exposicion-virtual-mexico-en-el-patrimonio-mundial\\\/\"},\"wordCount\":557,\"commentCount\":0,\"publisher\":{\"@id\":\"https:\\\/\\\/centrourbano.com\\\/revista\\\/#organization\"},\"image\":{\"@id\":\"https:\\\/\\\/centrourbano.com\\\/revista\\\/arquitectura-2\\\/inauguran-exposicion-virtual-mexico-en-el-patrimonio-mundial\\\/#primaryimage\"},\"thumbnailUrl\":\"https:\\\/\\\/centrourbano.com\\\/revista\\\/wp-content\\\/uploads\\\/foto_home-31-e1621020888242.jpg\",\"articleSection\":[\"Agenda\",\"Arquitectura\",\"Cobertura Covid-19\",\"Exposiciones\"],\"inLanguage\":\"es\",\"potentialAction\":[{\"@type\":\"CommentAction\",\"name\":\"Comment\",\"target\":[\"https:\\\/\\\/centrourbano.com\\\/revista\\\/arquitectura-2\\\/inauguran-exposicion-virtual-mexico-en-el-patrimonio-mundial\\\/#respond\"]}]},{\"@type\":\"WebPage\",\"@id\":\"https:\\\/\\\/centrourbano.com\\\/revista\\\/arquitectura-2\\\/inauguran-exposicion-virtual-mexico-en-el-patrimonio-mundial\\\/\",\"url\":\"https:\\\/\\\/centrourbano.com\\\/revista\\\/arquitectura-2\\\/inauguran-exposicion-virtual-mexico-en-el-patrimonio-mundial\\\/\",\"name\":\"Inauguran exposici\u00f3n virtual \u201cM\u00e9xico en el Patrimonio Mundial\u201d\",\"isPartOf\":{\"@id\":\"https:\\\/\\\/centrourbano.com\\\/revista\\\/#website\"},\"primaryImageOfPage\":{\"@id\":\"https:\\\/\\\/centrourbano.com\\\/revista\\\/arquitectura-2\\\/inauguran-exposicion-virtual-mexico-en-el-patrimonio-mundial\\\/#primaryimage\"},\"image\":{\"@id\":\"https:\\\/\\\/centrourbano.com\\\/revista\\\/arquitectura-2\\\/inauguran-exposicion-virtual-mexico-en-el-patrimonio-mundial\\\/#primaryimage\"},\"thumbnailUrl\":\"https:\\\/\\\/centrourbano.com\\\/revista\\\/wp-content\\\/uploads\\\/foto_home-31-e1621020888242.jpg\",\"datePublished\":\"2021-05-17T11:45:28+00:00\",\"description\":\"M\u00e9xico en el Patrimonio Mundial es una exhibici\u00f3n\u00a0que alberga diferentes contenidos multimedia a trav\u00e9s de un sitio electr\u00f3nico\",\"breadcrumb\":{\"@id\":\"https:\\\/\\\/centrourbano.com\\\/revista\\\/arquitectura-2\\\/inauguran-exposicion-virtual-mexico-en-el-patrimonio-mundial\\\/#breadcrumb\"},\"inLanguage\":\"es\",\"potentialAction\":[{\"@type\":\"ReadAction\",\"target\":[\"https:\\\/\\\/centrourbano.com\\\/revista\\\/arquitectura-2\\\/inauguran-exposicion-virtual-mexico-en-el-patrimonio-mundial\\\/\"]}]},{\"@type\":\"ImageObject\",\"inLanguage\":\"es\",\"@id\":\"https:\\\/\\\/centrourbano.com\\\/revista\\\/arquitectura-2\\\/inauguran-exposicion-virtual-mexico-en-el-patrimonio-mundial\\\/#primaryimage\",\"url\":\"https:\\\/\\\/centrourbano.com\\\/revista\\\/wp-content\\\/uploads\\\/foto_home-31-e1621020888242.jpg\",\"contentUrl\":\"https:\\\/\\\/centrourbano.com\\\/revista\\\/wp-content\\\/uploads\\\/foto_home-31-e1621020888242.jpg\",\"width\":800,\"height\":450,\"caption\":\"Inauguran exposici\u00f3n virtual \u201cM\u00e9xico en el Patrimonio Mundial\u201d\"},{\"@type\":\"BreadcrumbList\",\"@id\":\"https:\\\/\\\/centrourbano.com\\\/revista\\\/arquitectura-2\\\/inauguran-exposicion-virtual-mexico-en-el-patrimonio-mundial\\\/#breadcrumb\",\"itemListElement\":[{\"@type\":\"ListItem\",\"position\":1,\"name\":\"Portada\",\"item\":\"https:\\\/\\\/centrourbano.com\\\/revista\\\/\"},{\"@type\":\"ListItem\",\"position\":2,\"name\":\"Inauguran exposici\u00f3n virtual &#8216;M\u00e9xico en el Patrimonio Mundial&#8217;\"}]},{\"@type\":\"WebSite\",\"@id\":\"https:\\\/\\\/centrourbano.com\\\/revista\\\/#website\",\"url\":\"https:\\\/\\\/centrourbano.com\\\/revista\\\/\",\"name\":\"Centro Urbano\",\"description\":\"Medio especializado en los sectores vivienda, inmobiliario, construcci\u00f3n, arquitectura y urbanismo.\",\"publisher\":{\"@id\":\"https:\\\/\\\/centrourbano.com\\\/revista\\\/#organization\"},\"potentialAction\":[{\"@type\":\"SearchAction\",\"target\":{\"@type\":\"EntryPoint\",\"urlTemplate\":\"https:\\\/\\\/centrourbano.com\\\/revista\\\/?s={search_term_string}\"},\"query-input\":{\"@type\":\"PropertyValueSpecification\",\"valueRequired\":true,\"valueName\":\"search_term_string\"}}],\"inLanguage\":\"es\"},{\"@type\":\"Organization\",\"@id\":\"https:\\\/\\\/centrourbano.com\\\/revista\\\/#organization\",\"name\":\"Centro Urbano\",\"url\":\"https:\\\/\\\/centrourbano.com\\\/revista\\\/\",\"logo\":{\"@type\":\"ImageObject\",\"inLanguage\":\"es\",\"@id\":\"https:\\\/\\\/centrourbano.com\\\/revista\\\/#\\\/schema\\\/logo\\\/image\\\/\",\"url\":\"https:\\\/\\\/centrourbano.com\\\/revista\\\/wp-content\\\/uploads\\\/web_CU_logo-1.png\",\"contentUrl\":\"https:\\\/\\\/centrourbano.com\\\/revista\\\/wp-content\\\/uploads\\\/web_CU_logo-1.png\",\"width\":350,\"height\":91,\"caption\":\"Centro Urbano\"},\"image\":{\"@id\":\"https:\\\/\\\/centrourbano.com\\\/revista\\\/#\\\/schema\\\/logo\\\/image\\\/\"},\"sameAs\":[\"https:\\\/\\\/www.facebook.com\\\/portalcentrourbano\",\"https:\\\/\\\/x.com\\\/CentroUrbano\",\"https:\\\/\\\/www.instagram.com\\\/centro_urbano\\\/\",\"https:\\\/\\\/www.linkedin.com\\\/company\\\/centro-urbano\\\/\",\"http:\\\/\\\/www.youtube.com\\\/user\\\/portalcentrourbano\"]},{\"@type\":\"Person\",\"@id\":\"https:\\\/\\\/centrourbano.com\\\/revista\\\/#\\\/schema\\\/person\\\/f469062570f6cca2b4a3fbf8dfb7d79b\",\"name\":\"Aar\u00f3n Ram\u00edrez\",\"image\":{\"@type\":\"ImageObject\",\"inLanguage\":\"es\",\"@id\":\"https:\\\/\\\/secure.gravatar.com\\\/avatar\\\/a3abd3e37314905e5256eb67bf9c35ee2bb846a29a2ac87a048db8c78a89b0b9?s=96&d=mm&r=g\",\"url\":\"https:\\\/\\\/secure.gravatar.com\\\/avatar\\\/a3abd3e37314905e5256eb67bf9c35ee2bb846a29a2ac87a048db8c78a89b0b9?s=96&d=mm&r=g\",\"contentUrl\":\"https:\\\/\\\/secure.gravatar.com\\\/avatar\\\/a3abd3e37314905e5256eb67bf9c35ee2bb846a29a2ac87a048db8c78a89b0b9?s=96&d=mm&r=g\",\"caption\":\"Aar\u00f3n Ram\u00edrez\"},\"description\":\"Becario Editorial en Centro Urbano. Soy estudiante de la Licenciatura en Comunicaci\u00f3n por la Facultad de Estudios Superiores (FES) Acatl\u00e1n. Apasionado de la m\u00fasica, el cine y la cultura. Me interesa la creaci\u00f3n de contenidos period\u00edsticos multimedia para diversas plataformas.\",\"url\":\"https:\\\/\\\/centrourbano.com\\\/revista\\\/author\\\/aaron-ramirez\\\/\"}]}<\/script>\n<!-- \/ Yoast SEO plugin. -->","yoast_head_json":{"title":"Inauguran exposici\u00f3n virtual \u201cM\u00e9xico en el Patrimonio Mundial\u201d","description":"M\u00e9xico en el Patrimonio Mundial es una exhibici\u00f3n\u00a0que alberga diferentes contenidos multimedia a trav\u00e9s de un sitio electr\u00f3nico","robots":{"index":"index","follow":"follow","max-snippet":"max-snippet:-1","max-image-preview":"max-image-preview:large","max-video-preview":"max-video-preview:-1"},"canonical":"https:\/\/centrourbano.com\/revista\/arquitectura-2\/inauguran-exposicion-virtual-mexico-en-el-patrimonio-mundial\/","og_locale":"es_ES","og_type":"article","og_title":"Inauguran exposici\u00f3n virtual \u201cM\u00e9xico en el Patrimonio Mundial\u201d","og_description":"M\u00e9xico en el Patrimonio Mundial es una exhibici\u00f3n\u00a0que alberga diferentes contenidos multimedia a trav\u00e9s de un sitio electr\u00f3nico","og_url":"https:\/\/centrourbano.com\/revista\/arquitectura-2\/inauguran-exposicion-virtual-mexico-en-el-patrimonio-mundial\/","og_site_name":"Centro Urbano","article_publisher":"https:\/\/www.facebook.com\/portalcentrourbano","article_published_time":"2021-05-17T11:45:28+00:00","og_image":[{"width":800,"height":450,"url":"https:\/\/centrourbano.com\/revista\/wp-content\/uploads\/foto_home-31-e1621020888242.jpg","type":"image\/jpeg"}],"author":"Aar\u00f3n Ram\u00edrez","twitter_card":"summary_large_image","twitter_creator":"@CentroUrbano","twitter_site":"@CentroUrbano","twitter_misc":{"Escrito por":"Aar\u00f3n Ram\u00edrez","Tiempo de lectura":"3 minutos"},"schema":{"@context":"https:\/\/schema.org","@graph":[{"@type":"Article","@id":"https:\/\/centrourbano.com\/revista\/arquitectura-2\/inauguran-exposicion-virtual-mexico-en-el-patrimonio-mundial\/#article","isPartOf":{"@id":"https:\/\/centrourbano.com\/revista\/arquitectura-2\/inauguran-exposicion-virtual-mexico-en-el-patrimonio-mundial\/"},"author":{"name":"Aar\u00f3n Ram\u00edrez","@id":"https:\/\/centrourbano.com\/revista\/#\/schema\/person\/f469062570f6cca2b4a3fbf8dfb7d79b"},"headline":"Inauguran exposici\u00f3n virtual &#8216;M\u00e9xico en el Patrimonio Mundial&#8217;","datePublished":"2021-05-17T11:45:28+00:00","mainEntityOfPage":{"@id":"https:\/\/centrourbano.com\/revista\/arquitectura-2\/inauguran-exposicion-virtual-mexico-en-el-patrimonio-mundial\/"},"wordCount":557,"commentCount":0,"publisher":{"@id":"https:\/\/centrourbano.com\/revista\/#organization"},"image":{"@id":"https:\/\/centrourbano.com\/revista\/arquitectura-2\/inauguran-exposicion-virtual-mexico-en-el-patrimonio-mundial\/#primaryimage"},"thumbnailUrl":"https:\/\/centrourbano.com\/revista\/wp-content\/uploads\/foto_home-31-e1621020888242.jpg","articleSection":["Agenda","Arquitectura","Cobertura Covid-19","Exposiciones"],"inLanguage":"es","potentialAction":[{"@type":"CommentAction","name":"Comment","target":["https:\/\/centrourbano.com\/revista\/arquitectura-2\/inauguran-exposicion-virtual-mexico-en-el-patrimonio-mundial\/#respond"]}]},{"@type":"WebPage","@id":"https:\/\/centrourbano.com\/revista\/arquitectura-2\/inauguran-exposicion-virtual-mexico-en-el-patrimonio-mundial\/","url":"https:\/\/centrourbano.com\/revista\/arquitectura-2\/inauguran-exposicion-virtual-mexico-en-el-patrimonio-mundial\/","name":"Inauguran exposici\u00f3n virtual \u201cM\u00e9xico en el Patrimonio Mundial\u201d","isPartOf":{"@id":"https:\/\/centrourbano.com\/revista\/#website"},"primaryImageOfPage":{"@id":"https:\/\/centrourbano.com\/revista\/arquitectura-2\/inauguran-exposicion-virtual-mexico-en-el-patrimonio-mundial\/#primaryimage"},"image":{"@id":"https:\/\/centrourbano.com\/revista\/arquitectura-2\/inauguran-exposicion-virtual-mexico-en-el-patrimonio-mundial\/#primaryimage"},"thumbnailUrl":"https:\/\/centrourbano.com\/revista\/wp-content\/uploads\/foto_home-31-e1621020888242.jpg","datePublished":"2021-05-17T11:45:28+00:00","description":"M\u00e9xico en el Patrimonio Mundial es una exhibici\u00f3n\u00a0que alberga diferentes contenidos multimedia a trav\u00e9s de un sitio electr\u00f3nico","breadcrumb":{"@id":"https:\/\/centrourbano.com\/revista\/arquitectura-2\/inauguran-exposicion-virtual-mexico-en-el-patrimonio-mundial\/#breadcrumb"},"inLanguage":"es","potentialAction":[{"@type":"ReadAction","target":["https:\/\/centrourbano.com\/revista\/arquitectura-2\/inauguran-exposicion-virtual-mexico-en-el-patrimonio-mundial\/"]}]},{"@type":"ImageObject","inLanguage":"es","@id":"https:\/\/centrourbano.com\/revista\/arquitectura-2\/inauguran-exposicion-virtual-mexico-en-el-patrimonio-mundial\/#primaryimage","url":"https:\/\/centrourbano.com\/revista\/wp-content\/uploads\/foto_home-31-e1621020888242.jpg","contentUrl":"https:\/\/centrourbano.com\/revista\/wp-content\/uploads\/foto_home-31-e1621020888242.jpg","width":800,"height":450,"caption":"Inauguran exposici\u00f3n virtual \u201cM\u00e9xico en el Patrimonio Mundial\u201d"},{"@type":"BreadcrumbList","@id":"https:\/\/centrourbano.com\/revista\/arquitectura-2\/inauguran-exposicion-virtual-mexico-en-el-patrimonio-mundial\/#breadcrumb","itemListElement":[{"@type":"ListItem","position":1,"name":"Portada","item":"https:\/\/centrourbano.com\/revista\/"},{"@type":"ListItem","position":2,"name":"Inauguran exposici\u00f3n virtual &#8216;M\u00e9xico en el Patrimonio Mundial&#8217;"}]},{"@type":"WebSite","@id":"https:\/\/centrourbano.com\/revista\/#website","url":"https:\/\/centrourbano.com\/revista\/","name":"Centro Urbano","description":"Medio especializado en los sectores vivienda, inmobiliario, construcci\u00f3n, arquitectura y urbanismo.","publisher":{"@id":"https:\/\/centrourbano.com\/revista\/#organization"},"potentialAction":[{"@type":"SearchAction","target":{"@type":"EntryPoint","urlTemplate":"https:\/\/centrourbano.com\/revista\/?s={search_term_string}"},"query-input":{"@type":"PropertyValueSpecification","valueRequired":true,"valueName":"search_term_string"}}],"inLanguage":"es"},{"@type":"Organization","@id":"https:\/\/centrourbano.com\/revista\/#organization","name":"Centro Urbano","url":"https:\/\/centrourbano.com\/revista\/","logo":{"@type":"ImageObject","inLanguage":"es","@id":"https:\/\/centrourbano.com\/revista\/#\/schema\/logo\/image\/","url":"https:\/\/centrourbano.com\/revista\/wp-content\/uploads\/web_CU_logo-1.png","contentUrl":"https:\/\/centrourbano.com\/revista\/wp-content\/uploads\/web_CU_logo-1.png","width":350,"height":91,"caption":"Centro Urbano"},"image":{"@id":"https:\/\/centrourbano.com\/revista\/#\/schema\/logo\/image\/"},"sameAs":["https:\/\/www.facebook.com\/portalcentrourbano","https:\/\/x.com\/CentroUrbano","https:\/\/www.instagram.com\/centro_urbano\/","https:\/\/www.linkedin.com\/company\/centro-urbano\/","http:\/\/www.youtube.com\/user\/portalcentrourbano"]},{"@type":"Person","@id":"https:\/\/centrourbano.com\/revista\/#\/schema\/person\/f469062570f6cca2b4a3fbf8dfb7d79b","name":"Aar\u00f3n Ram\u00edrez","image":{"@type":"ImageObject","inLanguage":"es","@id":"https:\/\/secure.gravatar.com\/avatar\/a3abd3e37314905e5256eb67bf9c35ee2bb846a29a2ac87a048db8c78a89b0b9?s=96&d=mm&r=g","url":"https:\/\/secure.gravatar.com\/avatar\/a3abd3e37314905e5256eb67bf9c35ee2bb846a29a2ac87a048db8c78a89b0b9?s=96&d=mm&r=g","contentUrl":"https:\/\/secure.gravatar.com\/avatar\/a3abd3e37314905e5256eb67bf9c35ee2bb846a29a2ac87a048db8c78a89b0b9?s=96&d=mm&r=g","caption":"Aar\u00f3n Ram\u00edrez"},"description":"Becario Editorial en Centro Urbano. Soy estudiante de la Licenciatura en Comunicaci\u00f3n por la Facultad de Estudios Superiores (FES) Acatl\u00e1n. Apasionado de la m\u00fasica, el cine y la cultura. Me interesa la creaci\u00f3n de contenidos period\u00edsticos multimedia para diversas plataformas.","url":"https:\/\/centrourbano.com\/revista\/author\/aaron-ramirez\/"}]}},"_links":{"self":[{"href":"https:\/\/centrourbano.com\/revista\/wp-json\/wp\/v2\/posts\/116779","targetHints":{"allow":["GET"]}}],"collection":[{"href":"https:\/\/centrourbano.com\/revista\/wp-json\/wp\/v2\/posts"}],"about":[{"href":"https:\/\/centrourbano.com\/revista\/wp-json\/wp\/v2\/types\/post"}],"author":[{"embeddable":true,"href":"https:\/\/centrourbano.com\/revista\/wp-json\/wp\/v2\/users\/78"}],"replies":[{"embeddable":true,"href":"https:\/\/centrourbano.com\/revista\/wp-json\/wp\/v2\/comments?post=116779"}],"version-history":[{"count":14,"href":"https:\/\/centrourbano.com\/revista\/wp-json\/wp\/v2\/posts\/116779\/revisions"}],"predecessor-version":[{"id":117000,"href":"https:\/\/centrourbano.com\/revista\/wp-json\/wp\/v2\/posts\/116779\/revisions\/117000"}],"wp:featuredmedia":[{"embeddable":true,"href":"https:\/\/centrourbano.com\/revista\/wp-json\/wp\/v2\/media\/116780"}],"wp:attachment":[{"href":"https:\/\/centrourbano.com\/revista\/wp-json\/wp\/v2\/media?parent=116779"}],"wp:term":[{"taxonomy":"category","embeddable":true,"href":"https:\/\/centrourbano.com\/revista\/wp-json\/wp\/v2\/categories?post=116779"},{"taxonomy":"post_tag","embeddable":true,"href":"https:\/\/centrourbano.com\/revista\/wp-json\/wp\/v2\/tags?post=116779"}],"curies":[{"name":"wp","href":"https:\/\/api.w.org\/{rel}","templated":true}]}}