{"id":116769,"date":"2021-05-17T06:45:32","date_gmt":"2021-05-17T11:45:32","guid":{"rendered":"https:\/\/centrourbano.com\/?p=116769"},"modified":"2021-05-17T10:02:16","modified_gmt":"2021-05-17T15:02:16","slug":"el-sector-terciario-ha-sido-el-mas-afectado-por-la-pandemia-concanaco","status":"publish","type":"post","link":"https:\/\/centrourbano.com\/revista\/inmobiliario\/el-sector-terciario-ha-sido-el-mas-afectado-por-la-pandemia-concanaco\/","title":{"rendered":"Sector terciario, el m\u00e1s afectado por la pandemia: Concanaco"},"content":{"rendered":"<p><em>El sector terciario en M\u00e9xico registr\u00f3 entre marzo de 2020 y marzo de 2021, perdidas por casi 1.6 billones de pesos, siendo los negocios del sector servicios los mas afectados<br \/>\n<!--more--><\/em><\/p>\n<p>El presidente de la <a href=\"https:\/\/www.concanaco.com.mx\/\">C<strong>onfederaci\u00f3n de C\u00e1maras Nacionales de Comercio, Servicios y Turismo<\/strong><\/a>, <a href=\"https:\/\/centrourbano.com\/2021\/05\/11\/concanaco-propone-negocios-libres-de-covid-19-en-lugar-de-esenciales\/\"><strong>Jos\u00e9 Manuel L\u00f3pez Campos<\/strong><\/a>, se\u00f1al\u00f3 que, a consecuencia de la pandemia por Covid-19, el<strong> sector terciario<\/strong> en el pa\u00eds registr\u00f3 de marzo de 2020 a marzo de 2021, perdidas por casi 1.6 billones de pesos.<\/p>\n<p>A\u00f1adi\u00f3 que estas cifras son el resultado de las restricciones que se tuvieron en 12 meses por las medidas aplicadas como parte del <strong>sem\u00e1foro epidemiol\u00f3gico<\/strong>. siendo los negocios del sector <strong>servicios <\/strong>los mas afectados, ya que que observaron p\u00e9rdidas econ\u00f3micas de m\u00e1s de <strong>800 mil millones<\/strong> de pesos. Lo anterior, represent\u00f3 una disminuci\u00f3n en sus ventas del 50% en promedio.<\/p>\n<p>Asimismo, el l\u00edder empresarial indic\u00f3 que en el caso del sector turismo, se estima que sus transacciones cayeron un 75%, ocasionando que los negocios de ese giro dejaran de percibir m\u00e1s de 137 mil 132 millones de pesos.<\/p>\n<blockquote><p><b>\u201c<\/b><strong>De acuerdo con estimaciones de la Direcci\u00f3n de Comercio Interior de Concanaco Servytur, basados en datos del INEGI, el sector comercio present\u00f3 p\u00e9rdidas econ\u00f3micas de m\u00e1s de 625 mil 324 millones de pesos, lo que signific\u00f3 una ca\u00edda en las ventas de 38 por ciento respecto al mismo periodo en 2019\u201d<\/strong>; puntualiz\u00f3.<\/p><\/blockquote>\n<h4>Apoyos no fueron suficientes<\/h4>\n<p>De igual forma,<strong> L\u00f3pez Campos<\/strong> manifest\u00f3 que aunque los tres niveles de gobierno llevaron a cabo algunas acciones para tratar de apoyar a la econom\u00eda y los negocios, <strong>los recursos no fueron suficientes<\/strong>, ocasionando que muchos negocios tuvieran que enfrentar la <strong>crisis<\/strong> solos. Esto, dijo, provoc\u00f3 el <strong>cierre<\/strong> de varios establecimientos y <strong>p\u00e9rdida de empleos<\/strong>.<\/p>\n<p>Apunt\u00f3 que se calcula que las ventas registradas antes de declararse la emergencia sanitaria, tardar\u00e1n varios a\u00f1os en recuperarse, pues las econom\u00edas de los pa\u00edses dependen tambi\u00e9n del entorno econ\u00f3mico global, as\u00ed como de\u00a0 mantener una econom\u00eda sana con indicadores macroecon\u00f3micos estables que den certeza a los inversionistas.<\/p>\n<blockquote><p><strong>\u201c(&#8230;) debe existir respeto al estado de derecho y una eficacia real en las pol\u00edticas p\u00fablicas de apoyo para la recuperaci\u00f3n, que solamente se lograr\u00e1 en menor plazo con la colaboraci\u00f3n de autoridades y sectores productivos\u201d<\/strong>: asent\u00f3.<\/p><\/blockquote>\n<h4>Cambios en el sem\u00e1foro epidemiol\u00f3gico son favorables<\/h4>\n<p>Por otra parte, Jos\u00e9 Manuel L\u00f3pez Campos apunt\u00f3 que con el cambio de colores del sem\u00e1foro epidemiol\u00f3gico en las distintas entidades, se espera que los giros de los comercios y servicios puedan reactivarse un mayor n\u00famero de empresas, especialmente micro, peque\u00f1as y medianas (Mipymes).<\/p>\n<p>Subray\u00f3 que en los estados en verde y amarillo ya podr\u00e1n reactivarse, en su totalidad o parcialmente, giros como los cines, teatros, casinos, museos, escuelas, estadios de futbol y beisbol y otros deportes; adem\u00e1s de conciertos, centros comerciales, parques recreativos, entre otros. Indico que esos cambios son favorables porque acercan al pa\u00eds a una recuperaci\u00f3n econ\u00f3mica exitosa.<\/p>\n","protected":false},"excerpt":{"rendered":"<p>El sector terciario en M\u00e9xico registr\u00f3 entre marzo de 2020 y marzo de 2021, perdidas por casi 1.6 billones de pesos, siendo los negocios del sector servicios los mas afectados<\/p>\n","protected":false},"author":77,"featured_media":116770,"comment_status":"open","ping_status":"closed","sticky":false,"template":"","format":"standard","meta":{"inline_featured_image":false,"footnotes":""},"categories":[80,17827,15],"tags":[19452,137,20030,17784,20485,18536,18416,54],"class_list":["post-116769","post","type-post","status-publish","format-standard","has-post-thumbnail","hentry","category-actualidad","category-cobertura-covid-19","category-inmobiliario","tag-afectaciones-por-covid-19","tag-comercio","tag-concanco-servytur","tag-covid-19","tag-pandemia-por-covid-19","tag-sector-terciario","tag-semaforo-epidemiologico","tag-turismo"],"yoast_head":"<!-- This site is optimized with the Yoast SEO plugin v28.4 - https:\/\/yoast.com\/product\/yoast-seo-wordpress\/ -->\n<title>El sector terciario ha sido el m\u00e1s afectado por la pandemia: Concanaco<\/title>\n<meta name=\"description\" content=\"El sector terciario registr\u00f3 entre marzo de 2020 y marzo de 2021, perdidas por casi 1.6 billones de pesos, siendo los negocios del sector...\" \/>\n<meta name=\"robots\" content=\"index, follow, max-snippet:-1, max-image-preview:large, max-video-preview:-1\" \/>\n<link rel=\"canonical\" href=\"https:\/\/centrourbano.com\/revista\/inmobiliario\/el-sector-terciario-ha-sido-el-mas-afectado-por-la-pandemia-concanaco\/\" \/>\n<meta property=\"og:locale\" content=\"es_ES\" \/>\n<meta property=\"og:type\" content=\"article\" \/>\n<meta property=\"og:title\" content=\"El sector terciario ha sido el m\u00e1s afectado por la pandemia: Concanaco\" \/>\n<meta property=\"og:description\" content=\"El sector terciario registr\u00f3 entre marzo de 2020 y marzo de 2021, perdidas por casi 1.6 billones de pesos, siendo los negocios del sector...\" \/>\n<meta property=\"og:url\" content=\"https:\/\/centrourbano.com\/revista\/inmobiliario\/el-sector-terciario-ha-sido-el-mas-afectado-por-la-pandemia-concanaco\/\" \/>\n<meta property=\"og:site_name\" content=\"Centro Urbano\" \/>\n<meta property=\"article:publisher\" content=\"https:\/\/www.facebook.com\/portalcentrourbano\" \/>\n<meta property=\"article:published_time\" content=\"2021-05-17T11:45:32+00:00\" \/>\n<meta property=\"article:modified_time\" content=\"2021-05-17T15:02:16+00:00\" \/>\n<meta property=\"og:image\" content=\"https:\/\/centrourbano.com\/revista\/wp-content\/uploads\/pexels-asad-photo-maldives-1268855-scaled-e1621015242445.jpg\" \/>\n\t<meta property=\"og:image:width\" content=\"800\" \/>\n\t<meta property=\"og:image:height\" content=\"532\" \/>\n\t<meta property=\"og:image:type\" content=\"image\/jpeg\" \/>\n<meta name=\"author\" content=\"G4A\" \/>\n<meta name=\"twitter:card\" content=\"summary_large_image\" \/>\n<meta name=\"twitter:creator\" content=\"@CentroUrbano\" \/>\n<meta name=\"twitter:site\" content=\"@CentroUrbano\" \/>\n<meta name=\"twitter:label1\" content=\"Escrito por\" \/>\n\t<meta name=\"twitter:data1\" content=\"G4A\" \/>\n\t<meta name=\"twitter:label2\" content=\"Tiempo de lectura\" \/>\n\t<meta name=\"twitter:data2\" content=\"3 minutos\" \/>\n<script type=\"application\/ld+json\" class=\"yoast-schema-graph\">{\"@context\":\"https:\\\/\\\/schema.org\",\"@graph\":[{\"@type\":\"Article\",\"@id\":\"https:\\\/\\\/centrourbano.com\\\/revista\\\/inmobiliario\\\/el-sector-terciario-ha-sido-el-mas-afectado-por-la-pandemia-concanaco\\\/#article\",\"isPartOf\":{\"@id\":\"https:\\\/\\\/centrourbano.com\\\/revista\\\/inmobiliario\\\/el-sector-terciario-ha-sido-el-mas-afectado-por-la-pandemia-concanaco\\\/\"},\"author\":{\"name\":\"G4A\",\"@id\":\"https:\\\/\\\/centrourbano.com\\\/revista\\\/#\\\/schema\\\/person\\\/370fa0ba2d8dd5bde3fdb8b62ad360aa\"},\"headline\":\"Sector terciario, el m\u00e1s afectado por la pandemia: Concanaco\",\"datePublished\":\"2021-05-17T11:45:32+00:00\",\"dateModified\":\"2021-05-17T15:02:16+00:00\",\"mainEntityOfPage\":{\"@id\":\"https:\\\/\\\/centrourbano.com\\\/revista\\\/inmobiliario\\\/el-sector-terciario-ha-sido-el-mas-afectado-por-la-pandemia-concanaco\\\/\"},\"wordCount\":520,\"commentCount\":0,\"publisher\":{\"@id\":\"https:\\\/\\\/centrourbano.com\\\/revista\\\/#organization\"},\"image\":{\"@id\":\"https:\\\/\\\/centrourbano.com\\\/revista\\\/inmobiliario\\\/el-sector-terciario-ha-sido-el-mas-afectado-por-la-pandemia-concanaco\\\/#primaryimage\"},\"thumbnailUrl\":\"https:\\\/\\\/centrourbano.com\\\/revista\\\/wp-content\\\/uploads\\\/pexels-asad-photo-maldives-1268855-scaled-e1621015242445.jpg\",\"keywords\":[\"afectaciones por Covid-19\",\"Comercio\",\"Concanco-Servytur\",\"COVID-19\",\"pandemia por Covid-19\",\"sector terciario\",\"sem\u00e1foro epidemiol\u00f3gico\",\"turismo\"],\"articleSection\":[\"Actualidad\",\"Cobertura Covid-19\",\"Inmobiliario\"],\"inLanguage\":\"es\"},{\"@type\":\"WebPage\",\"@id\":\"https:\\\/\\\/centrourbano.com\\\/revista\\\/inmobiliario\\\/el-sector-terciario-ha-sido-el-mas-afectado-por-la-pandemia-concanaco\\\/\",\"url\":\"https:\\\/\\\/centrourbano.com\\\/revista\\\/inmobiliario\\\/el-sector-terciario-ha-sido-el-mas-afectado-por-la-pandemia-concanaco\\\/\",\"name\":\"El sector terciario ha sido el m\u00e1s afectado por la pandemia: Concanaco\",\"isPartOf\":{\"@id\":\"https:\\\/\\\/centrourbano.com\\\/revista\\\/#website\"},\"primaryImageOfPage\":{\"@id\":\"https:\\\/\\\/centrourbano.com\\\/revista\\\/inmobiliario\\\/el-sector-terciario-ha-sido-el-mas-afectado-por-la-pandemia-concanaco\\\/#primaryimage\"},\"image\":{\"@id\":\"https:\\\/\\\/centrourbano.com\\\/revista\\\/inmobiliario\\\/el-sector-terciario-ha-sido-el-mas-afectado-por-la-pandemia-concanaco\\\/#primaryimage\"},\"thumbnailUrl\":\"https:\\\/\\\/centrourbano.com\\\/revista\\\/wp-content\\\/uploads\\\/pexels-asad-photo-maldives-1268855-scaled-e1621015242445.jpg\",\"datePublished\":\"2021-05-17T11:45:32+00:00\",\"dateModified\":\"2021-05-17T15:02:16+00:00\",\"description\":\"El sector terciario registr\u00f3 entre marzo de 2020 y marzo de 2021, perdidas por casi 1.6 billones de pesos, siendo los negocios del sector...\",\"breadcrumb\":{\"@id\":\"https:\\\/\\\/centrourbano.com\\\/revista\\\/inmobiliario\\\/el-sector-terciario-ha-sido-el-mas-afectado-por-la-pandemia-concanaco\\\/#breadcrumb\"},\"inLanguage\":\"es\",\"potentialAction\":[{\"@type\":\"ReadAction\",\"target\":[\"https:\\\/\\\/centrourbano.com\\\/revista\\\/inmobiliario\\\/el-sector-terciario-ha-sido-el-mas-afectado-por-la-pandemia-concanaco\\\/\"]}]},{\"@type\":\"ImageObject\",\"inLanguage\":\"es\",\"@id\":\"https:\\\/\\\/centrourbano.com\\\/revista\\\/inmobiliario\\\/el-sector-terciario-ha-sido-el-mas-afectado-por-la-pandemia-concanaco\\\/#primaryimage\",\"url\":\"https:\\\/\\\/centrourbano.com\\\/revista\\\/wp-content\\\/uploads\\\/pexels-asad-photo-maldives-1268855-scaled-e1621015242445.jpg\",\"contentUrl\":\"https:\\\/\\\/centrourbano.com\\\/revista\\\/wp-content\\\/uploads\\\/pexels-asad-photo-maldives-1268855-scaled-e1621015242445.jpg\",\"width\":800,\"height\":532,\"caption\":\"El sector terciario ha sido el m\u00e1s afectado por la pandemia: Concanaco\"},{\"@type\":\"BreadcrumbList\",\"@id\":\"https:\\\/\\\/centrourbano.com\\\/revista\\\/inmobiliario\\\/el-sector-terciario-ha-sido-el-mas-afectado-por-la-pandemia-concanaco\\\/#breadcrumb\",\"itemListElement\":[{\"@type\":\"ListItem\",\"position\":1,\"name\":\"Portada\",\"item\":\"https:\\\/\\\/centrourbano.com\\\/revista\\\/\"},{\"@type\":\"ListItem\",\"position\":2,\"name\":\"Sector terciario, el m\u00e1s afectado por la pandemia: Concanaco\"}]},{\"@type\":\"WebSite\",\"@id\":\"https:\\\/\\\/centrourbano.com\\\/revista\\\/#website\",\"url\":\"https:\\\/\\\/centrourbano.com\\\/revista\\\/\",\"name\":\"Centro Urbano\",\"description\":\"Medio especializado en los sectores vivienda, inmobiliario, construcci\u00f3n, arquitectura y urbanismo.\",\"publisher\":{\"@id\":\"https:\\\/\\\/centrourbano.com\\\/revista\\\/#organization\"},\"potentialAction\":[{\"@type\":\"SearchAction\",\"target\":{\"@type\":\"EntryPoint\",\"urlTemplate\":\"https:\\\/\\\/centrourbano.com\\\/revista\\\/?s={search_term_string}\"},\"query-input\":{\"@type\":\"PropertyValueSpecification\",\"valueRequired\":true,\"valueName\":\"search_term_string\"}}],\"inLanguage\":\"es\"},{\"@type\":\"Organization\",\"@id\":\"https:\\\/\\\/centrourbano.com\\\/revista\\\/#organization\",\"name\":\"Centro Urbano\",\"url\":\"https:\\\/\\\/centrourbano.com\\\/revista\\\/\",\"logo\":{\"@type\":\"ImageObject\",\"inLanguage\":\"es\",\"@id\":\"https:\\\/\\\/centrourbano.com\\\/revista\\\/#\\\/schema\\\/logo\\\/image\\\/\",\"url\":\"https:\\\/\\\/centrourbano.com\\\/revista\\\/wp-content\\\/uploads\\\/web_CU_logo-1.png\",\"contentUrl\":\"https:\\\/\\\/centrourbano.com\\\/revista\\\/wp-content\\\/uploads\\\/web_CU_logo-1.png\",\"width\":350,\"height\":91,\"caption\":\"Centro Urbano\"},\"image\":{\"@id\":\"https:\\\/\\\/centrourbano.com\\\/revista\\\/#\\\/schema\\\/logo\\\/image\\\/\"},\"sameAs\":[\"https:\\\/\\\/www.facebook.com\\\/portalcentrourbano\",\"https:\\\/\\\/x.com\\\/CentroUrbano\",\"https:\\\/\\\/www.instagram.com\\\/centro_urbano\\\/\",\"https:\\\/\\\/www.linkedin.com\\\/company\\\/centro-urbano\\\/\",\"http:\\\/\\\/www.youtube.com\\\/user\\\/portalcentrourbano\"]},{\"@type\":\"Person\",\"@id\":\"https:\\\/\\\/centrourbano.com\\\/revista\\\/#\\\/schema\\\/person\\\/370fa0ba2d8dd5bde3fdb8b62ad360aa\",\"name\":\"G4A\",\"image\":{\"@type\":\"ImageObject\",\"inLanguage\":\"es\",\"@id\":\"https:\\\/\\\/secure.gravatar.com\\\/avatar\\\/932a97121b13d5de5bbd8193c6c83d3b92c9eda0f39623607d4280e7a5778d97?s=96&d=mm&r=g\",\"url\":\"https:\\\/\\\/secure.gravatar.com\\\/avatar\\\/932a97121b13d5de5bbd8193c6c83d3b92c9eda0f39623607d4280e7a5778d97?s=96&d=mm&r=g\",\"contentUrl\":\"https:\\\/\\\/secure.gravatar.com\\\/avatar\\\/932a97121b13d5de5bbd8193c6c83d3b92c9eda0f39623607d4280e7a5778d97?s=96&d=mm&r=g\",\"caption\":\"G4A\"},\"url\":\"https:\\\/\\\/centrourbano.com\\\/revista\\\/author\\\/admin-g4a\\\/\"}]}<\/script>\n<!-- \/ Yoast SEO plugin. -->","yoast_head_json":{"title":"El sector terciario ha sido el m\u00e1s afectado por la pandemia: Concanaco","description":"El sector terciario registr\u00f3 entre marzo de 2020 y marzo de 2021, perdidas por casi 1.6 billones de pesos, siendo los negocios del sector...","robots":{"index":"index","follow":"follow","max-snippet":"max-snippet:-1","max-image-preview":"max-image-preview:large","max-video-preview":"max-video-preview:-1"},"canonical":"https:\/\/centrourbano.com\/revista\/inmobiliario\/el-sector-terciario-ha-sido-el-mas-afectado-por-la-pandemia-concanaco\/","og_locale":"es_ES","og_type":"article","og_title":"El sector terciario ha sido el m\u00e1s afectado por la pandemia: Concanaco","og_description":"El sector terciario registr\u00f3 entre marzo de 2020 y marzo de 2021, perdidas por casi 1.6 billones de pesos, siendo los negocios del sector...","og_url":"https:\/\/centrourbano.com\/revista\/inmobiliario\/el-sector-terciario-ha-sido-el-mas-afectado-por-la-pandemia-concanaco\/","og_site_name":"Centro Urbano","article_publisher":"https:\/\/www.facebook.com\/portalcentrourbano","article_published_time":"2021-05-17T11:45:32+00:00","article_modified_time":"2021-05-17T15:02:16+00:00","og_image":[{"width":800,"height":532,"url":"https:\/\/centrourbano.com\/revista\/wp-content\/uploads\/pexels-asad-photo-maldives-1268855-scaled-e1621015242445.jpg","type":"image\/jpeg"}],"author":"G4A","twitter_card":"summary_large_image","twitter_creator":"@CentroUrbano","twitter_site":"@CentroUrbano","twitter_misc":{"Escrito por":"G4A","Tiempo de lectura":"3 minutos"},"schema":{"@context":"https:\/\/schema.org","@graph":[{"@type":"Article","@id":"https:\/\/centrourbano.com\/revista\/inmobiliario\/el-sector-terciario-ha-sido-el-mas-afectado-por-la-pandemia-concanaco\/#article","isPartOf":{"@id":"https:\/\/centrourbano.com\/revista\/inmobiliario\/el-sector-terciario-ha-sido-el-mas-afectado-por-la-pandemia-concanaco\/"},"author":{"name":"G4A","@id":"https:\/\/centrourbano.com\/revista\/#\/schema\/person\/370fa0ba2d8dd5bde3fdb8b62ad360aa"},"headline":"Sector terciario, el m\u00e1s afectado por la pandemia: Concanaco","datePublished":"2021-05-17T11:45:32+00:00","dateModified":"2021-05-17T15:02:16+00:00","mainEntityOfPage":{"@id":"https:\/\/centrourbano.com\/revista\/inmobiliario\/el-sector-terciario-ha-sido-el-mas-afectado-por-la-pandemia-concanaco\/"},"wordCount":520,"commentCount":0,"publisher":{"@id":"https:\/\/centrourbano.com\/revista\/#organization"},"image":{"@id":"https:\/\/centrourbano.com\/revista\/inmobiliario\/el-sector-terciario-ha-sido-el-mas-afectado-por-la-pandemia-concanaco\/#primaryimage"},"thumbnailUrl":"https:\/\/centrourbano.com\/revista\/wp-content\/uploads\/pexels-asad-photo-maldives-1268855-scaled-e1621015242445.jpg","keywords":["afectaciones por Covid-19","Comercio","Concanco-Servytur","COVID-19","pandemia por Covid-19","sector terciario","sem\u00e1foro epidemiol\u00f3gico","turismo"],"articleSection":["Actualidad","Cobertura Covid-19","Inmobiliario"],"inLanguage":"es"},{"@type":"WebPage","@id":"https:\/\/centrourbano.com\/revista\/inmobiliario\/el-sector-terciario-ha-sido-el-mas-afectado-por-la-pandemia-concanaco\/","url":"https:\/\/centrourbano.com\/revista\/inmobiliario\/el-sector-terciario-ha-sido-el-mas-afectado-por-la-pandemia-concanaco\/","name":"El sector terciario ha sido el m\u00e1s afectado por la pandemia: Concanaco","isPartOf":{"@id":"https:\/\/centrourbano.com\/revista\/#website"},"primaryImageOfPage":{"@id":"https:\/\/centrourbano.com\/revista\/inmobiliario\/el-sector-terciario-ha-sido-el-mas-afectado-por-la-pandemia-concanaco\/#primaryimage"},"image":{"@id":"https:\/\/centrourbano.com\/revista\/inmobiliario\/el-sector-terciario-ha-sido-el-mas-afectado-por-la-pandemia-concanaco\/#primaryimage"},"thumbnailUrl":"https:\/\/centrourbano.com\/revista\/wp-content\/uploads\/pexels-asad-photo-maldives-1268855-scaled-e1621015242445.jpg","datePublished":"2021-05-17T11:45:32+00:00","dateModified":"2021-05-17T15:02:16+00:00","description":"El sector terciario registr\u00f3 entre marzo de 2020 y marzo de 2021, perdidas por casi 1.6 billones de pesos, siendo los negocios del sector...","breadcrumb":{"@id":"https:\/\/centrourbano.com\/revista\/inmobiliario\/el-sector-terciario-ha-sido-el-mas-afectado-por-la-pandemia-concanaco\/#breadcrumb"},"inLanguage":"es","potentialAction":[{"@type":"ReadAction","target":["https:\/\/centrourbano.com\/revista\/inmobiliario\/el-sector-terciario-ha-sido-el-mas-afectado-por-la-pandemia-concanaco\/"]}]},{"@type":"ImageObject","inLanguage":"es","@id":"https:\/\/centrourbano.com\/revista\/inmobiliario\/el-sector-terciario-ha-sido-el-mas-afectado-por-la-pandemia-concanaco\/#primaryimage","url":"https:\/\/centrourbano.com\/revista\/wp-content\/uploads\/pexels-asad-photo-maldives-1268855-scaled-e1621015242445.jpg","contentUrl":"https:\/\/centrourbano.com\/revista\/wp-content\/uploads\/pexels-asad-photo-maldives-1268855-scaled-e1621015242445.jpg","width":800,"height":532,"caption":"El sector terciario ha sido el m\u00e1s afectado por la pandemia: Concanaco"},{"@type":"BreadcrumbList","@id":"https:\/\/centrourbano.com\/revista\/inmobiliario\/el-sector-terciario-ha-sido-el-mas-afectado-por-la-pandemia-concanaco\/#breadcrumb","itemListElement":[{"@type":"ListItem","position":1,"name":"Portada","item":"https:\/\/centrourbano.com\/revista\/"},{"@type":"ListItem","position":2,"name":"Sector terciario, el m\u00e1s afectado por la pandemia: Concanaco"}]},{"@type":"WebSite","@id":"https:\/\/centrourbano.com\/revista\/#website","url":"https:\/\/centrourbano.com\/revista\/","name":"Centro Urbano","description":"Medio especializado en los sectores vivienda, inmobiliario, construcci\u00f3n, arquitectura y urbanismo.","publisher":{"@id":"https:\/\/centrourbano.com\/revista\/#organization"},"potentialAction":[{"@type":"SearchAction","target":{"@type":"EntryPoint","urlTemplate":"https:\/\/centrourbano.com\/revista\/?s={search_term_string}"},"query-input":{"@type":"PropertyValueSpecification","valueRequired":true,"valueName":"search_term_string"}}],"inLanguage":"es"},{"@type":"Organization","@id":"https:\/\/centrourbano.com\/revista\/#organization","name":"Centro Urbano","url":"https:\/\/centrourbano.com\/revista\/","logo":{"@type":"ImageObject","inLanguage":"es","@id":"https:\/\/centrourbano.com\/revista\/#\/schema\/logo\/image\/","url":"https:\/\/centrourbano.com\/revista\/wp-content\/uploads\/web_CU_logo-1.png","contentUrl":"https:\/\/centrourbano.com\/revista\/wp-content\/uploads\/web_CU_logo-1.png","width":350,"height":91,"caption":"Centro Urbano"},"image":{"@id":"https:\/\/centrourbano.com\/revista\/#\/schema\/logo\/image\/"},"sameAs":["https:\/\/www.facebook.com\/portalcentrourbano","https:\/\/x.com\/CentroUrbano","https:\/\/www.instagram.com\/centro_urbano\/","https:\/\/www.linkedin.com\/company\/centro-urbano\/","http:\/\/www.youtube.com\/user\/portalcentrourbano"]},{"@type":"Person","@id":"https:\/\/centrourbano.com\/revista\/#\/schema\/person\/370fa0ba2d8dd5bde3fdb8b62ad360aa","name":"G4A","image":{"@type":"ImageObject","inLanguage":"es","@id":"https:\/\/secure.gravatar.com\/avatar\/932a97121b13d5de5bbd8193c6c83d3b92c9eda0f39623607d4280e7a5778d97?s=96&d=mm&r=g","url":"https:\/\/secure.gravatar.com\/avatar\/932a97121b13d5de5bbd8193c6c83d3b92c9eda0f39623607d4280e7a5778d97?s=96&d=mm&r=g","contentUrl":"https:\/\/secure.gravatar.com\/avatar\/932a97121b13d5de5bbd8193c6c83d3b92c9eda0f39623607d4280e7a5778d97?s=96&d=mm&r=g","caption":"G4A"},"url":"https:\/\/centrourbano.com\/revista\/author\/admin-g4a\/"}]}},"_links":{"self":[{"href":"https:\/\/centrourbano.com\/revista\/wp-json\/wp\/v2\/posts\/116769","targetHints":{"allow":["GET"]}}],"collection":[{"href":"https:\/\/centrourbano.com\/revista\/wp-json\/wp\/v2\/posts"}],"about":[{"href":"https:\/\/centrourbano.com\/revista\/wp-json\/wp\/v2\/types\/post"}],"author":[{"embeddable":true,"href":"https:\/\/centrourbano.com\/revista\/wp-json\/wp\/v2\/users\/77"}],"replies":[{"embeddable":true,"href":"https:\/\/centrourbano.com\/revista\/wp-json\/wp\/v2\/comments?post=116769"}],"version-history":[{"count":8,"href":"https:\/\/centrourbano.com\/revista\/wp-json\/wp\/v2\/posts\/116769\/revisions"}],"predecessor-version":[{"id":117036,"href":"https:\/\/centrourbano.com\/revista\/wp-json\/wp\/v2\/posts\/116769\/revisions\/117036"}],"wp:featuredmedia":[{"embeddable":true,"href":"https:\/\/centrourbano.com\/revista\/wp-json\/wp\/v2\/media\/116770"}],"wp:attachment":[{"href":"https:\/\/centrourbano.com\/revista\/wp-json\/wp\/v2\/media?parent=116769"}],"wp:term":[{"taxonomy":"category","embeddable":true,"href":"https:\/\/centrourbano.com\/revista\/wp-json\/wp\/v2\/categories?post=116769"},{"taxonomy":"post_tag","embeddable":true,"href":"https:\/\/centrourbano.com\/revista\/wp-json\/wp\/v2\/tags?post=116769"}],"curies":[{"name":"wp","href":"https:\/\/api.w.org\/{rel}","templated":true}]}}