{"id":116751,"date":"2021-05-14T08:30:01","date_gmt":"2021-05-14T13:30:01","guid":{"rendered":"https:\/\/centrourbano.com\/?p=116751"},"modified":"2021-05-13T18:54:55","modified_gmt":"2021-05-13T23:54:55","slug":"tema-foro-urbano-mundial","status":"publish","type":"post","link":"https:\/\/centrourbano.com\/revista\/urbanismo\/tema-foro-urbano-mundial\/","title":{"rendered":"Este ser\u00e1 el tema del pr\u00f3ximo Foro Urbano Mundial"},"content":{"rendered":"<p><em>El und\u00e9cimo Foro Urbano Mundial contar\u00e1 con la participaci\u00f3n de l\u00edderes pol\u00edticos, acad\u00e9micos, empresarios, l\u00edderes comunitarios y planificadores urbanos de todo el mundo<\/em><!--more--><\/p>\n<p><a href=\"https:\/\/onuhabitat.org.mx\/\" target=\"_blank\" rel=\"noopener noreferrer\"><strong>ONU-Habitat<\/strong><\/a> dio a conocer el tema del pr\u00f3ximo <strong>Foro Urbano Mundial<\/strong> (<strong>WUF<\/strong>), la principal reuni\u00f3n mundial sobre ciudades y urbanismo sostenible; que se llevar\u00e1 a cabo del <strong>26 al 30 de junio de 2022<\/strong> en la ciudad de <strong>Katowice<\/strong>, Polonia.<\/p>\n<p>El encuentro se realizar\u00e1 bajo el tema \u2018<strong>Transformar nuestras ciudades para un mejor futuro urbano<\/strong>\u2019. Mediante el cual se plantear\u00e1n preguntas importantes sobre el futuro de las ciudades; incluida la forma que deber\u00edan tomar y el tipo de ciudades necesarias para apoyar el futuro de la humanidad.<\/p>\n<p>Adem\u00e1s, durante el Foro se presentar\u00e1 el <strong>Plan de acci\u00f3n para las ciudades<\/strong>; un cat\u00e1logo de acciones que transforman las ciudades de Polonia en lugares verdes, accesibles y productivos. Esto incluir\u00e1 la promoci\u00f3n del transporte y la energ\u00eda sin carbono, la ecologizaci\u00f3n de las ciudades y las actividades para dise\u00f1ar lugares p\u00fablicos accesibles.<\/p>\n<p>La und\u00e9cima sesi\u00f3n del <strong>WUF<\/strong> se organiza conjuntamente por el <strong>Ministerio de Fondos de Desarrollo y Pol\u00edtica Regional de Polonia<\/strong> y la <strong>Oficina Municipal de Katowice;<\/strong> asimismo se convoca por <strong>ONU-Habitat<\/strong>. Y contar\u00e1 con la participaci\u00f3n de l\u00edderes pol\u00edticos, acad\u00e9micos, empresarios, l\u00edderes comunitarios y planificadores urbanos de todo el mundo.<\/p>\n<p>\u201cEspero trabajar en estrecha colaboraci\u00f3n con Polonia y la ciudad de <strong>Katowice<\/strong>, para albergar la 11\u00aa sesi\u00f3n del <strong>Foro Urbano Mundial<\/strong>.<\/p>\n<p>\u201cEl WUF11 es una oportunidad para que Polonia demuestre a la comunidad mundial su propio compromiso para lograr un futuro urbano sostenible. <strong>Katowice<\/strong> es un maravilloso ejemplo de regeneraci\u00f3n urbana. Y espero que podamos aprovechar estos ejemplos y liderazgo para compartir una amplia gama de experiencias globales en 2022; creando ciudades inclusivas y pr\u00f3speras con oportunidades para todos\u201d, dijo <strong>Maimunah Mohd Sharif<\/strong>, <strong>directora ejecutiva de ONU-Habitat<\/strong>.<\/p>\n<p>El <strong>Foro Urbano Mundial<\/strong> se celebra cada dos a\u00f1os, y esta ser\u00e1 la primera vez que se realiza desde Europa del Este. El \u00faltimo WUF se celebr\u00f3 en <a href=\"https:\/\/centrourbano.com\/2020\/01\/24\/ciudades-de-oportunidades-cultura-e-innovacion-tema-del-wuf10\/\" target=\"_blank\" rel=\"noopener noreferrer\"><strong>Abu Dhabi<\/strong><\/a>, la capital de los Emiratos \u00c1rabes Unidos, en febrero de 2020.<\/p>\n","protected":false},"excerpt":{"rendered":"<p>El und\u00e9cimo Foro Urbano Mundial contar\u00e1 con la participaci\u00f3n de l\u00edderes pol\u00edticos, acad\u00e9micos, empresarios, l\u00edderes comunitarios y planificadores urbanos de todo el mundo<\/p>\n","protected":false},"author":73,"featured_media":116752,"comment_status":"open","ping_status":"closed","sticky":false,"template":"","format":"standard","meta":{"om_disable_all_campaigns":false,"inline_featured_image":false,"_monsterinsights_skip_tracking":false,"_monsterinsights_sitenote_active":false,"_monsterinsights_sitenote_note":"","_monsterinsights_sitenote_category":0,"footnotes":""},"categories":[10585,82],"tags":[211,1382,2653,9481,20487],"class_list":["post-116751","post","type-post","status-publish","format-standard","has-post-thumbnail","hentry","category-eventos","category-urbanismo","tag-ciudades","tag-foro-urbano-mundial","tag-onu-habitat","tag-polonia","tag-wuf11"],"yoast_head":"<!-- This site is optimized with the Yoast SEO plugin v27.4 - https:\/\/yoast.com\/product\/yoast-seo-wordpress\/ -->\n<title>Este ser\u00e1 el tema del pr\u00f3ximo Foro Urbano Mundial<\/title>\n<meta name=\"description\" content=\"El und\u00e9cimo Foro contar\u00e1 con la participaci\u00f3n de l\u00edderes pol\u00edticos, acad\u00e9micos, empresarios, l\u00edderes comunitarios y planificadores urbanos\" \/>\n<meta name=\"robots\" content=\"index, follow, max-snippet:-1, max-image-preview:large, max-video-preview:-1\" \/>\n<link rel=\"canonical\" href=\"https:\/\/centrourbano.com\/revista\/urbanismo\/tema-foro-urbano-mundial\/\" \/>\n<meta property=\"og:locale\" content=\"es_ES\" \/>\n<meta property=\"og:type\" content=\"article\" \/>\n<meta property=\"og:title\" content=\"Este ser\u00e1 el tema del pr\u00f3ximo Foro Urbano Mundial\" \/>\n<meta property=\"og:description\" content=\"El und\u00e9cimo Foro contar\u00e1 con la participaci\u00f3n de l\u00edderes pol\u00edticos, acad\u00e9micos, empresarios, l\u00edderes comunitarios y planificadores urbanos\" \/>\n<meta property=\"og:url\" content=\"https:\/\/centrourbano.com\/revista\/urbanismo\/tema-foro-urbano-mundial\/\" \/>\n<meta property=\"og:site_name\" content=\"Centro Urbano\" \/>\n<meta property=\"article:publisher\" content=\"https:\/\/www.facebook.com\/portalcentrourbano\" \/>\n<meta property=\"article:published_time\" content=\"2021-05-14T13:30:01+00:00\" \/>\n<meta property=\"og:image\" content=\"https:\/\/centrourbano.com\/revista\/wp-content\/uploads\/Este-sera-el-tema-del-proximo-Foro-Urbano-Mundial.jpg\" \/>\n\t<meta property=\"og:image:width\" content=\"800\" \/>\n\t<meta property=\"og:image:height\" content=\"450\" \/>\n\t<meta property=\"og:image:type\" content=\"image\/jpeg\" \/>\n<meta name=\"author\" content=\"Fernanda Hern\u00e1ndez\" \/>\n<meta name=\"twitter:card\" content=\"summary_large_image\" \/>\n<meta name=\"twitter:creator\" content=\"@https:\/\/twitter.com\/Nannz_Hernandez\" \/>\n<meta name=\"twitter:site\" content=\"@CentroUrbano\" \/>\n<meta name=\"twitter:label1\" content=\"Escrito por\" \/>\n\t<meta name=\"twitter:data1\" content=\"Fernanda Hern\u00e1ndez\" \/>\n\t<meta name=\"twitter:label2\" content=\"Tiempo de lectura\" \/>\n\t<meta name=\"twitter:data2\" content=\"2 minutos\" \/>\n<script type=\"application\/ld+json\" class=\"yoast-schema-graph\">{\"@context\":\"https:\\\/\\\/schema.org\",\"@graph\":[{\"@type\":\"Article\",\"@id\":\"https:\\\/\\\/centrourbano.com\\\/revista\\\/urbanismo\\\/tema-foro-urbano-mundial\\\/#article\",\"isPartOf\":{\"@id\":\"https:\\\/\\\/centrourbano.com\\\/revista\\\/urbanismo\\\/tema-foro-urbano-mundial\\\/\"},\"author\":{\"name\":\"Fernanda Hern\u00e1ndez\",\"@id\":\"https:\\\/\\\/centrourbano.com\\\/revista\\\/#\\\/schema\\\/person\\\/b190b20bbbceb41ec72278c546fa8df3\"},\"headline\":\"Este ser\u00e1 el tema del pr\u00f3ximo Foro Urbano Mundial\",\"datePublished\":\"2021-05-14T13:30:01+00:00\",\"mainEntityOfPage\":{\"@id\":\"https:\\\/\\\/centrourbano.com\\\/revista\\\/urbanismo\\\/tema-foro-urbano-mundial\\\/\"},\"wordCount\":376,\"commentCount\":0,\"publisher\":{\"@id\":\"https:\\\/\\\/centrourbano.com\\\/revista\\\/#organization\"},\"image\":{\"@id\":\"https:\\\/\\\/centrourbano.com\\\/revista\\\/urbanismo\\\/tema-foro-urbano-mundial\\\/#primaryimage\"},\"thumbnailUrl\":\"https:\\\/\\\/centrourbano.com\\\/revista\\\/wp-content\\\/uploads\\\/Este-sera-el-tema-del-proximo-Foro-Urbano-Mundial.jpg\",\"keywords\":[\"ciudades\",\"Foro Urbano Mundial\",\"ONU-Habitat\",\"Polonia\",\"WUF11\"],\"articleSection\":[\"Eventos\",\"Urbanismo\"],\"inLanguage\":\"es\",\"potentialAction\":[{\"@type\":\"CommentAction\",\"name\":\"Comment\",\"target\":[\"https:\\\/\\\/centrourbano.com\\\/revista\\\/urbanismo\\\/tema-foro-urbano-mundial\\\/#respond\"]}]},{\"@type\":\"WebPage\",\"@id\":\"https:\\\/\\\/centrourbano.com\\\/revista\\\/urbanismo\\\/tema-foro-urbano-mundial\\\/\",\"url\":\"https:\\\/\\\/centrourbano.com\\\/revista\\\/urbanismo\\\/tema-foro-urbano-mundial\\\/\",\"name\":\"Este ser\u00e1 el tema del pr\u00f3ximo Foro Urbano Mundial\",\"isPartOf\":{\"@id\":\"https:\\\/\\\/centrourbano.com\\\/revista\\\/#website\"},\"primaryImageOfPage\":{\"@id\":\"https:\\\/\\\/centrourbano.com\\\/revista\\\/urbanismo\\\/tema-foro-urbano-mundial\\\/#primaryimage\"},\"image\":{\"@id\":\"https:\\\/\\\/centrourbano.com\\\/revista\\\/urbanismo\\\/tema-foro-urbano-mundial\\\/#primaryimage\"},\"thumbnailUrl\":\"https:\\\/\\\/centrourbano.com\\\/revista\\\/wp-content\\\/uploads\\\/Este-sera-el-tema-del-proximo-Foro-Urbano-Mundial.jpg\",\"datePublished\":\"2021-05-14T13:30:01+00:00\",\"description\":\"El und\u00e9cimo Foro contar\u00e1 con la participaci\u00f3n de l\u00edderes pol\u00edticos, acad\u00e9micos, empresarios, l\u00edderes comunitarios y planificadores urbanos\",\"breadcrumb\":{\"@id\":\"https:\\\/\\\/centrourbano.com\\\/revista\\\/urbanismo\\\/tema-foro-urbano-mundial\\\/#breadcrumb\"},\"inLanguage\":\"es\",\"potentialAction\":[{\"@type\":\"ReadAction\",\"target\":[\"https:\\\/\\\/centrourbano.com\\\/revista\\\/urbanismo\\\/tema-foro-urbano-mundial\\\/\"]}]},{\"@type\":\"ImageObject\",\"inLanguage\":\"es\",\"@id\":\"https:\\\/\\\/centrourbano.com\\\/revista\\\/urbanismo\\\/tema-foro-urbano-mundial\\\/#primaryimage\",\"url\":\"https:\\\/\\\/centrourbano.com\\\/revista\\\/wp-content\\\/uploads\\\/Este-sera-el-tema-del-proximo-Foro-Urbano-Mundial.jpg\",\"contentUrl\":\"https:\\\/\\\/centrourbano.com\\\/revista\\\/wp-content\\\/uploads\\\/Este-sera-el-tema-del-proximo-Foro-Urbano-Mundial.jpg\",\"width\":800,\"height\":450,\"caption\":\"El und\u00e9cimo Foro contar\u00e1 con la participaci\u00f3n de l\u00edderes pol\u00edticos, acad\u00e9micos, empresarios, l\u00edderes comunitarios y planificadores urbanos\"},{\"@type\":\"BreadcrumbList\",\"@id\":\"https:\\\/\\\/centrourbano.com\\\/revista\\\/urbanismo\\\/tema-foro-urbano-mundial\\\/#breadcrumb\",\"itemListElement\":[{\"@type\":\"ListItem\",\"position\":1,\"name\":\"Portada\",\"item\":\"https:\\\/\\\/centrourbano.com\\\/revista\\\/\"},{\"@type\":\"ListItem\",\"position\":2,\"name\":\"Este ser\u00e1 el tema del pr\u00f3ximo Foro Urbano Mundial\"}]},{\"@type\":\"WebSite\",\"@id\":\"https:\\\/\\\/centrourbano.com\\\/revista\\\/#website\",\"url\":\"https:\\\/\\\/centrourbano.com\\\/revista\\\/\",\"name\":\"Centro Urbano\",\"description\":\"Medio especializado en los sectores vivienda, inmobiliario, construcci\u00f3n, arquitectura y urbanismo.\",\"publisher\":{\"@id\":\"https:\\\/\\\/centrourbano.com\\\/revista\\\/#organization\"},\"potentialAction\":[{\"@type\":\"SearchAction\",\"target\":{\"@type\":\"EntryPoint\",\"urlTemplate\":\"https:\\\/\\\/centrourbano.com\\\/revista\\\/?s={search_term_string}\"},\"query-input\":{\"@type\":\"PropertyValueSpecification\",\"valueRequired\":true,\"valueName\":\"search_term_string\"}}],\"inLanguage\":\"es\"},{\"@type\":\"Organization\",\"@id\":\"https:\\\/\\\/centrourbano.com\\\/revista\\\/#organization\",\"name\":\"Centro Urbano\",\"url\":\"https:\\\/\\\/centrourbano.com\\\/revista\\\/\",\"logo\":{\"@type\":\"ImageObject\",\"inLanguage\":\"es\",\"@id\":\"https:\\\/\\\/centrourbano.com\\\/revista\\\/#\\\/schema\\\/logo\\\/image\\\/\",\"url\":\"https:\\\/\\\/centrourbano.com\\\/revista\\\/wp-content\\\/uploads\\\/web_CU_logo-1.png\",\"contentUrl\":\"https:\\\/\\\/centrourbano.com\\\/revista\\\/wp-content\\\/uploads\\\/web_CU_logo-1.png\",\"width\":350,\"height\":91,\"caption\":\"Centro Urbano\"},\"image\":{\"@id\":\"https:\\\/\\\/centrourbano.com\\\/revista\\\/#\\\/schema\\\/logo\\\/image\\\/\"},\"sameAs\":[\"https:\\\/\\\/www.facebook.com\\\/portalcentrourbano\",\"https:\\\/\\\/x.com\\\/CentroUrbano\",\"https:\\\/\\\/www.instagram.com\\\/centro_urbano\\\/\",\"https:\\\/\\\/www.linkedin.com\\\/company\\\/centro-urbano\\\/\",\"http:\\\/\\\/www.youtube.com\\\/user\\\/portalcentrourbano\"]},{\"@type\":\"Person\",\"@id\":\"https:\\\/\\\/centrourbano.com\\\/revista\\\/#\\\/schema\\\/person\\\/b190b20bbbceb41ec72278c546fa8df3\",\"name\":\"Fernanda Hern\u00e1ndez\",\"image\":{\"@type\":\"ImageObject\",\"inLanguage\":\"es\",\"@id\":\"https:\\\/\\\/secure.gravatar.com\\\/avatar\\\/9471831fb0a24eae9d32d826a7cb8ef07c34a41520aca1a0ab1f5c0903ba49b9?s=96&d=mm&r=g\",\"url\":\"https:\\\/\\\/secure.gravatar.com\\\/avatar\\\/9471831fb0a24eae9d32d826a7cb8ef07c34a41520aca1a0ab1f5c0903ba49b9?s=96&d=mm&r=g\",\"contentUrl\":\"https:\\\/\\\/secure.gravatar.com\\\/avatar\\\/9471831fb0a24eae9d32d826a7cb8ef07c34a41520aca1a0ab1f5c0903ba49b9?s=96&d=mm&r=g\",\"caption\":\"Fernanda Hern\u00e1ndez\"},\"description\":\"Reportera y redactora en Centro Urbano. Soy egresada de la licenciatura en Ciencias de la Comunicaci\u00f3n de la Facultad de Ciencias Pol\u00edticas y Sociales (UNAM). Me interesa la cultura, el urbanismo y la arquitectura. Amante del mundo digital, el cine, la m\u00fasica, la lectura y la escritura.\",\"sameAs\":[\"https:\\\/\\\/x.com\\\/https:\\\/\\\/twitter.com\\\/Nannz_Hernandez\"],\"url\":\"https:\\\/\\\/centrourbano.com\\\/revista\\\/author\\\/fernanda-hernandez\\\/\"}]}<\/script>\n<!-- \/ Yoast SEO plugin. -->","yoast_head_json":{"title":"Este ser\u00e1 el tema del pr\u00f3ximo Foro Urbano Mundial","description":"El und\u00e9cimo Foro contar\u00e1 con la participaci\u00f3n de l\u00edderes pol\u00edticos, acad\u00e9micos, empresarios, l\u00edderes comunitarios y planificadores urbanos","robots":{"index":"index","follow":"follow","max-snippet":"max-snippet:-1","max-image-preview":"max-image-preview:large","max-video-preview":"max-video-preview:-1"},"canonical":"https:\/\/centrourbano.com\/revista\/urbanismo\/tema-foro-urbano-mundial\/","og_locale":"es_ES","og_type":"article","og_title":"Este ser\u00e1 el tema del pr\u00f3ximo Foro Urbano Mundial","og_description":"El und\u00e9cimo Foro contar\u00e1 con la participaci\u00f3n de l\u00edderes pol\u00edticos, acad\u00e9micos, empresarios, l\u00edderes comunitarios y planificadores urbanos","og_url":"https:\/\/centrourbano.com\/revista\/urbanismo\/tema-foro-urbano-mundial\/","og_site_name":"Centro Urbano","article_publisher":"https:\/\/www.facebook.com\/portalcentrourbano","article_published_time":"2021-05-14T13:30:01+00:00","og_image":[{"width":800,"height":450,"url":"https:\/\/centrourbano.com\/revista\/wp-content\/uploads\/Este-sera-el-tema-del-proximo-Foro-Urbano-Mundial.jpg","type":"image\/jpeg"}],"author":"Fernanda Hern\u00e1ndez","twitter_card":"summary_large_image","twitter_creator":"@https:\/\/twitter.com\/Nannz_Hernandez","twitter_site":"@CentroUrbano","twitter_misc":{"Escrito por":"Fernanda Hern\u00e1ndez","Tiempo de lectura":"2 minutos"},"schema":{"@context":"https:\/\/schema.org","@graph":[{"@type":"Article","@id":"https:\/\/centrourbano.com\/revista\/urbanismo\/tema-foro-urbano-mundial\/#article","isPartOf":{"@id":"https:\/\/centrourbano.com\/revista\/urbanismo\/tema-foro-urbano-mundial\/"},"author":{"name":"Fernanda Hern\u00e1ndez","@id":"https:\/\/centrourbano.com\/revista\/#\/schema\/person\/b190b20bbbceb41ec72278c546fa8df3"},"headline":"Este ser\u00e1 el tema del pr\u00f3ximo Foro Urbano Mundial","datePublished":"2021-05-14T13:30:01+00:00","mainEntityOfPage":{"@id":"https:\/\/centrourbano.com\/revista\/urbanismo\/tema-foro-urbano-mundial\/"},"wordCount":376,"commentCount":0,"publisher":{"@id":"https:\/\/centrourbano.com\/revista\/#organization"},"image":{"@id":"https:\/\/centrourbano.com\/revista\/urbanismo\/tema-foro-urbano-mundial\/#primaryimage"},"thumbnailUrl":"https:\/\/centrourbano.com\/revista\/wp-content\/uploads\/Este-sera-el-tema-del-proximo-Foro-Urbano-Mundial.jpg","keywords":["ciudades","Foro Urbano Mundial","ONU-Habitat","Polonia","WUF11"],"articleSection":["Eventos","Urbanismo"],"inLanguage":"es","potentialAction":[{"@type":"CommentAction","name":"Comment","target":["https:\/\/centrourbano.com\/revista\/urbanismo\/tema-foro-urbano-mundial\/#respond"]}]},{"@type":"WebPage","@id":"https:\/\/centrourbano.com\/revista\/urbanismo\/tema-foro-urbano-mundial\/","url":"https:\/\/centrourbano.com\/revista\/urbanismo\/tema-foro-urbano-mundial\/","name":"Este ser\u00e1 el tema del pr\u00f3ximo Foro Urbano Mundial","isPartOf":{"@id":"https:\/\/centrourbano.com\/revista\/#website"},"primaryImageOfPage":{"@id":"https:\/\/centrourbano.com\/revista\/urbanismo\/tema-foro-urbano-mundial\/#primaryimage"},"image":{"@id":"https:\/\/centrourbano.com\/revista\/urbanismo\/tema-foro-urbano-mundial\/#primaryimage"},"thumbnailUrl":"https:\/\/centrourbano.com\/revista\/wp-content\/uploads\/Este-sera-el-tema-del-proximo-Foro-Urbano-Mundial.jpg","datePublished":"2021-05-14T13:30:01+00:00","description":"El und\u00e9cimo Foro contar\u00e1 con la participaci\u00f3n de l\u00edderes pol\u00edticos, acad\u00e9micos, empresarios, l\u00edderes comunitarios y planificadores urbanos","breadcrumb":{"@id":"https:\/\/centrourbano.com\/revista\/urbanismo\/tema-foro-urbano-mundial\/#breadcrumb"},"inLanguage":"es","potentialAction":[{"@type":"ReadAction","target":["https:\/\/centrourbano.com\/revista\/urbanismo\/tema-foro-urbano-mundial\/"]}]},{"@type":"ImageObject","inLanguage":"es","@id":"https:\/\/centrourbano.com\/revista\/urbanismo\/tema-foro-urbano-mundial\/#primaryimage","url":"https:\/\/centrourbano.com\/revista\/wp-content\/uploads\/Este-sera-el-tema-del-proximo-Foro-Urbano-Mundial.jpg","contentUrl":"https:\/\/centrourbano.com\/revista\/wp-content\/uploads\/Este-sera-el-tema-del-proximo-Foro-Urbano-Mundial.jpg","width":800,"height":450,"caption":"El und\u00e9cimo Foro contar\u00e1 con la participaci\u00f3n de l\u00edderes pol\u00edticos, acad\u00e9micos, empresarios, l\u00edderes comunitarios y planificadores urbanos"},{"@type":"BreadcrumbList","@id":"https:\/\/centrourbano.com\/revista\/urbanismo\/tema-foro-urbano-mundial\/#breadcrumb","itemListElement":[{"@type":"ListItem","position":1,"name":"Portada","item":"https:\/\/centrourbano.com\/revista\/"},{"@type":"ListItem","position":2,"name":"Este ser\u00e1 el tema del pr\u00f3ximo Foro Urbano Mundial"}]},{"@type":"WebSite","@id":"https:\/\/centrourbano.com\/revista\/#website","url":"https:\/\/centrourbano.com\/revista\/","name":"Centro Urbano","description":"Medio especializado en los sectores vivienda, inmobiliario, construcci\u00f3n, arquitectura y urbanismo.","publisher":{"@id":"https:\/\/centrourbano.com\/revista\/#organization"},"potentialAction":[{"@type":"SearchAction","target":{"@type":"EntryPoint","urlTemplate":"https:\/\/centrourbano.com\/revista\/?s={search_term_string}"},"query-input":{"@type":"PropertyValueSpecification","valueRequired":true,"valueName":"search_term_string"}}],"inLanguage":"es"},{"@type":"Organization","@id":"https:\/\/centrourbano.com\/revista\/#organization","name":"Centro Urbano","url":"https:\/\/centrourbano.com\/revista\/","logo":{"@type":"ImageObject","inLanguage":"es","@id":"https:\/\/centrourbano.com\/revista\/#\/schema\/logo\/image\/","url":"https:\/\/centrourbano.com\/revista\/wp-content\/uploads\/web_CU_logo-1.png","contentUrl":"https:\/\/centrourbano.com\/revista\/wp-content\/uploads\/web_CU_logo-1.png","width":350,"height":91,"caption":"Centro Urbano"},"image":{"@id":"https:\/\/centrourbano.com\/revista\/#\/schema\/logo\/image\/"},"sameAs":["https:\/\/www.facebook.com\/portalcentrourbano","https:\/\/x.com\/CentroUrbano","https:\/\/www.instagram.com\/centro_urbano\/","https:\/\/www.linkedin.com\/company\/centro-urbano\/","http:\/\/www.youtube.com\/user\/portalcentrourbano"]},{"@type":"Person","@id":"https:\/\/centrourbano.com\/revista\/#\/schema\/person\/b190b20bbbceb41ec72278c546fa8df3","name":"Fernanda Hern\u00e1ndez","image":{"@type":"ImageObject","inLanguage":"es","@id":"https:\/\/secure.gravatar.com\/avatar\/9471831fb0a24eae9d32d826a7cb8ef07c34a41520aca1a0ab1f5c0903ba49b9?s=96&d=mm&r=g","url":"https:\/\/secure.gravatar.com\/avatar\/9471831fb0a24eae9d32d826a7cb8ef07c34a41520aca1a0ab1f5c0903ba49b9?s=96&d=mm&r=g","contentUrl":"https:\/\/secure.gravatar.com\/avatar\/9471831fb0a24eae9d32d826a7cb8ef07c34a41520aca1a0ab1f5c0903ba49b9?s=96&d=mm&r=g","caption":"Fernanda Hern\u00e1ndez"},"description":"Reportera y redactora en Centro Urbano. Soy egresada de la licenciatura en Ciencias de la Comunicaci\u00f3n de la Facultad de Ciencias Pol\u00edticas y Sociales (UNAM). Me interesa la cultura, el urbanismo y la arquitectura. Amante del mundo digital, el cine, la m\u00fasica, la lectura y la escritura.","sameAs":["https:\/\/x.com\/https:\/\/twitter.com\/Nannz_Hernandez"],"url":"https:\/\/centrourbano.com\/revista\/author\/fernanda-hernandez\/"}]}},"_links":{"self":[{"href":"https:\/\/centrourbano.com\/revista\/wp-json\/wp\/v2\/posts\/116751","targetHints":{"allow":["GET"]}}],"collection":[{"href":"https:\/\/centrourbano.com\/revista\/wp-json\/wp\/v2\/posts"}],"about":[{"href":"https:\/\/centrourbano.com\/revista\/wp-json\/wp\/v2\/types\/post"}],"author":[{"embeddable":true,"href":"https:\/\/centrourbano.com\/revista\/wp-json\/wp\/v2\/users\/73"}],"replies":[{"embeddable":true,"href":"https:\/\/centrourbano.com\/revista\/wp-json\/wp\/v2\/comments?post=116751"}],"version-history":[{"count":1,"href":"https:\/\/centrourbano.com\/revista\/wp-json\/wp\/v2\/posts\/116751\/revisions"}],"predecessor-version":[{"id":116753,"href":"https:\/\/centrourbano.com\/revista\/wp-json\/wp\/v2\/posts\/116751\/revisions\/116753"}],"wp:featuredmedia":[{"embeddable":true,"href":"https:\/\/centrourbano.com\/revista\/wp-json\/wp\/v2\/media\/116752"}],"wp:attachment":[{"href":"https:\/\/centrourbano.com\/revista\/wp-json\/wp\/v2\/media?parent=116751"}],"wp:term":[{"taxonomy":"category","embeddable":true,"href":"https:\/\/centrourbano.com\/revista\/wp-json\/wp\/v2\/categories?post=116751"},{"taxonomy":"post_tag","embeddable":true,"href":"https:\/\/centrourbano.com\/revista\/wp-json\/wp\/v2\/tags?post=116751"}],"curies":[{"name":"wp","href":"https:\/\/api.w.org\/{rel}","templated":true}]}}