{"id":116465,"date":"2021-05-05T16:34:58","date_gmt":"2021-05-05T21:34:58","guid":{"rendered":"https:\/\/centrourbano.com\/?p=116465"},"modified":"2021-05-05T16:55:41","modified_gmt":"2021-05-05T21:55:41","slug":"dictaminacion-linea-12-metro","status":"publish","type":"post","link":"https:\/\/centrourbano.com\/revista\/urbanismo\/dictaminacion-linea-12-metro\/","title":{"rendered":"Inicia dictaminaci\u00f3n de tramos elevados de la L\u00ednea 12 del Metro"},"content":{"rendered":"<p><em>El titular de la Sobse indic\u00f3 que<\/em> <em>los informes de las inspecciones a la L\u00ednea 12 del Metro se tendr\u00e1n, de manera parcial y preliminar, a partir del pr\u00f3ximo viernes<\/em><!--more--><\/p>\n<p>Este martes 4 de mayo, tras el colapso de uno de los tramos del Viaducto Elevado de la <strong>L\u00ednea 12 del Sistema de Transporte Colectivo<\/strong> (<strong>STC<\/strong>) <strong>Metro<\/strong>, entre las estaciones Olivos y San Lorenzo Tezonco, iniciaron los trabajos de <strong>dictaminaci\u00f3n<\/strong> de todos los tramos de la parte elevada de dicha L\u00ednea. Esto con el objetivo de garantizar el servicio y la seguridad en la estructura de este medio de transporte.<\/p>\n<p>La <strong><a href=\"https:\/\/www.jefaturadegobierno.cdmx.gob.mx\/\" target=\"_blank\" rel=\"noopener noreferrer\">Jefa de Gobierno<\/a> de la Ciudad de M\u00e9xico<\/strong>, <strong>Claudia Sheinbaum Pardo<\/strong>, indic\u00f3 que se efectuar\u00e1 una revisi\u00f3n estructural muy detallada de todo el tramo del Viaducto Elevado de la <strong>L\u00ednea 12 del Metro<\/strong>, con la participaci\u00f3n de los mejores ingenieros estructuristas de M\u00e9xico.<\/p>\n<p>Adem\u00e1s, inform\u00f3 que, a trav\u00e9s de la <strong>Secretar\u00eda de Gesti\u00f3n Integral de Riesgos y Protecci\u00f3n Civil<\/strong> (<strong>SGIRPC<\/strong>), se contratar\u00e1 una empresa especialista a nivel mundial para efectuar un peritaje del incidente.<\/p>\n<p>Por su parte, el <strong>titular de la Secretar\u00eda<\/strong> <strong>de Obras y Servicios<\/strong> (<strong>Sobse<\/strong>), <strong>Jes\u00fas Esteva<\/strong>, explic\u00f3 que, para la dictaminaci\u00f3n, se realizar\u00e1n pruebas de laboratorio; as\u00ed como de la calidad de los materiales de soldadura, concreto y acero. Adem\u00e1s, brigadas de top\u00f3grafos tomar\u00e1n mediciones de los desplomos, flexiones, asentamientos, diferenciales y desplazamientos, en caso de existir.<\/p>\n<p>A\u00f1adi\u00f3 que los <strong>informes de las inspecciones<\/strong> se tendr\u00e1n de manera parcial y preliminar a partir del pr\u00f3ximo viernes.<\/p>\n<p>La dictaminaci\u00f3n estructural de la <strong>L\u00ednea 12 del Metro<\/strong> es coordinada por el <strong>Instituto para Seguridad de las Construcciones<\/strong> (<strong>ISC<\/strong>); junto con la Sociedad Mexicana de Ingenier\u00eda Estructural; la Sociedad Mexicana de Ingenier\u00eda Geot\u00e9cnica; el Colegio de Ingenieros Civiles de M\u00e9xico; la Sociedad Mexicana de Ingenier\u00eda S\u00edsmica; as\u00ed como las Asociaciones de Directores Responsables de Obra, y Corresponsables en Seguridad Estructural.<\/p>\n<a href=\"https:\/\/centrourbano.com\/revista\/wp-content\/uploads\/dictamen-Linea-12.jpg\" target=\"_blank\" rel=\"noopener noreferrer\"><img loading=\"lazy\" decoding=\"async\" class=\"aligncenter wp-image-116467 \" src=\"https:\/\/centrourbano.com\/revista\/wp-content\/uploads\/dictamen-Linea-12.jpg\" alt=\"\" width=\"701\" height=\"393\" srcset=\"https:\/\/centrourbano.com\/revista\/wp-content\/uploads\/dictamen-Linea-12.jpg 1068w, https:\/\/centrourbano.com\/revista\/wp-content\/uploads\/dictamen-Linea-12-300x168.jpg 300w, https:\/\/centrourbano.com\/revista\/wp-content\/uploads\/dictamen-Linea-12-1000x561.jpg 1000w, https:\/\/centrourbano.com\/revista\/wp-content\/uploads\/dictamen-Linea-12-768x431.jpg 768w\" sizes=\"auto, (max-width: 701px) 100vw, 701px\" \/><\/a>\n","protected":false},"excerpt":{"rendered":"<p>El titular de la Sobse indic\u00f3 que los informes de las inspecciones a la L\u00ednea 12 del Metro se tendr\u00e1n, de manera parcial y preliminar, a partir del pr\u00f3ximo viernes<\/p>\n","protected":false},"author":73,"featured_media":116466,"comment_status":"open","ping_status":"closed","sticky":false,"template":"","format":"standard","meta":{"om_disable_all_campaigns":false,"inline_featured_image":false,"_monsterinsights_skip_tracking":false,"_monsterinsights_sitenote_active":false,"_monsterinsights_sitenote_note":"","_monsterinsights_sitenote_category":0,"footnotes":""},"categories":[82],"tags":[12932,20467,11286,463,32,18022,402],"class_list":["post-116465","post","type-post","status-publish","format-standard","has-post-thumbnail","hentry","category-urbanismo","tag-colapso","tag-dictaminacion-estructural","tag-gobierno-cdmx","tag-linea-12","tag-metro","tag-sgirpc","tag-sobse"],"yoast_head":"<!-- This site is optimized with the Yoast SEO plugin v27.4 - https:\/\/yoast.com\/product\/yoast-seo-wordpress\/ -->\n<title>Inicia dictaminaci\u00f3n de tramos elevados de la L\u00ednea 12 del Metro<\/title>\n<meta name=\"description\" content=\"El titular de la Sobse indic\u00f3 que los informes de las inspecciones a la L\u00ednea 12 del Metro se tendr\u00e1n a partir del pr\u00f3ximo viernes\" \/>\n<meta name=\"robots\" content=\"index, follow, max-snippet:-1, max-image-preview:large, max-video-preview:-1\" \/>\n<link rel=\"canonical\" href=\"https:\/\/centrourbano.com\/revista\/urbanismo\/dictaminacion-linea-12-metro\/\" \/>\n<meta property=\"og:locale\" content=\"es_ES\" \/>\n<meta property=\"og:type\" content=\"article\" \/>\n<meta property=\"og:title\" content=\"Inicia dictaminaci\u00f3n de tramos elevados de la L\u00ednea 12 del Metro\" \/>\n<meta property=\"og:description\" content=\"El titular de la Sobse indic\u00f3 que los informes de las inspecciones a la L\u00ednea 12 del Metro se tendr\u00e1n a partir del pr\u00f3ximo viernes\" \/>\n<meta property=\"og:url\" content=\"https:\/\/centrourbano.com\/revista\/urbanismo\/dictaminacion-linea-12-metro\/\" \/>\n<meta property=\"og:site_name\" content=\"Centro Urbano\" \/>\n<meta property=\"article:publisher\" content=\"https:\/\/www.facebook.com\/portalcentrourbano\" \/>\n<meta property=\"article:published_time\" content=\"2021-05-05T21:34:58+00:00\" \/>\n<meta property=\"article:modified_time\" content=\"2021-05-05T21:55:41+00:00\" \/>\n<meta property=\"og:image\" content=\"https:\/\/centrourbano.com\/revista\/wp-content\/uploads\/Inicia-dictaminacion-de-tramos-elevados-de-la-Linea-12-del-Metro.jpg\" \/>\n\t<meta property=\"og:image:width\" content=\"800\" \/>\n\t<meta property=\"og:image:height\" content=\"430\" \/>\n\t<meta property=\"og:image:type\" content=\"image\/jpeg\" \/>\n<meta name=\"author\" content=\"Fernanda Hern\u00e1ndez\" \/>\n<meta name=\"twitter:card\" content=\"summary_large_image\" \/>\n<meta name=\"twitter:creator\" content=\"@https:\/\/twitter.com\/Nannz_Hernandez\" \/>\n<meta name=\"twitter:site\" content=\"@CentroUrbano\" \/>\n<meta name=\"twitter:label1\" content=\"Escrito por\" \/>\n\t<meta name=\"twitter:data1\" content=\"Fernanda Hern\u00e1ndez\" \/>\n\t<meta name=\"twitter:label2\" content=\"Tiempo de lectura\" \/>\n\t<meta name=\"twitter:data2\" content=\"2 minutos\" \/>\n<script type=\"application\/ld+json\" class=\"yoast-schema-graph\">{\"@context\":\"https:\\\/\\\/schema.org\",\"@graph\":[{\"@type\":\"Article\",\"@id\":\"https:\\\/\\\/centrourbano.com\\\/revista\\\/urbanismo\\\/dictaminacion-linea-12-metro\\\/#article\",\"isPartOf\":{\"@id\":\"https:\\\/\\\/centrourbano.com\\\/revista\\\/urbanismo\\\/dictaminacion-linea-12-metro\\\/\"},\"author\":{\"name\":\"Fernanda Hern\u00e1ndez\",\"@id\":\"https:\\\/\\\/centrourbano.com\\\/revista\\\/#\\\/schema\\\/person\\\/b190b20bbbceb41ec72278c546fa8df3\"},\"headline\":\"Inicia dictaminaci\u00f3n de tramos elevados de la L\u00ednea 12 del Metro\",\"datePublished\":\"2021-05-05T21:34:58+00:00\",\"dateModified\":\"2021-05-05T21:55:41+00:00\",\"mainEntityOfPage\":{\"@id\":\"https:\\\/\\\/centrourbano.com\\\/revista\\\/urbanismo\\\/dictaminacion-linea-12-metro\\\/\"},\"wordCount\":352,\"commentCount\":0,\"publisher\":{\"@id\":\"https:\\\/\\\/centrourbano.com\\\/revista\\\/#organization\"},\"image\":{\"@id\":\"https:\\\/\\\/centrourbano.com\\\/revista\\\/urbanismo\\\/dictaminacion-linea-12-metro\\\/#primaryimage\"},\"thumbnailUrl\":\"https:\\\/\\\/centrourbano.com\\\/revista\\\/wp-content\\\/uploads\\\/Inicia-dictaminacion-de-tramos-elevados-de-la-Linea-12-del-Metro.jpg\",\"keywords\":[\"colapso\",\"Dictaminaci\u00f3n estructural\",\"Gobierno CDMX\",\"L\u00ednea 12\",\"metro\",\"SGIRPC\",\"Sobse\"],\"articleSection\":[\"Urbanismo\"],\"inLanguage\":\"es\",\"potentialAction\":[{\"@type\":\"CommentAction\",\"name\":\"Comment\",\"target\":[\"https:\\\/\\\/centrourbano.com\\\/revista\\\/urbanismo\\\/dictaminacion-linea-12-metro\\\/#respond\"]}]},{\"@type\":\"WebPage\",\"@id\":\"https:\\\/\\\/centrourbano.com\\\/revista\\\/urbanismo\\\/dictaminacion-linea-12-metro\\\/\",\"url\":\"https:\\\/\\\/centrourbano.com\\\/revista\\\/urbanismo\\\/dictaminacion-linea-12-metro\\\/\",\"name\":\"Inicia dictaminaci\u00f3n de tramos elevados de la L\u00ednea 12 del Metro\",\"isPartOf\":{\"@id\":\"https:\\\/\\\/centrourbano.com\\\/revista\\\/#website\"},\"primaryImageOfPage\":{\"@id\":\"https:\\\/\\\/centrourbano.com\\\/revista\\\/urbanismo\\\/dictaminacion-linea-12-metro\\\/#primaryimage\"},\"image\":{\"@id\":\"https:\\\/\\\/centrourbano.com\\\/revista\\\/urbanismo\\\/dictaminacion-linea-12-metro\\\/#primaryimage\"},\"thumbnailUrl\":\"https:\\\/\\\/centrourbano.com\\\/revista\\\/wp-content\\\/uploads\\\/Inicia-dictaminacion-de-tramos-elevados-de-la-Linea-12-del-Metro.jpg\",\"datePublished\":\"2021-05-05T21:34:58+00:00\",\"dateModified\":\"2021-05-05T21:55:41+00:00\",\"description\":\"El titular de la Sobse indic\u00f3 que los informes de las inspecciones a la L\u00ednea 12 del Metro se tendr\u00e1n a partir del pr\u00f3ximo viernes\",\"breadcrumb\":{\"@id\":\"https:\\\/\\\/centrourbano.com\\\/revista\\\/urbanismo\\\/dictaminacion-linea-12-metro\\\/#breadcrumb\"},\"inLanguage\":\"es\",\"potentialAction\":[{\"@type\":\"ReadAction\",\"target\":[\"https:\\\/\\\/centrourbano.com\\\/revista\\\/urbanismo\\\/dictaminacion-linea-12-metro\\\/\"]}]},{\"@type\":\"ImageObject\",\"inLanguage\":\"es\",\"@id\":\"https:\\\/\\\/centrourbano.com\\\/revista\\\/urbanismo\\\/dictaminacion-linea-12-metro\\\/#primaryimage\",\"url\":\"https:\\\/\\\/centrourbano.com\\\/revista\\\/wp-content\\\/uploads\\\/Inicia-dictaminacion-de-tramos-elevados-de-la-Linea-12-del-Metro.jpg\",\"contentUrl\":\"https:\\\/\\\/centrourbano.com\\\/revista\\\/wp-content\\\/uploads\\\/Inicia-dictaminacion-de-tramos-elevados-de-la-Linea-12-del-Metro.jpg\",\"width\":800,\"height\":430,\"caption\":\"El titular de la Sobse indic\u00f3 que los informes de las inspecciones a la L\u00ednea 12 del Metro se tendr\u00e1n a partir del pr\u00f3ximo viernes\"},{\"@type\":\"BreadcrumbList\",\"@id\":\"https:\\\/\\\/centrourbano.com\\\/revista\\\/urbanismo\\\/dictaminacion-linea-12-metro\\\/#breadcrumb\",\"itemListElement\":[{\"@type\":\"ListItem\",\"position\":1,\"name\":\"Portada\",\"item\":\"https:\\\/\\\/centrourbano.com\\\/revista\\\/\"},{\"@type\":\"ListItem\",\"position\":2,\"name\":\"Inicia dictaminaci\u00f3n de tramos elevados de la L\u00ednea 12 del Metro\"}]},{\"@type\":\"WebSite\",\"@id\":\"https:\\\/\\\/centrourbano.com\\\/revista\\\/#website\",\"url\":\"https:\\\/\\\/centrourbano.com\\\/revista\\\/\",\"name\":\"Centro Urbano\",\"description\":\"Medio especializado en los sectores vivienda, inmobiliario, construcci\u00f3n, arquitectura y urbanismo.\",\"publisher\":{\"@id\":\"https:\\\/\\\/centrourbano.com\\\/revista\\\/#organization\"},\"potentialAction\":[{\"@type\":\"SearchAction\",\"target\":{\"@type\":\"EntryPoint\",\"urlTemplate\":\"https:\\\/\\\/centrourbano.com\\\/revista\\\/?s={search_term_string}\"},\"query-input\":{\"@type\":\"PropertyValueSpecification\",\"valueRequired\":true,\"valueName\":\"search_term_string\"}}],\"inLanguage\":\"es\"},{\"@type\":\"Organization\",\"@id\":\"https:\\\/\\\/centrourbano.com\\\/revista\\\/#organization\",\"name\":\"Centro Urbano\",\"url\":\"https:\\\/\\\/centrourbano.com\\\/revista\\\/\",\"logo\":{\"@type\":\"ImageObject\",\"inLanguage\":\"es\",\"@id\":\"https:\\\/\\\/centrourbano.com\\\/revista\\\/#\\\/schema\\\/logo\\\/image\\\/\",\"url\":\"https:\\\/\\\/centrourbano.com\\\/revista\\\/wp-content\\\/uploads\\\/web_CU_logo-1.png\",\"contentUrl\":\"https:\\\/\\\/centrourbano.com\\\/revista\\\/wp-content\\\/uploads\\\/web_CU_logo-1.png\",\"width\":350,\"height\":91,\"caption\":\"Centro Urbano\"},\"image\":{\"@id\":\"https:\\\/\\\/centrourbano.com\\\/revista\\\/#\\\/schema\\\/logo\\\/image\\\/\"},\"sameAs\":[\"https:\\\/\\\/www.facebook.com\\\/portalcentrourbano\",\"https:\\\/\\\/x.com\\\/CentroUrbano\",\"https:\\\/\\\/www.instagram.com\\\/centro_urbano\\\/\",\"https:\\\/\\\/www.linkedin.com\\\/company\\\/centro-urbano\\\/\",\"http:\\\/\\\/www.youtube.com\\\/user\\\/portalcentrourbano\"]},{\"@type\":\"Person\",\"@id\":\"https:\\\/\\\/centrourbano.com\\\/revista\\\/#\\\/schema\\\/person\\\/b190b20bbbceb41ec72278c546fa8df3\",\"name\":\"Fernanda Hern\u00e1ndez\",\"image\":{\"@type\":\"ImageObject\",\"inLanguage\":\"es\",\"@id\":\"https:\\\/\\\/secure.gravatar.com\\\/avatar\\\/9471831fb0a24eae9d32d826a7cb8ef07c34a41520aca1a0ab1f5c0903ba49b9?s=96&d=mm&r=g\",\"url\":\"https:\\\/\\\/secure.gravatar.com\\\/avatar\\\/9471831fb0a24eae9d32d826a7cb8ef07c34a41520aca1a0ab1f5c0903ba49b9?s=96&d=mm&r=g\",\"contentUrl\":\"https:\\\/\\\/secure.gravatar.com\\\/avatar\\\/9471831fb0a24eae9d32d826a7cb8ef07c34a41520aca1a0ab1f5c0903ba49b9?s=96&d=mm&r=g\",\"caption\":\"Fernanda Hern\u00e1ndez\"},\"description\":\"Reportera y redactora en Centro Urbano. Soy egresada de la licenciatura en Ciencias de la Comunicaci\u00f3n de la Facultad de Ciencias Pol\u00edticas y Sociales (UNAM). Me interesa la cultura, el urbanismo y la arquitectura. Amante del mundo digital, el cine, la m\u00fasica, la lectura y la escritura.\",\"sameAs\":[\"https:\\\/\\\/x.com\\\/https:\\\/\\\/twitter.com\\\/Nannz_Hernandez\"],\"url\":\"https:\\\/\\\/centrourbano.com\\\/revista\\\/author\\\/fernanda-hernandez\\\/\"}]}<\/script>\n<!-- \/ Yoast SEO plugin. -->","yoast_head_json":{"title":"Inicia dictaminaci\u00f3n de tramos elevados de la L\u00ednea 12 del Metro","description":"El titular de la Sobse indic\u00f3 que los informes de las inspecciones a la L\u00ednea 12 del Metro se tendr\u00e1n a partir del pr\u00f3ximo viernes","robots":{"index":"index","follow":"follow","max-snippet":"max-snippet:-1","max-image-preview":"max-image-preview:large","max-video-preview":"max-video-preview:-1"},"canonical":"https:\/\/centrourbano.com\/revista\/urbanismo\/dictaminacion-linea-12-metro\/","og_locale":"es_ES","og_type":"article","og_title":"Inicia dictaminaci\u00f3n de tramos elevados de la L\u00ednea 12 del Metro","og_description":"El titular de la Sobse indic\u00f3 que los informes de las inspecciones a la L\u00ednea 12 del Metro se tendr\u00e1n a partir del pr\u00f3ximo viernes","og_url":"https:\/\/centrourbano.com\/revista\/urbanismo\/dictaminacion-linea-12-metro\/","og_site_name":"Centro Urbano","article_publisher":"https:\/\/www.facebook.com\/portalcentrourbano","article_published_time":"2021-05-05T21:34:58+00:00","article_modified_time":"2021-05-05T21:55:41+00:00","og_image":[{"width":800,"height":430,"url":"https:\/\/centrourbano.com\/revista\/wp-content\/uploads\/Inicia-dictaminacion-de-tramos-elevados-de-la-Linea-12-del-Metro.jpg","type":"image\/jpeg"}],"author":"Fernanda Hern\u00e1ndez","twitter_card":"summary_large_image","twitter_creator":"@https:\/\/twitter.com\/Nannz_Hernandez","twitter_site":"@CentroUrbano","twitter_misc":{"Escrito por":"Fernanda Hern\u00e1ndez","Tiempo de lectura":"2 minutos"},"schema":{"@context":"https:\/\/schema.org","@graph":[{"@type":"Article","@id":"https:\/\/centrourbano.com\/revista\/urbanismo\/dictaminacion-linea-12-metro\/#article","isPartOf":{"@id":"https:\/\/centrourbano.com\/revista\/urbanismo\/dictaminacion-linea-12-metro\/"},"author":{"name":"Fernanda Hern\u00e1ndez","@id":"https:\/\/centrourbano.com\/revista\/#\/schema\/person\/b190b20bbbceb41ec72278c546fa8df3"},"headline":"Inicia dictaminaci\u00f3n de tramos elevados de la L\u00ednea 12 del Metro","datePublished":"2021-05-05T21:34:58+00:00","dateModified":"2021-05-05T21:55:41+00:00","mainEntityOfPage":{"@id":"https:\/\/centrourbano.com\/revista\/urbanismo\/dictaminacion-linea-12-metro\/"},"wordCount":352,"commentCount":0,"publisher":{"@id":"https:\/\/centrourbano.com\/revista\/#organization"},"image":{"@id":"https:\/\/centrourbano.com\/revista\/urbanismo\/dictaminacion-linea-12-metro\/#primaryimage"},"thumbnailUrl":"https:\/\/centrourbano.com\/revista\/wp-content\/uploads\/Inicia-dictaminacion-de-tramos-elevados-de-la-Linea-12-del-Metro.jpg","keywords":["colapso","Dictaminaci\u00f3n estructural","Gobierno CDMX","L\u00ednea 12","metro","SGIRPC","Sobse"],"articleSection":["Urbanismo"],"inLanguage":"es","potentialAction":[{"@type":"CommentAction","name":"Comment","target":["https:\/\/centrourbano.com\/revista\/urbanismo\/dictaminacion-linea-12-metro\/#respond"]}]},{"@type":"WebPage","@id":"https:\/\/centrourbano.com\/revista\/urbanismo\/dictaminacion-linea-12-metro\/","url":"https:\/\/centrourbano.com\/revista\/urbanismo\/dictaminacion-linea-12-metro\/","name":"Inicia dictaminaci\u00f3n de tramos elevados de la L\u00ednea 12 del Metro","isPartOf":{"@id":"https:\/\/centrourbano.com\/revista\/#website"},"primaryImageOfPage":{"@id":"https:\/\/centrourbano.com\/revista\/urbanismo\/dictaminacion-linea-12-metro\/#primaryimage"},"image":{"@id":"https:\/\/centrourbano.com\/revista\/urbanismo\/dictaminacion-linea-12-metro\/#primaryimage"},"thumbnailUrl":"https:\/\/centrourbano.com\/revista\/wp-content\/uploads\/Inicia-dictaminacion-de-tramos-elevados-de-la-Linea-12-del-Metro.jpg","datePublished":"2021-05-05T21:34:58+00:00","dateModified":"2021-05-05T21:55:41+00:00","description":"El titular de la Sobse indic\u00f3 que los informes de las inspecciones a la L\u00ednea 12 del Metro se tendr\u00e1n a partir del pr\u00f3ximo viernes","breadcrumb":{"@id":"https:\/\/centrourbano.com\/revista\/urbanismo\/dictaminacion-linea-12-metro\/#breadcrumb"},"inLanguage":"es","potentialAction":[{"@type":"ReadAction","target":["https:\/\/centrourbano.com\/revista\/urbanismo\/dictaminacion-linea-12-metro\/"]}]},{"@type":"ImageObject","inLanguage":"es","@id":"https:\/\/centrourbano.com\/revista\/urbanismo\/dictaminacion-linea-12-metro\/#primaryimage","url":"https:\/\/centrourbano.com\/revista\/wp-content\/uploads\/Inicia-dictaminacion-de-tramos-elevados-de-la-Linea-12-del-Metro.jpg","contentUrl":"https:\/\/centrourbano.com\/revista\/wp-content\/uploads\/Inicia-dictaminacion-de-tramos-elevados-de-la-Linea-12-del-Metro.jpg","width":800,"height":430,"caption":"El titular de la Sobse indic\u00f3 que los informes de las inspecciones a la L\u00ednea 12 del Metro se tendr\u00e1n a partir del pr\u00f3ximo viernes"},{"@type":"BreadcrumbList","@id":"https:\/\/centrourbano.com\/revista\/urbanismo\/dictaminacion-linea-12-metro\/#breadcrumb","itemListElement":[{"@type":"ListItem","position":1,"name":"Portada","item":"https:\/\/centrourbano.com\/revista\/"},{"@type":"ListItem","position":2,"name":"Inicia dictaminaci\u00f3n de tramos elevados de la L\u00ednea 12 del Metro"}]},{"@type":"WebSite","@id":"https:\/\/centrourbano.com\/revista\/#website","url":"https:\/\/centrourbano.com\/revista\/","name":"Centro Urbano","description":"Medio especializado en los sectores vivienda, inmobiliario, construcci\u00f3n, arquitectura y urbanismo.","publisher":{"@id":"https:\/\/centrourbano.com\/revista\/#organization"},"potentialAction":[{"@type":"SearchAction","target":{"@type":"EntryPoint","urlTemplate":"https:\/\/centrourbano.com\/revista\/?s={search_term_string}"},"query-input":{"@type":"PropertyValueSpecification","valueRequired":true,"valueName":"search_term_string"}}],"inLanguage":"es"},{"@type":"Organization","@id":"https:\/\/centrourbano.com\/revista\/#organization","name":"Centro Urbano","url":"https:\/\/centrourbano.com\/revista\/","logo":{"@type":"ImageObject","inLanguage":"es","@id":"https:\/\/centrourbano.com\/revista\/#\/schema\/logo\/image\/","url":"https:\/\/centrourbano.com\/revista\/wp-content\/uploads\/web_CU_logo-1.png","contentUrl":"https:\/\/centrourbano.com\/revista\/wp-content\/uploads\/web_CU_logo-1.png","width":350,"height":91,"caption":"Centro Urbano"},"image":{"@id":"https:\/\/centrourbano.com\/revista\/#\/schema\/logo\/image\/"},"sameAs":["https:\/\/www.facebook.com\/portalcentrourbano","https:\/\/x.com\/CentroUrbano","https:\/\/www.instagram.com\/centro_urbano\/","https:\/\/www.linkedin.com\/company\/centro-urbano\/","http:\/\/www.youtube.com\/user\/portalcentrourbano"]},{"@type":"Person","@id":"https:\/\/centrourbano.com\/revista\/#\/schema\/person\/b190b20bbbceb41ec72278c546fa8df3","name":"Fernanda Hern\u00e1ndez","image":{"@type":"ImageObject","inLanguage":"es","@id":"https:\/\/secure.gravatar.com\/avatar\/9471831fb0a24eae9d32d826a7cb8ef07c34a41520aca1a0ab1f5c0903ba49b9?s=96&d=mm&r=g","url":"https:\/\/secure.gravatar.com\/avatar\/9471831fb0a24eae9d32d826a7cb8ef07c34a41520aca1a0ab1f5c0903ba49b9?s=96&d=mm&r=g","contentUrl":"https:\/\/secure.gravatar.com\/avatar\/9471831fb0a24eae9d32d826a7cb8ef07c34a41520aca1a0ab1f5c0903ba49b9?s=96&d=mm&r=g","caption":"Fernanda Hern\u00e1ndez"},"description":"Reportera y redactora en Centro Urbano. Soy egresada de la licenciatura en Ciencias de la Comunicaci\u00f3n de la Facultad de Ciencias Pol\u00edticas y Sociales (UNAM). Me interesa la cultura, el urbanismo y la arquitectura. Amante del mundo digital, el cine, la m\u00fasica, la lectura y la escritura.","sameAs":["https:\/\/x.com\/https:\/\/twitter.com\/Nannz_Hernandez"],"url":"https:\/\/centrourbano.com\/revista\/author\/fernanda-hernandez\/"}]}},"_links":{"self":[{"href":"https:\/\/centrourbano.com\/revista\/wp-json\/wp\/v2\/posts\/116465","targetHints":{"allow":["GET"]}}],"collection":[{"href":"https:\/\/centrourbano.com\/revista\/wp-json\/wp\/v2\/posts"}],"about":[{"href":"https:\/\/centrourbano.com\/revista\/wp-json\/wp\/v2\/types\/post"}],"author":[{"embeddable":true,"href":"https:\/\/centrourbano.com\/revista\/wp-json\/wp\/v2\/users\/73"}],"replies":[{"embeddable":true,"href":"https:\/\/centrourbano.com\/revista\/wp-json\/wp\/v2\/comments?post=116465"}],"version-history":[{"count":1,"href":"https:\/\/centrourbano.com\/revista\/wp-json\/wp\/v2\/posts\/116465\/revisions"}],"predecessor-version":[{"id":116468,"href":"https:\/\/centrourbano.com\/revista\/wp-json\/wp\/v2\/posts\/116465\/revisions\/116468"}],"wp:featuredmedia":[{"embeddable":true,"href":"https:\/\/centrourbano.com\/revista\/wp-json\/wp\/v2\/media\/116466"}],"wp:attachment":[{"href":"https:\/\/centrourbano.com\/revista\/wp-json\/wp\/v2\/media?parent=116465"}],"wp:term":[{"taxonomy":"category","embeddable":true,"href":"https:\/\/centrourbano.com\/revista\/wp-json\/wp\/v2\/categories?post=116465"},{"taxonomy":"post_tag","embeddable":true,"href":"https:\/\/centrourbano.com\/revista\/wp-json\/wp\/v2\/tags?post=116465"}],"curies":[{"name":"wp","href":"https:\/\/api.w.org\/{rel}","templated":true}]}}