{"id":116406,"date":"2021-05-05T08:37:34","date_gmt":"2021-05-05T13:37:34","guid":{"rendered":"https:\/\/centrourbano.com\/?p=116406"},"modified":"2021-05-05T09:12:56","modified_gmt":"2021-05-05T14:12:56","slug":"el-emblematico-teatro-del-bosque-julio-castillo-celebra-su-64-aniversario","status":"publish","type":"post","link":"https:\/\/centrourbano.com\/revista\/actualidad\/el-emblematico-teatro-del-bosque-julio-castillo-celebra-su-64-aniversario\/","title":{"rendered":"El emblem\u00e1tico Teatro del Bosque Julio Castillo celebra su 64 aniversario"},"content":{"rendered":"<p><em>Un 3 de mayo de 1957, el Teatro del Bosque present\u00f3 sus primeras dos puestas en escena: Bodas de sangre y La casa de Bernarda Alba<\/em><em><!--more--><\/em><\/p>\n<p>Dise\u00f1ado por los arquitectos<a href=\"https:\/\/centrourbano.com\/2019\/06\/13\/celebran-natalicio-arquitecto-pedro-ramirez-vazquez\/\"> <strong>Pedro Ram\u00edrez V\u00e1zquez<\/strong><\/a> y <strong>Ramiro Gonz\u00e1lez del Sordo<\/strong>, el emblem\u00e1tico <strong>Teatro del Bosque<\/strong> cumple 64 a\u00f1os de existencia. Fue el <strong>3 de mayo de 1957<\/strong> cuando el recinto construido en 1955 como parte de la<a href=\"https:\/\/inba.gob.mx\/recinto\/68\"><strong> Unidad Art\u00edstica y Cultural del Bosque<\/strong><\/a>, present\u00f3 sus primeras dos puestas en escena: <em>Bodas de sangre y La casa de Bernarda Alba <\/em>del dramaturgo espa\u00f1ol <strong>Federico Garc\u00eda Lorca<\/strong>.<\/p>\n<p>Conocido como Teatro del Bosque por su ubicaci\u00f3n, el lugar ha adquirido <strong>distintos nombres<\/strong> a lo lago de los a\u00f1os. El primero de estos fue <em><strong>Margarita Xirgu<\/strong>, <\/em>en homenaje a la actriz espa\u00f1ola encargada dirigir las obras que atestiguaron su nacimiento.<\/p>\n<p>Posteriormente, <strong>en 1989<\/strong>, como parte de la celebraci\u00f3n de las 200 representaciones de la puesta en escena <em><strong>De la calle, <\/strong><\/em>el recinto adquiri\u00f3 su nombre actual en homenaje al director de escena de la obra: <strong>Julio Castillo<\/strong>; un m\u00edtico estandarte de la escena teatral mexicana quien hab\u00eda fallecido en 1988.<\/p>\n<h4>Hogar de grandes producciones<\/h4>\n<p>Con un <strong>escenario tipo italiano<\/strong>, y un aforo para m\u00e1s de 800 personas, el Teatro del Bosque <em>Julio Castillo<\/em> ha albergado obras de <strong>autores de gran trayectoria<\/strong>, como Celestino Gorostiza; Bertolt Brecht; Jean Cocteau; Lope de Vega; William Shakespeare; y Ram\u00f3n del Valle Incl\u00e1n,<\/p>\n<p>Entre las grandes producciones que se han llevado a cabo en su escenario, destacan\u00a0<em>La verdad sospechosa<\/em> de <strong>Juan Ruiz de Alarc\u00f3n<\/strong>; <em>Ricardo III<\/em> de <strong>William Shakespeare<\/strong>; <em>As\u00ed en la tierra como en cielo<\/em> de <strong>Fritz Hochw\u00e4lder<\/strong>; <em>Moctezuma II\u00a0<\/em>de <strong>Sergio Maga\u00f1a<\/strong>; y <em>Hotel Paradiso<\/em>\u00a0de <strong>George Feydeau<\/strong>.<\/p>\n<h4>Escenario multidisciplinario<\/h4>\n<p>De igual forma, el Teatro del Bosque ha sido casa de grandes eventos y de de diversas disciplinas esc\u00e9nicas. Por ejemplo, en <strong>1962<\/strong> se llev\u00f3 a cabo el <strong>Primer festival de la Danza Mexicana<\/strong>, con la participaci\u00f3n del Ballet de C\u00e1mara <em><strong>Nellie Happee<\/strong>; <\/em>el Ballet de Bellas Artes de M\u00e9rida; el <strong>Ballet Nacional<\/strong>, en ese entonces dirigido por <strong>Guillermina Bravo<\/strong>; y el <strong>Ballet Folkl\u00f3rico<\/strong> Popular de M\u00e9xico, dirigido por <strong>Guillermo Arriaga<\/strong>.<\/p>\n<p>M\u00e1s adelante, a finales de los <strong>a\u00f1os setenta<\/strong>, gracias a la administraci\u00f3n del <strong>Departamento de Teatro del Instituto Nacional de Bellas Artes y Literatura<\/strong>, adem\u00e1s de la reciente creaci\u00f3n de la Compa\u00f1\u00eda Nacional de Teatro, el recinto fue hogar y sede de la <strong>\u00e9poca dorada del teatro mexicano<\/strong>.<\/p>\n<p>Tambi\u00e9n, la <strong>Compa\u00f1\u00eda Nacional de Teatro<\/strong> tuvo como casa al Teatro del Bosque y al Teatro <em>Julio Jim\u00e9nez Rueda. <\/em>Escenarios que cada a\u00f1o vieron pasar por sus tarimas a directores de escena de <strong>renombre internacional<\/strong> que montaron obras\u00a0tanto de teatro cl\u00e1sico como contempor\u00e1neo.<\/p>\n<h4>A\u00f1os recientes<\/h4>\n<p>En a\u00f1os m\u00e1s recientes, gracias a la oferta teatral de la <strong>Coordinaci\u00f3n Nacional de Teatro<\/strong> y de la Compa\u00f1\u00eda Nacional de Teatro, el recinto ha recibido <strong>grandes puestas en escena<\/strong> que destacan en el \u00e1mbito internacional.<\/p>\n<p>Tal es el caso de <em>Las preciosas rid\u00edculas<\/em> de <strong>Moliere<\/strong>, con direcci\u00f3n y adaptaci\u00f3n de Octavio Michel; <em>La divina ilusi\u00f3n<\/em> de Michel Marc Bouchard, bajo la direcci\u00f3n de Boris Schoemann; o los espect\u00e1culos clown <em>Vagabondo Circo<\/em>\u00a0y\u00a0<em>El Pagliacho<\/em>\u00a0de los Estrouberry Clowns.<\/p>\n<p>Asimismo, el Teatro del Bosque Julio Catillo, ha apostado por mostrar en su escenario\u00a0proyectos de <strong>teatro contempor\u00e1neo<\/strong> que apuestan por un <strong>m\u00e1ximo aprovechamiento<\/strong> de la maquinaria y la escenograf\u00eda del recinto para crear <strong>propuestas independientes y novedosas<\/strong>, como <em>Memorial,\u00a0<\/em>escrita y dirigida por Alberto Villarreal; <em>Ausentes\u00a0<\/em>del Colectivo Campo de Ruinas; o <em>Ra\u00edz 2.0<\/em> de Diego \u00c1lvarez Robledo.<\/p>\n","protected":false},"excerpt":{"rendered":"<p>Un 3 de mayo de 1957, el Teatro del Bosque present\u00f3 sus primeras dos puestas en escena: Bodas de sangre y La casa de Bernarda Alba<\/p>\n","protected":false},"author":78,"featured_media":116409,"comment_status":"open","ping_status":"closed","sticky":false,"template":"","format":"standard","meta":{"om_disable_all_campaigns":false,"inline_featured_image":false,"_monsterinsights_skip_tracking":false,"_monsterinsights_sitenote_active":false,"_monsterinsights_sitenote_note":"","_monsterinsights_sitenote_category":0,"footnotes":""},"categories":[80,81],"tags":[20,1142,728,20463,11069],"class_list":["post-116406","post","type-post","status-publish","format-standard","has-post-thumbnail","hentry","category-actualidad","category-arquitectura-2","tag-arquitectura","tag-bosque-de-chapultepec","tag-pedro-ramirez-vazquez","tag-ramiro-gonzalez-del-sordo","tag-teatro-del-bosque"],"yoast_head":"<!-- This site is optimized with the Yoast SEO plugin v27.4 - https:\/\/yoast.com\/product\/yoast-seo-wordpress\/ -->\n<title>El emblem\u00e1tico Teatro del Bosque Julio Castillo celebra su 64 aniversario<\/title>\n<meta name=\"description\" content=\"Un 3 de mayo de 1957 el Teatro del Bosque present\u00f3 sus primeras dos puestas en escena: Bodas de sangre y La casa de Bernarda Alba\" \/>\n<meta name=\"robots\" content=\"index, follow, max-snippet:-1, max-image-preview:large, max-video-preview:-1\" \/>\n<link rel=\"canonical\" href=\"https:\/\/centrourbano.com\/revista\/actualidad\/el-emblematico-teatro-del-bosque-julio-castillo-celebra-su-64-aniversario\/\" \/>\n<meta property=\"og:locale\" content=\"es_ES\" \/>\n<meta property=\"og:type\" content=\"article\" \/>\n<meta property=\"og:title\" content=\"El emblem\u00e1tico Teatro del Bosque Julio Castillo celebra su 64 aniversario\" \/>\n<meta property=\"og:description\" content=\"Un 3 de mayo de 1957 el Teatro del Bosque present\u00f3 sus primeras dos puestas en escena: Bodas de sangre y La casa de Bernarda Alba\" \/>\n<meta property=\"og:url\" content=\"https:\/\/centrourbano.com\/revista\/actualidad\/el-emblematico-teatro-del-bosque-julio-castillo-celebra-su-64-aniversario\/\" \/>\n<meta property=\"og:site_name\" content=\"Centro Urbano\" \/>\n<meta property=\"article:publisher\" content=\"https:\/\/www.facebook.com\/portalcentrourbano\" \/>\n<meta property=\"article:published_time\" content=\"2021-05-05T13:37:34+00:00\" \/>\n<meta property=\"article:modified_time\" content=\"2021-05-05T14:12:56+00:00\" \/>\n<meta property=\"og:image\" content=\"https:\/\/centrourbano.com\/revista\/wp-content\/uploads\/17309595_1217865488312743_1126856851276473376_n.jpg\" \/>\n\t<meta property=\"og:image:width\" content=\"800\" \/>\n\t<meta property=\"og:image:height\" content=\"534\" \/>\n\t<meta property=\"og:image:type\" content=\"image\/jpeg\" \/>\n<meta name=\"author\" content=\"Aar\u00f3n Ram\u00edrez\" \/>\n<meta name=\"twitter:card\" content=\"summary_large_image\" \/>\n<meta name=\"twitter:creator\" content=\"@CentroUrbano\" \/>\n<meta name=\"twitter:site\" content=\"@CentroUrbano\" \/>\n<meta name=\"twitter:label1\" content=\"Escrito por\" \/>\n\t<meta name=\"twitter:data1\" content=\"Aar\u00f3n Ram\u00edrez\" \/>\n\t<meta name=\"twitter:label2\" content=\"Tiempo de lectura\" \/>\n\t<meta name=\"twitter:data2\" content=\"3 minutos\" \/>\n<script type=\"application\/ld+json\" class=\"yoast-schema-graph\">{\"@context\":\"https:\\\/\\\/schema.org\",\"@graph\":[{\"@type\":\"Article\",\"@id\":\"https:\\\/\\\/centrourbano.com\\\/revista\\\/actualidad\\\/el-emblematico-teatro-del-bosque-julio-castillo-celebra-su-64-aniversario\\\/#article\",\"isPartOf\":{\"@id\":\"https:\\\/\\\/centrourbano.com\\\/revista\\\/actualidad\\\/el-emblematico-teatro-del-bosque-julio-castillo-celebra-su-64-aniversario\\\/\"},\"author\":{\"name\":\"Aar\u00f3n Ram\u00edrez\",\"@id\":\"https:\\\/\\\/centrourbano.com\\\/revista\\\/#\\\/schema\\\/person\\\/207bdd416403fb71861b6cbfa8216b95\"},\"headline\":\"El emblem\u00e1tico Teatro del Bosque Julio Castillo celebra su 64 aniversario\",\"datePublished\":\"2021-05-05T13:37:34+00:00\",\"dateModified\":\"2021-05-05T14:12:56+00:00\",\"mainEntityOfPage\":{\"@id\":\"https:\\\/\\\/centrourbano.com\\\/revista\\\/actualidad\\\/el-emblematico-teatro-del-bosque-julio-castillo-celebra-su-64-aniversario\\\/\"},\"wordCount\":638,\"commentCount\":0,\"publisher\":{\"@id\":\"https:\\\/\\\/centrourbano.com\\\/revista\\\/#organization\"},\"image\":{\"@id\":\"https:\\\/\\\/centrourbano.com\\\/revista\\\/actualidad\\\/el-emblematico-teatro-del-bosque-julio-castillo-celebra-su-64-aniversario\\\/#primaryimage\"},\"thumbnailUrl\":\"https:\\\/\\\/centrourbano.com\\\/revista\\\/wp-content\\\/uploads\\\/17309595_1217865488312743_1126856851276473376_n.jpg\",\"keywords\":[\"arquitectura\",\"bosque de Chapultepec\",\"Pedro Ram\u00edrez V\u00e1zquez\",\"Ramiro Gonz\u00e1lez del Sordo\",\"Teatro del Bosque\"],\"articleSection\":[\"Actualidad\",\"Arquitectura\"],\"inLanguage\":\"es\",\"potentialAction\":[{\"@type\":\"CommentAction\",\"name\":\"Comment\",\"target\":[\"https:\\\/\\\/centrourbano.com\\\/revista\\\/actualidad\\\/el-emblematico-teatro-del-bosque-julio-castillo-celebra-su-64-aniversario\\\/#respond\"]}]},{\"@type\":\"WebPage\",\"@id\":\"https:\\\/\\\/centrourbano.com\\\/revista\\\/actualidad\\\/el-emblematico-teatro-del-bosque-julio-castillo-celebra-su-64-aniversario\\\/\",\"url\":\"https:\\\/\\\/centrourbano.com\\\/revista\\\/actualidad\\\/el-emblematico-teatro-del-bosque-julio-castillo-celebra-su-64-aniversario\\\/\",\"name\":\"El emblem\u00e1tico Teatro del Bosque Julio Castillo celebra su 64 aniversario\",\"isPartOf\":{\"@id\":\"https:\\\/\\\/centrourbano.com\\\/revista\\\/#website\"},\"primaryImageOfPage\":{\"@id\":\"https:\\\/\\\/centrourbano.com\\\/revista\\\/actualidad\\\/el-emblematico-teatro-del-bosque-julio-castillo-celebra-su-64-aniversario\\\/#primaryimage\"},\"image\":{\"@id\":\"https:\\\/\\\/centrourbano.com\\\/revista\\\/actualidad\\\/el-emblematico-teatro-del-bosque-julio-castillo-celebra-su-64-aniversario\\\/#primaryimage\"},\"thumbnailUrl\":\"https:\\\/\\\/centrourbano.com\\\/revista\\\/wp-content\\\/uploads\\\/17309595_1217865488312743_1126856851276473376_n.jpg\",\"datePublished\":\"2021-05-05T13:37:34+00:00\",\"dateModified\":\"2021-05-05T14:12:56+00:00\",\"description\":\"Un 3 de mayo de 1957 el Teatro del Bosque present\u00f3 sus primeras dos puestas en escena: Bodas de sangre y La casa de Bernarda Alba\",\"breadcrumb\":{\"@id\":\"https:\\\/\\\/centrourbano.com\\\/revista\\\/actualidad\\\/el-emblematico-teatro-del-bosque-julio-castillo-celebra-su-64-aniversario\\\/#breadcrumb\"},\"inLanguage\":\"es\",\"potentialAction\":[{\"@type\":\"ReadAction\",\"target\":[\"https:\\\/\\\/centrourbano.com\\\/revista\\\/actualidad\\\/el-emblematico-teatro-del-bosque-julio-castillo-celebra-su-64-aniversario\\\/\"]}]},{\"@type\":\"ImageObject\",\"inLanguage\":\"es\",\"@id\":\"https:\\\/\\\/centrourbano.com\\\/revista\\\/actualidad\\\/el-emblematico-teatro-del-bosque-julio-castillo-celebra-su-64-aniversario\\\/#primaryimage\",\"url\":\"https:\\\/\\\/centrourbano.com\\\/revista\\\/wp-content\\\/uploads\\\/17309595_1217865488312743_1126856851276473376_n.jpg\",\"contentUrl\":\"https:\\\/\\\/centrourbano.com\\\/revista\\\/wp-content\\\/uploads\\\/17309595_1217865488312743_1126856851276473376_n.jpg\",\"width\":800,\"height\":534,\"caption\":\"El emblem\u00e1tico Teatro del Bosque Julio Castillo cumple 64 a\u00f1os\"},{\"@type\":\"BreadcrumbList\",\"@id\":\"https:\\\/\\\/centrourbano.com\\\/revista\\\/actualidad\\\/el-emblematico-teatro-del-bosque-julio-castillo-celebra-su-64-aniversario\\\/#breadcrumb\",\"itemListElement\":[{\"@type\":\"ListItem\",\"position\":1,\"name\":\"Portada\",\"item\":\"https:\\\/\\\/centrourbano.com\\\/revista\\\/\"},{\"@type\":\"ListItem\",\"position\":2,\"name\":\"El emblem\u00e1tico Teatro del Bosque Julio Castillo celebra su 64 aniversario\"}]},{\"@type\":\"WebSite\",\"@id\":\"https:\\\/\\\/centrourbano.com\\\/revista\\\/#website\",\"url\":\"https:\\\/\\\/centrourbano.com\\\/revista\\\/\",\"name\":\"Centro Urbano\",\"description\":\"Medio especializado en los sectores vivienda, inmobiliario, construcci\u00f3n, arquitectura y urbanismo.\",\"publisher\":{\"@id\":\"https:\\\/\\\/centrourbano.com\\\/revista\\\/#organization\"},\"potentialAction\":[{\"@type\":\"SearchAction\",\"target\":{\"@type\":\"EntryPoint\",\"urlTemplate\":\"https:\\\/\\\/centrourbano.com\\\/revista\\\/?s={search_term_string}\"},\"query-input\":{\"@type\":\"PropertyValueSpecification\",\"valueRequired\":true,\"valueName\":\"search_term_string\"}}],\"inLanguage\":\"es\"},{\"@type\":\"Organization\",\"@id\":\"https:\\\/\\\/centrourbano.com\\\/revista\\\/#organization\",\"name\":\"Centro Urbano\",\"url\":\"https:\\\/\\\/centrourbano.com\\\/revista\\\/\",\"logo\":{\"@type\":\"ImageObject\",\"inLanguage\":\"es\",\"@id\":\"https:\\\/\\\/centrourbano.com\\\/revista\\\/#\\\/schema\\\/logo\\\/image\\\/\",\"url\":\"https:\\\/\\\/centrourbano.com\\\/revista\\\/wp-content\\\/uploads\\\/web_CU_logo-1.png\",\"contentUrl\":\"https:\\\/\\\/centrourbano.com\\\/revista\\\/wp-content\\\/uploads\\\/web_CU_logo-1.png\",\"width\":350,\"height\":91,\"caption\":\"Centro Urbano\"},\"image\":{\"@id\":\"https:\\\/\\\/centrourbano.com\\\/revista\\\/#\\\/schema\\\/logo\\\/image\\\/\"},\"sameAs\":[\"https:\\\/\\\/www.facebook.com\\\/portalcentrourbano\",\"https:\\\/\\\/x.com\\\/CentroUrbano\",\"https:\\\/\\\/www.instagram.com\\\/centro_urbano\\\/\",\"https:\\\/\\\/www.linkedin.com\\\/company\\\/centro-urbano\\\/\",\"http:\\\/\\\/www.youtube.com\\\/user\\\/portalcentrourbano\"]},{\"@type\":\"Person\",\"@id\":\"https:\\\/\\\/centrourbano.com\\\/revista\\\/#\\\/schema\\\/person\\\/207bdd416403fb71861b6cbfa8216b95\",\"name\":\"Aar\u00f3n Ram\u00edrez\",\"image\":{\"@type\":\"ImageObject\",\"inLanguage\":\"es\",\"@id\":\"https:\\\/\\\/secure.gravatar.com\\\/avatar\\\/a3abd3e37314905e5256eb67bf9c35ee2bb846a29a2ac87a048db8c78a89b0b9?s=96&d=mm&r=g\",\"url\":\"https:\\\/\\\/secure.gravatar.com\\\/avatar\\\/a3abd3e37314905e5256eb67bf9c35ee2bb846a29a2ac87a048db8c78a89b0b9?s=96&d=mm&r=g\",\"contentUrl\":\"https:\\\/\\\/secure.gravatar.com\\\/avatar\\\/a3abd3e37314905e5256eb67bf9c35ee2bb846a29a2ac87a048db8c78a89b0b9?s=96&d=mm&r=g\",\"caption\":\"Aar\u00f3n Ram\u00edrez\"},\"description\":\"Becario Editorial en Centro Urbano. Soy estudiante de la Licenciatura en Comunicaci\u00f3n por la Facultad de Estudios Superiores (FES) Acatl\u00e1n. Apasionado de la m\u00fasica, el cine y la cultura. Me interesa la creaci\u00f3n de contenidos period\u00edsticos multimedia para diversas plataformas.\",\"url\":\"https:\\\/\\\/centrourbano.com\\\/revista\\\/author\\\/aaron-ramirez\\\/\"}]}<\/script>\n<!-- \/ Yoast SEO plugin. -->","yoast_head_json":{"title":"El emblem\u00e1tico Teatro del Bosque Julio Castillo celebra su 64 aniversario","description":"Un 3 de mayo de 1957 el Teatro del Bosque present\u00f3 sus primeras dos puestas en escena: Bodas de sangre y La casa de Bernarda Alba","robots":{"index":"index","follow":"follow","max-snippet":"max-snippet:-1","max-image-preview":"max-image-preview:large","max-video-preview":"max-video-preview:-1"},"canonical":"https:\/\/centrourbano.com\/revista\/actualidad\/el-emblematico-teatro-del-bosque-julio-castillo-celebra-su-64-aniversario\/","og_locale":"es_ES","og_type":"article","og_title":"El emblem\u00e1tico Teatro del Bosque Julio Castillo celebra su 64 aniversario","og_description":"Un 3 de mayo de 1957 el Teatro del Bosque present\u00f3 sus primeras dos puestas en escena: Bodas de sangre y La casa de Bernarda Alba","og_url":"https:\/\/centrourbano.com\/revista\/actualidad\/el-emblematico-teatro-del-bosque-julio-castillo-celebra-su-64-aniversario\/","og_site_name":"Centro Urbano","article_publisher":"https:\/\/www.facebook.com\/portalcentrourbano","article_published_time":"2021-05-05T13:37:34+00:00","article_modified_time":"2021-05-05T14:12:56+00:00","og_image":[{"width":800,"height":534,"url":"https:\/\/centrourbano.com\/revista\/wp-content\/uploads\/17309595_1217865488312743_1126856851276473376_n.jpg","type":"image\/jpeg"}],"author":"Aar\u00f3n Ram\u00edrez","twitter_card":"summary_large_image","twitter_creator":"@CentroUrbano","twitter_site":"@CentroUrbano","twitter_misc":{"Escrito por":"Aar\u00f3n Ram\u00edrez","Tiempo de lectura":"3 minutos"},"schema":{"@context":"https:\/\/schema.org","@graph":[{"@type":"Article","@id":"https:\/\/centrourbano.com\/revista\/actualidad\/el-emblematico-teatro-del-bosque-julio-castillo-celebra-su-64-aniversario\/#article","isPartOf":{"@id":"https:\/\/centrourbano.com\/revista\/actualidad\/el-emblematico-teatro-del-bosque-julio-castillo-celebra-su-64-aniversario\/"},"author":{"name":"Aar\u00f3n Ram\u00edrez","@id":"https:\/\/centrourbano.com\/revista\/#\/schema\/person\/207bdd416403fb71861b6cbfa8216b95"},"headline":"El emblem\u00e1tico Teatro del Bosque Julio Castillo celebra su 64 aniversario","datePublished":"2021-05-05T13:37:34+00:00","dateModified":"2021-05-05T14:12:56+00:00","mainEntityOfPage":{"@id":"https:\/\/centrourbano.com\/revista\/actualidad\/el-emblematico-teatro-del-bosque-julio-castillo-celebra-su-64-aniversario\/"},"wordCount":638,"commentCount":0,"publisher":{"@id":"https:\/\/centrourbano.com\/revista\/#organization"},"image":{"@id":"https:\/\/centrourbano.com\/revista\/actualidad\/el-emblematico-teatro-del-bosque-julio-castillo-celebra-su-64-aniversario\/#primaryimage"},"thumbnailUrl":"https:\/\/centrourbano.com\/revista\/wp-content\/uploads\/17309595_1217865488312743_1126856851276473376_n.jpg","keywords":["arquitectura","bosque de Chapultepec","Pedro Ram\u00edrez V\u00e1zquez","Ramiro Gonz\u00e1lez del Sordo","Teatro del Bosque"],"articleSection":["Actualidad","Arquitectura"],"inLanguage":"es","potentialAction":[{"@type":"CommentAction","name":"Comment","target":["https:\/\/centrourbano.com\/revista\/actualidad\/el-emblematico-teatro-del-bosque-julio-castillo-celebra-su-64-aniversario\/#respond"]}]},{"@type":"WebPage","@id":"https:\/\/centrourbano.com\/revista\/actualidad\/el-emblematico-teatro-del-bosque-julio-castillo-celebra-su-64-aniversario\/","url":"https:\/\/centrourbano.com\/revista\/actualidad\/el-emblematico-teatro-del-bosque-julio-castillo-celebra-su-64-aniversario\/","name":"El emblem\u00e1tico Teatro del Bosque Julio Castillo celebra su 64 aniversario","isPartOf":{"@id":"https:\/\/centrourbano.com\/revista\/#website"},"primaryImageOfPage":{"@id":"https:\/\/centrourbano.com\/revista\/actualidad\/el-emblematico-teatro-del-bosque-julio-castillo-celebra-su-64-aniversario\/#primaryimage"},"image":{"@id":"https:\/\/centrourbano.com\/revista\/actualidad\/el-emblematico-teatro-del-bosque-julio-castillo-celebra-su-64-aniversario\/#primaryimage"},"thumbnailUrl":"https:\/\/centrourbano.com\/revista\/wp-content\/uploads\/17309595_1217865488312743_1126856851276473376_n.jpg","datePublished":"2021-05-05T13:37:34+00:00","dateModified":"2021-05-05T14:12:56+00:00","description":"Un 3 de mayo de 1957 el Teatro del Bosque present\u00f3 sus primeras dos puestas en escena: Bodas de sangre y La casa de Bernarda Alba","breadcrumb":{"@id":"https:\/\/centrourbano.com\/revista\/actualidad\/el-emblematico-teatro-del-bosque-julio-castillo-celebra-su-64-aniversario\/#breadcrumb"},"inLanguage":"es","potentialAction":[{"@type":"ReadAction","target":["https:\/\/centrourbano.com\/revista\/actualidad\/el-emblematico-teatro-del-bosque-julio-castillo-celebra-su-64-aniversario\/"]}]},{"@type":"ImageObject","inLanguage":"es","@id":"https:\/\/centrourbano.com\/revista\/actualidad\/el-emblematico-teatro-del-bosque-julio-castillo-celebra-su-64-aniversario\/#primaryimage","url":"https:\/\/centrourbano.com\/revista\/wp-content\/uploads\/17309595_1217865488312743_1126856851276473376_n.jpg","contentUrl":"https:\/\/centrourbano.com\/revista\/wp-content\/uploads\/17309595_1217865488312743_1126856851276473376_n.jpg","width":800,"height":534,"caption":"El emblem\u00e1tico Teatro del Bosque Julio Castillo cumple 64 a\u00f1os"},{"@type":"BreadcrumbList","@id":"https:\/\/centrourbano.com\/revista\/actualidad\/el-emblematico-teatro-del-bosque-julio-castillo-celebra-su-64-aniversario\/#breadcrumb","itemListElement":[{"@type":"ListItem","position":1,"name":"Portada","item":"https:\/\/centrourbano.com\/revista\/"},{"@type":"ListItem","position":2,"name":"El emblem\u00e1tico Teatro del Bosque Julio Castillo celebra su 64 aniversario"}]},{"@type":"WebSite","@id":"https:\/\/centrourbano.com\/revista\/#website","url":"https:\/\/centrourbano.com\/revista\/","name":"Centro Urbano","description":"Medio especializado en los sectores vivienda, inmobiliario, construcci\u00f3n, arquitectura y urbanismo.","publisher":{"@id":"https:\/\/centrourbano.com\/revista\/#organization"},"potentialAction":[{"@type":"SearchAction","target":{"@type":"EntryPoint","urlTemplate":"https:\/\/centrourbano.com\/revista\/?s={search_term_string}"},"query-input":{"@type":"PropertyValueSpecification","valueRequired":true,"valueName":"search_term_string"}}],"inLanguage":"es"},{"@type":"Organization","@id":"https:\/\/centrourbano.com\/revista\/#organization","name":"Centro Urbano","url":"https:\/\/centrourbano.com\/revista\/","logo":{"@type":"ImageObject","inLanguage":"es","@id":"https:\/\/centrourbano.com\/revista\/#\/schema\/logo\/image\/","url":"https:\/\/centrourbano.com\/revista\/wp-content\/uploads\/web_CU_logo-1.png","contentUrl":"https:\/\/centrourbano.com\/revista\/wp-content\/uploads\/web_CU_logo-1.png","width":350,"height":91,"caption":"Centro Urbano"},"image":{"@id":"https:\/\/centrourbano.com\/revista\/#\/schema\/logo\/image\/"},"sameAs":["https:\/\/www.facebook.com\/portalcentrourbano","https:\/\/x.com\/CentroUrbano","https:\/\/www.instagram.com\/centro_urbano\/","https:\/\/www.linkedin.com\/company\/centro-urbano\/","http:\/\/www.youtube.com\/user\/portalcentrourbano"]},{"@type":"Person","@id":"https:\/\/centrourbano.com\/revista\/#\/schema\/person\/207bdd416403fb71861b6cbfa8216b95","name":"Aar\u00f3n Ram\u00edrez","image":{"@type":"ImageObject","inLanguage":"es","@id":"https:\/\/secure.gravatar.com\/avatar\/a3abd3e37314905e5256eb67bf9c35ee2bb846a29a2ac87a048db8c78a89b0b9?s=96&d=mm&r=g","url":"https:\/\/secure.gravatar.com\/avatar\/a3abd3e37314905e5256eb67bf9c35ee2bb846a29a2ac87a048db8c78a89b0b9?s=96&d=mm&r=g","contentUrl":"https:\/\/secure.gravatar.com\/avatar\/a3abd3e37314905e5256eb67bf9c35ee2bb846a29a2ac87a048db8c78a89b0b9?s=96&d=mm&r=g","caption":"Aar\u00f3n Ram\u00edrez"},"description":"Becario Editorial en Centro Urbano. Soy estudiante de la Licenciatura en Comunicaci\u00f3n por la Facultad de Estudios Superiores (FES) Acatl\u00e1n. Apasionado de la m\u00fasica, el cine y la cultura. Me interesa la creaci\u00f3n de contenidos period\u00edsticos multimedia para diversas plataformas.","url":"https:\/\/centrourbano.com\/revista\/author\/aaron-ramirez\/"}]}},"_links":{"self":[{"href":"https:\/\/centrourbano.com\/revista\/wp-json\/wp\/v2\/posts\/116406","targetHints":{"allow":["GET"]}}],"collection":[{"href":"https:\/\/centrourbano.com\/revista\/wp-json\/wp\/v2\/posts"}],"about":[{"href":"https:\/\/centrourbano.com\/revista\/wp-json\/wp\/v2\/types\/post"}],"author":[{"embeddable":true,"href":"https:\/\/centrourbano.com\/revista\/wp-json\/wp\/v2\/users\/78"}],"replies":[{"embeddable":true,"href":"https:\/\/centrourbano.com\/revista\/wp-json\/wp\/v2\/comments?post=116406"}],"version-history":[{"count":10,"href":"https:\/\/centrourbano.com\/revista\/wp-json\/wp\/v2\/posts\/116406\/revisions"}],"predecessor-version":[{"id":116445,"href":"https:\/\/centrourbano.com\/revista\/wp-json\/wp\/v2\/posts\/116406\/revisions\/116445"}],"wp:featuredmedia":[{"embeddable":true,"href":"https:\/\/centrourbano.com\/revista\/wp-json\/wp\/v2\/media\/116409"}],"wp:attachment":[{"href":"https:\/\/centrourbano.com\/revista\/wp-json\/wp\/v2\/media?parent=116406"}],"wp:term":[{"taxonomy":"category","embeddable":true,"href":"https:\/\/centrourbano.com\/revista\/wp-json\/wp\/v2\/categories?post=116406"},{"taxonomy":"post_tag","embeddable":true,"href":"https:\/\/centrourbano.com\/revista\/wp-json\/wp\/v2\/tags?post=116406"}],"curies":[{"name":"wp","href":"https:\/\/api.w.org\/{rel}","templated":true}]}}