{"id":116398,"date":"2021-05-04T09:00:34","date_gmt":"2021-05-04T14:00:34","guid":{"rendered":"https:\/\/centrourbano.com\/?p=116398"},"modified":"2021-05-04T09:08:10","modified_gmt":"2021-05-04T14:08:10","slug":"funo-10-anos-bolsa-valores","status":"publish","type":"post","link":"https:\/\/centrourbano.com\/revista\/inmobiliario\/funo-10-anos-bolsa-valores\/","title":{"rendered":"Funo celebra 10 a\u00f1os en la Bolsa Mexicana de Valores"},"content":{"rendered":"<p><em>Actualmente, Funo cuenta con<\/em> <em>un portafolio de 634 propiedades; que representan 10.8 millones de m<\/em><em>\u00b2<\/em><em> en \u00e1rea bruta rentable, con una ocupaci\u00f3n del 95.2%<\/em><!--more--><\/p>\n<p><a href=\"https:\/\/centrourbano.com\/2021\/05\/03\/funo-crecimiento-ingresos-1t2021\/\" target=\"_blank\" rel=\"noopener noreferrer\"><strong>Fibra UNO<\/strong><\/a> (<strong>Funo<\/strong>), el primer y mayor Fideicomiso de Inversi\u00f3n en Bienes Ra\u00edces en M\u00e9xico celebr\u00f3 10 a\u00f1os de su debut en la <strong>Bolsa Mexicana de Valores<\/strong> (<strong>BMV<\/strong>), que fue el 18 de marzo de 2011.<\/p>\n<p>Al respecto, <strong>Marcos Mart\u00ednez Gavica<\/strong>, <strong>presidente de BMV<\/strong>, destac\u00f3 que gracias a <strong>Funo<\/strong>, muchos desarrolladores y administradores de inmuebles llegaron al mercado.<\/p>\n<p>\u201cToda una historia de \u00e9xito que hizo que el mercado mexicano se profesionalizar\u00e1, que se volviera un mercado m\u00e1s din\u00e1mico. Permiti\u00f3 que muchos participantes que quer\u00edan estar en el mercado burs\u00e1til o en el inmobiliario lo pudieran hacer. <strong>Funo<\/strong> consigui\u00f3 que hubiera muchos seguidores, dando como resultado 16 Fibras; y logr\u00f3 que el mundo volteara a ver a M\u00e9xico diferente\u201d, dijo.<\/p>\n<p>El <strong>presidente de BMV<\/strong> agreg\u00f3 que las Fibras han contribuido a generar una mejor formaci\u00f3n de precios para los activos. Esto al crear liquidez para los distintos participantes del sector; as\u00ed como la capacidad de dirigir los recursos de inversionistas al desarrollo inmobiliario mexicano.<\/p>\n<p>En su intervenci\u00f3n, <strong>Andr\u00e9 El-Mann<\/strong>, <strong>director general de Funo<\/strong>, record\u00f3 que el pa\u00eds atraviesa una importante crisis econ\u00f3mica derivada de la pandemia por Covid-19. Por lo que asegur\u00f3 que este es el momento de apoyar al pa\u00eds a trav\u00e9s de la <strong>inversi\u00f3n<\/strong>.<\/p>\n<p>\u201cHay mucha gente que est\u00e1 guardando sus fichas, pero nosotros, al contrario, estamos aventando el resto. Creo que ahora es el momento de <strong>apoyar al pa\u00eds<\/strong>, de meterle <strong>inversi\u00f3n<\/strong>, de <strong>generar empleo<\/strong> que es lo mejor que le puede pasar a M\u00e9xico. Nosotros estamos avanzando con todos nuestros proyectos, invirtiendo todo el dinero que tenemos programado y hasta lo que tenemos programado en desarrollo para generar nuevos empleos\u201d, se\u00f1al\u00f3.<\/p>\n<p>Asimismo, indic\u00f3 que, pese a la crisis sanitaria, <strong>Funo<\/strong> ha mostrado resiliencia, ya que en 2020 se registr\u00f3 una ca\u00edda de solo 3% en la <strong>ocupaci\u00f3n de oficinas<\/strong> y de 4% en el segmento <strong>comercial<\/strong>; mientras que la ocupaci\u00f3n de <strong>espacio industrial<\/strong> se increment\u00f3. Adem\u00e1s de que los ingresos registrados fueron superiores a los de la era pre Covid-19.<\/p>\n<p>\u201cHemos hecho muchas cosas en 10 a\u00f1os, pero la verdad es que s\u00ed me da mucho gusto lo que hacemos por M\u00e9xico; me encanta, quisiera ir m\u00e1s r\u00e1pido para ayudar a que M\u00e9xico siga creciendo. Estamos muy felices de poder seguir invirtiendo en M\u00e9xico, tenemos en el futuro muchos planes para seguir creciendo y para seguir haciendo esto una empresa de primer nivel, de clase mundial\u201d, expres\u00f3.<\/p>\n<p>Por su parte, <strong>Gonzalo Robina<\/strong>, <strong>director general adjunto de la Fibra<\/strong>, subray\u00f3 que la firma proyecta continuar con el crecimiento a pesar de los efectos de la crisis sanitaria.<\/p>\n<p>\u201cQueremos seguir creciendo; deber\u00edamos tener acceso a capital para poder seguir creciendo. Hoy no lo tenemos, por el valor de nuestra acci\u00f3n que est\u00e1 por debajo del valor de los activos; pero, una vez que se acerque, ya vamos a poder ir por capital\u201d, expuso.<\/p>\n<p>Finalmente, dijo sentirse orgulloso de pertenecer a una empresa que celebra 10 a\u00f1os de \u00e9xitos. \u201cHan sido a\u00f1os de mucho trabajo donde hemos sido testigos del gran crecimiento que ha tenido la compa\u00f1\u00eda en todos sentidos; y en ese crecimiento no nos han dejado atr\u00e1s, al contrario, nos han hecho part\u00edcipes en todo momento\u201d.<\/p>\n<p>Actualmente, <strong>Funo<\/strong> cuenta con un portafolio de <strong>634 propiedades<\/strong>; las cuales representan 10.8 millones de metros cuadrados en \u00e1rea bruta rentable, y cuentan con una ocupaci\u00f3n del 95.2 por ciento.<\/p>\n","protected":false},"excerpt":{"rendered":"<p>Actualmente, Funo cuenta con un portafolio de 634 propiedades; que representan 10.8 millones de m\u00b2 en \u00e1rea bruta rentable, con una ocupaci\u00f3n del 95.2%<\/p>\n","protected":false},"author":73,"featured_media":116399,"comment_status":"open","ping_status":"closed","sticky":false,"template":"","format":"standard","meta":{"om_disable_all_campaigns":false,"inline_featured_image":false,"_monsterinsights_skip_tracking":false,"_monsterinsights_sitenote_active":false,"_monsterinsights_sitenote_note":"","_monsterinsights_sitenote_category":0,"footnotes":""},"categories":[15],"tags":[4943,13530,17784,45,1763,67],"class_list":["post-116398","post","type-post","status-publish","format-standard","has-post-thumbnail","hentry","category-inmobiliario","tag-aniversario","tag-bolsa-mexicana-de-valores-bmv","tag-covid-19","tag-fibra-uno","tag-funo","tag-inversion"],"yoast_head":"<!-- This site is optimized with the Yoast SEO plugin v27.4 - https:\/\/yoast.com\/product\/yoast-seo-wordpress\/ -->\n<title>Funo celebra 10 a\u00f1os en la Bolsa Mexicana de Valores<\/title>\n<meta name=\"description\" content=\"Actualmente, Funo cuenta con un portafolio de 634 propiedades; que representan 10.8 millones de m\u00b2 en \u00e1rea bruta rentable, con una ocupaci\u00f3n del 95.2%\" \/>\n<meta name=\"robots\" content=\"index, follow, max-snippet:-1, max-image-preview:large, max-video-preview:-1\" \/>\n<link rel=\"canonical\" href=\"https:\/\/centrourbano.com\/revista\/inmobiliario\/funo-10-anos-bolsa-valores\/\" \/>\n<meta property=\"og:locale\" content=\"es_ES\" \/>\n<meta property=\"og:type\" content=\"article\" \/>\n<meta property=\"og:title\" content=\"Funo celebra 10 a\u00f1os en la Bolsa Mexicana de Valores\" \/>\n<meta property=\"og:description\" content=\"Actualmente, Funo cuenta con un portafolio de 634 propiedades; que representan 10.8 millones de m\u00b2 en \u00e1rea bruta rentable, con una ocupaci\u00f3n del 95.2%\" \/>\n<meta property=\"og:url\" content=\"https:\/\/centrourbano.com\/revista\/inmobiliario\/funo-10-anos-bolsa-valores\/\" \/>\n<meta property=\"og:site_name\" content=\"Centro Urbano\" \/>\n<meta property=\"article:publisher\" content=\"https:\/\/www.facebook.com\/portalcentrourbano\" \/>\n<meta property=\"article:published_time\" content=\"2021-05-04T14:00:34+00:00\" \/>\n<meta property=\"article:modified_time\" content=\"2021-05-04T14:08:10+00:00\" \/>\n<meta property=\"og:image\" content=\"https:\/\/centrourbano.com\/revista\/wp-content\/uploads\/Funo-celebra-10-anos-en-la-Bolsa-Mexicana-de-Valores.jpg\" \/>\n\t<meta property=\"og:image:width\" content=\"800\" \/>\n\t<meta property=\"og:image:height\" content=\"450\" \/>\n\t<meta property=\"og:image:type\" content=\"image\/jpeg\" \/>\n<meta name=\"author\" content=\"Fernanda Hern\u00e1ndez\" \/>\n<meta name=\"twitter:card\" content=\"summary_large_image\" \/>\n<meta name=\"twitter:creator\" content=\"@https:\/\/twitter.com\/Nannz_Hernandez\" \/>\n<meta name=\"twitter:site\" content=\"@CentroUrbano\" \/>\n<meta name=\"twitter:label1\" content=\"Escrito por\" \/>\n\t<meta name=\"twitter:data1\" content=\"Fernanda Hern\u00e1ndez\" \/>\n\t<meta name=\"twitter:label2\" content=\"Tiempo de lectura\" \/>\n\t<meta name=\"twitter:data2\" content=\"3 minutos\" \/>\n<script type=\"application\/ld+json\" class=\"yoast-schema-graph\">{\"@context\":\"https:\\\/\\\/schema.org\",\"@graph\":[{\"@type\":\"Article\",\"@id\":\"https:\\\/\\\/centrourbano.com\\\/revista\\\/inmobiliario\\\/funo-10-anos-bolsa-valores\\\/#article\",\"isPartOf\":{\"@id\":\"https:\\\/\\\/centrourbano.com\\\/revista\\\/inmobiliario\\\/funo-10-anos-bolsa-valores\\\/\"},\"author\":{\"name\":\"Fernanda Hern\u00e1ndez\",\"@id\":\"https:\\\/\\\/centrourbano.com\\\/revista\\\/#\\\/schema\\\/person\\\/b190b20bbbceb41ec72278c546fa8df3\"},\"headline\":\"Funo celebra 10 a\u00f1os en la Bolsa Mexicana de Valores\",\"datePublished\":\"2021-05-04T14:00:34+00:00\",\"dateModified\":\"2021-05-04T14:08:10+00:00\",\"mainEntityOfPage\":{\"@id\":\"https:\\\/\\\/centrourbano.com\\\/revista\\\/inmobiliario\\\/funo-10-anos-bolsa-valores\\\/\"},\"wordCount\":617,\"commentCount\":0,\"publisher\":{\"@id\":\"https:\\\/\\\/centrourbano.com\\\/revista\\\/#organization\"},\"image\":{\"@id\":\"https:\\\/\\\/centrourbano.com\\\/revista\\\/inmobiliario\\\/funo-10-anos-bolsa-valores\\\/#primaryimage\"},\"thumbnailUrl\":\"https:\\\/\\\/centrourbano.com\\\/revista\\\/wp-content\\\/uploads\\\/Funo-celebra-10-anos-en-la-Bolsa-Mexicana-de-Valores.jpg\",\"keywords\":[\"Aniversario\",\"Bolsa Mexicana de Valores (BMV)\",\"COVID-19\",\"Fibra Uno\",\"FUNO\",\"inversi\u00f3n\"],\"articleSection\":[\"Inmobiliario\"],\"inLanguage\":\"es\",\"potentialAction\":[{\"@type\":\"CommentAction\",\"name\":\"Comment\",\"target\":[\"https:\\\/\\\/centrourbano.com\\\/revista\\\/inmobiliario\\\/funo-10-anos-bolsa-valores\\\/#respond\"]}]},{\"@type\":\"WebPage\",\"@id\":\"https:\\\/\\\/centrourbano.com\\\/revista\\\/inmobiliario\\\/funo-10-anos-bolsa-valores\\\/\",\"url\":\"https:\\\/\\\/centrourbano.com\\\/revista\\\/inmobiliario\\\/funo-10-anos-bolsa-valores\\\/\",\"name\":\"Funo celebra 10 a\u00f1os en la Bolsa Mexicana de Valores\",\"isPartOf\":{\"@id\":\"https:\\\/\\\/centrourbano.com\\\/revista\\\/#website\"},\"primaryImageOfPage\":{\"@id\":\"https:\\\/\\\/centrourbano.com\\\/revista\\\/inmobiliario\\\/funo-10-anos-bolsa-valores\\\/#primaryimage\"},\"image\":{\"@id\":\"https:\\\/\\\/centrourbano.com\\\/revista\\\/inmobiliario\\\/funo-10-anos-bolsa-valores\\\/#primaryimage\"},\"thumbnailUrl\":\"https:\\\/\\\/centrourbano.com\\\/revista\\\/wp-content\\\/uploads\\\/Funo-celebra-10-anos-en-la-Bolsa-Mexicana-de-Valores.jpg\",\"datePublished\":\"2021-05-04T14:00:34+00:00\",\"dateModified\":\"2021-05-04T14:08:10+00:00\",\"description\":\"Actualmente, Funo cuenta con un portafolio de 634 propiedades; que representan 10.8 millones de m\u00b2 en \u00e1rea bruta rentable, con una ocupaci\u00f3n del 95.2%\",\"breadcrumb\":{\"@id\":\"https:\\\/\\\/centrourbano.com\\\/revista\\\/inmobiliario\\\/funo-10-anos-bolsa-valores\\\/#breadcrumb\"},\"inLanguage\":\"es\",\"potentialAction\":[{\"@type\":\"ReadAction\",\"target\":[\"https:\\\/\\\/centrourbano.com\\\/revista\\\/inmobiliario\\\/funo-10-anos-bolsa-valores\\\/\"]}]},{\"@type\":\"ImageObject\",\"inLanguage\":\"es\",\"@id\":\"https:\\\/\\\/centrourbano.com\\\/revista\\\/inmobiliario\\\/funo-10-anos-bolsa-valores\\\/#primaryimage\",\"url\":\"https:\\\/\\\/centrourbano.com\\\/revista\\\/wp-content\\\/uploads\\\/Funo-celebra-10-anos-en-la-Bolsa-Mexicana-de-Valores.jpg\",\"contentUrl\":\"https:\\\/\\\/centrourbano.com\\\/revista\\\/wp-content\\\/uploads\\\/Funo-celebra-10-anos-en-la-Bolsa-Mexicana-de-Valores.jpg\",\"width\":800,\"height\":450,\"caption\":\"Actualmente, Funo cuenta con un portafolio de 634 propiedades; que representan 10.8 millones de m\u00b2 en \u00e1rea bruta rentable, con una ocupaci\u00f3n del 95.2%\"},{\"@type\":\"BreadcrumbList\",\"@id\":\"https:\\\/\\\/centrourbano.com\\\/revista\\\/inmobiliario\\\/funo-10-anos-bolsa-valores\\\/#breadcrumb\",\"itemListElement\":[{\"@type\":\"ListItem\",\"position\":1,\"name\":\"Portada\",\"item\":\"https:\\\/\\\/centrourbano.com\\\/revista\\\/\"},{\"@type\":\"ListItem\",\"position\":2,\"name\":\"Funo celebra 10 a\u00f1os en la Bolsa Mexicana de Valores\"}]},{\"@type\":\"WebSite\",\"@id\":\"https:\\\/\\\/centrourbano.com\\\/revista\\\/#website\",\"url\":\"https:\\\/\\\/centrourbano.com\\\/revista\\\/\",\"name\":\"Centro Urbano\",\"description\":\"Medio especializado en los sectores vivienda, inmobiliario, construcci\u00f3n, arquitectura y urbanismo.\",\"publisher\":{\"@id\":\"https:\\\/\\\/centrourbano.com\\\/revista\\\/#organization\"},\"potentialAction\":[{\"@type\":\"SearchAction\",\"target\":{\"@type\":\"EntryPoint\",\"urlTemplate\":\"https:\\\/\\\/centrourbano.com\\\/revista\\\/?s={search_term_string}\"},\"query-input\":{\"@type\":\"PropertyValueSpecification\",\"valueRequired\":true,\"valueName\":\"search_term_string\"}}],\"inLanguage\":\"es\"},{\"@type\":\"Organization\",\"@id\":\"https:\\\/\\\/centrourbano.com\\\/revista\\\/#organization\",\"name\":\"Centro Urbano\",\"url\":\"https:\\\/\\\/centrourbano.com\\\/revista\\\/\",\"logo\":{\"@type\":\"ImageObject\",\"inLanguage\":\"es\",\"@id\":\"https:\\\/\\\/centrourbano.com\\\/revista\\\/#\\\/schema\\\/logo\\\/image\\\/\",\"url\":\"https:\\\/\\\/centrourbano.com\\\/revista\\\/wp-content\\\/uploads\\\/web_CU_logo-1.png\",\"contentUrl\":\"https:\\\/\\\/centrourbano.com\\\/revista\\\/wp-content\\\/uploads\\\/web_CU_logo-1.png\",\"width\":350,\"height\":91,\"caption\":\"Centro Urbano\"},\"image\":{\"@id\":\"https:\\\/\\\/centrourbano.com\\\/revista\\\/#\\\/schema\\\/logo\\\/image\\\/\"},\"sameAs\":[\"https:\\\/\\\/www.facebook.com\\\/portalcentrourbano\",\"https:\\\/\\\/x.com\\\/CentroUrbano\",\"https:\\\/\\\/www.instagram.com\\\/centro_urbano\\\/\",\"https:\\\/\\\/www.linkedin.com\\\/company\\\/centro-urbano\\\/\",\"http:\\\/\\\/www.youtube.com\\\/user\\\/portalcentrourbano\"]},{\"@type\":\"Person\",\"@id\":\"https:\\\/\\\/centrourbano.com\\\/revista\\\/#\\\/schema\\\/person\\\/b190b20bbbceb41ec72278c546fa8df3\",\"name\":\"Fernanda Hern\u00e1ndez\",\"image\":{\"@type\":\"ImageObject\",\"inLanguage\":\"es\",\"@id\":\"https:\\\/\\\/secure.gravatar.com\\\/avatar\\\/9471831fb0a24eae9d32d826a7cb8ef07c34a41520aca1a0ab1f5c0903ba49b9?s=96&d=mm&r=g\",\"url\":\"https:\\\/\\\/secure.gravatar.com\\\/avatar\\\/9471831fb0a24eae9d32d826a7cb8ef07c34a41520aca1a0ab1f5c0903ba49b9?s=96&d=mm&r=g\",\"contentUrl\":\"https:\\\/\\\/secure.gravatar.com\\\/avatar\\\/9471831fb0a24eae9d32d826a7cb8ef07c34a41520aca1a0ab1f5c0903ba49b9?s=96&d=mm&r=g\",\"caption\":\"Fernanda Hern\u00e1ndez\"},\"description\":\"Reportera y redactora en Centro Urbano. Soy egresada de la licenciatura en Ciencias de la Comunicaci\u00f3n de la Facultad de Ciencias Pol\u00edticas y Sociales (UNAM). Me interesa la cultura, el urbanismo y la arquitectura. Amante del mundo digital, el cine, la m\u00fasica, la lectura y la escritura.\",\"sameAs\":[\"https:\\\/\\\/x.com\\\/https:\\\/\\\/twitter.com\\\/Nannz_Hernandez\"],\"url\":\"https:\\\/\\\/centrourbano.com\\\/revista\\\/author\\\/fernanda-hernandez\\\/\"}]}<\/script>\n<!-- \/ Yoast SEO plugin. -->","yoast_head_json":{"title":"Funo celebra 10 a\u00f1os en la Bolsa Mexicana de Valores","description":"Actualmente, Funo cuenta con un portafolio de 634 propiedades; que representan 10.8 millones de m\u00b2 en \u00e1rea bruta rentable, con una ocupaci\u00f3n del 95.2%","robots":{"index":"index","follow":"follow","max-snippet":"max-snippet:-1","max-image-preview":"max-image-preview:large","max-video-preview":"max-video-preview:-1"},"canonical":"https:\/\/centrourbano.com\/revista\/inmobiliario\/funo-10-anos-bolsa-valores\/","og_locale":"es_ES","og_type":"article","og_title":"Funo celebra 10 a\u00f1os en la Bolsa Mexicana de Valores","og_description":"Actualmente, Funo cuenta con un portafolio de 634 propiedades; que representan 10.8 millones de m\u00b2 en \u00e1rea bruta rentable, con una ocupaci\u00f3n del 95.2%","og_url":"https:\/\/centrourbano.com\/revista\/inmobiliario\/funo-10-anos-bolsa-valores\/","og_site_name":"Centro Urbano","article_publisher":"https:\/\/www.facebook.com\/portalcentrourbano","article_published_time":"2021-05-04T14:00:34+00:00","article_modified_time":"2021-05-04T14:08:10+00:00","og_image":[{"width":800,"height":450,"url":"https:\/\/centrourbano.com\/revista\/wp-content\/uploads\/Funo-celebra-10-anos-en-la-Bolsa-Mexicana-de-Valores.jpg","type":"image\/jpeg"}],"author":"Fernanda Hern\u00e1ndez","twitter_card":"summary_large_image","twitter_creator":"@https:\/\/twitter.com\/Nannz_Hernandez","twitter_site":"@CentroUrbano","twitter_misc":{"Escrito por":"Fernanda Hern\u00e1ndez","Tiempo de lectura":"3 minutos"},"schema":{"@context":"https:\/\/schema.org","@graph":[{"@type":"Article","@id":"https:\/\/centrourbano.com\/revista\/inmobiliario\/funo-10-anos-bolsa-valores\/#article","isPartOf":{"@id":"https:\/\/centrourbano.com\/revista\/inmobiliario\/funo-10-anos-bolsa-valores\/"},"author":{"name":"Fernanda Hern\u00e1ndez","@id":"https:\/\/centrourbano.com\/revista\/#\/schema\/person\/b190b20bbbceb41ec72278c546fa8df3"},"headline":"Funo celebra 10 a\u00f1os en la Bolsa Mexicana de Valores","datePublished":"2021-05-04T14:00:34+00:00","dateModified":"2021-05-04T14:08:10+00:00","mainEntityOfPage":{"@id":"https:\/\/centrourbano.com\/revista\/inmobiliario\/funo-10-anos-bolsa-valores\/"},"wordCount":617,"commentCount":0,"publisher":{"@id":"https:\/\/centrourbano.com\/revista\/#organization"},"image":{"@id":"https:\/\/centrourbano.com\/revista\/inmobiliario\/funo-10-anos-bolsa-valores\/#primaryimage"},"thumbnailUrl":"https:\/\/centrourbano.com\/revista\/wp-content\/uploads\/Funo-celebra-10-anos-en-la-Bolsa-Mexicana-de-Valores.jpg","keywords":["Aniversario","Bolsa Mexicana de Valores (BMV)","COVID-19","Fibra Uno","FUNO","inversi\u00f3n"],"articleSection":["Inmobiliario"],"inLanguage":"es","potentialAction":[{"@type":"CommentAction","name":"Comment","target":["https:\/\/centrourbano.com\/revista\/inmobiliario\/funo-10-anos-bolsa-valores\/#respond"]}]},{"@type":"WebPage","@id":"https:\/\/centrourbano.com\/revista\/inmobiliario\/funo-10-anos-bolsa-valores\/","url":"https:\/\/centrourbano.com\/revista\/inmobiliario\/funo-10-anos-bolsa-valores\/","name":"Funo celebra 10 a\u00f1os en la Bolsa Mexicana de Valores","isPartOf":{"@id":"https:\/\/centrourbano.com\/revista\/#website"},"primaryImageOfPage":{"@id":"https:\/\/centrourbano.com\/revista\/inmobiliario\/funo-10-anos-bolsa-valores\/#primaryimage"},"image":{"@id":"https:\/\/centrourbano.com\/revista\/inmobiliario\/funo-10-anos-bolsa-valores\/#primaryimage"},"thumbnailUrl":"https:\/\/centrourbano.com\/revista\/wp-content\/uploads\/Funo-celebra-10-anos-en-la-Bolsa-Mexicana-de-Valores.jpg","datePublished":"2021-05-04T14:00:34+00:00","dateModified":"2021-05-04T14:08:10+00:00","description":"Actualmente, Funo cuenta con un portafolio de 634 propiedades; que representan 10.8 millones de m\u00b2 en \u00e1rea bruta rentable, con una ocupaci\u00f3n del 95.2%","breadcrumb":{"@id":"https:\/\/centrourbano.com\/revista\/inmobiliario\/funo-10-anos-bolsa-valores\/#breadcrumb"},"inLanguage":"es","potentialAction":[{"@type":"ReadAction","target":["https:\/\/centrourbano.com\/revista\/inmobiliario\/funo-10-anos-bolsa-valores\/"]}]},{"@type":"ImageObject","inLanguage":"es","@id":"https:\/\/centrourbano.com\/revista\/inmobiliario\/funo-10-anos-bolsa-valores\/#primaryimage","url":"https:\/\/centrourbano.com\/revista\/wp-content\/uploads\/Funo-celebra-10-anos-en-la-Bolsa-Mexicana-de-Valores.jpg","contentUrl":"https:\/\/centrourbano.com\/revista\/wp-content\/uploads\/Funo-celebra-10-anos-en-la-Bolsa-Mexicana-de-Valores.jpg","width":800,"height":450,"caption":"Actualmente, Funo cuenta con un portafolio de 634 propiedades; que representan 10.8 millones de m\u00b2 en \u00e1rea bruta rentable, con una ocupaci\u00f3n del 95.2%"},{"@type":"BreadcrumbList","@id":"https:\/\/centrourbano.com\/revista\/inmobiliario\/funo-10-anos-bolsa-valores\/#breadcrumb","itemListElement":[{"@type":"ListItem","position":1,"name":"Portada","item":"https:\/\/centrourbano.com\/revista\/"},{"@type":"ListItem","position":2,"name":"Funo celebra 10 a\u00f1os en la Bolsa Mexicana de Valores"}]},{"@type":"WebSite","@id":"https:\/\/centrourbano.com\/revista\/#website","url":"https:\/\/centrourbano.com\/revista\/","name":"Centro Urbano","description":"Medio especializado en los sectores vivienda, inmobiliario, construcci\u00f3n, arquitectura y urbanismo.","publisher":{"@id":"https:\/\/centrourbano.com\/revista\/#organization"},"potentialAction":[{"@type":"SearchAction","target":{"@type":"EntryPoint","urlTemplate":"https:\/\/centrourbano.com\/revista\/?s={search_term_string}"},"query-input":{"@type":"PropertyValueSpecification","valueRequired":true,"valueName":"search_term_string"}}],"inLanguage":"es"},{"@type":"Organization","@id":"https:\/\/centrourbano.com\/revista\/#organization","name":"Centro Urbano","url":"https:\/\/centrourbano.com\/revista\/","logo":{"@type":"ImageObject","inLanguage":"es","@id":"https:\/\/centrourbano.com\/revista\/#\/schema\/logo\/image\/","url":"https:\/\/centrourbano.com\/revista\/wp-content\/uploads\/web_CU_logo-1.png","contentUrl":"https:\/\/centrourbano.com\/revista\/wp-content\/uploads\/web_CU_logo-1.png","width":350,"height":91,"caption":"Centro Urbano"},"image":{"@id":"https:\/\/centrourbano.com\/revista\/#\/schema\/logo\/image\/"},"sameAs":["https:\/\/www.facebook.com\/portalcentrourbano","https:\/\/x.com\/CentroUrbano","https:\/\/www.instagram.com\/centro_urbano\/","https:\/\/www.linkedin.com\/company\/centro-urbano\/","http:\/\/www.youtube.com\/user\/portalcentrourbano"]},{"@type":"Person","@id":"https:\/\/centrourbano.com\/revista\/#\/schema\/person\/b190b20bbbceb41ec72278c546fa8df3","name":"Fernanda Hern\u00e1ndez","image":{"@type":"ImageObject","inLanguage":"es","@id":"https:\/\/secure.gravatar.com\/avatar\/9471831fb0a24eae9d32d826a7cb8ef07c34a41520aca1a0ab1f5c0903ba49b9?s=96&d=mm&r=g","url":"https:\/\/secure.gravatar.com\/avatar\/9471831fb0a24eae9d32d826a7cb8ef07c34a41520aca1a0ab1f5c0903ba49b9?s=96&d=mm&r=g","contentUrl":"https:\/\/secure.gravatar.com\/avatar\/9471831fb0a24eae9d32d826a7cb8ef07c34a41520aca1a0ab1f5c0903ba49b9?s=96&d=mm&r=g","caption":"Fernanda Hern\u00e1ndez"},"description":"Reportera y redactora en Centro Urbano. Soy egresada de la licenciatura en Ciencias de la Comunicaci\u00f3n de la Facultad de Ciencias Pol\u00edticas y Sociales (UNAM). Me interesa la cultura, el urbanismo y la arquitectura. Amante del mundo digital, el cine, la m\u00fasica, la lectura y la escritura.","sameAs":["https:\/\/x.com\/https:\/\/twitter.com\/Nannz_Hernandez"],"url":"https:\/\/centrourbano.com\/revista\/author\/fernanda-hernandez\/"}]}},"_links":{"self":[{"href":"https:\/\/centrourbano.com\/revista\/wp-json\/wp\/v2\/posts\/116398","targetHints":{"allow":["GET"]}}],"collection":[{"href":"https:\/\/centrourbano.com\/revista\/wp-json\/wp\/v2\/posts"}],"about":[{"href":"https:\/\/centrourbano.com\/revista\/wp-json\/wp\/v2\/types\/post"}],"author":[{"embeddable":true,"href":"https:\/\/centrourbano.com\/revista\/wp-json\/wp\/v2\/users\/73"}],"replies":[{"embeddable":true,"href":"https:\/\/centrourbano.com\/revista\/wp-json\/wp\/v2\/comments?post=116398"}],"version-history":[{"count":2,"href":"https:\/\/centrourbano.com\/revista\/wp-json\/wp\/v2\/posts\/116398\/revisions"}],"predecessor-version":[{"id":116401,"href":"https:\/\/centrourbano.com\/revista\/wp-json\/wp\/v2\/posts\/116398\/revisions\/116401"}],"wp:featuredmedia":[{"embeddable":true,"href":"https:\/\/centrourbano.com\/revista\/wp-json\/wp\/v2\/media\/116399"}],"wp:attachment":[{"href":"https:\/\/centrourbano.com\/revista\/wp-json\/wp\/v2\/media?parent=116398"}],"wp:term":[{"taxonomy":"category","embeddable":true,"href":"https:\/\/centrourbano.com\/revista\/wp-json\/wp\/v2\/categories?post=116398"},{"taxonomy":"post_tag","embeddable":true,"href":"https:\/\/centrourbano.com\/revista\/wp-json\/wp\/v2\/tags?post=116398"}],"curies":[{"name":"wp","href":"https:\/\/api.w.org\/{rel}","templated":true}]}}