{"id":116377,"date":"2021-05-04T08:49:12","date_gmt":"2021-05-04T13:49:12","guid":{"rendered":"https:\/\/centrourbano.com\/?p=116377"},"modified":"2021-05-04T10:20:28","modified_gmt":"2021-05-04T15:20:28","slug":"dia-de-la-madre-dejara-derrama-de-33000-mdp-concanaco-servytur","status":"publish","type":"post","link":"https:\/\/centrourbano.com\/revista\/actualidad\/dia-de-la-madre-dejara-derrama-de-33000-mdp-concanaco-servytur\/","title":{"rendered":"D\u00eda de la Madre dejar\u00e1 derrama de 33,000 mdp: Concanaco Servytur"},"content":{"rendered":"<p><em>La estimaci\u00f3n significar\u00eda un importante incremento respecto al D\u00eda de la madre de 2020 que, debido a las restricciones por la emergencia sanitaria, tuvo una p\u00e9rdida de 36 mil mdp<br \/>\n<!--more--><\/em><\/p>\n<p>La Confederaci\u00f3n de C\u00e1maras Nacionales de Comercio, Servicios y Turismo <b>(<a href=\"https:\/\/www.concanaco.com.mx\/\">Concanaco Servytur<\/a>)<\/b>, inform\u00f3 que, de acuerdo con sus estimaciones, se prev\u00e9 una derrama econ\u00f3mica de alrededor de <strong>33,000 millones<\/strong> de pesos por ventas de bienes y servicios por el <strong>D\u00eda de la Madre<\/strong>.<\/p>\n<p>Esta cifra representa aproximadamente el <strong>70% de las ventas<\/strong> registradas en <strong>2019<\/strong>, que fueron de <strong>48,000 mdp<\/strong>. Al mismo tiempo, la estimaci\u00f3n significar\u00eda un<strong> importante incremento <\/strong>respecto a las cifras de <strong>2020<\/strong> que, debido a las restricciones por la emergencia sanitaria, tuvo una<strong> p\u00e9rdida de 36,000 mdp<\/strong>.<\/p>\n<p>Al respecto, el presidente de la Concanaco, <a href=\"https:\/\/centrourbano.com\/2021\/04\/27\/regreso-a-oficinas-impulsara-reactivacion-economica-concanaco-servytur\/\"><strong>Jos\u00e9 Manuel L\u00f3pez Campos<\/strong><\/a>, se\u00f1al\u00f3 que con las cifras que se esperan alcanzar por este festejo, el panorama es alentador para la reactivaci\u00f3n de negocios de diversos giros, que se sumar\u00e1n a otros que est\u00e1n en camino a la <strong>recuperaci\u00f3n econ\u00f3mica<\/strong> del pa\u00eds.<\/p>\n<p>Puntualiz\u00f3 que la cifra estimada se deriva del <strong>an\u00e1lisis econ\u00f3mico<\/strong>, social y de salud que actualmente se refleja en el pa\u00eds: \u00abel a\u00f1o pasado para estas fechas, el sem\u00e1foro epidemiol\u00f3gico estaba en color rojo en todos los estados y pr\u00e1cticamente la mayor\u00eda de los negocios comerciales y de servicios se encontraban cerrados\u00bb.<\/p>\n<p>Asimismo, el l\u00edder empresarial, subray\u00f3 que las condiciones este a\u00f1o son diferentes, pues con la reapertura de centros comerciales y de negocios se permite una <strong>mayor afluencia<\/strong> de consumidores y las personas podr\u00e1n salir a festejar del D\u00eda de la Madre o comprar de manera f\u00edsica los regalos.<\/p>\n<h4>Rubros con mayor demanda<\/h4>\n<p>El dirigente de la Concanaco precis\u00f3 que el 10 de mayo se incrementan las ventas en giros como flores, ropa, accesorios, zapatos, joyer\u00eda, relojes, perfumes y pasteler\u00eda.<\/p>\n<p>Detall\u00f3 que otros rubros de mucha demanda en sus ventas son: telefon\u00eda m\u00f3vil, y art\u00edculos electr\u00f3nicos y electrodom\u00e9sticos, que registran un importante porcentaje de las transacciones comerciales.<\/p>\n<p>Tambi\u00e9n, indico que en los \u00faltimos a\u00f1os se han visto beneficiados por este festejo negocios como los spas y salones de belleza, ya que muchas personas deciden regalar este tipo de servicios.<\/p>\n<h4>\u201cEl Mejor Puente\u201d y \u201cMayo con Causa\u201d<\/h4>\n<p>Por otra parte, la Concanaco Servytur inform\u00f3 que, con el objetivo de apoyar la <strong>din\u00e1mica econ\u00f3mica<\/strong> en estas fechas, participar\u00e1 en la campa\u00f1a comercial <strong>\u201cEl Mejor Puente\u201d<\/strong>. Adem\u00e1s, tratara de ser parte del otorgamiento de facilidades para la intervenci\u00f3n de las micro, peque\u00f1as y medianas empresas en el <strong>comercio electr\u00f3nico<\/strong> con el programa <strong>\u201cMayo con Causa\u201d<\/strong>.<\/p>\n<p>Respecto a lo anterior, L\u00f3pez campos asegur\u00f3 que uno de los factores que m\u00e1s contribuir\u00e1n al repunte de la celebraci\u00f3n en materia comercial, ser\u00e1n las ventas del comercio electr\u00f3nico ya que cada vez es m\u00e1s recurrido por los consumidores.<\/p>\n<h4>Se debe cumplir con los protocolos y las medidas sanitarias<\/h4>\n<p>Jos\u00e9 Manuel L\u00f3pez Campos puntualiz\u00f3 que, a pesar de que las condiciones de salud permiten salir a celebrar y disfrutar del d\u00eda de las madres, tanto los establecimientos como los consumidores, deben cumplir responsablemente con los<strong> protocolos y las medidas sanitarias<\/strong> para evitar contagios de Covid-19.<\/p>\n<p>\u201cCon responsabilidad y solidaridad podremos autoridades, sectores productivos y sociedad civil alejar la posibilidad de un repunte en la pandemia para mantener la ruta de la recuperaci\u00f3n econ\u00f3mica, de manera sostenible, d\u00e1ndole tiempo al plan de vacunaci\u00f3n nacional para un regreso a la nueva normalidad sin riesgos para la poblaci\u00f3n\u201d; asever\u00f3.<\/p>\n","protected":false},"excerpt":{"rendered":"<p>La estimaci\u00f3n significar\u00eda un importante incremento respecto al D\u00eda de la madre de 2020 que, debido a las restricciones por la emergencia sanitaria, tuvo una p\u00e9rdida de 36 mil mdp<\/p>\n","protected":false},"author":78,"featured_media":116378,"comment_status":"open","ping_status":"closed","sticky":false,"template":"","format":"standard","meta":{"om_disable_all_campaigns":false,"inline_featured_image":false,"_monsterinsights_skip_tracking":false,"_monsterinsights_sitenote_active":false,"_monsterinsights_sitenote_note":"","_monsterinsights_sitenote_category":0,"footnotes":""},"categories":[80,17827],"tags":[17077,1867,20457,18673,17974],"class_list":["post-116377","post","type-post","status-publish","format-standard","has-post-thumbnail","hentry","category-actualidad","category-cobertura-covid-19","tag-concanaco-servytur","tag-derrama-economica","tag-dia-de-la-madres","tag-jose-manuel-lopez-campos","tag-recuperacion-economica"],"yoast_head":"<!-- This site is optimized with the Yoast SEO plugin v27.5 - https:\/\/yoast.com\/product\/yoast-seo-wordpress\/ -->\n<title>D\u00eda de la Madre dejar\u00e1 derrama de 33,000 mdp: Concanaco Servytur<\/title>\n<meta name=\"description\" content=\"La estimaci\u00f3n significar\u00eda un importante incremento respecto al D\u00eda de la madre de 2020 que tuvo una p\u00e9rdida de 36 mil mdp\" \/>\n<meta name=\"robots\" content=\"index, follow, max-snippet:-1, max-image-preview:large, max-video-preview:-1\" \/>\n<link rel=\"canonical\" href=\"https:\/\/centrourbano.com\/revista\/actualidad\/dia-de-la-madre-dejara-derrama-de-33000-mdp-concanaco-servytur\/\" \/>\n<meta property=\"og:locale\" content=\"es_ES\" \/>\n<meta property=\"og:type\" content=\"article\" \/>\n<meta property=\"og:title\" content=\"D\u00eda de la Madre dejar\u00e1 derrama de 33,000 mdp: Concanaco Servytur\" \/>\n<meta property=\"og:description\" content=\"La estimaci\u00f3n significar\u00eda un importante incremento respecto al D\u00eda de la madre de 2020 que tuvo una p\u00e9rdida de 36 mil mdp\" \/>\n<meta property=\"og:url\" content=\"https:\/\/centrourbano.com\/revista\/actualidad\/dia-de-la-madre-dejara-derrama-de-33000-mdp-concanaco-servytur\/\" \/>\n<meta property=\"og:site_name\" content=\"Centro Urbano\" \/>\n<meta property=\"article:publisher\" content=\"https:\/\/www.facebook.com\/portalcentrourbano\" \/>\n<meta property=\"article:published_time\" content=\"2021-05-04T13:49:12+00:00\" \/>\n<meta property=\"article:modified_time\" content=\"2021-05-04T15:20:28+00:00\" \/>\n<meta property=\"og:image\" content=\"https:\/\/centrourbano.com\/revista\/wp-content\/uploads\/pexels-gustavo-fring-4149012-e1620064292250.jpg\" \/>\n\t<meta property=\"og:image:width\" content=\"800\" \/>\n\t<meta property=\"og:image:height\" content=\"533\" \/>\n\t<meta property=\"og:image:type\" content=\"image\/jpeg\" \/>\n<meta name=\"author\" content=\"Aar\u00f3n Ram\u00edrez\" \/>\n<meta name=\"twitter:card\" content=\"summary_large_image\" \/>\n<meta name=\"twitter:creator\" content=\"@CentroUrbano\" \/>\n<meta name=\"twitter:site\" content=\"@CentroUrbano\" \/>\n<meta name=\"twitter:label1\" content=\"Escrito por\" \/>\n\t<meta name=\"twitter:data1\" content=\"Aar\u00f3n Ram\u00edrez\" \/>\n\t<meta name=\"twitter:label2\" content=\"Tiempo de lectura\" \/>\n\t<meta name=\"twitter:data2\" content=\"3 minutos\" \/>\n<script type=\"application\/ld+json\" class=\"yoast-schema-graph\">{\"@context\":\"https:\\\/\\\/schema.org\",\"@graph\":[{\"@type\":\"Article\",\"@id\":\"https:\\\/\\\/centrourbano.com\\\/revista\\\/actualidad\\\/dia-de-la-madre-dejara-derrama-de-33000-mdp-concanaco-servytur\\\/#article\",\"isPartOf\":{\"@id\":\"https:\\\/\\\/centrourbano.com\\\/revista\\\/actualidad\\\/dia-de-la-madre-dejara-derrama-de-33000-mdp-concanaco-servytur\\\/\"},\"author\":{\"name\":\"Aar\u00f3n Ram\u00edrez\",\"@id\":\"https:\\\/\\\/centrourbano.com\\\/revista\\\/#\\\/schema\\\/person\\\/207bdd416403fb71861b6cbfa8216b95\"},\"headline\":\"D\u00eda de la Madre dejar\u00e1 derrama de 33,000 mdp: Concanaco Servytur\",\"datePublished\":\"2021-05-04T13:49:12+00:00\",\"dateModified\":\"2021-05-04T15:20:28+00:00\",\"mainEntityOfPage\":{\"@id\":\"https:\\\/\\\/centrourbano.com\\\/revista\\\/actualidad\\\/dia-de-la-madre-dejara-derrama-de-33000-mdp-concanaco-servytur\\\/\"},\"wordCount\":633,\"commentCount\":0,\"publisher\":{\"@id\":\"https:\\\/\\\/centrourbano.com\\\/revista\\\/#organization\"},\"image\":{\"@id\":\"https:\\\/\\\/centrourbano.com\\\/revista\\\/actualidad\\\/dia-de-la-madre-dejara-derrama-de-33000-mdp-concanaco-servytur\\\/#primaryimage\"},\"thumbnailUrl\":\"https:\\\/\\\/centrourbano.com\\\/revista\\\/wp-content\\\/uploads\\\/pexels-gustavo-fring-4149012-e1620064292250.jpg\",\"keywords\":[\"Concanaco Servytur\",\"derrama econ\u00f3mica\",\"D\u00eda de la Madres\",\"Jos\u00e9 Manuel L\u00f3pez Campos\",\"recuperaci\u00f3n econ\u00f3mica\"],\"articleSection\":[\"Actualidad\",\"Cobertura Covid-19\"],\"inLanguage\":\"es\",\"potentialAction\":[{\"@type\":\"CommentAction\",\"name\":\"Comment\",\"target\":[\"https:\\\/\\\/centrourbano.com\\\/revista\\\/actualidad\\\/dia-de-la-madre-dejara-derrama-de-33000-mdp-concanaco-servytur\\\/#respond\"]}]},{\"@type\":\"WebPage\",\"@id\":\"https:\\\/\\\/centrourbano.com\\\/revista\\\/actualidad\\\/dia-de-la-madre-dejara-derrama-de-33000-mdp-concanaco-servytur\\\/\",\"url\":\"https:\\\/\\\/centrourbano.com\\\/revista\\\/actualidad\\\/dia-de-la-madre-dejara-derrama-de-33000-mdp-concanaco-servytur\\\/\",\"name\":\"D\u00eda de la Madre dejar\u00e1 derrama de 33,000 mdp: Concanaco Servytur\",\"isPartOf\":{\"@id\":\"https:\\\/\\\/centrourbano.com\\\/revista\\\/#website\"},\"primaryImageOfPage\":{\"@id\":\"https:\\\/\\\/centrourbano.com\\\/revista\\\/actualidad\\\/dia-de-la-madre-dejara-derrama-de-33000-mdp-concanaco-servytur\\\/#primaryimage\"},\"image\":{\"@id\":\"https:\\\/\\\/centrourbano.com\\\/revista\\\/actualidad\\\/dia-de-la-madre-dejara-derrama-de-33000-mdp-concanaco-servytur\\\/#primaryimage\"},\"thumbnailUrl\":\"https:\\\/\\\/centrourbano.com\\\/revista\\\/wp-content\\\/uploads\\\/pexels-gustavo-fring-4149012-e1620064292250.jpg\",\"datePublished\":\"2021-05-04T13:49:12+00:00\",\"dateModified\":\"2021-05-04T15:20:28+00:00\",\"description\":\"La estimaci\u00f3n significar\u00eda un importante incremento respecto al D\u00eda de la madre de 2020 que tuvo una p\u00e9rdida de 36 mil mdp\",\"breadcrumb\":{\"@id\":\"https:\\\/\\\/centrourbano.com\\\/revista\\\/actualidad\\\/dia-de-la-madre-dejara-derrama-de-33000-mdp-concanaco-servytur\\\/#breadcrumb\"},\"inLanguage\":\"es\",\"potentialAction\":[{\"@type\":\"ReadAction\",\"target\":[\"https:\\\/\\\/centrourbano.com\\\/revista\\\/actualidad\\\/dia-de-la-madre-dejara-derrama-de-33000-mdp-concanaco-servytur\\\/\"]}]},{\"@type\":\"ImageObject\",\"inLanguage\":\"es\",\"@id\":\"https:\\\/\\\/centrourbano.com\\\/revista\\\/actualidad\\\/dia-de-la-madre-dejara-derrama-de-33000-mdp-concanaco-servytur\\\/#primaryimage\",\"url\":\"https:\\\/\\\/centrourbano.com\\\/revista\\\/wp-content\\\/uploads\\\/pexels-gustavo-fring-4149012-e1620064292250.jpg\",\"contentUrl\":\"https:\\\/\\\/centrourbano.com\\\/revista\\\/wp-content\\\/uploads\\\/pexels-gustavo-fring-4149012-e1620064292250.jpg\",\"width\":800,\"height\":533,\"caption\":\"D\u00eda de la Madres dejar\u00e1 derrama econ\u00f3mica de 33 mil mdp: Concanaco Servytur\"},{\"@type\":\"BreadcrumbList\",\"@id\":\"https:\\\/\\\/centrourbano.com\\\/revista\\\/actualidad\\\/dia-de-la-madre-dejara-derrama-de-33000-mdp-concanaco-servytur\\\/#breadcrumb\",\"itemListElement\":[{\"@type\":\"ListItem\",\"position\":1,\"name\":\"Portada\",\"item\":\"https:\\\/\\\/centrourbano.com\\\/revista\\\/\"},{\"@type\":\"ListItem\",\"position\":2,\"name\":\"D\u00eda de la Madre dejar\u00e1 derrama de 33,000 mdp: Concanaco Servytur\"}]},{\"@type\":\"WebSite\",\"@id\":\"https:\\\/\\\/centrourbano.com\\\/revista\\\/#website\",\"url\":\"https:\\\/\\\/centrourbano.com\\\/revista\\\/\",\"name\":\"Centro Urbano\",\"description\":\"Medio especializado en los sectores vivienda, inmobiliario, construcci\u00f3n, arquitectura y urbanismo.\",\"publisher\":{\"@id\":\"https:\\\/\\\/centrourbano.com\\\/revista\\\/#organization\"},\"potentialAction\":[{\"@type\":\"SearchAction\",\"target\":{\"@type\":\"EntryPoint\",\"urlTemplate\":\"https:\\\/\\\/centrourbano.com\\\/revista\\\/?s={search_term_string}\"},\"query-input\":{\"@type\":\"PropertyValueSpecification\",\"valueRequired\":true,\"valueName\":\"search_term_string\"}}],\"inLanguage\":\"es\"},{\"@type\":\"Organization\",\"@id\":\"https:\\\/\\\/centrourbano.com\\\/revista\\\/#organization\",\"name\":\"Centro Urbano\",\"url\":\"https:\\\/\\\/centrourbano.com\\\/revista\\\/\",\"logo\":{\"@type\":\"ImageObject\",\"inLanguage\":\"es\",\"@id\":\"https:\\\/\\\/centrourbano.com\\\/revista\\\/#\\\/schema\\\/logo\\\/image\\\/\",\"url\":\"https:\\\/\\\/centrourbano.com\\\/revista\\\/wp-content\\\/uploads\\\/web_CU_logo-1.png\",\"contentUrl\":\"https:\\\/\\\/centrourbano.com\\\/revista\\\/wp-content\\\/uploads\\\/web_CU_logo-1.png\",\"width\":350,\"height\":91,\"caption\":\"Centro Urbano\"},\"image\":{\"@id\":\"https:\\\/\\\/centrourbano.com\\\/revista\\\/#\\\/schema\\\/logo\\\/image\\\/\"},\"sameAs\":[\"https:\\\/\\\/www.facebook.com\\\/portalcentrourbano\",\"https:\\\/\\\/x.com\\\/CentroUrbano\",\"https:\\\/\\\/www.instagram.com\\\/centro_urbano\\\/\",\"https:\\\/\\\/www.linkedin.com\\\/company\\\/centro-urbano\\\/\",\"http:\\\/\\\/www.youtube.com\\\/user\\\/portalcentrourbano\"]},{\"@type\":\"Person\",\"@id\":\"https:\\\/\\\/centrourbano.com\\\/revista\\\/#\\\/schema\\\/person\\\/207bdd416403fb71861b6cbfa8216b95\",\"name\":\"Aar\u00f3n Ram\u00edrez\",\"image\":{\"@type\":\"ImageObject\",\"inLanguage\":\"es\",\"@id\":\"https:\\\/\\\/secure.gravatar.com\\\/avatar\\\/a3abd3e37314905e5256eb67bf9c35ee2bb846a29a2ac87a048db8c78a89b0b9?s=96&d=mm&r=g\",\"url\":\"https:\\\/\\\/secure.gravatar.com\\\/avatar\\\/a3abd3e37314905e5256eb67bf9c35ee2bb846a29a2ac87a048db8c78a89b0b9?s=96&d=mm&r=g\",\"contentUrl\":\"https:\\\/\\\/secure.gravatar.com\\\/avatar\\\/a3abd3e37314905e5256eb67bf9c35ee2bb846a29a2ac87a048db8c78a89b0b9?s=96&d=mm&r=g\",\"caption\":\"Aar\u00f3n Ram\u00edrez\"},\"description\":\"Becario Editorial en Centro Urbano. Soy estudiante de la Licenciatura en Comunicaci\u00f3n por la Facultad de Estudios Superiores (FES) Acatl\u00e1n. Apasionado de la m\u00fasica, el cine y la cultura. Me interesa la creaci\u00f3n de contenidos period\u00edsticos multimedia para diversas plataformas.\",\"url\":\"https:\\\/\\\/centrourbano.com\\\/revista\\\/author\\\/aaron-ramirez\\\/\"}]}<\/script>\n<!-- \/ Yoast SEO plugin. -->","yoast_head_json":{"title":"D\u00eda de la Madre dejar\u00e1 derrama de 33,000 mdp: Concanaco Servytur","description":"La estimaci\u00f3n significar\u00eda un importante incremento respecto al D\u00eda de la madre de 2020 que tuvo una p\u00e9rdida de 36 mil mdp","robots":{"index":"index","follow":"follow","max-snippet":"max-snippet:-1","max-image-preview":"max-image-preview:large","max-video-preview":"max-video-preview:-1"},"canonical":"https:\/\/centrourbano.com\/revista\/actualidad\/dia-de-la-madre-dejara-derrama-de-33000-mdp-concanaco-servytur\/","og_locale":"es_ES","og_type":"article","og_title":"D\u00eda de la Madre dejar\u00e1 derrama de 33,000 mdp: Concanaco Servytur","og_description":"La estimaci\u00f3n significar\u00eda un importante incremento respecto al D\u00eda de la madre de 2020 que tuvo una p\u00e9rdida de 36 mil mdp","og_url":"https:\/\/centrourbano.com\/revista\/actualidad\/dia-de-la-madre-dejara-derrama-de-33000-mdp-concanaco-servytur\/","og_site_name":"Centro Urbano","article_publisher":"https:\/\/www.facebook.com\/portalcentrourbano","article_published_time":"2021-05-04T13:49:12+00:00","article_modified_time":"2021-05-04T15:20:28+00:00","og_image":[{"width":800,"height":533,"url":"https:\/\/centrourbano.com\/revista\/wp-content\/uploads\/pexels-gustavo-fring-4149012-e1620064292250.jpg","type":"image\/jpeg"}],"author":"Aar\u00f3n Ram\u00edrez","twitter_card":"summary_large_image","twitter_creator":"@CentroUrbano","twitter_site":"@CentroUrbano","twitter_misc":{"Escrito por":"Aar\u00f3n Ram\u00edrez","Tiempo de lectura":"3 minutos"},"schema":{"@context":"https:\/\/schema.org","@graph":[{"@type":"Article","@id":"https:\/\/centrourbano.com\/revista\/actualidad\/dia-de-la-madre-dejara-derrama-de-33000-mdp-concanaco-servytur\/#article","isPartOf":{"@id":"https:\/\/centrourbano.com\/revista\/actualidad\/dia-de-la-madre-dejara-derrama-de-33000-mdp-concanaco-servytur\/"},"author":{"name":"Aar\u00f3n Ram\u00edrez","@id":"https:\/\/centrourbano.com\/revista\/#\/schema\/person\/207bdd416403fb71861b6cbfa8216b95"},"headline":"D\u00eda de la Madre dejar\u00e1 derrama de 33,000 mdp: Concanaco Servytur","datePublished":"2021-05-04T13:49:12+00:00","dateModified":"2021-05-04T15:20:28+00:00","mainEntityOfPage":{"@id":"https:\/\/centrourbano.com\/revista\/actualidad\/dia-de-la-madre-dejara-derrama-de-33000-mdp-concanaco-servytur\/"},"wordCount":633,"commentCount":0,"publisher":{"@id":"https:\/\/centrourbano.com\/revista\/#organization"},"image":{"@id":"https:\/\/centrourbano.com\/revista\/actualidad\/dia-de-la-madre-dejara-derrama-de-33000-mdp-concanaco-servytur\/#primaryimage"},"thumbnailUrl":"https:\/\/centrourbano.com\/revista\/wp-content\/uploads\/pexels-gustavo-fring-4149012-e1620064292250.jpg","keywords":["Concanaco Servytur","derrama econ\u00f3mica","D\u00eda de la Madres","Jos\u00e9 Manuel L\u00f3pez Campos","recuperaci\u00f3n econ\u00f3mica"],"articleSection":["Actualidad","Cobertura Covid-19"],"inLanguage":"es","potentialAction":[{"@type":"CommentAction","name":"Comment","target":["https:\/\/centrourbano.com\/revista\/actualidad\/dia-de-la-madre-dejara-derrama-de-33000-mdp-concanaco-servytur\/#respond"]}]},{"@type":"WebPage","@id":"https:\/\/centrourbano.com\/revista\/actualidad\/dia-de-la-madre-dejara-derrama-de-33000-mdp-concanaco-servytur\/","url":"https:\/\/centrourbano.com\/revista\/actualidad\/dia-de-la-madre-dejara-derrama-de-33000-mdp-concanaco-servytur\/","name":"D\u00eda de la Madre dejar\u00e1 derrama de 33,000 mdp: Concanaco Servytur","isPartOf":{"@id":"https:\/\/centrourbano.com\/revista\/#website"},"primaryImageOfPage":{"@id":"https:\/\/centrourbano.com\/revista\/actualidad\/dia-de-la-madre-dejara-derrama-de-33000-mdp-concanaco-servytur\/#primaryimage"},"image":{"@id":"https:\/\/centrourbano.com\/revista\/actualidad\/dia-de-la-madre-dejara-derrama-de-33000-mdp-concanaco-servytur\/#primaryimage"},"thumbnailUrl":"https:\/\/centrourbano.com\/revista\/wp-content\/uploads\/pexels-gustavo-fring-4149012-e1620064292250.jpg","datePublished":"2021-05-04T13:49:12+00:00","dateModified":"2021-05-04T15:20:28+00:00","description":"La estimaci\u00f3n significar\u00eda un importante incremento respecto al D\u00eda de la madre de 2020 que tuvo una p\u00e9rdida de 36 mil mdp","breadcrumb":{"@id":"https:\/\/centrourbano.com\/revista\/actualidad\/dia-de-la-madre-dejara-derrama-de-33000-mdp-concanaco-servytur\/#breadcrumb"},"inLanguage":"es","potentialAction":[{"@type":"ReadAction","target":["https:\/\/centrourbano.com\/revista\/actualidad\/dia-de-la-madre-dejara-derrama-de-33000-mdp-concanaco-servytur\/"]}]},{"@type":"ImageObject","inLanguage":"es","@id":"https:\/\/centrourbano.com\/revista\/actualidad\/dia-de-la-madre-dejara-derrama-de-33000-mdp-concanaco-servytur\/#primaryimage","url":"https:\/\/centrourbano.com\/revista\/wp-content\/uploads\/pexels-gustavo-fring-4149012-e1620064292250.jpg","contentUrl":"https:\/\/centrourbano.com\/revista\/wp-content\/uploads\/pexels-gustavo-fring-4149012-e1620064292250.jpg","width":800,"height":533,"caption":"D\u00eda de la Madres dejar\u00e1 derrama econ\u00f3mica de 33 mil mdp: Concanaco Servytur"},{"@type":"BreadcrumbList","@id":"https:\/\/centrourbano.com\/revista\/actualidad\/dia-de-la-madre-dejara-derrama-de-33000-mdp-concanaco-servytur\/#breadcrumb","itemListElement":[{"@type":"ListItem","position":1,"name":"Portada","item":"https:\/\/centrourbano.com\/revista\/"},{"@type":"ListItem","position":2,"name":"D\u00eda de la Madre dejar\u00e1 derrama de 33,000 mdp: Concanaco Servytur"}]},{"@type":"WebSite","@id":"https:\/\/centrourbano.com\/revista\/#website","url":"https:\/\/centrourbano.com\/revista\/","name":"Centro Urbano","description":"Medio especializado en los sectores vivienda, inmobiliario, construcci\u00f3n, arquitectura y urbanismo.","publisher":{"@id":"https:\/\/centrourbano.com\/revista\/#organization"},"potentialAction":[{"@type":"SearchAction","target":{"@type":"EntryPoint","urlTemplate":"https:\/\/centrourbano.com\/revista\/?s={search_term_string}"},"query-input":{"@type":"PropertyValueSpecification","valueRequired":true,"valueName":"search_term_string"}}],"inLanguage":"es"},{"@type":"Organization","@id":"https:\/\/centrourbano.com\/revista\/#organization","name":"Centro Urbano","url":"https:\/\/centrourbano.com\/revista\/","logo":{"@type":"ImageObject","inLanguage":"es","@id":"https:\/\/centrourbano.com\/revista\/#\/schema\/logo\/image\/","url":"https:\/\/centrourbano.com\/revista\/wp-content\/uploads\/web_CU_logo-1.png","contentUrl":"https:\/\/centrourbano.com\/revista\/wp-content\/uploads\/web_CU_logo-1.png","width":350,"height":91,"caption":"Centro Urbano"},"image":{"@id":"https:\/\/centrourbano.com\/revista\/#\/schema\/logo\/image\/"},"sameAs":["https:\/\/www.facebook.com\/portalcentrourbano","https:\/\/x.com\/CentroUrbano","https:\/\/www.instagram.com\/centro_urbano\/","https:\/\/www.linkedin.com\/company\/centro-urbano\/","http:\/\/www.youtube.com\/user\/portalcentrourbano"]},{"@type":"Person","@id":"https:\/\/centrourbano.com\/revista\/#\/schema\/person\/207bdd416403fb71861b6cbfa8216b95","name":"Aar\u00f3n Ram\u00edrez","image":{"@type":"ImageObject","inLanguage":"es","@id":"https:\/\/secure.gravatar.com\/avatar\/a3abd3e37314905e5256eb67bf9c35ee2bb846a29a2ac87a048db8c78a89b0b9?s=96&d=mm&r=g","url":"https:\/\/secure.gravatar.com\/avatar\/a3abd3e37314905e5256eb67bf9c35ee2bb846a29a2ac87a048db8c78a89b0b9?s=96&d=mm&r=g","contentUrl":"https:\/\/secure.gravatar.com\/avatar\/a3abd3e37314905e5256eb67bf9c35ee2bb846a29a2ac87a048db8c78a89b0b9?s=96&d=mm&r=g","caption":"Aar\u00f3n Ram\u00edrez"},"description":"Becario Editorial en Centro Urbano. Soy estudiante de la Licenciatura en Comunicaci\u00f3n por la Facultad de Estudios Superiores (FES) Acatl\u00e1n. Apasionado de la m\u00fasica, el cine y la cultura. Me interesa la creaci\u00f3n de contenidos period\u00edsticos multimedia para diversas plataformas.","url":"https:\/\/centrourbano.com\/revista\/author\/aaron-ramirez\/"}]}},"_links":{"self":[{"href":"https:\/\/centrourbano.com\/revista\/wp-json\/wp\/v2\/posts\/116377","targetHints":{"allow":["GET"]}}],"collection":[{"href":"https:\/\/centrourbano.com\/revista\/wp-json\/wp\/v2\/posts"}],"about":[{"href":"https:\/\/centrourbano.com\/revista\/wp-json\/wp\/v2\/types\/post"}],"author":[{"embeddable":true,"href":"https:\/\/centrourbano.com\/revista\/wp-json\/wp\/v2\/users\/78"}],"replies":[{"embeddable":true,"href":"https:\/\/centrourbano.com\/revista\/wp-json\/wp\/v2\/comments?post=116377"}],"version-history":[{"count":6,"href":"https:\/\/centrourbano.com\/revista\/wp-json\/wp\/v2\/posts\/116377\/revisions"}],"predecessor-version":[{"id":116405,"href":"https:\/\/centrourbano.com\/revista\/wp-json\/wp\/v2\/posts\/116377\/revisions\/116405"}],"wp:featuredmedia":[{"embeddable":true,"href":"https:\/\/centrourbano.com\/revista\/wp-json\/wp\/v2\/media\/116378"}],"wp:attachment":[{"href":"https:\/\/centrourbano.com\/revista\/wp-json\/wp\/v2\/media?parent=116377"}],"wp:term":[{"taxonomy":"category","embeddable":true,"href":"https:\/\/centrourbano.com\/revista\/wp-json\/wp\/v2\/categories?post=116377"},{"taxonomy":"post_tag","embeddable":true,"href":"https:\/\/centrourbano.com\/revista\/wp-json\/wp\/v2\/tags?post=116377"}],"curies":[{"name":"wp","href":"https:\/\/api.w.org\/{rel}","templated":true}]}}