{"id":11632,"date":"2014-10-16T16:51:21","date_gmt":"2014-10-16T21:51:21","guid":{"rendered":"http:\/\/centrourbano.com\/?p=11632"},"modified":"2014-10-16T16:51:21","modified_gmt":"2014-10-16T21:51:21","slug":"el-voto-de-la-mujer-consolida-el-estado-de-derecho-del-pais-mebt","status":"publish","type":"post","link":"https:\/\/centrourbano.com\/revista\/saladeprensa\/el-voto-de-la-mujer-consolida-el-estado-de-derecho-del-pais-mebt\/","title":{"rendered":"El voto de la mujer consolida el estado de derecho del pa\u00eds: MEBT"},"content":{"rendered":"<p>&nbsp;<\/p>\n<ul>\n<li><em>El Poder Legislativo debe seguir trabajando para romper los muros que en la actualidad persisten para que las mujeres tengan acceso al voto<\/em><\/li>\n<\/ul>\n<p><!--more--><\/p>\n<p><strong>\u00a0<\/strong><\/p>\n<p><strong>M\u00e9xico, Distrito Federal. Septiembre 16 de 2014.-\u00a0<\/strong>Tras conmemorar el\u00a061 Aniversario del Derecho al Voto para la Mujer en M\u00e9xico, la senadora Mar\u00eda Elena Barrera Tapia calific\u00f3 como toral la participaci\u00f3n del gremio femenino en los momentos m\u00e1s representativos de la historia del pa\u00eds, pues gracias a ellas existe una consolidaci\u00f3n del estado de derecho de nuestro pa\u00eds.<\/p>\n<p>&nbsp;<\/p>\n<p>Durante el posicionamiento de su bancada se\u00f1al\u00f3 que la lucha de las mujeres en la participaci\u00f3n pol\u00edtica mexicana no ha sido f\u00e1cil, tal y como lo evidencia la lucha por la reivindicaci\u00f3n de los derechos pol\u00edticos de ellas.<\/p>\n<p>&nbsp;<\/p>\n<p>Por ello, se congratul\u00f3 de que la mujer mexicana hoy tenga el derecho al voto y a ser votada, y al mismo tiempo sea parte fundamental de la toma de decisiones pol\u00edticas del pa\u00eds porque con su participaci\u00f3n se solidifica la piedra angular en un r\u00e9gimen democr\u00e1tico, conformado por el reconocimiento de los derechos humanos, el Estado de Derecho, y su garant\u00eda para hacerlos exigibles.<\/p>\n<p>&nbsp;<\/p>\n<p>Asever\u00f3 que desde el Poder Legislativo se debe seguir trabajando para fortalecer el respeto, la inclusi\u00f3n y la equidad de g\u00e9nero, para romper los muros que en la actualidad persisten para que las mujeres tengan acceso a este derecho civil y pol\u00edtico.<\/p>\n<p>&nbsp;<\/p>\n<p>\u201cAyer, en el evento de conmemoraci\u00f3n de este aniversario el Presidente, atestigu\u00f3 la firma del Convenio del Observatorio de Participaci\u00f3n Pol\u00edtica de las Mujeres en M\u00e9xico, un instrumento que permitir\u00e1 llevar el pulso del estado que guarda y que mantendr\u00e1 la participaci\u00f3n femenina en la vida pol\u00edtica del pa\u00eds.<\/p>\n<p>&nbsp;<\/p>\n<p>Asimismo, la C\u00e1mara Alta dio un paso sin precedentes al firmar el acuerdo para crear la Unidad de G\u00e9nero del Senado de la Rep\u00fablica, cuyo prop\u00f3sito ser\u00e1 el de institucionalizar la perspectiva de g\u00e9nero dentro de esta dependencia, con el fin de avanzar hacia la igualdad sustantiva\u201d, concluy\u00f3.<\/p>\n","protected":false},"excerpt":{"rendered":"<p>&nbsp; El Poder Legislativo debe seguir trabajando para romper los muros que en la actualidad persisten para que las mujeres tengan acceso al voto<\/p>\n","protected":false},"author":14,"featured_media":0,"comment_status":"open","ping_status":"closed","sticky":false,"template":"","format":"standard","meta":{"om_disable_all_campaigns":false,"inline_featured_image":false,"_monsterinsights_skip_tracking":false,"_monsterinsights_sitenote_active":false,"_monsterinsights_sitenote_note":"","_monsterinsights_sitenote_category":0,"footnotes":""},"categories":[7],"tags":[3383,3382,386],"class_list":["post-11632","post","type-post","status-publish","format-standard","hentry","category-saladeprensa","tag-derecho-al-voto","tag-maria-elena-barrera-tapia","tag-senado"],"yoast_head":"<!-- This site is optimized with the Yoast SEO plugin v27.4 - https:\/\/yoast.com\/product\/yoast-seo-wordpress\/ -->\n<title>El voto de la mujer consolida el estado de derecho del pa\u00eds: MEBT -<\/title>\n<meta name=\"description\" content=\"&nbsp; El Poder Legislativo debe seguir trabajando para romper los muros que en la actualidad persisten para que las mujeres tengan acceso al voto \u00a0\" \/>\n<meta name=\"robots\" content=\"index, follow, max-snippet:-1, max-image-preview:large, max-video-preview:-1\" \/>\n<link rel=\"canonical\" href=\"https:\/\/centrourbano.com\/revista\/saladeprensa\/el-voto-de-la-mujer-consolida-el-estado-de-derecho-del-pais-mebt\/\" \/>\n<meta property=\"og:locale\" content=\"es_ES\" \/>\n<meta property=\"og:type\" content=\"article\" \/>\n<meta property=\"og:title\" content=\"El voto de la mujer consolida el estado de derecho del pa\u00eds: MEBT -\" \/>\n<meta property=\"og:description\" content=\"&nbsp; El Poder Legislativo debe seguir trabajando para romper los muros que en la actualidad persisten para que las mujeres tengan acceso al voto \u00a0\" \/>\n<meta property=\"og:url\" content=\"https:\/\/centrourbano.com\/revista\/saladeprensa\/el-voto-de-la-mujer-consolida-el-estado-de-derecho-del-pais-mebt\/\" \/>\n<meta property=\"og:site_name\" content=\"Centro Urbano\" \/>\n<meta property=\"article:publisher\" content=\"https:\/\/www.facebook.com\/portalcentrourbano\" \/>\n<meta property=\"article:published_time\" content=\"2014-10-16T21:51:21+00:00\" \/>\n<meta property=\"og:image\" content=\"https:\/\/centrourbano.com\/revista\/wp-content\/uploads\/CU-logo.png\" \/>\n\t<meta property=\"og:image:width\" content=\"350\" \/>\n\t<meta property=\"og:image:height\" content=\"91\" \/>\n\t<meta property=\"og:image:type\" content=\"image\/png\" \/>\n<meta name=\"author\" content=\"Redacci\u00f3n Centro Urbano\" \/>\n<meta name=\"twitter:card\" content=\"summary_large_image\" \/>\n<meta name=\"twitter:creator\" content=\"@CentroUrbano\" \/>\n<meta name=\"twitter:site\" content=\"@CentroUrbano\" \/>\n<meta name=\"twitter:label1\" content=\"Escrito por\" \/>\n\t<meta name=\"twitter:data1\" content=\"Redacci\u00f3n Centro Urbano\" \/>\n\t<meta name=\"twitter:label2\" content=\"Tiempo de lectura\" \/>\n\t<meta name=\"twitter:data2\" content=\"2 minutos\" \/>\n<script type=\"application\/ld+json\" class=\"yoast-schema-graph\">{\"@context\":\"https:\\\/\\\/schema.org\",\"@graph\":[{\"@type\":\"Article\",\"@id\":\"https:\\\/\\\/centrourbano.com\\\/revista\\\/saladeprensa\\\/el-voto-de-la-mujer-consolida-el-estado-de-derecho-del-pais-mebt\\\/#article\",\"isPartOf\":{\"@id\":\"https:\\\/\\\/centrourbano.com\\\/revista\\\/saladeprensa\\\/el-voto-de-la-mujer-consolida-el-estado-de-derecho-del-pais-mebt\\\/\"},\"author\":{\"name\":\"Redacci\u00f3n Centro Urbano\",\"@id\":\"https:\\\/\\\/centrourbano.com\\\/revista\\\/#\\\/schema\\\/person\\\/680e7c50f9d6e917e416c9efdc26f996\"},\"headline\":\"El voto de la mujer consolida el estado de derecho del pa\u00eds: MEBT\",\"datePublished\":\"2014-10-16T21:51:21+00:00\",\"mainEntityOfPage\":{\"@id\":\"https:\\\/\\\/centrourbano.com\\\/revista\\\/saladeprensa\\\/el-voto-de-la-mujer-consolida-el-estado-de-derecho-del-pais-mebt\\\/\"},\"wordCount\":377,\"commentCount\":0,\"publisher\":{\"@id\":\"https:\\\/\\\/centrourbano.com\\\/revista\\\/#organization\"},\"keywords\":[\"derecho al voto\",\"Mar\u00eda Elena Barrera Tapia\",\"Senado\"],\"articleSection\":[\"Sala de Prensa\"],\"inLanguage\":\"es\",\"potentialAction\":[{\"@type\":\"CommentAction\",\"name\":\"Comment\",\"target\":[\"https:\\\/\\\/centrourbano.com\\\/revista\\\/saladeprensa\\\/el-voto-de-la-mujer-consolida-el-estado-de-derecho-del-pais-mebt\\\/#respond\"]}]},{\"@type\":\"WebPage\",\"@id\":\"https:\\\/\\\/centrourbano.com\\\/revista\\\/saladeprensa\\\/el-voto-de-la-mujer-consolida-el-estado-de-derecho-del-pais-mebt\\\/\",\"url\":\"https:\\\/\\\/centrourbano.com\\\/revista\\\/saladeprensa\\\/el-voto-de-la-mujer-consolida-el-estado-de-derecho-del-pais-mebt\\\/\",\"name\":\"El voto de la mujer consolida el estado de derecho del pa\u00eds: MEBT -\",\"isPartOf\":{\"@id\":\"https:\\\/\\\/centrourbano.com\\\/revista\\\/#website\"},\"datePublished\":\"2014-10-16T21:51:21+00:00\",\"description\":\"&nbsp; El Poder Legislativo debe seguir trabajando para romper los muros que en la actualidad persisten para que las mujeres tengan acceso al voto \u00a0\",\"breadcrumb\":{\"@id\":\"https:\\\/\\\/centrourbano.com\\\/revista\\\/saladeprensa\\\/el-voto-de-la-mujer-consolida-el-estado-de-derecho-del-pais-mebt\\\/#breadcrumb\"},\"inLanguage\":\"es\",\"potentialAction\":[{\"@type\":\"ReadAction\",\"target\":[\"https:\\\/\\\/centrourbano.com\\\/revista\\\/saladeprensa\\\/el-voto-de-la-mujer-consolida-el-estado-de-derecho-del-pais-mebt\\\/\"]}]},{\"@type\":\"BreadcrumbList\",\"@id\":\"https:\\\/\\\/centrourbano.com\\\/revista\\\/saladeprensa\\\/el-voto-de-la-mujer-consolida-el-estado-de-derecho-del-pais-mebt\\\/#breadcrumb\",\"itemListElement\":[{\"@type\":\"ListItem\",\"position\":1,\"name\":\"Portada\",\"item\":\"https:\\\/\\\/centrourbano.com\\\/revista\\\/\"},{\"@type\":\"ListItem\",\"position\":2,\"name\":\"El voto de la mujer consolida el estado de derecho del pa\u00eds: MEBT\"}]},{\"@type\":\"WebSite\",\"@id\":\"https:\\\/\\\/centrourbano.com\\\/revista\\\/#website\",\"url\":\"https:\\\/\\\/centrourbano.com\\\/revista\\\/\",\"name\":\"Centro Urbano\",\"description\":\"Medio especializado en los sectores vivienda, inmobiliario, construcci\u00f3n, arquitectura y urbanismo.\",\"publisher\":{\"@id\":\"https:\\\/\\\/centrourbano.com\\\/revista\\\/#organization\"},\"potentialAction\":[{\"@type\":\"SearchAction\",\"target\":{\"@type\":\"EntryPoint\",\"urlTemplate\":\"https:\\\/\\\/centrourbano.com\\\/revista\\\/?s={search_term_string}\"},\"query-input\":{\"@type\":\"PropertyValueSpecification\",\"valueRequired\":true,\"valueName\":\"search_term_string\"}}],\"inLanguage\":\"es\"},{\"@type\":\"Organization\",\"@id\":\"https:\\\/\\\/centrourbano.com\\\/revista\\\/#organization\",\"name\":\"Centro Urbano\",\"url\":\"https:\\\/\\\/centrourbano.com\\\/revista\\\/\",\"logo\":{\"@type\":\"ImageObject\",\"inLanguage\":\"es\",\"@id\":\"https:\\\/\\\/centrourbano.com\\\/revista\\\/#\\\/schema\\\/logo\\\/image\\\/\",\"url\":\"https:\\\/\\\/centrourbano.com\\\/revista\\\/wp-content\\\/uploads\\\/web_CU_logo-1.png\",\"contentUrl\":\"https:\\\/\\\/centrourbano.com\\\/revista\\\/wp-content\\\/uploads\\\/web_CU_logo-1.png\",\"width\":350,\"height\":91,\"caption\":\"Centro Urbano\"},\"image\":{\"@id\":\"https:\\\/\\\/centrourbano.com\\\/revista\\\/#\\\/schema\\\/logo\\\/image\\\/\"},\"sameAs\":[\"https:\\\/\\\/www.facebook.com\\\/portalcentrourbano\",\"https:\\\/\\\/x.com\\\/CentroUrbano\",\"https:\\\/\\\/www.instagram.com\\\/centro_urbano\\\/\",\"https:\\\/\\\/www.linkedin.com\\\/company\\\/centro-urbano\\\/\",\"http:\\\/\\\/www.youtube.com\\\/user\\\/portalcentrourbano\"]},{\"@type\":\"Person\",\"@id\":\"https:\\\/\\\/centrourbano.com\\\/revista\\\/#\\\/schema\\\/person\\\/680e7c50f9d6e917e416c9efdc26f996\",\"name\":\"Redacci\u00f3n Centro Urbano\",\"image\":{\"@type\":\"ImageObject\",\"inLanguage\":\"es\",\"@id\":\"https:\\\/\\\/secure.gravatar.com\\\/avatar\\\/15a789f894398c0f311f3a7a2ee28032bbc0483098539da66b6a045aa810bf35?s=96&d=mm&r=g\",\"url\":\"https:\\\/\\\/secure.gravatar.com\\\/avatar\\\/15a789f894398c0f311f3a7a2ee28032bbc0483098539da66b6a045aa810bf35?s=96&d=mm&r=g\",\"contentUrl\":\"https:\\\/\\\/secure.gravatar.com\\\/avatar\\\/15a789f894398c0f311f3a7a2ee28032bbc0483098539da66b6a045aa810bf35?s=96&d=mm&r=g\",\"caption\":\"Redacci\u00f3n Centro Urbano\"},\"url\":\"https:\\\/\\\/centrourbano.com\\\/revista\\\/author\\\/editorial\\\/\"}]}<\/script>\n<!-- \/ Yoast SEO plugin. -->","yoast_head_json":{"title":"El voto de la mujer consolida el estado de derecho del pa\u00eds: MEBT -","description":"&nbsp; El Poder Legislativo debe seguir trabajando para romper los muros que en la actualidad persisten para que las mujeres tengan acceso al voto \u00a0","robots":{"index":"index","follow":"follow","max-snippet":"max-snippet:-1","max-image-preview":"max-image-preview:large","max-video-preview":"max-video-preview:-1"},"canonical":"https:\/\/centrourbano.com\/revista\/saladeprensa\/el-voto-de-la-mujer-consolida-el-estado-de-derecho-del-pais-mebt\/","og_locale":"es_ES","og_type":"article","og_title":"El voto de la mujer consolida el estado de derecho del pa\u00eds: MEBT -","og_description":"&nbsp; El Poder Legislativo debe seguir trabajando para romper los muros que en la actualidad persisten para que las mujeres tengan acceso al voto \u00a0","og_url":"https:\/\/centrourbano.com\/revista\/saladeprensa\/el-voto-de-la-mujer-consolida-el-estado-de-derecho-del-pais-mebt\/","og_site_name":"Centro Urbano","article_publisher":"https:\/\/www.facebook.com\/portalcentrourbano","article_published_time":"2014-10-16T21:51:21+00:00","og_image":[{"width":350,"height":91,"url":"https:\/\/centrourbano.com\/revista\/wp-content\/uploads\/CU-logo.png","type":"image\/png"}],"author":"Redacci\u00f3n Centro Urbano","twitter_card":"summary_large_image","twitter_creator":"@CentroUrbano","twitter_site":"@CentroUrbano","twitter_misc":{"Escrito por":"Redacci\u00f3n Centro Urbano","Tiempo de lectura":"2 minutos"},"schema":{"@context":"https:\/\/schema.org","@graph":[{"@type":"Article","@id":"https:\/\/centrourbano.com\/revista\/saladeprensa\/el-voto-de-la-mujer-consolida-el-estado-de-derecho-del-pais-mebt\/#article","isPartOf":{"@id":"https:\/\/centrourbano.com\/revista\/saladeprensa\/el-voto-de-la-mujer-consolida-el-estado-de-derecho-del-pais-mebt\/"},"author":{"name":"Redacci\u00f3n Centro Urbano","@id":"https:\/\/centrourbano.com\/revista\/#\/schema\/person\/680e7c50f9d6e917e416c9efdc26f996"},"headline":"El voto de la mujer consolida el estado de derecho del pa\u00eds: MEBT","datePublished":"2014-10-16T21:51:21+00:00","mainEntityOfPage":{"@id":"https:\/\/centrourbano.com\/revista\/saladeprensa\/el-voto-de-la-mujer-consolida-el-estado-de-derecho-del-pais-mebt\/"},"wordCount":377,"commentCount":0,"publisher":{"@id":"https:\/\/centrourbano.com\/revista\/#organization"},"keywords":["derecho al voto","Mar\u00eda Elena Barrera Tapia","Senado"],"articleSection":["Sala de Prensa"],"inLanguage":"es","potentialAction":[{"@type":"CommentAction","name":"Comment","target":["https:\/\/centrourbano.com\/revista\/saladeprensa\/el-voto-de-la-mujer-consolida-el-estado-de-derecho-del-pais-mebt\/#respond"]}]},{"@type":"WebPage","@id":"https:\/\/centrourbano.com\/revista\/saladeprensa\/el-voto-de-la-mujer-consolida-el-estado-de-derecho-del-pais-mebt\/","url":"https:\/\/centrourbano.com\/revista\/saladeprensa\/el-voto-de-la-mujer-consolida-el-estado-de-derecho-del-pais-mebt\/","name":"El voto de la mujer consolida el estado de derecho del pa\u00eds: MEBT -","isPartOf":{"@id":"https:\/\/centrourbano.com\/revista\/#website"},"datePublished":"2014-10-16T21:51:21+00:00","description":"&nbsp; El Poder Legislativo debe seguir trabajando para romper los muros que en la actualidad persisten para que las mujeres tengan acceso al voto \u00a0","breadcrumb":{"@id":"https:\/\/centrourbano.com\/revista\/saladeprensa\/el-voto-de-la-mujer-consolida-el-estado-de-derecho-del-pais-mebt\/#breadcrumb"},"inLanguage":"es","potentialAction":[{"@type":"ReadAction","target":["https:\/\/centrourbano.com\/revista\/saladeprensa\/el-voto-de-la-mujer-consolida-el-estado-de-derecho-del-pais-mebt\/"]}]},{"@type":"BreadcrumbList","@id":"https:\/\/centrourbano.com\/revista\/saladeprensa\/el-voto-de-la-mujer-consolida-el-estado-de-derecho-del-pais-mebt\/#breadcrumb","itemListElement":[{"@type":"ListItem","position":1,"name":"Portada","item":"https:\/\/centrourbano.com\/revista\/"},{"@type":"ListItem","position":2,"name":"El voto de la mujer consolida el estado de derecho del pa\u00eds: MEBT"}]},{"@type":"WebSite","@id":"https:\/\/centrourbano.com\/revista\/#website","url":"https:\/\/centrourbano.com\/revista\/","name":"Centro Urbano","description":"Medio especializado en los sectores vivienda, inmobiliario, construcci\u00f3n, arquitectura y urbanismo.","publisher":{"@id":"https:\/\/centrourbano.com\/revista\/#organization"},"potentialAction":[{"@type":"SearchAction","target":{"@type":"EntryPoint","urlTemplate":"https:\/\/centrourbano.com\/revista\/?s={search_term_string}"},"query-input":{"@type":"PropertyValueSpecification","valueRequired":true,"valueName":"search_term_string"}}],"inLanguage":"es"},{"@type":"Organization","@id":"https:\/\/centrourbano.com\/revista\/#organization","name":"Centro Urbano","url":"https:\/\/centrourbano.com\/revista\/","logo":{"@type":"ImageObject","inLanguage":"es","@id":"https:\/\/centrourbano.com\/revista\/#\/schema\/logo\/image\/","url":"https:\/\/centrourbano.com\/revista\/wp-content\/uploads\/web_CU_logo-1.png","contentUrl":"https:\/\/centrourbano.com\/revista\/wp-content\/uploads\/web_CU_logo-1.png","width":350,"height":91,"caption":"Centro Urbano"},"image":{"@id":"https:\/\/centrourbano.com\/revista\/#\/schema\/logo\/image\/"},"sameAs":["https:\/\/www.facebook.com\/portalcentrourbano","https:\/\/x.com\/CentroUrbano","https:\/\/www.instagram.com\/centro_urbano\/","https:\/\/www.linkedin.com\/company\/centro-urbano\/","http:\/\/www.youtube.com\/user\/portalcentrourbano"]},{"@type":"Person","@id":"https:\/\/centrourbano.com\/revista\/#\/schema\/person\/680e7c50f9d6e917e416c9efdc26f996","name":"Redacci\u00f3n Centro Urbano","image":{"@type":"ImageObject","inLanguage":"es","@id":"https:\/\/secure.gravatar.com\/avatar\/15a789f894398c0f311f3a7a2ee28032bbc0483098539da66b6a045aa810bf35?s=96&d=mm&r=g","url":"https:\/\/secure.gravatar.com\/avatar\/15a789f894398c0f311f3a7a2ee28032bbc0483098539da66b6a045aa810bf35?s=96&d=mm&r=g","contentUrl":"https:\/\/secure.gravatar.com\/avatar\/15a789f894398c0f311f3a7a2ee28032bbc0483098539da66b6a045aa810bf35?s=96&d=mm&r=g","caption":"Redacci\u00f3n Centro Urbano"},"url":"https:\/\/centrourbano.com\/revista\/author\/editorial\/"}]}},"_links":{"self":[{"href":"https:\/\/centrourbano.com\/revista\/wp-json\/wp\/v2\/posts\/11632","targetHints":{"allow":["GET"]}}],"collection":[{"href":"https:\/\/centrourbano.com\/revista\/wp-json\/wp\/v2\/posts"}],"about":[{"href":"https:\/\/centrourbano.com\/revista\/wp-json\/wp\/v2\/types\/post"}],"author":[{"embeddable":true,"href":"https:\/\/centrourbano.com\/revista\/wp-json\/wp\/v2\/users\/14"}],"replies":[{"embeddable":true,"href":"https:\/\/centrourbano.com\/revista\/wp-json\/wp\/v2\/comments?post=11632"}],"version-history":[{"count":0,"href":"https:\/\/centrourbano.com\/revista\/wp-json\/wp\/v2\/posts\/11632\/revisions"}],"wp:attachment":[{"href":"https:\/\/centrourbano.com\/revista\/wp-json\/wp\/v2\/media?parent=11632"}],"wp:term":[{"taxonomy":"category","embeddable":true,"href":"https:\/\/centrourbano.com\/revista\/wp-json\/wp\/v2\/categories?post=11632"},{"taxonomy":"post_tag","embeddable":true,"href":"https:\/\/centrourbano.com\/revista\/wp-json\/wp\/v2\/tags?post=11632"}],"curies":[{"name":"wp","href":"https:\/\/api.w.org\/{rel}","templated":true}]}}