{"id":115907,"date":"2021-04-19T15:45:25","date_gmt":"2021-04-19T20:45:25","guid":{"rendered":"https:\/\/centrourbano.com\/?p=115907"},"modified":"2021-04-19T16:51:52","modified_gmt":"2021-04-19T21:51:52","slug":"cartera-credito-vivienda-bbva","status":"publish","type":"post","link":"https:\/\/centrourbano.com\/revista\/vivienda\/cartera-credito-vivienda-bbva\/","title":{"rendered":"Cartera de cr\u00e9dito a vivienda crece 8.4% en febrero: BBVA"},"content":{"rendered":"<p><em>La cartera de cr\u00e9dito a la vivienda ha presentado una tendencia de desaceleraci\u00f3n desde 2019, en gran parte por la contracci\u00f3n en los indicadores de empleo formal<\/em><!--more--><\/p>\n<p>De acuerdo con <strong><a href=\"https:\/\/www.bbvaresearch.com\/\" target=\"_blank\" rel=\"noopener noreferrer\">BBVA<\/a> M\u00e9xico<\/strong>, durante el mes de febrero de 2021, el crecimiento nominal anual del saldo de la <strong>cartera de cr\u00e9dito vigente<\/strong> que otorga la banca comercial a la <strong>vivienda<\/strong> fue de 8.4%. Lo que representa una contracci\u00f3n con respecto al mes inmediato anterior, en el que se registr\u00f3 un crecimiento del 8.6%; as\u00ed como del mismo mes del a\u00f1o pasado, con 10.5 por ciento.<\/p>\n<p>El banco destac\u00f3 que el <strong>crecimiento anual de la cartera de cr\u00e9dito a la vivienda<\/strong> ha acumulado 12 meses consecutivos por debajo del 10%. Esto debido, principalmente, a una continua contracci\u00f3n del segmento de inter\u00e9s social; que se remonta a marzo de 2016, y alcanz\u00f3 en febrero de 2021 su punto m\u00ednimo, con una ca\u00edda de 13 por ciento.<\/p>\n<p>Asimismo, la tendencia de desaceleraci\u00f3n de la <strong>cartera de cr\u00e9dito a la vivienda<\/strong>, que se ha presentado desde octubre de 2019, se debe, gran parte, a la contracci\u00f3n en los indicadores de <strong>empleo formal<\/strong>.<\/p>\n<p>Lo anterior ha implicado un menor crecimiento del <strong>cr\u00e9dito a la vivienda<\/strong>; adem\u00e1s de que puede hacer que las tasas de crecimiento sean a\u00fan menores, debido al rezago con que act\u00faa sobre la cartera de cr\u00e9dito. La contracci\u00f3n total promedio de los trabajadores permanentes fue de -2% en 2020; y lleg\u00f3 a ser de -3.4% en enero de 2021 y de -3.3% en el pasado mes de febrero.<\/p>\n<p>Por otra parte, <strong>BBVA<\/strong> indic\u00f3 que el <strong>salario real de cotizaci\u00f3n en el Instituto Mexicano del Seguro Social<\/strong> (<strong>IMSS<\/strong>) present\u00f3 un crecimiento anual de 4.5% en enero de 2021; contra un 3.1% en enero de 2020. Este indicador apunta a un mayor poder adquisitivo de los hogares como demandantes de cr\u00e9dito; adem\u00e1s, marca un mejor desempe\u00f1o que, de prolongarse y acompa\u00f1arse de una recuperaci\u00f3n del empleo, contribuir\u00eda a una mejor\u00eda en el crecimiento de los saldos de cr\u00e9dito a la vivienda.<\/p>\n<a href=\"https:\/\/centrourbano.com\/revista\/wp-content\/uploads\/Vivienda-BBVA.png\" target=\"_blank\" rel=\"noopener noreferrer\"><img loading=\"lazy\" decoding=\"async\" class=\"aligncenter wp-image-115909 \" src=\"https:\/\/centrourbano.com\/revista\/wp-content\/uploads\/Vivienda-BBVA.png\" alt=\"\" width=\"802\" height=\"208\" srcset=\"https:\/\/centrourbano.com\/revista\/wp-content\/uploads\/Vivienda-BBVA.png 1238w, https:\/\/centrourbano.com\/revista\/wp-content\/uploads\/Vivienda-BBVA-300x78.png 300w, https:\/\/centrourbano.com\/revista\/wp-content\/uploads\/Vivienda-BBVA-1000x259.png 1000w, https:\/\/centrourbano.com\/revista\/wp-content\/uploads\/Vivienda-BBVA-768x199.png 768w\" sizes=\"auto, (max-width: 802px) 100vw, 802px\" \/><\/a>\n","protected":false},"excerpt":{"rendered":"<p>La cartera de cr\u00e9dito a la vivienda ha presentado una tendencia de desaceleraci\u00f3n desde 2019, en gran parte por la contracci\u00f3n en los indicadores de empleo formal<\/p>\n","protected":false},"author":73,"featured_media":115908,"comment_status":"open","ping_status":"closed","sticky":false,"template":"","format":"standard","meta":{"om_disable_all_campaigns":false,"inline_featured_image":false,"_monsterinsights_skip_tracking":false,"_monsterinsights_sitenote_active":false,"_monsterinsights_sitenote_note":"","_monsterinsights_sitenote_category":0,"footnotes":""},"categories":[12],"tags":[1053,14718,15242,349,15869,60],"class_list":["post-115907","post","type-post","status-publish","format-standard","has-post-thumbnail","hentry","category-vivienda","tag-bbva","tag-cartera-de-credito","tag-contraccion","tag-crecimiento","tag-empleo-formal","tag-vivienda-2"],"yoast_head":"<!-- This site is optimized with the Yoast SEO plugin v27.5 - https:\/\/yoast.com\/product\/yoast-seo-wordpress\/ -->\n<title>Cartera de cr\u00e9dito a vivienda crece 8.4% en febrero: BBVA<\/title>\n<meta name=\"description\" content=\"La cartera de cr\u00e9dito a la vivienda ha presentado una tendencia de desaceleraci\u00f3n desde 2019 por la contracci\u00f3n en el empleo formal\" \/>\n<meta name=\"robots\" content=\"index, follow, max-snippet:-1, max-image-preview:large, max-video-preview:-1\" \/>\n<link rel=\"canonical\" href=\"https:\/\/centrourbano.com\/revista\/vivienda\/cartera-credito-vivienda-bbva\/\" \/>\n<meta property=\"og:locale\" content=\"es_ES\" \/>\n<meta property=\"og:type\" content=\"article\" \/>\n<meta property=\"og:title\" content=\"Cartera de cr\u00e9dito a vivienda crece 8.4% en febrero: BBVA\" \/>\n<meta property=\"og:description\" content=\"La cartera de cr\u00e9dito a la vivienda ha presentado una tendencia de desaceleraci\u00f3n desde 2019 por la contracci\u00f3n en el empleo formal\" \/>\n<meta property=\"og:url\" content=\"https:\/\/centrourbano.com\/revista\/vivienda\/cartera-credito-vivienda-bbva\/\" \/>\n<meta property=\"og:site_name\" content=\"Centro Urbano\" \/>\n<meta property=\"article:publisher\" content=\"https:\/\/www.facebook.com\/portalcentrourbano\" \/>\n<meta property=\"article:published_time\" content=\"2021-04-19T20:45:25+00:00\" \/>\n<meta property=\"article:modified_time\" content=\"2021-04-19T21:51:52+00:00\" \/>\n<meta property=\"og:image\" content=\"https:\/\/centrourbano.com\/revista\/wp-content\/uploads\/Cartera-de-credito-a-vivienda-crece-8.4-en-febrero-BBVA.jpg\" \/>\n\t<meta property=\"og:image:width\" content=\"800\" \/>\n\t<meta property=\"og:image:height\" content=\"450\" \/>\n\t<meta property=\"og:image:type\" content=\"image\/jpeg\" \/>\n<meta name=\"author\" content=\"Fernanda Hern\u00e1ndez\" \/>\n<meta name=\"twitter:card\" content=\"summary_large_image\" \/>\n<meta name=\"twitter:creator\" content=\"@https:\/\/twitter.com\/Nannz_Hernandez\" \/>\n<meta name=\"twitter:site\" content=\"@CentroUrbano\" \/>\n<meta name=\"twitter:label1\" content=\"Escrito por\" \/>\n\t<meta name=\"twitter:data1\" content=\"Fernanda Hern\u00e1ndez\" \/>\n\t<meta name=\"twitter:label2\" content=\"Tiempo de lectura\" \/>\n\t<meta name=\"twitter:data2\" content=\"2 minutos\" \/>\n<script type=\"application\/ld+json\" class=\"yoast-schema-graph\">{\"@context\":\"https:\\\/\\\/schema.org\",\"@graph\":[{\"@type\":\"Article\",\"@id\":\"https:\\\/\\\/centrourbano.com\\\/revista\\\/vivienda\\\/cartera-credito-vivienda-bbva\\\/#article\",\"isPartOf\":{\"@id\":\"https:\\\/\\\/centrourbano.com\\\/revista\\\/vivienda\\\/cartera-credito-vivienda-bbva\\\/\"},\"author\":{\"name\":\"Fernanda Hern\u00e1ndez\",\"@id\":\"https:\\\/\\\/centrourbano.com\\\/revista\\\/#\\\/schema\\\/person\\\/bc284507d99af21c6df75a3f1924b95c\"},\"headline\":\"Cartera de cr\u00e9dito a vivienda crece 8.4% en febrero: BBVA\",\"datePublished\":\"2021-04-19T20:45:25+00:00\",\"dateModified\":\"2021-04-19T21:51:52+00:00\",\"mainEntityOfPage\":{\"@id\":\"https:\\\/\\\/centrourbano.com\\\/revista\\\/vivienda\\\/cartera-credito-vivienda-bbva\\\/\"},\"wordCount\":359,\"commentCount\":0,\"publisher\":{\"@id\":\"https:\\\/\\\/centrourbano.com\\\/revista\\\/#organization\"},\"image\":{\"@id\":\"https:\\\/\\\/centrourbano.com\\\/revista\\\/vivienda\\\/cartera-credito-vivienda-bbva\\\/#primaryimage\"},\"thumbnailUrl\":\"https:\\\/\\\/centrourbano.com\\\/revista\\\/wp-content\\\/uploads\\\/Cartera-de-credito-a-vivienda-crece-8.4-en-febrero-BBVA.jpg\",\"keywords\":[\"BBVA\",\"Cartera de cr\u00e9dito\",\"contracci\u00f3n\",\"Crecimiento\",\"empleo formal\",\"vivienda\"],\"articleSection\":[\"Vivienda\"],\"inLanguage\":\"es\",\"potentialAction\":[{\"@type\":\"CommentAction\",\"name\":\"Comment\",\"target\":[\"https:\\\/\\\/centrourbano.com\\\/revista\\\/vivienda\\\/cartera-credito-vivienda-bbva\\\/#respond\"]}]},{\"@type\":\"WebPage\",\"@id\":\"https:\\\/\\\/centrourbano.com\\\/revista\\\/vivienda\\\/cartera-credito-vivienda-bbva\\\/\",\"url\":\"https:\\\/\\\/centrourbano.com\\\/revista\\\/vivienda\\\/cartera-credito-vivienda-bbva\\\/\",\"name\":\"Cartera de cr\u00e9dito a vivienda crece 8.4% en febrero: BBVA\",\"isPartOf\":{\"@id\":\"https:\\\/\\\/centrourbano.com\\\/revista\\\/#website\"},\"primaryImageOfPage\":{\"@id\":\"https:\\\/\\\/centrourbano.com\\\/revista\\\/vivienda\\\/cartera-credito-vivienda-bbva\\\/#primaryimage\"},\"image\":{\"@id\":\"https:\\\/\\\/centrourbano.com\\\/revista\\\/vivienda\\\/cartera-credito-vivienda-bbva\\\/#primaryimage\"},\"thumbnailUrl\":\"https:\\\/\\\/centrourbano.com\\\/revista\\\/wp-content\\\/uploads\\\/Cartera-de-credito-a-vivienda-crece-8.4-en-febrero-BBVA.jpg\",\"datePublished\":\"2021-04-19T20:45:25+00:00\",\"dateModified\":\"2021-04-19T21:51:52+00:00\",\"description\":\"La cartera de cr\u00e9dito a la vivienda ha presentado una tendencia de desaceleraci\u00f3n desde 2019 por la contracci\u00f3n en el empleo formal\",\"breadcrumb\":{\"@id\":\"https:\\\/\\\/centrourbano.com\\\/revista\\\/vivienda\\\/cartera-credito-vivienda-bbva\\\/#breadcrumb\"},\"inLanguage\":\"es\",\"potentialAction\":[{\"@type\":\"ReadAction\",\"target\":[\"https:\\\/\\\/centrourbano.com\\\/revista\\\/vivienda\\\/cartera-credito-vivienda-bbva\\\/\"]}]},{\"@type\":\"ImageObject\",\"inLanguage\":\"es\",\"@id\":\"https:\\\/\\\/centrourbano.com\\\/revista\\\/vivienda\\\/cartera-credito-vivienda-bbva\\\/#primaryimage\",\"url\":\"https:\\\/\\\/centrourbano.com\\\/revista\\\/wp-content\\\/uploads\\\/Cartera-de-credito-a-vivienda-crece-8.4-en-febrero-BBVA.jpg\",\"contentUrl\":\"https:\\\/\\\/centrourbano.com\\\/revista\\\/wp-content\\\/uploads\\\/Cartera-de-credito-a-vivienda-crece-8.4-en-febrero-BBVA.jpg\",\"width\":800,\"height\":450,\"caption\":\"La cartera de cr\u00e9dito a la vivienda ha presentado una tendencia de desaceleraci\u00f3n desde 2019 por la contracci\u00f3n en el empleo formal\"},{\"@type\":\"BreadcrumbList\",\"@id\":\"https:\\\/\\\/centrourbano.com\\\/revista\\\/vivienda\\\/cartera-credito-vivienda-bbva\\\/#breadcrumb\",\"itemListElement\":[{\"@type\":\"ListItem\",\"position\":1,\"name\":\"Portada\",\"item\":\"https:\\\/\\\/centrourbano.com\\\/revista\\\/\"},{\"@type\":\"ListItem\",\"position\":2,\"name\":\"Cartera de cr\u00e9dito a vivienda crece 8.4% en febrero: BBVA\"}]},{\"@type\":\"WebSite\",\"@id\":\"https:\\\/\\\/centrourbano.com\\\/revista\\\/#website\",\"url\":\"https:\\\/\\\/centrourbano.com\\\/revista\\\/\",\"name\":\"Centro Urbano\",\"description\":\"Medio especializado en los sectores vivienda, inmobiliario, construcci\u00f3n, arquitectura y urbanismo.\",\"publisher\":{\"@id\":\"https:\\\/\\\/centrourbano.com\\\/revista\\\/#organization\"},\"potentialAction\":[{\"@type\":\"SearchAction\",\"target\":{\"@type\":\"EntryPoint\",\"urlTemplate\":\"https:\\\/\\\/centrourbano.com\\\/revista\\\/?s={search_term_string}\"},\"query-input\":{\"@type\":\"PropertyValueSpecification\",\"valueRequired\":true,\"valueName\":\"search_term_string\"}}],\"inLanguage\":\"es\"},{\"@type\":\"Organization\",\"@id\":\"https:\\\/\\\/centrourbano.com\\\/revista\\\/#organization\",\"name\":\"Centro Urbano\",\"url\":\"https:\\\/\\\/centrourbano.com\\\/revista\\\/\",\"logo\":{\"@type\":\"ImageObject\",\"inLanguage\":\"es\",\"@id\":\"https:\\\/\\\/centrourbano.com\\\/revista\\\/#\\\/schema\\\/logo\\\/image\\\/\",\"url\":\"https:\\\/\\\/centrourbano.com\\\/revista\\\/wp-content\\\/uploads\\\/web_CU_logo-1.png\",\"contentUrl\":\"https:\\\/\\\/centrourbano.com\\\/revista\\\/wp-content\\\/uploads\\\/web_CU_logo-1.png\",\"width\":350,\"height\":91,\"caption\":\"Centro Urbano\"},\"image\":{\"@id\":\"https:\\\/\\\/centrourbano.com\\\/revista\\\/#\\\/schema\\\/logo\\\/image\\\/\"},\"sameAs\":[\"https:\\\/\\\/www.facebook.com\\\/portalcentrourbano\",\"https:\\\/\\\/x.com\\\/CentroUrbano\",\"https:\\\/\\\/www.instagram.com\\\/centro_urbano\\\/\",\"https:\\\/\\\/www.linkedin.com\\\/company\\\/centro-urbano\\\/\",\"http:\\\/\\\/www.youtube.com\\\/user\\\/portalcentrourbano\"]},{\"@type\":\"Person\",\"@id\":\"https:\\\/\\\/centrourbano.com\\\/revista\\\/#\\\/schema\\\/person\\\/bc284507d99af21c6df75a3f1924b95c\",\"name\":\"Fernanda Hern\u00e1ndez\",\"image\":{\"@type\":\"ImageObject\",\"inLanguage\":\"es\",\"@id\":\"https:\\\/\\\/secure.gravatar.com\\\/avatar\\\/9471831fb0a24eae9d32d826a7cb8ef07c34a41520aca1a0ab1f5c0903ba49b9?s=96&d=mm&r=g\",\"url\":\"https:\\\/\\\/secure.gravatar.com\\\/avatar\\\/9471831fb0a24eae9d32d826a7cb8ef07c34a41520aca1a0ab1f5c0903ba49b9?s=96&d=mm&r=g\",\"contentUrl\":\"https:\\\/\\\/secure.gravatar.com\\\/avatar\\\/9471831fb0a24eae9d32d826a7cb8ef07c34a41520aca1a0ab1f5c0903ba49b9?s=96&d=mm&r=g\",\"caption\":\"Fernanda Hern\u00e1ndez\"},\"description\":\"Reportera y redactora en Centro Urbano. Soy egresada de la licenciatura en Ciencias de la Comunicaci\u00f3n de la Facultad de Ciencias Pol\u00edticas y Sociales (UNAM). Me interesa la cultura, el urbanismo y la arquitectura. Amante del mundo digital, el cine, la m\u00fasica, la lectura y la escritura.\",\"sameAs\":[\"https:\\\/\\\/x.com\\\/https:\\\/\\\/twitter.com\\\/Nannz_Hernandez\"],\"url\":\"https:\\\/\\\/centrourbano.com\\\/revista\\\/author\\\/fernanda-hernandez\\\/\"}]}<\/script>\n<!-- \/ Yoast SEO plugin. -->","yoast_head_json":{"title":"Cartera de cr\u00e9dito a vivienda crece 8.4% en febrero: BBVA","description":"La cartera de cr\u00e9dito a la vivienda ha presentado una tendencia de desaceleraci\u00f3n desde 2019 por la contracci\u00f3n en el empleo formal","robots":{"index":"index","follow":"follow","max-snippet":"max-snippet:-1","max-image-preview":"max-image-preview:large","max-video-preview":"max-video-preview:-1"},"canonical":"https:\/\/centrourbano.com\/revista\/vivienda\/cartera-credito-vivienda-bbva\/","og_locale":"es_ES","og_type":"article","og_title":"Cartera de cr\u00e9dito a vivienda crece 8.4% en febrero: BBVA","og_description":"La cartera de cr\u00e9dito a la vivienda ha presentado una tendencia de desaceleraci\u00f3n desde 2019 por la contracci\u00f3n en el empleo formal","og_url":"https:\/\/centrourbano.com\/revista\/vivienda\/cartera-credito-vivienda-bbva\/","og_site_name":"Centro Urbano","article_publisher":"https:\/\/www.facebook.com\/portalcentrourbano","article_published_time":"2021-04-19T20:45:25+00:00","article_modified_time":"2021-04-19T21:51:52+00:00","og_image":[{"width":800,"height":450,"url":"https:\/\/centrourbano.com\/revista\/wp-content\/uploads\/Cartera-de-credito-a-vivienda-crece-8.4-en-febrero-BBVA.jpg","type":"image\/jpeg"}],"author":"Fernanda Hern\u00e1ndez","twitter_card":"summary_large_image","twitter_creator":"@https:\/\/twitter.com\/Nannz_Hernandez","twitter_site":"@CentroUrbano","twitter_misc":{"Escrito por":"Fernanda Hern\u00e1ndez","Tiempo de lectura":"2 minutos"},"schema":{"@context":"https:\/\/schema.org","@graph":[{"@type":"Article","@id":"https:\/\/centrourbano.com\/revista\/vivienda\/cartera-credito-vivienda-bbva\/#article","isPartOf":{"@id":"https:\/\/centrourbano.com\/revista\/vivienda\/cartera-credito-vivienda-bbva\/"},"author":{"name":"Fernanda Hern\u00e1ndez","@id":"https:\/\/centrourbano.com\/revista\/#\/schema\/person\/bc284507d99af21c6df75a3f1924b95c"},"headline":"Cartera de cr\u00e9dito a vivienda crece 8.4% en febrero: BBVA","datePublished":"2021-04-19T20:45:25+00:00","dateModified":"2021-04-19T21:51:52+00:00","mainEntityOfPage":{"@id":"https:\/\/centrourbano.com\/revista\/vivienda\/cartera-credito-vivienda-bbva\/"},"wordCount":359,"commentCount":0,"publisher":{"@id":"https:\/\/centrourbano.com\/revista\/#organization"},"image":{"@id":"https:\/\/centrourbano.com\/revista\/vivienda\/cartera-credito-vivienda-bbva\/#primaryimage"},"thumbnailUrl":"https:\/\/centrourbano.com\/revista\/wp-content\/uploads\/Cartera-de-credito-a-vivienda-crece-8.4-en-febrero-BBVA.jpg","keywords":["BBVA","Cartera de cr\u00e9dito","contracci\u00f3n","Crecimiento","empleo formal","vivienda"],"articleSection":["Vivienda"],"inLanguage":"es","potentialAction":[{"@type":"CommentAction","name":"Comment","target":["https:\/\/centrourbano.com\/revista\/vivienda\/cartera-credito-vivienda-bbva\/#respond"]}]},{"@type":"WebPage","@id":"https:\/\/centrourbano.com\/revista\/vivienda\/cartera-credito-vivienda-bbva\/","url":"https:\/\/centrourbano.com\/revista\/vivienda\/cartera-credito-vivienda-bbva\/","name":"Cartera de cr\u00e9dito a vivienda crece 8.4% en febrero: BBVA","isPartOf":{"@id":"https:\/\/centrourbano.com\/revista\/#website"},"primaryImageOfPage":{"@id":"https:\/\/centrourbano.com\/revista\/vivienda\/cartera-credito-vivienda-bbva\/#primaryimage"},"image":{"@id":"https:\/\/centrourbano.com\/revista\/vivienda\/cartera-credito-vivienda-bbva\/#primaryimage"},"thumbnailUrl":"https:\/\/centrourbano.com\/revista\/wp-content\/uploads\/Cartera-de-credito-a-vivienda-crece-8.4-en-febrero-BBVA.jpg","datePublished":"2021-04-19T20:45:25+00:00","dateModified":"2021-04-19T21:51:52+00:00","description":"La cartera de cr\u00e9dito a la vivienda ha presentado una tendencia de desaceleraci\u00f3n desde 2019 por la contracci\u00f3n en el empleo formal","breadcrumb":{"@id":"https:\/\/centrourbano.com\/revista\/vivienda\/cartera-credito-vivienda-bbva\/#breadcrumb"},"inLanguage":"es","potentialAction":[{"@type":"ReadAction","target":["https:\/\/centrourbano.com\/revista\/vivienda\/cartera-credito-vivienda-bbva\/"]}]},{"@type":"ImageObject","inLanguage":"es","@id":"https:\/\/centrourbano.com\/revista\/vivienda\/cartera-credito-vivienda-bbva\/#primaryimage","url":"https:\/\/centrourbano.com\/revista\/wp-content\/uploads\/Cartera-de-credito-a-vivienda-crece-8.4-en-febrero-BBVA.jpg","contentUrl":"https:\/\/centrourbano.com\/revista\/wp-content\/uploads\/Cartera-de-credito-a-vivienda-crece-8.4-en-febrero-BBVA.jpg","width":800,"height":450,"caption":"La cartera de cr\u00e9dito a la vivienda ha presentado una tendencia de desaceleraci\u00f3n desde 2019 por la contracci\u00f3n en el empleo formal"},{"@type":"BreadcrumbList","@id":"https:\/\/centrourbano.com\/revista\/vivienda\/cartera-credito-vivienda-bbva\/#breadcrumb","itemListElement":[{"@type":"ListItem","position":1,"name":"Portada","item":"https:\/\/centrourbano.com\/revista\/"},{"@type":"ListItem","position":2,"name":"Cartera de cr\u00e9dito a vivienda crece 8.4% en febrero: BBVA"}]},{"@type":"WebSite","@id":"https:\/\/centrourbano.com\/revista\/#website","url":"https:\/\/centrourbano.com\/revista\/","name":"Centro Urbano","description":"Medio especializado en los sectores vivienda, inmobiliario, construcci\u00f3n, arquitectura y urbanismo.","publisher":{"@id":"https:\/\/centrourbano.com\/revista\/#organization"},"potentialAction":[{"@type":"SearchAction","target":{"@type":"EntryPoint","urlTemplate":"https:\/\/centrourbano.com\/revista\/?s={search_term_string}"},"query-input":{"@type":"PropertyValueSpecification","valueRequired":true,"valueName":"search_term_string"}}],"inLanguage":"es"},{"@type":"Organization","@id":"https:\/\/centrourbano.com\/revista\/#organization","name":"Centro Urbano","url":"https:\/\/centrourbano.com\/revista\/","logo":{"@type":"ImageObject","inLanguage":"es","@id":"https:\/\/centrourbano.com\/revista\/#\/schema\/logo\/image\/","url":"https:\/\/centrourbano.com\/revista\/wp-content\/uploads\/web_CU_logo-1.png","contentUrl":"https:\/\/centrourbano.com\/revista\/wp-content\/uploads\/web_CU_logo-1.png","width":350,"height":91,"caption":"Centro Urbano"},"image":{"@id":"https:\/\/centrourbano.com\/revista\/#\/schema\/logo\/image\/"},"sameAs":["https:\/\/www.facebook.com\/portalcentrourbano","https:\/\/x.com\/CentroUrbano","https:\/\/www.instagram.com\/centro_urbano\/","https:\/\/www.linkedin.com\/company\/centro-urbano\/","http:\/\/www.youtube.com\/user\/portalcentrourbano"]},{"@type":"Person","@id":"https:\/\/centrourbano.com\/revista\/#\/schema\/person\/bc284507d99af21c6df75a3f1924b95c","name":"Fernanda Hern\u00e1ndez","image":{"@type":"ImageObject","inLanguage":"es","@id":"https:\/\/secure.gravatar.com\/avatar\/9471831fb0a24eae9d32d826a7cb8ef07c34a41520aca1a0ab1f5c0903ba49b9?s=96&d=mm&r=g","url":"https:\/\/secure.gravatar.com\/avatar\/9471831fb0a24eae9d32d826a7cb8ef07c34a41520aca1a0ab1f5c0903ba49b9?s=96&d=mm&r=g","contentUrl":"https:\/\/secure.gravatar.com\/avatar\/9471831fb0a24eae9d32d826a7cb8ef07c34a41520aca1a0ab1f5c0903ba49b9?s=96&d=mm&r=g","caption":"Fernanda Hern\u00e1ndez"},"description":"Reportera y redactora en Centro Urbano. Soy egresada de la licenciatura en Ciencias de la Comunicaci\u00f3n de la Facultad de Ciencias Pol\u00edticas y Sociales (UNAM). Me interesa la cultura, el urbanismo y la arquitectura. Amante del mundo digital, el cine, la m\u00fasica, la lectura y la escritura.","sameAs":["https:\/\/x.com\/https:\/\/twitter.com\/Nannz_Hernandez"],"url":"https:\/\/centrourbano.com\/revista\/author\/fernanda-hernandez\/"}]}},"_links":{"self":[{"href":"https:\/\/centrourbano.com\/revista\/wp-json\/wp\/v2\/posts\/115907","targetHints":{"allow":["GET"]}}],"collection":[{"href":"https:\/\/centrourbano.com\/revista\/wp-json\/wp\/v2\/posts"}],"about":[{"href":"https:\/\/centrourbano.com\/revista\/wp-json\/wp\/v2\/types\/post"}],"author":[{"embeddable":true,"href":"https:\/\/centrourbano.com\/revista\/wp-json\/wp\/v2\/users\/73"}],"replies":[{"embeddable":true,"href":"https:\/\/centrourbano.com\/revista\/wp-json\/wp\/v2\/comments?post=115907"}],"version-history":[{"count":1,"href":"https:\/\/centrourbano.com\/revista\/wp-json\/wp\/v2\/posts\/115907\/revisions"}],"predecessor-version":[{"id":115910,"href":"https:\/\/centrourbano.com\/revista\/wp-json\/wp\/v2\/posts\/115907\/revisions\/115910"}],"wp:featuredmedia":[{"embeddable":true,"href":"https:\/\/centrourbano.com\/revista\/wp-json\/wp\/v2\/media\/115908"}],"wp:attachment":[{"href":"https:\/\/centrourbano.com\/revista\/wp-json\/wp\/v2\/media?parent=115907"}],"wp:term":[{"taxonomy":"category","embeddable":true,"href":"https:\/\/centrourbano.com\/revista\/wp-json\/wp\/v2\/categories?post=115907"},{"taxonomy":"post_tag","embeddable":true,"href":"https:\/\/centrourbano.com\/revista\/wp-json\/wp\/v2\/tags?post=115907"}],"curies":[{"name":"wp","href":"https:\/\/api.w.org\/{rel}","templated":true}]}}