{"id":115724,"date":"2021-04-13T15:41:57","date_gmt":"2021-04-13T20:41:57","guid":{"rendered":"https:\/\/centrourbano.com\/?p=115724"},"modified":"2021-04-13T16:42:27","modified_gmt":"2021-04-13T21:42:27","slug":"thor-urbana-bolsa-valores","status":"publish","type":"post","link":"https:\/\/centrourbano.com\/revista\/inmobiliario\/thor-urbana-bolsa-valores\/","title":{"rendered":"Thor Urbana coloca 720 mdp en Bolsa Institucional de Valores"},"content":{"rendered":"<p><em>El monto colocado por Thor Urbina ser\u00e1 destinado a la adquisici\u00f3n, desarrollo y financiamiento de proyectos inmobiliarios hoteleros, comerciales e industriales en el pa\u00eds<\/em><!--more--><\/p>\n<p><strong>Thor Urbana<\/strong>, celebr\u00f3 esta ma\u00f1ana la colocaci\u00f3n de su primera emisi\u00f3n de <strong>Certificados Burs\u00e1tiles Fiduciarios de Proyectos de Inversi\u00f3n<\/strong> (<strong>Cerpi<\/strong>). Lo anterior por un monto de 720 millones de pesos (mdp) en la <strong>Bolsa Institucional de Valores<\/strong> (Biva).<\/p>\n<p>Dicho monto forma parte de un total de <strong>3,600 mdp<\/strong> que la empresa proyecta invertir en los pr\u00f3ximos a\u00f1os para el desarrollo, adquisici\u00f3n y operaci\u00f3n de proyectos inmobiliarios. Mismos que ser\u00e1n del giro hotelero, industrial, comercial y de usos mixtos, en ubicaciones estrat\u00e9gicas del pa\u00eds.<\/p>\n<p>Al iniciar la celebraci\u00f3n del <strong>Grito Biva<\/strong>, <strong>Mar\u00eda Ariza<\/strong>, <strong>directora general de la Bolsa<\/strong>, destac\u00f3 que <strong>Thor Urbana<\/strong> cuenta con desarrollos que suman m\u00e1s de 1.5 millones de metros cuadrados; que van desde <em>life style centers<\/em>, hoteles de lujo y proyectos de usos mixtos en las ciudades y destinos tur\u00edsticos m\u00e1s importantes del pa\u00eds<\/p>\n<p>\u201cEsta nueva colocaci\u00f3n consolida liderazgo y visi\u00f3n tanto de <strong>Thor Urbana<\/strong> como de <strong>Biva<\/strong>. Ambos continuamos con nuestra apuesta por el presente y el futuro de M\u00e9xico; y estamos convencidos de que es un gran momento de invertir en nuestro pa\u00eds\u201d, dijo.<\/p>\n<p>Por su parte, <strong>Jaime Fasja<\/strong>, <strong>co-CEO de la firma<\/strong>, se\u00f1al\u00f3 que <strong>Thor Urbana<\/strong> se caracteriza por una visi\u00f3n fresca e innovadora. Y hoy cuenta con un portafolio de inversi\u00f3n de m\u00e1s de 2,000 millones de d\u00f3lares en M\u00e9xico y Latinoam\u00e9rica; el cual genera miles de empleos directos e indirectos.<\/p>\n<p>\u201cEsta emisi\u00f3n nos permitir\u00e1 fortalecer nuestra s\u00f3lida trayectoria y continuar con la creaci\u00f3n de empleos. Al obtener recursos para el desarrollo y operaci\u00f3n de nuevos proyectos con un enfoque tur\u00edstico, industrial, residencial y de usos mixtos en un pa\u00eds que est\u00e1 \u00e1vido de tener nueva inversi\u00f3n. Y nosotros, como inversionistas, confiamos en M\u00e9xico\u201d, indic\u00f3.<\/p>\n<p>En tanto, <strong>Jimmy Arakanji<\/strong>, <strong>co-CEO de Thor Urbana<\/strong>, expuso que el fideicomiso creado para esta nueva estrategia es administrado como un fondo de inversi\u00f3n de capital; cuyo fin es obtener recursos a trav\u00e9s de la emisi\u00f3n de certificados de inversi\u00f3n. Esto con el objetivo de generar rendimientos atractivos y ajustados al riesgo para los tenedores.<\/p>\n<p>\u201cEste veh\u00edculo de inversi\u00f3n consolida el liderazgo de <strong>Thor Urbana<\/strong> en el sector inmobiliario; y refleja nuestra s\u00f3lida capacidad de identificar nuevas y atractivas oportunidades de inversi\u00f3n en proyectos innovadores y de calidad institucional. Esta nueva colocaci\u00f3n en Bolsa ratifica nuestra continua apuesta por M\u00e9xico y refrenda nuestro compromiso de largo plazo por continuar invirtiendo en desarrollos innovadores que agreguen valor y brinden experiencias \u00fanicas para nuestros visitantes y usuarios\u201d, concluy\u00f3.<\/p>\n","protected":false},"excerpt":{"rendered":"<p>El monto colocado por Thor Urbina ser\u00e1 destinado a la adquisici\u00f3n, desarrollo y financiamiento de proyectos inmobiliarios hoteleros, comerciales e industriales en el pa\u00eds<\/p>\n","protected":false},"author":73,"featured_media":115726,"comment_status":"open","ping_status":"closed","sticky":false,"template":"","format":"standard","meta":{"om_disable_all_campaigns":false,"inline_featured_image":false,"_monsterinsights_skip_tracking":false,"_monsterinsights_sitenote_active":false,"_monsterinsights_sitenote_note":"","_monsterinsights_sitenote_category":0,"footnotes":""},"categories":[15],"tags":[14004,20266,14852,2097,3247],"class_list":["post-115724","post","type-post","status-publish","format-standard","has-post-thumbnail","hentry","category-inmobiliario","tag-biva","tag-bolsa-institucional-de-valores","tag-cerpis","tag-desarrollo-inmobiliario","tag-thor-urbana"],"yoast_head":"<!-- This site is optimized with the Yoast SEO plugin v27.4 - https:\/\/yoast.com\/product\/yoast-seo-wordpress\/ -->\n<title>Thor Urbana coloca 720 mdp en Bolsa Institucional de Valores<\/title>\n<meta name=\"description\" content=\"El monto colocado por Thor Urbina ser\u00e1 destinado al desarrollo y financiamiento de proyectos hoteleros, comerciales e industriales en el pa\u00eds\" \/>\n<meta name=\"robots\" content=\"index, follow, max-snippet:-1, max-image-preview:large, max-video-preview:-1\" \/>\n<link rel=\"canonical\" href=\"https:\/\/centrourbano.com\/revista\/inmobiliario\/thor-urbana-bolsa-valores\/\" \/>\n<meta property=\"og:locale\" content=\"es_ES\" \/>\n<meta property=\"og:type\" content=\"article\" \/>\n<meta property=\"og:title\" content=\"Thor Urbana coloca 720 mdp en Bolsa Institucional de Valores\" \/>\n<meta property=\"og:description\" content=\"El monto colocado por Thor Urbina ser\u00e1 destinado al desarrollo y financiamiento de proyectos hoteleros, comerciales e industriales en el pa\u00eds\" \/>\n<meta property=\"og:url\" content=\"https:\/\/centrourbano.com\/revista\/inmobiliario\/thor-urbana-bolsa-valores\/\" \/>\n<meta property=\"og:site_name\" content=\"Centro Urbano\" \/>\n<meta property=\"article:publisher\" content=\"https:\/\/www.facebook.com\/portalcentrourbano\" \/>\n<meta property=\"article:published_time\" content=\"2021-04-13T20:41:57+00:00\" \/>\n<meta property=\"article:modified_time\" content=\"2021-04-13T21:42:27+00:00\" \/>\n<meta property=\"og:image\" content=\"https:\/\/centrourbano.com\/revista\/wp-content\/uploads\/Thor-Urbana-coloca-720-mdp-en-Bolsa-Institucional-de-Valores.jpg\" \/>\n\t<meta property=\"og:image:width\" content=\"797\" \/>\n\t<meta property=\"og:image:height\" content=\"445\" \/>\n\t<meta property=\"og:image:type\" content=\"image\/jpeg\" \/>\n<meta name=\"author\" content=\"Fernanda Hern\u00e1ndez\" \/>\n<meta name=\"twitter:card\" content=\"summary_large_image\" \/>\n<meta name=\"twitter:creator\" content=\"@https:\/\/twitter.com\/Nannz_Hernandez\" \/>\n<meta name=\"twitter:site\" content=\"@CentroUrbano\" \/>\n<meta name=\"twitter:label1\" content=\"Escrito por\" \/>\n\t<meta name=\"twitter:data1\" content=\"Fernanda Hern\u00e1ndez\" \/>\n\t<meta name=\"twitter:label2\" content=\"Tiempo de lectura\" \/>\n\t<meta name=\"twitter:data2\" content=\"2 minutos\" \/>\n<script type=\"application\/ld+json\" class=\"yoast-schema-graph\">{\"@context\":\"https:\\\/\\\/schema.org\",\"@graph\":[{\"@type\":\"Article\",\"@id\":\"https:\\\/\\\/centrourbano.com\\\/revista\\\/inmobiliario\\\/thor-urbana-bolsa-valores\\\/#article\",\"isPartOf\":{\"@id\":\"https:\\\/\\\/centrourbano.com\\\/revista\\\/inmobiliario\\\/thor-urbana-bolsa-valores\\\/\"},\"author\":{\"name\":\"Fernanda Hern\u00e1ndez\",\"@id\":\"https:\\\/\\\/centrourbano.com\\\/revista\\\/#\\\/schema\\\/person\\\/b190b20bbbceb41ec72278c546fa8df3\"},\"headline\":\"Thor Urbana coloca 720 mdp en Bolsa Institucional de Valores\",\"datePublished\":\"2021-04-13T20:41:57+00:00\",\"dateModified\":\"2021-04-13T21:42:27+00:00\",\"mainEntityOfPage\":{\"@id\":\"https:\\\/\\\/centrourbano.com\\\/revista\\\/inmobiliario\\\/thor-urbana-bolsa-valores\\\/\"},\"wordCount\":486,\"commentCount\":0,\"publisher\":{\"@id\":\"https:\\\/\\\/centrourbano.com\\\/revista\\\/#organization\"},\"image\":{\"@id\":\"https:\\\/\\\/centrourbano.com\\\/revista\\\/inmobiliario\\\/thor-urbana-bolsa-valores\\\/#primaryimage\"},\"thumbnailUrl\":\"https:\\\/\\\/centrourbano.com\\\/revista\\\/wp-content\\\/uploads\\\/Thor-Urbana-coloca-720-mdp-en-Bolsa-Institucional-de-Valores.jpg\",\"keywords\":[\"Biva\",\"Bolsa Institucional de Valores\",\"CERPIs\",\"desarrollo inmobiliario\",\"Thor Urbana\"],\"articleSection\":[\"Inmobiliario\"],\"inLanguage\":\"es\",\"potentialAction\":[{\"@type\":\"CommentAction\",\"name\":\"Comment\",\"target\":[\"https:\\\/\\\/centrourbano.com\\\/revista\\\/inmobiliario\\\/thor-urbana-bolsa-valores\\\/#respond\"]}]},{\"@type\":\"WebPage\",\"@id\":\"https:\\\/\\\/centrourbano.com\\\/revista\\\/inmobiliario\\\/thor-urbana-bolsa-valores\\\/\",\"url\":\"https:\\\/\\\/centrourbano.com\\\/revista\\\/inmobiliario\\\/thor-urbana-bolsa-valores\\\/\",\"name\":\"Thor Urbana coloca 720 mdp en Bolsa Institucional de Valores\",\"isPartOf\":{\"@id\":\"https:\\\/\\\/centrourbano.com\\\/revista\\\/#website\"},\"primaryImageOfPage\":{\"@id\":\"https:\\\/\\\/centrourbano.com\\\/revista\\\/inmobiliario\\\/thor-urbana-bolsa-valores\\\/#primaryimage\"},\"image\":{\"@id\":\"https:\\\/\\\/centrourbano.com\\\/revista\\\/inmobiliario\\\/thor-urbana-bolsa-valores\\\/#primaryimage\"},\"thumbnailUrl\":\"https:\\\/\\\/centrourbano.com\\\/revista\\\/wp-content\\\/uploads\\\/Thor-Urbana-coloca-720-mdp-en-Bolsa-Institucional-de-Valores.jpg\",\"datePublished\":\"2021-04-13T20:41:57+00:00\",\"dateModified\":\"2021-04-13T21:42:27+00:00\",\"description\":\"El monto colocado por Thor Urbina ser\u00e1 destinado al desarrollo y financiamiento de proyectos hoteleros, comerciales e industriales en el pa\u00eds\",\"breadcrumb\":{\"@id\":\"https:\\\/\\\/centrourbano.com\\\/revista\\\/inmobiliario\\\/thor-urbana-bolsa-valores\\\/#breadcrumb\"},\"inLanguage\":\"es\",\"potentialAction\":[{\"@type\":\"ReadAction\",\"target\":[\"https:\\\/\\\/centrourbano.com\\\/revista\\\/inmobiliario\\\/thor-urbana-bolsa-valores\\\/\"]}]},{\"@type\":\"ImageObject\",\"inLanguage\":\"es\",\"@id\":\"https:\\\/\\\/centrourbano.com\\\/revista\\\/inmobiliario\\\/thor-urbana-bolsa-valores\\\/#primaryimage\",\"url\":\"https:\\\/\\\/centrourbano.com\\\/revista\\\/wp-content\\\/uploads\\\/Thor-Urbana-coloca-720-mdp-en-Bolsa-Institucional-de-Valores.jpg\",\"contentUrl\":\"https:\\\/\\\/centrourbano.com\\\/revista\\\/wp-content\\\/uploads\\\/Thor-Urbana-coloca-720-mdp-en-Bolsa-Institucional-de-Valores.jpg\",\"width\":797,\"height\":445,\"caption\":\"El monto colocado por Thor Urbina ser\u00e1 destinado al desarrollo y financiamiento de proyectos hoteleros, comerciales e industriales en el pa\u00eds\"},{\"@type\":\"BreadcrumbList\",\"@id\":\"https:\\\/\\\/centrourbano.com\\\/revista\\\/inmobiliario\\\/thor-urbana-bolsa-valores\\\/#breadcrumb\",\"itemListElement\":[{\"@type\":\"ListItem\",\"position\":1,\"name\":\"Portada\",\"item\":\"https:\\\/\\\/centrourbano.com\\\/revista\\\/\"},{\"@type\":\"ListItem\",\"position\":2,\"name\":\"Thor Urbana coloca 720 mdp en Bolsa Institucional de Valores\"}]},{\"@type\":\"WebSite\",\"@id\":\"https:\\\/\\\/centrourbano.com\\\/revista\\\/#website\",\"url\":\"https:\\\/\\\/centrourbano.com\\\/revista\\\/\",\"name\":\"Centro Urbano\",\"description\":\"Medio especializado en los sectores vivienda, inmobiliario, construcci\u00f3n, arquitectura y urbanismo.\",\"publisher\":{\"@id\":\"https:\\\/\\\/centrourbano.com\\\/revista\\\/#organization\"},\"potentialAction\":[{\"@type\":\"SearchAction\",\"target\":{\"@type\":\"EntryPoint\",\"urlTemplate\":\"https:\\\/\\\/centrourbano.com\\\/revista\\\/?s={search_term_string}\"},\"query-input\":{\"@type\":\"PropertyValueSpecification\",\"valueRequired\":true,\"valueName\":\"search_term_string\"}}],\"inLanguage\":\"es\"},{\"@type\":\"Organization\",\"@id\":\"https:\\\/\\\/centrourbano.com\\\/revista\\\/#organization\",\"name\":\"Centro Urbano\",\"url\":\"https:\\\/\\\/centrourbano.com\\\/revista\\\/\",\"logo\":{\"@type\":\"ImageObject\",\"inLanguage\":\"es\",\"@id\":\"https:\\\/\\\/centrourbano.com\\\/revista\\\/#\\\/schema\\\/logo\\\/image\\\/\",\"url\":\"https:\\\/\\\/centrourbano.com\\\/revista\\\/wp-content\\\/uploads\\\/web_CU_logo-1.png\",\"contentUrl\":\"https:\\\/\\\/centrourbano.com\\\/revista\\\/wp-content\\\/uploads\\\/web_CU_logo-1.png\",\"width\":350,\"height\":91,\"caption\":\"Centro Urbano\"},\"image\":{\"@id\":\"https:\\\/\\\/centrourbano.com\\\/revista\\\/#\\\/schema\\\/logo\\\/image\\\/\"},\"sameAs\":[\"https:\\\/\\\/www.facebook.com\\\/portalcentrourbano\",\"https:\\\/\\\/x.com\\\/CentroUrbano\",\"https:\\\/\\\/www.instagram.com\\\/centro_urbano\\\/\",\"https:\\\/\\\/www.linkedin.com\\\/company\\\/centro-urbano\\\/\",\"http:\\\/\\\/www.youtube.com\\\/user\\\/portalcentrourbano\"]},{\"@type\":\"Person\",\"@id\":\"https:\\\/\\\/centrourbano.com\\\/revista\\\/#\\\/schema\\\/person\\\/b190b20bbbceb41ec72278c546fa8df3\",\"name\":\"Fernanda Hern\u00e1ndez\",\"image\":{\"@type\":\"ImageObject\",\"inLanguage\":\"es\",\"@id\":\"https:\\\/\\\/secure.gravatar.com\\\/avatar\\\/9471831fb0a24eae9d32d826a7cb8ef07c34a41520aca1a0ab1f5c0903ba49b9?s=96&d=mm&r=g\",\"url\":\"https:\\\/\\\/secure.gravatar.com\\\/avatar\\\/9471831fb0a24eae9d32d826a7cb8ef07c34a41520aca1a0ab1f5c0903ba49b9?s=96&d=mm&r=g\",\"contentUrl\":\"https:\\\/\\\/secure.gravatar.com\\\/avatar\\\/9471831fb0a24eae9d32d826a7cb8ef07c34a41520aca1a0ab1f5c0903ba49b9?s=96&d=mm&r=g\",\"caption\":\"Fernanda Hern\u00e1ndez\"},\"description\":\"Reportera y redactora en Centro Urbano. Soy egresada de la licenciatura en Ciencias de la Comunicaci\u00f3n de la Facultad de Ciencias Pol\u00edticas y Sociales (UNAM). Me interesa la cultura, el urbanismo y la arquitectura. Amante del mundo digital, el cine, la m\u00fasica, la lectura y la escritura.\",\"sameAs\":[\"https:\\\/\\\/x.com\\\/https:\\\/\\\/twitter.com\\\/Nannz_Hernandez\"],\"url\":\"https:\\\/\\\/centrourbano.com\\\/revista\\\/author\\\/fernanda-hernandez\\\/\"}]}<\/script>\n<!-- \/ Yoast SEO plugin. -->","yoast_head_json":{"title":"Thor Urbana coloca 720 mdp en Bolsa Institucional de Valores","description":"El monto colocado por Thor Urbina ser\u00e1 destinado al desarrollo y financiamiento de proyectos hoteleros, comerciales e industriales en el pa\u00eds","robots":{"index":"index","follow":"follow","max-snippet":"max-snippet:-1","max-image-preview":"max-image-preview:large","max-video-preview":"max-video-preview:-1"},"canonical":"https:\/\/centrourbano.com\/revista\/inmobiliario\/thor-urbana-bolsa-valores\/","og_locale":"es_ES","og_type":"article","og_title":"Thor Urbana coloca 720 mdp en Bolsa Institucional de Valores","og_description":"El monto colocado por Thor Urbina ser\u00e1 destinado al desarrollo y financiamiento de proyectos hoteleros, comerciales e industriales en el pa\u00eds","og_url":"https:\/\/centrourbano.com\/revista\/inmobiliario\/thor-urbana-bolsa-valores\/","og_site_name":"Centro Urbano","article_publisher":"https:\/\/www.facebook.com\/portalcentrourbano","article_published_time":"2021-04-13T20:41:57+00:00","article_modified_time":"2021-04-13T21:42:27+00:00","og_image":[{"width":797,"height":445,"url":"https:\/\/centrourbano.com\/revista\/wp-content\/uploads\/Thor-Urbana-coloca-720-mdp-en-Bolsa-Institucional-de-Valores.jpg","type":"image\/jpeg"}],"author":"Fernanda Hern\u00e1ndez","twitter_card":"summary_large_image","twitter_creator":"@https:\/\/twitter.com\/Nannz_Hernandez","twitter_site":"@CentroUrbano","twitter_misc":{"Escrito por":"Fernanda Hern\u00e1ndez","Tiempo de lectura":"2 minutos"},"schema":{"@context":"https:\/\/schema.org","@graph":[{"@type":"Article","@id":"https:\/\/centrourbano.com\/revista\/inmobiliario\/thor-urbana-bolsa-valores\/#article","isPartOf":{"@id":"https:\/\/centrourbano.com\/revista\/inmobiliario\/thor-urbana-bolsa-valores\/"},"author":{"name":"Fernanda Hern\u00e1ndez","@id":"https:\/\/centrourbano.com\/revista\/#\/schema\/person\/b190b20bbbceb41ec72278c546fa8df3"},"headline":"Thor Urbana coloca 720 mdp en Bolsa Institucional de Valores","datePublished":"2021-04-13T20:41:57+00:00","dateModified":"2021-04-13T21:42:27+00:00","mainEntityOfPage":{"@id":"https:\/\/centrourbano.com\/revista\/inmobiliario\/thor-urbana-bolsa-valores\/"},"wordCount":486,"commentCount":0,"publisher":{"@id":"https:\/\/centrourbano.com\/revista\/#organization"},"image":{"@id":"https:\/\/centrourbano.com\/revista\/inmobiliario\/thor-urbana-bolsa-valores\/#primaryimage"},"thumbnailUrl":"https:\/\/centrourbano.com\/revista\/wp-content\/uploads\/Thor-Urbana-coloca-720-mdp-en-Bolsa-Institucional-de-Valores.jpg","keywords":["Biva","Bolsa Institucional de Valores","CERPIs","desarrollo inmobiliario","Thor Urbana"],"articleSection":["Inmobiliario"],"inLanguage":"es","potentialAction":[{"@type":"CommentAction","name":"Comment","target":["https:\/\/centrourbano.com\/revista\/inmobiliario\/thor-urbana-bolsa-valores\/#respond"]}]},{"@type":"WebPage","@id":"https:\/\/centrourbano.com\/revista\/inmobiliario\/thor-urbana-bolsa-valores\/","url":"https:\/\/centrourbano.com\/revista\/inmobiliario\/thor-urbana-bolsa-valores\/","name":"Thor Urbana coloca 720 mdp en Bolsa Institucional de Valores","isPartOf":{"@id":"https:\/\/centrourbano.com\/revista\/#website"},"primaryImageOfPage":{"@id":"https:\/\/centrourbano.com\/revista\/inmobiliario\/thor-urbana-bolsa-valores\/#primaryimage"},"image":{"@id":"https:\/\/centrourbano.com\/revista\/inmobiliario\/thor-urbana-bolsa-valores\/#primaryimage"},"thumbnailUrl":"https:\/\/centrourbano.com\/revista\/wp-content\/uploads\/Thor-Urbana-coloca-720-mdp-en-Bolsa-Institucional-de-Valores.jpg","datePublished":"2021-04-13T20:41:57+00:00","dateModified":"2021-04-13T21:42:27+00:00","description":"El monto colocado por Thor Urbina ser\u00e1 destinado al desarrollo y financiamiento de proyectos hoteleros, comerciales e industriales en el pa\u00eds","breadcrumb":{"@id":"https:\/\/centrourbano.com\/revista\/inmobiliario\/thor-urbana-bolsa-valores\/#breadcrumb"},"inLanguage":"es","potentialAction":[{"@type":"ReadAction","target":["https:\/\/centrourbano.com\/revista\/inmobiliario\/thor-urbana-bolsa-valores\/"]}]},{"@type":"ImageObject","inLanguage":"es","@id":"https:\/\/centrourbano.com\/revista\/inmobiliario\/thor-urbana-bolsa-valores\/#primaryimage","url":"https:\/\/centrourbano.com\/revista\/wp-content\/uploads\/Thor-Urbana-coloca-720-mdp-en-Bolsa-Institucional-de-Valores.jpg","contentUrl":"https:\/\/centrourbano.com\/revista\/wp-content\/uploads\/Thor-Urbana-coloca-720-mdp-en-Bolsa-Institucional-de-Valores.jpg","width":797,"height":445,"caption":"El monto colocado por Thor Urbina ser\u00e1 destinado al desarrollo y financiamiento de proyectos hoteleros, comerciales e industriales en el pa\u00eds"},{"@type":"BreadcrumbList","@id":"https:\/\/centrourbano.com\/revista\/inmobiliario\/thor-urbana-bolsa-valores\/#breadcrumb","itemListElement":[{"@type":"ListItem","position":1,"name":"Portada","item":"https:\/\/centrourbano.com\/revista\/"},{"@type":"ListItem","position":2,"name":"Thor Urbana coloca 720 mdp en Bolsa Institucional de Valores"}]},{"@type":"WebSite","@id":"https:\/\/centrourbano.com\/revista\/#website","url":"https:\/\/centrourbano.com\/revista\/","name":"Centro Urbano","description":"Medio especializado en los sectores vivienda, inmobiliario, construcci\u00f3n, arquitectura y urbanismo.","publisher":{"@id":"https:\/\/centrourbano.com\/revista\/#organization"},"potentialAction":[{"@type":"SearchAction","target":{"@type":"EntryPoint","urlTemplate":"https:\/\/centrourbano.com\/revista\/?s={search_term_string}"},"query-input":{"@type":"PropertyValueSpecification","valueRequired":true,"valueName":"search_term_string"}}],"inLanguage":"es"},{"@type":"Organization","@id":"https:\/\/centrourbano.com\/revista\/#organization","name":"Centro Urbano","url":"https:\/\/centrourbano.com\/revista\/","logo":{"@type":"ImageObject","inLanguage":"es","@id":"https:\/\/centrourbano.com\/revista\/#\/schema\/logo\/image\/","url":"https:\/\/centrourbano.com\/revista\/wp-content\/uploads\/web_CU_logo-1.png","contentUrl":"https:\/\/centrourbano.com\/revista\/wp-content\/uploads\/web_CU_logo-1.png","width":350,"height":91,"caption":"Centro Urbano"},"image":{"@id":"https:\/\/centrourbano.com\/revista\/#\/schema\/logo\/image\/"},"sameAs":["https:\/\/www.facebook.com\/portalcentrourbano","https:\/\/x.com\/CentroUrbano","https:\/\/www.instagram.com\/centro_urbano\/","https:\/\/www.linkedin.com\/company\/centro-urbano\/","http:\/\/www.youtube.com\/user\/portalcentrourbano"]},{"@type":"Person","@id":"https:\/\/centrourbano.com\/revista\/#\/schema\/person\/b190b20bbbceb41ec72278c546fa8df3","name":"Fernanda Hern\u00e1ndez","image":{"@type":"ImageObject","inLanguage":"es","@id":"https:\/\/secure.gravatar.com\/avatar\/9471831fb0a24eae9d32d826a7cb8ef07c34a41520aca1a0ab1f5c0903ba49b9?s=96&d=mm&r=g","url":"https:\/\/secure.gravatar.com\/avatar\/9471831fb0a24eae9d32d826a7cb8ef07c34a41520aca1a0ab1f5c0903ba49b9?s=96&d=mm&r=g","contentUrl":"https:\/\/secure.gravatar.com\/avatar\/9471831fb0a24eae9d32d826a7cb8ef07c34a41520aca1a0ab1f5c0903ba49b9?s=96&d=mm&r=g","caption":"Fernanda Hern\u00e1ndez"},"description":"Reportera y redactora en Centro Urbano. Soy egresada de la licenciatura en Ciencias de la Comunicaci\u00f3n de la Facultad de Ciencias Pol\u00edticas y Sociales (UNAM). Me interesa la cultura, el urbanismo y la arquitectura. Amante del mundo digital, el cine, la m\u00fasica, la lectura y la escritura.","sameAs":["https:\/\/x.com\/https:\/\/twitter.com\/Nannz_Hernandez"],"url":"https:\/\/centrourbano.com\/revista\/author\/fernanda-hernandez\/"}]}},"_links":{"self":[{"href":"https:\/\/centrourbano.com\/revista\/wp-json\/wp\/v2\/posts\/115724","targetHints":{"allow":["GET"]}}],"collection":[{"href":"https:\/\/centrourbano.com\/revista\/wp-json\/wp\/v2\/posts"}],"about":[{"href":"https:\/\/centrourbano.com\/revista\/wp-json\/wp\/v2\/types\/post"}],"author":[{"embeddable":true,"href":"https:\/\/centrourbano.com\/revista\/wp-json\/wp\/v2\/users\/73"}],"replies":[{"embeddable":true,"href":"https:\/\/centrourbano.com\/revista\/wp-json\/wp\/v2\/comments?post=115724"}],"version-history":[{"count":1,"href":"https:\/\/centrourbano.com\/revista\/wp-json\/wp\/v2\/posts\/115724\/revisions"}],"predecessor-version":[{"id":115744,"href":"https:\/\/centrourbano.com\/revista\/wp-json\/wp\/v2\/posts\/115724\/revisions\/115744"}],"wp:featuredmedia":[{"embeddable":true,"href":"https:\/\/centrourbano.com\/revista\/wp-json\/wp\/v2\/media\/115726"}],"wp:attachment":[{"href":"https:\/\/centrourbano.com\/revista\/wp-json\/wp\/v2\/media?parent=115724"}],"wp:term":[{"taxonomy":"category","embeddable":true,"href":"https:\/\/centrourbano.com\/revista\/wp-json\/wp\/v2\/categories?post=115724"},{"taxonomy":"post_tag","embeddable":true,"href":"https:\/\/centrourbano.com\/revista\/wp-json\/wp\/v2\/tags?post=115724"}],"curies":[{"name":"wp","href":"https:\/\/api.w.org\/{rel}","templated":true}]}}