{"id":115649,"date":"2021-04-12T08:00:37","date_gmt":"2021-04-12T13:00:37","guid":{"rendered":"https:\/\/centrourbano.com\/?p=115649"},"modified":"2021-04-09T21:17:05","modified_gmt":"2021-04-10T02:17:05","slug":"omt-reactivar-turismo-internacional","status":"publish","type":"post","link":"https:\/\/centrourbano.com\/revista\/inmobiliario\/omt-reactivar-turismo-internacional\/","title":{"rendered":"OMT emite recomendaciones para reactivar el turismo internacional"},"content":{"rendered":"<p><em>La OMT y la IATA anunciaron el lanzamiento de un rastreador de destinos; la cual proporcionar\u00e1 informaci\u00f3n sobre las restricciones y requisitos de las compa\u00f1\u00edas a\u00e9reas y destinos<\/em><!--more--><\/p>\n<p>La <strong><a href=\"https:\/\/centrourbano.com\/2021\/04\/07\/omt-concurso-turismo-rural\/\" target=\"_blank\" rel=\"noopener noreferrer\">Organizaci\u00f3n<\/a> Mundial del Turismo<\/strong> (<strong>OMT<\/strong>) convoc\u00f3 a su <strong>Comit\u00e9 Mundial de Crisis para el Turismo<\/strong> para proponer soluciones ante los retos que se interponen en el camino para la reanudaci\u00f3n de los <strong>viajes internacionales<\/strong>.<\/p>\n<p>Los miembros del <strong>Comit\u00e9<\/strong> emitieron algunas <strong>recomendaciones<\/strong> centradas en cuatro \u00e1reas fundamentales: la reanudaci\u00f3n de viajes transfronterizos seguros; la promoci\u00f3n de viajes seguros en todas las etapas del trayecto tur\u00edstico; la provisi\u00f3n de liquidez a las empresas tur\u00edsticas; la protecci\u00f3n de los puestos de trabajo y el restablecimiento de la confianza en los viajes.<\/p>\n<p>En la reuni\u00f3n, el <strong>Comit\u00e9 de la OMT<\/strong> respald\u00f3 la propuesta del <strong>pase verde digital<\/strong> de la Uni\u00f3n Europea (UE) como un ejemplo de armonizaci\u00f3n de protocolos que otras regiones deber\u00edan seguir.<\/p>\n<p>\u201cPodemos hacer que el verano de 2021 sea el comienzo de la era post pand\u00e9mica; m\u00e1s segura, m\u00e1s sostenible, m\u00e1s resiliente y pr\u00f3spera\u201d, afirm\u00f3 el <strong>vicepresidente de la UE<\/strong>, <strong>Margaritis Schinas<\/strong>. Y agreg\u00f3 que \u201cel sector tur\u00edstico puede \u2013y debe\u2013 estar a la cabeza de este esfuerzo, liderando la recuperaci\u00f3n de la econom\u00eda europea y mundial\u201d.<\/p>\n<p>Asimismo, la <strong>OMT<\/strong> y la <strong>Asociaci\u00f3n de Transporte A\u00e9reo Internacional<\/strong> (<strong>IATA<\/strong>) anunciaron el lanzamiento de un nuevo <strong>rastreador de destinos<\/strong>. El cual proporcionar\u00e1 informaci\u00f3n completa y actualizada sobre las restricciones y los requisitos de las compa\u00f1\u00edas a\u00e9reas y los destinos; lo que permitir\u00e1 a los turistas elegir con conocimiento de causa.<\/p>\n<p>Por otro lado, las recomendaciones del Comit\u00e9 tambi\u00e9n piden la creaci\u00f3n de <strong>corredores de salud p\u00fablica<\/strong>; la aplicaci\u00f3n de <strong>soluciones digitales en materia de salud<\/strong>; y el desarrollo de un <strong>sistema com\u00fan de \u2018sem\u00e1foros\u2019<\/strong> como marco de gesti\u00f3n de riesgos reconocible.<\/p>\n<p>\u201cEste a\u00f1o tenemos m\u00e1s herramientas en nuestro arsenal, entre ellas las vacunas, para poder responder a las preocupaciones de los viajeros; as\u00ed como de las personas empleadas en el sector tur\u00edstico\u201d, dijo el <strong>ministro de Turismo de Grecia y presidente del Grupo T\u00e9cnico del Comit\u00e9 de Crisis de la OMT<\/strong>, <strong>Harry Theoharis<\/strong>.<\/p>\n<p>De igual manera, a trav\u00e9s del <strong>Comit\u00e9 Mundial de Crisis<\/strong>, la <strong>OMT<\/strong> avanz\u00f3 en su labor de abordar otro de los principales desaf\u00edos a los que se enfrenta el turismo mundial: la <strong>paralizaci\u00f3n del flujo de efectivo <\/strong>en el turismo y la necesidad de <strong>apoyar a las empresas<\/strong> y <strong>proteger los puestos de trabajo<\/strong>.<\/p>\n<p>Junto con la <strong>Organizaci\u00f3n para la Cooperaci\u00f3n y el Desarrollo Econ\u00f3micos<\/strong> (<strong>OCDE<\/strong>) y el <strong>Banco Europeo de Reconstrucci\u00f3n y Desarrollo<\/strong> (<strong>BERD<\/strong>), se propusieron esfuerzos coordinados para apoyar a las empresas tur\u00edsticas durante la crisis actual; as\u00ed como para crear una resiliencia futura y lograr una mayor sostenibilidad. Esto mediante la promoci\u00f3n de inversiones verdes en el sector.<\/p>\n","protected":false},"excerpt":{"rendered":"<p>La OMT y la IATA anunciaron el lanzamiento de un rastreador de destinos; la cual proporcionar\u00e1 informaci\u00f3n sobre las restricciones y requisitos de las compa\u00f1\u00edas a\u00e9reas y destinos<\/p>\n","protected":false},"author":73,"featured_media":115659,"comment_status":"open","ping_status":"closed","sticky":false,"template":"","format":"standard","meta":{"om_disable_all_campaigns":false,"inline_featured_image":false,"_monsterinsights_skip_tracking":false,"_monsterinsights_sitenote_active":false,"_monsterinsights_sitenote_note":"","_monsterinsights_sitenote_category":0,"footnotes":""},"categories":[17827,15],"tags":[20379,17784,892,891,3933],"class_list":["post-115649","post","type-post","status-publish","format-standard","has-post-thumbnail","hentry","category-cobertura-covid-19","category-inmobiliario","tag-comite-mundial-de-crisis","tag-covid-19","tag-omt","tag-organizacion-mundial-del-turismo","tag-recomendaciones"],"yoast_head":"<!-- This site is optimized with the Yoast SEO plugin v27.5 - https:\/\/yoast.com\/product\/yoast-seo-wordpress\/ -->\n<title>OMT emite recomendaciones para reactivar el turismo internacional<\/title>\n<meta name=\"description\" content=\"La OMT anunci\u00f3 el lanzamiento de un rastreador de destinos, que proporcionar\u00e1 informaci\u00f3n sobre las restricciones de las compa\u00f1\u00edas a\u00e9reas y destinos\" \/>\n<meta name=\"robots\" content=\"index, follow, max-snippet:-1, max-image-preview:large, max-video-preview:-1\" \/>\n<link rel=\"canonical\" href=\"https:\/\/centrourbano.com\/revista\/inmobiliario\/omt-reactivar-turismo-internacional\/\" \/>\n<meta property=\"og:locale\" content=\"es_ES\" \/>\n<meta property=\"og:type\" content=\"article\" \/>\n<meta property=\"og:title\" content=\"OMT emite recomendaciones para reactivar el turismo internacional\" \/>\n<meta property=\"og:description\" content=\"La OMT anunci\u00f3 el lanzamiento de un rastreador de destinos, que proporcionar\u00e1 informaci\u00f3n sobre las restricciones de las compa\u00f1\u00edas a\u00e9reas y destinos\" \/>\n<meta property=\"og:url\" content=\"https:\/\/centrourbano.com\/revista\/inmobiliario\/omt-reactivar-turismo-internacional\/\" \/>\n<meta property=\"og:site_name\" content=\"Centro Urbano\" \/>\n<meta property=\"article:publisher\" content=\"https:\/\/www.facebook.com\/portalcentrourbano\" \/>\n<meta property=\"article:published_time\" content=\"2021-04-12T13:00:37+00:00\" \/>\n<meta property=\"og:image\" content=\"https:\/\/centrourbano.com\/revista\/wp-content\/uploads\/OMT-emite-recomendaciones-para-reactivar-el-turismo-internacional.jpg\" \/>\n\t<meta property=\"og:image:width\" content=\"800\" \/>\n\t<meta property=\"og:image:height\" content=\"445\" \/>\n\t<meta property=\"og:image:type\" content=\"image\/jpeg\" \/>\n<meta name=\"author\" content=\"Fernanda Hern\u00e1ndez\" \/>\n<meta name=\"twitter:card\" content=\"summary_large_image\" \/>\n<meta name=\"twitter:creator\" content=\"@https:\/\/twitter.com\/Nannz_Hernandez\" \/>\n<meta name=\"twitter:site\" content=\"@CentroUrbano\" \/>\n<meta name=\"twitter:label1\" content=\"Escrito por\" \/>\n\t<meta name=\"twitter:data1\" content=\"Fernanda Hern\u00e1ndez\" \/>\n\t<meta name=\"twitter:label2\" content=\"Tiempo de lectura\" \/>\n\t<meta name=\"twitter:data2\" content=\"3 minutos\" \/>\n<script type=\"application\/ld+json\" class=\"yoast-schema-graph\">{\"@context\":\"https:\\\/\\\/schema.org\",\"@graph\":[{\"@type\":\"Article\",\"@id\":\"https:\\\/\\\/centrourbano.com\\\/revista\\\/inmobiliario\\\/omt-reactivar-turismo-internacional\\\/#article\",\"isPartOf\":{\"@id\":\"https:\\\/\\\/centrourbano.com\\\/revista\\\/inmobiliario\\\/omt-reactivar-turismo-internacional\\\/\"},\"author\":{\"name\":\"Fernanda Hern\u00e1ndez\",\"@id\":\"https:\\\/\\\/centrourbano.com\\\/revista\\\/#\\\/schema\\\/person\\\/b190b20bbbceb41ec72278c546fa8df3\"},\"headline\":\"OMT emite recomendaciones para reactivar el turismo internacional\",\"datePublished\":\"2021-04-12T13:00:37+00:00\",\"mainEntityOfPage\":{\"@id\":\"https:\\\/\\\/centrourbano.com\\\/revista\\\/inmobiliario\\\/omt-reactivar-turismo-internacional\\\/\"},\"wordCount\":515,\"commentCount\":0,\"publisher\":{\"@id\":\"https:\\\/\\\/centrourbano.com\\\/revista\\\/#organization\"},\"image\":{\"@id\":\"https:\\\/\\\/centrourbano.com\\\/revista\\\/inmobiliario\\\/omt-reactivar-turismo-internacional\\\/#primaryimage\"},\"thumbnailUrl\":\"https:\\\/\\\/centrourbano.com\\\/revista\\\/wp-content\\\/uploads\\\/OMT-emite-recomendaciones-para-reactivar-el-turismo-internacional.jpg\",\"keywords\":[\"Comit\u00e9 Mundial de Crisis\",\"COVID-19\",\"OMT\",\"Organizaci\u00f3n Mundial del turismo\",\"recomendaciones\"],\"articleSection\":[\"Cobertura Covid-19\",\"Inmobiliario\"],\"inLanguage\":\"es\",\"potentialAction\":[{\"@type\":\"CommentAction\",\"name\":\"Comment\",\"target\":[\"https:\\\/\\\/centrourbano.com\\\/revista\\\/inmobiliario\\\/omt-reactivar-turismo-internacional\\\/#respond\"]}]},{\"@type\":\"WebPage\",\"@id\":\"https:\\\/\\\/centrourbano.com\\\/revista\\\/inmobiliario\\\/omt-reactivar-turismo-internacional\\\/\",\"url\":\"https:\\\/\\\/centrourbano.com\\\/revista\\\/inmobiliario\\\/omt-reactivar-turismo-internacional\\\/\",\"name\":\"OMT emite recomendaciones para reactivar el turismo internacional\",\"isPartOf\":{\"@id\":\"https:\\\/\\\/centrourbano.com\\\/revista\\\/#website\"},\"primaryImageOfPage\":{\"@id\":\"https:\\\/\\\/centrourbano.com\\\/revista\\\/inmobiliario\\\/omt-reactivar-turismo-internacional\\\/#primaryimage\"},\"image\":{\"@id\":\"https:\\\/\\\/centrourbano.com\\\/revista\\\/inmobiliario\\\/omt-reactivar-turismo-internacional\\\/#primaryimage\"},\"thumbnailUrl\":\"https:\\\/\\\/centrourbano.com\\\/revista\\\/wp-content\\\/uploads\\\/OMT-emite-recomendaciones-para-reactivar-el-turismo-internacional.jpg\",\"datePublished\":\"2021-04-12T13:00:37+00:00\",\"description\":\"La OMT anunci\u00f3 el lanzamiento de un rastreador de destinos, que proporcionar\u00e1 informaci\u00f3n sobre las restricciones de las compa\u00f1\u00edas a\u00e9reas y destinos\",\"breadcrumb\":{\"@id\":\"https:\\\/\\\/centrourbano.com\\\/revista\\\/inmobiliario\\\/omt-reactivar-turismo-internacional\\\/#breadcrumb\"},\"inLanguage\":\"es\",\"potentialAction\":[{\"@type\":\"ReadAction\",\"target\":[\"https:\\\/\\\/centrourbano.com\\\/revista\\\/inmobiliario\\\/omt-reactivar-turismo-internacional\\\/\"]}]},{\"@type\":\"ImageObject\",\"inLanguage\":\"es\",\"@id\":\"https:\\\/\\\/centrourbano.com\\\/revista\\\/inmobiliario\\\/omt-reactivar-turismo-internacional\\\/#primaryimage\",\"url\":\"https:\\\/\\\/centrourbano.com\\\/revista\\\/wp-content\\\/uploads\\\/OMT-emite-recomendaciones-para-reactivar-el-turismo-internacional.jpg\",\"contentUrl\":\"https:\\\/\\\/centrourbano.com\\\/revista\\\/wp-content\\\/uploads\\\/OMT-emite-recomendaciones-para-reactivar-el-turismo-internacional.jpg\",\"width\":800,\"height\":445,\"caption\":\"La OMT anunci\u00f3 el lanzamiento de un rastreador de destinos, que proporcionar\u00e1 informaci\u00f3n sobre las restricciones de las compa\u00f1\u00edas a\u00e9reas y destinos\"},{\"@type\":\"BreadcrumbList\",\"@id\":\"https:\\\/\\\/centrourbano.com\\\/revista\\\/inmobiliario\\\/omt-reactivar-turismo-internacional\\\/#breadcrumb\",\"itemListElement\":[{\"@type\":\"ListItem\",\"position\":1,\"name\":\"Portada\",\"item\":\"https:\\\/\\\/centrourbano.com\\\/revista\\\/\"},{\"@type\":\"ListItem\",\"position\":2,\"name\":\"OMT emite recomendaciones para reactivar el turismo internacional\"}]},{\"@type\":\"WebSite\",\"@id\":\"https:\\\/\\\/centrourbano.com\\\/revista\\\/#website\",\"url\":\"https:\\\/\\\/centrourbano.com\\\/revista\\\/\",\"name\":\"Centro Urbano\",\"description\":\"Medio especializado en los sectores vivienda, inmobiliario, construcci\u00f3n, arquitectura y urbanismo.\",\"publisher\":{\"@id\":\"https:\\\/\\\/centrourbano.com\\\/revista\\\/#organization\"},\"potentialAction\":[{\"@type\":\"SearchAction\",\"target\":{\"@type\":\"EntryPoint\",\"urlTemplate\":\"https:\\\/\\\/centrourbano.com\\\/revista\\\/?s={search_term_string}\"},\"query-input\":{\"@type\":\"PropertyValueSpecification\",\"valueRequired\":true,\"valueName\":\"search_term_string\"}}],\"inLanguage\":\"es\"},{\"@type\":\"Organization\",\"@id\":\"https:\\\/\\\/centrourbano.com\\\/revista\\\/#organization\",\"name\":\"Centro Urbano\",\"url\":\"https:\\\/\\\/centrourbano.com\\\/revista\\\/\",\"logo\":{\"@type\":\"ImageObject\",\"inLanguage\":\"es\",\"@id\":\"https:\\\/\\\/centrourbano.com\\\/revista\\\/#\\\/schema\\\/logo\\\/image\\\/\",\"url\":\"https:\\\/\\\/centrourbano.com\\\/revista\\\/wp-content\\\/uploads\\\/web_CU_logo-1.png\",\"contentUrl\":\"https:\\\/\\\/centrourbano.com\\\/revista\\\/wp-content\\\/uploads\\\/web_CU_logo-1.png\",\"width\":350,\"height\":91,\"caption\":\"Centro Urbano\"},\"image\":{\"@id\":\"https:\\\/\\\/centrourbano.com\\\/revista\\\/#\\\/schema\\\/logo\\\/image\\\/\"},\"sameAs\":[\"https:\\\/\\\/www.facebook.com\\\/portalcentrourbano\",\"https:\\\/\\\/x.com\\\/CentroUrbano\",\"https:\\\/\\\/www.instagram.com\\\/centro_urbano\\\/\",\"https:\\\/\\\/www.linkedin.com\\\/company\\\/centro-urbano\\\/\",\"http:\\\/\\\/www.youtube.com\\\/user\\\/portalcentrourbano\"]},{\"@type\":\"Person\",\"@id\":\"https:\\\/\\\/centrourbano.com\\\/revista\\\/#\\\/schema\\\/person\\\/b190b20bbbceb41ec72278c546fa8df3\",\"name\":\"Fernanda Hern\u00e1ndez\",\"image\":{\"@type\":\"ImageObject\",\"inLanguage\":\"es\",\"@id\":\"https:\\\/\\\/secure.gravatar.com\\\/avatar\\\/9471831fb0a24eae9d32d826a7cb8ef07c34a41520aca1a0ab1f5c0903ba49b9?s=96&d=mm&r=g\",\"url\":\"https:\\\/\\\/secure.gravatar.com\\\/avatar\\\/9471831fb0a24eae9d32d826a7cb8ef07c34a41520aca1a0ab1f5c0903ba49b9?s=96&d=mm&r=g\",\"contentUrl\":\"https:\\\/\\\/secure.gravatar.com\\\/avatar\\\/9471831fb0a24eae9d32d826a7cb8ef07c34a41520aca1a0ab1f5c0903ba49b9?s=96&d=mm&r=g\",\"caption\":\"Fernanda Hern\u00e1ndez\"},\"description\":\"Reportera y redactora en Centro Urbano. Soy egresada de la licenciatura en Ciencias de la Comunicaci\u00f3n de la Facultad de Ciencias Pol\u00edticas y Sociales (UNAM). Me interesa la cultura, el urbanismo y la arquitectura. Amante del mundo digital, el cine, la m\u00fasica, la lectura y la escritura.\",\"sameAs\":[\"https:\\\/\\\/x.com\\\/https:\\\/\\\/twitter.com\\\/Nannz_Hernandez\"],\"url\":\"https:\\\/\\\/centrourbano.com\\\/revista\\\/author\\\/fernanda-hernandez\\\/\"}]}<\/script>\n<!-- \/ Yoast SEO plugin. -->","yoast_head_json":{"title":"OMT emite recomendaciones para reactivar el turismo internacional","description":"La OMT anunci\u00f3 el lanzamiento de un rastreador de destinos, que proporcionar\u00e1 informaci\u00f3n sobre las restricciones de las compa\u00f1\u00edas a\u00e9reas y destinos","robots":{"index":"index","follow":"follow","max-snippet":"max-snippet:-1","max-image-preview":"max-image-preview:large","max-video-preview":"max-video-preview:-1"},"canonical":"https:\/\/centrourbano.com\/revista\/inmobiliario\/omt-reactivar-turismo-internacional\/","og_locale":"es_ES","og_type":"article","og_title":"OMT emite recomendaciones para reactivar el turismo internacional","og_description":"La OMT anunci\u00f3 el lanzamiento de un rastreador de destinos, que proporcionar\u00e1 informaci\u00f3n sobre las restricciones de las compa\u00f1\u00edas a\u00e9reas y destinos","og_url":"https:\/\/centrourbano.com\/revista\/inmobiliario\/omt-reactivar-turismo-internacional\/","og_site_name":"Centro Urbano","article_publisher":"https:\/\/www.facebook.com\/portalcentrourbano","article_published_time":"2021-04-12T13:00:37+00:00","og_image":[{"width":800,"height":445,"url":"https:\/\/centrourbano.com\/revista\/wp-content\/uploads\/OMT-emite-recomendaciones-para-reactivar-el-turismo-internacional.jpg","type":"image\/jpeg"}],"author":"Fernanda Hern\u00e1ndez","twitter_card":"summary_large_image","twitter_creator":"@https:\/\/twitter.com\/Nannz_Hernandez","twitter_site":"@CentroUrbano","twitter_misc":{"Escrito por":"Fernanda Hern\u00e1ndez","Tiempo de lectura":"3 minutos"},"schema":{"@context":"https:\/\/schema.org","@graph":[{"@type":"Article","@id":"https:\/\/centrourbano.com\/revista\/inmobiliario\/omt-reactivar-turismo-internacional\/#article","isPartOf":{"@id":"https:\/\/centrourbano.com\/revista\/inmobiliario\/omt-reactivar-turismo-internacional\/"},"author":{"name":"Fernanda Hern\u00e1ndez","@id":"https:\/\/centrourbano.com\/revista\/#\/schema\/person\/b190b20bbbceb41ec72278c546fa8df3"},"headline":"OMT emite recomendaciones para reactivar el turismo internacional","datePublished":"2021-04-12T13:00:37+00:00","mainEntityOfPage":{"@id":"https:\/\/centrourbano.com\/revista\/inmobiliario\/omt-reactivar-turismo-internacional\/"},"wordCount":515,"commentCount":0,"publisher":{"@id":"https:\/\/centrourbano.com\/revista\/#organization"},"image":{"@id":"https:\/\/centrourbano.com\/revista\/inmobiliario\/omt-reactivar-turismo-internacional\/#primaryimage"},"thumbnailUrl":"https:\/\/centrourbano.com\/revista\/wp-content\/uploads\/OMT-emite-recomendaciones-para-reactivar-el-turismo-internacional.jpg","keywords":["Comit\u00e9 Mundial de Crisis","COVID-19","OMT","Organizaci\u00f3n Mundial del turismo","recomendaciones"],"articleSection":["Cobertura Covid-19","Inmobiliario"],"inLanguage":"es","potentialAction":[{"@type":"CommentAction","name":"Comment","target":["https:\/\/centrourbano.com\/revista\/inmobiliario\/omt-reactivar-turismo-internacional\/#respond"]}]},{"@type":"WebPage","@id":"https:\/\/centrourbano.com\/revista\/inmobiliario\/omt-reactivar-turismo-internacional\/","url":"https:\/\/centrourbano.com\/revista\/inmobiliario\/omt-reactivar-turismo-internacional\/","name":"OMT emite recomendaciones para reactivar el turismo internacional","isPartOf":{"@id":"https:\/\/centrourbano.com\/revista\/#website"},"primaryImageOfPage":{"@id":"https:\/\/centrourbano.com\/revista\/inmobiliario\/omt-reactivar-turismo-internacional\/#primaryimage"},"image":{"@id":"https:\/\/centrourbano.com\/revista\/inmobiliario\/omt-reactivar-turismo-internacional\/#primaryimage"},"thumbnailUrl":"https:\/\/centrourbano.com\/revista\/wp-content\/uploads\/OMT-emite-recomendaciones-para-reactivar-el-turismo-internacional.jpg","datePublished":"2021-04-12T13:00:37+00:00","description":"La OMT anunci\u00f3 el lanzamiento de un rastreador de destinos, que proporcionar\u00e1 informaci\u00f3n sobre las restricciones de las compa\u00f1\u00edas a\u00e9reas y destinos","breadcrumb":{"@id":"https:\/\/centrourbano.com\/revista\/inmobiliario\/omt-reactivar-turismo-internacional\/#breadcrumb"},"inLanguage":"es","potentialAction":[{"@type":"ReadAction","target":["https:\/\/centrourbano.com\/revista\/inmobiliario\/omt-reactivar-turismo-internacional\/"]}]},{"@type":"ImageObject","inLanguage":"es","@id":"https:\/\/centrourbano.com\/revista\/inmobiliario\/omt-reactivar-turismo-internacional\/#primaryimage","url":"https:\/\/centrourbano.com\/revista\/wp-content\/uploads\/OMT-emite-recomendaciones-para-reactivar-el-turismo-internacional.jpg","contentUrl":"https:\/\/centrourbano.com\/revista\/wp-content\/uploads\/OMT-emite-recomendaciones-para-reactivar-el-turismo-internacional.jpg","width":800,"height":445,"caption":"La OMT anunci\u00f3 el lanzamiento de un rastreador de destinos, que proporcionar\u00e1 informaci\u00f3n sobre las restricciones de las compa\u00f1\u00edas a\u00e9reas y destinos"},{"@type":"BreadcrumbList","@id":"https:\/\/centrourbano.com\/revista\/inmobiliario\/omt-reactivar-turismo-internacional\/#breadcrumb","itemListElement":[{"@type":"ListItem","position":1,"name":"Portada","item":"https:\/\/centrourbano.com\/revista\/"},{"@type":"ListItem","position":2,"name":"OMT emite recomendaciones para reactivar el turismo internacional"}]},{"@type":"WebSite","@id":"https:\/\/centrourbano.com\/revista\/#website","url":"https:\/\/centrourbano.com\/revista\/","name":"Centro Urbano","description":"Medio especializado en los sectores vivienda, inmobiliario, construcci\u00f3n, arquitectura y urbanismo.","publisher":{"@id":"https:\/\/centrourbano.com\/revista\/#organization"},"potentialAction":[{"@type":"SearchAction","target":{"@type":"EntryPoint","urlTemplate":"https:\/\/centrourbano.com\/revista\/?s={search_term_string}"},"query-input":{"@type":"PropertyValueSpecification","valueRequired":true,"valueName":"search_term_string"}}],"inLanguage":"es"},{"@type":"Organization","@id":"https:\/\/centrourbano.com\/revista\/#organization","name":"Centro Urbano","url":"https:\/\/centrourbano.com\/revista\/","logo":{"@type":"ImageObject","inLanguage":"es","@id":"https:\/\/centrourbano.com\/revista\/#\/schema\/logo\/image\/","url":"https:\/\/centrourbano.com\/revista\/wp-content\/uploads\/web_CU_logo-1.png","contentUrl":"https:\/\/centrourbano.com\/revista\/wp-content\/uploads\/web_CU_logo-1.png","width":350,"height":91,"caption":"Centro Urbano"},"image":{"@id":"https:\/\/centrourbano.com\/revista\/#\/schema\/logo\/image\/"},"sameAs":["https:\/\/www.facebook.com\/portalcentrourbano","https:\/\/x.com\/CentroUrbano","https:\/\/www.instagram.com\/centro_urbano\/","https:\/\/www.linkedin.com\/company\/centro-urbano\/","http:\/\/www.youtube.com\/user\/portalcentrourbano"]},{"@type":"Person","@id":"https:\/\/centrourbano.com\/revista\/#\/schema\/person\/b190b20bbbceb41ec72278c546fa8df3","name":"Fernanda Hern\u00e1ndez","image":{"@type":"ImageObject","inLanguage":"es","@id":"https:\/\/secure.gravatar.com\/avatar\/9471831fb0a24eae9d32d826a7cb8ef07c34a41520aca1a0ab1f5c0903ba49b9?s=96&d=mm&r=g","url":"https:\/\/secure.gravatar.com\/avatar\/9471831fb0a24eae9d32d826a7cb8ef07c34a41520aca1a0ab1f5c0903ba49b9?s=96&d=mm&r=g","contentUrl":"https:\/\/secure.gravatar.com\/avatar\/9471831fb0a24eae9d32d826a7cb8ef07c34a41520aca1a0ab1f5c0903ba49b9?s=96&d=mm&r=g","caption":"Fernanda Hern\u00e1ndez"},"description":"Reportera y redactora en Centro Urbano. Soy egresada de la licenciatura en Ciencias de la Comunicaci\u00f3n de la Facultad de Ciencias Pol\u00edticas y Sociales (UNAM). Me interesa la cultura, el urbanismo y la arquitectura. Amante del mundo digital, el cine, la m\u00fasica, la lectura y la escritura.","sameAs":["https:\/\/x.com\/https:\/\/twitter.com\/Nannz_Hernandez"],"url":"https:\/\/centrourbano.com\/revista\/author\/fernanda-hernandez\/"}]}},"_links":{"self":[{"href":"https:\/\/centrourbano.com\/revista\/wp-json\/wp\/v2\/posts\/115649","targetHints":{"allow":["GET"]}}],"collection":[{"href":"https:\/\/centrourbano.com\/revista\/wp-json\/wp\/v2\/posts"}],"about":[{"href":"https:\/\/centrourbano.com\/revista\/wp-json\/wp\/v2\/types\/post"}],"author":[{"embeddable":true,"href":"https:\/\/centrourbano.com\/revista\/wp-json\/wp\/v2\/users\/73"}],"replies":[{"embeddable":true,"href":"https:\/\/centrourbano.com\/revista\/wp-json\/wp\/v2\/comments?post=115649"}],"version-history":[{"count":1,"href":"https:\/\/centrourbano.com\/revista\/wp-json\/wp\/v2\/posts\/115649\/revisions"}],"predecessor-version":[{"id":115660,"href":"https:\/\/centrourbano.com\/revista\/wp-json\/wp\/v2\/posts\/115649\/revisions\/115660"}],"wp:featuredmedia":[{"embeddable":true,"href":"https:\/\/centrourbano.com\/revista\/wp-json\/wp\/v2\/media\/115659"}],"wp:attachment":[{"href":"https:\/\/centrourbano.com\/revista\/wp-json\/wp\/v2\/media?parent=115649"}],"wp:term":[{"taxonomy":"category","embeddable":true,"href":"https:\/\/centrourbano.com\/revista\/wp-json\/wp\/v2\/categories?post=115649"},{"taxonomy":"post_tag","embeddable":true,"href":"https:\/\/centrourbano.com\/revista\/wp-json\/wp\/v2\/tags?post=115649"}],"curies":[{"name":"wp","href":"https:\/\/api.w.org\/{rel}","templated":true}]}}