{"id":115579,"date":"2021-04-09T14:19:34","date_gmt":"2021-04-09T19:19:34","guid":{"rendered":"https:\/\/centrourbano.com\/?p=115579"},"modified":"2021-04-09T14:21:52","modified_gmt":"2021-04-09T19:21:52","slug":"exponen-valor-de-casas-que-ogorman-diseno-para-diego-rivera-y-frida-kahlo","status":"publish","type":"post","link":"https:\/\/centrourbano.com\/revista\/arquitectura-2\/exponen-valor-de-casas-que-ogorman-diseno-para-diego-rivera-y-frida-kahlo\/","title":{"rendered":"Exponen valor de casas que O\u2019Gorman dise\u00f1\u00f3 para Diego Rivera y Frida Kahlo"},"content":{"rendered":"<p><i>La exposici\u00f3n\u00a0podr\u00e1 ser vista en la galer\u00eda de la Casa O\u2019Gorman del Museo Casa Estudio <em>Diego Rivera y Frida Kahlo<\/em> hasta el 6 de junio<\/i><br \/>\n<em><!--more--><\/em><\/p>\n<p>Dos generaciones de la familia Kahlo lograron reunirse de nuevo en la m\u00edtica <strong>Casa Estudio Diego Rivera y Frida Kahlo<\/strong>. Esto, gracias a la exposici\u00f3n <em><strong>Guillermo Kahlo + Cristina Kahlo: Impresiones de dos \u00e9pocas<\/strong><\/em>, la cual fue anunciada por La <a href=\"https:\/\/www.gob.mx\/cultura\"><strong>Secretar\u00eda de Cultura<\/strong><\/a> del Gobierno de M\u00e9xico y el Instituto Nacional de Bellas Artes y Literatura (INBAL).<\/p>\n<p>A trav\u00e9s de un bolet\u00edn de prensa, el <strong>INBAL<\/strong> indic\u00f3 que la muestra re\u00fane <strong>20 fotograf\u00edas<\/strong> capturadas con 90 a\u00f1os de distancia. En ellas, se resalta el valor est\u00e9tico de las casas que el arquitecto mexicano <strong>Juan O\u2019Gorman<\/strong> dise\u00f1\u00f3 para <strong>Diego Rivera y Frida Kahlo<\/strong>, una de las obras m\u00e1s notables en la historia de la arquitectura moderna mexicana. Dichas fotograf\u00edas son fruto del trabajo art\u00edstico de <strong>Guillermo Kahlo<\/strong>\u00a0y de la reconocida fot\u00f3grafa contempor\u00e1nea, <strong>Cristina Kahlo<\/strong>, su <strong>bisnieta<\/strong>.<\/p>\n<p>El instituto se\u00f1al\u00f3 que Guillermo Kahlo, padre de la enigm\u00e1tica Frida Kahlo, fue el primero en documentar fotogr\u00e1ficamente la casa taller perteneciente a los dos artistas. Agreg\u00f3 que estas fotograf\u00edas fueron captadas poco despu\u00e9s de que su construcci\u00f3n finalizar\u00e1 y sirvieron para que la pareja Kahlo \u2013 Rivera conocieran el lugar a distancia, ya que en ese momento se encontraban en Estados Unidos.<\/p>\n<p>Por su parte, Cristina Kahlo, coment\u00f3 que, a trav\u00e9s de su perspectiva art\u00edstica plasmada en las nueve fotograf\u00edas que aport\u00f3 para la exposici\u00f3n, intentar\u00e1 que los visitantes logren comprender el valor est\u00e9tico y po\u00e9tico de la obra arquitect\u00f3nica.<\/p>\n<blockquote><p>\u201cLa arquitectura es una fuerza creadora, en mi percepci\u00f3n personal la vivo como una escultura din\u00e1mica que, al paso de las horas y el tiempo, se transforma de acuerdo con la luz que incide sobre sus muros y con lo que acontece dentro y fuera de ellos. La luz da sentido a las sombras, y viceversa. El juego de fotografiar es interminable en el recorrido de estos espacios c\u00fabicos que se comunican por un angosto puente\u201d.<\/p><\/blockquote>\n<h3>Guillermo Kahlo y Cristina Kahlo<\/h3>\n<p>El fot\u00f3grafo Guillermo Kahlo, de origen alem\u00e1n, lleg\u00f3 a M\u00e9xico en 1880. Realiz\u00f3 el registro fotogr\u00e1fico de la construcci\u00f3n de la <strong>Casa Boker<\/strong> en 1898 y colabor\u00f3 en\u00a0<em><strong>El Mundo Ilustrado<\/strong>.\u00a0<\/em>Abri\u00f3 su estudio en la Ciudad de M\u00e9xico y en 1908 se le comision\u00f3 el registro de templos y monumentos nacionales. Dos a\u00f1os m\u00e1s tarde captur\u00f3 con su lente los edificios p\u00fablicos de la Ciudad de M\u00e9xico, con motivo de las fiestas del Centenario de la Independencia. Sus fotograf\u00edas de iglesias se publicaron en 1914 en el libro\u00a0<strong><em>La arquitectura en M\u00e9xico: Iglesias<\/em>.<\/strong><\/p>\n<p>Cristina Kahlo naci\u00f3 en la Ciudad de M\u00e9xico 1960, es egresada de la Escuela Activa de Fotograf\u00eda en M\u00e9xico y del Centro de Ense\u00f1anzas de la Imagen en Espa\u00f1a. Su obra ha recorrido varios pa\u00edses y en 2017, el Museo <em>Casa Estudio\u00a0Diego Rivera y Frida Kahlo<\/em>\u00a0presentaron<em><strong> Cristina Kahlo. Lo concreto. Fotograf\u00eda arquitect\u00f3nica y abstracta<\/strong><\/em>, la primera exposici\u00f3n individual de la artista, la cual ofreci\u00f3 una perspectiva particular de la arquitectura como tema de indagaci\u00f3n fotogr\u00e1fica. La fot\u00f3grafa es sobrina nieta de Frida Kahlo y Diego Rivera.<\/p>\n<h3>Visita la exposici\u00f3n<\/h3>\n<p>La exposici\u00f3n, <em>Guillermo Kahlo + Cristina Kahlo: Impresiones de dos \u00e9pocas<\/em>, puede ser vista en la <strong>galer\u00eda de la Casa O\u2019Gorman<\/strong> del <a href=\"https:\/\/centrourbano.com\/2020\/03\/26\/museo-diego-rivera-frida-kahlo\/\"><strong>Museo Casa Estudio Diego Rivera y Frida Kahlo<\/strong>.<\/a> Estar\u00e1 disponible hasta el<strong> 6 de junio<\/strong>,\u00a0 en un horario de martes a domingo de 11:00 a 17:00 horas. El recinto anunci\u00f3 que se apega a los protocolos y medidas de seguridad e higiene, a fin de ofrecer una visita segura.<\/p>\n","protected":false},"excerpt":{"rendered":"<p>La exposici\u00f3n\u00a0podr\u00e1 ser vista en la galer\u00eda de la Casa O\u2019Gorman del Museo Casa Estudio Diego Rivera y Frida Kahlo hasta el 6 de junio<\/p>\n","protected":false},"author":78,"featured_media":115580,"comment_status":"open","ping_status":"closed","sticky":false,"template":"","format":"standard","meta":{"om_disable_all_campaigns":false,"inline_featured_image":false,"_monsterinsights_skip_tracking":false,"_monsterinsights_sitenote_active":false,"_monsterinsights_sitenote_note":"","_monsterinsights_sitenote_category":0,"footnotes":""},"categories":[20337,81,10613],"tags":[15604,2043,4375,672,14916,2758,3462],"class_list":["post-115579","post","type-post","status-publish","format-standard","has-post-thumbnail","hentry","category-agenda-2","category-arquitectura-2","category-exposiciones","tag-casa-estudio-diego-rivera-y-frida-kahlo","tag-cultura","tag-exposicion","tag-fotografia","tag-inbal","tag-museos","tag-secretaria-de-cultura"],"yoast_head":"<!-- This site is optimized with the Yoast SEO plugin v27.4 - https:\/\/yoast.com\/product\/yoast-seo-wordpress\/ -->\n<title>Exponen valor est\u00e9tico de casas de Diego Rivera y Frida Kahlo<\/title>\n<meta name=\"description\" content=\"Dos generaciones de la familia Kahlo lograron reunirse de nuevo en la m\u00edtica Casa Estudio Diego Rivera y Frida Kahlo. La Secretar\u00eda de Cultura\" \/>\n<meta name=\"robots\" content=\"index, follow, max-snippet:-1, max-image-preview:large, max-video-preview:-1\" \/>\n<link rel=\"canonical\" href=\"https:\/\/centrourbano.com\/revista\/arquitectura-2\/exponen-valor-de-casas-que-ogorman-diseno-para-diego-rivera-y-frida-kahlo\/\" \/>\n<meta property=\"og:locale\" content=\"es_ES\" \/>\n<meta property=\"og:type\" content=\"article\" \/>\n<meta property=\"og:title\" content=\"Exponen valor est\u00e9tico de casas de Diego Rivera y Frida Kahlo\" \/>\n<meta property=\"og:description\" content=\"Dos generaciones de la familia Kahlo lograron reunirse de nuevo en la m\u00edtica Casa Estudio Diego Rivera y Frida Kahlo. La Secretar\u00eda de Cultura\" \/>\n<meta property=\"og:url\" content=\"https:\/\/centrourbano.com\/revista\/arquitectura-2\/exponen-valor-de-casas-que-ogorman-diseno-para-diego-rivera-y-frida-kahlo\/\" \/>\n<meta property=\"og:site_name\" content=\"Centro Urbano\" \/>\n<meta property=\"article:publisher\" content=\"https:\/\/www.facebook.com\/portalcentrourbano\" \/>\n<meta property=\"article:published_time\" content=\"2021-04-09T19:19:34+00:00\" \/>\n<meta property=\"article:modified_time\" content=\"2021-04-09T19:21:52+00:00\" \/>\n<meta property=\"og:image\" content=\"https:\/\/centrourbano.com\/revista\/wp-content\/uploads\/EyPk0QfWEAI3FXw.jpeg\" \/>\n\t<meta property=\"og:image:width\" content=\"1191\" \/>\n\t<meta property=\"og:image:height\" content=\"1191\" \/>\n\t<meta property=\"og:image:type\" content=\"image\/jpeg\" \/>\n<meta name=\"author\" content=\"Aar\u00f3n Ram\u00edrez\" \/>\n<meta name=\"twitter:card\" content=\"summary_large_image\" \/>\n<meta name=\"twitter:creator\" content=\"@CentroUrbano\" \/>\n<meta name=\"twitter:site\" content=\"@CentroUrbano\" \/>\n<meta name=\"twitter:label1\" content=\"Escrito por\" \/>\n\t<meta name=\"twitter:data1\" content=\"Aar\u00f3n Ram\u00edrez\" \/>\n\t<meta name=\"twitter:label2\" content=\"Tiempo de lectura\" \/>\n\t<meta name=\"twitter:data2\" content=\"3 minutos\" \/>\n<script type=\"application\/ld+json\" class=\"yoast-schema-graph\">{\"@context\":\"https:\\\/\\\/schema.org\",\"@graph\":[{\"@type\":\"Article\",\"@id\":\"https:\\\/\\\/centrourbano.com\\\/revista\\\/arquitectura-2\\\/exponen-valor-de-casas-que-ogorman-diseno-para-diego-rivera-y-frida-kahlo\\\/#article\",\"isPartOf\":{\"@id\":\"https:\\\/\\\/centrourbano.com\\\/revista\\\/arquitectura-2\\\/exponen-valor-de-casas-que-ogorman-diseno-para-diego-rivera-y-frida-kahlo\\\/\"},\"author\":{\"name\":\"Aar\u00f3n Ram\u00edrez\",\"@id\":\"https:\\\/\\\/centrourbano.com\\\/revista\\\/#\\\/schema\\\/person\\\/207bdd416403fb71861b6cbfa8216b95\"},\"headline\":\"Exponen valor de casas que O\u2019Gorman dise\u00f1\u00f3 para Diego Rivera y Frida Kahlo\",\"datePublished\":\"2021-04-09T19:19:34+00:00\",\"dateModified\":\"2021-04-09T19:21:52+00:00\",\"mainEntityOfPage\":{\"@id\":\"https:\\\/\\\/centrourbano.com\\\/revista\\\/arquitectura-2\\\/exponen-valor-de-casas-que-ogorman-diseno-para-diego-rivera-y-frida-kahlo\\\/\"},\"wordCount\":662,\"commentCount\":0,\"publisher\":{\"@id\":\"https:\\\/\\\/centrourbano.com\\\/revista\\\/#organization\"},\"image\":{\"@id\":\"https:\\\/\\\/centrourbano.com\\\/revista\\\/arquitectura-2\\\/exponen-valor-de-casas-que-ogorman-diseno-para-diego-rivera-y-frida-kahlo\\\/#primaryimage\"},\"thumbnailUrl\":\"https:\\\/\\\/centrourbano.com\\\/revista\\\/wp-content\\\/uploads\\\/EyPk0QfWEAI3FXw.jpeg\",\"keywords\":[\"Casa Estudio Diego Rivera y Frida Kahlo\",\"Cultura\",\"exposici\u00f3n\",\"fotograf\u00eda\",\"INBAL\",\"museos\",\"Secretar\u00eda de Cultura\"],\"articleSection\":[\"Agenda\",\"Arquitectura\",\"Exposiciones\"],\"inLanguage\":\"es\",\"potentialAction\":[{\"@type\":\"CommentAction\",\"name\":\"Comment\",\"target\":[\"https:\\\/\\\/centrourbano.com\\\/revista\\\/arquitectura-2\\\/exponen-valor-de-casas-que-ogorman-diseno-para-diego-rivera-y-frida-kahlo\\\/#respond\"]}]},{\"@type\":\"WebPage\",\"@id\":\"https:\\\/\\\/centrourbano.com\\\/revista\\\/arquitectura-2\\\/exponen-valor-de-casas-que-ogorman-diseno-para-diego-rivera-y-frida-kahlo\\\/\",\"url\":\"https:\\\/\\\/centrourbano.com\\\/revista\\\/arquitectura-2\\\/exponen-valor-de-casas-que-ogorman-diseno-para-diego-rivera-y-frida-kahlo\\\/\",\"name\":\"Exponen valor est\u00e9tico de casas de Diego Rivera y Frida Kahlo\",\"isPartOf\":{\"@id\":\"https:\\\/\\\/centrourbano.com\\\/revista\\\/#website\"},\"primaryImageOfPage\":{\"@id\":\"https:\\\/\\\/centrourbano.com\\\/revista\\\/arquitectura-2\\\/exponen-valor-de-casas-que-ogorman-diseno-para-diego-rivera-y-frida-kahlo\\\/#primaryimage\"},\"image\":{\"@id\":\"https:\\\/\\\/centrourbano.com\\\/revista\\\/arquitectura-2\\\/exponen-valor-de-casas-que-ogorman-diseno-para-diego-rivera-y-frida-kahlo\\\/#primaryimage\"},\"thumbnailUrl\":\"https:\\\/\\\/centrourbano.com\\\/revista\\\/wp-content\\\/uploads\\\/EyPk0QfWEAI3FXw.jpeg\",\"datePublished\":\"2021-04-09T19:19:34+00:00\",\"dateModified\":\"2021-04-09T19:21:52+00:00\",\"description\":\"Dos generaciones de la familia Kahlo lograron reunirse de nuevo en la m\u00edtica Casa Estudio Diego Rivera y Frida Kahlo. La Secretar\u00eda de Cultura\",\"breadcrumb\":{\"@id\":\"https:\\\/\\\/centrourbano.com\\\/revista\\\/arquitectura-2\\\/exponen-valor-de-casas-que-ogorman-diseno-para-diego-rivera-y-frida-kahlo\\\/#breadcrumb\"},\"inLanguage\":\"es\",\"potentialAction\":[{\"@type\":\"ReadAction\",\"target\":[\"https:\\\/\\\/centrourbano.com\\\/revista\\\/arquitectura-2\\\/exponen-valor-de-casas-que-ogorman-diseno-para-diego-rivera-y-frida-kahlo\\\/\"]}]},{\"@type\":\"ImageObject\",\"inLanguage\":\"es\",\"@id\":\"https:\\\/\\\/centrourbano.com\\\/revista\\\/arquitectura-2\\\/exponen-valor-de-casas-que-ogorman-diseno-para-diego-rivera-y-frida-kahlo\\\/#primaryimage\",\"url\":\"https:\\\/\\\/centrourbano.com\\\/revista\\\/wp-content\\\/uploads\\\/EyPk0QfWEAI3FXw.jpeg\",\"contentUrl\":\"https:\\\/\\\/centrourbano.com\\\/revista\\\/wp-content\\\/uploads\\\/EyPk0QfWEAI3FXw.jpeg\",\"width\":1191,\"height\":1191,\"caption\":\"Dos generaciones de la familia Kahlo se re\u00fanen en la Casa Estudio Diego Rivera\"},{\"@type\":\"BreadcrumbList\",\"@id\":\"https:\\\/\\\/centrourbano.com\\\/revista\\\/arquitectura-2\\\/exponen-valor-de-casas-que-ogorman-diseno-para-diego-rivera-y-frida-kahlo\\\/#breadcrumb\",\"itemListElement\":[{\"@type\":\"ListItem\",\"position\":1,\"name\":\"Portada\",\"item\":\"https:\\\/\\\/centrourbano.com\\\/revista\\\/\"},{\"@type\":\"ListItem\",\"position\":2,\"name\":\"Exponen valor de casas que O\u2019Gorman dise\u00f1\u00f3 para Diego Rivera y Frida Kahlo\"}]},{\"@type\":\"WebSite\",\"@id\":\"https:\\\/\\\/centrourbano.com\\\/revista\\\/#website\",\"url\":\"https:\\\/\\\/centrourbano.com\\\/revista\\\/\",\"name\":\"Centro Urbano\",\"description\":\"Medio especializado en los sectores vivienda, inmobiliario, construcci\u00f3n, arquitectura y urbanismo.\",\"publisher\":{\"@id\":\"https:\\\/\\\/centrourbano.com\\\/revista\\\/#organization\"},\"potentialAction\":[{\"@type\":\"SearchAction\",\"target\":{\"@type\":\"EntryPoint\",\"urlTemplate\":\"https:\\\/\\\/centrourbano.com\\\/revista\\\/?s={search_term_string}\"},\"query-input\":{\"@type\":\"PropertyValueSpecification\",\"valueRequired\":true,\"valueName\":\"search_term_string\"}}],\"inLanguage\":\"es\"},{\"@type\":\"Organization\",\"@id\":\"https:\\\/\\\/centrourbano.com\\\/revista\\\/#organization\",\"name\":\"Centro Urbano\",\"url\":\"https:\\\/\\\/centrourbano.com\\\/revista\\\/\",\"logo\":{\"@type\":\"ImageObject\",\"inLanguage\":\"es\",\"@id\":\"https:\\\/\\\/centrourbano.com\\\/revista\\\/#\\\/schema\\\/logo\\\/image\\\/\",\"url\":\"https:\\\/\\\/centrourbano.com\\\/revista\\\/wp-content\\\/uploads\\\/web_CU_logo-1.png\",\"contentUrl\":\"https:\\\/\\\/centrourbano.com\\\/revista\\\/wp-content\\\/uploads\\\/web_CU_logo-1.png\",\"width\":350,\"height\":91,\"caption\":\"Centro Urbano\"},\"image\":{\"@id\":\"https:\\\/\\\/centrourbano.com\\\/revista\\\/#\\\/schema\\\/logo\\\/image\\\/\"},\"sameAs\":[\"https:\\\/\\\/www.facebook.com\\\/portalcentrourbano\",\"https:\\\/\\\/x.com\\\/CentroUrbano\",\"https:\\\/\\\/www.instagram.com\\\/centro_urbano\\\/\",\"https:\\\/\\\/www.linkedin.com\\\/company\\\/centro-urbano\\\/\",\"http:\\\/\\\/www.youtube.com\\\/user\\\/portalcentrourbano\"]},{\"@type\":\"Person\",\"@id\":\"https:\\\/\\\/centrourbano.com\\\/revista\\\/#\\\/schema\\\/person\\\/207bdd416403fb71861b6cbfa8216b95\",\"name\":\"Aar\u00f3n Ram\u00edrez\",\"image\":{\"@type\":\"ImageObject\",\"inLanguage\":\"es\",\"@id\":\"https:\\\/\\\/secure.gravatar.com\\\/avatar\\\/a3abd3e37314905e5256eb67bf9c35ee2bb846a29a2ac87a048db8c78a89b0b9?s=96&d=mm&r=g\",\"url\":\"https:\\\/\\\/secure.gravatar.com\\\/avatar\\\/a3abd3e37314905e5256eb67bf9c35ee2bb846a29a2ac87a048db8c78a89b0b9?s=96&d=mm&r=g\",\"contentUrl\":\"https:\\\/\\\/secure.gravatar.com\\\/avatar\\\/a3abd3e37314905e5256eb67bf9c35ee2bb846a29a2ac87a048db8c78a89b0b9?s=96&d=mm&r=g\",\"caption\":\"Aar\u00f3n Ram\u00edrez\"},\"description\":\"Becario Editorial en Centro Urbano. Soy estudiante de la Licenciatura en Comunicaci\u00f3n por la Facultad de Estudios Superiores (FES) Acatl\u00e1n. Apasionado de la m\u00fasica, el cine y la cultura. Me interesa la creaci\u00f3n de contenidos period\u00edsticos multimedia para diversas plataformas.\",\"url\":\"https:\\\/\\\/centrourbano.com\\\/revista\\\/author\\\/aaron-ramirez\\\/\"}]}<\/script>\n<!-- \/ Yoast SEO plugin. -->","yoast_head_json":{"title":"Exponen valor est\u00e9tico de casas de Diego Rivera y Frida Kahlo","description":"Dos generaciones de la familia Kahlo lograron reunirse de nuevo en la m\u00edtica Casa Estudio Diego Rivera y Frida Kahlo. La Secretar\u00eda de Cultura","robots":{"index":"index","follow":"follow","max-snippet":"max-snippet:-1","max-image-preview":"max-image-preview:large","max-video-preview":"max-video-preview:-1"},"canonical":"https:\/\/centrourbano.com\/revista\/arquitectura-2\/exponen-valor-de-casas-que-ogorman-diseno-para-diego-rivera-y-frida-kahlo\/","og_locale":"es_ES","og_type":"article","og_title":"Exponen valor est\u00e9tico de casas de Diego Rivera y Frida Kahlo","og_description":"Dos generaciones de la familia Kahlo lograron reunirse de nuevo en la m\u00edtica Casa Estudio Diego Rivera y Frida Kahlo. La Secretar\u00eda de Cultura","og_url":"https:\/\/centrourbano.com\/revista\/arquitectura-2\/exponen-valor-de-casas-que-ogorman-diseno-para-diego-rivera-y-frida-kahlo\/","og_site_name":"Centro Urbano","article_publisher":"https:\/\/www.facebook.com\/portalcentrourbano","article_published_time":"2021-04-09T19:19:34+00:00","article_modified_time":"2021-04-09T19:21:52+00:00","og_image":[{"width":1191,"height":1191,"url":"https:\/\/centrourbano.com\/revista\/wp-content\/uploads\/EyPk0QfWEAI3FXw.jpeg","type":"image\/jpeg"}],"author":"Aar\u00f3n Ram\u00edrez","twitter_card":"summary_large_image","twitter_creator":"@CentroUrbano","twitter_site":"@CentroUrbano","twitter_misc":{"Escrito por":"Aar\u00f3n Ram\u00edrez","Tiempo de lectura":"3 minutos"},"schema":{"@context":"https:\/\/schema.org","@graph":[{"@type":"Article","@id":"https:\/\/centrourbano.com\/revista\/arquitectura-2\/exponen-valor-de-casas-que-ogorman-diseno-para-diego-rivera-y-frida-kahlo\/#article","isPartOf":{"@id":"https:\/\/centrourbano.com\/revista\/arquitectura-2\/exponen-valor-de-casas-que-ogorman-diseno-para-diego-rivera-y-frida-kahlo\/"},"author":{"name":"Aar\u00f3n Ram\u00edrez","@id":"https:\/\/centrourbano.com\/revista\/#\/schema\/person\/207bdd416403fb71861b6cbfa8216b95"},"headline":"Exponen valor de casas que O\u2019Gorman dise\u00f1\u00f3 para Diego Rivera y Frida Kahlo","datePublished":"2021-04-09T19:19:34+00:00","dateModified":"2021-04-09T19:21:52+00:00","mainEntityOfPage":{"@id":"https:\/\/centrourbano.com\/revista\/arquitectura-2\/exponen-valor-de-casas-que-ogorman-diseno-para-diego-rivera-y-frida-kahlo\/"},"wordCount":662,"commentCount":0,"publisher":{"@id":"https:\/\/centrourbano.com\/revista\/#organization"},"image":{"@id":"https:\/\/centrourbano.com\/revista\/arquitectura-2\/exponen-valor-de-casas-que-ogorman-diseno-para-diego-rivera-y-frida-kahlo\/#primaryimage"},"thumbnailUrl":"https:\/\/centrourbano.com\/revista\/wp-content\/uploads\/EyPk0QfWEAI3FXw.jpeg","keywords":["Casa Estudio Diego Rivera y Frida Kahlo","Cultura","exposici\u00f3n","fotograf\u00eda","INBAL","museos","Secretar\u00eda de Cultura"],"articleSection":["Agenda","Arquitectura","Exposiciones"],"inLanguage":"es","potentialAction":[{"@type":"CommentAction","name":"Comment","target":["https:\/\/centrourbano.com\/revista\/arquitectura-2\/exponen-valor-de-casas-que-ogorman-diseno-para-diego-rivera-y-frida-kahlo\/#respond"]}]},{"@type":"WebPage","@id":"https:\/\/centrourbano.com\/revista\/arquitectura-2\/exponen-valor-de-casas-que-ogorman-diseno-para-diego-rivera-y-frida-kahlo\/","url":"https:\/\/centrourbano.com\/revista\/arquitectura-2\/exponen-valor-de-casas-que-ogorman-diseno-para-diego-rivera-y-frida-kahlo\/","name":"Exponen valor est\u00e9tico de casas de Diego Rivera y Frida Kahlo","isPartOf":{"@id":"https:\/\/centrourbano.com\/revista\/#website"},"primaryImageOfPage":{"@id":"https:\/\/centrourbano.com\/revista\/arquitectura-2\/exponen-valor-de-casas-que-ogorman-diseno-para-diego-rivera-y-frida-kahlo\/#primaryimage"},"image":{"@id":"https:\/\/centrourbano.com\/revista\/arquitectura-2\/exponen-valor-de-casas-que-ogorman-diseno-para-diego-rivera-y-frida-kahlo\/#primaryimage"},"thumbnailUrl":"https:\/\/centrourbano.com\/revista\/wp-content\/uploads\/EyPk0QfWEAI3FXw.jpeg","datePublished":"2021-04-09T19:19:34+00:00","dateModified":"2021-04-09T19:21:52+00:00","description":"Dos generaciones de la familia Kahlo lograron reunirse de nuevo en la m\u00edtica Casa Estudio Diego Rivera y Frida Kahlo. La Secretar\u00eda de Cultura","breadcrumb":{"@id":"https:\/\/centrourbano.com\/revista\/arquitectura-2\/exponen-valor-de-casas-que-ogorman-diseno-para-diego-rivera-y-frida-kahlo\/#breadcrumb"},"inLanguage":"es","potentialAction":[{"@type":"ReadAction","target":["https:\/\/centrourbano.com\/revista\/arquitectura-2\/exponen-valor-de-casas-que-ogorman-diseno-para-diego-rivera-y-frida-kahlo\/"]}]},{"@type":"ImageObject","inLanguage":"es","@id":"https:\/\/centrourbano.com\/revista\/arquitectura-2\/exponen-valor-de-casas-que-ogorman-diseno-para-diego-rivera-y-frida-kahlo\/#primaryimage","url":"https:\/\/centrourbano.com\/revista\/wp-content\/uploads\/EyPk0QfWEAI3FXw.jpeg","contentUrl":"https:\/\/centrourbano.com\/revista\/wp-content\/uploads\/EyPk0QfWEAI3FXw.jpeg","width":1191,"height":1191,"caption":"Dos generaciones de la familia Kahlo se re\u00fanen en la Casa Estudio Diego Rivera"},{"@type":"BreadcrumbList","@id":"https:\/\/centrourbano.com\/revista\/arquitectura-2\/exponen-valor-de-casas-que-ogorman-diseno-para-diego-rivera-y-frida-kahlo\/#breadcrumb","itemListElement":[{"@type":"ListItem","position":1,"name":"Portada","item":"https:\/\/centrourbano.com\/revista\/"},{"@type":"ListItem","position":2,"name":"Exponen valor de casas que O\u2019Gorman dise\u00f1\u00f3 para Diego Rivera y Frida Kahlo"}]},{"@type":"WebSite","@id":"https:\/\/centrourbano.com\/revista\/#website","url":"https:\/\/centrourbano.com\/revista\/","name":"Centro Urbano","description":"Medio especializado en los sectores vivienda, inmobiliario, construcci\u00f3n, arquitectura y urbanismo.","publisher":{"@id":"https:\/\/centrourbano.com\/revista\/#organization"},"potentialAction":[{"@type":"SearchAction","target":{"@type":"EntryPoint","urlTemplate":"https:\/\/centrourbano.com\/revista\/?s={search_term_string}"},"query-input":{"@type":"PropertyValueSpecification","valueRequired":true,"valueName":"search_term_string"}}],"inLanguage":"es"},{"@type":"Organization","@id":"https:\/\/centrourbano.com\/revista\/#organization","name":"Centro Urbano","url":"https:\/\/centrourbano.com\/revista\/","logo":{"@type":"ImageObject","inLanguage":"es","@id":"https:\/\/centrourbano.com\/revista\/#\/schema\/logo\/image\/","url":"https:\/\/centrourbano.com\/revista\/wp-content\/uploads\/web_CU_logo-1.png","contentUrl":"https:\/\/centrourbano.com\/revista\/wp-content\/uploads\/web_CU_logo-1.png","width":350,"height":91,"caption":"Centro Urbano"},"image":{"@id":"https:\/\/centrourbano.com\/revista\/#\/schema\/logo\/image\/"},"sameAs":["https:\/\/www.facebook.com\/portalcentrourbano","https:\/\/x.com\/CentroUrbano","https:\/\/www.instagram.com\/centro_urbano\/","https:\/\/www.linkedin.com\/company\/centro-urbano\/","http:\/\/www.youtube.com\/user\/portalcentrourbano"]},{"@type":"Person","@id":"https:\/\/centrourbano.com\/revista\/#\/schema\/person\/207bdd416403fb71861b6cbfa8216b95","name":"Aar\u00f3n Ram\u00edrez","image":{"@type":"ImageObject","inLanguage":"es","@id":"https:\/\/secure.gravatar.com\/avatar\/a3abd3e37314905e5256eb67bf9c35ee2bb846a29a2ac87a048db8c78a89b0b9?s=96&d=mm&r=g","url":"https:\/\/secure.gravatar.com\/avatar\/a3abd3e37314905e5256eb67bf9c35ee2bb846a29a2ac87a048db8c78a89b0b9?s=96&d=mm&r=g","contentUrl":"https:\/\/secure.gravatar.com\/avatar\/a3abd3e37314905e5256eb67bf9c35ee2bb846a29a2ac87a048db8c78a89b0b9?s=96&d=mm&r=g","caption":"Aar\u00f3n Ram\u00edrez"},"description":"Becario Editorial en Centro Urbano. Soy estudiante de la Licenciatura en Comunicaci\u00f3n por la Facultad de Estudios Superiores (FES) Acatl\u00e1n. Apasionado de la m\u00fasica, el cine y la cultura. Me interesa la creaci\u00f3n de contenidos period\u00edsticos multimedia para diversas plataformas.","url":"https:\/\/centrourbano.com\/revista\/author\/aaron-ramirez\/"}]}},"_links":{"self":[{"href":"https:\/\/centrourbano.com\/revista\/wp-json\/wp\/v2\/posts\/115579","targetHints":{"allow":["GET"]}}],"collection":[{"href":"https:\/\/centrourbano.com\/revista\/wp-json\/wp\/v2\/posts"}],"about":[{"href":"https:\/\/centrourbano.com\/revista\/wp-json\/wp\/v2\/types\/post"}],"author":[{"embeddable":true,"href":"https:\/\/centrourbano.com\/revista\/wp-json\/wp\/v2\/users\/78"}],"replies":[{"embeddable":true,"href":"https:\/\/centrourbano.com\/revista\/wp-json\/wp\/v2\/comments?post=115579"}],"version-history":[{"count":8,"href":"https:\/\/centrourbano.com\/revista\/wp-json\/wp\/v2\/posts\/115579\/revisions"}],"predecessor-version":[{"id":115621,"href":"https:\/\/centrourbano.com\/revista\/wp-json\/wp\/v2\/posts\/115579\/revisions\/115621"}],"wp:featuredmedia":[{"embeddable":true,"href":"https:\/\/centrourbano.com\/revista\/wp-json\/wp\/v2\/media\/115580"}],"wp:attachment":[{"href":"https:\/\/centrourbano.com\/revista\/wp-json\/wp\/v2\/media?parent=115579"}],"wp:term":[{"taxonomy":"category","embeddable":true,"href":"https:\/\/centrourbano.com\/revista\/wp-json\/wp\/v2\/categories?post=115579"},{"taxonomy":"post_tag","embeddable":true,"href":"https:\/\/centrourbano.com\/revista\/wp-json\/wp\/v2\/tags?post=115579"}],"curies":[{"name":"wp","href":"https:\/\/api.w.org\/{rel}","templated":true}]}}