{"id":11502,"date":"2014-10-13T12:30:37","date_gmt":"2014-10-13T17:30:37","guid":{"rendered":"http:\/\/centrourbano.com\/?p=11502"},"modified":"2014-10-13T12:30:37","modified_gmt":"2014-10-13T17:30:37","slug":"la-construccion-de-vivienda-aumento-3-7-sedatu","status":"publish","type":"post","link":"https:\/\/centrourbano.com\/revista\/vivienda\/la-construccion-de-vivienda-aumento-3-7-sedatu\/","title":{"rendered":"La construcci\u00f3n de vivienda aument\u00f3 3.7%: Sedatu"},"content":{"rendered":"<p>&nbsp;<\/p>\n<p><em>Jorge Carlos Ram\u00edrez Mar\u00edn asegura que se han ejercido cerca de 10 mil millones de pesos en subsidios para vivienda y cerrar\u00e1n con 12 mil 500<\/em><!--more--><\/p>\n<p>Jorge Carlos Ram\u00edrez Mar\u00edn, secretario de Desarrollo Agrario, Territorial y Urbano afirm\u00f3 que el Registro \u00danico de Vivienda (RUV) report\u00f3 un aumento del 22% en la construcci\u00f3n de casas con respecto a octubre de 2013, por lo que espera cerrar muy bien el a\u00f1o con m\u00e1s de 400 mil viviendas nuevas en el pa\u00eds.<\/p>\n<p>\u201cHoy la construcci\u00f3n de vivienda registra un crecimiento del 3.7%, de manera que se est\u00e1 cumpliendo el objetivo del Gobierno Federal de no s\u00f3lo hacer m\u00e1s casas sino de hacerlas con una mayor calidad\u201d, dijo el titular de la Sedatu durante la Expo Vivienda 2014, que se llev\u00f3 a cabo en el Centro de Convenciones Siglo XXI de Yucat\u00e1n y que fue organizada por la Canadevi Nacional.<\/p>\n<p>Ram\u00edrez Mar\u00edn afirm\u00f3 que a la fecha, llevan ejercidos poco menos de 10 mil millones de pesos en subsidios para vivienda y cerrar\u00e1n el a\u00f1o con 12 mil 500 millones, un monto sin precedente en este rubro.<\/p>\n<p>Se indic\u00f3 que hay tres factores que influyen en la buena marcha del sector vivienda: El monto de los cr\u00e9ditos del Infonavit aumentaron de 500 mil a 900 mil pesos para comprar una casa; los cr\u00e9ditos se pagan en pesos en vez de salarios m\u00ednimos y el monto como las mensualidades se congelan, y el otorgar mayor puntaje a los derechohabientes incentiva a los desarrolladores.<\/p>\n<p>&nbsp;<\/p>\n<p>&nbsp;<\/p>\n","protected":false},"excerpt":{"rendered":"<p>&nbsp; Jorge Carlos Ram\u00edrez Mar\u00edn asegura que se han ejercido cerca de 10 mil millones de pesos en subsidios para vivienda y cerrar\u00e1n con 12 mil 500<\/p>\n","protected":false},"author":77,"featured_media":0,"comment_status":"open","ping_status":"closed","sticky":false,"template":"","format":"standard","meta":{"inline_featured_image":false,"footnotes":""},"categories":[12],"tags":[3344,540,104,105,60],"class_list":["post-11502","post","type-post","status-publish","format-standard","hentry","category-vivienda","tag-construccion-vivienda","tag-jorge-carlos-ramirez-marin","tag-ruv","tag-sedatu","tag-vivienda-2"],"yoast_head":"<!-- This site is optimized with the Yoast SEO plugin v28.4 - https:\/\/yoast.com\/product\/yoast-seo-wordpress\/ -->\n<title>La construcci\u00f3n de vivienda aument\u00f3 3.7%: Sedatu -<\/title>\n<meta name=\"description\" content=\"&nbsp; Jorge Carlos Ram\u00edrez Mar\u00edn asegura que se han ejercido cerca de 10 mil millones de pesos en subsidios para vivienda y cerrar\u00e1n con 12 mil 500 Jorge\" \/>\n<meta name=\"robots\" content=\"index, follow, max-snippet:-1, max-image-preview:large, max-video-preview:-1\" \/>\n<link rel=\"canonical\" href=\"https:\/\/centrourbano.com\/revista\/vivienda\/la-construccion-de-vivienda-aumento-3-7-sedatu\/\" \/>\n<meta property=\"og:locale\" content=\"es_ES\" \/>\n<meta property=\"og:type\" content=\"article\" \/>\n<meta property=\"og:title\" content=\"La construcci\u00f3n de vivienda aument\u00f3 3.7%: Sedatu -\" \/>\n<meta property=\"og:description\" content=\"&nbsp; Jorge Carlos Ram\u00edrez Mar\u00edn asegura que se han ejercido cerca de 10 mil millones de pesos en subsidios para vivienda y cerrar\u00e1n con 12 mil 500 Jorge\" \/>\n<meta property=\"og:url\" content=\"https:\/\/centrourbano.com\/revista\/vivienda\/la-construccion-de-vivienda-aumento-3-7-sedatu\/\" \/>\n<meta property=\"og:site_name\" content=\"Centro Urbano\" \/>\n<meta property=\"article:publisher\" content=\"https:\/\/www.facebook.com\/portalcentrourbano\" \/>\n<meta property=\"article:published_time\" content=\"2014-10-13T17:30:37+00:00\" \/>\n<meta property=\"og:image\" content=\"https:\/\/centrourbano.com\/revista\/wp-content\/uploads\/CU-logo.png\" \/>\n\t<meta property=\"og:image:width\" content=\"350\" \/>\n\t<meta property=\"og:image:height\" content=\"91\" \/>\n\t<meta property=\"og:image:type\" content=\"image\/png\" \/>\n<meta name=\"author\" content=\"G4A\" \/>\n<meta name=\"twitter:card\" content=\"summary_large_image\" \/>\n<meta name=\"twitter:creator\" content=\"@CentroUrbano\" \/>\n<meta name=\"twitter:site\" content=\"@CentroUrbano\" \/>\n<meta name=\"twitter:label1\" content=\"Escrito por\" \/>\n\t<meta name=\"twitter:data1\" content=\"G4A\" \/>\n\t<meta name=\"twitter:label2\" content=\"Tiempo de lectura\" \/>\n\t<meta name=\"twitter:data2\" content=\"1 minuto\" \/>\n<script type=\"application\/ld+json\" class=\"yoast-schema-graph\">{\"@context\":\"https:\\\/\\\/schema.org\",\"@graph\":[{\"@type\":\"Article\",\"@id\":\"https:\\\/\\\/centrourbano.com\\\/revista\\\/vivienda\\\/la-construccion-de-vivienda-aumento-3-7-sedatu\\\/#article\",\"isPartOf\":{\"@id\":\"https:\\\/\\\/centrourbano.com\\\/revista\\\/vivienda\\\/la-construccion-de-vivienda-aumento-3-7-sedatu\\\/\"},\"author\":{\"name\":\"G4A\",\"@id\":\"https:\\\/\\\/centrourbano.com\\\/revista\\\/#\\\/schema\\\/person\\\/370fa0ba2d8dd5bde3fdb8b62ad360aa\"},\"headline\":\"La construcci\u00f3n de vivienda aument\u00f3 3.7%: Sedatu\",\"datePublished\":\"2014-10-13T17:30:37+00:00\",\"mainEntityOfPage\":{\"@id\":\"https:\\\/\\\/centrourbano.com\\\/revista\\\/vivienda\\\/la-construccion-de-vivienda-aumento-3-7-sedatu\\\/\"},\"wordCount\":266,\"commentCount\":0,\"publisher\":{\"@id\":\"https:\\\/\\\/centrourbano.com\\\/revista\\\/#organization\"},\"keywords\":[\"construccion vivienda\",\"Jorge Carlos Ram\u00edrez Mar\u00edn\",\"RUV\",\"Sedatu\",\"vivienda\"],\"articleSection\":[\"Vivienda\"],\"inLanguage\":\"es\"},{\"@type\":\"WebPage\",\"@id\":\"https:\\\/\\\/centrourbano.com\\\/revista\\\/vivienda\\\/la-construccion-de-vivienda-aumento-3-7-sedatu\\\/\",\"url\":\"https:\\\/\\\/centrourbano.com\\\/revista\\\/vivienda\\\/la-construccion-de-vivienda-aumento-3-7-sedatu\\\/\",\"name\":\"La construcci\u00f3n de vivienda aument\u00f3 3.7%: Sedatu -\",\"isPartOf\":{\"@id\":\"https:\\\/\\\/centrourbano.com\\\/revista\\\/#website\"},\"datePublished\":\"2014-10-13T17:30:37+00:00\",\"description\":\"&nbsp; Jorge Carlos Ram\u00edrez Mar\u00edn asegura que se han ejercido cerca de 10 mil millones de pesos en subsidios para vivienda y cerrar\u00e1n con 12 mil 500 Jorge\",\"breadcrumb\":{\"@id\":\"https:\\\/\\\/centrourbano.com\\\/revista\\\/vivienda\\\/la-construccion-de-vivienda-aumento-3-7-sedatu\\\/#breadcrumb\"},\"inLanguage\":\"es\",\"potentialAction\":[{\"@type\":\"ReadAction\",\"target\":[\"https:\\\/\\\/centrourbano.com\\\/revista\\\/vivienda\\\/la-construccion-de-vivienda-aumento-3-7-sedatu\\\/\"]}]},{\"@type\":\"BreadcrumbList\",\"@id\":\"https:\\\/\\\/centrourbano.com\\\/revista\\\/vivienda\\\/la-construccion-de-vivienda-aumento-3-7-sedatu\\\/#breadcrumb\",\"itemListElement\":[{\"@type\":\"ListItem\",\"position\":1,\"name\":\"Portada\",\"item\":\"https:\\\/\\\/centrourbano.com\\\/revista\\\/\"},{\"@type\":\"ListItem\",\"position\":2,\"name\":\"La construcci\u00f3n de vivienda aument\u00f3 3.7%: Sedatu\"}]},{\"@type\":\"WebSite\",\"@id\":\"https:\\\/\\\/centrourbano.com\\\/revista\\\/#website\",\"url\":\"https:\\\/\\\/centrourbano.com\\\/revista\\\/\",\"name\":\"Centro Urbano\",\"description\":\"Medio especializado en los sectores vivienda, inmobiliario, construcci\u00f3n, arquitectura y urbanismo.\",\"publisher\":{\"@id\":\"https:\\\/\\\/centrourbano.com\\\/revista\\\/#organization\"},\"potentialAction\":[{\"@type\":\"SearchAction\",\"target\":{\"@type\":\"EntryPoint\",\"urlTemplate\":\"https:\\\/\\\/centrourbano.com\\\/revista\\\/?s={search_term_string}\"},\"query-input\":{\"@type\":\"PropertyValueSpecification\",\"valueRequired\":true,\"valueName\":\"search_term_string\"}}],\"inLanguage\":\"es\"},{\"@type\":\"Organization\",\"@id\":\"https:\\\/\\\/centrourbano.com\\\/revista\\\/#organization\",\"name\":\"Centro Urbano\",\"url\":\"https:\\\/\\\/centrourbano.com\\\/revista\\\/\",\"logo\":{\"@type\":\"ImageObject\",\"inLanguage\":\"es\",\"@id\":\"https:\\\/\\\/centrourbano.com\\\/revista\\\/#\\\/schema\\\/logo\\\/image\\\/\",\"url\":\"https:\\\/\\\/centrourbano.com\\\/revista\\\/wp-content\\\/uploads\\\/web_CU_logo-1.png\",\"contentUrl\":\"https:\\\/\\\/centrourbano.com\\\/revista\\\/wp-content\\\/uploads\\\/web_CU_logo-1.png\",\"width\":350,\"height\":91,\"caption\":\"Centro Urbano\"},\"image\":{\"@id\":\"https:\\\/\\\/centrourbano.com\\\/revista\\\/#\\\/schema\\\/logo\\\/image\\\/\"},\"sameAs\":[\"https:\\\/\\\/www.facebook.com\\\/portalcentrourbano\",\"https:\\\/\\\/x.com\\\/CentroUrbano\",\"https:\\\/\\\/www.instagram.com\\\/centro_urbano\\\/\",\"https:\\\/\\\/www.linkedin.com\\\/company\\\/centro-urbano\\\/\",\"http:\\\/\\\/www.youtube.com\\\/user\\\/portalcentrourbano\"]},{\"@type\":\"Person\",\"@id\":\"https:\\\/\\\/centrourbano.com\\\/revista\\\/#\\\/schema\\\/person\\\/370fa0ba2d8dd5bde3fdb8b62ad360aa\",\"name\":\"G4A\",\"image\":{\"@type\":\"ImageObject\",\"inLanguage\":\"es\",\"@id\":\"https:\\\/\\\/secure.gravatar.com\\\/avatar\\\/932a97121b13d5de5bbd8193c6c83d3b92c9eda0f39623607d4280e7a5778d97?s=96&d=mm&r=g\",\"url\":\"https:\\\/\\\/secure.gravatar.com\\\/avatar\\\/932a97121b13d5de5bbd8193c6c83d3b92c9eda0f39623607d4280e7a5778d97?s=96&d=mm&r=g\",\"contentUrl\":\"https:\\\/\\\/secure.gravatar.com\\\/avatar\\\/932a97121b13d5de5bbd8193c6c83d3b92c9eda0f39623607d4280e7a5778d97?s=96&d=mm&r=g\",\"caption\":\"G4A\"},\"url\":\"https:\\\/\\\/centrourbano.com\\\/revista\\\/author\\\/admin-g4a\\\/\"}]}<\/script>\n<!-- \/ Yoast SEO plugin. -->","yoast_head_json":{"title":"La construcci\u00f3n de vivienda aument\u00f3 3.7%: Sedatu -","description":"&nbsp; Jorge Carlos Ram\u00edrez Mar\u00edn asegura que se han ejercido cerca de 10 mil millones de pesos en subsidios para vivienda y cerrar\u00e1n con 12 mil 500 Jorge","robots":{"index":"index","follow":"follow","max-snippet":"max-snippet:-1","max-image-preview":"max-image-preview:large","max-video-preview":"max-video-preview:-1"},"canonical":"https:\/\/centrourbano.com\/revista\/vivienda\/la-construccion-de-vivienda-aumento-3-7-sedatu\/","og_locale":"es_ES","og_type":"article","og_title":"La construcci\u00f3n de vivienda aument\u00f3 3.7%: Sedatu -","og_description":"&nbsp; Jorge Carlos Ram\u00edrez Mar\u00edn asegura que se han ejercido cerca de 10 mil millones de pesos en subsidios para vivienda y cerrar\u00e1n con 12 mil 500 Jorge","og_url":"https:\/\/centrourbano.com\/revista\/vivienda\/la-construccion-de-vivienda-aumento-3-7-sedatu\/","og_site_name":"Centro Urbano","article_publisher":"https:\/\/www.facebook.com\/portalcentrourbano","article_published_time":"2014-10-13T17:30:37+00:00","og_image":[{"width":350,"height":91,"url":"https:\/\/centrourbano.com\/revista\/wp-content\/uploads\/CU-logo.png","type":"image\/png"}],"author":"G4A","twitter_card":"summary_large_image","twitter_creator":"@CentroUrbano","twitter_site":"@CentroUrbano","twitter_misc":{"Escrito por":"G4A","Tiempo de lectura":"1 minuto"},"schema":{"@context":"https:\/\/schema.org","@graph":[{"@type":"Article","@id":"https:\/\/centrourbano.com\/revista\/vivienda\/la-construccion-de-vivienda-aumento-3-7-sedatu\/#article","isPartOf":{"@id":"https:\/\/centrourbano.com\/revista\/vivienda\/la-construccion-de-vivienda-aumento-3-7-sedatu\/"},"author":{"name":"G4A","@id":"https:\/\/centrourbano.com\/revista\/#\/schema\/person\/370fa0ba2d8dd5bde3fdb8b62ad360aa"},"headline":"La construcci\u00f3n de vivienda aument\u00f3 3.7%: Sedatu","datePublished":"2014-10-13T17:30:37+00:00","mainEntityOfPage":{"@id":"https:\/\/centrourbano.com\/revista\/vivienda\/la-construccion-de-vivienda-aumento-3-7-sedatu\/"},"wordCount":266,"commentCount":0,"publisher":{"@id":"https:\/\/centrourbano.com\/revista\/#organization"},"keywords":["construccion vivienda","Jorge Carlos Ram\u00edrez Mar\u00edn","RUV","Sedatu","vivienda"],"articleSection":["Vivienda"],"inLanguage":"es"},{"@type":"WebPage","@id":"https:\/\/centrourbano.com\/revista\/vivienda\/la-construccion-de-vivienda-aumento-3-7-sedatu\/","url":"https:\/\/centrourbano.com\/revista\/vivienda\/la-construccion-de-vivienda-aumento-3-7-sedatu\/","name":"La construcci\u00f3n de vivienda aument\u00f3 3.7%: Sedatu -","isPartOf":{"@id":"https:\/\/centrourbano.com\/revista\/#website"},"datePublished":"2014-10-13T17:30:37+00:00","description":"&nbsp; Jorge Carlos Ram\u00edrez Mar\u00edn asegura que se han ejercido cerca de 10 mil millones de pesos en subsidios para vivienda y cerrar\u00e1n con 12 mil 500 Jorge","breadcrumb":{"@id":"https:\/\/centrourbano.com\/revista\/vivienda\/la-construccion-de-vivienda-aumento-3-7-sedatu\/#breadcrumb"},"inLanguage":"es","potentialAction":[{"@type":"ReadAction","target":["https:\/\/centrourbano.com\/revista\/vivienda\/la-construccion-de-vivienda-aumento-3-7-sedatu\/"]}]},{"@type":"BreadcrumbList","@id":"https:\/\/centrourbano.com\/revista\/vivienda\/la-construccion-de-vivienda-aumento-3-7-sedatu\/#breadcrumb","itemListElement":[{"@type":"ListItem","position":1,"name":"Portada","item":"https:\/\/centrourbano.com\/revista\/"},{"@type":"ListItem","position":2,"name":"La construcci\u00f3n de vivienda aument\u00f3 3.7%: Sedatu"}]},{"@type":"WebSite","@id":"https:\/\/centrourbano.com\/revista\/#website","url":"https:\/\/centrourbano.com\/revista\/","name":"Centro Urbano","description":"Medio especializado en los sectores vivienda, inmobiliario, construcci\u00f3n, arquitectura y urbanismo.","publisher":{"@id":"https:\/\/centrourbano.com\/revista\/#organization"},"potentialAction":[{"@type":"SearchAction","target":{"@type":"EntryPoint","urlTemplate":"https:\/\/centrourbano.com\/revista\/?s={search_term_string}"},"query-input":{"@type":"PropertyValueSpecification","valueRequired":true,"valueName":"search_term_string"}}],"inLanguage":"es"},{"@type":"Organization","@id":"https:\/\/centrourbano.com\/revista\/#organization","name":"Centro Urbano","url":"https:\/\/centrourbano.com\/revista\/","logo":{"@type":"ImageObject","inLanguage":"es","@id":"https:\/\/centrourbano.com\/revista\/#\/schema\/logo\/image\/","url":"https:\/\/centrourbano.com\/revista\/wp-content\/uploads\/web_CU_logo-1.png","contentUrl":"https:\/\/centrourbano.com\/revista\/wp-content\/uploads\/web_CU_logo-1.png","width":350,"height":91,"caption":"Centro Urbano"},"image":{"@id":"https:\/\/centrourbano.com\/revista\/#\/schema\/logo\/image\/"},"sameAs":["https:\/\/www.facebook.com\/portalcentrourbano","https:\/\/x.com\/CentroUrbano","https:\/\/www.instagram.com\/centro_urbano\/","https:\/\/www.linkedin.com\/company\/centro-urbano\/","http:\/\/www.youtube.com\/user\/portalcentrourbano"]},{"@type":"Person","@id":"https:\/\/centrourbano.com\/revista\/#\/schema\/person\/370fa0ba2d8dd5bde3fdb8b62ad360aa","name":"G4A","image":{"@type":"ImageObject","inLanguage":"es","@id":"https:\/\/secure.gravatar.com\/avatar\/932a97121b13d5de5bbd8193c6c83d3b92c9eda0f39623607d4280e7a5778d97?s=96&d=mm&r=g","url":"https:\/\/secure.gravatar.com\/avatar\/932a97121b13d5de5bbd8193c6c83d3b92c9eda0f39623607d4280e7a5778d97?s=96&d=mm&r=g","contentUrl":"https:\/\/secure.gravatar.com\/avatar\/932a97121b13d5de5bbd8193c6c83d3b92c9eda0f39623607d4280e7a5778d97?s=96&d=mm&r=g","caption":"G4A"},"url":"https:\/\/centrourbano.com\/revista\/author\/admin-g4a\/"}]}},"_links":{"self":[{"href":"https:\/\/centrourbano.com\/revista\/wp-json\/wp\/v2\/posts\/11502","targetHints":{"allow":["GET"]}}],"collection":[{"href":"https:\/\/centrourbano.com\/revista\/wp-json\/wp\/v2\/posts"}],"about":[{"href":"https:\/\/centrourbano.com\/revista\/wp-json\/wp\/v2\/types\/post"}],"author":[{"embeddable":true,"href":"https:\/\/centrourbano.com\/revista\/wp-json\/wp\/v2\/users\/77"}],"replies":[{"embeddable":true,"href":"https:\/\/centrourbano.com\/revista\/wp-json\/wp\/v2\/comments?post=11502"}],"version-history":[{"count":0,"href":"https:\/\/centrourbano.com\/revista\/wp-json\/wp\/v2\/posts\/11502\/revisions"}],"wp:attachment":[{"href":"https:\/\/centrourbano.com\/revista\/wp-json\/wp\/v2\/media?parent=11502"}],"wp:term":[{"taxonomy":"category","embeddable":true,"href":"https:\/\/centrourbano.com\/revista\/wp-json\/wp\/v2\/categories?post=11502"},{"taxonomy":"post_tag","embeddable":true,"href":"https:\/\/centrourbano.com\/revista\/wp-json\/wp\/v2\/tags?post=11502"}],"curies":[{"name":"wp","href":"https:\/\/api.w.org\/{rel}","templated":true}]}}