{"id":115000,"date":"2021-03-09T12:30:57","date_gmt":"2021-03-09T18:30:57","guid":{"rendered":"https:\/\/centrourbano.com\/?p=115000"},"modified":"2021-03-09T15:06:53","modified_gmt":"2021-03-09T21:06:53","slug":"43-del-parque-habitacional-se-localiza-alejado-de-centros-de-poblacion","status":"publish","type":"post","link":"https:\/\/centrourbano.com\/revista\/vivienda\/43-del-parque-habitacional-se-localiza-alejado-de-centros-de-poblacion\/","title":{"rendered":"43% del parque habitacional se localiza alejado de centros de poblaci\u00f3n"},"content":{"rendered":"<p><em>El titular de Sedatu se\u00f1al\u00f3 que la visi\u00f3n mercantilista impulsada sobre la vivienda, produjo que las casas econ\u00f3micas y populares situadas en zonas alejados y sin servicios disminuyeran su valor hasta 9%<\/em><!--more--><\/p>\n<p>La <strong>visi\u00f3n mercantilista<\/strong> impulsada sobre la vivienda deriv\u00f3 en que <strong>43% del parque habitacional construido en las dos \u00faltimas d\u00e9cadas<\/strong> se ubique fuera de las ciudades, alejadas de los centros de poblaci\u00f3n, se\u00f1al\u00f3 <strong>Rom\u00e1n Meyer Falc\u00f3n<\/strong>, titular de la Sedatu.<\/p>\n<p>Al participar en la ceremonia inaugural del <strong>XXXI <a href=\"https:\/\/www.facebook.com\/portalcentrourbano\/videos\/435801904397281\/\" target=\"_blank\" rel=\"noopener noreferrer\">Encuentro Nacional de Vivienda<\/a><\/strong>, evento organizado por <a href=\"https:\/\/centrourbano.com\/2021\/03\/09\/canadevi-proyecta-construir-2021\/\" target=\"_blank\" rel=\"noopener noreferrer\">Canadevi<\/a>, el funcionario federal coment\u00f3 que la visi\u00f3n en torno a la vivienda impulsada entre 2000 y 2018, trajo estragos en la conformaci\u00f3n de las ciudades y la calidad de vida de las personas. Entre otras cosas, se\u00f1al\u00f3, se impuls\u00f3 un modelo de producci\u00f3n masiva, que deriv\u00f3 en fen\u00f3menos como el de la vivienda abandonada.<\/p>\n<p>Sobre el tema, expuso que <strong>37.5% del total de vivienda abandonada<\/strong> se localiza en los grandes conjuntos perif\u00e9ricos. Adem\u00e1s, apunt\u00f3, en este tipo de casos, las v<strong>iviendas econ\u00f3micas y populares han perdido 9% de valor<\/strong>.<\/p>\n<h4>Consecuencias<\/h4>\n<p>Por otro lado, indic\u00f3, el modelo <strong>expansivo de vivienda promovido por la administraci\u00f3n pasadas<\/strong>, ocasion\u00f3 el abandono de viviendas y p\u00e9rdida del patrimonio familiar. Un ejemplo, explic\u00f3, es que por cada vivienda abandonada sin subsidio, se abandonaron dos con subsidio.<\/p>\n<p>[quote]\u201cEstos nuevos conjuntos habitacionales que se conformaron en las \u00faltimas d\u00e9cadas se encuentran en las periferias. El patrimonio ha sido afectado. Vemos que hasta 9% se ha disminuido la plusval\u00eda en estas viviendas. Esto se suma al modelo de vivienda que estamos analizando\u201d, apunt\u00f3.[\/quote]<\/p>\n<p>En este sentido, a\u00f1adi\u00f3 que como parte de los efectos de este modelo de vivienda aplicado en las pasadas administraciones, las familias tienen que <strong>invertir una gran parte de su tiempo en trasladados<\/strong>. Al respecto, se\u00f1al\u00f3 que <strong>15.7% de los mexicanos invierte hasta 60 minutos para trasladarse de su casa al trabajo<\/strong>; adem\u00e1s que la poblaci\u00f3n gasta hasta <strong>20% de sus ingresos en el tema de transporte<\/strong>.<\/p>\n<p>Entre otras consecuencias, mencion\u00f3 que se ha dado una expansi\u00f3n de la mancha urbana. Con ello, indic\u00f3, las <strong>superficies urbanas han crecido 2.3 veces m\u00e1s r\u00e1pido<\/strong> que la poblaci\u00f3n en las ciudades.<\/p>\n<p>\u201cEstos temas est\u00e1n concatenados en este modelo expansivo de baja densidad y falta de usos mixtos, servicios y transporte\u201d, acot\u00f3.<\/p>\n<h4>Cambio en la visi\u00f3n de vivienda<\/h4>\n<p>Rom\u00e1n Meyer enfatiz\u00f3 que en la actual administraci\u00f3n se concret\u00f3 un cambio de modelo en la atenci\u00f3n al reto habitacional. Entre otras cosas, record\u00f3, se estableci\u00f3 como prioridad el impulso al modelo de autoproducci\u00f3n, as\u00ed como concentrar esfuerzos en detonar acciones de mejoramiento y ampliaci\u00f3n.<\/p>\n<p>Adem\u00e1s de lo anterior, dijo, para atender el problema de temas como la vivienda abandonada, la <strong>prioridad de la Sedatu<\/strong> se encuentra en emprender acciones para recuperar el entorno urbano.<\/p>\n","protected":false},"excerpt":{"rendered":"<p>El titular de Sedatu se\u00f1al\u00f3 que la visi\u00f3n mercantilista impulsada sobre la vivienda, produjo que las casas econ\u00f3micas y populares situadas en zonas alejados y sin servicios disminuyeran su valor hasta 9%<\/p>\n","protected":false},"author":47,"featured_media":115002,"comment_status":"open","ping_status":"closed","sticky":false,"template":"","format":"standard","meta":{"om_disable_all_campaigns":false,"inline_featured_image":false,"_monsterinsights_skip_tracking":false,"_monsterinsights_sitenote_active":false,"_monsterinsights_sitenote_note":"","_monsterinsights_sitenote_category":0,"footnotes":""},"categories":[12],"tags":[99,14279,105,60],"class_list":["post-115000","post","type-post","status-publish","format-standard","has-post-thumbnail","hentry","category-vivienda","tag-canadevi","tag-roman-meyer","tag-sedatu","tag-vivienda-2"],"yoast_head":"<!-- This site is optimized with the Yoast SEO plugin v27.4 - https:\/\/yoast.com\/product\/yoast-seo-wordpress\/ -->\n<title>43% del parque habitacional se localiza alejado de centros de poblaci\u00f3n<\/title>\n<meta name=\"description\" content=\"El titular de Sedatu se\u00f1al\u00f3 que visi\u00f3n mercantilista impulsada sobre la vivienda...43% del parque habitacional se localiza alejado de centros\" \/>\n<meta name=\"robots\" content=\"index, follow, max-snippet:-1, max-image-preview:large, max-video-preview:-1\" \/>\n<link rel=\"canonical\" href=\"https:\/\/centrourbano.com\/revista\/vivienda\/43-del-parque-habitacional-se-localiza-alejado-de-centros-de-poblacion\/\" \/>\n<meta property=\"og:locale\" content=\"es_ES\" \/>\n<meta property=\"og:type\" content=\"article\" \/>\n<meta property=\"og:title\" content=\"43% del parque habitacional se localiza alejado de centros de poblaci\u00f3n\" \/>\n<meta property=\"og:description\" content=\"El titular de Sedatu se\u00f1al\u00f3 que visi\u00f3n mercantilista impulsada sobre la vivienda...43% del parque habitacional se localiza alejado de centros\" \/>\n<meta property=\"og:url\" content=\"https:\/\/centrourbano.com\/revista\/vivienda\/43-del-parque-habitacional-se-localiza-alejado-de-centros-de-poblacion\/\" \/>\n<meta property=\"og:site_name\" content=\"Centro Urbano\" \/>\n<meta property=\"article:publisher\" content=\"https:\/\/www.facebook.com\/portalcentrourbano\" \/>\n<meta property=\"article:published_time\" content=\"2021-03-09T18:30:57+00:00\" \/>\n<meta property=\"article:modified_time\" content=\"2021-03-09T21:06:53+00:00\" \/>\n<meta property=\"og:image\" content=\"https:\/\/centrourbano.com\/revista\/wp-content\/uploads\/43-del-parque-habitacional-se-localiza-alejado-de-centros-de-poblacion-Roman-Meyer.jpg\" \/>\n\t<meta property=\"og:image:width\" content=\"1065\" \/>\n\t<meta property=\"og:image:height\" content=\"569\" \/>\n\t<meta property=\"og:image:type\" content=\"image\/jpeg\" \/>\n<meta name=\"author\" content=\"Edgar Rosas\" \/>\n<meta name=\"twitter:card\" content=\"summary_large_image\" \/>\n<meta name=\"twitter:creator\" content=\"@https:\/\/twitter.com\/ERosasCU?s=09\" \/>\n<meta name=\"twitter:site\" content=\"@CentroUrbano\" \/>\n<meta name=\"twitter:label1\" content=\"Escrito por\" \/>\n\t<meta name=\"twitter:data1\" content=\"Edgar Rosas\" \/>\n\t<meta name=\"twitter:label2\" content=\"Tiempo de lectura\" \/>\n\t<meta name=\"twitter:data2\" content=\"2 minutos\" \/>\n<script type=\"application\/ld+json\" class=\"yoast-schema-graph\">{\"@context\":\"https:\\\/\\\/schema.org\",\"@graph\":[{\"@type\":\"Article\",\"@id\":\"https:\\\/\\\/centrourbano.com\\\/revista\\\/vivienda\\\/43-del-parque-habitacional-se-localiza-alejado-de-centros-de-poblacion\\\/#article\",\"isPartOf\":{\"@id\":\"https:\\\/\\\/centrourbano.com\\\/revista\\\/vivienda\\\/43-del-parque-habitacional-se-localiza-alejado-de-centros-de-poblacion\\\/\"},\"author\":{\"name\":\"Edgar Rosas\",\"@id\":\"https:\\\/\\\/centrourbano.com\\\/revista\\\/#\\\/schema\\\/person\\\/ff3c00651ce5b1630479d2cd0c2e3ac0\"},\"headline\":\"43% del parque habitacional se localiza alejado de centros de poblaci\u00f3n\",\"datePublished\":\"2021-03-09T18:30:57+00:00\",\"dateModified\":\"2021-03-09T21:06:53+00:00\",\"mainEntityOfPage\":{\"@id\":\"https:\\\/\\\/centrourbano.com\\\/revista\\\/vivienda\\\/43-del-parque-habitacional-se-localiza-alejado-de-centros-de-poblacion\\\/\"},\"wordCount\":501,\"commentCount\":0,\"publisher\":{\"@id\":\"https:\\\/\\\/centrourbano.com\\\/revista\\\/#organization\"},\"image\":{\"@id\":\"https:\\\/\\\/centrourbano.com\\\/revista\\\/vivienda\\\/43-del-parque-habitacional-se-localiza-alejado-de-centros-de-poblacion\\\/#primaryimage\"},\"thumbnailUrl\":\"https:\\\/\\\/centrourbano.com\\\/revista\\\/wp-content\\\/uploads\\\/43-del-parque-habitacional-se-localiza-alejado-de-centros-de-poblacion-Roman-Meyer.jpg\",\"keywords\":[\"Canadevi\",\"Rom\u00e1n Meyer\",\"Sedatu\",\"vivienda\"],\"articleSection\":[\"Vivienda\"],\"inLanguage\":\"es\",\"potentialAction\":[{\"@type\":\"CommentAction\",\"name\":\"Comment\",\"target\":[\"https:\\\/\\\/centrourbano.com\\\/revista\\\/vivienda\\\/43-del-parque-habitacional-se-localiza-alejado-de-centros-de-poblacion\\\/#respond\"]}]},{\"@type\":\"WebPage\",\"@id\":\"https:\\\/\\\/centrourbano.com\\\/revista\\\/vivienda\\\/43-del-parque-habitacional-se-localiza-alejado-de-centros-de-poblacion\\\/\",\"url\":\"https:\\\/\\\/centrourbano.com\\\/revista\\\/vivienda\\\/43-del-parque-habitacional-se-localiza-alejado-de-centros-de-poblacion\\\/\",\"name\":\"43% del parque habitacional se localiza alejado de centros de poblaci\u00f3n\",\"isPartOf\":{\"@id\":\"https:\\\/\\\/centrourbano.com\\\/revista\\\/#website\"},\"primaryImageOfPage\":{\"@id\":\"https:\\\/\\\/centrourbano.com\\\/revista\\\/vivienda\\\/43-del-parque-habitacional-se-localiza-alejado-de-centros-de-poblacion\\\/#primaryimage\"},\"image\":{\"@id\":\"https:\\\/\\\/centrourbano.com\\\/revista\\\/vivienda\\\/43-del-parque-habitacional-se-localiza-alejado-de-centros-de-poblacion\\\/#primaryimage\"},\"thumbnailUrl\":\"https:\\\/\\\/centrourbano.com\\\/revista\\\/wp-content\\\/uploads\\\/43-del-parque-habitacional-se-localiza-alejado-de-centros-de-poblacion-Roman-Meyer.jpg\",\"datePublished\":\"2021-03-09T18:30:57+00:00\",\"dateModified\":\"2021-03-09T21:06:53+00:00\",\"description\":\"El titular de Sedatu se\u00f1al\u00f3 que visi\u00f3n mercantilista impulsada sobre la vivienda...43% del parque habitacional se localiza alejado de centros\",\"breadcrumb\":{\"@id\":\"https:\\\/\\\/centrourbano.com\\\/revista\\\/vivienda\\\/43-del-parque-habitacional-se-localiza-alejado-de-centros-de-poblacion\\\/#breadcrumb\"},\"inLanguage\":\"es\",\"potentialAction\":[{\"@type\":\"ReadAction\",\"target\":[\"https:\\\/\\\/centrourbano.com\\\/revista\\\/vivienda\\\/43-del-parque-habitacional-se-localiza-alejado-de-centros-de-poblacion\\\/\"]}]},{\"@type\":\"ImageObject\",\"inLanguage\":\"es\",\"@id\":\"https:\\\/\\\/centrourbano.com\\\/revista\\\/vivienda\\\/43-del-parque-habitacional-se-localiza-alejado-de-centros-de-poblacion\\\/#primaryimage\",\"url\":\"https:\\\/\\\/centrourbano.com\\\/revista\\\/wp-content\\\/uploads\\\/43-del-parque-habitacional-se-localiza-alejado-de-centros-de-poblacion-Roman-Meyer.jpg\",\"contentUrl\":\"https:\\\/\\\/centrourbano.com\\\/revista\\\/wp-content\\\/uploads\\\/43-del-parque-habitacional-se-localiza-alejado-de-centros-de-poblacion-Roman-Meyer.jpg\",\"width\":1065,\"height\":569,\"caption\":\"43% del parque habitacional se localiza alejado de centros de poblaci\u00f3n-Rom\u00e1n Meyer\"},{\"@type\":\"BreadcrumbList\",\"@id\":\"https:\\\/\\\/centrourbano.com\\\/revista\\\/vivienda\\\/43-del-parque-habitacional-se-localiza-alejado-de-centros-de-poblacion\\\/#breadcrumb\",\"itemListElement\":[{\"@type\":\"ListItem\",\"position\":1,\"name\":\"Portada\",\"item\":\"https:\\\/\\\/centrourbano.com\\\/revista\\\/\"},{\"@type\":\"ListItem\",\"position\":2,\"name\":\"43% del parque habitacional se localiza alejado de centros de poblaci\u00f3n\"}]},{\"@type\":\"WebSite\",\"@id\":\"https:\\\/\\\/centrourbano.com\\\/revista\\\/#website\",\"url\":\"https:\\\/\\\/centrourbano.com\\\/revista\\\/\",\"name\":\"Centro Urbano\",\"description\":\"Medio especializado en los sectores vivienda, inmobiliario, construcci\u00f3n, arquitectura y urbanismo.\",\"publisher\":{\"@id\":\"https:\\\/\\\/centrourbano.com\\\/revista\\\/#organization\"},\"potentialAction\":[{\"@type\":\"SearchAction\",\"target\":{\"@type\":\"EntryPoint\",\"urlTemplate\":\"https:\\\/\\\/centrourbano.com\\\/revista\\\/?s={search_term_string}\"},\"query-input\":{\"@type\":\"PropertyValueSpecification\",\"valueRequired\":true,\"valueName\":\"search_term_string\"}}],\"inLanguage\":\"es\"},{\"@type\":\"Organization\",\"@id\":\"https:\\\/\\\/centrourbano.com\\\/revista\\\/#organization\",\"name\":\"Centro Urbano\",\"url\":\"https:\\\/\\\/centrourbano.com\\\/revista\\\/\",\"logo\":{\"@type\":\"ImageObject\",\"inLanguage\":\"es\",\"@id\":\"https:\\\/\\\/centrourbano.com\\\/revista\\\/#\\\/schema\\\/logo\\\/image\\\/\",\"url\":\"https:\\\/\\\/centrourbano.com\\\/revista\\\/wp-content\\\/uploads\\\/web_CU_logo-1.png\",\"contentUrl\":\"https:\\\/\\\/centrourbano.com\\\/revista\\\/wp-content\\\/uploads\\\/web_CU_logo-1.png\",\"width\":350,\"height\":91,\"caption\":\"Centro Urbano\"},\"image\":{\"@id\":\"https:\\\/\\\/centrourbano.com\\\/revista\\\/#\\\/schema\\\/logo\\\/image\\\/\"},\"sameAs\":[\"https:\\\/\\\/www.facebook.com\\\/portalcentrourbano\",\"https:\\\/\\\/x.com\\\/CentroUrbano\",\"https:\\\/\\\/www.instagram.com\\\/centro_urbano\\\/\",\"https:\\\/\\\/www.linkedin.com\\\/company\\\/centro-urbano\\\/\",\"http:\\\/\\\/www.youtube.com\\\/user\\\/portalcentrourbano\"]},{\"@type\":\"Person\",\"@id\":\"https:\\\/\\\/centrourbano.com\\\/revista\\\/#\\\/schema\\\/person\\\/ff3c00651ce5b1630479d2cd0c2e3ac0\",\"name\":\"Edgar Rosas\",\"image\":{\"@type\":\"ImageObject\",\"inLanguage\":\"es\",\"@id\":\"https:\\\/\\\/secure.gravatar.com\\\/avatar\\\/94440c4283495211faa5300bf85e80061036b83fced868c3783aa1310b350d9c?s=96&d=mm&r=g\",\"url\":\"https:\\\/\\\/secure.gravatar.com\\\/avatar\\\/94440c4283495211faa5300bf85e80061036b83fced868c3783aa1310b350d9c?s=96&d=mm&r=g\",\"contentUrl\":\"https:\\\/\\\/secure.gravatar.com\\\/avatar\\\/94440c4283495211faa5300bf85e80061036b83fced868c3783aa1310b350d9c?s=96&d=mm&r=g\",\"caption\":\"Edgar Rosas\"},\"description\":\"Editor en Jefe de Centro Urbano. Egresado de la maestr\u00eda en Periodismo Pol\u00edtico de la Escuela de Periodismo Carlos Septi\u00e9n Garc\u00eda (EPCSG). Estudi\u00f3 la licenciatura en Comunicaci\u00f3n en la Universidad Mexicana. Amante de la cr\u00f3nica y el reportaje. Admirador de Vicente Le\u00f1ero y Miguel \u00c1ngel Granados Chapa.\",\"sameAs\":[\"https:\\\/\\\/x.com\\\/https:\\\/\\\/twitter.com\\\/ERosasCU?s=09\"],\"url\":\"https:\\\/\\\/centrourbano.com\\\/revista\\\/author\\\/edgar-rosas\\\/\"}]}<\/script>\n<!-- \/ Yoast SEO plugin. -->","yoast_head_json":{"title":"43% del parque habitacional se localiza alejado de centros de poblaci\u00f3n","description":"El titular de Sedatu se\u00f1al\u00f3 que visi\u00f3n mercantilista impulsada sobre la vivienda...43% del parque habitacional se localiza alejado de centros","robots":{"index":"index","follow":"follow","max-snippet":"max-snippet:-1","max-image-preview":"max-image-preview:large","max-video-preview":"max-video-preview:-1"},"canonical":"https:\/\/centrourbano.com\/revista\/vivienda\/43-del-parque-habitacional-se-localiza-alejado-de-centros-de-poblacion\/","og_locale":"es_ES","og_type":"article","og_title":"43% del parque habitacional se localiza alejado de centros de poblaci\u00f3n","og_description":"El titular de Sedatu se\u00f1al\u00f3 que visi\u00f3n mercantilista impulsada sobre la vivienda...43% del parque habitacional se localiza alejado de centros","og_url":"https:\/\/centrourbano.com\/revista\/vivienda\/43-del-parque-habitacional-se-localiza-alejado-de-centros-de-poblacion\/","og_site_name":"Centro Urbano","article_publisher":"https:\/\/www.facebook.com\/portalcentrourbano","article_published_time":"2021-03-09T18:30:57+00:00","article_modified_time":"2021-03-09T21:06:53+00:00","og_image":[{"width":1065,"height":569,"url":"https:\/\/centrourbano.com\/revista\/wp-content\/uploads\/43-del-parque-habitacional-se-localiza-alejado-de-centros-de-poblacion-Roman-Meyer.jpg","type":"image\/jpeg"}],"author":"Edgar Rosas","twitter_card":"summary_large_image","twitter_creator":"@https:\/\/twitter.com\/ERosasCU?s=09","twitter_site":"@CentroUrbano","twitter_misc":{"Escrito por":"Edgar Rosas","Tiempo de lectura":"2 minutos"},"schema":{"@context":"https:\/\/schema.org","@graph":[{"@type":"Article","@id":"https:\/\/centrourbano.com\/revista\/vivienda\/43-del-parque-habitacional-se-localiza-alejado-de-centros-de-poblacion\/#article","isPartOf":{"@id":"https:\/\/centrourbano.com\/revista\/vivienda\/43-del-parque-habitacional-se-localiza-alejado-de-centros-de-poblacion\/"},"author":{"name":"Edgar Rosas","@id":"https:\/\/centrourbano.com\/revista\/#\/schema\/person\/ff3c00651ce5b1630479d2cd0c2e3ac0"},"headline":"43% del parque habitacional se localiza alejado de centros de poblaci\u00f3n","datePublished":"2021-03-09T18:30:57+00:00","dateModified":"2021-03-09T21:06:53+00:00","mainEntityOfPage":{"@id":"https:\/\/centrourbano.com\/revista\/vivienda\/43-del-parque-habitacional-se-localiza-alejado-de-centros-de-poblacion\/"},"wordCount":501,"commentCount":0,"publisher":{"@id":"https:\/\/centrourbano.com\/revista\/#organization"},"image":{"@id":"https:\/\/centrourbano.com\/revista\/vivienda\/43-del-parque-habitacional-se-localiza-alejado-de-centros-de-poblacion\/#primaryimage"},"thumbnailUrl":"https:\/\/centrourbano.com\/revista\/wp-content\/uploads\/43-del-parque-habitacional-se-localiza-alejado-de-centros-de-poblacion-Roman-Meyer.jpg","keywords":["Canadevi","Rom\u00e1n Meyer","Sedatu","vivienda"],"articleSection":["Vivienda"],"inLanguage":"es","potentialAction":[{"@type":"CommentAction","name":"Comment","target":["https:\/\/centrourbano.com\/revista\/vivienda\/43-del-parque-habitacional-se-localiza-alejado-de-centros-de-poblacion\/#respond"]}]},{"@type":"WebPage","@id":"https:\/\/centrourbano.com\/revista\/vivienda\/43-del-parque-habitacional-se-localiza-alejado-de-centros-de-poblacion\/","url":"https:\/\/centrourbano.com\/revista\/vivienda\/43-del-parque-habitacional-se-localiza-alejado-de-centros-de-poblacion\/","name":"43% del parque habitacional se localiza alejado de centros de poblaci\u00f3n","isPartOf":{"@id":"https:\/\/centrourbano.com\/revista\/#website"},"primaryImageOfPage":{"@id":"https:\/\/centrourbano.com\/revista\/vivienda\/43-del-parque-habitacional-se-localiza-alejado-de-centros-de-poblacion\/#primaryimage"},"image":{"@id":"https:\/\/centrourbano.com\/revista\/vivienda\/43-del-parque-habitacional-se-localiza-alejado-de-centros-de-poblacion\/#primaryimage"},"thumbnailUrl":"https:\/\/centrourbano.com\/revista\/wp-content\/uploads\/43-del-parque-habitacional-se-localiza-alejado-de-centros-de-poblacion-Roman-Meyer.jpg","datePublished":"2021-03-09T18:30:57+00:00","dateModified":"2021-03-09T21:06:53+00:00","description":"El titular de Sedatu se\u00f1al\u00f3 que visi\u00f3n mercantilista impulsada sobre la vivienda...43% del parque habitacional se localiza alejado de centros","breadcrumb":{"@id":"https:\/\/centrourbano.com\/revista\/vivienda\/43-del-parque-habitacional-se-localiza-alejado-de-centros-de-poblacion\/#breadcrumb"},"inLanguage":"es","potentialAction":[{"@type":"ReadAction","target":["https:\/\/centrourbano.com\/revista\/vivienda\/43-del-parque-habitacional-se-localiza-alejado-de-centros-de-poblacion\/"]}]},{"@type":"ImageObject","inLanguage":"es","@id":"https:\/\/centrourbano.com\/revista\/vivienda\/43-del-parque-habitacional-se-localiza-alejado-de-centros-de-poblacion\/#primaryimage","url":"https:\/\/centrourbano.com\/revista\/wp-content\/uploads\/43-del-parque-habitacional-se-localiza-alejado-de-centros-de-poblacion-Roman-Meyer.jpg","contentUrl":"https:\/\/centrourbano.com\/revista\/wp-content\/uploads\/43-del-parque-habitacional-se-localiza-alejado-de-centros-de-poblacion-Roman-Meyer.jpg","width":1065,"height":569,"caption":"43% del parque habitacional se localiza alejado de centros de poblaci\u00f3n-Rom\u00e1n Meyer"},{"@type":"BreadcrumbList","@id":"https:\/\/centrourbano.com\/revista\/vivienda\/43-del-parque-habitacional-se-localiza-alejado-de-centros-de-poblacion\/#breadcrumb","itemListElement":[{"@type":"ListItem","position":1,"name":"Portada","item":"https:\/\/centrourbano.com\/revista\/"},{"@type":"ListItem","position":2,"name":"43% del parque habitacional se localiza alejado de centros de poblaci\u00f3n"}]},{"@type":"WebSite","@id":"https:\/\/centrourbano.com\/revista\/#website","url":"https:\/\/centrourbano.com\/revista\/","name":"Centro Urbano","description":"Medio especializado en los sectores vivienda, inmobiliario, construcci\u00f3n, arquitectura y urbanismo.","publisher":{"@id":"https:\/\/centrourbano.com\/revista\/#organization"},"potentialAction":[{"@type":"SearchAction","target":{"@type":"EntryPoint","urlTemplate":"https:\/\/centrourbano.com\/revista\/?s={search_term_string}"},"query-input":{"@type":"PropertyValueSpecification","valueRequired":true,"valueName":"search_term_string"}}],"inLanguage":"es"},{"@type":"Organization","@id":"https:\/\/centrourbano.com\/revista\/#organization","name":"Centro Urbano","url":"https:\/\/centrourbano.com\/revista\/","logo":{"@type":"ImageObject","inLanguage":"es","@id":"https:\/\/centrourbano.com\/revista\/#\/schema\/logo\/image\/","url":"https:\/\/centrourbano.com\/revista\/wp-content\/uploads\/web_CU_logo-1.png","contentUrl":"https:\/\/centrourbano.com\/revista\/wp-content\/uploads\/web_CU_logo-1.png","width":350,"height":91,"caption":"Centro Urbano"},"image":{"@id":"https:\/\/centrourbano.com\/revista\/#\/schema\/logo\/image\/"},"sameAs":["https:\/\/www.facebook.com\/portalcentrourbano","https:\/\/x.com\/CentroUrbano","https:\/\/www.instagram.com\/centro_urbano\/","https:\/\/www.linkedin.com\/company\/centro-urbano\/","http:\/\/www.youtube.com\/user\/portalcentrourbano"]},{"@type":"Person","@id":"https:\/\/centrourbano.com\/revista\/#\/schema\/person\/ff3c00651ce5b1630479d2cd0c2e3ac0","name":"Edgar Rosas","image":{"@type":"ImageObject","inLanguage":"es","@id":"https:\/\/secure.gravatar.com\/avatar\/94440c4283495211faa5300bf85e80061036b83fced868c3783aa1310b350d9c?s=96&d=mm&r=g","url":"https:\/\/secure.gravatar.com\/avatar\/94440c4283495211faa5300bf85e80061036b83fced868c3783aa1310b350d9c?s=96&d=mm&r=g","contentUrl":"https:\/\/secure.gravatar.com\/avatar\/94440c4283495211faa5300bf85e80061036b83fced868c3783aa1310b350d9c?s=96&d=mm&r=g","caption":"Edgar Rosas"},"description":"Editor en Jefe de Centro Urbano. Egresado de la maestr\u00eda en Periodismo Pol\u00edtico de la Escuela de Periodismo Carlos Septi\u00e9n Garc\u00eda (EPCSG). Estudi\u00f3 la licenciatura en Comunicaci\u00f3n en la Universidad Mexicana. Amante de la cr\u00f3nica y el reportaje. Admirador de Vicente Le\u00f1ero y Miguel \u00c1ngel Granados Chapa.","sameAs":["https:\/\/x.com\/https:\/\/twitter.com\/ERosasCU?s=09"],"url":"https:\/\/centrourbano.com\/revista\/author\/edgar-rosas\/"}]}},"_links":{"self":[{"href":"https:\/\/centrourbano.com\/revista\/wp-json\/wp\/v2\/posts\/115000","targetHints":{"allow":["GET"]}}],"collection":[{"href":"https:\/\/centrourbano.com\/revista\/wp-json\/wp\/v2\/posts"}],"about":[{"href":"https:\/\/centrourbano.com\/revista\/wp-json\/wp\/v2\/types\/post"}],"author":[{"embeddable":true,"href":"https:\/\/centrourbano.com\/revista\/wp-json\/wp\/v2\/users\/47"}],"replies":[{"embeddable":true,"href":"https:\/\/centrourbano.com\/revista\/wp-json\/wp\/v2\/comments?post=115000"}],"version-history":[{"count":4,"href":"https:\/\/centrourbano.com\/revista\/wp-json\/wp\/v2\/posts\/115000\/revisions"}],"predecessor-version":[{"id":115006,"href":"https:\/\/centrourbano.com\/revista\/wp-json\/wp\/v2\/posts\/115000\/revisions\/115006"}],"wp:featuredmedia":[{"embeddable":true,"href":"https:\/\/centrourbano.com\/revista\/wp-json\/wp\/v2\/media\/115002"}],"wp:attachment":[{"href":"https:\/\/centrourbano.com\/revista\/wp-json\/wp\/v2\/media?parent=115000"}],"wp:term":[{"taxonomy":"category","embeddable":true,"href":"https:\/\/centrourbano.com\/revista\/wp-json\/wp\/v2\/categories?post=115000"},{"taxonomy":"post_tag","embeddable":true,"href":"https:\/\/centrourbano.com\/revista\/wp-json\/wp\/v2\/tags?post=115000"}],"curies":[{"name":"wp","href":"https:\/\/api.w.org\/{rel}","templated":true}]}}