{"id":113939,"date":"2021-01-14T06:00:53","date_gmt":"2021-01-14T12:00:53","guid":{"rendered":"https:\/\/centrourbano.com\/?p=113939"},"modified":"2021-01-18T00:30:05","modified_gmt":"2021-01-18T06:30:05","slug":"%e2%96%b6%ef%b8%8f-video-vivienda-para-la-base-de-la-piramide-objetivo-de-echale","status":"publish","type":"post","link":"https:\/\/centrourbano.com\/revista\/centro-urbano-home\/centro-urbano-digital\/%e2%96%b6%ef%b8%8f-video-vivienda-para-la-base-de-la-piramide-objetivo-de-echale\/","title":{"rendered":"\u25b6\ufe0f Video | Vivienda para la base de la pir\u00e1mide, objetivo de \u00c9chale"},"content":{"rendered":"<p>En este episodio de Historias de Responsabilidad Social conoce la labor de \u00c9chale, empresa productora social de vivienda cuyo objetivo es generar los esquemas para ofrecer opciones habitacionales a familias de bajos recursos que no encuentran una soluci\u00f3n en el mercado tradicional.<\/p>\n<p><iframe loading=\"lazy\" style=\"border: none; overflow: hidden;\" src=\"https:\/\/www.facebook.com\/plugins\/video.php?height=314&amp;href=https%3A%2F%2Fwww.facebook.com%2Fportalcentrourbano%2Fvideos%2F1112490265830594%2F&amp;show_text=false&amp;width=560\" width=\"560\" height=\"314\" frameborder=\"0\" scrolling=\"no\" allowfullscreen=\"allowfullscreen\"><\/iframe><\/p>\n","protected":false},"excerpt":{"rendered":"<p>En este episodio de Historias de Responsabilidad Social conoce la labor de \u00c9chale, empresa productora social de vivienda cuyo objetivo es generar los esquemas para ofrecer opciones habitacionales a familias de bajos recursos que no encuentran una soluci\u00f3n en el mercado tradicional.<\/p>\n","protected":false},"author":14,"featured_media":113945,"comment_status":"open","ping_status":"closed","sticky":false,"template":"","format":"video","meta":{"om_disable_all_campaigns":false,"inline_featured_image":false,"_monsterinsights_skip_tracking":false,"_monsterinsights_sitenote_active":false,"_monsterinsights_sitenote_note":"","_monsterinsights_sitenote_category":0,"footnotes":""},"categories":[10,18124,13,15401,12],"tags":[19825,20179,6795,60],"class_list":["post-113939","post","type-post","status-publish","format-video","has-post-thumbnail","hentry","category-centro-urbano-digital","category-centro-urbano-home","category-entrevistas","category-fundaciones","category-vivienda","tag-autoproduccion-asistida","tag-echale","tag-francesco-piazzesi","tag-vivienda-2","post_format-post-format-video"],"yoast_head":"<!-- This site is optimized with the Yoast SEO plugin v27.4 - https:\/\/yoast.com\/product\/yoast-seo-wordpress\/ -->\n<title>\u25b6\ufe0f Video | Vivienda para la base de la pir\u00e1mide, objetivo de \u00c9chale<\/title>\n<meta name=\"description\" content=\"En este episodio de Historias de Responsabilidad Social conocer la labor de \u00c9chale. \u25b6\ufe0f Video | Vivienda para la base de la pir\u00e1mide\" \/>\n<meta name=\"robots\" content=\"index, follow, max-snippet:-1, max-image-preview:large, max-video-preview:-1\" \/>\n<link rel=\"canonical\" href=\"https:\/\/centrourbano.com\/revista\/centro-urbano-home\/centro-urbano-digital\/\u25b6\ufe0f-video-vivienda-para-la-base-de-la-piramide-objetivo-de-echale\/\" \/>\n<meta property=\"og:locale\" content=\"es_ES\" \/>\n<meta property=\"og:type\" content=\"article\" \/>\n<meta property=\"og:title\" content=\"\u25b6\ufe0f Video | Vivienda para la base de la pir\u00e1mide, objetivo de \u00c9chale\" \/>\n<meta property=\"og:description\" content=\"En este episodio de Historias de Responsabilidad Social conocer la labor de \u00c9chale. \u25b6\ufe0f Video | Vivienda para la base de la pir\u00e1mide\" \/>\n<meta property=\"og:url\" content=\"https:\/\/centrourbano.com\/revista\/centro-urbano-home\/centro-urbano-digital\/\u25b6\ufe0f-video-vivienda-para-la-base-de-la-piramide-objetivo-de-echale\/\" \/>\n<meta property=\"og:site_name\" content=\"Centro Urbano\" \/>\n<meta property=\"article:publisher\" content=\"https:\/\/www.facebook.com\/portalcentrourbano\" \/>\n<meta property=\"article:published_time\" content=\"2021-01-14T12:00:53+00:00\" \/>\n<meta property=\"article:modified_time\" content=\"2021-01-18T06:30:05+00:00\" \/>\n<meta property=\"og:image\" content=\"https:\/\/centrourbano.com\/revista\/wp-content\/uploads\/CU-Home-Historias-Echale-Francesco-Piazzesi-1.png\" \/>\n\t<meta property=\"og:image:width\" content=\"1065\" \/>\n\t<meta property=\"og:image:height\" content=\"600\" \/>\n\t<meta property=\"og:image:type\" content=\"image\/png\" \/>\n<meta name=\"author\" content=\"Redacci\u00f3n Centro Urbano\" \/>\n<meta name=\"twitter:card\" content=\"summary_large_image\" \/>\n<meta name=\"twitter:creator\" content=\"@CentroUrbano\" \/>\n<meta name=\"twitter:site\" content=\"@CentroUrbano\" \/>\n<meta name=\"twitter:label1\" content=\"Escrito por\" \/>\n\t<meta name=\"twitter:data1\" content=\"Redacci\u00f3n Centro Urbano\" \/>\n<script type=\"application\/ld+json\" class=\"yoast-schema-graph\">{\"@context\":\"https:\\\/\\\/schema.org\",\"@graph\":[{\"@type\":\"Article\",\"@id\":\"https:\\\/\\\/centrourbano.com\\\/revista\\\/centro-urbano-home\\\/centro-urbano-digital\\\/%e2%96%b6%ef%b8%8f-video-vivienda-para-la-base-de-la-piramide-objetivo-de-echale\\\/#article\",\"isPartOf\":{\"@id\":\"https:\\\/\\\/centrourbano.com\\\/revista\\\/centro-urbano-home\\\/centro-urbano-digital\\\/%e2%96%b6%ef%b8%8f-video-vivienda-para-la-base-de-la-piramide-objetivo-de-echale\\\/\"},\"author\":{\"name\":\"Redacci\u00f3n Centro Urbano\",\"@id\":\"https:\\\/\\\/centrourbano.com\\\/revista\\\/#\\\/schema\\\/person\\\/680e7c50f9d6e917e416c9efdc26f996\"},\"headline\":\"\u25b6\ufe0f Video | Vivienda para la base de la pir\u00e1mide, objetivo de \u00c9chale\",\"datePublished\":\"2021-01-14T12:00:53+00:00\",\"dateModified\":\"2021-01-18T06:30:05+00:00\",\"mainEntityOfPage\":{\"@id\":\"https:\\\/\\\/centrourbano.com\\\/revista\\\/centro-urbano-home\\\/centro-urbano-digital\\\/%e2%96%b6%ef%b8%8f-video-vivienda-para-la-base-de-la-piramide-objetivo-de-echale\\\/\"},\"wordCount\":55,\"commentCount\":0,\"publisher\":{\"@id\":\"https:\\\/\\\/centrourbano.com\\\/revista\\\/#organization\"},\"image\":{\"@id\":\"https:\\\/\\\/centrourbano.com\\\/revista\\\/centro-urbano-home\\\/centro-urbano-digital\\\/%e2%96%b6%ef%b8%8f-video-vivienda-para-la-base-de-la-piramide-objetivo-de-echale\\\/#primaryimage\"},\"thumbnailUrl\":\"https:\\\/\\\/centrourbano.com\\\/revista\\\/wp-content\\\/uploads\\\/CU-Home-Historias-Echale-Francesco-Piazzesi-1.png\",\"keywords\":[\"Autoproducci\u00f3n asistida\",\"\u00c9chale\",\"Francesco Piazzesi\",\"vivienda\"],\"articleSection\":[\"Centro Urbano Digital\",\"Centro Urbano Home\",\"Entrevistas\",\"Fundaciones\",\"Vivienda\"],\"inLanguage\":\"es\",\"potentialAction\":[{\"@type\":\"CommentAction\",\"name\":\"Comment\",\"target\":[\"https:\\\/\\\/centrourbano.com\\\/revista\\\/centro-urbano-home\\\/centro-urbano-digital\\\/%e2%96%b6%ef%b8%8f-video-vivienda-para-la-base-de-la-piramide-objetivo-de-echale\\\/#respond\"]}]},{\"@type\":\"WebPage\",\"@id\":\"https:\\\/\\\/centrourbano.com\\\/revista\\\/centro-urbano-home\\\/centro-urbano-digital\\\/%e2%96%b6%ef%b8%8f-video-vivienda-para-la-base-de-la-piramide-objetivo-de-echale\\\/\",\"url\":\"https:\\\/\\\/centrourbano.com\\\/revista\\\/centro-urbano-home\\\/centro-urbano-digital\\\/%e2%96%b6%ef%b8%8f-video-vivienda-para-la-base-de-la-piramide-objetivo-de-echale\\\/\",\"name\":\"\u25b6\ufe0f Video | Vivienda para la base de la pir\u00e1mide, objetivo de \u00c9chale\",\"isPartOf\":{\"@id\":\"https:\\\/\\\/centrourbano.com\\\/revista\\\/#website\"},\"primaryImageOfPage\":{\"@id\":\"https:\\\/\\\/centrourbano.com\\\/revista\\\/centro-urbano-home\\\/centro-urbano-digital\\\/%e2%96%b6%ef%b8%8f-video-vivienda-para-la-base-de-la-piramide-objetivo-de-echale\\\/#primaryimage\"},\"image\":{\"@id\":\"https:\\\/\\\/centrourbano.com\\\/revista\\\/centro-urbano-home\\\/centro-urbano-digital\\\/%e2%96%b6%ef%b8%8f-video-vivienda-para-la-base-de-la-piramide-objetivo-de-echale\\\/#primaryimage\"},\"thumbnailUrl\":\"https:\\\/\\\/centrourbano.com\\\/revista\\\/wp-content\\\/uploads\\\/CU-Home-Historias-Echale-Francesco-Piazzesi-1.png\",\"datePublished\":\"2021-01-14T12:00:53+00:00\",\"dateModified\":\"2021-01-18T06:30:05+00:00\",\"description\":\"En este episodio de Historias de Responsabilidad Social conocer la labor de \u00c9chale. \u25b6\ufe0f Video | Vivienda para la base de la pir\u00e1mide\",\"breadcrumb\":{\"@id\":\"https:\\\/\\\/centrourbano.com\\\/revista\\\/centro-urbano-home\\\/centro-urbano-digital\\\/%e2%96%b6%ef%b8%8f-video-vivienda-para-la-base-de-la-piramide-objetivo-de-echale\\\/#breadcrumb\"},\"inLanguage\":\"es\",\"potentialAction\":[{\"@type\":\"ReadAction\",\"target\":[\"https:\\\/\\\/centrourbano.com\\\/revista\\\/centro-urbano-home\\\/centro-urbano-digital\\\/%e2%96%b6%ef%b8%8f-video-vivienda-para-la-base-de-la-piramide-objetivo-de-echale\\\/\"]}]},{\"@type\":\"ImageObject\",\"inLanguage\":\"es\",\"@id\":\"https:\\\/\\\/centrourbano.com\\\/revista\\\/centro-urbano-home\\\/centro-urbano-digital\\\/%e2%96%b6%ef%b8%8f-video-vivienda-para-la-base-de-la-piramide-objetivo-de-echale\\\/#primaryimage\",\"url\":\"https:\\\/\\\/centrourbano.com\\\/revista\\\/wp-content\\\/uploads\\\/CU-Home-Historias-Echale-Francesco-Piazzesi-1.png\",\"contentUrl\":\"https:\\\/\\\/centrourbano.com\\\/revista\\\/wp-content\\\/uploads\\\/CU-Home-Historias-Echale-Francesco-Piazzesi-1.png\",\"width\":1065,\"height\":600,\"caption\":\"CU-Home-Historias-\u00c9chale-Francesco Piazzesi-1\"},{\"@type\":\"BreadcrumbList\",\"@id\":\"https:\\\/\\\/centrourbano.com\\\/revista\\\/centro-urbano-home\\\/centro-urbano-digital\\\/%e2%96%b6%ef%b8%8f-video-vivienda-para-la-base-de-la-piramide-objetivo-de-echale\\\/#breadcrumb\",\"itemListElement\":[{\"@type\":\"ListItem\",\"position\":1,\"name\":\"Portada\",\"item\":\"https:\\\/\\\/centrourbano.com\\\/revista\\\/\"},{\"@type\":\"ListItem\",\"position\":2,\"name\":\"\u25b6\ufe0f Video | Vivienda para la base de la pir\u00e1mide, objetivo de \u00c9chale\"}]},{\"@type\":\"WebSite\",\"@id\":\"https:\\\/\\\/centrourbano.com\\\/revista\\\/#website\",\"url\":\"https:\\\/\\\/centrourbano.com\\\/revista\\\/\",\"name\":\"Centro Urbano\",\"description\":\"Medio especializado en los sectores vivienda, inmobiliario, construcci\u00f3n, arquitectura y urbanismo.\",\"publisher\":{\"@id\":\"https:\\\/\\\/centrourbano.com\\\/revista\\\/#organization\"},\"potentialAction\":[{\"@type\":\"SearchAction\",\"target\":{\"@type\":\"EntryPoint\",\"urlTemplate\":\"https:\\\/\\\/centrourbano.com\\\/revista\\\/?s={search_term_string}\"},\"query-input\":{\"@type\":\"PropertyValueSpecification\",\"valueRequired\":true,\"valueName\":\"search_term_string\"}}],\"inLanguage\":\"es\"},{\"@type\":\"Organization\",\"@id\":\"https:\\\/\\\/centrourbano.com\\\/revista\\\/#organization\",\"name\":\"Centro Urbano\",\"url\":\"https:\\\/\\\/centrourbano.com\\\/revista\\\/\",\"logo\":{\"@type\":\"ImageObject\",\"inLanguage\":\"es\",\"@id\":\"https:\\\/\\\/centrourbano.com\\\/revista\\\/#\\\/schema\\\/logo\\\/image\\\/\",\"url\":\"https:\\\/\\\/centrourbano.com\\\/revista\\\/wp-content\\\/uploads\\\/web_CU_logo-1.png\",\"contentUrl\":\"https:\\\/\\\/centrourbano.com\\\/revista\\\/wp-content\\\/uploads\\\/web_CU_logo-1.png\",\"width\":350,\"height\":91,\"caption\":\"Centro Urbano\"},\"image\":{\"@id\":\"https:\\\/\\\/centrourbano.com\\\/revista\\\/#\\\/schema\\\/logo\\\/image\\\/\"},\"sameAs\":[\"https:\\\/\\\/www.facebook.com\\\/portalcentrourbano\",\"https:\\\/\\\/x.com\\\/CentroUrbano\",\"https:\\\/\\\/www.instagram.com\\\/centro_urbano\\\/\",\"https:\\\/\\\/www.linkedin.com\\\/company\\\/centro-urbano\\\/\",\"http:\\\/\\\/www.youtube.com\\\/user\\\/portalcentrourbano\"]},{\"@type\":\"Person\",\"@id\":\"https:\\\/\\\/centrourbano.com\\\/revista\\\/#\\\/schema\\\/person\\\/680e7c50f9d6e917e416c9efdc26f996\",\"name\":\"Redacci\u00f3n Centro Urbano\",\"image\":{\"@type\":\"ImageObject\",\"inLanguage\":\"es\",\"@id\":\"https:\\\/\\\/secure.gravatar.com\\\/avatar\\\/15a789f894398c0f311f3a7a2ee28032bbc0483098539da66b6a045aa810bf35?s=96&d=mm&r=g\",\"url\":\"https:\\\/\\\/secure.gravatar.com\\\/avatar\\\/15a789f894398c0f311f3a7a2ee28032bbc0483098539da66b6a045aa810bf35?s=96&d=mm&r=g\",\"contentUrl\":\"https:\\\/\\\/secure.gravatar.com\\\/avatar\\\/15a789f894398c0f311f3a7a2ee28032bbc0483098539da66b6a045aa810bf35?s=96&d=mm&r=g\",\"caption\":\"Redacci\u00f3n Centro Urbano\"},\"url\":\"https:\\\/\\\/centrourbano.com\\\/revista\\\/author\\\/editorial\\\/\"}]}<\/script>\n<!-- \/ Yoast SEO plugin. -->","yoast_head_json":{"title":"\u25b6\ufe0f Video | Vivienda para la base de la pir\u00e1mide, objetivo de \u00c9chale","description":"En este episodio de Historias de Responsabilidad Social conocer la labor de \u00c9chale. \u25b6\ufe0f Video | Vivienda para la base de la pir\u00e1mide","robots":{"index":"index","follow":"follow","max-snippet":"max-snippet:-1","max-image-preview":"max-image-preview:large","max-video-preview":"max-video-preview:-1"},"canonical":"https:\/\/centrourbano.com\/revista\/centro-urbano-home\/centro-urbano-digital\/\u25b6\ufe0f-video-vivienda-para-la-base-de-la-piramide-objetivo-de-echale\/","og_locale":"es_ES","og_type":"article","og_title":"\u25b6\ufe0f Video | Vivienda para la base de la pir\u00e1mide, objetivo de \u00c9chale","og_description":"En este episodio de Historias de Responsabilidad Social conocer la labor de \u00c9chale. \u25b6\ufe0f Video | Vivienda para la base de la pir\u00e1mide","og_url":"https:\/\/centrourbano.com\/revista\/centro-urbano-home\/centro-urbano-digital\/\u25b6\ufe0f-video-vivienda-para-la-base-de-la-piramide-objetivo-de-echale\/","og_site_name":"Centro Urbano","article_publisher":"https:\/\/www.facebook.com\/portalcentrourbano","article_published_time":"2021-01-14T12:00:53+00:00","article_modified_time":"2021-01-18T06:30:05+00:00","og_image":[{"width":1065,"height":600,"url":"https:\/\/centrourbano.com\/revista\/wp-content\/uploads\/CU-Home-Historias-Echale-Francesco-Piazzesi-1.png","type":"image\/png"}],"author":"Redacci\u00f3n Centro Urbano","twitter_card":"summary_large_image","twitter_creator":"@CentroUrbano","twitter_site":"@CentroUrbano","twitter_misc":{"Escrito por":"Redacci\u00f3n Centro Urbano"},"schema":{"@context":"https:\/\/schema.org","@graph":[{"@type":"Article","@id":"https:\/\/centrourbano.com\/revista\/centro-urbano-home\/centro-urbano-digital\/%e2%96%b6%ef%b8%8f-video-vivienda-para-la-base-de-la-piramide-objetivo-de-echale\/#article","isPartOf":{"@id":"https:\/\/centrourbano.com\/revista\/centro-urbano-home\/centro-urbano-digital\/%e2%96%b6%ef%b8%8f-video-vivienda-para-la-base-de-la-piramide-objetivo-de-echale\/"},"author":{"name":"Redacci\u00f3n Centro Urbano","@id":"https:\/\/centrourbano.com\/revista\/#\/schema\/person\/680e7c50f9d6e917e416c9efdc26f996"},"headline":"\u25b6\ufe0f Video | Vivienda para la base de la pir\u00e1mide, objetivo de \u00c9chale","datePublished":"2021-01-14T12:00:53+00:00","dateModified":"2021-01-18T06:30:05+00:00","mainEntityOfPage":{"@id":"https:\/\/centrourbano.com\/revista\/centro-urbano-home\/centro-urbano-digital\/%e2%96%b6%ef%b8%8f-video-vivienda-para-la-base-de-la-piramide-objetivo-de-echale\/"},"wordCount":55,"commentCount":0,"publisher":{"@id":"https:\/\/centrourbano.com\/revista\/#organization"},"image":{"@id":"https:\/\/centrourbano.com\/revista\/centro-urbano-home\/centro-urbano-digital\/%e2%96%b6%ef%b8%8f-video-vivienda-para-la-base-de-la-piramide-objetivo-de-echale\/#primaryimage"},"thumbnailUrl":"https:\/\/centrourbano.com\/revista\/wp-content\/uploads\/CU-Home-Historias-Echale-Francesco-Piazzesi-1.png","keywords":["Autoproducci\u00f3n asistida","\u00c9chale","Francesco Piazzesi","vivienda"],"articleSection":["Centro Urbano Digital","Centro Urbano Home","Entrevistas","Fundaciones","Vivienda"],"inLanguage":"es","potentialAction":[{"@type":"CommentAction","name":"Comment","target":["https:\/\/centrourbano.com\/revista\/centro-urbano-home\/centro-urbano-digital\/%e2%96%b6%ef%b8%8f-video-vivienda-para-la-base-de-la-piramide-objetivo-de-echale\/#respond"]}]},{"@type":"WebPage","@id":"https:\/\/centrourbano.com\/revista\/centro-urbano-home\/centro-urbano-digital\/%e2%96%b6%ef%b8%8f-video-vivienda-para-la-base-de-la-piramide-objetivo-de-echale\/","url":"https:\/\/centrourbano.com\/revista\/centro-urbano-home\/centro-urbano-digital\/%e2%96%b6%ef%b8%8f-video-vivienda-para-la-base-de-la-piramide-objetivo-de-echale\/","name":"\u25b6\ufe0f Video | Vivienda para la base de la pir\u00e1mide, objetivo de \u00c9chale","isPartOf":{"@id":"https:\/\/centrourbano.com\/revista\/#website"},"primaryImageOfPage":{"@id":"https:\/\/centrourbano.com\/revista\/centro-urbano-home\/centro-urbano-digital\/%e2%96%b6%ef%b8%8f-video-vivienda-para-la-base-de-la-piramide-objetivo-de-echale\/#primaryimage"},"image":{"@id":"https:\/\/centrourbano.com\/revista\/centro-urbano-home\/centro-urbano-digital\/%e2%96%b6%ef%b8%8f-video-vivienda-para-la-base-de-la-piramide-objetivo-de-echale\/#primaryimage"},"thumbnailUrl":"https:\/\/centrourbano.com\/revista\/wp-content\/uploads\/CU-Home-Historias-Echale-Francesco-Piazzesi-1.png","datePublished":"2021-01-14T12:00:53+00:00","dateModified":"2021-01-18T06:30:05+00:00","description":"En este episodio de Historias de Responsabilidad Social conocer la labor de \u00c9chale. \u25b6\ufe0f Video | Vivienda para la base de la pir\u00e1mide","breadcrumb":{"@id":"https:\/\/centrourbano.com\/revista\/centro-urbano-home\/centro-urbano-digital\/%e2%96%b6%ef%b8%8f-video-vivienda-para-la-base-de-la-piramide-objetivo-de-echale\/#breadcrumb"},"inLanguage":"es","potentialAction":[{"@type":"ReadAction","target":["https:\/\/centrourbano.com\/revista\/centro-urbano-home\/centro-urbano-digital\/%e2%96%b6%ef%b8%8f-video-vivienda-para-la-base-de-la-piramide-objetivo-de-echale\/"]}]},{"@type":"ImageObject","inLanguage":"es","@id":"https:\/\/centrourbano.com\/revista\/centro-urbano-home\/centro-urbano-digital\/%e2%96%b6%ef%b8%8f-video-vivienda-para-la-base-de-la-piramide-objetivo-de-echale\/#primaryimage","url":"https:\/\/centrourbano.com\/revista\/wp-content\/uploads\/CU-Home-Historias-Echale-Francesco-Piazzesi-1.png","contentUrl":"https:\/\/centrourbano.com\/revista\/wp-content\/uploads\/CU-Home-Historias-Echale-Francesco-Piazzesi-1.png","width":1065,"height":600,"caption":"CU-Home-Historias-\u00c9chale-Francesco Piazzesi-1"},{"@type":"BreadcrumbList","@id":"https:\/\/centrourbano.com\/revista\/centro-urbano-home\/centro-urbano-digital\/%e2%96%b6%ef%b8%8f-video-vivienda-para-la-base-de-la-piramide-objetivo-de-echale\/#breadcrumb","itemListElement":[{"@type":"ListItem","position":1,"name":"Portada","item":"https:\/\/centrourbano.com\/revista\/"},{"@type":"ListItem","position":2,"name":"\u25b6\ufe0f Video | Vivienda para la base de la pir\u00e1mide, objetivo de \u00c9chale"}]},{"@type":"WebSite","@id":"https:\/\/centrourbano.com\/revista\/#website","url":"https:\/\/centrourbano.com\/revista\/","name":"Centro Urbano","description":"Medio especializado en los sectores vivienda, inmobiliario, construcci\u00f3n, arquitectura y urbanismo.","publisher":{"@id":"https:\/\/centrourbano.com\/revista\/#organization"},"potentialAction":[{"@type":"SearchAction","target":{"@type":"EntryPoint","urlTemplate":"https:\/\/centrourbano.com\/revista\/?s={search_term_string}"},"query-input":{"@type":"PropertyValueSpecification","valueRequired":true,"valueName":"search_term_string"}}],"inLanguage":"es"},{"@type":"Organization","@id":"https:\/\/centrourbano.com\/revista\/#organization","name":"Centro Urbano","url":"https:\/\/centrourbano.com\/revista\/","logo":{"@type":"ImageObject","inLanguage":"es","@id":"https:\/\/centrourbano.com\/revista\/#\/schema\/logo\/image\/","url":"https:\/\/centrourbano.com\/revista\/wp-content\/uploads\/web_CU_logo-1.png","contentUrl":"https:\/\/centrourbano.com\/revista\/wp-content\/uploads\/web_CU_logo-1.png","width":350,"height":91,"caption":"Centro Urbano"},"image":{"@id":"https:\/\/centrourbano.com\/revista\/#\/schema\/logo\/image\/"},"sameAs":["https:\/\/www.facebook.com\/portalcentrourbano","https:\/\/x.com\/CentroUrbano","https:\/\/www.instagram.com\/centro_urbano\/","https:\/\/www.linkedin.com\/company\/centro-urbano\/","http:\/\/www.youtube.com\/user\/portalcentrourbano"]},{"@type":"Person","@id":"https:\/\/centrourbano.com\/revista\/#\/schema\/person\/680e7c50f9d6e917e416c9efdc26f996","name":"Redacci\u00f3n Centro Urbano","image":{"@type":"ImageObject","inLanguage":"es","@id":"https:\/\/secure.gravatar.com\/avatar\/15a789f894398c0f311f3a7a2ee28032bbc0483098539da66b6a045aa810bf35?s=96&d=mm&r=g","url":"https:\/\/secure.gravatar.com\/avatar\/15a789f894398c0f311f3a7a2ee28032bbc0483098539da66b6a045aa810bf35?s=96&d=mm&r=g","contentUrl":"https:\/\/secure.gravatar.com\/avatar\/15a789f894398c0f311f3a7a2ee28032bbc0483098539da66b6a045aa810bf35?s=96&d=mm&r=g","caption":"Redacci\u00f3n Centro Urbano"},"url":"https:\/\/centrourbano.com\/revista\/author\/editorial\/"}]}},"_links":{"self":[{"href":"https:\/\/centrourbano.com\/revista\/wp-json\/wp\/v2\/posts\/113939","targetHints":{"allow":["GET"]}}],"collection":[{"href":"https:\/\/centrourbano.com\/revista\/wp-json\/wp\/v2\/posts"}],"about":[{"href":"https:\/\/centrourbano.com\/revista\/wp-json\/wp\/v2\/types\/post"}],"author":[{"embeddable":true,"href":"https:\/\/centrourbano.com\/revista\/wp-json\/wp\/v2\/users\/14"}],"replies":[{"embeddable":true,"href":"https:\/\/centrourbano.com\/revista\/wp-json\/wp\/v2\/comments?post=113939"}],"version-history":[{"count":2,"href":"https:\/\/centrourbano.com\/revista\/wp-json\/wp\/v2\/posts\/113939\/revisions"}],"predecessor-version":[{"id":113943,"href":"https:\/\/centrourbano.com\/revista\/wp-json\/wp\/v2\/posts\/113939\/revisions\/113943"}],"wp:featuredmedia":[{"embeddable":true,"href":"https:\/\/centrourbano.com\/revista\/wp-json\/wp\/v2\/media\/113945"}],"wp:attachment":[{"href":"https:\/\/centrourbano.com\/revista\/wp-json\/wp\/v2\/media?parent=113939"}],"wp:term":[{"taxonomy":"category","embeddable":true,"href":"https:\/\/centrourbano.com\/revista\/wp-json\/wp\/v2\/categories?post=113939"},{"taxonomy":"post_tag","embeddable":true,"href":"https:\/\/centrourbano.com\/revista\/wp-json\/wp\/v2\/tags?post=113939"}],"curies":[{"name":"wp","href":"https:\/\/api.w.org\/{rel}","templated":true}]}}