{"id":113903,"date":"2021-01-13T15:25:40","date_gmt":"2021-01-13T21:25:40","guid":{"rendered":"https:\/\/centrourbano.com\/?p=113903"},"modified":"2021-01-14T10:42:36","modified_gmt":"2021-01-14T16:42:36","slug":"fallece-antonio-toca-fernandez","status":"publish","type":"post","link":"https:\/\/centrourbano.com\/revista\/arquitectura-2\/fallece-antonio-toca-fernandez\/","title":{"rendered":"Fallece el arquitecto y urbanista Antonio Toca Fern\u00e1ndez"},"content":{"rendered":"<p><em>Toca Fern\u00e1ndez fue reconocido con<\/em> <em>el Premio Nacional Mario Pani del Colegio de Arquitectos de M\u00e9xico en 1999; adem\u00e1s, fue jurado de la Bienal Iberoamericana de Arquitectura en 2006<\/em><!--more--><\/p>\n<p>Este martes 12 de enero se dio a conocer el deceso del arquitecto mexicano <strong>Antonio Toca Fern\u00e1ndez<\/strong>; quien destac\u00f3 por su trabajo en el campo de la investigaci\u00f3n y an\u00e1lisis de temas de <strong>urbanismo<\/strong>.<\/p>\n<p><strong>Toca Fern\u00e1ndez<\/strong>, nacido en la Ciudad de M\u00e9xico en 1943, realiz\u00f3 sus estudios profesionales en la Universidad Iberoamericana, para despu\u00e9s dedicarse a la cr\u00edtica y la investigaci\u00f3n. De esta manera, colabor\u00f3 con art\u00edculos especializados en <strong><em>Expansi\u00f3n<\/em><\/strong><em>, <strong>Tiempo en la casa<\/strong><\/em>, suplemento de la revista <em>Casa del tiempo<\/em> de la Universidad Aut\u00f3noma Metropolitana (UAM); as\u00ed como en publicaciones universitarias y de arquitectura y urbanismo en otros pa\u00edses.<\/p>\n<p>De igual manera, fue autor de libros como <strong><em>Nueva arquitectura en Am\u00e9rica Latina<\/em><\/strong><em>: <strong>presente y futuro<\/strong><\/em> (1990); <strong><em>Arquitectura en M\u00e9xico<\/em><\/strong><em>: <strong>diversas modernidades<\/strong><\/em> (1996); <strong><em>Casas americanas<\/em><\/strong>, en colaboraci\u00f3n con R. Fern\u00e1ndez y A. Saldarriaga (2003); as\u00ed como <strong><em>Bauhaus<\/em><\/strong><em>: <strong>mito y realidad<\/strong><\/em> (2016), entre otras obras. En todas estas publicaciones se manifest\u00f3 por la defensa de la memoria, la est\u00e9tica y el equilibrio entre la arquitectura y el urbanismo.<\/p>\n<h4>Personaje destacado<\/h4>\n<p>El arquitecto tambi\u00e9n colaboraba de manera externa con la <strong>Direcci\u00f3n de Arquitectura del Instituto<\/strong> <strong>Nacional de Bellas Artes y Literatura<\/strong> (<strong>INBAL<\/strong>); y, en la d\u00e9cada de los 80, particip\u00f3 en investigaciones para diversas publicaciones y exposiciones.<\/p>\n<p>\u201cSiempre atento y dispuesto a apoyar cada consulta y recomendarnos numerosas lecturas sobre patrimonio moderno. Perdemos un gran investigador y amigo\u201d, manifest\u00f3 la <strong>subdirectora general del Patrimonio Art\u00edstico Inmueble del INBAL<\/strong>, <strong>Dolores Mart\u00ednez Orralde<\/strong>.<\/p>\n<p>Entre los reconocimientos obtenidos en su trayectoria profesional est\u00e1 el <strong>Premio Nacional Mario Pani<\/strong>, del Colegio de Arquitectos de M\u00e9xico, en 1999. Adem\u00e1s, form\u00f3 parte del <strong>Pabell\u00f3n de Am\u00e9rica Latina<\/strong> <strong>Expo Zaragoza<\/strong> (Espa\u00f1a, 2008); y fue miembro del jurado de la <strong>Bienal Iberoamericana de Arquitectura<\/strong> (2006) y del <strong>Premio Cemex<\/strong>, en M\u00e9xico, entre otras participaciones.<\/p>\n<p><strong>Antonio Toca Fern\u00e1ndez<\/strong> falleci\u00f3 este martes a la edad de 78 a\u00f1os, por un paro cardio respiratorio causado por el Covid-19.<\/p>\n<blockquote class=\"twitter-tweet\" data-width=\"500\" data-dnt=\"true\">\n<p lang=\"es\" dir=\"ltr\">La Secretar\u00eda de Cultura y el <a href=\"https:\/\/twitter.com\/bellasartesinba?ref_src=twsrc%5Etfw\">@bellasartesinba<\/a> lamentan el fallecimiento del investigador Antonio Toca Fern\u00e1ndez, defensor de la memoria, la est\u00e9tica y el equilibrio en la arquitectura y el urbanismo. Fue reconocido con el Premio Nacional Mario Pani 1999. <a href=\"https:\/\/t.co\/bbLwQCmIiF\">https:\/\/t.co\/bbLwQCmIiF<\/a> <a href=\"https:\/\/t.co\/d7xHVfuLGa\">pic.twitter.com\/d7xHVfuLGa<\/a><\/p>\n<p>&mdash; Secretar\u00eda de Cultura (@cultura_mx) <a href=\"https:\/\/twitter.com\/cultura_mx\/status\/1349204144314220546?ref_src=twsrc%5Etfw\">January 13, 2021<\/a><\/p><\/blockquote>\n<p><script async src=\"https:\/\/platform.twitter.com\/widgets.js\" charset=\"utf-8\"><\/script><\/p>\n","protected":false},"excerpt":{"rendered":"<p>Toca Fern\u00e1ndez fue reconocido con el Premio Nacional Mario Pani del Colegio de Arquitectos de M\u00e9xico en 1999; adem\u00e1s, fue jurado de la Bienal Iberoamericana de Arquitectura en 2006<\/p>\n","protected":false},"author":73,"featured_media":113906,"comment_status":"open","ping_status":"closed","sticky":false,"template":"","format":"standard","meta":{"om_disable_all_campaigns":false,"inline_featured_image":false,"_monsterinsights_skip_tracking":false,"_monsterinsights_sitenote_active":false,"_monsterinsights_sitenote_note":"","_monsterinsights_sitenote_category":0,"footnotes":""},"categories":[81,82],"tags":[20174,20,20175,20176,6156],"class_list":["post-113903","post","type-post","status-publish","format-standard","has-post-thumbnail","hentry","category-arquitectura-2","category-urbanismo","tag-antonio-toca-fernandez","tag-arquitectura","tag-deceso","tag-premio-nacional-mario-pani","tag-urbanismo"],"yoast_head":"<!-- This site is optimized with the Yoast SEO plugin v27.4 - https:\/\/yoast.com\/product\/yoast-seo-wordpress\/ -->\n<title>Fallece el arquitecto y urbanista Antonio Toca Fern\u00e1ndez<\/title>\n<meta name=\"description\" content=\"Toca Fern\u00e1ndez fue reconocido con el Premio Nacional Mario Pani en 1999; adem\u00e1s, fue jurado de la Bienal Iberoamericana de Arquitectura en 2006\" \/>\n<meta name=\"robots\" content=\"index, follow, max-snippet:-1, max-image-preview:large, max-video-preview:-1\" \/>\n<link rel=\"canonical\" href=\"https:\/\/centrourbano.com\/revista\/arquitectura-2\/fallece-antonio-toca-fernandez\/\" \/>\n<meta property=\"og:locale\" content=\"es_ES\" \/>\n<meta property=\"og:type\" content=\"article\" \/>\n<meta property=\"og:title\" content=\"Fallece el arquitecto y urbanista Antonio Toca Fern\u00e1ndez\" \/>\n<meta property=\"og:description\" content=\"Toca Fern\u00e1ndez fue reconocido con el Premio Nacional Mario Pani en 1999; adem\u00e1s, fue jurado de la Bienal Iberoamericana de Arquitectura en 2006\" \/>\n<meta property=\"og:url\" content=\"https:\/\/centrourbano.com\/revista\/arquitectura-2\/fallece-antonio-toca-fernandez\/\" \/>\n<meta property=\"og:site_name\" content=\"Centro Urbano\" \/>\n<meta property=\"article:publisher\" content=\"https:\/\/www.facebook.com\/portalcentrourbano\" \/>\n<meta property=\"article:published_time\" content=\"2021-01-13T21:25:40+00:00\" \/>\n<meta property=\"article:modified_time\" content=\"2021-01-14T16:42:36+00:00\" \/>\n<meta property=\"og:image\" content=\"https:\/\/centrourbano.com\/revista\/wp-content\/uploads\/Fallece-el-arquitecto-y-urbanista-Antonio-Toca-Fernandez.jpg\" \/>\n\t<meta property=\"og:image:width\" content=\"800\" \/>\n\t<meta property=\"og:image:height\" content=\"440\" \/>\n\t<meta property=\"og:image:type\" content=\"image\/jpeg\" \/>\n<meta name=\"author\" content=\"Fernanda Hern\u00e1ndez\" \/>\n<meta name=\"twitter:card\" content=\"summary_large_image\" \/>\n<meta name=\"twitter:creator\" content=\"@https:\/\/twitter.com\/Nannz_Hernandez\" \/>\n<meta name=\"twitter:site\" content=\"@CentroUrbano\" \/>\n<meta name=\"twitter:label1\" content=\"Escrito por\" \/>\n\t<meta name=\"twitter:data1\" content=\"Fernanda Hern\u00e1ndez\" \/>\n\t<meta name=\"twitter:label2\" content=\"Tiempo de lectura\" \/>\n\t<meta name=\"twitter:data2\" content=\"2 minutos\" \/>\n<script type=\"application\/ld+json\" class=\"yoast-schema-graph\">{\"@context\":\"https:\\\/\\\/schema.org\",\"@graph\":[{\"@type\":\"Article\",\"@id\":\"https:\\\/\\\/centrourbano.com\\\/revista\\\/arquitectura-2\\\/fallece-antonio-toca-fernandez\\\/#article\",\"isPartOf\":{\"@id\":\"https:\\\/\\\/centrourbano.com\\\/revista\\\/arquitectura-2\\\/fallece-antonio-toca-fernandez\\\/\"},\"author\":{\"name\":\"Fernanda Hern\u00e1ndez\",\"@id\":\"https:\\\/\\\/centrourbano.com\\\/revista\\\/#\\\/schema\\\/person\\\/b190b20bbbceb41ec72278c546fa8df3\"},\"headline\":\"Fallece el arquitecto y urbanista Antonio Toca Fern\u00e1ndez\",\"datePublished\":\"2021-01-13T21:25:40+00:00\",\"dateModified\":\"2021-01-14T16:42:36+00:00\",\"mainEntityOfPage\":{\"@id\":\"https:\\\/\\\/centrourbano.com\\\/revista\\\/arquitectura-2\\\/fallece-antonio-toca-fernandez\\\/\"},\"wordCount\":379,\"commentCount\":0,\"publisher\":{\"@id\":\"https:\\\/\\\/centrourbano.com\\\/revista\\\/#organization\"},\"image\":{\"@id\":\"https:\\\/\\\/centrourbano.com\\\/revista\\\/arquitectura-2\\\/fallece-antonio-toca-fernandez\\\/#primaryimage\"},\"thumbnailUrl\":\"https:\\\/\\\/centrourbano.com\\\/revista\\\/wp-content\\\/uploads\\\/Fallece-el-arquitecto-y-urbanista-Antonio-Toca-Fernandez.jpg\",\"keywords\":[\"Antonio Toca Fern\u00e1ndez\",\"arquitectura\",\"Deceso\",\"Premio Nacional Mario Pani\",\"Urbanismo\"],\"articleSection\":[\"Arquitectura\",\"Urbanismo\"],\"inLanguage\":\"es\",\"potentialAction\":[{\"@type\":\"CommentAction\",\"name\":\"Comment\",\"target\":[\"https:\\\/\\\/centrourbano.com\\\/revista\\\/arquitectura-2\\\/fallece-antonio-toca-fernandez\\\/#respond\"]}]},{\"@type\":\"WebPage\",\"@id\":\"https:\\\/\\\/centrourbano.com\\\/revista\\\/arquitectura-2\\\/fallece-antonio-toca-fernandez\\\/\",\"url\":\"https:\\\/\\\/centrourbano.com\\\/revista\\\/arquitectura-2\\\/fallece-antonio-toca-fernandez\\\/\",\"name\":\"Fallece el arquitecto y urbanista Antonio Toca Fern\u00e1ndez\",\"isPartOf\":{\"@id\":\"https:\\\/\\\/centrourbano.com\\\/revista\\\/#website\"},\"primaryImageOfPage\":{\"@id\":\"https:\\\/\\\/centrourbano.com\\\/revista\\\/arquitectura-2\\\/fallece-antonio-toca-fernandez\\\/#primaryimage\"},\"image\":{\"@id\":\"https:\\\/\\\/centrourbano.com\\\/revista\\\/arquitectura-2\\\/fallece-antonio-toca-fernandez\\\/#primaryimage\"},\"thumbnailUrl\":\"https:\\\/\\\/centrourbano.com\\\/revista\\\/wp-content\\\/uploads\\\/Fallece-el-arquitecto-y-urbanista-Antonio-Toca-Fernandez.jpg\",\"datePublished\":\"2021-01-13T21:25:40+00:00\",\"dateModified\":\"2021-01-14T16:42:36+00:00\",\"description\":\"Toca Fern\u00e1ndez fue reconocido con el Premio Nacional Mario Pani en 1999; adem\u00e1s, fue jurado de la Bienal Iberoamericana de Arquitectura en 2006\",\"breadcrumb\":{\"@id\":\"https:\\\/\\\/centrourbano.com\\\/revista\\\/arquitectura-2\\\/fallece-antonio-toca-fernandez\\\/#breadcrumb\"},\"inLanguage\":\"es\",\"potentialAction\":[{\"@type\":\"ReadAction\",\"target\":[\"https:\\\/\\\/centrourbano.com\\\/revista\\\/arquitectura-2\\\/fallece-antonio-toca-fernandez\\\/\"]}]},{\"@type\":\"ImageObject\",\"inLanguage\":\"es\",\"@id\":\"https:\\\/\\\/centrourbano.com\\\/revista\\\/arquitectura-2\\\/fallece-antonio-toca-fernandez\\\/#primaryimage\",\"url\":\"https:\\\/\\\/centrourbano.com\\\/revista\\\/wp-content\\\/uploads\\\/Fallece-el-arquitecto-y-urbanista-Antonio-Toca-Fernandez.jpg\",\"contentUrl\":\"https:\\\/\\\/centrourbano.com\\\/revista\\\/wp-content\\\/uploads\\\/Fallece-el-arquitecto-y-urbanista-Antonio-Toca-Fernandez.jpg\",\"width\":800,\"height\":440,\"caption\":\"Toca Fern\u00e1ndez fue reconocido con el Premio Nacional Mario Pani en 1999; adem\u00e1s, fue jurado de la Bienal Iberoamericana de Arquitectura en 2006\"},{\"@type\":\"BreadcrumbList\",\"@id\":\"https:\\\/\\\/centrourbano.com\\\/revista\\\/arquitectura-2\\\/fallece-antonio-toca-fernandez\\\/#breadcrumb\",\"itemListElement\":[{\"@type\":\"ListItem\",\"position\":1,\"name\":\"Portada\",\"item\":\"https:\\\/\\\/centrourbano.com\\\/revista\\\/\"},{\"@type\":\"ListItem\",\"position\":2,\"name\":\"Fallece el arquitecto y urbanista Antonio Toca Fern\u00e1ndez\"}]},{\"@type\":\"WebSite\",\"@id\":\"https:\\\/\\\/centrourbano.com\\\/revista\\\/#website\",\"url\":\"https:\\\/\\\/centrourbano.com\\\/revista\\\/\",\"name\":\"Centro Urbano\",\"description\":\"Medio especializado en los sectores vivienda, inmobiliario, construcci\u00f3n, arquitectura y urbanismo.\",\"publisher\":{\"@id\":\"https:\\\/\\\/centrourbano.com\\\/revista\\\/#organization\"},\"potentialAction\":[{\"@type\":\"SearchAction\",\"target\":{\"@type\":\"EntryPoint\",\"urlTemplate\":\"https:\\\/\\\/centrourbano.com\\\/revista\\\/?s={search_term_string}\"},\"query-input\":{\"@type\":\"PropertyValueSpecification\",\"valueRequired\":true,\"valueName\":\"search_term_string\"}}],\"inLanguage\":\"es\"},{\"@type\":\"Organization\",\"@id\":\"https:\\\/\\\/centrourbano.com\\\/revista\\\/#organization\",\"name\":\"Centro Urbano\",\"url\":\"https:\\\/\\\/centrourbano.com\\\/revista\\\/\",\"logo\":{\"@type\":\"ImageObject\",\"inLanguage\":\"es\",\"@id\":\"https:\\\/\\\/centrourbano.com\\\/revista\\\/#\\\/schema\\\/logo\\\/image\\\/\",\"url\":\"https:\\\/\\\/centrourbano.com\\\/revista\\\/wp-content\\\/uploads\\\/web_CU_logo-1.png\",\"contentUrl\":\"https:\\\/\\\/centrourbano.com\\\/revista\\\/wp-content\\\/uploads\\\/web_CU_logo-1.png\",\"width\":350,\"height\":91,\"caption\":\"Centro Urbano\"},\"image\":{\"@id\":\"https:\\\/\\\/centrourbano.com\\\/revista\\\/#\\\/schema\\\/logo\\\/image\\\/\"},\"sameAs\":[\"https:\\\/\\\/www.facebook.com\\\/portalcentrourbano\",\"https:\\\/\\\/x.com\\\/CentroUrbano\",\"https:\\\/\\\/www.instagram.com\\\/centro_urbano\\\/\",\"https:\\\/\\\/www.linkedin.com\\\/company\\\/centro-urbano\\\/\",\"http:\\\/\\\/www.youtube.com\\\/user\\\/portalcentrourbano\"]},{\"@type\":\"Person\",\"@id\":\"https:\\\/\\\/centrourbano.com\\\/revista\\\/#\\\/schema\\\/person\\\/b190b20bbbceb41ec72278c546fa8df3\",\"name\":\"Fernanda Hern\u00e1ndez\",\"image\":{\"@type\":\"ImageObject\",\"inLanguage\":\"es\",\"@id\":\"https:\\\/\\\/secure.gravatar.com\\\/avatar\\\/9471831fb0a24eae9d32d826a7cb8ef07c34a41520aca1a0ab1f5c0903ba49b9?s=96&d=mm&r=g\",\"url\":\"https:\\\/\\\/secure.gravatar.com\\\/avatar\\\/9471831fb0a24eae9d32d826a7cb8ef07c34a41520aca1a0ab1f5c0903ba49b9?s=96&d=mm&r=g\",\"contentUrl\":\"https:\\\/\\\/secure.gravatar.com\\\/avatar\\\/9471831fb0a24eae9d32d826a7cb8ef07c34a41520aca1a0ab1f5c0903ba49b9?s=96&d=mm&r=g\",\"caption\":\"Fernanda Hern\u00e1ndez\"},\"description\":\"Reportera y redactora en Centro Urbano. Soy egresada de la licenciatura en Ciencias de la Comunicaci\u00f3n de la Facultad de Ciencias Pol\u00edticas y Sociales (UNAM). Me interesa la cultura, el urbanismo y la arquitectura. Amante del mundo digital, el cine, la m\u00fasica, la lectura y la escritura.\",\"sameAs\":[\"https:\\\/\\\/x.com\\\/https:\\\/\\\/twitter.com\\\/Nannz_Hernandez\"],\"url\":\"https:\\\/\\\/centrourbano.com\\\/revista\\\/author\\\/fernanda-hernandez\\\/\"}]}<\/script>\n<!-- \/ Yoast SEO plugin. -->","yoast_head_json":{"title":"Fallece el arquitecto y urbanista Antonio Toca Fern\u00e1ndez","description":"Toca Fern\u00e1ndez fue reconocido con el Premio Nacional Mario Pani en 1999; adem\u00e1s, fue jurado de la Bienal Iberoamericana de Arquitectura en 2006","robots":{"index":"index","follow":"follow","max-snippet":"max-snippet:-1","max-image-preview":"max-image-preview:large","max-video-preview":"max-video-preview:-1"},"canonical":"https:\/\/centrourbano.com\/revista\/arquitectura-2\/fallece-antonio-toca-fernandez\/","og_locale":"es_ES","og_type":"article","og_title":"Fallece el arquitecto y urbanista Antonio Toca Fern\u00e1ndez","og_description":"Toca Fern\u00e1ndez fue reconocido con el Premio Nacional Mario Pani en 1999; adem\u00e1s, fue jurado de la Bienal Iberoamericana de Arquitectura en 2006","og_url":"https:\/\/centrourbano.com\/revista\/arquitectura-2\/fallece-antonio-toca-fernandez\/","og_site_name":"Centro Urbano","article_publisher":"https:\/\/www.facebook.com\/portalcentrourbano","article_published_time":"2021-01-13T21:25:40+00:00","article_modified_time":"2021-01-14T16:42:36+00:00","og_image":[{"width":800,"height":440,"url":"https:\/\/centrourbano.com\/revista\/wp-content\/uploads\/Fallece-el-arquitecto-y-urbanista-Antonio-Toca-Fernandez.jpg","type":"image\/jpeg"}],"author":"Fernanda Hern\u00e1ndez","twitter_card":"summary_large_image","twitter_creator":"@https:\/\/twitter.com\/Nannz_Hernandez","twitter_site":"@CentroUrbano","twitter_misc":{"Escrito por":"Fernanda Hern\u00e1ndez","Tiempo de lectura":"2 minutos"},"schema":{"@context":"https:\/\/schema.org","@graph":[{"@type":"Article","@id":"https:\/\/centrourbano.com\/revista\/arquitectura-2\/fallece-antonio-toca-fernandez\/#article","isPartOf":{"@id":"https:\/\/centrourbano.com\/revista\/arquitectura-2\/fallece-antonio-toca-fernandez\/"},"author":{"name":"Fernanda Hern\u00e1ndez","@id":"https:\/\/centrourbano.com\/revista\/#\/schema\/person\/b190b20bbbceb41ec72278c546fa8df3"},"headline":"Fallece el arquitecto y urbanista Antonio Toca Fern\u00e1ndez","datePublished":"2021-01-13T21:25:40+00:00","dateModified":"2021-01-14T16:42:36+00:00","mainEntityOfPage":{"@id":"https:\/\/centrourbano.com\/revista\/arquitectura-2\/fallece-antonio-toca-fernandez\/"},"wordCount":379,"commentCount":0,"publisher":{"@id":"https:\/\/centrourbano.com\/revista\/#organization"},"image":{"@id":"https:\/\/centrourbano.com\/revista\/arquitectura-2\/fallece-antonio-toca-fernandez\/#primaryimage"},"thumbnailUrl":"https:\/\/centrourbano.com\/revista\/wp-content\/uploads\/Fallece-el-arquitecto-y-urbanista-Antonio-Toca-Fernandez.jpg","keywords":["Antonio Toca Fern\u00e1ndez","arquitectura","Deceso","Premio Nacional Mario Pani","Urbanismo"],"articleSection":["Arquitectura","Urbanismo"],"inLanguage":"es","potentialAction":[{"@type":"CommentAction","name":"Comment","target":["https:\/\/centrourbano.com\/revista\/arquitectura-2\/fallece-antonio-toca-fernandez\/#respond"]}]},{"@type":"WebPage","@id":"https:\/\/centrourbano.com\/revista\/arquitectura-2\/fallece-antonio-toca-fernandez\/","url":"https:\/\/centrourbano.com\/revista\/arquitectura-2\/fallece-antonio-toca-fernandez\/","name":"Fallece el arquitecto y urbanista Antonio Toca Fern\u00e1ndez","isPartOf":{"@id":"https:\/\/centrourbano.com\/revista\/#website"},"primaryImageOfPage":{"@id":"https:\/\/centrourbano.com\/revista\/arquitectura-2\/fallece-antonio-toca-fernandez\/#primaryimage"},"image":{"@id":"https:\/\/centrourbano.com\/revista\/arquitectura-2\/fallece-antonio-toca-fernandez\/#primaryimage"},"thumbnailUrl":"https:\/\/centrourbano.com\/revista\/wp-content\/uploads\/Fallece-el-arquitecto-y-urbanista-Antonio-Toca-Fernandez.jpg","datePublished":"2021-01-13T21:25:40+00:00","dateModified":"2021-01-14T16:42:36+00:00","description":"Toca Fern\u00e1ndez fue reconocido con el Premio Nacional Mario Pani en 1999; adem\u00e1s, fue jurado de la Bienal Iberoamericana de Arquitectura en 2006","breadcrumb":{"@id":"https:\/\/centrourbano.com\/revista\/arquitectura-2\/fallece-antonio-toca-fernandez\/#breadcrumb"},"inLanguage":"es","potentialAction":[{"@type":"ReadAction","target":["https:\/\/centrourbano.com\/revista\/arquitectura-2\/fallece-antonio-toca-fernandez\/"]}]},{"@type":"ImageObject","inLanguage":"es","@id":"https:\/\/centrourbano.com\/revista\/arquitectura-2\/fallece-antonio-toca-fernandez\/#primaryimage","url":"https:\/\/centrourbano.com\/revista\/wp-content\/uploads\/Fallece-el-arquitecto-y-urbanista-Antonio-Toca-Fernandez.jpg","contentUrl":"https:\/\/centrourbano.com\/revista\/wp-content\/uploads\/Fallece-el-arquitecto-y-urbanista-Antonio-Toca-Fernandez.jpg","width":800,"height":440,"caption":"Toca Fern\u00e1ndez fue reconocido con el Premio Nacional Mario Pani en 1999; adem\u00e1s, fue jurado de la Bienal Iberoamericana de Arquitectura en 2006"},{"@type":"BreadcrumbList","@id":"https:\/\/centrourbano.com\/revista\/arquitectura-2\/fallece-antonio-toca-fernandez\/#breadcrumb","itemListElement":[{"@type":"ListItem","position":1,"name":"Portada","item":"https:\/\/centrourbano.com\/revista\/"},{"@type":"ListItem","position":2,"name":"Fallece el arquitecto y urbanista Antonio Toca Fern\u00e1ndez"}]},{"@type":"WebSite","@id":"https:\/\/centrourbano.com\/revista\/#website","url":"https:\/\/centrourbano.com\/revista\/","name":"Centro Urbano","description":"Medio especializado en los sectores vivienda, inmobiliario, construcci\u00f3n, arquitectura y urbanismo.","publisher":{"@id":"https:\/\/centrourbano.com\/revista\/#organization"},"potentialAction":[{"@type":"SearchAction","target":{"@type":"EntryPoint","urlTemplate":"https:\/\/centrourbano.com\/revista\/?s={search_term_string}"},"query-input":{"@type":"PropertyValueSpecification","valueRequired":true,"valueName":"search_term_string"}}],"inLanguage":"es"},{"@type":"Organization","@id":"https:\/\/centrourbano.com\/revista\/#organization","name":"Centro Urbano","url":"https:\/\/centrourbano.com\/revista\/","logo":{"@type":"ImageObject","inLanguage":"es","@id":"https:\/\/centrourbano.com\/revista\/#\/schema\/logo\/image\/","url":"https:\/\/centrourbano.com\/revista\/wp-content\/uploads\/web_CU_logo-1.png","contentUrl":"https:\/\/centrourbano.com\/revista\/wp-content\/uploads\/web_CU_logo-1.png","width":350,"height":91,"caption":"Centro Urbano"},"image":{"@id":"https:\/\/centrourbano.com\/revista\/#\/schema\/logo\/image\/"},"sameAs":["https:\/\/www.facebook.com\/portalcentrourbano","https:\/\/x.com\/CentroUrbano","https:\/\/www.instagram.com\/centro_urbano\/","https:\/\/www.linkedin.com\/company\/centro-urbano\/","http:\/\/www.youtube.com\/user\/portalcentrourbano"]},{"@type":"Person","@id":"https:\/\/centrourbano.com\/revista\/#\/schema\/person\/b190b20bbbceb41ec72278c546fa8df3","name":"Fernanda Hern\u00e1ndez","image":{"@type":"ImageObject","inLanguage":"es","@id":"https:\/\/secure.gravatar.com\/avatar\/9471831fb0a24eae9d32d826a7cb8ef07c34a41520aca1a0ab1f5c0903ba49b9?s=96&d=mm&r=g","url":"https:\/\/secure.gravatar.com\/avatar\/9471831fb0a24eae9d32d826a7cb8ef07c34a41520aca1a0ab1f5c0903ba49b9?s=96&d=mm&r=g","contentUrl":"https:\/\/secure.gravatar.com\/avatar\/9471831fb0a24eae9d32d826a7cb8ef07c34a41520aca1a0ab1f5c0903ba49b9?s=96&d=mm&r=g","caption":"Fernanda Hern\u00e1ndez"},"description":"Reportera y redactora en Centro Urbano. Soy egresada de la licenciatura en Ciencias de la Comunicaci\u00f3n de la Facultad de Ciencias Pol\u00edticas y Sociales (UNAM). Me interesa la cultura, el urbanismo y la arquitectura. Amante del mundo digital, el cine, la m\u00fasica, la lectura y la escritura.","sameAs":["https:\/\/x.com\/https:\/\/twitter.com\/Nannz_Hernandez"],"url":"https:\/\/centrourbano.com\/revista\/author\/fernanda-hernandez\/"}]}},"_links":{"self":[{"href":"https:\/\/centrourbano.com\/revista\/wp-json\/wp\/v2\/posts\/113903","targetHints":{"allow":["GET"]}}],"collection":[{"href":"https:\/\/centrourbano.com\/revista\/wp-json\/wp\/v2\/posts"}],"about":[{"href":"https:\/\/centrourbano.com\/revista\/wp-json\/wp\/v2\/types\/post"}],"author":[{"embeddable":true,"href":"https:\/\/centrourbano.com\/revista\/wp-json\/wp\/v2\/users\/73"}],"replies":[{"embeddable":true,"href":"https:\/\/centrourbano.com\/revista\/wp-json\/wp\/v2\/comments?post=113903"}],"version-history":[{"count":2,"href":"https:\/\/centrourbano.com\/revista\/wp-json\/wp\/v2\/posts\/113903\/revisions"}],"predecessor-version":[{"id":113930,"href":"https:\/\/centrourbano.com\/revista\/wp-json\/wp\/v2\/posts\/113903\/revisions\/113930"}],"wp:featuredmedia":[{"embeddable":true,"href":"https:\/\/centrourbano.com\/revista\/wp-json\/wp\/v2\/media\/113906"}],"wp:attachment":[{"href":"https:\/\/centrourbano.com\/revista\/wp-json\/wp\/v2\/media?parent=113903"}],"wp:term":[{"taxonomy":"category","embeddable":true,"href":"https:\/\/centrourbano.com\/revista\/wp-json\/wp\/v2\/categories?post=113903"},{"taxonomy":"post_tag","embeddable":true,"href":"https:\/\/centrourbano.com\/revista\/wp-json\/wp\/v2\/tags?post=113903"}],"curies":[{"name":"wp","href":"https:\/\/api.w.org\/{rel}","templated":true}]}}