{"id":113844,"date":"2021-01-11T09:00:07","date_gmt":"2021-01-11T15:00:07","guid":{"rendered":"https:\/\/centrourbano.com\/?p=113844"},"modified":"2021-01-08T23:19:24","modified_gmt":"2021-01-09T05:19:24","slug":"vivienda-capacidad-ocho-personas","status":"publish","type":"post","link":"https:\/\/centrourbano.com\/revista\/arquitectura-2\/vivienda-capacidad-ocho-personas\/","title":{"rendered":"Dise\u00f1an vivienda de 32 m\u00b2 con capacidad para ocho personas"},"content":{"rendered":"<p><em>Este nuevo modelo de vivienda miniatura est\u00e1 construido con paneles de aislamiento estructural; y es capaz de soportar condiciones extremas de calor y fr\u00edo<\/em><!--more--><\/p>\n<p>La firma canadiense <a href=\"https:\/\/minimalistehouses.com\/\" target=\"_blank\" rel=\"noopener noreferrer\"><strong>Minimaliste<\/strong> <\/a>dio a conocer el dise\u00f1o para una versi\u00f3n actualizada de su vivienda diminuta llamada <strong><em>Charme<\/em><\/strong>; la cual ahora tiene una capacidad para albergar hasta a ocho personas.<\/p>\n<p>La <strong><em>Charme V2<\/em><\/strong> consta de un <strong>remolque de tres ejes<\/strong> de 32 metros cuadrados (m\u00b2): 10.9 m de largo y 3 de ancho; que, mediante un permiso especial, puede ser remolcada en las carreteras p\u00fablicas de Am\u00e9rica del Norte.<\/p>\n<p>Al interior de la mini vivienda se coloc\u00f3 una puerta corrediza de cristal para acceder a la <strong>estancia<\/strong>, que cuenta con un sof\u00e1 cama. De igual manera, tiene una <strong>cocina<\/strong> adyacente y espaciosa, donde se encuentra un fregadero, lavaplatos y una nevera; as\u00ed como una mesa plegable para utilizarla como <strong>comedor<\/strong>.<\/p>\n<a href=\"https:\/\/centrourbano.com\/revista\/wp-content\/uploads\/Charme-1.jpg\" target=\"_blank\" rel=\"noopener noreferrer\"><img loading=\"lazy\" decoding=\"async\" class=\"aligncenter wp-image-113846 \" src=\"https:\/\/centrourbano.com\/revista\/wp-content\/uploads\/Charme-1.jpg\" alt=\"\" width=\"700\" height=\"465\" srcset=\"https:\/\/centrourbano.com\/revista\/wp-content\/uploads\/Charme-1.jpg 1656w, https:\/\/centrourbano.com\/revista\/wp-content\/uploads\/Charme-1-300x199.jpg 300w, https:\/\/centrourbano.com\/revista\/wp-content\/uploads\/Charme-1-1000x664.jpg 1000w, https:\/\/centrourbano.com\/revista\/wp-content\/uploads\/Charme-1-768x510.jpg 768w, https:\/\/centrourbano.com\/revista\/wp-content\/uploads\/Charme-1-1536x1020.jpg 1536w\" sizes=\"auto, (max-width: 700px) 100vw, 700px\" \/><\/a>\n<p>Despu\u00e9s de la cocina se encuentra el <strong>ba\u00f1o<\/strong>, que cuenta con un inodoro con descarga de agua, un lavamanos, una ba\u00f1era y una lavadora.<\/p>\n<p>Asimismo, en la planta baja se localiza el <strong>dormitorio principal<\/strong> de esta vivienda, que tiene una superficie de 7.4 m\u00b2; y, por las dimensiones de esta habitaci\u00f3n, las personas pueden estar de pie, lo cual es una buena caracter\u00edstica de una casa peque\u00f1a. \u00c9sta contiene una cama doble que se levanta para revelar el espacio de almacenamiento.<\/p>\n<p>La <strong><em>Charme V2<\/em><\/strong> tambi\u00e9n cuenta con un <strong>dormitorio secundario<\/strong> tipo loft, al que se puede acceder por medio de una escalera extra\u00edble.<\/p>\n<p>Este nuevo modelo de vivienda est\u00e1 construido con <strong>paneles de aislamiento estructural<\/strong>; y es capaz de soportar condiciones extremas de calor y fr\u00edo. Adem\u00e1s, cuenta con <strong>aire acondicionado mini-split<\/strong>, lo que le permite estar a una temperatura agradable.<\/p>\n<a href=\"https:\/\/centrourbano.com\/revista\/wp-content\/uploads\/charme-2.jpg\" target=\"_blank\" rel=\"noopener noreferrer\"><img loading=\"lazy\" decoding=\"async\" class=\"aligncenter wp-image-113847 \" src=\"https:\/\/centrourbano.com\/revista\/wp-content\/uploads\/charme-2.jpg\" alt=\"\" width=\"700\" height=\"465\" srcset=\"https:\/\/centrourbano.com\/revista\/wp-content\/uploads\/charme-2.jpg 1280w, https:\/\/centrourbano.com\/revista\/wp-content\/uploads\/charme-2-300x199.jpg 300w, https:\/\/centrourbano.com\/revista\/wp-content\/uploads\/charme-2-1000x664.jpg 1000w, https:\/\/centrourbano.com\/revista\/wp-content\/uploads\/charme-2-768x510.jpg 768w\" sizes=\"auto, (max-width: 700px) 100vw, 700px\" \/><\/a>\n","protected":false},"excerpt":{"rendered":"<p>Este nuevo modelo de vivienda miniatura est\u00e1 construido con paneles de aislamiento estructural; y es capaz de soportar condiciones extremas de calor y fr\u00edo<\/p>\n","protected":false},"author":73,"featured_media":113845,"comment_status":"open","ping_status":"closed","sticky":false,"template":"","format":"standard","meta":{"om_disable_all_campaigns":false,"inline_featured_image":false,"_monsterinsights_skip_tracking":false,"_monsterinsights_sitenote_active":false,"_monsterinsights_sitenote_note":"","_monsterinsights_sitenote_category":0,"footnotes":""},"categories":[81,12],"tags":[20,20171,1809,20170,60],"class_list":["post-113844","post","type-post","status-publish","format-standard","has-post-thumbnail","hentry","category-arquitectura-2","category-vivienda","tag-arquitectura","tag-charme-v2","tag-diseno","tag-microcasa","tag-vivienda-2"],"yoast_head":"<!-- This site is optimized with the Yoast SEO plugin v27.4 - https:\/\/yoast.com\/product\/yoast-seo-wordpress\/ -->\n<title>Dise\u00f1an vivienda de 32 m\u00b2 con capacidad para ocho personas<\/title>\n<meta name=\"description\" content=\"Este nuevo modelo de vivienda miniatura est\u00e1 construido con paneles de aislamiento estructural; y es capaz de soportar condiciones extremas de calor y fr\u00edo\" \/>\n<meta name=\"robots\" content=\"index, follow, max-snippet:-1, max-image-preview:large, max-video-preview:-1\" \/>\n<link rel=\"canonical\" href=\"https:\/\/centrourbano.com\/revista\/arquitectura-2\/vivienda-capacidad-ocho-personas\/\" \/>\n<meta property=\"og:locale\" content=\"es_ES\" \/>\n<meta property=\"og:type\" content=\"article\" \/>\n<meta property=\"og:title\" content=\"Dise\u00f1an vivienda de 32 m\u00b2 con capacidad para ocho personas\" \/>\n<meta property=\"og:description\" content=\"Este nuevo modelo de vivienda miniatura est\u00e1 construido con paneles de aislamiento estructural; y es capaz de soportar condiciones extremas de calor y fr\u00edo\" \/>\n<meta property=\"og:url\" content=\"https:\/\/centrourbano.com\/revista\/arquitectura-2\/vivienda-capacidad-ocho-personas\/\" \/>\n<meta property=\"og:site_name\" content=\"Centro Urbano\" \/>\n<meta property=\"article:publisher\" content=\"https:\/\/www.facebook.com\/portalcentrourbano\" \/>\n<meta property=\"article:published_time\" content=\"2021-01-11T15:00:07+00:00\" \/>\n<meta property=\"og:image\" content=\"https:\/\/centrourbano.com\/revista\/wp-content\/uploads\/Disenan-vivienda-de-32-m\u00b2-con-capacidad-para-ocho-personas.jpg\" \/>\n\t<meta property=\"og:image:width\" content=\"794\" \/>\n\t<meta property=\"og:image:height\" content=\"440\" \/>\n\t<meta property=\"og:image:type\" content=\"image\/jpeg\" \/>\n<meta name=\"author\" content=\"Fernanda Hern\u00e1ndez\" \/>\n<meta name=\"twitter:card\" content=\"summary_large_image\" \/>\n<meta name=\"twitter:creator\" content=\"@https:\/\/twitter.com\/Nannz_Hernandez\" \/>\n<meta name=\"twitter:site\" content=\"@CentroUrbano\" \/>\n<meta name=\"twitter:label1\" content=\"Escrito por\" \/>\n\t<meta name=\"twitter:data1\" content=\"Fernanda Hern\u00e1ndez\" \/>\n\t<meta name=\"twitter:label2\" content=\"Tiempo de lectura\" \/>\n\t<meta name=\"twitter:data2\" content=\"1 minuto\" \/>\n<script type=\"application\/ld+json\" class=\"yoast-schema-graph\">{\"@context\":\"https:\\\/\\\/schema.org\",\"@graph\":[{\"@type\":\"Article\",\"@id\":\"https:\\\/\\\/centrourbano.com\\\/revista\\\/arquitectura-2\\\/vivienda-capacidad-ocho-personas\\\/#article\",\"isPartOf\":{\"@id\":\"https:\\\/\\\/centrourbano.com\\\/revista\\\/arquitectura-2\\\/vivienda-capacidad-ocho-personas\\\/\"},\"author\":{\"name\":\"Fernanda Hern\u00e1ndez\",\"@id\":\"https:\\\/\\\/centrourbano.com\\\/revista\\\/#\\\/schema\\\/person\\\/b190b20bbbceb41ec72278c546fa8df3\"},\"headline\":\"Dise\u00f1an vivienda de 32 m\u00b2 con capacidad para ocho personas\",\"datePublished\":\"2021-01-11T15:00:07+00:00\",\"mainEntityOfPage\":{\"@id\":\"https:\\\/\\\/centrourbano.com\\\/revista\\\/arquitectura-2\\\/vivienda-capacidad-ocho-personas\\\/\"},\"wordCount\":307,\"commentCount\":0,\"publisher\":{\"@id\":\"https:\\\/\\\/centrourbano.com\\\/revista\\\/#organization\"},\"image\":{\"@id\":\"https:\\\/\\\/centrourbano.com\\\/revista\\\/arquitectura-2\\\/vivienda-capacidad-ocho-personas\\\/#primaryimage\"},\"thumbnailUrl\":\"https:\\\/\\\/centrourbano.com\\\/revista\\\/wp-content\\\/uploads\\\/Disenan-vivienda-de-32-m\u00b2-con-capacidad-para-ocho-personas.jpg\",\"keywords\":[\"arquitectura\",\"Charme V2\",\"dise\u00f1o\",\"Microcasa\",\"vivienda\"],\"articleSection\":[\"Arquitectura\",\"Vivienda\"],\"inLanguage\":\"es\",\"potentialAction\":[{\"@type\":\"CommentAction\",\"name\":\"Comment\",\"target\":[\"https:\\\/\\\/centrourbano.com\\\/revista\\\/arquitectura-2\\\/vivienda-capacidad-ocho-personas\\\/#respond\"]}]},{\"@type\":\"WebPage\",\"@id\":\"https:\\\/\\\/centrourbano.com\\\/revista\\\/arquitectura-2\\\/vivienda-capacidad-ocho-personas\\\/\",\"url\":\"https:\\\/\\\/centrourbano.com\\\/revista\\\/arquitectura-2\\\/vivienda-capacidad-ocho-personas\\\/\",\"name\":\"Dise\u00f1an vivienda de 32 m\u00b2 con capacidad para ocho personas\",\"isPartOf\":{\"@id\":\"https:\\\/\\\/centrourbano.com\\\/revista\\\/#website\"},\"primaryImageOfPage\":{\"@id\":\"https:\\\/\\\/centrourbano.com\\\/revista\\\/arquitectura-2\\\/vivienda-capacidad-ocho-personas\\\/#primaryimage\"},\"image\":{\"@id\":\"https:\\\/\\\/centrourbano.com\\\/revista\\\/arquitectura-2\\\/vivienda-capacidad-ocho-personas\\\/#primaryimage\"},\"thumbnailUrl\":\"https:\\\/\\\/centrourbano.com\\\/revista\\\/wp-content\\\/uploads\\\/Disenan-vivienda-de-32-m\u00b2-con-capacidad-para-ocho-personas.jpg\",\"datePublished\":\"2021-01-11T15:00:07+00:00\",\"description\":\"Este nuevo modelo de vivienda miniatura est\u00e1 construido con paneles de aislamiento estructural; y es capaz de soportar condiciones extremas de calor y fr\u00edo\",\"breadcrumb\":{\"@id\":\"https:\\\/\\\/centrourbano.com\\\/revista\\\/arquitectura-2\\\/vivienda-capacidad-ocho-personas\\\/#breadcrumb\"},\"inLanguage\":\"es\",\"potentialAction\":[{\"@type\":\"ReadAction\",\"target\":[\"https:\\\/\\\/centrourbano.com\\\/revista\\\/arquitectura-2\\\/vivienda-capacidad-ocho-personas\\\/\"]}]},{\"@type\":\"ImageObject\",\"inLanguage\":\"es\",\"@id\":\"https:\\\/\\\/centrourbano.com\\\/revista\\\/arquitectura-2\\\/vivienda-capacidad-ocho-personas\\\/#primaryimage\",\"url\":\"https:\\\/\\\/centrourbano.com\\\/revista\\\/wp-content\\\/uploads\\\/Disenan-vivienda-de-32-m\u00b2-con-capacidad-para-ocho-personas.jpg\",\"contentUrl\":\"https:\\\/\\\/centrourbano.com\\\/revista\\\/wp-content\\\/uploads\\\/Disenan-vivienda-de-32-m\u00b2-con-capacidad-para-ocho-personas.jpg\",\"width\":794,\"height\":440,\"caption\":\"Este nuevo modelo de vivienda miniatura est\u00e1 construido con paneles de aislamiento estructural; y es capaz de soportar condiciones extremas de calor y fr\u00edo\"},{\"@type\":\"BreadcrumbList\",\"@id\":\"https:\\\/\\\/centrourbano.com\\\/revista\\\/arquitectura-2\\\/vivienda-capacidad-ocho-personas\\\/#breadcrumb\",\"itemListElement\":[{\"@type\":\"ListItem\",\"position\":1,\"name\":\"Portada\",\"item\":\"https:\\\/\\\/centrourbano.com\\\/revista\\\/\"},{\"@type\":\"ListItem\",\"position\":2,\"name\":\"Dise\u00f1an vivienda de 32 m\u00b2 con capacidad para ocho personas\"}]},{\"@type\":\"WebSite\",\"@id\":\"https:\\\/\\\/centrourbano.com\\\/revista\\\/#website\",\"url\":\"https:\\\/\\\/centrourbano.com\\\/revista\\\/\",\"name\":\"Centro Urbano\",\"description\":\"Medio especializado en los sectores vivienda, inmobiliario, construcci\u00f3n, arquitectura y urbanismo.\",\"publisher\":{\"@id\":\"https:\\\/\\\/centrourbano.com\\\/revista\\\/#organization\"},\"potentialAction\":[{\"@type\":\"SearchAction\",\"target\":{\"@type\":\"EntryPoint\",\"urlTemplate\":\"https:\\\/\\\/centrourbano.com\\\/revista\\\/?s={search_term_string}\"},\"query-input\":{\"@type\":\"PropertyValueSpecification\",\"valueRequired\":true,\"valueName\":\"search_term_string\"}}],\"inLanguage\":\"es\"},{\"@type\":\"Organization\",\"@id\":\"https:\\\/\\\/centrourbano.com\\\/revista\\\/#organization\",\"name\":\"Centro Urbano\",\"url\":\"https:\\\/\\\/centrourbano.com\\\/revista\\\/\",\"logo\":{\"@type\":\"ImageObject\",\"inLanguage\":\"es\",\"@id\":\"https:\\\/\\\/centrourbano.com\\\/revista\\\/#\\\/schema\\\/logo\\\/image\\\/\",\"url\":\"https:\\\/\\\/centrourbano.com\\\/revista\\\/wp-content\\\/uploads\\\/web_CU_logo-1.png\",\"contentUrl\":\"https:\\\/\\\/centrourbano.com\\\/revista\\\/wp-content\\\/uploads\\\/web_CU_logo-1.png\",\"width\":350,\"height\":91,\"caption\":\"Centro Urbano\"},\"image\":{\"@id\":\"https:\\\/\\\/centrourbano.com\\\/revista\\\/#\\\/schema\\\/logo\\\/image\\\/\"},\"sameAs\":[\"https:\\\/\\\/www.facebook.com\\\/portalcentrourbano\",\"https:\\\/\\\/x.com\\\/CentroUrbano\",\"https:\\\/\\\/www.instagram.com\\\/centro_urbano\\\/\",\"https:\\\/\\\/www.linkedin.com\\\/company\\\/centro-urbano\\\/\",\"http:\\\/\\\/www.youtube.com\\\/user\\\/portalcentrourbano\"]},{\"@type\":\"Person\",\"@id\":\"https:\\\/\\\/centrourbano.com\\\/revista\\\/#\\\/schema\\\/person\\\/b190b20bbbceb41ec72278c546fa8df3\",\"name\":\"Fernanda Hern\u00e1ndez\",\"image\":{\"@type\":\"ImageObject\",\"inLanguage\":\"es\",\"@id\":\"https:\\\/\\\/secure.gravatar.com\\\/avatar\\\/9471831fb0a24eae9d32d826a7cb8ef07c34a41520aca1a0ab1f5c0903ba49b9?s=96&d=mm&r=g\",\"url\":\"https:\\\/\\\/secure.gravatar.com\\\/avatar\\\/9471831fb0a24eae9d32d826a7cb8ef07c34a41520aca1a0ab1f5c0903ba49b9?s=96&d=mm&r=g\",\"contentUrl\":\"https:\\\/\\\/secure.gravatar.com\\\/avatar\\\/9471831fb0a24eae9d32d826a7cb8ef07c34a41520aca1a0ab1f5c0903ba49b9?s=96&d=mm&r=g\",\"caption\":\"Fernanda Hern\u00e1ndez\"},\"description\":\"Reportera y redactora en Centro Urbano. Soy egresada de la licenciatura en Ciencias de la Comunicaci\u00f3n de la Facultad de Ciencias Pol\u00edticas y Sociales (UNAM). Me interesa la cultura, el urbanismo y la arquitectura. Amante del mundo digital, el cine, la m\u00fasica, la lectura y la escritura.\",\"sameAs\":[\"https:\\\/\\\/x.com\\\/https:\\\/\\\/twitter.com\\\/Nannz_Hernandez\"],\"url\":\"https:\\\/\\\/centrourbano.com\\\/revista\\\/author\\\/fernanda-hernandez\\\/\"}]}<\/script>\n<!-- \/ Yoast SEO plugin. -->","yoast_head_json":{"title":"Dise\u00f1an vivienda de 32 m\u00b2 con capacidad para ocho personas","description":"Este nuevo modelo de vivienda miniatura est\u00e1 construido con paneles de aislamiento estructural; y es capaz de soportar condiciones extremas de calor y fr\u00edo","robots":{"index":"index","follow":"follow","max-snippet":"max-snippet:-1","max-image-preview":"max-image-preview:large","max-video-preview":"max-video-preview:-1"},"canonical":"https:\/\/centrourbano.com\/revista\/arquitectura-2\/vivienda-capacidad-ocho-personas\/","og_locale":"es_ES","og_type":"article","og_title":"Dise\u00f1an vivienda de 32 m\u00b2 con capacidad para ocho personas","og_description":"Este nuevo modelo de vivienda miniatura est\u00e1 construido con paneles de aislamiento estructural; y es capaz de soportar condiciones extremas de calor y fr\u00edo","og_url":"https:\/\/centrourbano.com\/revista\/arquitectura-2\/vivienda-capacidad-ocho-personas\/","og_site_name":"Centro Urbano","article_publisher":"https:\/\/www.facebook.com\/portalcentrourbano","article_published_time":"2021-01-11T15:00:07+00:00","og_image":[{"width":794,"height":440,"url":"https:\/\/centrourbano.com\/revista\/wp-content\/uploads\/Disenan-vivienda-de-32-m\u00b2-con-capacidad-para-ocho-personas.jpg","type":"image\/jpeg"}],"author":"Fernanda Hern\u00e1ndez","twitter_card":"summary_large_image","twitter_creator":"@https:\/\/twitter.com\/Nannz_Hernandez","twitter_site":"@CentroUrbano","twitter_misc":{"Escrito por":"Fernanda Hern\u00e1ndez","Tiempo de lectura":"1 minuto"},"schema":{"@context":"https:\/\/schema.org","@graph":[{"@type":"Article","@id":"https:\/\/centrourbano.com\/revista\/arquitectura-2\/vivienda-capacidad-ocho-personas\/#article","isPartOf":{"@id":"https:\/\/centrourbano.com\/revista\/arquitectura-2\/vivienda-capacidad-ocho-personas\/"},"author":{"name":"Fernanda Hern\u00e1ndez","@id":"https:\/\/centrourbano.com\/revista\/#\/schema\/person\/b190b20bbbceb41ec72278c546fa8df3"},"headline":"Dise\u00f1an vivienda de 32 m\u00b2 con capacidad para ocho personas","datePublished":"2021-01-11T15:00:07+00:00","mainEntityOfPage":{"@id":"https:\/\/centrourbano.com\/revista\/arquitectura-2\/vivienda-capacidad-ocho-personas\/"},"wordCount":307,"commentCount":0,"publisher":{"@id":"https:\/\/centrourbano.com\/revista\/#organization"},"image":{"@id":"https:\/\/centrourbano.com\/revista\/arquitectura-2\/vivienda-capacidad-ocho-personas\/#primaryimage"},"thumbnailUrl":"https:\/\/centrourbano.com\/revista\/wp-content\/uploads\/Disenan-vivienda-de-32-m\u00b2-con-capacidad-para-ocho-personas.jpg","keywords":["arquitectura","Charme V2","dise\u00f1o","Microcasa","vivienda"],"articleSection":["Arquitectura","Vivienda"],"inLanguage":"es","potentialAction":[{"@type":"CommentAction","name":"Comment","target":["https:\/\/centrourbano.com\/revista\/arquitectura-2\/vivienda-capacidad-ocho-personas\/#respond"]}]},{"@type":"WebPage","@id":"https:\/\/centrourbano.com\/revista\/arquitectura-2\/vivienda-capacidad-ocho-personas\/","url":"https:\/\/centrourbano.com\/revista\/arquitectura-2\/vivienda-capacidad-ocho-personas\/","name":"Dise\u00f1an vivienda de 32 m\u00b2 con capacidad para ocho personas","isPartOf":{"@id":"https:\/\/centrourbano.com\/revista\/#website"},"primaryImageOfPage":{"@id":"https:\/\/centrourbano.com\/revista\/arquitectura-2\/vivienda-capacidad-ocho-personas\/#primaryimage"},"image":{"@id":"https:\/\/centrourbano.com\/revista\/arquitectura-2\/vivienda-capacidad-ocho-personas\/#primaryimage"},"thumbnailUrl":"https:\/\/centrourbano.com\/revista\/wp-content\/uploads\/Disenan-vivienda-de-32-m\u00b2-con-capacidad-para-ocho-personas.jpg","datePublished":"2021-01-11T15:00:07+00:00","description":"Este nuevo modelo de vivienda miniatura est\u00e1 construido con paneles de aislamiento estructural; y es capaz de soportar condiciones extremas de calor y fr\u00edo","breadcrumb":{"@id":"https:\/\/centrourbano.com\/revista\/arquitectura-2\/vivienda-capacidad-ocho-personas\/#breadcrumb"},"inLanguage":"es","potentialAction":[{"@type":"ReadAction","target":["https:\/\/centrourbano.com\/revista\/arquitectura-2\/vivienda-capacidad-ocho-personas\/"]}]},{"@type":"ImageObject","inLanguage":"es","@id":"https:\/\/centrourbano.com\/revista\/arquitectura-2\/vivienda-capacidad-ocho-personas\/#primaryimage","url":"https:\/\/centrourbano.com\/revista\/wp-content\/uploads\/Disenan-vivienda-de-32-m\u00b2-con-capacidad-para-ocho-personas.jpg","contentUrl":"https:\/\/centrourbano.com\/revista\/wp-content\/uploads\/Disenan-vivienda-de-32-m\u00b2-con-capacidad-para-ocho-personas.jpg","width":794,"height":440,"caption":"Este nuevo modelo de vivienda miniatura est\u00e1 construido con paneles de aislamiento estructural; y es capaz de soportar condiciones extremas de calor y fr\u00edo"},{"@type":"BreadcrumbList","@id":"https:\/\/centrourbano.com\/revista\/arquitectura-2\/vivienda-capacidad-ocho-personas\/#breadcrumb","itemListElement":[{"@type":"ListItem","position":1,"name":"Portada","item":"https:\/\/centrourbano.com\/revista\/"},{"@type":"ListItem","position":2,"name":"Dise\u00f1an vivienda de 32 m\u00b2 con capacidad para ocho personas"}]},{"@type":"WebSite","@id":"https:\/\/centrourbano.com\/revista\/#website","url":"https:\/\/centrourbano.com\/revista\/","name":"Centro Urbano","description":"Medio especializado en los sectores vivienda, inmobiliario, construcci\u00f3n, arquitectura y urbanismo.","publisher":{"@id":"https:\/\/centrourbano.com\/revista\/#organization"},"potentialAction":[{"@type":"SearchAction","target":{"@type":"EntryPoint","urlTemplate":"https:\/\/centrourbano.com\/revista\/?s={search_term_string}"},"query-input":{"@type":"PropertyValueSpecification","valueRequired":true,"valueName":"search_term_string"}}],"inLanguage":"es"},{"@type":"Organization","@id":"https:\/\/centrourbano.com\/revista\/#organization","name":"Centro Urbano","url":"https:\/\/centrourbano.com\/revista\/","logo":{"@type":"ImageObject","inLanguage":"es","@id":"https:\/\/centrourbano.com\/revista\/#\/schema\/logo\/image\/","url":"https:\/\/centrourbano.com\/revista\/wp-content\/uploads\/web_CU_logo-1.png","contentUrl":"https:\/\/centrourbano.com\/revista\/wp-content\/uploads\/web_CU_logo-1.png","width":350,"height":91,"caption":"Centro Urbano"},"image":{"@id":"https:\/\/centrourbano.com\/revista\/#\/schema\/logo\/image\/"},"sameAs":["https:\/\/www.facebook.com\/portalcentrourbano","https:\/\/x.com\/CentroUrbano","https:\/\/www.instagram.com\/centro_urbano\/","https:\/\/www.linkedin.com\/company\/centro-urbano\/","http:\/\/www.youtube.com\/user\/portalcentrourbano"]},{"@type":"Person","@id":"https:\/\/centrourbano.com\/revista\/#\/schema\/person\/b190b20bbbceb41ec72278c546fa8df3","name":"Fernanda Hern\u00e1ndez","image":{"@type":"ImageObject","inLanguage":"es","@id":"https:\/\/secure.gravatar.com\/avatar\/9471831fb0a24eae9d32d826a7cb8ef07c34a41520aca1a0ab1f5c0903ba49b9?s=96&d=mm&r=g","url":"https:\/\/secure.gravatar.com\/avatar\/9471831fb0a24eae9d32d826a7cb8ef07c34a41520aca1a0ab1f5c0903ba49b9?s=96&d=mm&r=g","contentUrl":"https:\/\/secure.gravatar.com\/avatar\/9471831fb0a24eae9d32d826a7cb8ef07c34a41520aca1a0ab1f5c0903ba49b9?s=96&d=mm&r=g","caption":"Fernanda Hern\u00e1ndez"},"description":"Reportera y redactora en Centro Urbano. Soy egresada de la licenciatura en Ciencias de la Comunicaci\u00f3n de la Facultad de Ciencias Pol\u00edticas y Sociales (UNAM). Me interesa la cultura, el urbanismo y la arquitectura. Amante del mundo digital, el cine, la m\u00fasica, la lectura y la escritura.","sameAs":["https:\/\/x.com\/https:\/\/twitter.com\/Nannz_Hernandez"],"url":"https:\/\/centrourbano.com\/revista\/author\/fernanda-hernandez\/"}]}},"_links":{"self":[{"href":"https:\/\/centrourbano.com\/revista\/wp-json\/wp\/v2\/posts\/113844","targetHints":{"allow":["GET"]}}],"collection":[{"href":"https:\/\/centrourbano.com\/revista\/wp-json\/wp\/v2\/posts"}],"about":[{"href":"https:\/\/centrourbano.com\/revista\/wp-json\/wp\/v2\/types\/post"}],"author":[{"embeddable":true,"href":"https:\/\/centrourbano.com\/revista\/wp-json\/wp\/v2\/users\/73"}],"replies":[{"embeddable":true,"href":"https:\/\/centrourbano.com\/revista\/wp-json\/wp\/v2\/comments?post=113844"}],"version-history":[{"count":1,"href":"https:\/\/centrourbano.com\/revista\/wp-json\/wp\/v2\/posts\/113844\/revisions"}],"predecessor-version":[{"id":113848,"href":"https:\/\/centrourbano.com\/revista\/wp-json\/wp\/v2\/posts\/113844\/revisions\/113848"}],"wp:featuredmedia":[{"embeddable":true,"href":"https:\/\/centrourbano.com\/revista\/wp-json\/wp\/v2\/media\/113845"}],"wp:attachment":[{"href":"https:\/\/centrourbano.com\/revista\/wp-json\/wp\/v2\/media?parent=113844"}],"wp:term":[{"taxonomy":"category","embeddable":true,"href":"https:\/\/centrourbano.com\/revista\/wp-json\/wp\/v2\/categories?post=113844"},{"taxonomy":"post_tag","embeddable":true,"href":"https:\/\/centrourbano.com\/revista\/wp-json\/wp\/v2\/tags?post=113844"}],"curies":[{"name":"wp","href":"https:\/\/api.w.org\/{rel}","templated":true}]}}